{"id":3226,"date":"2015-06-08T07:00:11","date_gmt":"2015-06-08T05:00:11","guid":{"rendered":"http:\/\/blogg.svenskakyrkan.se\/vandravagen\/?p=3226"},"modified":"2015-06-07T23:00:37","modified_gmt":"2015-06-07T21:00:37","slug":"vara-den-jag-ar-av-margareta-melin","status":"publish","type":"post","link":"https:\/\/blogg.svenskakyrkan.se\/vandravagen\/2015\/06\/08\/vara-den-jag-ar-av-margareta-melin\/","title":{"rendered":"&#8221;Vara den jag \u00e4r&#8221; av Margareta Melin"},"content":{"rendered":"<div id=\"attachment_3227\" style=\"width: 650px\" class=\"wp-caption aligncenter\"><a href=\"http:\/\/blogg.svenskakyrkan.se\/vandravagen\/files\/2015\/06\/selfie.jpg\"><img loading=\"lazy\" decoding=\"async\" aria-describedby=\"caption-attachment-3227\" class=\"size-full wp-image-3227\" src=\"http:\/\/blogg.svenskakyrkan.se\/vandravagen\/files\/2015\/06\/selfie.jpg\" alt=\"Jag. Jag ska visst vara jag \u00e4ven om jag inte \u00e4r h\u00e4ftigare \u00e4n s\u00e5 h\u00e4r.\" width=\"640\" height=\"426\" srcset=\"https:\/\/blogg.svenskakyrkan.se\/vandravagen\/files\/2015\/06\/selfie.jpg 640w, https:\/\/blogg.svenskakyrkan.se\/vandravagen\/files\/2015\/06\/selfie-300x200.jpg 300w, https:\/\/blogg.svenskakyrkan.se\/vandravagen\/files\/2015\/06\/selfie-451x300.jpg 451w\" sizes=\"auto, (max-width: 640px) 100vw, 640px\" \/><\/a><p id=\"caption-attachment-3227\" class=\"wp-caption-text\">Jag. Jag ska visst vara jag \u00e4ven om jag inte \u00e4r h\u00e4ftigare \u00e4n s\u00e5 h\u00e4r.<\/p><\/div>\n<p>Jag har f\u00f6r mig att det var n\u00e5gon av er som ofta kommenterar h\u00e4r p\u00e5 bloggen som n\u00e4mnde Margareta Melins bok &#8221;Vara den jag \u00e4r&#8221; (en klassiker fr\u00e5n 1988) och hur mycket den betytt f\u00f6r dig? Nu har jag i alla fall sett till att l\u00e4sa den. Och jag kan inte annat \u00e4n inst\u00e4mma.<\/p>\n<div id=\"attachment_3228\" style=\"width: 650px\" class=\"wp-caption aligncenter\"><a href=\"http:\/\/blogg.svenskakyrkan.se\/vandravagen\/files\/2015\/06\/bild-2.jpg\"><img loading=\"lazy\" decoding=\"async\" aria-describedby=\"caption-attachment-3228\" class=\"size-full wp-image-3228\" src=\"http:\/\/blogg.svenskakyrkan.se\/vandravagen\/files\/2015\/06\/bild-2.jpg\" alt=\"&quot;Vara den jag \u00e4r&quot;, rekommenderad l\u00e4sning av Margareta Melin!\" width=\"640\" height=\"480\" srcset=\"https:\/\/blogg.svenskakyrkan.se\/vandravagen\/files\/2015\/06\/bild-2.jpg 640w, https:\/\/blogg.svenskakyrkan.se\/vandravagen\/files\/2015\/06\/bild-2-300x225.jpg 300w, https:\/\/blogg.svenskakyrkan.se\/vandravagen\/files\/2015\/06\/bild-2-400x300.jpg 400w\" sizes=\"auto, (max-width: 640px) 100vw, 640px\" \/><\/a><p id=\"caption-attachment-3228\" class=\"wp-caption-text\">&#8221;Vara den jag \u00e4r&#8221;, rekommenderad l\u00e4sning av Margareta Melin!<\/p><\/div>\n<p>Det h\u00e4r \u00e4r en sorts bok jag sj\u00e4lv skulle vilja (kunna) skriva. Den \u00e4r en blandning av poesi och prosa och full av visdomsord.<\/p>\n<p>Det d\u00e4r med att &#8221;vara sig sj\u00e4lv&#8221; \u00e4r n\u00f6tta ord men i Margareta Melins bok blir de v\u00e4ldigt fr\u00e4scha. H\u00e4r finns v\u00e4ldigt mycket att h\u00e4mta f\u00f6r den (och vi \u00e4r ju m\u00e5nga) som vill vara sig sj\u00e4lv men undrar hur man \u00e4r d\u00e5.<\/p>\n<p>Det handlar om att \u00e4lska sig sj\u00e4lv (sed\u00e4r, \u00e4nnu en klich\u00e9 som Melin benar ut), om att k\u00e4nna sig v\u00e4rdefull, om att f\u00e5 kontakt med sin egen vilja, om att ha en panna av sten och st\u00e5 emot andras f\u00f6rv\u00e4ntningar, en v\u00e4ldigt in utl\u00e4ggning av\u00a0<a href=\"http:\/\/blogg.svenskakyrkan.se\/vandravagen\/2015\/06\/03\/jesus-och-den-forsta-kvinnliga-studenten\/\">texten om Martha och Maria<\/a> med mera.<\/p>\n<p>F\u00e5r du tag i boken n\u00e5nstans (antikvariat kanske \u00e4r ett bra s\u00e4tt?) s\u00e5 vill jag verkligen rekommendera dig att l\u00e4sa den, l\u00e5na ut den och ge den vidare till n\u00e5gon annan. Det h\u00e4r \u00e4r en djupt klok och sj\u00e4lav\u00e5rdande bok!<\/p>\n<p>Margareta Melin har lagt upp v\u00e4ldigt mycket dikter och b\u00f6ner och annat p\u00e5 sin egen blogg\u00a0<a href=\"https:\/\/melinmargareta.wordpress.com\/\">https:\/\/melinmargareta.wordpress.com\/<\/a>\u00a0som jag ocks\u00e5 rekommenderar att du klickar vidare p\u00e5. Jag vill sluta med att dela en av hennes fantastiska dikter som ocks\u00e5 finns i boken:<\/p>\n<blockquote>\n<p><strong>JAG BORDE INTE<\/strong><\/p>\n<p>Jag borde inte<br \/>\nvilja det jag vill<br \/>\nt\u00e4nka det jag t\u00e4nker<br \/>\nk\u00e4nna det jag k\u00e4nner<br \/>\ns\u00e4ger ni.<br \/>\nOcks\u00e5 r\u00f6ster inom mig<br \/>\ns\u00e4ger detsamma.<\/p>\n<p>&nbsp;<\/p>\n<p>Vad jag har anstr\u00e4ngt mig<br \/>\natt var en annan:<br \/>\nden jag borde.<br \/>\nBort med alla borde<br \/>\nsom tar mitt liv.<\/p>\n<p>&nbsp;<\/p>\n<p>Nu vill jag m\u00f6ta<br \/>\noch l\u00e4ra k\u00e4nna mig sj\u00e4lv<br \/>\nutan att v\u00e4rdera<br \/>\nhelt enkelt l\u00e4ra k\u00e4nna<br \/>\nden m\u00e4nniska som \u00e4r jag<br \/>\noch ta henne till mig.<\/p>\n<p>&nbsp;<\/p>\n<p>Jag till\u00e5ter mig<br \/>\nvilja det jag vill<br \/>\nt\u00e4nka det jag t\u00e4nker<br \/>\nk\u00e4nna det jag k\u00e4nner.<br \/>\nDjupt i mitt vara<br \/>\nvill jag rota mig<\/p>\n<p>i den verklighet<br \/>\nsom \u00e4r mig given.<\/p>\n<p>&nbsp;<\/p>\n<p>Du \u2013 du \u00e4r den du \u00e4r.<\/p>\n<p>N\u00e4r jag \u00e4r den jag \u00e4r<br \/>\nkan jag vara dig<br \/>\nen partner, en v\u00e4n.<\/p>\n<\/blockquote>\n<p>&nbsp;<\/p>\n","protected":false},"excerpt":{"rendered":"<p>Jag har f\u00f6r mig att det var n\u00e5gon av er som ofta kommenterar h\u00e4r p\u00e5 bloggen som n\u00e4mnde Margareta Melins bok &#8221;Vara den jag \u00e4r&#8221; (en klassiker fr\u00e5n 1988) och hur mycket den betytt f\u00f6r dig? Nu har jag i alla fall sett till att l\u00e4sa den. Och jag kan inte annat \u00e4n inst\u00e4mma. Det [&hellip;]<\/p>\n","protected":false},"author":392,"featured_media":0,"comment_status":"open","ping_status":"open","sticky":false,"template":"","format":"standard","meta":{"_acf_changed":false,"footnotes":""},"categories":[8253,42374,76189,17159,117,77554],"tags":[],"class_list":["post-3226","post","type-post","status-publish","format-standard","hentry","category-bocker","category-boktips","category-dagens-kyrka","category-poesi","category-teologi","category-vara-manniska"],"acf":[],"yoast_head":"<!-- This site is optimized with the Yoast SEO plugin v27.1.1 - https:\/\/yoast.com\/product\/yoast-seo-wordpress\/ -->\n<title>&quot;Vara den jag \u00e4r&quot; av Margareta Melin - Vandra V\u00e4gen<\/title>\n<meta name=\"robots\" content=\"index, follow, max-snippet:-1, max-image-preview:large, max-video-preview:-1\" \/>\n<link rel=\"canonical\" href=\"https:\/\/blogg.svenskakyrkan.se\/vandravagen\/2015\/06\/08\/vara-den-jag-ar-av-margareta-melin\/\" \/>\n<meta property=\"og:locale\" content=\"sv_SE\" \/>\n<meta property=\"og:type\" content=\"article\" \/>\n<meta property=\"og:title\" content=\"&quot;Vara den jag \u00e4r&quot; av Margareta Melin - Vandra V\u00e4gen\" \/>\n<meta property=\"og:description\" content=\"Jag har f\u00f6r mig att det var n\u00e5gon av er som ofta kommenterar h\u00e4r p\u00e5 bloggen som n\u00e4mnde Margareta Melins bok &#8221;Vara den jag \u00e4r&#8221; (en klassiker fr\u00e5n 1988) och hur mycket den betytt f\u00f6r dig? Nu har jag i alla fall sett till att l\u00e4sa den. Och jag kan inte annat \u00e4n inst\u00e4mma. Det [&hellip;]\" \/>\n<meta property=\"og:url\" content=\"https:\/\/blogg.svenskakyrkan.se\/vandravagen\/2015\/06\/08\/vara-den-jag-ar-av-margareta-melin\/\" \/>\n<meta property=\"og:site_name\" content=\"Vandra V\u00e4gen\" \/>\n<meta property=\"article:publisher\" content=\"http:\/\/facebook.com\/vandravagen\" \/>\n<meta property=\"article:published_time\" content=\"2015-06-08T05:00:11+00:00\" \/>\n<meta property=\"og:image\" content=\"http:\/\/blogg.svenskakyrkan.se\/vandravagen\/files\/2015\/06\/selfie.jpg\" \/>\n<meta name=\"author\" content=\"Tomas Jarvid\" \/>\n<meta name=\"twitter:card\" content=\"summary_large_image\" \/>\n<meta name=\"twitter:creator\" content=\"@fadertomas\" \/>\n<meta name=\"twitter:site\" content=\"@fadertomas\" \/>\n<meta name=\"twitter:label1\" content=\"Skriven av\" \/>\n\t<meta name=\"twitter:data1\" content=\"Tomas Jarvid\" \/>\n\t<meta name=\"twitter:label2\" content=\"Ber\u00e4knad l\u00e4stid\" \/>\n\t<meta name=\"twitter:data2\" content=\"2 minuter\" \/>\n<script type=\"application\/ld+json\" class=\"yoast-schema-graph\">{\"@context\":\"https:\/\/schema.org\",\"@graph\":[{\"@type\":\"Article\",\"@id\":\"https:\/\/blogg.svenskakyrkan.se\/vandravagen\/2015\/06\/08\/vara-den-jag-ar-av-margareta-melin\/#article\",\"isPartOf\":{\"@id\":\"https:\/\/blogg.svenskakyrkan.se\/vandravagen\/2015\/06\/08\/vara-den-jag-ar-av-margareta-melin\/\"},\"author\":{\"name\":\"Tomas Jarvid\",\"@id\":\"https:\/\/blogg.svenskakyrkan.se\/vandravagen\/#\/schema\/person\/25da02d4f76b137d04291711e2c9fc16\"},\"headline\":\"&#8221;Vara den jag \u00e4r&#8221; av Margareta Melin\",\"datePublished\":\"2015-06-08T05:00:11+00:00\",\"mainEntityOfPage\":{\"@id\":\"https:\/\/blogg.svenskakyrkan.se\/vandravagen\/2015\/06\/08\/vara-den-jag-ar-av-margareta-melin\/\"},\"wordCount\":495,\"commentCount\":8,\"publisher\":{\"@id\":\"https:\/\/blogg.svenskakyrkan.se\/vandravagen\/#organization\"},\"image\":{\"@id\":\"https:\/\/blogg.svenskakyrkan.se\/vandravagen\/2015\/06\/08\/vara-den-jag-ar-av-margareta-melin\/#primaryimage\"},\"thumbnailUrl\":\"http:\/\/blogg.svenskakyrkan.se\/vandravagen\/files\/2015\/06\/selfie.jpg\",\"articleSection\":[\"b\u00f6cker\",\"boktips\",\"Dagens Kyrka\",\"poesi\",\"Teologi\",\"vara m\u00e4nniska\"],\"inLanguage\":\"sv-SE\",\"potentialAction\":[{\"@type\":\"CommentAction\",\"name\":\"Comment\",\"target\":[\"https:\/\/blogg.svenskakyrkan.se\/vandravagen\/2015\/06\/08\/vara-den-jag-ar-av-margareta-melin\/#respond\"]}]},{\"@type\":\"WebPage\",\"@id\":\"https:\/\/blogg.svenskakyrkan.se\/vandravagen\/2015\/06\/08\/vara-den-jag-ar-av-margareta-melin\/\",\"url\":\"https:\/\/blogg.svenskakyrkan.se\/vandravagen\/2015\/06\/08\/vara-den-jag-ar-av-margareta-melin\/\",\"name\":\"\\\"Vara den jag \u00e4r\\\" av Margareta Melin - Vandra V\u00e4gen\",\"isPartOf\":{\"@id\":\"https:\/\/blogg.svenskakyrkan.se\/vandravagen\/#website\"},\"primaryImageOfPage\":{\"@id\":\"https:\/\/blogg.svenskakyrkan.se\/vandravagen\/2015\/06\/08\/vara-den-jag-ar-av-margareta-melin\/#primaryimage\"},\"image\":{\"@id\":\"https:\/\/blogg.svenskakyrkan.se\/vandravagen\/2015\/06\/08\/vara-den-jag-ar-av-margareta-melin\/#primaryimage\"},\"thumbnailUrl\":\"http:\/\/blogg.svenskakyrkan.se\/vandravagen\/files\/2015\/06\/selfie.jpg\",\"datePublished\":\"2015-06-08T05:00:11+00:00\",\"breadcrumb\":{\"@id\":\"https:\/\/blogg.svenskakyrkan.se\/vandravagen\/2015\/06\/08\/vara-den-jag-ar-av-margareta-melin\/#breadcrumb\"},\"inLanguage\":\"sv-SE\",\"potentialAction\":[{\"@type\":\"ReadAction\",\"target\":[\"https:\/\/blogg.svenskakyrkan.se\/vandravagen\/2015\/06\/08\/vara-den-jag-ar-av-margareta-melin\/\"]}]},{\"@type\":\"ImageObject\",\"inLanguage\":\"sv-SE\",\"@id\":\"https:\/\/blogg.svenskakyrkan.se\/vandravagen\/2015\/06\/08\/vara-den-jag-ar-av-margareta-melin\/#primaryimage\",\"url\":\"http:\/\/blogg.svenskakyrkan.se\/vandravagen\/files\/2015\/06\/selfie.jpg\",\"contentUrl\":\"http:\/\/blogg.svenskakyrkan.se\/vandravagen\/files\/2015\/06\/selfie.jpg\"},{\"@type\":\"BreadcrumbList\",\"@id\":\"https:\/\/blogg.svenskakyrkan.se\/vandravagen\/2015\/06\/08\/vara-den-jag-ar-av-margareta-melin\/#breadcrumb\",\"itemListElement\":[{\"@type\":\"ListItem\",\"position\":1,\"name\":\"Hem\",\"item\":\"https:\/\/blogg.svenskakyrkan.se\/vandravagen\/\"},{\"@type\":\"ListItem\",\"position\":2,\"name\":\"&#8221;Vara den jag \u00e4r&#8221; av Margareta Melin\"}]},{\"@type\":\"WebSite\",\"@id\":\"https:\/\/blogg.svenskakyrkan.se\/vandravagen\/#website\",\"url\":\"https:\/\/blogg.svenskakyrkan.se\/vandravagen\/\",\"name\":\"Vandra V\u00e4gen\",\"description\":\"-Mot en tro f\u00f6r hela livet\",\"publisher\":{\"@id\":\"https:\/\/blogg.svenskakyrkan.se\/vandravagen\/#organization\"},\"potentialAction\":[{\"@type\":\"SearchAction\",\"target\":{\"@type\":\"EntryPoint\",\"urlTemplate\":\"https:\/\/blogg.svenskakyrkan.se\/vandravagen\/?s={search_term_string}\"},\"query-input\":{\"@type\":\"PropertyValueSpecification\",\"valueRequired\":true,\"valueName\":\"search_term_string\"}}],\"inLanguage\":\"sv-SE\"},{\"@type\":\"Organization\",\"@id\":\"https:\/\/blogg.svenskakyrkan.se\/vandravagen\/#organization\",\"name\":\"ulricehamns pastorat\",\"alternateName\":\"ulricehamns pastorat\",\"url\":\"https:\/\/blogg.svenskakyrkan.se\/vandravagen\/\",\"logo\":{\"@type\":\"ImageObject\",\"inLanguage\":\"sv-SE\",\"@id\":\"https:\/\/blogg.svenskakyrkan.se\/vandravagen\/#\/schema\/logo\/image\/\",\"url\":\"https:\/\/blogg.svenskakyrkan.se\/vandravagen\/files\/2023\/05\/Ulr_logo_RGB.png\",\"contentUrl\":\"https:\/\/blogg.svenskakyrkan.se\/vandravagen\/files\/2023\/05\/Ulr_logo_RGB.png\",\"width\":205,\"height\":77,\"caption\":\"ulricehamns pastorat\"},\"image\":{\"@id\":\"https:\/\/blogg.svenskakyrkan.se\/vandravagen\/#\/schema\/logo\/image\/\"},\"sameAs\":[\"http:\/\/facebook.com\/vandravagen\",\"https:\/\/x.com\/fadertomas\",\"http:\/\/www.facebook.com\/svenskakyrkaniulricehamn\"]},{\"@type\":\"Person\",\"@id\":\"https:\/\/blogg.svenskakyrkan.se\/vandravagen\/#\/schema\/person\/25da02d4f76b137d04291711e2c9fc16\",\"name\":\"Tomas Jarvid\",\"image\":{\"@type\":\"ImageObject\",\"inLanguage\":\"sv-SE\",\"@id\":\"https:\/\/blogg.svenskakyrkan.se\/vandravagen\/#\/schema\/person\/image\/\",\"url\":\"https:\/\/secure.gravatar.com\/avatar\/7fa71899795e8f540f615a1f5ab25255dc27aa40f05ee7ddd21aac521e01bf50?s=96&d=identicon&r=g\",\"contentUrl\":\"https:\/\/secure.gravatar.com\/avatar\/7fa71899795e8f540f615a1f5ab25255dc27aa40f05ee7ddd21aac521e01bf50?s=96&d=identicon&r=g\",\"caption\":\"Tomas Jarvid\"},\"description\":\"Jag bor i Ulricehamn i V\u00e4sterg\u00f6tland och \u00e4r f\u00f6rsamlingspr\u00e4st i Svenska Kyrkan f\u00f6r Dalstorps f\u00f6rsamling i Kinds pastorat. P\u00e5 den h\u00e4r bloggen skriver jag ner tankar om vandringen som kristen.\",\"sameAs\":[\"http:\/\/www.vandravagen.se\"],\"url\":\"https:\/\/blogg.svenskakyrkan.se\/vandravagen\/author\/vandravagen\/\"}]}<\/script>\n<!-- \/ Yoast SEO plugin. -->","yoast_head_json":{"title":"\"Vara den jag \u00e4r\" av Margareta Melin - Vandra V\u00e4gen","robots":{"index":"index","follow":"follow","max-snippet":"max-snippet:-1","max-image-preview":"max-image-preview:large","max-video-preview":"max-video-preview:-1"},"canonical":"https:\/\/blogg.svenskakyrkan.se\/vandravagen\/2015\/06\/08\/vara-den-jag-ar-av-margareta-melin\/","og_locale":"sv_SE","og_type":"article","og_title":"\"Vara den jag \u00e4r\" av Margareta Melin - Vandra V\u00e4gen","og_description":"Jag har f\u00f6r mig att det var n\u00e5gon av er som ofta kommenterar h\u00e4r p\u00e5 bloggen som n\u00e4mnde Margareta Melins bok &#8221;Vara den jag \u00e4r&#8221; (en klassiker fr\u00e5n 1988) och hur mycket den betytt f\u00f6r dig? Nu har jag i alla fall sett till att l\u00e4sa den. Och jag kan inte annat \u00e4n inst\u00e4mma. Det [&hellip;]","og_url":"https:\/\/blogg.svenskakyrkan.se\/vandravagen\/2015\/06\/08\/vara-den-jag-ar-av-margareta-melin\/","og_site_name":"Vandra V\u00e4gen","article_publisher":"http:\/\/facebook.com\/vandravagen","article_published_time":"2015-06-08T05:00:11+00:00","og_image":[{"url":"http:\/\/blogg.svenskakyrkan.se\/vandravagen\/files\/2015\/06\/selfie.jpg","type":"","width":"","height":""}],"author":"Tomas Jarvid","twitter_card":"summary_large_image","twitter_creator":"@fadertomas","twitter_site":"@fadertomas","twitter_misc":{"Skriven av":"Tomas Jarvid","Ber\u00e4knad l\u00e4stid":"2 minuter"},"schema":{"@context":"https:\/\/schema.org","@graph":[{"@type":"Article","@id":"https:\/\/blogg.svenskakyrkan.se\/vandravagen\/2015\/06\/08\/vara-den-jag-ar-av-margareta-melin\/#article","isPartOf":{"@id":"https:\/\/blogg.svenskakyrkan.se\/vandravagen\/2015\/06\/08\/vara-den-jag-ar-av-margareta-melin\/"},"author":{"name":"Tomas Jarvid","@id":"https:\/\/blogg.svenskakyrkan.se\/vandravagen\/#\/schema\/person\/25da02d4f76b137d04291711e2c9fc16"},"headline":"&#8221;Vara den jag \u00e4r&#8221; av Margareta Melin","datePublished":"2015-06-08T05:00:11+00:00","mainEntityOfPage":{"@id":"https:\/\/blogg.svenskakyrkan.se\/vandravagen\/2015\/06\/08\/vara-den-jag-ar-av-margareta-melin\/"},"wordCount":495,"commentCount":8,"publisher":{"@id":"https:\/\/blogg.svenskakyrkan.se\/vandravagen\/#organization"},"image":{"@id":"https:\/\/blogg.svenskakyrkan.se\/vandravagen\/2015\/06\/08\/vara-den-jag-ar-av-margareta-melin\/#primaryimage"},"thumbnailUrl":"http:\/\/blogg.svenskakyrkan.se\/vandravagen\/files\/2015\/06\/selfie.jpg","articleSection":["b\u00f6cker","boktips","Dagens Kyrka","poesi","Teologi","vara m\u00e4nniska"],"inLanguage":"sv-SE","potentialAction":[{"@type":"CommentAction","name":"Comment","target":["https:\/\/blogg.svenskakyrkan.se\/vandravagen\/2015\/06\/08\/vara-den-jag-ar-av-margareta-melin\/#respond"]}]},{"@type":"WebPage","@id":"https:\/\/blogg.svenskakyrkan.se\/vandravagen\/2015\/06\/08\/vara-den-jag-ar-av-margareta-melin\/","url":"https:\/\/blogg.svenskakyrkan.se\/vandravagen\/2015\/06\/08\/vara-den-jag-ar-av-margareta-melin\/","name":"\"Vara den jag \u00e4r\" av Margareta Melin - Vandra V\u00e4gen","isPartOf":{"@id":"https:\/\/blogg.svenskakyrkan.se\/vandravagen\/#website"},"primaryImageOfPage":{"@id":"https:\/\/blogg.svenskakyrkan.se\/vandravagen\/2015\/06\/08\/vara-den-jag-ar-av-margareta-melin\/#primaryimage"},"image":{"@id":"https:\/\/blogg.svenskakyrkan.se\/vandravagen\/2015\/06\/08\/vara-den-jag-ar-av-margareta-melin\/#primaryimage"},"thumbnailUrl":"http:\/\/blogg.svenskakyrkan.se\/vandravagen\/files\/2015\/06\/selfie.jpg","datePublished":"2015-06-08T05:00:11+00:00","breadcrumb":{"@id":"https:\/\/blogg.svenskakyrkan.se\/vandravagen\/2015\/06\/08\/vara-den-jag-ar-av-margareta-melin\/#breadcrumb"},"inLanguage":"sv-SE","potentialAction":[{"@type":"ReadAction","target":["https:\/\/blogg.svenskakyrkan.se\/vandravagen\/2015\/06\/08\/vara-den-jag-ar-av-margareta-melin\/"]}]},{"@type":"ImageObject","inLanguage":"sv-SE","@id":"https:\/\/blogg.svenskakyrkan.se\/vandravagen\/2015\/06\/08\/vara-den-jag-ar-av-margareta-melin\/#primaryimage","url":"http:\/\/blogg.svenskakyrkan.se\/vandravagen\/files\/2015\/06\/selfie.jpg","contentUrl":"http:\/\/blogg.svenskakyrkan.se\/vandravagen\/files\/2015\/06\/selfie.jpg"},{"@type":"BreadcrumbList","@id":"https:\/\/blogg.svenskakyrkan.se\/vandravagen\/2015\/06\/08\/vara-den-jag-ar-av-margareta-melin\/#breadcrumb","itemListElement":[{"@type":"ListItem","position":1,"name":"Hem","item":"https:\/\/blogg.svenskakyrkan.se\/vandravagen\/"},{"@type":"ListItem","position":2,"name":"&#8221;Vara den jag \u00e4r&#8221; av Margareta Melin"}]},{"@type":"WebSite","@id":"https:\/\/blogg.svenskakyrkan.se\/vandravagen\/#website","url":"https:\/\/blogg.svenskakyrkan.se\/vandravagen\/","name":"Vandra V\u00e4gen","description":"-Mot en tro f\u00f6r hela livet","publisher":{"@id":"https:\/\/blogg.svenskakyrkan.se\/vandravagen\/#organization"},"potentialAction":[{"@type":"SearchAction","target":{"@type":"EntryPoint","urlTemplate":"https:\/\/blogg.svenskakyrkan.se\/vandravagen\/?s={search_term_string}"},"query-input":{"@type":"PropertyValueSpecification","valueRequired":true,"valueName":"search_term_string"}}],"inLanguage":"sv-SE"},{"@type":"Organization","@id":"https:\/\/blogg.svenskakyrkan.se\/vandravagen\/#organization","name":"ulricehamns pastorat","alternateName":"ulricehamns pastorat","url":"https:\/\/blogg.svenskakyrkan.se\/vandravagen\/","logo":{"@type":"ImageObject","inLanguage":"sv-SE","@id":"https:\/\/blogg.svenskakyrkan.se\/vandravagen\/#\/schema\/logo\/image\/","url":"https:\/\/blogg.svenskakyrkan.se\/vandravagen\/files\/2023\/05\/Ulr_logo_RGB.png","contentUrl":"https:\/\/blogg.svenskakyrkan.se\/vandravagen\/files\/2023\/05\/Ulr_logo_RGB.png","width":205,"height":77,"caption":"ulricehamns pastorat"},"image":{"@id":"https:\/\/blogg.svenskakyrkan.se\/vandravagen\/#\/schema\/logo\/image\/"},"sameAs":["http:\/\/facebook.com\/vandravagen","https:\/\/x.com\/fadertomas","http:\/\/www.facebook.com\/svenskakyrkaniulricehamn"]},{"@type":"Person","@id":"https:\/\/blogg.svenskakyrkan.se\/vandravagen\/#\/schema\/person\/25da02d4f76b137d04291711e2c9fc16","name":"Tomas Jarvid","image":{"@type":"ImageObject","inLanguage":"sv-SE","@id":"https:\/\/blogg.svenskakyrkan.se\/vandravagen\/#\/schema\/person\/image\/","url":"https:\/\/secure.gravatar.com\/avatar\/7fa71899795e8f540f615a1f5ab25255dc27aa40f05ee7ddd21aac521e01bf50?s=96&d=identicon&r=g","contentUrl":"https:\/\/secure.gravatar.com\/avatar\/7fa71899795e8f540f615a1f5ab25255dc27aa40f05ee7ddd21aac521e01bf50?s=96&d=identicon&r=g","caption":"Tomas Jarvid"},"description":"Jag bor i Ulricehamn i V\u00e4sterg\u00f6tland och \u00e4r f\u00f6rsamlingspr\u00e4st i Svenska Kyrkan f\u00f6r Dalstorps f\u00f6rsamling i Kinds pastorat. P\u00e5 den h\u00e4r bloggen skriver jag ner tankar om vandringen som kristen.","sameAs":["http:\/\/www.vandravagen.se"],"url":"https:\/\/blogg.svenskakyrkan.se\/vandravagen\/author\/vandravagen\/"}]}},"author_meta":{"ID":"392","user_nicename":"vandravagen","user_url":"http:\/\/www.vandravagen.se","user_registered":"2014-05-19 05:44:52","display_name":"Tomas Jarvid","first_name":"Tomas","last_name":"Jarvid","avatar":"https:\/\/secure.gravatar.com\/avatar\/7fa71899795e8f540f615a1f5ab25255dc27aa40f05ee7ddd21aac521e01bf50?s=96&d=identicon&r=g"},"featured_image":false,"bloginfo":{"name":"Vandra V\u00e4gen","url":"https:\/\/blogg.svenskakyrkan.se\/vandravagen"},"_links":{"self":[{"href":"https:\/\/blogg.svenskakyrkan.se\/vandravagen\/wp-json\/wp\/v2\/posts\/3226","targetHints":{"allow":["GET"]}}],"collection":[{"href":"https:\/\/blogg.svenskakyrkan.se\/vandravagen\/wp-json\/wp\/v2\/posts"}],"about":[{"href":"https:\/\/blogg.svenskakyrkan.se\/vandravagen\/wp-json\/wp\/v2\/types\/post"}],"author":[{"embeddable":true,"href":"https:\/\/blogg.svenskakyrkan.se\/vandravagen\/wp-json\/wp\/v2\/users\/392"}],"replies":[{"embeddable":true,"href":"https:\/\/blogg.svenskakyrkan.se\/vandravagen\/wp-json\/wp\/v2\/comments?post=3226"}],"version-history":[{"count":1,"href":"https:\/\/blogg.svenskakyrkan.se\/vandravagen\/wp-json\/wp\/v2\/posts\/3226\/revisions"}],"predecessor-version":[{"id":3229,"href":"https:\/\/blogg.svenskakyrkan.se\/vandravagen\/wp-json\/wp\/v2\/posts\/3226\/revisions\/3229"}],"wp:attachment":[{"href":"https:\/\/blogg.svenskakyrkan.se\/vandravagen\/wp-json\/wp\/v2\/media?parent=3226"}],"wp:term":[{"taxonomy":"category","embeddable":true,"href":"https:\/\/blogg.svenskakyrkan.se\/vandravagen\/wp-json\/wp\/v2\/categories?post=3226"},{"taxonomy":"post_tag","embeddable":true,"href":"https:\/\/blogg.svenskakyrkan.se\/vandravagen\/wp-json\/wp\/v2\/tags?post=3226"}],"curies":[{"name":"wp","href":"https:\/\/api.w.org\/{rel}","templated":true}]}}