{"id":323,"date":"2013-10-08T08:31:00","date_gmt":"2013-10-08T06:31:00","guid":{"rendered":"http:\/\/blogg.svenskakyrkan.se\/vandravagen\/2013\/10\/08\/om-att-prova-allt-ett-minibibelstudium\/"},"modified":"2013-10-08T08:31:00","modified_gmt":"2013-10-08T06:31:00","slug":"om-att-prova-allt-ett-minibibelstudium","status":"publish","type":"post","link":"https:\/\/blogg.svenskakyrkan.se\/vandravagen\/2013\/10\/08\/om-att-prova-allt-ett-minibibelstudium\/","title":{"rendered":"Om att &quot;pr\u00f6va allt&quot;, ett minibibelstudium"},"content":{"rendered":"<table align=\"center\" cellpadding=\"0\" cellspacing=\"0\">\n<tbody>\n<tr>\n<td><a href=\"http:\/\/4.bp.blogspot.com\/-v0jbigmrTgs\/UlOmknvS1wI\/AAAAAAAAFmY\/qb1Y0XA7JBU\/s1600\/IMG_3877.JPG\"><img loading=\"lazy\" decoding=\"async\" border=\"0\" height=\"640\" src=\"http:\/\/4.bp.blogspot.com\/-v0jbigmrTgs\/UlOmknvS1wI\/AAAAAAAAFmY\/qb1Y0XA7JBU\/s640\/IMG_3877.JPG\" width=\"456\"><\/a><\/td>\n<\/tr>\n<tr>\n<td>Det \u00e4r v\u00e4l inte detta som menas med att pr\u00f6va allt?<\/td>\n<\/tr>\n<\/tbody>\n<\/table>\n<div><\/div>\n<div><\/div>\n<div>Kanske har du, som jag sett det h\u00e4r bibelordet mer \u00e4n en g\u00e5ng?<\/div>\n<div><\/div>\n<blockquote>\n<p>Var alltid glada, be st\u00e4ndigt och tacka hela tiden Gud. G\u00f6r s\u00e5, det \u00e4r Guds vilja i Kristus Jesus. Sl\u00e4ck inte anden, f\u00f6rakta inga profetior men pr\u00f6va allt. Ta vara p\u00e5 det som \u00e4r bra, och avh\u00e5ll er fr\u00e5n allt slags ont.\u00a01 Thess 5:16-22\u00a0<\/p>\n<\/blockquote>\n<div><\/div>\n<div>F\u00f6rutom det d\u00e4r luriga med att alltid vara glad och alltid be (det t\u00e4nker jag inte skriva n\u00e5got om nu idag) s\u00e5 finns ocks\u00e5 orden om att &#8221;pr\u00f6va allt och ta vara p\u00e5 det som \u00e4r bra&#8221;. De orden h\u00f6r man allt emellan\u00e5t citeras (och jag har gjort det sj\u00e4lv) som ett allm\u00e4nt f\u00f6rh\u00e5llningss\u00e4tt till tillvaron d\u00e4r man kan prova p\u00e5 allt och sedan bed\u00f6ma om det var bra eller inte. Problemet \u00e4r att det knappast \u00e4r det det verkligen st\u00e5r i texten.<\/div>\n<div><\/div>\n<div>Tittar man n\u00e4rmare p\u00e5 orden s\u00e5 kommer det d\u00e4r med att pr\u00f6va allt i samband med att inte &#8221;sl\u00e4cka anden&#8221; eller f\u00f6rakta profetior. Det \u00e4r profetiorna och andarna som ska pr\u00f6vas, det \u00e4r den rimligaste tolkningen.<\/div>\n<div><\/div>\n<div>Vad betyder d\u00e5 det? Jo, att ta Guds verkliga handlande i v\u00e5r omgivning p\u00e5 allvar och lita p\u00e5 att Gud faktiskt verkar p\u00e5 de mest ov\u00e4ntade s\u00e4tt ocks\u00e5 idag. Samtidigt m\u00e5ste v\u00e5rt sunda f\u00f6rnuft f\u00e5 vara med s\u00e5 att vi kritiskt ifr\u00e5gas\u00e4tter det som inte verkar vara rimligt eller sunt \u00e4ven om det vid f\u00f6rsta anblicken verkar vara Guds verk.\u00a0<\/div>\n<div><\/div>\n<div>S\u00e5 s\u00e4ger jag om detta bibelord, vad s\u00e4ger du?<\/div>\n","protected":false},"excerpt":{"rendered":"<p>Det \u00e4r v\u00e4l inte detta som menas med att pr\u00f6va allt? Kanske har du, som jag sett det h\u00e4r bibelordet mer \u00e4n en g\u00e5ng? Var alltid glada, be st\u00e4ndigt och tacka hela tiden Gud. G\u00f6r s\u00e5, det \u00e4r Guds vilja i Kristus Jesus. Sl\u00e4ck inte anden, f\u00f6rakta inga profetior men pr\u00f6va allt. Ta vara p\u00e5 [&hellip;]<\/p>\n","protected":false},"author":392,"featured_media":0,"comment_status":"open","ping_status":"open","sticky":false,"template":"","format":"standard","meta":{"_acf_changed":false,"footnotes":""},"categories":[14252,8298,76189,117],"tags":[],"class_list":["post-323","post","type-post","status-publish","format-standard","hentry","category-bibel","category-bibeln","category-dagens-kyrka","category-teologi"],"acf":[],"yoast_head":"<!-- This site is optimized with the Yoast SEO plugin v27.1.1 - https:\/\/yoast.com\/product\/yoast-seo-wordpress\/ -->\n<title>Om att &quot;pr\u00f6va allt&quot;, ett minibibelstudium - Vandra V\u00e4gen<\/title>\n<meta name=\"robots\" content=\"index, follow, max-snippet:-1, max-image-preview:large, max-video-preview:-1\" \/>\n<link rel=\"canonical\" href=\"https:\/\/blogg.svenskakyrkan.se\/vandravagen\/2013\/10\/08\/om-att-prova-allt-ett-minibibelstudium\/\" \/>\n<meta property=\"og:locale\" content=\"sv_SE\" \/>\n<meta property=\"og:type\" content=\"article\" \/>\n<meta property=\"og:title\" content=\"Om att &quot;pr\u00f6va allt&quot;, ett minibibelstudium - Vandra V\u00e4gen\" \/>\n<meta property=\"og:description\" content=\"Det \u00e4r v\u00e4l inte detta som menas med att pr\u00f6va allt? Kanske har du, som jag sett det h\u00e4r bibelordet mer \u00e4n en g\u00e5ng? Var alltid glada, be st\u00e4ndigt och tacka hela tiden Gud. G\u00f6r s\u00e5, det \u00e4r Guds vilja i Kristus Jesus. Sl\u00e4ck inte anden, f\u00f6rakta inga profetior men pr\u00f6va allt. Ta vara p\u00e5 [&hellip;]\" \/>\n<meta property=\"og:url\" content=\"https:\/\/blogg.svenskakyrkan.se\/vandravagen\/2013\/10\/08\/om-att-prova-allt-ett-minibibelstudium\/\" \/>\n<meta property=\"og:site_name\" content=\"Vandra V\u00e4gen\" \/>\n<meta property=\"article:publisher\" content=\"http:\/\/facebook.com\/vandravagen\" \/>\n<meta property=\"article:published_time\" content=\"2013-10-08T06:31:00+00:00\" \/>\n<meta property=\"og:image\" content=\"http:\/\/4.bp.blogspot.com\/-v0jbigmrTgs\/UlOmknvS1wI\/AAAAAAAAFmY\/qb1Y0XA7JBU\/s640\/IMG_3877.JPG\" \/>\n<meta name=\"author\" content=\"Tomas Jarvid\" \/>\n<meta name=\"twitter:card\" content=\"summary_large_image\" \/>\n<meta name=\"twitter:creator\" content=\"@fadertomas\" \/>\n<meta name=\"twitter:site\" content=\"@fadertomas\" \/>\n<meta name=\"twitter:label1\" content=\"Skriven av\" \/>\n\t<meta name=\"twitter:data1\" content=\"Tomas Jarvid\" \/>\n\t<meta name=\"twitter:label2\" content=\"Ber\u00e4knad l\u00e4stid\" \/>\n\t<meta name=\"twitter:data2\" content=\"1 minut\" \/>\n<script type=\"application\/ld+json\" class=\"yoast-schema-graph\">{\"@context\":\"https:\/\/schema.org\",\"@graph\":[{\"@type\":\"Article\",\"@id\":\"https:\/\/blogg.svenskakyrkan.se\/vandravagen\/2013\/10\/08\/om-att-prova-allt-ett-minibibelstudium\/#article\",\"isPartOf\":{\"@id\":\"https:\/\/blogg.svenskakyrkan.se\/vandravagen\/2013\/10\/08\/om-att-prova-allt-ett-minibibelstudium\/\"},\"author\":{\"name\":\"Tomas Jarvid\",\"@id\":\"https:\/\/blogg.svenskakyrkan.se\/vandravagen\/#\/schema\/person\/25da02d4f76b137d04291711e2c9fc16\"},\"headline\":\"Om att &quot;pr\u00f6va allt&quot;, ett minibibelstudium\",\"datePublished\":\"2013-10-08T06:31:00+00:00\",\"mainEntityOfPage\":{\"@id\":\"https:\/\/blogg.svenskakyrkan.se\/vandravagen\/2013\/10\/08\/om-att-prova-allt-ett-minibibelstudium\/\"},\"wordCount\":308,\"commentCount\":0,\"publisher\":{\"@id\":\"https:\/\/blogg.svenskakyrkan.se\/vandravagen\/#organization\"},\"image\":{\"@id\":\"https:\/\/blogg.svenskakyrkan.se\/vandravagen\/2013\/10\/08\/om-att-prova-allt-ett-minibibelstudium\/#primaryimage\"},\"thumbnailUrl\":\"http:\/\/4.bp.blogspot.com\/-v0jbigmrTgs\/UlOmknvS1wI\/AAAAAAAAFmY\/qb1Y0XA7JBU\/s640\/IMG_3877.JPG\",\"articleSection\":[\"bibel\",\"Bibeln\",\"Dagens Kyrka\",\"Teologi\"],\"inLanguage\":\"sv-SE\",\"potentialAction\":[{\"@type\":\"CommentAction\",\"name\":\"Comment\",\"target\":[\"https:\/\/blogg.svenskakyrkan.se\/vandravagen\/2013\/10\/08\/om-att-prova-allt-ett-minibibelstudium\/#respond\"]}]},{\"@type\":\"WebPage\",\"@id\":\"https:\/\/blogg.svenskakyrkan.se\/vandravagen\/2013\/10\/08\/om-att-prova-allt-ett-minibibelstudium\/\",\"url\":\"https:\/\/blogg.svenskakyrkan.se\/vandravagen\/2013\/10\/08\/om-att-prova-allt-ett-minibibelstudium\/\",\"name\":\"Om att &quot;pr\u00f6va allt&quot;, ett minibibelstudium - Vandra V\u00e4gen\",\"isPartOf\":{\"@id\":\"https:\/\/blogg.svenskakyrkan.se\/vandravagen\/#website\"},\"primaryImageOfPage\":{\"@id\":\"https:\/\/blogg.svenskakyrkan.se\/vandravagen\/2013\/10\/08\/om-att-prova-allt-ett-minibibelstudium\/#primaryimage\"},\"image\":{\"@id\":\"https:\/\/blogg.svenskakyrkan.se\/vandravagen\/2013\/10\/08\/om-att-prova-allt-ett-minibibelstudium\/#primaryimage\"},\"thumbnailUrl\":\"http:\/\/4.bp.blogspot.com\/-v0jbigmrTgs\/UlOmknvS1wI\/AAAAAAAAFmY\/qb1Y0XA7JBU\/s640\/IMG_3877.JPG\",\"datePublished\":\"2013-10-08T06:31:00+00:00\",\"breadcrumb\":{\"@id\":\"https:\/\/blogg.svenskakyrkan.se\/vandravagen\/2013\/10\/08\/om-att-prova-allt-ett-minibibelstudium\/#breadcrumb\"},\"inLanguage\":\"sv-SE\",\"potentialAction\":[{\"@type\":\"ReadAction\",\"target\":[\"https:\/\/blogg.svenskakyrkan.se\/vandravagen\/2013\/10\/08\/om-att-prova-allt-ett-minibibelstudium\/\"]}]},{\"@type\":\"ImageObject\",\"inLanguage\":\"sv-SE\",\"@id\":\"https:\/\/blogg.svenskakyrkan.se\/vandravagen\/2013\/10\/08\/om-att-prova-allt-ett-minibibelstudium\/#primaryimage\",\"url\":\"http:\/\/4.bp.blogspot.com\/-v0jbigmrTgs\/UlOmknvS1wI\/AAAAAAAAFmY\/qb1Y0XA7JBU\/s640\/IMG_3877.JPG\",\"contentUrl\":\"http:\/\/4.bp.blogspot.com\/-v0jbigmrTgs\/UlOmknvS1wI\/AAAAAAAAFmY\/qb1Y0XA7JBU\/s640\/IMG_3877.JPG\"},{\"@type\":\"BreadcrumbList\",\"@id\":\"https:\/\/blogg.svenskakyrkan.se\/vandravagen\/2013\/10\/08\/om-att-prova-allt-ett-minibibelstudium\/#breadcrumb\",\"itemListElement\":[{\"@type\":\"ListItem\",\"position\":1,\"name\":\"Hem\",\"item\":\"https:\/\/blogg.svenskakyrkan.se\/vandravagen\/\"},{\"@type\":\"ListItem\",\"position\":2,\"name\":\"Om att &quot;pr\u00f6va allt&quot;, ett minibibelstudium\"}]},{\"@type\":\"WebSite\",\"@id\":\"https:\/\/blogg.svenskakyrkan.se\/vandravagen\/#website\",\"url\":\"https:\/\/blogg.svenskakyrkan.se\/vandravagen\/\",\"name\":\"Vandra V\u00e4gen\",\"description\":\"-Mot en tro f\u00f6r hela livet\",\"publisher\":{\"@id\":\"https:\/\/blogg.svenskakyrkan.se\/vandravagen\/#organization\"},\"potentialAction\":[{\"@type\":\"SearchAction\",\"target\":{\"@type\":\"EntryPoint\",\"urlTemplate\":\"https:\/\/blogg.svenskakyrkan.se\/vandravagen\/?s={search_term_string}\"},\"query-input\":{\"@type\":\"PropertyValueSpecification\",\"valueRequired\":true,\"valueName\":\"search_term_string\"}}],\"inLanguage\":\"sv-SE\"},{\"@type\":\"Organization\",\"@id\":\"https:\/\/blogg.svenskakyrkan.se\/vandravagen\/#organization\",\"name\":\"ulricehamns pastorat\",\"alternateName\":\"ulricehamns pastorat\",\"url\":\"https:\/\/blogg.svenskakyrkan.se\/vandravagen\/\",\"logo\":{\"@type\":\"ImageObject\",\"inLanguage\":\"sv-SE\",\"@id\":\"https:\/\/blogg.svenskakyrkan.se\/vandravagen\/#\/schema\/logo\/image\/\",\"url\":\"https:\/\/blogg.svenskakyrkan.se\/vandravagen\/files\/2023\/05\/Ulr_logo_RGB.png\",\"contentUrl\":\"https:\/\/blogg.svenskakyrkan.se\/vandravagen\/files\/2023\/05\/Ulr_logo_RGB.png\",\"width\":205,\"height\":77,\"caption\":\"ulricehamns pastorat\"},\"image\":{\"@id\":\"https:\/\/blogg.svenskakyrkan.se\/vandravagen\/#\/schema\/logo\/image\/\"},\"sameAs\":[\"http:\/\/facebook.com\/vandravagen\",\"https:\/\/x.com\/fadertomas\",\"http:\/\/www.facebook.com\/svenskakyrkaniulricehamn\"]},{\"@type\":\"Person\",\"@id\":\"https:\/\/blogg.svenskakyrkan.se\/vandravagen\/#\/schema\/person\/25da02d4f76b137d04291711e2c9fc16\",\"name\":\"Tomas Jarvid\",\"image\":{\"@type\":\"ImageObject\",\"inLanguage\":\"sv-SE\",\"@id\":\"https:\/\/blogg.svenskakyrkan.se\/vandravagen\/#\/schema\/person\/image\/\",\"url\":\"https:\/\/secure.gravatar.com\/avatar\/7fa71899795e8f540f615a1f5ab25255dc27aa40f05ee7ddd21aac521e01bf50?s=96&d=identicon&r=g\",\"contentUrl\":\"https:\/\/secure.gravatar.com\/avatar\/7fa71899795e8f540f615a1f5ab25255dc27aa40f05ee7ddd21aac521e01bf50?s=96&d=identicon&r=g\",\"caption\":\"Tomas Jarvid\"},\"description\":\"Jag bor i Ulricehamn i V\u00e4sterg\u00f6tland och \u00e4r f\u00f6rsamlingspr\u00e4st i Svenska Kyrkan f\u00f6r Dalstorps f\u00f6rsamling i Kinds pastorat. P\u00e5 den h\u00e4r bloggen skriver jag ner tankar om vandringen som kristen.\",\"sameAs\":[\"http:\/\/www.vandravagen.se\"],\"url\":\"https:\/\/blogg.svenskakyrkan.se\/vandravagen\/author\/vandravagen\/\"}]}<\/script>\n<!-- \/ Yoast SEO plugin. -->","yoast_head_json":{"title":"Om att &quot;pr\u00f6va allt&quot;, ett minibibelstudium - Vandra V\u00e4gen","robots":{"index":"index","follow":"follow","max-snippet":"max-snippet:-1","max-image-preview":"max-image-preview:large","max-video-preview":"max-video-preview:-1"},"canonical":"https:\/\/blogg.svenskakyrkan.se\/vandravagen\/2013\/10\/08\/om-att-prova-allt-ett-minibibelstudium\/","og_locale":"sv_SE","og_type":"article","og_title":"Om att &quot;pr\u00f6va allt&quot;, ett minibibelstudium - Vandra V\u00e4gen","og_description":"Det \u00e4r v\u00e4l inte detta som menas med att pr\u00f6va allt? Kanske har du, som jag sett det h\u00e4r bibelordet mer \u00e4n en g\u00e5ng? Var alltid glada, be st\u00e4ndigt och tacka hela tiden Gud. G\u00f6r s\u00e5, det \u00e4r Guds vilja i Kristus Jesus. Sl\u00e4ck inte anden, f\u00f6rakta inga profetior men pr\u00f6va allt. Ta vara p\u00e5 [&hellip;]","og_url":"https:\/\/blogg.svenskakyrkan.se\/vandravagen\/2013\/10\/08\/om-att-prova-allt-ett-minibibelstudium\/","og_site_name":"Vandra V\u00e4gen","article_publisher":"http:\/\/facebook.com\/vandravagen","article_published_time":"2013-10-08T06:31:00+00:00","og_image":[{"url":"http:\/\/4.bp.blogspot.com\/-v0jbigmrTgs\/UlOmknvS1wI\/AAAAAAAAFmY\/qb1Y0XA7JBU\/s640\/IMG_3877.JPG","type":"","width":"","height":""}],"author":"Tomas Jarvid","twitter_card":"summary_large_image","twitter_creator":"@fadertomas","twitter_site":"@fadertomas","twitter_misc":{"Skriven av":"Tomas Jarvid","Ber\u00e4knad l\u00e4stid":"1 minut"},"schema":{"@context":"https:\/\/schema.org","@graph":[{"@type":"Article","@id":"https:\/\/blogg.svenskakyrkan.se\/vandravagen\/2013\/10\/08\/om-att-prova-allt-ett-minibibelstudium\/#article","isPartOf":{"@id":"https:\/\/blogg.svenskakyrkan.se\/vandravagen\/2013\/10\/08\/om-att-prova-allt-ett-minibibelstudium\/"},"author":{"name":"Tomas Jarvid","@id":"https:\/\/blogg.svenskakyrkan.se\/vandravagen\/#\/schema\/person\/25da02d4f76b137d04291711e2c9fc16"},"headline":"Om att &quot;pr\u00f6va allt&quot;, ett minibibelstudium","datePublished":"2013-10-08T06:31:00+00:00","mainEntityOfPage":{"@id":"https:\/\/blogg.svenskakyrkan.se\/vandravagen\/2013\/10\/08\/om-att-prova-allt-ett-minibibelstudium\/"},"wordCount":308,"commentCount":0,"publisher":{"@id":"https:\/\/blogg.svenskakyrkan.se\/vandravagen\/#organization"},"image":{"@id":"https:\/\/blogg.svenskakyrkan.se\/vandravagen\/2013\/10\/08\/om-att-prova-allt-ett-minibibelstudium\/#primaryimage"},"thumbnailUrl":"http:\/\/4.bp.blogspot.com\/-v0jbigmrTgs\/UlOmknvS1wI\/AAAAAAAAFmY\/qb1Y0XA7JBU\/s640\/IMG_3877.JPG","articleSection":["bibel","Bibeln","Dagens Kyrka","Teologi"],"inLanguage":"sv-SE","potentialAction":[{"@type":"CommentAction","name":"Comment","target":["https:\/\/blogg.svenskakyrkan.se\/vandravagen\/2013\/10\/08\/om-att-prova-allt-ett-minibibelstudium\/#respond"]}]},{"@type":"WebPage","@id":"https:\/\/blogg.svenskakyrkan.se\/vandravagen\/2013\/10\/08\/om-att-prova-allt-ett-minibibelstudium\/","url":"https:\/\/blogg.svenskakyrkan.se\/vandravagen\/2013\/10\/08\/om-att-prova-allt-ett-minibibelstudium\/","name":"Om att &quot;pr\u00f6va allt&quot;, ett minibibelstudium - Vandra V\u00e4gen","isPartOf":{"@id":"https:\/\/blogg.svenskakyrkan.se\/vandravagen\/#website"},"primaryImageOfPage":{"@id":"https:\/\/blogg.svenskakyrkan.se\/vandravagen\/2013\/10\/08\/om-att-prova-allt-ett-minibibelstudium\/#primaryimage"},"image":{"@id":"https:\/\/blogg.svenskakyrkan.se\/vandravagen\/2013\/10\/08\/om-att-prova-allt-ett-minibibelstudium\/#primaryimage"},"thumbnailUrl":"http:\/\/4.bp.blogspot.com\/-v0jbigmrTgs\/UlOmknvS1wI\/AAAAAAAAFmY\/qb1Y0XA7JBU\/s640\/IMG_3877.JPG","datePublished":"2013-10-08T06:31:00+00:00","breadcrumb":{"@id":"https:\/\/blogg.svenskakyrkan.se\/vandravagen\/2013\/10\/08\/om-att-prova-allt-ett-minibibelstudium\/#breadcrumb"},"inLanguage":"sv-SE","potentialAction":[{"@type":"ReadAction","target":["https:\/\/blogg.svenskakyrkan.se\/vandravagen\/2013\/10\/08\/om-att-prova-allt-ett-minibibelstudium\/"]}]},{"@type":"ImageObject","inLanguage":"sv-SE","@id":"https:\/\/blogg.svenskakyrkan.se\/vandravagen\/2013\/10\/08\/om-att-prova-allt-ett-minibibelstudium\/#primaryimage","url":"http:\/\/4.bp.blogspot.com\/-v0jbigmrTgs\/UlOmknvS1wI\/AAAAAAAAFmY\/qb1Y0XA7JBU\/s640\/IMG_3877.JPG","contentUrl":"http:\/\/4.bp.blogspot.com\/-v0jbigmrTgs\/UlOmknvS1wI\/AAAAAAAAFmY\/qb1Y0XA7JBU\/s640\/IMG_3877.JPG"},{"@type":"BreadcrumbList","@id":"https:\/\/blogg.svenskakyrkan.se\/vandravagen\/2013\/10\/08\/om-att-prova-allt-ett-minibibelstudium\/#breadcrumb","itemListElement":[{"@type":"ListItem","position":1,"name":"Hem","item":"https:\/\/blogg.svenskakyrkan.se\/vandravagen\/"},{"@type":"ListItem","position":2,"name":"Om att &quot;pr\u00f6va allt&quot;, ett minibibelstudium"}]},{"@type":"WebSite","@id":"https:\/\/blogg.svenskakyrkan.se\/vandravagen\/#website","url":"https:\/\/blogg.svenskakyrkan.se\/vandravagen\/","name":"Vandra V\u00e4gen","description":"-Mot en tro f\u00f6r hela livet","publisher":{"@id":"https:\/\/blogg.svenskakyrkan.se\/vandravagen\/#organization"},"potentialAction":[{"@type":"SearchAction","target":{"@type":"EntryPoint","urlTemplate":"https:\/\/blogg.svenskakyrkan.se\/vandravagen\/?s={search_term_string}"},"query-input":{"@type":"PropertyValueSpecification","valueRequired":true,"valueName":"search_term_string"}}],"inLanguage":"sv-SE"},{"@type":"Organization","@id":"https:\/\/blogg.svenskakyrkan.se\/vandravagen\/#organization","name":"ulricehamns pastorat","alternateName":"ulricehamns pastorat","url":"https:\/\/blogg.svenskakyrkan.se\/vandravagen\/","logo":{"@type":"ImageObject","inLanguage":"sv-SE","@id":"https:\/\/blogg.svenskakyrkan.se\/vandravagen\/#\/schema\/logo\/image\/","url":"https:\/\/blogg.svenskakyrkan.se\/vandravagen\/files\/2023\/05\/Ulr_logo_RGB.png","contentUrl":"https:\/\/blogg.svenskakyrkan.se\/vandravagen\/files\/2023\/05\/Ulr_logo_RGB.png","width":205,"height":77,"caption":"ulricehamns pastorat"},"image":{"@id":"https:\/\/blogg.svenskakyrkan.se\/vandravagen\/#\/schema\/logo\/image\/"},"sameAs":["http:\/\/facebook.com\/vandravagen","https:\/\/x.com\/fadertomas","http:\/\/www.facebook.com\/svenskakyrkaniulricehamn"]},{"@type":"Person","@id":"https:\/\/blogg.svenskakyrkan.se\/vandravagen\/#\/schema\/person\/25da02d4f76b137d04291711e2c9fc16","name":"Tomas Jarvid","image":{"@type":"ImageObject","inLanguage":"sv-SE","@id":"https:\/\/blogg.svenskakyrkan.se\/vandravagen\/#\/schema\/person\/image\/","url":"https:\/\/secure.gravatar.com\/avatar\/7fa71899795e8f540f615a1f5ab25255dc27aa40f05ee7ddd21aac521e01bf50?s=96&d=identicon&r=g","contentUrl":"https:\/\/secure.gravatar.com\/avatar\/7fa71899795e8f540f615a1f5ab25255dc27aa40f05ee7ddd21aac521e01bf50?s=96&d=identicon&r=g","caption":"Tomas Jarvid"},"description":"Jag bor i Ulricehamn i V\u00e4sterg\u00f6tland och \u00e4r f\u00f6rsamlingspr\u00e4st i Svenska Kyrkan f\u00f6r Dalstorps f\u00f6rsamling i Kinds pastorat. P\u00e5 den h\u00e4r bloggen skriver jag ner tankar om vandringen som kristen.","sameAs":["http:\/\/www.vandravagen.se"],"url":"https:\/\/blogg.svenskakyrkan.se\/vandravagen\/author\/vandravagen\/"}]}},"author_meta":{"ID":"392","user_nicename":"vandravagen","user_url":"http:\/\/www.vandravagen.se","user_registered":"2014-05-19 05:44:52","display_name":"Tomas Jarvid","first_name":"Tomas","last_name":"Jarvid","avatar":"https:\/\/secure.gravatar.com\/avatar\/7fa71899795e8f540f615a1f5ab25255dc27aa40f05ee7ddd21aac521e01bf50?s=96&d=identicon&r=g"},"featured_image":false,"bloginfo":{"name":"Vandra V\u00e4gen","url":"https:\/\/blogg.svenskakyrkan.se\/vandravagen"},"_links":{"self":[{"href":"https:\/\/blogg.svenskakyrkan.se\/vandravagen\/wp-json\/wp\/v2\/posts\/323","targetHints":{"allow":["GET"]}}],"collection":[{"href":"https:\/\/blogg.svenskakyrkan.se\/vandravagen\/wp-json\/wp\/v2\/posts"}],"about":[{"href":"https:\/\/blogg.svenskakyrkan.se\/vandravagen\/wp-json\/wp\/v2\/types\/post"}],"author":[{"embeddable":true,"href":"https:\/\/blogg.svenskakyrkan.se\/vandravagen\/wp-json\/wp\/v2\/users\/392"}],"replies":[{"embeddable":true,"href":"https:\/\/blogg.svenskakyrkan.se\/vandravagen\/wp-json\/wp\/v2\/comments?post=323"}],"version-history":[{"count":0,"href":"https:\/\/blogg.svenskakyrkan.se\/vandravagen\/wp-json\/wp\/v2\/posts\/323\/revisions"}],"wp:attachment":[{"href":"https:\/\/blogg.svenskakyrkan.se\/vandravagen\/wp-json\/wp\/v2\/media?parent=323"}],"wp:term":[{"taxonomy":"category","embeddable":true,"href":"https:\/\/blogg.svenskakyrkan.se\/vandravagen\/wp-json\/wp\/v2\/categories?post=323"},{"taxonomy":"post_tag","embeddable":true,"href":"https:\/\/blogg.svenskakyrkan.se\/vandravagen\/wp-json\/wp\/v2\/tags?post=323"}],"curies":[{"name":"wp","href":"https:\/\/api.w.org\/{rel}","templated":true}]}}