{"id":3230,"date":"2015-06-23T07:00:00","date_gmt":"2015-06-23T05:00:00","guid":{"rendered":"http:\/\/blogg.svenskakyrkan.se\/vandravagen\/?p=3230"},"modified":"2015-06-22T21:30:00","modified_gmt":"2015-06-22T19:30:00","slug":"vaga-vara-operfekt-av-brene-brown","status":"publish","type":"post","link":"https:\/\/blogg.svenskakyrkan.se\/vandravagen\/2015\/06\/23\/vaga-vara-operfekt-av-brene-brown\/","title":{"rendered":"V\u00e5ga vara operfekt av Bren\u00e9 Brown"},"content":{"rendered":"<div id=\"attachment_3231\" style=\"width: 650px\" class=\"wp-caption aligncenter\"><a href=\"http:\/\/blogg.svenskakyrkan.se\/vandravagen\/files\/2015\/06\/DSC_0614-1.jpg\"><img loading=\"lazy\" decoding=\"async\" aria-describedby=\"caption-attachment-3231\" class=\"size-full wp-image-3231\" src=\"http:\/\/blogg.svenskakyrkan.se\/vandravagen\/files\/2015\/06\/DSC_0614-1.jpg\" alt=\"&quot;V\u00e5ga vara operfekt&quot; av Bren\u00e9 Brown\" width=\"640\" height=\"426\" srcset=\"https:\/\/blogg.svenskakyrkan.se\/vandravagen\/files\/2015\/06\/DSC_0614-1.jpg 640w, https:\/\/blogg.svenskakyrkan.se\/vandravagen\/files\/2015\/06\/DSC_0614-1-300x200.jpg 300w, https:\/\/blogg.svenskakyrkan.se\/vandravagen\/files\/2015\/06\/DSC_0614-1-451x300.jpg 451w\" sizes=\"auto, (max-width: 640px) 100vw, 640px\" \/><\/a><p id=\"caption-attachment-3231\" class=\"wp-caption-text\">&#8221;V\u00e5ga vara operfekt&#8221; av Bren\u00e9 Brown<\/p><\/div>\n<p>Det \u00e4r lika bra jag s\u00e4ger p\u00e5 en g\u00e5ng att jag blivit mutad att skriva den h\u00e4r bloggposten. Eller ja mutad och mutad, det \u00e4r i alla fall s\u00e5 att Libris f\u00f6rlag skickat mig ett gratisexemplar av boken i f\u00f6rhoppning att jag ska skriva n\u00e5got sn\u00e4llt om den. Och det t\u00e4nker jag g\u00f6ra ocks\u00e5 eftersom jag tycker den \u00e4r mycket l\u00e4sv\u00e4rd, men nu vet ni i alla fall hur det ligger till.<\/p>\n<p>Jag l\u00e4ste Bren\u00e9 Browns f\u00f6rsta bok (p\u00e5 svenska, den h\u00e4r nya \u00e4r egentligen skriven f\u00f6re) <a href=\"http:\/\/blogg.svenskakyrkan.se\/vandravagen\/2014\/08\/27\/mod-att-vara-sarbar\/\">&#8221;Mod att vara s\u00e5rbar&#8221; <\/a>och upph\u00f6jde den till f\u00f6rra \u00e5rets viktigaste bok och n\u00e5got som alla borde l\u00e4sa. L\u00e4s g\u00e4rna det jag skrev om den som bakgrund till Browns forskning och tankar.<\/p>\n<p>&#8221;V\u00e5ga vara operfekt&#8221; \u00e4r skriven i samma anda. F\u00f6rfattaren blandar sina forskningsresultat med erfarenheter fr\u00e5n sin egen livsvandring och de konsekvenser hennes forskningsinsikter f\u00e5tt i\u00a0hennes eget liv. Jag t\u00e4nker mig att det som skiljer ut Browns b\u00f6cker fr\u00e5n sj\u00e4lvhj\u00e4lpslitteraturen \u00e4r att hon inte sticker under stol med att det \u00e4r en sm\u00e4rtsam v\u00e4g hon pekar ut. En \u00e5terkommande sak hon skriver \u00e4r s\u00e5nt som<\/p>\n<blockquote>\n<p>&#8221;Jag \u00f6nskar s\u00e5 att det inte beh\u00f6vde fungera p\u00e5 det h\u00e4r viset och jag f\u00f6rs\u00f6kte h\u00e5lla den h\u00e4r slutsatsen ifr\u00e5n mig s\u00e5 gott det gick men<strong> tyv\u00e4rr verkar det vara s\u00e5h\u00e4r<\/strong>&#8221;. (Ungef\u00e4rligt och \u00e5terkommande citat)<\/p>\n<\/blockquote>\n<p>I geng\u00e4ld beskriver hon ocks\u00e5 hur sm\u00e4rtsamma f\u00f6r\u00e4ndringar i hennes s\u00e4tt att leva resulterat i ett mycket rikare liv med f\u00f6r henne och hennes omgivning.<\/p>\n<p>&#8221;V\u00e5ga vara operfekt&#8221; behandlar en hel h\u00f6g utmaningar. Som hur man kan frig\u00f6ra sig fr\u00e5n andras \u00e5sikter eller kravet p\u00e5 sig sj\u00e4lv att vara cool eller j\u00e4mf\u00f6ra sig. Det \u00e4r nog problem som alla k\u00e4nner igen sig i. M\u00e5let \u00e4r att mer och mer leva &#8221;helhj\u00e4rtat&#8221; som Brown uttrycker det. Lustigt nog \u00e4r detta med &#8221;ett odelat hj\u00e4rta&#8221; n\u00e5got som g\u00e5r mycket l\u00e5ngt tillbaka i den kristna traditionen. \u00a0Det sammanfattar det mesta av \u00f6kenf\u00e4dernas andlighet till exempel.<\/p>\n<p>\u00d6ver huvud taget \u00e4r det intressant att se hur Brown f\u00f6rklarar att &#8221;andlighet&#8221; \u00e4r oerh\u00f6rt viktigt f\u00f6r ett gott liv . D\u00e5 avser hon f\u00f6rst\u00e5s inte n\u00e5gon specifik religion eller s\u00e5 utan snarare en livssyn d\u00e4r man ser sig sj\u00e4lv som f\u00f6renad med n\u00e5got st\u00f6rre \u00e4n sig sj\u00e4lv.<\/p>\n<p>Om jag ska gradera s\u00e5 tycker jag fortfarande att &#8221;mod att vara s\u00e5rbar&#8221; \u00e4r den bok som alla borde l\u00e4sa nu bums. Det d\u00e4r med just &#8221;s\u00e5rbarhet&#8221; s\u00e4tter fingret p\u00e5 s\u00e5 oerh\u00f6rt mycket om var problemen i v\u00e5r kultur ligger. Med det sagt s\u00e5 rekommenderar jag verkligen \u00e4ven denna bok.<\/p>\n<p>Nu \u00e4r nog f\u00f6rlaget n\u00f6jda med mig \ud83d\ude09 ? Jag f\u00e5r bjuda p\u00e5 den helt enkelt.<\/p>\n","protected":false},"excerpt":{"rendered":"<p>Det \u00e4r lika bra jag s\u00e4ger p\u00e5 en g\u00e5ng att jag blivit mutad att skriva den h\u00e4r bloggposten. Eller ja mutad och mutad, det \u00e4r i alla fall s\u00e5 att Libris f\u00f6rlag skickat mig ett gratisexemplar av boken i f\u00f6rhoppning att jag ska skriva n\u00e5got sn\u00e4llt om den. Och det t\u00e4nker jag g\u00f6ra ocks\u00e5 eftersom [&hellip;]<\/p>\n","protected":false},"author":392,"featured_media":0,"comment_status":"open","ping_status":"open","sticky":false,"template":"","format":"standard","meta":{"_acf_changed":false,"footnotes":""},"categories":[8253,42374,76189,78265,77554],"tags":[],"class_list":["post-3230","post","type-post","status-publish","format-standard","hentry","category-bocker","category-boktips","category-dagens-kyrka","category-motkultur","category-vara-manniska"],"acf":[],"yoast_head":"<!-- This site is optimized with the Yoast SEO plugin v27.1.1 - https:\/\/yoast.com\/product\/yoast-seo-wordpress\/ -->\n<title>V\u00e5ga vara operfekt av Bren\u00e9 Brown - Vandra V\u00e4gen<\/title>\n<meta name=\"robots\" content=\"index, follow, max-snippet:-1, max-image-preview:large, max-video-preview:-1\" \/>\n<link rel=\"canonical\" href=\"https:\/\/blogg.svenskakyrkan.se\/vandravagen\/2015\/06\/23\/vaga-vara-operfekt-av-brene-brown\/\" \/>\n<meta property=\"og:locale\" content=\"sv_SE\" \/>\n<meta property=\"og:type\" content=\"article\" \/>\n<meta property=\"og:title\" content=\"V\u00e5ga vara operfekt av Bren\u00e9 Brown - Vandra V\u00e4gen\" \/>\n<meta property=\"og:description\" content=\"Det \u00e4r lika bra jag s\u00e4ger p\u00e5 en g\u00e5ng att jag blivit mutad att skriva den h\u00e4r bloggposten. Eller ja mutad och mutad, det \u00e4r i alla fall s\u00e5 att Libris f\u00f6rlag skickat mig ett gratisexemplar av boken i f\u00f6rhoppning att jag ska skriva n\u00e5got sn\u00e4llt om den. Och det t\u00e4nker jag g\u00f6ra ocks\u00e5 eftersom [&hellip;]\" \/>\n<meta property=\"og:url\" content=\"https:\/\/blogg.svenskakyrkan.se\/vandravagen\/2015\/06\/23\/vaga-vara-operfekt-av-brene-brown\/\" \/>\n<meta property=\"og:site_name\" content=\"Vandra V\u00e4gen\" \/>\n<meta property=\"article:publisher\" content=\"http:\/\/facebook.com\/vandravagen\" \/>\n<meta property=\"article:published_time\" content=\"2015-06-23T05:00:00+00:00\" \/>\n<meta property=\"og:image\" content=\"http:\/\/blogg.svenskakyrkan.se\/vandravagen\/files\/2015\/06\/DSC_0614-1.jpg\" \/>\n<meta name=\"author\" content=\"Tomas Jarvid\" \/>\n<meta name=\"twitter:card\" content=\"summary_large_image\" \/>\n<meta name=\"twitter:creator\" content=\"@fadertomas\" \/>\n<meta name=\"twitter:site\" content=\"@fadertomas\" \/>\n<meta name=\"twitter:label1\" content=\"Skriven av\" \/>\n\t<meta name=\"twitter:data1\" content=\"Tomas Jarvid\" \/>\n\t<meta name=\"twitter:label2\" content=\"Ber\u00e4knad l\u00e4stid\" \/>\n\t<meta name=\"twitter:data2\" content=\"3 minuter\" \/>\n<script type=\"application\/ld+json\" class=\"yoast-schema-graph\">{\"@context\":\"https:\/\/schema.org\",\"@graph\":[{\"@type\":\"Article\",\"@id\":\"https:\/\/blogg.svenskakyrkan.se\/vandravagen\/2015\/06\/23\/vaga-vara-operfekt-av-brene-brown\/#article\",\"isPartOf\":{\"@id\":\"https:\/\/blogg.svenskakyrkan.se\/vandravagen\/2015\/06\/23\/vaga-vara-operfekt-av-brene-brown\/\"},\"author\":{\"name\":\"Tomas Jarvid\",\"@id\":\"https:\/\/blogg.svenskakyrkan.se\/vandravagen\/#\/schema\/person\/25da02d4f76b137d04291711e2c9fc16\"},\"headline\":\"V\u00e5ga vara operfekt av Bren\u00e9 Brown\",\"datePublished\":\"2015-06-23T05:00:00+00:00\",\"mainEntityOfPage\":{\"@id\":\"https:\/\/blogg.svenskakyrkan.se\/vandravagen\/2015\/06\/23\/vaga-vara-operfekt-av-brene-brown\/\"},\"wordCount\":541,\"commentCount\":4,\"publisher\":{\"@id\":\"https:\/\/blogg.svenskakyrkan.se\/vandravagen\/#organization\"},\"image\":{\"@id\":\"https:\/\/blogg.svenskakyrkan.se\/vandravagen\/2015\/06\/23\/vaga-vara-operfekt-av-brene-brown\/#primaryimage\"},\"thumbnailUrl\":\"http:\/\/blogg.svenskakyrkan.se\/vandravagen\/files\/2015\/06\/DSC_0614-1.jpg\",\"articleSection\":[\"b\u00f6cker\",\"boktips\",\"Dagens Kyrka\",\"motkultur\",\"vara m\u00e4nniska\"],\"inLanguage\":\"sv-SE\",\"potentialAction\":[{\"@type\":\"CommentAction\",\"name\":\"Comment\",\"target\":[\"https:\/\/blogg.svenskakyrkan.se\/vandravagen\/2015\/06\/23\/vaga-vara-operfekt-av-brene-brown\/#respond\"]}]},{\"@type\":\"WebPage\",\"@id\":\"https:\/\/blogg.svenskakyrkan.se\/vandravagen\/2015\/06\/23\/vaga-vara-operfekt-av-brene-brown\/\",\"url\":\"https:\/\/blogg.svenskakyrkan.se\/vandravagen\/2015\/06\/23\/vaga-vara-operfekt-av-brene-brown\/\",\"name\":\"V\u00e5ga vara operfekt av Bren\u00e9 Brown - Vandra V\u00e4gen\",\"isPartOf\":{\"@id\":\"https:\/\/blogg.svenskakyrkan.se\/vandravagen\/#website\"},\"primaryImageOfPage\":{\"@id\":\"https:\/\/blogg.svenskakyrkan.se\/vandravagen\/2015\/06\/23\/vaga-vara-operfekt-av-brene-brown\/#primaryimage\"},\"image\":{\"@id\":\"https:\/\/blogg.svenskakyrkan.se\/vandravagen\/2015\/06\/23\/vaga-vara-operfekt-av-brene-brown\/#primaryimage\"},\"thumbnailUrl\":\"http:\/\/blogg.svenskakyrkan.se\/vandravagen\/files\/2015\/06\/DSC_0614-1.jpg\",\"datePublished\":\"2015-06-23T05:00:00+00:00\",\"breadcrumb\":{\"@id\":\"https:\/\/blogg.svenskakyrkan.se\/vandravagen\/2015\/06\/23\/vaga-vara-operfekt-av-brene-brown\/#breadcrumb\"},\"inLanguage\":\"sv-SE\",\"potentialAction\":[{\"@type\":\"ReadAction\",\"target\":[\"https:\/\/blogg.svenskakyrkan.se\/vandravagen\/2015\/06\/23\/vaga-vara-operfekt-av-brene-brown\/\"]}]},{\"@type\":\"ImageObject\",\"inLanguage\":\"sv-SE\",\"@id\":\"https:\/\/blogg.svenskakyrkan.se\/vandravagen\/2015\/06\/23\/vaga-vara-operfekt-av-brene-brown\/#primaryimage\",\"url\":\"http:\/\/blogg.svenskakyrkan.se\/vandravagen\/files\/2015\/06\/DSC_0614-1.jpg\",\"contentUrl\":\"http:\/\/blogg.svenskakyrkan.se\/vandravagen\/files\/2015\/06\/DSC_0614-1.jpg\"},{\"@type\":\"BreadcrumbList\",\"@id\":\"https:\/\/blogg.svenskakyrkan.se\/vandravagen\/2015\/06\/23\/vaga-vara-operfekt-av-brene-brown\/#breadcrumb\",\"itemListElement\":[{\"@type\":\"ListItem\",\"position\":1,\"name\":\"Hem\",\"item\":\"https:\/\/blogg.svenskakyrkan.se\/vandravagen\/\"},{\"@type\":\"ListItem\",\"position\":2,\"name\":\"V\u00e5ga vara operfekt av Bren\u00e9 Brown\"}]},{\"@type\":\"WebSite\",\"@id\":\"https:\/\/blogg.svenskakyrkan.se\/vandravagen\/#website\",\"url\":\"https:\/\/blogg.svenskakyrkan.se\/vandravagen\/\",\"name\":\"Vandra V\u00e4gen\",\"description\":\"-Mot en tro f\u00f6r hela livet\",\"publisher\":{\"@id\":\"https:\/\/blogg.svenskakyrkan.se\/vandravagen\/#organization\"},\"potentialAction\":[{\"@type\":\"SearchAction\",\"target\":{\"@type\":\"EntryPoint\",\"urlTemplate\":\"https:\/\/blogg.svenskakyrkan.se\/vandravagen\/?s={search_term_string}\"},\"query-input\":{\"@type\":\"PropertyValueSpecification\",\"valueRequired\":true,\"valueName\":\"search_term_string\"}}],\"inLanguage\":\"sv-SE\"},{\"@type\":\"Organization\",\"@id\":\"https:\/\/blogg.svenskakyrkan.se\/vandravagen\/#organization\",\"name\":\"ulricehamns pastorat\",\"alternateName\":\"ulricehamns pastorat\",\"url\":\"https:\/\/blogg.svenskakyrkan.se\/vandravagen\/\",\"logo\":{\"@type\":\"ImageObject\",\"inLanguage\":\"sv-SE\",\"@id\":\"https:\/\/blogg.svenskakyrkan.se\/vandravagen\/#\/schema\/logo\/image\/\",\"url\":\"https:\/\/blogg.svenskakyrkan.se\/vandravagen\/files\/2023\/05\/Ulr_logo_RGB.png\",\"contentUrl\":\"https:\/\/blogg.svenskakyrkan.se\/vandravagen\/files\/2023\/05\/Ulr_logo_RGB.png\",\"width\":205,\"height\":77,\"caption\":\"ulricehamns pastorat\"},\"image\":{\"@id\":\"https:\/\/blogg.svenskakyrkan.se\/vandravagen\/#\/schema\/logo\/image\/\"},\"sameAs\":[\"http:\/\/facebook.com\/vandravagen\",\"https:\/\/x.com\/fadertomas\",\"http:\/\/www.facebook.com\/svenskakyrkaniulricehamn\"]},{\"@type\":\"Person\",\"@id\":\"https:\/\/blogg.svenskakyrkan.se\/vandravagen\/#\/schema\/person\/25da02d4f76b137d04291711e2c9fc16\",\"name\":\"Tomas Jarvid\",\"image\":{\"@type\":\"ImageObject\",\"inLanguage\":\"sv-SE\",\"@id\":\"https:\/\/blogg.svenskakyrkan.se\/vandravagen\/#\/schema\/person\/image\/\",\"url\":\"https:\/\/secure.gravatar.com\/avatar\/7fa71899795e8f540f615a1f5ab25255dc27aa40f05ee7ddd21aac521e01bf50?s=96&d=identicon&r=g\",\"contentUrl\":\"https:\/\/secure.gravatar.com\/avatar\/7fa71899795e8f540f615a1f5ab25255dc27aa40f05ee7ddd21aac521e01bf50?s=96&d=identicon&r=g\",\"caption\":\"Tomas Jarvid\"},\"description\":\"Jag bor i Ulricehamn i V\u00e4sterg\u00f6tland och \u00e4r f\u00f6rsamlingspr\u00e4st i Svenska Kyrkan f\u00f6r Dalstorps f\u00f6rsamling i Kinds pastorat. P\u00e5 den h\u00e4r bloggen skriver jag ner tankar om vandringen som kristen.\",\"sameAs\":[\"http:\/\/www.vandravagen.se\"],\"url\":\"https:\/\/blogg.svenskakyrkan.se\/vandravagen\/author\/vandravagen\/\"}]}<\/script>\n<!-- \/ Yoast SEO plugin. -->","yoast_head_json":{"title":"V\u00e5ga vara operfekt av Bren\u00e9 Brown - Vandra V\u00e4gen","robots":{"index":"index","follow":"follow","max-snippet":"max-snippet:-1","max-image-preview":"max-image-preview:large","max-video-preview":"max-video-preview:-1"},"canonical":"https:\/\/blogg.svenskakyrkan.se\/vandravagen\/2015\/06\/23\/vaga-vara-operfekt-av-brene-brown\/","og_locale":"sv_SE","og_type":"article","og_title":"V\u00e5ga vara operfekt av Bren\u00e9 Brown - Vandra V\u00e4gen","og_description":"Det \u00e4r lika bra jag s\u00e4ger p\u00e5 en g\u00e5ng att jag blivit mutad att skriva den h\u00e4r bloggposten. Eller ja mutad och mutad, det \u00e4r i alla fall s\u00e5 att Libris f\u00f6rlag skickat mig ett gratisexemplar av boken i f\u00f6rhoppning att jag ska skriva n\u00e5got sn\u00e4llt om den. Och det t\u00e4nker jag g\u00f6ra ocks\u00e5 eftersom [&hellip;]","og_url":"https:\/\/blogg.svenskakyrkan.se\/vandravagen\/2015\/06\/23\/vaga-vara-operfekt-av-brene-brown\/","og_site_name":"Vandra V\u00e4gen","article_publisher":"http:\/\/facebook.com\/vandravagen","article_published_time":"2015-06-23T05:00:00+00:00","og_image":[{"url":"http:\/\/blogg.svenskakyrkan.se\/vandravagen\/files\/2015\/06\/DSC_0614-1.jpg","type":"","width":"","height":""}],"author":"Tomas Jarvid","twitter_card":"summary_large_image","twitter_creator":"@fadertomas","twitter_site":"@fadertomas","twitter_misc":{"Skriven av":"Tomas Jarvid","Ber\u00e4knad l\u00e4stid":"3 minuter"},"schema":{"@context":"https:\/\/schema.org","@graph":[{"@type":"Article","@id":"https:\/\/blogg.svenskakyrkan.se\/vandravagen\/2015\/06\/23\/vaga-vara-operfekt-av-brene-brown\/#article","isPartOf":{"@id":"https:\/\/blogg.svenskakyrkan.se\/vandravagen\/2015\/06\/23\/vaga-vara-operfekt-av-brene-brown\/"},"author":{"name":"Tomas Jarvid","@id":"https:\/\/blogg.svenskakyrkan.se\/vandravagen\/#\/schema\/person\/25da02d4f76b137d04291711e2c9fc16"},"headline":"V\u00e5ga vara operfekt av Bren\u00e9 Brown","datePublished":"2015-06-23T05:00:00+00:00","mainEntityOfPage":{"@id":"https:\/\/blogg.svenskakyrkan.se\/vandravagen\/2015\/06\/23\/vaga-vara-operfekt-av-brene-brown\/"},"wordCount":541,"commentCount":4,"publisher":{"@id":"https:\/\/blogg.svenskakyrkan.se\/vandravagen\/#organization"},"image":{"@id":"https:\/\/blogg.svenskakyrkan.se\/vandravagen\/2015\/06\/23\/vaga-vara-operfekt-av-brene-brown\/#primaryimage"},"thumbnailUrl":"http:\/\/blogg.svenskakyrkan.se\/vandravagen\/files\/2015\/06\/DSC_0614-1.jpg","articleSection":["b\u00f6cker","boktips","Dagens Kyrka","motkultur","vara m\u00e4nniska"],"inLanguage":"sv-SE","potentialAction":[{"@type":"CommentAction","name":"Comment","target":["https:\/\/blogg.svenskakyrkan.se\/vandravagen\/2015\/06\/23\/vaga-vara-operfekt-av-brene-brown\/#respond"]}]},{"@type":"WebPage","@id":"https:\/\/blogg.svenskakyrkan.se\/vandravagen\/2015\/06\/23\/vaga-vara-operfekt-av-brene-brown\/","url":"https:\/\/blogg.svenskakyrkan.se\/vandravagen\/2015\/06\/23\/vaga-vara-operfekt-av-brene-brown\/","name":"V\u00e5ga vara operfekt av Bren\u00e9 Brown - Vandra V\u00e4gen","isPartOf":{"@id":"https:\/\/blogg.svenskakyrkan.se\/vandravagen\/#website"},"primaryImageOfPage":{"@id":"https:\/\/blogg.svenskakyrkan.se\/vandravagen\/2015\/06\/23\/vaga-vara-operfekt-av-brene-brown\/#primaryimage"},"image":{"@id":"https:\/\/blogg.svenskakyrkan.se\/vandravagen\/2015\/06\/23\/vaga-vara-operfekt-av-brene-brown\/#primaryimage"},"thumbnailUrl":"http:\/\/blogg.svenskakyrkan.se\/vandravagen\/files\/2015\/06\/DSC_0614-1.jpg","datePublished":"2015-06-23T05:00:00+00:00","breadcrumb":{"@id":"https:\/\/blogg.svenskakyrkan.se\/vandravagen\/2015\/06\/23\/vaga-vara-operfekt-av-brene-brown\/#breadcrumb"},"inLanguage":"sv-SE","potentialAction":[{"@type":"ReadAction","target":["https:\/\/blogg.svenskakyrkan.se\/vandravagen\/2015\/06\/23\/vaga-vara-operfekt-av-brene-brown\/"]}]},{"@type":"ImageObject","inLanguage":"sv-SE","@id":"https:\/\/blogg.svenskakyrkan.se\/vandravagen\/2015\/06\/23\/vaga-vara-operfekt-av-brene-brown\/#primaryimage","url":"http:\/\/blogg.svenskakyrkan.se\/vandravagen\/files\/2015\/06\/DSC_0614-1.jpg","contentUrl":"http:\/\/blogg.svenskakyrkan.se\/vandravagen\/files\/2015\/06\/DSC_0614-1.jpg"},{"@type":"BreadcrumbList","@id":"https:\/\/blogg.svenskakyrkan.se\/vandravagen\/2015\/06\/23\/vaga-vara-operfekt-av-brene-brown\/#breadcrumb","itemListElement":[{"@type":"ListItem","position":1,"name":"Hem","item":"https:\/\/blogg.svenskakyrkan.se\/vandravagen\/"},{"@type":"ListItem","position":2,"name":"V\u00e5ga vara operfekt av Bren\u00e9 Brown"}]},{"@type":"WebSite","@id":"https:\/\/blogg.svenskakyrkan.se\/vandravagen\/#website","url":"https:\/\/blogg.svenskakyrkan.se\/vandravagen\/","name":"Vandra V\u00e4gen","description":"-Mot en tro f\u00f6r hela livet","publisher":{"@id":"https:\/\/blogg.svenskakyrkan.se\/vandravagen\/#organization"},"potentialAction":[{"@type":"SearchAction","target":{"@type":"EntryPoint","urlTemplate":"https:\/\/blogg.svenskakyrkan.se\/vandravagen\/?s={search_term_string}"},"query-input":{"@type":"PropertyValueSpecification","valueRequired":true,"valueName":"search_term_string"}}],"inLanguage":"sv-SE"},{"@type":"Organization","@id":"https:\/\/blogg.svenskakyrkan.se\/vandravagen\/#organization","name":"ulricehamns pastorat","alternateName":"ulricehamns pastorat","url":"https:\/\/blogg.svenskakyrkan.se\/vandravagen\/","logo":{"@type":"ImageObject","inLanguage":"sv-SE","@id":"https:\/\/blogg.svenskakyrkan.se\/vandravagen\/#\/schema\/logo\/image\/","url":"https:\/\/blogg.svenskakyrkan.se\/vandravagen\/files\/2023\/05\/Ulr_logo_RGB.png","contentUrl":"https:\/\/blogg.svenskakyrkan.se\/vandravagen\/files\/2023\/05\/Ulr_logo_RGB.png","width":205,"height":77,"caption":"ulricehamns pastorat"},"image":{"@id":"https:\/\/blogg.svenskakyrkan.se\/vandravagen\/#\/schema\/logo\/image\/"},"sameAs":["http:\/\/facebook.com\/vandravagen","https:\/\/x.com\/fadertomas","http:\/\/www.facebook.com\/svenskakyrkaniulricehamn"]},{"@type":"Person","@id":"https:\/\/blogg.svenskakyrkan.se\/vandravagen\/#\/schema\/person\/25da02d4f76b137d04291711e2c9fc16","name":"Tomas Jarvid","image":{"@type":"ImageObject","inLanguage":"sv-SE","@id":"https:\/\/blogg.svenskakyrkan.se\/vandravagen\/#\/schema\/person\/image\/","url":"https:\/\/secure.gravatar.com\/avatar\/7fa71899795e8f540f615a1f5ab25255dc27aa40f05ee7ddd21aac521e01bf50?s=96&d=identicon&r=g","contentUrl":"https:\/\/secure.gravatar.com\/avatar\/7fa71899795e8f540f615a1f5ab25255dc27aa40f05ee7ddd21aac521e01bf50?s=96&d=identicon&r=g","caption":"Tomas Jarvid"},"description":"Jag bor i Ulricehamn i V\u00e4sterg\u00f6tland och \u00e4r f\u00f6rsamlingspr\u00e4st i Svenska Kyrkan f\u00f6r Dalstorps f\u00f6rsamling i Kinds pastorat. P\u00e5 den h\u00e4r bloggen skriver jag ner tankar om vandringen som kristen.","sameAs":["http:\/\/www.vandravagen.se"],"url":"https:\/\/blogg.svenskakyrkan.se\/vandravagen\/author\/vandravagen\/"}]}},"author_meta":{"ID":"392","user_nicename":"vandravagen","user_url":"http:\/\/www.vandravagen.se","user_registered":"2014-05-19 05:44:52","display_name":"Tomas Jarvid","first_name":"Tomas","last_name":"Jarvid","avatar":"https:\/\/secure.gravatar.com\/avatar\/7fa71899795e8f540f615a1f5ab25255dc27aa40f05ee7ddd21aac521e01bf50?s=96&d=identicon&r=g"},"featured_image":false,"bloginfo":{"name":"Vandra V\u00e4gen","url":"https:\/\/blogg.svenskakyrkan.se\/vandravagen"},"_links":{"self":[{"href":"https:\/\/blogg.svenskakyrkan.se\/vandravagen\/wp-json\/wp\/v2\/posts\/3230","targetHints":{"allow":["GET"]}}],"collection":[{"href":"https:\/\/blogg.svenskakyrkan.se\/vandravagen\/wp-json\/wp\/v2\/posts"}],"about":[{"href":"https:\/\/blogg.svenskakyrkan.se\/vandravagen\/wp-json\/wp\/v2\/types\/post"}],"author":[{"embeddable":true,"href":"https:\/\/blogg.svenskakyrkan.se\/vandravagen\/wp-json\/wp\/v2\/users\/392"}],"replies":[{"embeddable":true,"href":"https:\/\/blogg.svenskakyrkan.se\/vandravagen\/wp-json\/wp\/v2\/comments?post=3230"}],"version-history":[{"count":2,"href":"https:\/\/blogg.svenskakyrkan.se\/vandravagen\/wp-json\/wp\/v2\/posts\/3230\/revisions"}],"predecessor-version":[{"id":3255,"href":"https:\/\/blogg.svenskakyrkan.se\/vandravagen\/wp-json\/wp\/v2\/posts\/3230\/revisions\/3255"}],"wp:attachment":[{"href":"https:\/\/blogg.svenskakyrkan.se\/vandravagen\/wp-json\/wp\/v2\/media?parent=3230"}],"wp:term":[{"taxonomy":"category","embeddable":true,"href":"https:\/\/blogg.svenskakyrkan.se\/vandravagen\/wp-json\/wp\/v2\/categories?post=3230"},{"taxonomy":"post_tag","embeddable":true,"href":"https:\/\/blogg.svenskakyrkan.se\/vandravagen\/wp-json\/wp\/v2\/tags?post=3230"}],"curies":[{"name":"wp","href":"https:\/\/api.w.org\/{rel}","templated":true}]}}