{"id":324,"date":"2013-10-07T07:00:00","date_gmt":"2013-10-07T05:00:00","guid":{"rendered":"http:\/\/blogg.svenskakyrkan.se\/vandravagen\/2013\/10\/07\/den-ryska-pilgrimens-bon\/"},"modified":"2013-10-07T07:00:00","modified_gmt":"2013-10-07T05:00:00","slug":"den-ryska-pilgrimens-bon","status":"publish","type":"post","link":"https:\/\/blogg.svenskakyrkan.se\/vandravagen\/2013\/10\/07\/den-ryska-pilgrimens-bon\/","title":{"rendered":"Den ryska pilgrimens b\u00f6n"},"content":{"rendered":"<table align=\"center\" cellpadding=\"0\" cellspacing=\"0\">\n<tbody>\n<tr>\n<td><a href=\"http:\/\/1.bp.blogspot.com\/-3YIPGf51gDo\/UkW27oGV58I\/AAAAAAAAFeo\/b3Yl-jIvHEs\/s1600\/enryskpilgrimsbera%CC%88ttelse.jpg\"><img loading=\"lazy\" decoding=\"async\" border=\"0\" height=\"640\" src=\"http:\/\/1.bp.blogspot.com\/-3YIPGf51gDo\/UkW27oGV58I\/AAAAAAAAFeo\/b3Yl-jIvHEs\/s640\/enryskpilgrimsbera%CC%88ttelse.jpg\" width=\"426\"><\/a><\/td>\n<\/tr>\n<tr>\n<td>En rysk pilgrims ber\u00e4ttelser, fantastisk bok!<\/td>\n<\/tr>\n<\/tbody>\n<\/table>\n<p>&#8221;En rysk pilgrims ber\u00e4ttelser&#8221; \u00e4r kanske den b\u00e4sta bok jag l\u00e4st om b\u00f6n. Jag rekommenderar varmt \u00e5t var och en att l\u00e4sa den och fundera \u00f6ver den.<\/p>\n<div><\/div>\n<div>Boken handlar om den s\u00e5 kallade &#8221;Jesusb\u00f6nen&#8221;; att i takt med andningen upprepa b\u00f6nen &#8221;Jesus Kristus, Guds Son, f\u00f6rbarma dig \u00f6ver mig (syndare)&#8221; (man kan f\u00f6rkorta formuleringen om man vill). Tanken \u00e4r att man hela tiden upprepar Jesu namn och p\u00e5minner sig allt gott Gud vill f\u00f6r en. En h\u00e4rlig b\u00f6n som man med f\u00f6rdel kan be n\u00e4r man inte vet vad man ska be.<\/p>\n<p>Det \u00e4r en riktigt sp\u00e4nnande bok (faktiskt!) d\u00e4r man f\u00e5r f\u00f6lja den ryska pilgrimens andliga resa. Om det kunde man s\u00e4ga mycket men det jag framf\u00f6rallt b\u00e4r med mig fr\u00e5n boken \u00e4r insikten att n\u00e4r det g\u00e4ller b\u00f6nen tj\u00e4nar det ingenting till att f\u00f6rs\u00f6ka m\u00e4ta kvalit\u00e9n p\u00e5 den. Vi ber inte f\u00f6r att prestera &#8221;bra b\u00f6ner&#8221;. Vi ber f\u00f6r att v\u00e4nda oss till Gud. Hur bra b\u00f6nen k\u00e4nns ligger inte heller i v\u00e5r f\u00f6rm\u00e5ga att p\u00e5verka, om det blir n\u00e5got av b\u00f6nen \u00e4r det Guds f\u00f6rtj\u00e4nst. Det vi <i>kan<\/i> styra \u00f6ver sj\u00e4lva \u00e4r inte hur bra vi ber utan <i>att<\/i> vi ber. D\u00e4rf\u00f6r kan man med f\u00f6rdel sl\u00e4ppa all prestation och be enkelt, till exempel genom att upprepa Jesusb\u00f6nen eller genom att be enkla vanliga ord utan att oroa sig f\u00f6r hur v\u00e4lformulerade de \u00e4r.<\/p>\n<p>Har du upplevt det som en b\u00f6rda att undra om du ber r\u00e4tt? Har du l\u00e4st boken? Kommentera!<\/p>\n<div><\/div>\n<div><\/div>\n<\/div>\n","protected":false},"excerpt":{"rendered":"<p>En rysk pilgrims ber\u00e4ttelser, fantastisk bok! &#8221;En rysk pilgrims ber\u00e4ttelser&#8221; \u00e4r kanske den b\u00e4sta bok jag l\u00e4st om b\u00f6n. Jag rekommenderar varmt \u00e5t var och en att l\u00e4sa den och fundera \u00f6ver den. Boken handlar om den s\u00e5 kallade &#8221;Jesusb\u00f6nen&#8221;; att i takt med andningen upprepa b\u00f6nen &#8221;Jesus Kristus, Guds Son, f\u00f6rbarma dig \u00f6ver mig [&hellip;]<\/p>\n","protected":false},"author":392,"featured_media":0,"comment_status":"open","ping_status":"open","sticky":false,"template":"","format":"standard","meta":{"_acf_changed":false,"footnotes":""},"categories":[8253,42374,76189,117],"tags":[],"class_list":["post-324","post","type-post","status-publish","format-standard","hentry","category-bocker","category-boktips","category-dagens-kyrka","category-teologi"],"acf":[],"yoast_head":"<!-- This site is optimized with the Yoast SEO plugin v27.1.1 - https:\/\/yoast.com\/product\/yoast-seo-wordpress\/ -->\n<title>Den ryska pilgrimens b\u00f6n - Vandra V\u00e4gen<\/title>\n<meta name=\"robots\" content=\"index, follow, max-snippet:-1, max-image-preview:large, max-video-preview:-1\" \/>\n<link rel=\"canonical\" href=\"https:\/\/blogg.svenskakyrkan.se\/vandravagen\/2013\/10\/07\/den-ryska-pilgrimens-bon\/\" \/>\n<meta property=\"og:locale\" content=\"sv_SE\" \/>\n<meta property=\"og:type\" content=\"article\" \/>\n<meta property=\"og:title\" content=\"Den ryska pilgrimens b\u00f6n - Vandra V\u00e4gen\" \/>\n<meta property=\"og:description\" content=\"En rysk pilgrims ber\u00e4ttelser, fantastisk bok! &#8221;En rysk pilgrims ber\u00e4ttelser&#8221; \u00e4r kanske den b\u00e4sta bok jag l\u00e4st om b\u00f6n. Jag rekommenderar varmt \u00e5t var och en att l\u00e4sa den och fundera \u00f6ver den. Boken handlar om den s\u00e5 kallade &#8221;Jesusb\u00f6nen&#8221;; att i takt med andningen upprepa b\u00f6nen &#8221;Jesus Kristus, Guds Son, f\u00f6rbarma dig \u00f6ver mig [&hellip;]\" \/>\n<meta property=\"og:url\" content=\"https:\/\/blogg.svenskakyrkan.se\/vandravagen\/2013\/10\/07\/den-ryska-pilgrimens-bon\/\" \/>\n<meta property=\"og:site_name\" content=\"Vandra V\u00e4gen\" \/>\n<meta property=\"article:publisher\" content=\"http:\/\/facebook.com\/vandravagen\" \/>\n<meta property=\"article:published_time\" content=\"2013-10-07T05:00:00+00:00\" \/>\n<meta property=\"og:image\" content=\"http:\/\/1.bp.blogspot.com\/-3YIPGf51gDo\/UkW27oGV58I\/AAAAAAAAFeo\/b3Yl-jIvHEs\/s640\/enryskpilgrimsbera%CC%88ttelse.jpg\" \/>\n<meta name=\"author\" content=\"Tomas Jarvid\" \/>\n<meta name=\"twitter:card\" content=\"summary_large_image\" \/>\n<meta name=\"twitter:creator\" content=\"@fadertomas\" \/>\n<meta name=\"twitter:site\" content=\"@fadertomas\" \/>\n<meta name=\"twitter:label1\" content=\"Skriven av\" \/>\n\t<meta name=\"twitter:data1\" content=\"Tomas Jarvid\" \/>\n\t<meta name=\"twitter:label2\" content=\"Ber\u00e4knad l\u00e4stid\" \/>\n\t<meta name=\"twitter:data2\" content=\"2 minuter\" \/>\n<script type=\"application\/ld+json\" class=\"yoast-schema-graph\">{\"@context\":\"https:\/\/schema.org\",\"@graph\":[{\"@type\":\"Article\",\"@id\":\"https:\/\/blogg.svenskakyrkan.se\/vandravagen\/2013\/10\/07\/den-ryska-pilgrimens-bon\/#article\",\"isPartOf\":{\"@id\":\"https:\/\/blogg.svenskakyrkan.se\/vandravagen\/2013\/10\/07\/den-ryska-pilgrimens-bon\/\"},\"author\":{\"name\":\"Tomas Jarvid\",\"@id\":\"https:\/\/blogg.svenskakyrkan.se\/vandravagen\/#\/schema\/person\/25da02d4f76b137d04291711e2c9fc16\"},\"headline\":\"Den ryska pilgrimens b\u00f6n\",\"datePublished\":\"2013-10-07T05:00:00+00:00\",\"mainEntityOfPage\":{\"@id\":\"https:\/\/blogg.svenskakyrkan.se\/vandravagen\/2013\/10\/07\/den-ryska-pilgrimens-bon\/\"},\"wordCount\":313,\"commentCount\":0,\"publisher\":{\"@id\":\"https:\/\/blogg.svenskakyrkan.se\/vandravagen\/#organization\"},\"image\":{\"@id\":\"https:\/\/blogg.svenskakyrkan.se\/vandravagen\/2013\/10\/07\/den-ryska-pilgrimens-bon\/#primaryimage\"},\"thumbnailUrl\":\"http:\/\/1.bp.blogspot.com\/-3YIPGf51gDo\/UkW27oGV58I\/AAAAAAAAFeo\/b3Yl-jIvHEs\/s640\/enryskpilgrimsbera%CC%88ttelse.jpg\",\"articleSection\":[\"b\u00f6cker\",\"boktips\",\"Dagens Kyrka\",\"Teologi\"],\"inLanguage\":\"sv-SE\",\"potentialAction\":[{\"@type\":\"CommentAction\",\"name\":\"Comment\",\"target\":[\"https:\/\/blogg.svenskakyrkan.se\/vandravagen\/2013\/10\/07\/den-ryska-pilgrimens-bon\/#respond\"]}]},{\"@type\":\"WebPage\",\"@id\":\"https:\/\/blogg.svenskakyrkan.se\/vandravagen\/2013\/10\/07\/den-ryska-pilgrimens-bon\/\",\"url\":\"https:\/\/blogg.svenskakyrkan.se\/vandravagen\/2013\/10\/07\/den-ryska-pilgrimens-bon\/\",\"name\":\"Den ryska pilgrimens b\u00f6n - Vandra V\u00e4gen\",\"isPartOf\":{\"@id\":\"https:\/\/blogg.svenskakyrkan.se\/vandravagen\/#website\"},\"primaryImageOfPage\":{\"@id\":\"https:\/\/blogg.svenskakyrkan.se\/vandravagen\/2013\/10\/07\/den-ryska-pilgrimens-bon\/#primaryimage\"},\"image\":{\"@id\":\"https:\/\/blogg.svenskakyrkan.se\/vandravagen\/2013\/10\/07\/den-ryska-pilgrimens-bon\/#primaryimage\"},\"thumbnailUrl\":\"http:\/\/1.bp.blogspot.com\/-3YIPGf51gDo\/UkW27oGV58I\/AAAAAAAAFeo\/b3Yl-jIvHEs\/s640\/enryskpilgrimsbera%CC%88ttelse.jpg\",\"datePublished\":\"2013-10-07T05:00:00+00:00\",\"breadcrumb\":{\"@id\":\"https:\/\/blogg.svenskakyrkan.se\/vandravagen\/2013\/10\/07\/den-ryska-pilgrimens-bon\/#breadcrumb\"},\"inLanguage\":\"sv-SE\",\"potentialAction\":[{\"@type\":\"ReadAction\",\"target\":[\"https:\/\/blogg.svenskakyrkan.se\/vandravagen\/2013\/10\/07\/den-ryska-pilgrimens-bon\/\"]}]},{\"@type\":\"ImageObject\",\"inLanguage\":\"sv-SE\",\"@id\":\"https:\/\/blogg.svenskakyrkan.se\/vandravagen\/2013\/10\/07\/den-ryska-pilgrimens-bon\/#primaryimage\",\"url\":\"http:\/\/1.bp.blogspot.com\/-3YIPGf51gDo\/UkW27oGV58I\/AAAAAAAAFeo\/b3Yl-jIvHEs\/s640\/enryskpilgrimsbera%CC%88ttelse.jpg\",\"contentUrl\":\"http:\/\/1.bp.blogspot.com\/-3YIPGf51gDo\/UkW27oGV58I\/AAAAAAAAFeo\/b3Yl-jIvHEs\/s640\/enryskpilgrimsbera%CC%88ttelse.jpg\"},{\"@type\":\"BreadcrumbList\",\"@id\":\"https:\/\/blogg.svenskakyrkan.se\/vandravagen\/2013\/10\/07\/den-ryska-pilgrimens-bon\/#breadcrumb\",\"itemListElement\":[{\"@type\":\"ListItem\",\"position\":1,\"name\":\"Hem\",\"item\":\"https:\/\/blogg.svenskakyrkan.se\/vandravagen\/\"},{\"@type\":\"ListItem\",\"position\":2,\"name\":\"Den ryska pilgrimens b\u00f6n\"}]},{\"@type\":\"WebSite\",\"@id\":\"https:\/\/blogg.svenskakyrkan.se\/vandravagen\/#website\",\"url\":\"https:\/\/blogg.svenskakyrkan.se\/vandravagen\/\",\"name\":\"Vandra V\u00e4gen\",\"description\":\"-Mot en tro f\u00f6r hela livet\",\"publisher\":{\"@id\":\"https:\/\/blogg.svenskakyrkan.se\/vandravagen\/#organization\"},\"potentialAction\":[{\"@type\":\"SearchAction\",\"target\":{\"@type\":\"EntryPoint\",\"urlTemplate\":\"https:\/\/blogg.svenskakyrkan.se\/vandravagen\/?s={search_term_string}\"},\"query-input\":{\"@type\":\"PropertyValueSpecification\",\"valueRequired\":true,\"valueName\":\"search_term_string\"}}],\"inLanguage\":\"sv-SE\"},{\"@type\":\"Organization\",\"@id\":\"https:\/\/blogg.svenskakyrkan.se\/vandravagen\/#organization\",\"name\":\"ulricehamns pastorat\",\"alternateName\":\"ulricehamns pastorat\",\"url\":\"https:\/\/blogg.svenskakyrkan.se\/vandravagen\/\",\"logo\":{\"@type\":\"ImageObject\",\"inLanguage\":\"sv-SE\",\"@id\":\"https:\/\/blogg.svenskakyrkan.se\/vandravagen\/#\/schema\/logo\/image\/\",\"url\":\"https:\/\/blogg.svenskakyrkan.se\/vandravagen\/files\/2023\/05\/Ulr_logo_RGB.png\",\"contentUrl\":\"https:\/\/blogg.svenskakyrkan.se\/vandravagen\/files\/2023\/05\/Ulr_logo_RGB.png\",\"width\":205,\"height\":77,\"caption\":\"ulricehamns pastorat\"},\"image\":{\"@id\":\"https:\/\/blogg.svenskakyrkan.se\/vandravagen\/#\/schema\/logo\/image\/\"},\"sameAs\":[\"http:\/\/facebook.com\/vandravagen\",\"https:\/\/x.com\/fadertomas\",\"http:\/\/www.facebook.com\/svenskakyrkaniulricehamn\"]},{\"@type\":\"Person\",\"@id\":\"https:\/\/blogg.svenskakyrkan.se\/vandravagen\/#\/schema\/person\/25da02d4f76b137d04291711e2c9fc16\",\"name\":\"Tomas Jarvid\",\"image\":{\"@type\":\"ImageObject\",\"inLanguage\":\"sv-SE\",\"@id\":\"https:\/\/blogg.svenskakyrkan.se\/vandravagen\/#\/schema\/person\/image\/\",\"url\":\"https:\/\/secure.gravatar.com\/avatar\/7fa71899795e8f540f615a1f5ab25255dc27aa40f05ee7ddd21aac521e01bf50?s=96&d=identicon&r=g\",\"contentUrl\":\"https:\/\/secure.gravatar.com\/avatar\/7fa71899795e8f540f615a1f5ab25255dc27aa40f05ee7ddd21aac521e01bf50?s=96&d=identicon&r=g\",\"caption\":\"Tomas Jarvid\"},\"description\":\"Jag bor i Ulricehamn i V\u00e4sterg\u00f6tland och \u00e4r f\u00f6rsamlingspr\u00e4st i Svenska Kyrkan f\u00f6r Dalstorps f\u00f6rsamling i Kinds pastorat. P\u00e5 den h\u00e4r bloggen skriver jag ner tankar om vandringen som kristen.\",\"sameAs\":[\"http:\/\/www.vandravagen.se\"],\"url\":\"https:\/\/blogg.svenskakyrkan.se\/vandravagen\/author\/vandravagen\/\"}]}<\/script>\n<!-- \/ Yoast SEO plugin. -->","yoast_head_json":{"title":"Den ryska pilgrimens b\u00f6n - Vandra V\u00e4gen","robots":{"index":"index","follow":"follow","max-snippet":"max-snippet:-1","max-image-preview":"max-image-preview:large","max-video-preview":"max-video-preview:-1"},"canonical":"https:\/\/blogg.svenskakyrkan.se\/vandravagen\/2013\/10\/07\/den-ryska-pilgrimens-bon\/","og_locale":"sv_SE","og_type":"article","og_title":"Den ryska pilgrimens b\u00f6n - Vandra V\u00e4gen","og_description":"En rysk pilgrims ber\u00e4ttelser, fantastisk bok! &#8221;En rysk pilgrims ber\u00e4ttelser&#8221; \u00e4r kanske den b\u00e4sta bok jag l\u00e4st om b\u00f6n. Jag rekommenderar varmt \u00e5t var och en att l\u00e4sa den och fundera \u00f6ver den. Boken handlar om den s\u00e5 kallade &#8221;Jesusb\u00f6nen&#8221;; att i takt med andningen upprepa b\u00f6nen &#8221;Jesus Kristus, Guds Son, f\u00f6rbarma dig \u00f6ver mig [&hellip;]","og_url":"https:\/\/blogg.svenskakyrkan.se\/vandravagen\/2013\/10\/07\/den-ryska-pilgrimens-bon\/","og_site_name":"Vandra V\u00e4gen","article_publisher":"http:\/\/facebook.com\/vandravagen","article_published_time":"2013-10-07T05:00:00+00:00","og_image":[{"url":"http:\/\/1.bp.blogspot.com\/-3YIPGf51gDo\/UkW27oGV58I\/AAAAAAAAFeo\/b3Yl-jIvHEs\/s640\/enryskpilgrimsbera%CC%88ttelse.jpg","type":"","width":"","height":""}],"author":"Tomas Jarvid","twitter_card":"summary_large_image","twitter_creator":"@fadertomas","twitter_site":"@fadertomas","twitter_misc":{"Skriven av":"Tomas Jarvid","Ber\u00e4knad l\u00e4stid":"2 minuter"},"schema":{"@context":"https:\/\/schema.org","@graph":[{"@type":"Article","@id":"https:\/\/blogg.svenskakyrkan.se\/vandravagen\/2013\/10\/07\/den-ryska-pilgrimens-bon\/#article","isPartOf":{"@id":"https:\/\/blogg.svenskakyrkan.se\/vandravagen\/2013\/10\/07\/den-ryska-pilgrimens-bon\/"},"author":{"name":"Tomas Jarvid","@id":"https:\/\/blogg.svenskakyrkan.se\/vandravagen\/#\/schema\/person\/25da02d4f76b137d04291711e2c9fc16"},"headline":"Den ryska pilgrimens b\u00f6n","datePublished":"2013-10-07T05:00:00+00:00","mainEntityOfPage":{"@id":"https:\/\/blogg.svenskakyrkan.se\/vandravagen\/2013\/10\/07\/den-ryska-pilgrimens-bon\/"},"wordCount":313,"commentCount":0,"publisher":{"@id":"https:\/\/blogg.svenskakyrkan.se\/vandravagen\/#organization"},"image":{"@id":"https:\/\/blogg.svenskakyrkan.se\/vandravagen\/2013\/10\/07\/den-ryska-pilgrimens-bon\/#primaryimage"},"thumbnailUrl":"http:\/\/1.bp.blogspot.com\/-3YIPGf51gDo\/UkW27oGV58I\/AAAAAAAAFeo\/b3Yl-jIvHEs\/s640\/enryskpilgrimsbera%CC%88ttelse.jpg","articleSection":["b\u00f6cker","boktips","Dagens Kyrka","Teologi"],"inLanguage":"sv-SE","potentialAction":[{"@type":"CommentAction","name":"Comment","target":["https:\/\/blogg.svenskakyrkan.se\/vandravagen\/2013\/10\/07\/den-ryska-pilgrimens-bon\/#respond"]}]},{"@type":"WebPage","@id":"https:\/\/blogg.svenskakyrkan.se\/vandravagen\/2013\/10\/07\/den-ryska-pilgrimens-bon\/","url":"https:\/\/blogg.svenskakyrkan.se\/vandravagen\/2013\/10\/07\/den-ryska-pilgrimens-bon\/","name":"Den ryska pilgrimens b\u00f6n - Vandra V\u00e4gen","isPartOf":{"@id":"https:\/\/blogg.svenskakyrkan.se\/vandravagen\/#website"},"primaryImageOfPage":{"@id":"https:\/\/blogg.svenskakyrkan.se\/vandravagen\/2013\/10\/07\/den-ryska-pilgrimens-bon\/#primaryimage"},"image":{"@id":"https:\/\/blogg.svenskakyrkan.se\/vandravagen\/2013\/10\/07\/den-ryska-pilgrimens-bon\/#primaryimage"},"thumbnailUrl":"http:\/\/1.bp.blogspot.com\/-3YIPGf51gDo\/UkW27oGV58I\/AAAAAAAAFeo\/b3Yl-jIvHEs\/s640\/enryskpilgrimsbera%CC%88ttelse.jpg","datePublished":"2013-10-07T05:00:00+00:00","breadcrumb":{"@id":"https:\/\/blogg.svenskakyrkan.se\/vandravagen\/2013\/10\/07\/den-ryska-pilgrimens-bon\/#breadcrumb"},"inLanguage":"sv-SE","potentialAction":[{"@type":"ReadAction","target":["https:\/\/blogg.svenskakyrkan.se\/vandravagen\/2013\/10\/07\/den-ryska-pilgrimens-bon\/"]}]},{"@type":"ImageObject","inLanguage":"sv-SE","@id":"https:\/\/blogg.svenskakyrkan.se\/vandravagen\/2013\/10\/07\/den-ryska-pilgrimens-bon\/#primaryimage","url":"http:\/\/1.bp.blogspot.com\/-3YIPGf51gDo\/UkW27oGV58I\/AAAAAAAAFeo\/b3Yl-jIvHEs\/s640\/enryskpilgrimsbera%CC%88ttelse.jpg","contentUrl":"http:\/\/1.bp.blogspot.com\/-3YIPGf51gDo\/UkW27oGV58I\/AAAAAAAAFeo\/b3Yl-jIvHEs\/s640\/enryskpilgrimsbera%CC%88ttelse.jpg"},{"@type":"BreadcrumbList","@id":"https:\/\/blogg.svenskakyrkan.se\/vandravagen\/2013\/10\/07\/den-ryska-pilgrimens-bon\/#breadcrumb","itemListElement":[{"@type":"ListItem","position":1,"name":"Hem","item":"https:\/\/blogg.svenskakyrkan.se\/vandravagen\/"},{"@type":"ListItem","position":2,"name":"Den ryska pilgrimens b\u00f6n"}]},{"@type":"WebSite","@id":"https:\/\/blogg.svenskakyrkan.se\/vandravagen\/#website","url":"https:\/\/blogg.svenskakyrkan.se\/vandravagen\/","name":"Vandra V\u00e4gen","description":"-Mot en tro f\u00f6r hela livet","publisher":{"@id":"https:\/\/blogg.svenskakyrkan.se\/vandravagen\/#organization"},"potentialAction":[{"@type":"SearchAction","target":{"@type":"EntryPoint","urlTemplate":"https:\/\/blogg.svenskakyrkan.se\/vandravagen\/?s={search_term_string}"},"query-input":{"@type":"PropertyValueSpecification","valueRequired":true,"valueName":"search_term_string"}}],"inLanguage":"sv-SE"},{"@type":"Organization","@id":"https:\/\/blogg.svenskakyrkan.se\/vandravagen\/#organization","name":"ulricehamns pastorat","alternateName":"ulricehamns pastorat","url":"https:\/\/blogg.svenskakyrkan.se\/vandravagen\/","logo":{"@type":"ImageObject","inLanguage":"sv-SE","@id":"https:\/\/blogg.svenskakyrkan.se\/vandravagen\/#\/schema\/logo\/image\/","url":"https:\/\/blogg.svenskakyrkan.se\/vandravagen\/files\/2023\/05\/Ulr_logo_RGB.png","contentUrl":"https:\/\/blogg.svenskakyrkan.se\/vandravagen\/files\/2023\/05\/Ulr_logo_RGB.png","width":205,"height":77,"caption":"ulricehamns pastorat"},"image":{"@id":"https:\/\/blogg.svenskakyrkan.se\/vandravagen\/#\/schema\/logo\/image\/"},"sameAs":["http:\/\/facebook.com\/vandravagen","https:\/\/x.com\/fadertomas","http:\/\/www.facebook.com\/svenskakyrkaniulricehamn"]},{"@type":"Person","@id":"https:\/\/blogg.svenskakyrkan.se\/vandravagen\/#\/schema\/person\/25da02d4f76b137d04291711e2c9fc16","name":"Tomas Jarvid","image":{"@type":"ImageObject","inLanguage":"sv-SE","@id":"https:\/\/blogg.svenskakyrkan.se\/vandravagen\/#\/schema\/person\/image\/","url":"https:\/\/secure.gravatar.com\/avatar\/7fa71899795e8f540f615a1f5ab25255dc27aa40f05ee7ddd21aac521e01bf50?s=96&d=identicon&r=g","contentUrl":"https:\/\/secure.gravatar.com\/avatar\/7fa71899795e8f540f615a1f5ab25255dc27aa40f05ee7ddd21aac521e01bf50?s=96&d=identicon&r=g","caption":"Tomas Jarvid"},"description":"Jag bor i Ulricehamn i V\u00e4sterg\u00f6tland och \u00e4r f\u00f6rsamlingspr\u00e4st i Svenska Kyrkan f\u00f6r Dalstorps f\u00f6rsamling i Kinds pastorat. P\u00e5 den h\u00e4r bloggen skriver jag ner tankar om vandringen som kristen.","sameAs":["http:\/\/www.vandravagen.se"],"url":"https:\/\/blogg.svenskakyrkan.se\/vandravagen\/author\/vandravagen\/"}]}},"author_meta":{"ID":"392","user_nicename":"vandravagen","user_url":"http:\/\/www.vandravagen.se","user_registered":"2014-05-19 05:44:52","display_name":"Tomas Jarvid","first_name":"Tomas","last_name":"Jarvid","avatar":"https:\/\/secure.gravatar.com\/avatar\/7fa71899795e8f540f615a1f5ab25255dc27aa40f05ee7ddd21aac521e01bf50?s=96&d=identicon&r=g"},"featured_image":false,"bloginfo":{"name":"Vandra V\u00e4gen","url":"https:\/\/blogg.svenskakyrkan.se\/vandravagen"},"_links":{"self":[{"href":"https:\/\/blogg.svenskakyrkan.se\/vandravagen\/wp-json\/wp\/v2\/posts\/324","targetHints":{"allow":["GET"]}}],"collection":[{"href":"https:\/\/blogg.svenskakyrkan.se\/vandravagen\/wp-json\/wp\/v2\/posts"}],"about":[{"href":"https:\/\/blogg.svenskakyrkan.se\/vandravagen\/wp-json\/wp\/v2\/types\/post"}],"author":[{"embeddable":true,"href":"https:\/\/blogg.svenskakyrkan.se\/vandravagen\/wp-json\/wp\/v2\/users\/392"}],"replies":[{"embeddable":true,"href":"https:\/\/blogg.svenskakyrkan.se\/vandravagen\/wp-json\/wp\/v2\/comments?post=324"}],"version-history":[{"count":0,"href":"https:\/\/blogg.svenskakyrkan.se\/vandravagen\/wp-json\/wp\/v2\/posts\/324\/revisions"}],"wp:attachment":[{"href":"https:\/\/blogg.svenskakyrkan.se\/vandravagen\/wp-json\/wp\/v2\/media?parent=324"}],"wp:term":[{"taxonomy":"category","embeddable":true,"href":"https:\/\/blogg.svenskakyrkan.se\/vandravagen\/wp-json\/wp\/v2\/categories?post=324"},{"taxonomy":"post_tag","embeddable":true,"href":"https:\/\/blogg.svenskakyrkan.se\/vandravagen\/wp-json\/wp\/v2\/tags?post=324"}],"curies":[{"name":"wp","href":"https:\/\/api.w.org\/{rel}","templated":true}]}}