{"id":3256,"date":"2015-07-02T07:00:17","date_gmt":"2015-07-02T05:00:17","guid":{"rendered":"http:\/\/blogg.svenskakyrkan.se\/vandravagen\/?p=3256"},"modified":"2015-07-01T22:50:50","modified_gmt":"2015-07-01T20:50:50","slug":"kvinnor-och-kallor","status":"publish","type":"post","link":"https:\/\/blogg.svenskakyrkan.se\/vandravagen\/2015\/07\/02\/kvinnor-och-kallor\/","title":{"rendered":"Kvinnor och k\u00e4llor"},"content":{"rendered":"<p>&nbsp;<\/p>\n<div id=\"attachment_3301\" style=\"width: 438px\" class=\"wp-caption aligncenter\"><a href=\"http:\/\/blogg.svenskakyrkan.se\/vandravagen\/files\/2015\/06\/bild-7.jpg\"><img loading=\"lazy\" decoding=\"async\" aria-describedby=\"caption-attachment-3301\" class=\"size-full wp-image-3301\" src=\"http:\/\/blogg.svenskakyrkan.se\/vandravagen\/files\/2015\/06\/bild-7.jpg\" alt=\"Samling vid K\u00e4llan.\" width=\"428\" height=\"640\" srcset=\"https:\/\/blogg.svenskakyrkan.se\/vandravagen\/files\/2015\/06\/bild-7.jpg 428w, https:\/\/blogg.svenskakyrkan.se\/vandravagen\/files\/2015\/06\/bild-7-300x449.jpg 300w, https:\/\/blogg.svenskakyrkan.se\/vandravagen\/files\/2015\/06\/bild-7-201x300.jpg 201w\" sizes=\"auto, (max-width: 428px) 100vw, 428px\" \/><\/a><p id=\"caption-attachment-3301\" class=\"wp-caption-text\">Samling vid K\u00e4llan.<\/p><\/div>\n<p>Jag har nu i stort sett parallellt l\u00e4st tv\u00e5 b\u00f6cker med snarlika titlar av tv\u00e5 av v\u00e5ra viktigaste andliga f\u00f6rfattare. Det \u00e4r &#8221;Den inre k\u00e4llan&#8221; av Margareta Melin (jag fortsatte av bara farten efter &#8221;<a href=\"http:\/\/blogg.svenskakyrkan.se\/vandravagen\/2015\/06\/08\/vara-den-jag-ar-av-margareta-melin\/\">vara den jag \u00e4r<\/a>&#8221;) och &#8221;Leva av k\u00e4llan&#8221; av Ylva Eggehorn. Och samtidigt skrev jag <a href=\"http:\/\/blogg.svenskakyrkan.se\/vandravagen\/2015\/06\/17\/en-bra-bild-av-treenigheten-2\/\">om k\u00e4llan som bild av treenigheten<\/a>.<\/p>\n<p>Jag ska inte g\u00e5 s\u00e5 v\u00e4rst mycket in p\u00e5 n\u00e5gon av b\u00f6ckerna h\u00e4r. Det \u00e4r bra b\u00f6cker och Eggehorn och Melin \u00e4r tv\u00e5 av v\u00e5ra absolut st\u00f6rsta andliga f\u00f6rfattare s\u00e5 l\u00e4s g\u00e4rna b\u00f6ckerna.<\/p>\n<p>D\u00e4remot har jag t\u00e4nkt en del p\u00e5 bildspr\u00e5ket med k\u00e4llor. Det har fallit sig naturligt att jag f\u00e5tt tala en del om k\u00e4llor i predikningarna h\u00e4r i G\u00f6tene och Husaby f\u00f6r det \u00e4r verkligen en trakt d\u00e4r det dr\u00e4ller av k\u00e4llor med koppling till olika helgon. Vi har Sta Helenas k\u00e4lla i G\u00f6tene och i Medelplana, tv\u00e5 k\u00e4llor i Husaby, en k\u00e4lla (torr numera) vid Lilla Bjurums kyrkoruin och s\u00e5 vidare.<\/p>\n<p>De \u00e4r uppkallade efter olika helgon allihop och jag t\u00e4nker att det beror p\u00e5 att det kring en m\u00e4nniska som \u00e4r ledd av Gud p\u00e5 n\u00e5got s\u00e4tt s\u00e5 blir man vederkvickt och f\u00e5r nya krafter. Det \u00e4r som att n\u00e4r n\u00e5gon l\u00e4rt sig f\u00e5 vatten ur de dolda djupen (som ett tr\u00e4d planterat vid b\u00e4cken) s\u00e5 kommer det omgivningen till del, andra kan hitta k\u00e4llan och gr\u00e4va p\u00e5 samma st\u00e4lle.<\/p>\n<p>jag tror inte jag l\u00e4st m\u00e5nga andra b\u00f6cker med tema &#8221;k\u00e4llor&#8221; s\u00e5 man kan f\u00f6rst\u00e5s undra om det finns n\u00e5got sk\u00e4l att just kvinnliga f\u00f6rfattare b\u00e5da skrivit utifr\u00e5n samma bild. Jag t\u00e4nker mig att det finns en del likheter mellan k\u00e4llan och en f\u00f6dande kvinna. D\u00e4r kommer det fram str\u00f6mmar av nytt liv eller av livgivande vatten. K\u00e4llan kanske \u00e4r en ganska kvinnlig bild av Gud? I vilket fall \u00e4r det en jag tycker mycket om. Gud \u00e4r ju k\u00e4llan till allt gott enligt den kristna tron.<\/p>\n<p>Vi \u00e4r en del av allt som fl\u00f6dar ur Guds k\u00e4lla. Vi h\u00f6r ihop med den. Vi har den i oss. Hela tiden f\u00f6rnyar livet sig sj\u00e4lv och nya celler blir till. Vi m\u00e5 s\u00e4tta p\u00e5 pl\u00e5stret men egentligen l\u00e4ker s\u00e5ret sig sj\u00e4lvt d\u00e4runder. P\u00e5 n\u00e5got s\u00e4tt b\u00e4r vi alla med oss k\u00e4llan och d\u00e4r liv fl\u00f6dar fram, d\u00e4r skapar Gud. Att hitta en kristen tro handlar mycket om att uppt\u00e4cka den k\u00e4llan (det h\u00e4r skriver Melin mycket vackert om!) och l\u00e5ta dess vatten vattna ens inre tr\u00e4dg\u00e5rd. D\u00e4r kan vara mycket som \u00e4r uttorkat och d\u00f6tt och k\u00e4llan kan vara en liten liten punkt i en inre \u00f6ken men det hindrar inte att k\u00e4llan ocks\u00e5 kan f\u00e5 \u00f6knen att gr\u00f6nska. det tar tid f\u00f6rst\u00e5s, kanske \u00e4nda in i evigheten, men den lilla gr\u00f6nskan vid k\u00e4llans strand kanske sakta v\u00e4xer till en oas. Kanske rentav en skog. Bara vi planterar v\u00e5ra sm\u00e5 senapskorn av tro d\u00e4r vid kanten.<\/p>\n","protected":false},"excerpt":{"rendered":"<p>&nbsp; Jag har nu i stort sett parallellt l\u00e4st tv\u00e5 b\u00f6cker med snarlika titlar av tv\u00e5 av v\u00e5ra viktigaste andliga f\u00f6rfattare. Det \u00e4r &#8221;Den inre k\u00e4llan&#8221; av Margareta Melin (jag fortsatte av bara farten efter &#8221;vara den jag \u00e4r&#8221;) och &#8221;Leva av k\u00e4llan&#8221; av Ylva Eggehorn. Och samtidigt skrev jag om k\u00e4llan som bild av [&hellip;]<\/p>\n","protected":false},"author":392,"featured_media":0,"comment_status":"open","ping_status":"open","sticky":false,"template":"","format":"standard","meta":{"_acf_changed":false,"footnotes":""},"categories":[75887,8253,76189],"tags":[],"class_list":["post-3256","post","type-post","status-publish","format-standard","hentry","category-andlighet","category-bocker","category-dagens-kyrka"],"acf":[],"yoast_head":"<!-- This site is optimized with the Yoast SEO plugin v27.1.1 - https:\/\/yoast.com\/product\/yoast-seo-wordpress\/ -->\n<title>Kvinnor och k\u00e4llor - Vandra V\u00e4gen<\/title>\n<meta name=\"robots\" content=\"index, follow, max-snippet:-1, max-image-preview:large, max-video-preview:-1\" \/>\n<link rel=\"canonical\" href=\"https:\/\/blogg.svenskakyrkan.se\/vandravagen\/2015\/07\/02\/kvinnor-och-kallor\/\" \/>\n<meta property=\"og:locale\" content=\"sv_SE\" \/>\n<meta property=\"og:type\" content=\"article\" \/>\n<meta property=\"og:title\" content=\"Kvinnor och k\u00e4llor - Vandra V\u00e4gen\" \/>\n<meta property=\"og:description\" content=\"&nbsp; Jag har nu i stort sett parallellt l\u00e4st tv\u00e5 b\u00f6cker med snarlika titlar av tv\u00e5 av v\u00e5ra viktigaste andliga f\u00f6rfattare. Det \u00e4r &#8221;Den inre k\u00e4llan&#8221; av Margareta Melin (jag fortsatte av bara farten efter &#8221;vara den jag \u00e4r&#8221;) och &#8221;Leva av k\u00e4llan&#8221; av Ylva Eggehorn. Och samtidigt skrev jag om k\u00e4llan som bild av [&hellip;]\" \/>\n<meta property=\"og:url\" content=\"https:\/\/blogg.svenskakyrkan.se\/vandravagen\/2015\/07\/02\/kvinnor-och-kallor\/\" \/>\n<meta property=\"og:site_name\" content=\"Vandra V\u00e4gen\" \/>\n<meta property=\"article:publisher\" content=\"http:\/\/facebook.com\/vandravagen\" \/>\n<meta property=\"article:published_time\" content=\"2015-07-02T05:00:17+00:00\" \/>\n<meta property=\"og:image\" content=\"http:\/\/blogg.svenskakyrkan.se\/vandravagen\/files\/2015\/06\/bild-7.jpg\" \/>\n<meta name=\"author\" content=\"Tomas Jarvid\" \/>\n<meta name=\"twitter:card\" content=\"summary_large_image\" \/>\n<meta name=\"twitter:creator\" content=\"@fadertomas\" \/>\n<meta name=\"twitter:site\" content=\"@fadertomas\" \/>\n<meta name=\"twitter:label1\" content=\"Skriven av\" \/>\n\t<meta name=\"twitter:data1\" content=\"Tomas Jarvid\" \/>\n\t<meta name=\"twitter:label2\" content=\"Ber\u00e4knad l\u00e4stid\" \/>\n\t<meta name=\"twitter:data2\" content=\"3 minuter\" \/>\n<script type=\"application\/ld+json\" class=\"yoast-schema-graph\">{\"@context\":\"https:\/\/schema.org\",\"@graph\":[{\"@type\":\"Article\",\"@id\":\"https:\/\/blogg.svenskakyrkan.se\/vandravagen\/2015\/07\/02\/kvinnor-och-kallor\/#article\",\"isPartOf\":{\"@id\":\"https:\/\/blogg.svenskakyrkan.se\/vandravagen\/2015\/07\/02\/kvinnor-och-kallor\/\"},\"author\":{\"name\":\"Tomas Jarvid\",\"@id\":\"https:\/\/blogg.svenskakyrkan.se\/vandravagen\/#\/schema\/person\/25da02d4f76b137d04291711e2c9fc16\"},\"headline\":\"Kvinnor och k\u00e4llor\",\"datePublished\":\"2015-07-02T05:00:17+00:00\",\"mainEntityOfPage\":{\"@id\":\"https:\/\/blogg.svenskakyrkan.se\/vandravagen\/2015\/07\/02\/kvinnor-och-kallor\/\"},\"wordCount\":591,\"commentCount\":2,\"publisher\":{\"@id\":\"https:\/\/blogg.svenskakyrkan.se\/vandravagen\/#organization\"},\"image\":{\"@id\":\"https:\/\/blogg.svenskakyrkan.se\/vandravagen\/2015\/07\/02\/kvinnor-och-kallor\/#primaryimage\"},\"thumbnailUrl\":\"http:\/\/blogg.svenskakyrkan.se\/vandravagen\/files\/2015\/06\/bild-7.jpg\",\"articleSection\":[\"andlighet\",\"b\u00f6cker\",\"Dagens Kyrka\"],\"inLanguage\":\"sv-SE\",\"potentialAction\":[{\"@type\":\"CommentAction\",\"name\":\"Comment\",\"target\":[\"https:\/\/blogg.svenskakyrkan.se\/vandravagen\/2015\/07\/02\/kvinnor-och-kallor\/#respond\"]}]},{\"@type\":\"WebPage\",\"@id\":\"https:\/\/blogg.svenskakyrkan.se\/vandravagen\/2015\/07\/02\/kvinnor-och-kallor\/\",\"url\":\"https:\/\/blogg.svenskakyrkan.se\/vandravagen\/2015\/07\/02\/kvinnor-och-kallor\/\",\"name\":\"Kvinnor och k\u00e4llor - Vandra V\u00e4gen\",\"isPartOf\":{\"@id\":\"https:\/\/blogg.svenskakyrkan.se\/vandravagen\/#website\"},\"primaryImageOfPage\":{\"@id\":\"https:\/\/blogg.svenskakyrkan.se\/vandravagen\/2015\/07\/02\/kvinnor-och-kallor\/#primaryimage\"},\"image\":{\"@id\":\"https:\/\/blogg.svenskakyrkan.se\/vandravagen\/2015\/07\/02\/kvinnor-och-kallor\/#primaryimage\"},\"thumbnailUrl\":\"http:\/\/blogg.svenskakyrkan.se\/vandravagen\/files\/2015\/06\/bild-7.jpg\",\"datePublished\":\"2015-07-02T05:00:17+00:00\",\"breadcrumb\":{\"@id\":\"https:\/\/blogg.svenskakyrkan.se\/vandravagen\/2015\/07\/02\/kvinnor-och-kallor\/#breadcrumb\"},\"inLanguage\":\"sv-SE\",\"potentialAction\":[{\"@type\":\"ReadAction\",\"target\":[\"https:\/\/blogg.svenskakyrkan.se\/vandravagen\/2015\/07\/02\/kvinnor-och-kallor\/\"]}]},{\"@type\":\"ImageObject\",\"inLanguage\":\"sv-SE\",\"@id\":\"https:\/\/blogg.svenskakyrkan.se\/vandravagen\/2015\/07\/02\/kvinnor-och-kallor\/#primaryimage\",\"url\":\"http:\/\/blogg.svenskakyrkan.se\/vandravagen\/files\/2015\/06\/bild-7.jpg\",\"contentUrl\":\"http:\/\/blogg.svenskakyrkan.se\/vandravagen\/files\/2015\/06\/bild-7.jpg\"},{\"@type\":\"BreadcrumbList\",\"@id\":\"https:\/\/blogg.svenskakyrkan.se\/vandravagen\/2015\/07\/02\/kvinnor-och-kallor\/#breadcrumb\",\"itemListElement\":[{\"@type\":\"ListItem\",\"position\":1,\"name\":\"Hem\",\"item\":\"https:\/\/blogg.svenskakyrkan.se\/vandravagen\/\"},{\"@type\":\"ListItem\",\"position\":2,\"name\":\"Kvinnor och k\u00e4llor\"}]},{\"@type\":\"WebSite\",\"@id\":\"https:\/\/blogg.svenskakyrkan.se\/vandravagen\/#website\",\"url\":\"https:\/\/blogg.svenskakyrkan.se\/vandravagen\/\",\"name\":\"Vandra V\u00e4gen\",\"description\":\"-Mot en tro f\u00f6r hela livet\",\"publisher\":{\"@id\":\"https:\/\/blogg.svenskakyrkan.se\/vandravagen\/#organization\"},\"potentialAction\":[{\"@type\":\"SearchAction\",\"target\":{\"@type\":\"EntryPoint\",\"urlTemplate\":\"https:\/\/blogg.svenskakyrkan.se\/vandravagen\/?s={search_term_string}\"},\"query-input\":{\"@type\":\"PropertyValueSpecification\",\"valueRequired\":true,\"valueName\":\"search_term_string\"}}],\"inLanguage\":\"sv-SE\"},{\"@type\":\"Organization\",\"@id\":\"https:\/\/blogg.svenskakyrkan.se\/vandravagen\/#organization\",\"name\":\"ulricehamns pastorat\",\"alternateName\":\"ulricehamns pastorat\",\"url\":\"https:\/\/blogg.svenskakyrkan.se\/vandravagen\/\",\"logo\":{\"@type\":\"ImageObject\",\"inLanguage\":\"sv-SE\",\"@id\":\"https:\/\/blogg.svenskakyrkan.se\/vandravagen\/#\/schema\/logo\/image\/\",\"url\":\"https:\/\/blogg.svenskakyrkan.se\/vandravagen\/files\/2023\/05\/Ulr_logo_RGB.png\",\"contentUrl\":\"https:\/\/blogg.svenskakyrkan.se\/vandravagen\/files\/2023\/05\/Ulr_logo_RGB.png\",\"width\":205,\"height\":77,\"caption\":\"ulricehamns pastorat\"},\"image\":{\"@id\":\"https:\/\/blogg.svenskakyrkan.se\/vandravagen\/#\/schema\/logo\/image\/\"},\"sameAs\":[\"http:\/\/facebook.com\/vandravagen\",\"https:\/\/x.com\/fadertomas\",\"http:\/\/www.facebook.com\/svenskakyrkaniulricehamn\"]},{\"@type\":\"Person\",\"@id\":\"https:\/\/blogg.svenskakyrkan.se\/vandravagen\/#\/schema\/person\/25da02d4f76b137d04291711e2c9fc16\",\"name\":\"Tomas Jarvid\",\"image\":{\"@type\":\"ImageObject\",\"inLanguage\":\"sv-SE\",\"@id\":\"https:\/\/blogg.svenskakyrkan.se\/vandravagen\/#\/schema\/person\/image\/\",\"url\":\"https:\/\/secure.gravatar.com\/avatar\/7fa71899795e8f540f615a1f5ab25255dc27aa40f05ee7ddd21aac521e01bf50?s=96&d=identicon&r=g\",\"contentUrl\":\"https:\/\/secure.gravatar.com\/avatar\/7fa71899795e8f540f615a1f5ab25255dc27aa40f05ee7ddd21aac521e01bf50?s=96&d=identicon&r=g\",\"caption\":\"Tomas Jarvid\"},\"description\":\"Jag bor i Ulricehamn i V\u00e4sterg\u00f6tland och \u00e4r f\u00f6rsamlingspr\u00e4st i Svenska Kyrkan f\u00f6r Dalstorps f\u00f6rsamling i Kinds pastorat. P\u00e5 den h\u00e4r bloggen skriver jag ner tankar om vandringen som kristen.\",\"sameAs\":[\"http:\/\/www.vandravagen.se\"],\"url\":\"https:\/\/blogg.svenskakyrkan.se\/vandravagen\/author\/vandravagen\/\"}]}<\/script>\n<!-- \/ Yoast SEO plugin. -->","yoast_head_json":{"title":"Kvinnor och k\u00e4llor - Vandra V\u00e4gen","robots":{"index":"index","follow":"follow","max-snippet":"max-snippet:-1","max-image-preview":"max-image-preview:large","max-video-preview":"max-video-preview:-1"},"canonical":"https:\/\/blogg.svenskakyrkan.se\/vandravagen\/2015\/07\/02\/kvinnor-och-kallor\/","og_locale":"sv_SE","og_type":"article","og_title":"Kvinnor och k\u00e4llor - Vandra V\u00e4gen","og_description":"&nbsp; Jag har nu i stort sett parallellt l\u00e4st tv\u00e5 b\u00f6cker med snarlika titlar av tv\u00e5 av v\u00e5ra viktigaste andliga f\u00f6rfattare. Det \u00e4r &#8221;Den inre k\u00e4llan&#8221; av Margareta Melin (jag fortsatte av bara farten efter &#8221;vara den jag \u00e4r&#8221;) och &#8221;Leva av k\u00e4llan&#8221; av Ylva Eggehorn. Och samtidigt skrev jag om k\u00e4llan som bild av [&hellip;]","og_url":"https:\/\/blogg.svenskakyrkan.se\/vandravagen\/2015\/07\/02\/kvinnor-och-kallor\/","og_site_name":"Vandra V\u00e4gen","article_publisher":"http:\/\/facebook.com\/vandravagen","article_published_time":"2015-07-02T05:00:17+00:00","og_image":[{"url":"http:\/\/blogg.svenskakyrkan.se\/vandravagen\/files\/2015\/06\/bild-7.jpg","type":"","width":"","height":""}],"author":"Tomas Jarvid","twitter_card":"summary_large_image","twitter_creator":"@fadertomas","twitter_site":"@fadertomas","twitter_misc":{"Skriven av":"Tomas Jarvid","Ber\u00e4knad l\u00e4stid":"3 minuter"},"schema":{"@context":"https:\/\/schema.org","@graph":[{"@type":"Article","@id":"https:\/\/blogg.svenskakyrkan.se\/vandravagen\/2015\/07\/02\/kvinnor-och-kallor\/#article","isPartOf":{"@id":"https:\/\/blogg.svenskakyrkan.se\/vandravagen\/2015\/07\/02\/kvinnor-och-kallor\/"},"author":{"name":"Tomas Jarvid","@id":"https:\/\/blogg.svenskakyrkan.se\/vandravagen\/#\/schema\/person\/25da02d4f76b137d04291711e2c9fc16"},"headline":"Kvinnor och k\u00e4llor","datePublished":"2015-07-02T05:00:17+00:00","mainEntityOfPage":{"@id":"https:\/\/blogg.svenskakyrkan.se\/vandravagen\/2015\/07\/02\/kvinnor-och-kallor\/"},"wordCount":591,"commentCount":2,"publisher":{"@id":"https:\/\/blogg.svenskakyrkan.se\/vandravagen\/#organization"},"image":{"@id":"https:\/\/blogg.svenskakyrkan.se\/vandravagen\/2015\/07\/02\/kvinnor-och-kallor\/#primaryimage"},"thumbnailUrl":"http:\/\/blogg.svenskakyrkan.se\/vandravagen\/files\/2015\/06\/bild-7.jpg","articleSection":["andlighet","b\u00f6cker","Dagens Kyrka"],"inLanguage":"sv-SE","potentialAction":[{"@type":"CommentAction","name":"Comment","target":["https:\/\/blogg.svenskakyrkan.se\/vandravagen\/2015\/07\/02\/kvinnor-och-kallor\/#respond"]}]},{"@type":"WebPage","@id":"https:\/\/blogg.svenskakyrkan.se\/vandravagen\/2015\/07\/02\/kvinnor-och-kallor\/","url":"https:\/\/blogg.svenskakyrkan.se\/vandravagen\/2015\/07\/02\/kvinnor-och-kallor\/","name":"Kvinnor och k\u00e4llor - Vandra V\u00e4gen","isPartOf":{"@id":"https:\/\/blogg.svenskakyrkan.se\/vandravagen\/#website"},"primaryImageOfPage":{"@id":"https:\/\/blogg.svenskakyrkan.se\/vandravagen\/2015\/07\/02\/kvinnor-och-kallor\/#primaryimage"},"image":{"@id":"https:\/\/blogg.svenskakyrkan.se\/vandravagen\/2015\/07\/02\/kvinnor-och-kallor\/#primaryimage"},"thumbnailUrl":"http:\/\/blogg.svenskakyrkan.se\/vandravagen\/files\/2015\/06\/bild-7.jpg","datePublished":"2015-07-02T05:00:17+00:00","breadcrumb":{"@id":"https:\/\/blogg.svenskakyrkan.se\/vandravagen\/2015\/07\/02\/kvinnor-och-kallor\/#breadcrumb"},"inLanguage":"sv-SE","potentialAction":[{"@type":"ReadAction","target":["https:\/\/blogg.svenskakyrkan.se\/vandravagen\/2015\/07\/02\/kvinnor-och-kallor\/"]}]},{"@type":"ImageObject","inLanguage":"sv-SE","@id":"https:\/\/blogg.svenskakyrkan.se\/vandravagen\/2015\/07\/02\/kvinnor-och-kallor\/#primaryimage","url":"http:\/\/blogg.svenskakyrkan.se\/vandravagen\/files\/2015\/06\/bild-7.jpg","contentUrl":"http:\/\/blogg.svenskakyrkan.se\/vandravagen\/files\/2015\/06\/bild-7.jpg"},{"@type":"BreadcrumbList","@id":"https:\/\/blogg.svenskakyrkan.se\/vandravagen\/2015\/07\/02\/kvinnor-och-kallor\/#breadcrumb","itemListElement":[{"@type":"ListItem","position":1,"name":"Hem","item":"https:\/\/blogg.svenskakyrkan.se\/vandravagen\/"},{"@type":"ListItem","position":2,"name":"Kvinnor och k\u00e4llor"}]},{"@type":"WebSite","@id":"https:\/\/blogg.svenskakyrkan.se\/vandravagen\/#website","url":"https:\/\/blogg.svenskakyrkan.se\/vandravagen\/","name":"Vandra V\u00e4gen","description":"-Mot en tro f\u00f6r hela livet","publisher":{"@id":"https:\/\/blogg.svenskakyrkan.se\/vandravagen\/#organization"},"potentialAction":[{"@type":"SearchAction","target":{"@type":"EntryPoint","urlTemplate":"https:\/\/blogg.svenskakyrkan.se\/vandravagen\/?s={search_term_string}"},"query-input":{"@type":"PropertyValueSpecification","valueRequired":true,"valueName":"search_term_string"}}],"inLanguage":"sv-SE"},{"@type":"Organization","@id":"https:\/\/blogg.svenskakyrkan.se\/vandravagen\/#organization","name":"ulricehamns pastorat","alternateName":"ulricehamns pastorat","url":"https:\/\/blogg.svenskakyrkan.se\/vandravagen\/","logo":{"@type":"ImageObject","inLanguage":"sv-SE","@id":"https:\/\/blogg.svenskakyrkan.se\/vandravagen\/#\/schema\/logo\/image\/","url":"https:\/\/blogg.svenskakyrkan.se\/vandravagen\/files\/2023\/05\/Ulr_logo_RGB.png","contentUrl":"https:\/\/blogg.svenskakyrkan.se\/vandravagen\/files\/2023\/05\/Ulr_logo_RGB.png","width":205,"height":77,"caption":"ulricehamns pastorat"},"image":{"@id":"https:\/\/blogg.svenskakyrkan.se\/vandravagen\/#\/schema\/logo\/image\/"},"sameAs":["http:\/\/facebook.com\/vandravagen","https:\/\/x.com\/fadertomas","http:\/\/www.facebook.com\/svenskakyrkaniulricehamn"]},{"@type":"Person","@id":"https:\/\/blogg.svenskakyrkan.se\/vandravagen\/#\/schema\/person\/25da02d4f76b137d04291711e2c9fc16","name":"Tomas Jarvid","image":{"@type":"ImageObject","inLanguage":"sv-SE","@id":"https:\/\/blogg.svenskakyrkan.se\/vandravagen\/#\/schema\/person\/image\/","url":"https:\/\/secure.gravatar.com\/avatar\/7fa71899795e8f540f615a1f5ab25255dc27aa40f05ee7ddd21aac521e01bf50?s=96&d=identicon&r=g","contentUrl":"https:\/\/secure.gravatar.com\/avatar\/7fa71899795e8f540f615a1f5ab25255dc27aa40f05ee7ddd21aac521e01bf50?s=96&d=identicon&r=g","caption":"Tomas Jarvid"},"description":"Jag bor i Ulricehamn i V\u00e4sterg\u00f6tland och \u00e4r f\u00f6rsamlingspr\u00e4st i Svenska Kyrkan f\u00f6r Dalstorps f\u00f6rsamling i Kinds pastorat. P\u00e5 den h\u00e4r bloggen skriver jag ner tankar om vandringen som kristen.","sameAs":["http:\/\/www.vandravagen.se"],"url":"https:\/\/blogg.svenskakyrkan.se\/vandravagen\/author\/vandravagen\/"}]}},"author_meta":{"ID":"392","user_nicename":"vandravagen","user_url":"http:\/\/www.vandravagen.se","user_registered":"2014-05-19 05:44:52","display_name":"Tomas Jarvid","first_name":"Tomas","last_name":"Jarvid","avatar":"https:\/\/secure.gravatar.com\/avatar\/7fa71899795e8f540f615a1f5ab25255dc27aa40f05ee7ddd21aac521e01bf50?s=96&d=identicon&r=g"},"featured_image":false,"bloginfo":{"name":"Vandra V\u00e4gen","url":"https:\/\/blogg.svenskakyrkan.se\/vandravagen"},"_links":{"self":[{"href":"https:\/\/blogg.svenskakyrkan.se\/vandravagen\/wp-json\/wp\/v2\/posts\/3256","targetHints":{"allow":["GET"]}}],"collection":[{"href":"https:\/\/blogg.svenskakyrkan.se\/vandravagen\/wp-json\/wp\/v2\/posts"}],"about":[{"href":"https:\/\/blogg.svenskakyrkan.se\/vandravagen\/wp-json\/wp\/v2\/types\/post"}],"author":[{"embeddable":true,"href":"https:\/\/blogg.svenskakyrkan.se\/vandravagen\/wp-json\/wp\/v2\/users\/392"}],"replies":[{"embeddable":true,"href":"https:\/\/blogg.svenskakyrkan.se\/vandravagen\/wp-json\/wp\/v2\/comments?post=3256"}],"version-history":[{"count":2,"href":"https:\/\/blogg.svenskakyrkan.se\/vandravagen\/wp-json\/wp\/v2\/posts\/3256\/revisions"}],"predecessor-version":[{"id":3302,"href":"https:\/\/blogg.svenskakyrkan.se\/vandravagen\/wp-json\/wp\/v2\/posts\/3256\/revisions\/3302"}],"wp:attachment":[{"href":"https:\/\/blogg.svenskakyrkan.se\/vandravagen\/wp-json\/wp\/v2\/media?parent=3256"}],"wp:term":[{"taxonomy":"category","embeddable":true,"href":"https:\/\/blogg.svenskakyrkan.se\/vandravagen\/wp-json\/wp\/v2\/categories?post=3256"},{"taxonomy":"post_tag","embeddable":true,"href":"https:\/\/blogg.svenskakyrkan.se\/vandravagen\/wp-json\/wp\/v2\/tags?post=3256"}],"curies":[{"name":"wp","href":"https:\/\/api.w.org\/{rel}","templated":true}]}}