{"id":3258,"date":"2015-06-16T07:00:28","date_gmt":"2015-06-16T05:00:28","guid":{"rendered":"http:\/\/blogg.svenskakyrkan.se\/vandravagen\/?p=3258"},"modified":"2015-06-15T22:16:08","modified_gmt":"2015-06-15T20:16:08","slug":"savonarolas-dod","status":"publish","type":"post","link":"https:\/\/blogg.svenskakyrkan.se\/vandravagen\/2015\/06\/16\/savonarolas-dod\/","title":{"rendered":"Savonarolas d\u00f6d"},"content":{"rendered":"<div id=\"attachment_3260\" style=\"width: 490px\" class=\"wp-caption aligncenter\"><a href=\"http:\/\/blogg.svenskakyrkan.se\/vandravagen\/files\/2015\/06\/bild-31.jpg\"><img loading=\"lazy\" decoding=\"async\" aria-describedby=\"caption-attachment-3260\" class=\"size-full wp-image-3260\" src=\"http:\/\/blogg.svenskakyrkan.se\/vandravagen\/files\/2015\/06\/bild-31.jpg\" alt=\"&quot;Savonarolas sista skrifter&quot;\" width=\"480\" height=\"640\" srcset=\"https:\/\/blogg.svenskakyrkan.se\/vandravagen\/files\/2015\/06\/bild-31.jpg 480w, https:\/\/blogg.svenskakyrkan.se\/vandravagen\/files\/2015\/06\/bild-31-300x400.jpg 300w, https:\/\/blogg.svenskakyrkan.se\/vandravagen\/files\/2015\/06\/bild-31-225x300.jpg 225w\" sizes=\"auto, (max-width: 480px) 100vw, 480px\" \/><\/a><p id=\"caption-attachment-3260\" class=\"wp-caption-text\">&#8221;Savonarolas sista skrifter&#8221;<\/p><\/div>\n<p>Jag har l\u00e4nge haft den h\u00e4r boken i min \u00e4go. Jag har vagt snappat upp att denne Savonarola nog var en predikant av den svavelosande sorten och det kanske \u00e4r d\u00e4rf\u00f6r det inte blivit av att l\u00e4sa ur den f\u00f6rr\u00e4n nu. Efter att ha l\u00e4st redog\u00f6relsen av<strong> Girolamo Savonarolas<\/strong> <strong>liv<\/strong> kan jag \u00e4nd\u00e5 inte annat \u00e4n fascineras!<\/p>\n<p>Efter sin uppv\u00e4xt i en ganska v\u00e4lb\u00e4rgad familj i Ferrera i Italien kom Girolamo att inta en v\u00e4ldigt str\u00e4ng asketisk livsh\u00e5llning i tjugo\u00e5rs\u00e5ldern. han blev dominikanermunk och skrev redan tidigt olika dikter d\u00e4r han gick h\u00e5rt \u00e5t b\u00e5de den blomstrande ren\u00e4ssansens kulturliv omkring honom och kyrkan, som han inte r\u00e4ddes kalla f\u00f6r ett horhus.<\/p>\n<p>P\u00e5 n\u00e5got s\u00e4tt lyckades Savonarola trots sina h\u00e4tska utfall \u00e5t olika h\u00e5ll bli prior f\u00f6r ett kloster i Florens. Antalet munkar \u00f6kade starkt under hans ledning, i m\u00e5nga fall kom de nya br\u00f6derna fr\u00e5n stadens rika familjer.<\/p>\n<p>1494 blev Florens intaget av en fransk arm\u00e9 och d\u00e5 den lokala fursten tvingades fly <strong>blev faktiskt v\u00e5r Girolamo faktiskt ledare \u00f6ver staden<\/strong>. Detta eftersom han hade folkets fulla f\u00f6rtroende s\u00e5som oklanderlig i moraliskt h\u00e4nseende.<\/p>\n<p>D\u00e5 utropade Savonarola Kristus till Florens konung och anordnade processioner . Vid en gudstj\u00e4nst lyfte han krucifixet och ropade ut:<\/p>\n<blockquote>\n<p>&#8221;Detta \u00e4r universums konung, Han vill vara din konung&#8221;<\/p>\n<\/blockquote>\n<p>-till h\u00f6ga bifallsrop!<\/p>\n<p>N\u00e4r s\u00e5 p\u00e5ven (som ju var en v\u00e4rldslig furste ocks\u00e5 med arm\u00e9er och s\u00e5nt) tillsammans med andra furstar lyckades k\u00f6ra ut fransm\u00e4nnen v\u00e4grade Savonarola att ansluta Florens till dem. Savonarola hade s\u00e5 lite till \u00f6vers f\u00f6r p\u00e5vemakten att han tyckte hans &#8221;nya Jerusalem&#8221; i Florens klarade sig b\u00e4ttre utan den \u00f6verheten. Detta ledde f\u00f6rst\u00e5s till bannlysning av Savonarola 1497. P\u00e5 olika v\u00e4gar lyckades hans motst\u00e5ndare sedan rasera hans goda rykte och folkets k\u00e4rlek v\u00e4ndes i hat. Han greps och torterades och d\u00f6mdes till slut p\u00e5 falska dokument till d\u00f6den.<\/p>\n<p>Innan han besteg b\u00e5let sade biskopen av Varona (en v\u00e4n till Savonarola som jag f\u00f6rst\u00e5tt det) p\u00e5 darrande r\u00f6st:<\/p>\n<blockquote>\n<p>&#8221;Jag skiljer dig fr\u00e5n den stridande (den p\u00e5 jorden) och fr\u00e5n den triumferande kyrkan (den i himlen)&#8221;<\/p>\n<\/blockquote>\n<p>Varp\u00e5 Savonarola svarade:<\/p>\n<blockquote>\n<p>&#8221;Fr\u00e5n den stridande<strong> men ej fr\u00e5n den triumferande<\/strong>, ty det st\u00e5r icke i din f\u00f6rm\u00e5ga&#8221;<\/p>\n<\/blockquote>\n<p>De slutorden kan du och jag fundera \u00f6ver idag. Vad man \u00e4n i \u00f6vrigt t\u00e4nker om botpredikanten Savonarola s\u00e5 \u00e4r det h\u00e4r goda ord f\u00f6r m\u00e5nga av oss att stava p\u00e5. Hur det \u00e4n \u00e4r med v\u00e5rt f\u00f6rh\u00e5llande till Kyrkan som institution eller organisation s\u00e5 \u00e4r det inte s\u00e5 illa att vi \u00e4r skilda fr\u00e5n Kristi Kyrka f\u00f6r den sakens skull. Det \u00e4r det Gud som r\u00e5der \u00f6ver.<\/p>\n","protected":false},"excerpt":{"rendered":"<p>Jag har l\u00e4nge haft den h\u00e4r boken i min \u00e4go. Jag har vagt snappat upp att denne Savonarola nog var en predikant av den svavelosande sorten och det kanske \u00e4r d\u00e4rf\u00f6r det inte blivit av att l\u00e4sa ur den f\u00f6rr\u00e4n nu. Efter att ha l\u00e4st redog\u00f6relsen av Girolamo Savonarolas liv kan jag \u00e4nd\u00e5 inte annat [&hellip;]<\/p>\n","protected":false},"author":392,"featured_media":0,"comment_status":"open","ping_status":"open","sticky":false,"template":"","format":"standard","meta":{"_acf_changed":false,"footnotes":""},"categories":[76189,8337,33574],"tags":[],"class_list":["post-3258","post","type-post","status-publish","format-standard","hentry","category-dagens-kyrka","category-historia","category-kyrkan"],"acf":[],"yoast_head":"<!-- This site is optimized with the Yoast SEO plugin v27.1.1 - https:\/\/yoast.com\/product\/yoast-seo-wordpress\/ -->\n<title>Savonarolas d\u00f6d - Vandra V\u00e4gen<\/title>\n<meta name=\"robots\" content=\"index, follow, max-snippet:-1, max-image-preview:large, max-video-preview:-1\" \/>\n<link rel=\"canonical\" href=\"https:\/\/blogg.svenskakyrkan.se\/vandravagen\/2015\/06\/16\/savonarolas-dod\/\" \/>\n<meta property=\"og:locale\" content=\"sv_SE\" \/>\n<meta property=\"og:type\" content=\"article\" \/>\n<meta property=\"og:title\" content=\"Savonarolas d\u00f6d - Vandra V\u00e4gen\" \/>\n<meta property=\"og:description\" content=\"Jag har l\u00e4nge haft den h\u00e4r boken i min \u00e4go. Jag har vagt snappat upp att denne Savonarola nog var en predikant av den svavelosande sorten och det kanske \u00e4r d\u00e4rf\u00f6r det inte blivit av att l\u00e4sa ur den f\u00f6rr\u00e4n nu. Efter att ha l\u00e4st redog\u00f6relsen av Girolamo Savonarolas liv kan jag \u00e4nd\u00e5 inte annat [&hellip;]\" \/>\n<meta property=\"og:url\" content=\"https:\/\/blogg.svenskakyrkan.se\/vandravagen\/2015\/06\/16\/savonarolas-dod\/\" \/>\n<meta property=\"og:site_name\" content=\"Vandra V\u00e4gen\" \/>\n<meta property=\"article:publisher\" content=\"http:\/\/facebook.com\/vandravagen\" \/>\n<meta property=\"article:published_time\" content=\"2015-06-16T05:00:28+00:00\" \/>\n<meta property=\"og:image\" content=\"http:\/\/blogg.svenskakyrkan.se\/vandravagen\/files\/2015\/06\/bild-31.jpg\" \/>\n<meta name=\"author\" content=\"Tomas Jarvid\" \/>\n<meta name=\"twitter:card\" content=\"summary_large_image\" \/>\n<meta name=\"twitter:creator\" content=\"@fadertomas\" \/>\n<meta name=\"twitter:site\" content=\"@fadertomas\" \/>\n<meta name=\"twitter:label1\" content=\"Skriven av\" \/>\n\t<meta name=\"twitter:data1\" content=\"Tomas Jarvid\" \/>\n\t<meta name=\"twitter:label2\" content=\"Ber\u00e4knad l\u00e4stid\" \/>\n\t<meta name=\"twitter:data2\" content=\"3 minuter\" \/>\n<script type=\"application\/ld+json\" class=\"yoast-schema-graph\">{\"@context\":\"https:\/\/schema.org\",\"@graph\":[{\"@type\":\"Article\",\"@id\":\"https:\/\/blogg.svenskakyrkan.se\/vandravagen\/2015\/06\/16\/savonarolas-dod\/#article\",\"isPartOf\":{\"@id\":\"https:\/\/blogg.svenskakyrkan.se\/vandravagen\/2015\/06\/16\/savonarolas-dod\/\"},\"author\":{\"name\":\"Tomas Jarvid\",\"@id\":\"https:\/\/blogg.svenskakyrkan.se\/vandravagen\/#\/schema\/person\/25da02d4f76b137d04291711e2c9fc16\"},\"headline\":\"Savonarolas d\u00f6d\",\"datePublished\":\"2015-06-16T05:00:28+00:00\",\"mainEntityOfPage\":{\"@id\":\"https:\/\/blogg.svenskakyrkan.se\/vandravagen\/2015\/06\/16\/savonarolas-dod\/\"},\"wordCount\":514,\"commentCount\":0,\"publisher\":{\"@id\":\"https:\/\/blogg.svenskakyrkan.se\/vandravagen\/#organization\"},\"image\":{\"@id\":\"https:\/\/blogg.svenskakyrkan.se\/vandravagen\/2015\/06\/16\/savonarolas-dod\/#primaryimage\"},\"thumbnailUrl\":\"http:\/\/blogg.svenskakyrkan.se\/vandravagen\/files\/2015\/06\/bild-31.jpg\",\"articleSection\":[\"Dagens Kyrka\",\"historia\",\"kyrkan\"],\"inLanguage\":\"sv-SE\",\"potentialAction\":[{\"@type\":\"CommentAction\",\"name\":\"Comment\",\"target\":[\"https:\/\/blogg.svenskakyrkan.se\/vandravagen\/2015\/06\/16\/savonarolas-dod\/#respond\"]}]},{\"@type\":\"WebPage\",\"@id\":\"https:\/\/blogg.svenskakyrkan.se\/vandravagen\/2015\/06\/16\/savonarolas-dod\/\",\"url\":\"https:\/\/blogg.svenskakyrkan.se\/vandravagen\/2015\/06\/16\/savonarolas-dod\/\",\"name\":\"Savonarolas d\u00f6d - Vandra V\u00e4gen\",\"isPartOf\":{\"@id\":\"https:\/\/blogg.svenskakyrkan.se\/vandravagen\/#website\"},\"primaryImageOfPage\":{\"@id\":\"https:\/\/blogg.svenskakyrkan.se\/vandravagen\/2015\/06\/16\/savonarolas-dod\/#primaryimage\"},\"image\":{\"@id\":\"https:\/\/blogg.svenskakyrkan.se\/vandravagen\/2015\/06\/16\/savonarolas-dod\/#primaryimage\"},\"thumbnailUrl\":\"http:\/\/blogg.svenskakyrkan.se\/vandravagen\/files\/2015\/06\/bild-31.jpg\",\"datePublished\":\"2015-06-16T05:00:28+00:00\",\"breadcrumb\":{\"@id\":\"https:\/\/blogg.svenskakyrkan.se\/vandravagen\/2015\/06\/16\/savonarolas-dod\/#breadcrumb\"},\"inLanguage\":\"sv-SE\",\"potentialAction\":[{\"@type\":\"ReadAction\",\"target\":[\"https:\/\/blogg.svenskakyrkan.se\/vandravagen\/2015\/06\/16\/savonarolas-dod\/\"]}]},{\"@type\":\"ImageObject\",\"inLanguage\":\"sv-SE\",\"@id\":\"https:\/\/blogg.svenskakyrkan.se\/vandravagen\/2015\/06\/16\/savonarolas-dod\/#primaryimage\",\"url\":\"http:\/\/blogg.svenskakyrkan.se\/vandravagen\/files\/2015\/06\/bild-31.jpg\",\"contentUrl\":\"http:\/\/blogg.svenskakyrkan.se\/vandravagen\/files\/2015\/06\/bild-31.jpg\"},{\"@type\":\"BreadcrumbList\",\"@id\":\"https:\/\/blogg.svenskakyrkan.se\/vandravagen\/2015\/06\/16\/savonarolas-dod\/#breadcrumb\",\"itemListElement\":[{\"@type\":\"ListItem\",\"position\":1,\"name\":\"Hem\",\"item\":\"https:\/\/blogg.svenskakyrkan.se\/vandravagen\/\"},{\"@type\":\"ListItem\",\"position\":2,\"name\":\"Savonarolas d\u00f6d\"}]},{\"@type\":\"WebSite\",\"@id\":\"https:\/\/blogg.svenskakyrkan.se\/vandravagen\/#website\",\"url\":\"https:\/\/blogg.svenskakyrkan.se\/vandravagen\/\",\"name\":\"Vandra V\u00e4gen\",\"description\":\"-Mot en tro f\u00f6r hela livet\",\"publisher\":{\"@id\":\"https:\/\/blogg.svenskakyrkan.se\/vandravagen\/#organization\"},\"potentialAction\":[{\"@type\":\"SearchAction\",\"target\":{\"@type\":\"EntryPoint\",\"urlTemplate\":\"https:\/\/blogg.svenskakyrkan.se\/vandravagen\/?s={search_term_string}\"},\"query-input\":{\"@type\":\"PropertyValueSpecification\",\"valueRequired\":true,\"valueName\":\"search_term_string\"}}],\"inLanguage\":\"sv-SE\"},{\"@type\":\"Organization\",\"@id\":\"https:\/\/blogg.svenskakyrkan.se\/vandravagen\/#organization\",\"name\":\"ulricehamns pastorat\",\"alternateName\":\"ulricehamns pastorat\",\"url\":\"https:\/\/blogg.svenskakyrkan.se\/vandravagen\/\",\"logo\":{\"@type\":\"ImageObject\",\"inLanguage\":\"sv-SE\",\"@id\":\"https:\/\/blogg.svenskakyrkan.se\/vandravagen\/#\/schema\/logo\/image\/\",\"url\":\"https:\/\/blogg.svenskakyrkan.se\/vandravagen\/files\/2023\/05\/Ulr_logo_RGB.png\",\"contentUrl\":\"https:\/\/blogg.svenskakyrkan.se\/vandravagen\/files\/2023\/05\/Ulr_logo_RGB.png\",\"width\":205,\"height\":77,\"caption\":\"ulricehamns pastorat\"},\"image\":{\"@id\":\"https:\/\/blogg.svenskakyrkan.se\/vandravagen\/#\/schema\/logo\/image\/\"},\"sameAs\":[\"http:\/\/facebook.com\/vandravagen\",\"https:\/\/x.com\/fadertomas\",\"http:\/\/www.facebook.com\/svenskakyrkaniulricehamn\"]},{\"@type\":\"Person\",\"@id\":\"https:\/\/blogg.svenskakyrkan.se\/vandravagen\/#\/schema\/person\/25da02d4f76b137d04291711e2c9fc16\",\"name\":\"Tomas Jarvid\",\"image\":{\"@type\":\"ImageObject\",\"inLanguage\":\"sv-SE\",\"@id\":\"https:\/\/blogg.svenskakyrkan.se\/vandravagen\/#\/schema\/person\/image\/\",\"url\":\"https:\/\/secure.gravatar.com\/avatar\/7fa71899795e8f540f615a1f5ab25255dc27aa40f05ee7ddd21aac521e01bf50?s=96&d=identicon&r=g\",\"contentUrl\":\"https:\/\/secure.gravatar.com\/avatar\/7fa71899795e8f540f615a1f5ab25255dc27aa40f05ee7ddd21aac521e01bf50?s=96&d=identicon&r=g\",\"caption\":\"Tomas Jarvid\"},\"description\":\"Jag bor i Ulricehamn i V\u00e4sterg\u00f6tland och \u00e4r f\u00f6rsamlingspr\u00e4st i Svenska Kyrkan f\u00f6r Dalstorps f\u00f6rsamling i Kinds pastorat. P\u00e5 den h\u00e4r bloggen skriver jag ner tankar om vandringen som kristen.\",\"sameAs\":[\"http:\/\/www.vandravagen.se\"],\"url\":\"https:\/\/blogg.svenskakyrkan.se\/vandravagen\/author\/vandravagen\/\"}]}<\/script>\n<!-- \/ Yoast SEO plugin. -->","yoast_head_json":{"title":"Savonarolas d\u00f6d - Vandra V\u00e4gen","robots":{"index":"index","follow":"follow","max-snippet":"max-snippet:-1","max-image-preview":"max-image-preview:large","max-video-preview":"max-video-preview:-1"},"canonical":"https:\/\/blogg.svenskakyrkan.se\/vandravagen\/2015\/06\/16\/savonarolas-dod\/","og_locale":"sv_SE","og_type":"article","og_title":"Savonarolas d\u00f6d - Vandra V\u00e4gen","og_description":"Jag har l\u00e4nge haft den h\u00e4r boken i min \u00e4go. Jag har vagt snappat upp att denne Savonarola nog var en predikant av den svavelosande sorten och det kanske \u00e4r d\u00e4rf\u00f6r det inte blivit av att l\u00e4sa ur den f\u00f6rr\u00e4n nu. Efter att ha l\u00e4st redog\u00f6relsen av Girolamo Savonarolas liv kan jag \u00e4nd\u00e5 inte annat [&hellip;]","og_url":"https:\/\/blogg.svenskakyrkan.se\/vandravagen\/2015\/06\/16\/savonarolas-dod\/","og_site_name":"Vandra V\u00e4gen","article_publisher":"http:\/\/facebook.com\/vandravagen","article_published_time":"2015-06-16T05:00:28+00:00","og_image":[{"url":"http:\/\/blogg.svenskakyrkan.se\/vandravagen\/files\/2015\/06\/bild-31.jpg","type":"","width":"","height":""}],"author":"Tomas Jarvid","twitter_card":"summary_large_image","twitter_creator":"@fadertomas","twitter_site":"@fadertomas","twitter_misc":{"Skriven av":"Tomas Jarvid","Ber\u00e4knad l\u00e4stid":"3 minuter"},"schema":{"@context":"https:\/\/schema.org","@graph":[{"@type":"Article","@id":"https:\/\/blogg.svenskakyrkan.se\/vandravagen\/2015\/06\/16\/savonarolas-dod\/#article","isPartOf":{"@id":"https:\/\/blogg.svenskakyrkan.se\/vandravagen\/2015\/06\/16\/savonarolas-dod\/"},"author":{"name":"Tomas Jarvid","@id":"https:\/\/blogg.svenskakyrkan.se\/vandravagen\/#\/schema\/person\/25da02d4f76b137d04291711e2c9fc16"},"headline":"Savonarolas d\u00f6d","datePublished":"2015-06-16T05:00:28+00:00","mainEntityOfPage":{"@id":"https:\/\/blogg.svenskakyrkan.se\/vandravagen\/2015\/06\/16\/savonarolas-dod\/"},"wordCount":514,"commentCount":0,"publisher":{"@id":"https:\/\/blogg.svenskakyrkan.se\/vandravagen\/#organization"},"image":{"@id":"https:\/\/blogg.svenskakyrkan.se\/vandravagen\/2015\/06\/16\/savonarolas-dod\/#primaryimage"},"thumbnailUrl":"http:\/\/blogg.svenskakyrkan.se\/vandravagen\/files\/2015\/06\/bild-31.jpg","articleSection":["Dagens Kyrka","historia","kyrkan"],"inLanguage":"sv-SE","potentialAction":[{"@type":"CommentAction","name":"Comment","target":["https:\/\/blogg.svenskakyrkan.se\/vandravagen\/2015\/06\/16\/savonarolas-dod\/#respond"]}]},{"@type":"WebPage","@id":"https:\/\/blogg.svenskakyrkan.se\/vandravagen\/2015\/06\/16\/savonarolas-dod\/","url":"https:\/\/blogg.svenskakyrkan.se\/vandravagen\/2015\/06\/16\/savonarolas-dod\/","name":"Savonarolas d\u00f6d - Vandra V\u00e4gen","isPartOf":{"@id":"https:\/\/blogg.svenskakyrkan.se\/vandravagen\/#website"},"primaryImageOfPage":{"@id":"https:\/\/blogg.svenskakyrkan.se\/vandravagen\/2015\/06\/16\/savonarolas-dod\/#primaryimage"},"image":{"@id":"https:\/\/blogg.svenskakyrkan.se\/vandravagen\/2015\/06\/16\/savonarolas-dod\/#primaryimage"},"thumbnailUrl":"http:\/\/blogg.svenskakyrkan.se\/vandravagen\/files\/2015\/06\/bild-31.jpg","datePublished":"2015-06-16T05:00:28+00:00","breadcrumb":{"@id":"https:\/\/blogg.svenskakyrkan.se\/vandravagen\/2015\/06\/16\/savonarolas-dod\/#breadcrumb"},"inLanguage":"sv-SE","potentialAction":[{"@type":"ReadAction","target":["https:\/\/blogg.svenskakyrkan.se\/vandravagen\/2015\/06\/16\/savonarolas-dod\/"]}]},{"@type":"ImageObject","inLanguage":"sv-SE","@id":"https:\/\/blogg.svenskakyrkan.se\/vandravagen\/2015\/06\/16\/savonarolas-dod\/#primaryimage","url":"http:\/\/blogg.svenskakyrkan.se\/vandravagen\/files\/2015\/06\/bild-31.jpg","contentUrl":"http:\/\/blogg.svenskakyrkan.se\/vandravagen\/files\/2015\/06\/bild-31.jpg"},{"@type":"BreadcrumbList","@id":"https:\/\/blogg.svenskakyrkan.se\/vandravagen\/2015\/06\/16\/savonarolas-dod\/#breadcrumb","itemListElement":[{"@type":"ListItem","position":1,"name":"Hem","item":"https:\/\/blogg.svenskakyrkan.se\/vandravagen\/"},{"@type":"ListItem","position":2,"name":"Savonarolas d\u00f6d"}]},{"@type":"WebSite","@id":"https:\/\/blogg.svenskakyrkan.se\/vandravagen\/#website","url":"https:\/\/blogg.svenskakyrkan.se\/vandravagen\/","name":"Vandra V\u00e4gen","description":"-Mot en tro f\u00f6r hela livet","publisher":{"@id":"https:\/\/blogg.svenskakyrkan.se\/vandravagen\/#organization"},"potentialAction":[{"@type":"SearchAction","target":{"@type":"EntryPoint","urlTemplate":"https:\/\/blogg.svenskakyrkan.se\/vandravagen\/?s={search_term_string}"},"query-input":{"@type":"PropertyValueSpecification","valueRequired":true,"valueName":"search_term_string"}}],"inLanguage":"sv-SE"},{"@type":"Organization","@id":"https:\/\/blogg.svenskakyrkan.se\/vandravagen\/#organization","name":"ulricehamns pastorat","alternateName":"ulricehamns pastorat","url":"https:\/\/blogg.svenskakyrkan.se\/vandravagen\/","logo":{"@type":"ImageObject","inLanguage":"sv-SE","@id":"https:\/\/blogg.svenskakyrkan.se\/vandravagen\/#\/schema\/logo\/image\/","url":"https:\/\/blogg.svenskakyrkan.se\/vandravagen\/files\/2023\/05\/Ulr_logo_RGB.png","contentUrl":"https:\/\/blogg.svenskakyrkan.se\/vandravagen\/files\/2023\/05\/Ulr_logo_RGB.png","width":205,"height":77,"caption":"ulricehamns pastorat"},"image":{"@id":"https:\/\/blogg.svenskakyrkan.se\/vandravagen\/#\/schema\/logo\/image\/"},"sameAs":["http:\/\/facebook.com\/vandravagen","https:\/\/x.com\/fadertomas","http:\/\/www.facebook.com\/svenskakyrkaniulricehamn"]},{"@type":"Person","@id":"https:\/\/blogg.svenskakyrkan.se\/vandravagen\/#\/schema\/person\/25da02d4f76b137d04291711e2c9fc16","name":"Tomas Jarvid","image":{"@type":"ImageObject","inLanguage":"sv-SE","@id":"https:\/\/blogg.svenskakyrkan.se\/vandravagen\/#\/schema\/person\/image\/","url":"https:\/\/secure.gravatar.com\/avatar\/7fa71899795e8f540f615a1f5ab25255dc27aa40f05ee7ddd21aac521e01bf50?s=96&d=identicon&r=g","contentUrl":"https:\/\/secure.gravatar.com\/avatar\/7fa71899795e8f540f615a1f5ab25255dc27aa40f05ee7ddd21aac521e01bf50?s=96&d=identicon&r=g","caption":"Tomas Jarvid"},"description":"Jag bor i Ulricehamn i V\u00e4sterg\u00f6tland och \u00e4r f\u00f6rsamlingspr\u00e4st i Svenska Kyrkan f\u00f6r Dalstorps f\u00f6rsamling i Kinds pastorat. P\u00e5 den h\u00e4r bloggen skriver jag ner tankar om vandringen som kristen.","sameAs":["http:\/\/www.vandravagen.se"],"url":"https:\/\/blogg.svenskakyrkan.se\/vandravagen\/author\/vandravagen\/"}]}},"author_meta":{"ID":"392","user_nicename":"vandravagen","user_url":"http:\/\/www.vandravagen.se","user_registered":"2014-05-19 05:44:52","display_name":"Tomas Jarvid","first_name":"Tomas","last_name":"Jarvid","avatar":"https:\/\/secure.gravatar.com\/avatar\/7fa71899795e8f540f615a1f5ab25255dc27aa40f05ee7ddd21aac521e01bf50?s=96&d=identicon&r=g"},"featured_image":false,"bloginfo":{"name":"Vandra V\u00e4gen","url":"https:\/\/blogg.svenskakyrkan.se\/vandravagen"},"_links":{"self":[{"href":"https:\/\/blogg.svenskakyrkan.se\/vandravagen\/wp-json\/wp\/v2\/posts\/3258","targetHints":{"allow":["GET"]}}],"collection":[{"href":"https:\/\/blogg.svenskakyrkan.se\/vandravagen\/wp-json\/wp\/v2\/posts"}],"about":[{"href":"https:\/\/blogg.svenskakyrkan.se\/vandravagen\/wp-json\/wp\/v2\/types\/post"}],"author":[{"embeddable":true,"href":"https:\/\/blogg.svenskakyrkan.se\/vandravagen\/wp-json\/wp\/v2\/users\/392"}],"replies":[{"embeddable":true,"href":"https:\/\/blogg.svenskakyrkan.se\/vandravagen\/wp-json\/wp\/v2\/comments?post=3258"}],"version-history":[{"count":1,"href":"https:\/\/blogg.svenskakyrkan.se\/vandravagen\/wp-json\/wp\/v2\/posts\/3258\/revisions"}],"predecessor-version":[{"id":3261,"href":"https:\/\/blogg.svenskakyrkan.se\/vandravagen\/wp-json\/wp\/v2\/posts\/3258\/revisions\/3261"}],"wp:attachment":[{"href":"https:\/\/blogg.svenskakyrkan.se\/vandravagen\/wp-json\/wp\/v2\/media?parent=3258"}],"wp:term":[{"taxonomy":"category","embeddable":true,"href":"https:\/\/blogg.svenskakyrkan.se\/vandravagen\/wp-json\/wp\/v2\/categories?post=3258"},{"taxonomy":"post_tag","embeddable":true,"href":"https:\/\/blogg.svenskakyrkan.se\/vandravagen\/wp-json\/wp\/v2\/tags?post=3258"}],"curies":[{"name":"wp","href":"https:\/\/api.w.org\/{rel}","templated":true}]}}