{"id":326,"date":"2013-10-05T07:17:00","date_gmt":"2013-10-05T05:17:00","guid":{"rendered":"http:\/\/blogg.svenskakyrkan.se\/vandravagen\/2013\/10\/05\/synden-blir-man-inte-av-med\/"},"modified":"2013-10-05T07:17:00","modified_gmt":"2013-10-05T05:17:00","slug":"synden-blir-man-inte-av-med","status":"publish","type":"post","link":"https:\/\/blogg.svenskakyrkan.se\/vandravagen\/2013\/10\/05\/synden-blir-man-inte-av-med\/","title":{"rendered":"Synden blir man inte av med"},"content":{"rendered":"<table align=\"center\" cellpadding=\"0\" cellspacing=\"0\">\n<tbody>\n<tr>\n<td><a href=\"http:\/\/4.bp.blogspot.com\/-kVTMGEt_1Sg\/Uk-gRjMYBgI\/AAAAAAAAFl4\/YRHMHOLgjJ0\/s1600\/do%CC%88dens+gap.jpg\"><img loading=\"lazy\" decoding=\"async\" border=\"0\" height=\"425\" src=\"http:\/\/4.bp.blogspot.com\/-kVTMGEt_1Sg\/Uk-gRjMYBgI\/AAAAAAAAFl4\/YRHMHOLgjJ0\/s640\/do%CC%88dens+gap.jpg\" width=\"640\"><\/a><\/td>\n<\/tr>\n<tr>\n<td>Dj\u00e4vulen och d\u00f6dens gap i Sk\u00e4lvums kyrka, ondskan v\u00e4ldigt konkret skildrad!<\/td>\n<\/tr>\n<\/tbody>\n<\/table>\n<p>Idag vill jag dela ett citat. Egentligen \u00e4r det ett \u00e4mne som jag verkligen borde g\u00e5 till botten med h\u00e4r p\u00e5 bloggen men det f\u00e5r dr\u00f6ja.<\/p>\n<p>Begreppet &#8221;synd&#8221; \u00e4r sv\u00e5rt f\u00f6r m\u00e5nga att hantera idag. Ofta verkar ordet anv\u00e4ndas om antingen sex eller bakverk som man inte borde \u00e4ta. Att anv\u00e4nda ordet p\u00e5 allvar \u00e4r r\u00e4tt sv\u00e5rt och som predikant f\u00e5r jag en k\u00e4nsla av att folk st\u00e4nger \u00f6ronen n\u00e4r det n\u00e4mns. \u00c4nd\u00e5 \u00e4r det sm\u00e4rtsamt uppenbart att vi, som Paulus skriver, inte ens handlar s\u00e5 gott som vi sj\u00e4lva vill. Kanske dags att rehabilitera ordet synd och \u00e5terta dess inneb\u00f6rd?<\/p>\n<p>Citatet:<\/p>\n<p>\u201dDet \u00e4r en vacker humanistisk tanke att vilja frik\u00e4nna m\u00e4nniskan fr\u00e5n synd, men (&#8230;) synden \u00e4r en realitet (och) man undkommer den inte bara f\u00f6r att man struntar i begreppet. F\u00f6r n\u00e4r man, som den upplysta m\u00e4nniska man \u00e4r, inte vill erk\u00e4nna synden hos sig sj\u00e4lv, s\u00e5 leder det n\u00e4stan alltid till att man ser den desto tydligare hos den andre\u201d <\/p>\n<p>S\u00f6ren Ulrik Thomsen<\/p>\n<div><\/div>\n<div>Vad har du f\u00f6r f\u00f6rh\u00e5llande till ordet &#8221;synd&#8221;? St\u00e4nger du \u00f6ronen n\u00e4r det s\u00e4gs eller spetsar du dem? Skriv en kommentar!<\/div>\n","protected":false},"excerpt":{"rendered":"<p>Dj\u00e4vulen och d\u00f6dens gap i Sk\u00e4lvums kyrka, ondskan v\u00e4ldigt konkret skildrad! Idag vill jag dela ett citat. Egentligen \u00e4r det ett \u00e4mne som jag verkligen borde g\u00e5 till botten med h\u00e4r p\u00e5 bloggen men det f\u00e5r dr\u00f6ja. Begreppet &#8221;synd&#8221; \u00e4r sv\u00e5rt f\u00f6r m\u00e5nga att hantera idag. Ofta verkar ordet anv\u00e4ndas om antingen sex eller bakverk [&hellip;]<\/p>\n","protected":false},"author":392,"featured_media":0,"comment_status":"open","ping_status":"open","sticky":false,"template":"","format":"standard","meta":{"_acf_changed":false,"footnotes":""},"categories":[117],"tags":[],"class_list":["post-326","post","type-post","status-publish","format-standard","hentry","category-teologi"],"acf":[],"yoast_head":"<!-- This site is optimized with the Yoast SEO plugin v27.1.1 - https:\/\/yoast.com\/product\/yoast-seo-wordpress\/ -->\n<title>Synden blir man inte av med - Vandra V\u00e4gen<\/title>\n<meta name=\"robots\" content=\"index, follow, max-snippet:-1, max-image-preview:large, max-video-preview:-1\" \/>\n<link rel=\"canonical\" href=\"https:\/\/blogg.svenskakyrkan.se\/vandravagen\/2013\/10\/05\/synden-blir-man-inte-av-med\/\" \/>\n<meta property=\"og:locale\" content=\"sv_SE\" \/>\n<meta property=\"og:type\" content=\"article\" \/>\n<meta property=\"og:title\" content=\"Synden blir man inte av med - Vandra V\u00e4gen\" \/>\n<meta property=\"og:description\" content=\"Dj\u00e4vulen och d\u00f6dens gap i Sk\u00e4lvums kyrka, ondskan v\u00e4ldigt konkret skildrad! Idag vill jag dela ett citat. Egentligen \u00e4r det ett \u00e4mne som jag verkligen borde g\u00e5 till botten med h\u00e4r p\u00e5 bloggen men det f\u00e5r dr\u00f6ja. Begreppet &#8221;synd&#8221; \u00e4r sv\u00e5rt f\u00f6r m\u00e5nga att hantera idag. Ofta verkar ordet anv\u00e4ndas om antingen sex eller bakverk [&hellip;]\" \/>\n<meta property=\"og:url\" content=\"https:\/\/blogg.svenskakyrkan.se\/vandravagen\/2013\/10\/05\/synden-blir-man-inte-av-med\/\" \/>\n<meta property=\"og:site_name\" content=\"Vandra V\u00e4gen\" \/>\n<meta property=\"article:publisher\" content=\"http:\/\/facebook.com\/vandravagen\" \/>\n<meta property=\"article:published_time\" content=\"2013-10-05T05:17:00+00:00\" \/>\n<meta property=\"og:image\" content=\"http:\/\/4.bp.blogspot.com\/-kVTMGEt_1Sg\/Uk-gRjMYBgI\/AAAAAAAAFl4\/YRHMHOLgjJ0\/s640\/do%CC%88dens+gap.jpg\" \/>\n<meta name=\"author\" content=\"Tomas Jarvid\" \/>\n<meta name=\"twitter:card\" content=\"summary_large_image\" \/>\n<meta name=\"twitter:creator\" content=\"@fadertomas\" \/>\n<meta name=\"twitter:site\" content=\"@fadertomas\" \/>\n<meta name=\"twitter:label1\" content=\"Skriven av\" \/>\n\t<meta name=\"twitter:data1\" content=\"Tomas Jarvid\" \/>\n\t<meta name=\"twitter:label2\" content=\"Ber\u00e4knad l\u00e4stid\" \/>\n\t<meta name=\"twitter:data2\" content=\"1 minut\" \/>\n<script type=\"application\/ld+json\" class=\"yoast-schema-graph\">{\"@context\":\"https:\/\/schema.org\",\"@graph\":[{\"@type\":\"Article\",\"@id\":\"https:\/\/blogg.svenskakyrkan.se\/vandravagen\/2013\/10\/05\/synden-blir-man-inte-av-med\/#article\",\"isPartOf\":{\"@id\":\"https:\/\/blogg.svenskakyrkan.se\/vandravagen\/2013\/10\/05\/synden-blir-man-inte-av-med\/\"},\"author\":{\"name\":\"Tomas Jarvid\",\"@id\":\"https:\/\/blogg.svenskakyrkan.se\/vandravagen\/#\/schema\/person\/25da02d4f76b137d04291711e2c9fc16\"},\"headline\":\"Synden blir man inte av med\",\"datePublished\":\"2013-10-05T05:17:00+00:00\",\"mainEntityOfPage\":{\"@id\":\"https:\/\/blogg.svenskakyrkan.se\/vandravagen\/2013\/10\/05\/synden-blir-man-inte-av-med\/\"},\"wordCount\":242,\"commentCount\":3,\"publisher\":{\"@id\":\"https:\/\/blogg.svenskakyrkan.se\/vandravagen\/#organization\"},\"image\":{\"@id\":\"https:\/\/blogg.svenskakyrkan.se\/vandravagen\/2013\/10\/05\/synden-blir-man-inte-av-med\/#primaryimage\"},\"thumbnailUrl\":\"http:\/\/4.bp.blogspot.com\/-kVTMGEt_1Sg\/Uk-gRjMYBgI\/AAAAAAAAFl4\/YRHMHOLgjJ0\/s640\/do%CC%88dens+gap.jpg\",\"articleSection\":[\"Teologi\"],\"inLanguage\":\"sv-SE\",\"potentialAction\":[{\"@type\":\"CommentAction\",\"name\":\"Comment\",\"target\":[\"https:\/\/blogg.svenskakyrkan.se\/vandravagen\/2013\/10\/05\/synden-blir-man-inte-av-med\/#respond\"]}]},{\"@type\":\"WebPage\",\"@id\":\"https:\/\/blogg.svenskakyrkan.se\/vandravagen\/2013\/10\/05\/synden-blir-man-inte-av-med\/\",\"url\":\"https:\/\/blogg.svenskakyrkan.se\/vandravagen\/2013\/10\/05\/synden-blir-man-inte-av-med\/\",\"name\":\"Synden blir man inte av med - Vandra V\u00e4gen\",\"isPartOf\":{\"@id\":\"https:\/\/blogg.svenskakyrkan.se\/vandravagen\/#website\"},\"primaryImageOfPage\":{\"@id\":\"https:\/\/blogg.svenskakyrkan.se\/vandravagen\/2013\/10\/05\/synden-blir-man-inte-av-med\/#primaryimage\"},\"image\":{\"@id\":\"https:\/\/blogg.svenskakyrkan.se\/vandravagen\/2013\/10\/05\/synden-blir-man-inte-av-med\/#primaryimage\"},\"thumbnailUrl\":\"http:\/\/4.bp.blogspot.com\/-kVTMGEt_1Sg\/Uk-gRjMYBgI\/AAAAAAAAFl4\/YRHMHOLgjJ0\/s640\/do%CC%88dens+gap.jpg\",\"datePublished\":\"2013-10-05T05:17:00+00:00\",\"breadcrumb\":{\"@id\":\"https:\/\/blogg.svenskakyrkan.se\/vandravagen\/2013\/10\/05\/synden-blir-man-inte-av-med\/#breadcrumb\"},\"inLanguage\":\"sv-SE\",\"potentialAction\":[{\"@type\":\"ReadAction\",\"target\":[\"https:\/\/blogg.svenskakyrkan.se\/vandravagen\/2013\/10\/05\/synden-blir-man-inte-av-med\/\"]}]},{\"@type\":\"ImageObject\",\"inLanguage\":\"sv-SE\",\"@id\":\"https:\/\/blogg.svenskakyrkan.se\/vandravagen\/2013\/10\/05\/synden-blir-man-inte-av-med\/#primaryimage\",\"url\":\"http:\/\/4.bp.blogspot.com\/-kVTMGEt_1Sg\/Uk-gRjMYBgI\/AAAAAAAAFl4\/YRHMHOLgjJ0\/s640\/do%CC%88dens+gap.jpg\",\"contentUrl\":\"http:\/\/4.bp.blogspot.com\/-kVTMGEt_1Sg\/Uk-gRjMYBgI\/AAAAAAAAFl4\/YRHMHOLgjJ0\/s640\/do%CC%88dens+gap.jpg\"},{\"@type\":\"BreadcrumbList\",\"@id\":\"https:\/\/blogg.svenskakyrkan.se\/vandravagen\/2013\/10\/05\/synden-blir-man-inte-av-med\/#breadcrumb\",\"itemListElement\":[{\"@type\":\"ListItem\",\"position\":1,\"name\":\"Hem\",\"item\":\"https:\/\/blogg.svenskakyrkan.se\/vandravagen\/\"},{\"@type\":\"ListItem\",\"position\":2,\"name\":\"Synden blir man inte av med\"}]},{\"@type\":\"WebSite\",\"@id\":\"https:\/\/blogg.svenskakyrkan.se\/vandravagen\/#website\",\"url\":\"https:\/\/blogg.svenskakyrkan.se\/vandravagen\/\",\"name\":\"Vandra V\u00e4gen\",\"description\":\"-Mot en tro f\u00f6r hela livet\",\"publisher\":{\"@id\":\"https:\/\/blogg.svenskakyrkan.se\/vandravagen\/#organization\"},\"potentialAction\":[{\"@type\":\"SearchAction\",\"target\":{\"@type\":\"EntryPoint\",\"urlTemplate\":\"https:\/\/blogg.svenskakyrkan.se\/vandravagen\/?s={search_term_string}\"},\"query-input\":{\"@type\":\"PropertyValueSpecification\",\"valueRequired\":true,\"valueName\":\"search_term_string\"}}],\"inLanguage\":\"sv-SE\"},{\"@type\":\"Organization\",\"@id\":\"https:\/\/blogg.svenskakyrkan.se\/vandravagen\/#organization\",\"name\":\"ulricehamns pastorat\",\"alternateName\":\"ulricehamns pastorat\",\"url\":\"https:\/\/blogg.svenskakyrkan.se\/vandravagen\/\",\"logo\":{\"@type\":\"ImageObject\",\"inLanguage\":\"sv-SE\",\"@id\":\"https:\/\/blogg.svenskakyrkan.se\/vandravagen\/#\/schema\/logo\/image\/\",\"url\":\"https:\/\/blogg.svenskakyrkan.se\/vandravagen\/files\/2023\/05\/Ulr_logo_RGB.png\",\"contentUrl\":\"https:\/\/blogg.svenskakyrkan.se\/vandravagen\/files\/2023\/05\/Ulr_logo_RGB.png\",\"width\":205,\"height\":77,\"caption\":\"ulricehamns pastorat\"},\"image\":{\"@id\":\"https:\/\/blogg.svenskakyrkan.se\/vandravagen\/#\/schema\/logo\/image\/\"},\"sameAs\":[\"http:\/\/facebook.com\/vandravagen\",\"https:\/\/x.com\/fadertomas\",\"http:\/\/www.facebook.com\/svenskakyrkaniulricehamn\"]},{\"@type\":\"Person\",\"@id\":\"https:\/\/blogg.svenskakyrkan.se\/vandravagen\/#\/schema\/person\/25da02d4f76b137d04291711e2c9fc16\",\"name\":\"Tomas Jarvid\",\"image\":{\"@type\":\"ImageObject\",\"inLanguage\":\"sv-SE\",\"@id\":\"https:\/\/blogg.svenskakyrkan.se\/vandravagen\/#\/schema\/person\/image\/\",\"url\":\"https:\/\/secure.gravatar.com\/avatar\/7fa71899795e8f540f615a1f5ab25255dc27aa40f05ee7ddd21aac521e01bf50?s=96&d=identicon&r=g\",\"contentUrl\":\"https:\/\/secure.gravatar.com\/avatar\/7fa71899795e8f540f615a1f5ab25255dc27aa40f05ee7ddd21aac521e01bf50?s=96&d=identicon&r=g\",\"caption\":\"Tomas Jarvid\"},\"description\":\"Jag bor i Ulricehamn i V\u00e4sterg\u00f6tland och \u00e4r f\u00f6rsamlingspr\u00e4st i Svenska Kyrkan f\u00f6r Dalstorps f\u00f6rsamling i Kinds pastorat. P\u00e5 den h\u00e4r bloggen skriver jag ner tankar om vandringen som kristen.\",\"sameAs\":[\"http:\/\/www.vandravagen.se\"],\"url\":\"https:\/\/blogg.svenskakyrkan.se\/vandravagen\/author\/vandravagen\/\"}]}<\/script>\n<!-- \/ Yoast SEO plugin. -->","yoast_head_json":{"title":"Synden blir man inte av med - Vandra V\u00e4gen","robots":{"index":"index","follow":"follow","max-snippet":"max-snippet:-1","max-image-preview":"max-image-preview:large","max-video-preview":"max-video-preview:-1"},"canonical":"https:\/\/blogg.svenskakyrkan.se\/vandravagen\/2013\/10\/05\/synden-blir-man-inte-av-med\/","og_locale":"sv_SE","og_type":"article","og_title":"Synden blir man inte av med - Vandra V\u00e4gen","og_description":"Dj\u00e4vulen och d\u00f6dens gap i Sk\u00e4lvums kyrka, ondskan v\u00e4ldigt konkret skildrad! Idag vill jag dela ett citat. Egentligen \u00e4r det ett \u00e4mne som jag verkligen borde g\u00e5 till botten med h\u00e4r p\u00e5 bloggen men det f\u00e5r dr\u00f6ja. Begreppet &#8221;synd&#8221; \u00e4r sv\u00e5rt f\u00f6r m\u00e5nga att hantera idag. Ofta verkar ordet anv\u00e4ndas om antingen sex eller bakverk [&hellip;]","og_url":"https:\/\/blogg.svenskakyrkan.se\/vandravagen\/2013\/10\/05\/synden-blir-man-inte-av-med\/","og_site_name":"Vandra V\u00e4gen","article_publisher":"http:\/\/facebook.com\/vandravagen","article_published_time":"2013-10-05T05:17:00+00:00","og_image":[{"url":"http:\/\/4.bp.blogspot.com\/-kVTMGEt_1Sg\/Uk-gRjMYBgI\/AAAAAAAAFl4\/YRHMHOLgjJ0\/s640\/do%CC%88dens+gap.jpg","type":"","width":"","height":""}],"author":"Tomas Jarvid","twitter_card":"summary_large_image","twitter_creator":"@fadertomas","twitter_site":"@fadertomas","twitter_misc":{"Skriven av":"Tomas Jarvid","Ber\u00e4knad l\u00e4stid":"1 minut"},"schema":{"@context":"https:\/\/schema.org","@graph":[{"@type":"Article","@id":"https:\/\/blogg.svenskakyrkan.se\/vandravagen\/2013\/10\/05\/synden-blir-man-inte-av-med\/#article","isPartOf":{"@id":"https:\/\/blogg.svenskakyrkan.se\/vandravagen\/2013\/10\/05\/synden-blir-man-inte-av-med\/"},"author":{"name":"Tomas Jarvid","@id":"https:\/\/blogg.svenskakyrkan.se\/vandravagen\/#\/schema\/person\/25da02d4f76b137d04291711e2c9fc16"},"headline":"Synden blir man inte av med","datePublished":"2013-10-05T05:17:00+00:00","mainEntityOfPage":{"@id":"https:\/\/blogg.svenskakyrkan.se\/vandravagen\/2013\/10\/05\/synden-blir-man-inte-av-med\/"},"wordCount":242,"commentCount":3,"publisher":{"@id":"https:\/\/blogg.svenskakyrkan.se\/vandravagen\/#organization"},"image":{"@id":"https:\/\/blogg.svenskakyrkan.se\/vandravagen\/2013\/10\/05\/synden-blir-man-inte-av-med\/#primaryimage"},"thumbnailUrl":"http:\/\/4.bp.blogspot.com\/-kVTMGEt_1Sg\/Uk-gRjMYBgI\/AAAAAAAAFl4\/YRHMHOLgjJ0\/s640\/do%CC%88dens+gap.jpg","articleSection":["Teologi"],"inLanguage":"sv-SE","potentialAction":[{"@type":"CommentAction","name":"Comment","target":["https:\/\/blogg.svenskakyrkan.se\/vandravagen\/2013\/10\/05\/synden-blir-man-inte-av-med\/#respond"]}]},{"@type":"WebPage","@id":"https:\/\/blogg.svenskakyrkan.se\/vandravagen\/2013\/10\/05\/synden-blir-man-inte-av-med\/","url":"https:\/\/blogg.svenskakyrkan.se\/vandravagen\/2013\/10\/05\/synden-blir-man-inte-av-med\/","name":"Synden blir man inte av med - Vandra V\u00e4gen","isPartOf":{"@id":"https:\/\/blogg.svenskakyrkan.se\/vandravagen\/#website"},"primaryImageOfPage":{"@id":"https:\/\/blogg.svenskakyrkan.se\/vandravagen\/2013\/10\/05\/synden-blir-man-inte-av-med\/#primaryimage"},"image":{"@id":"https:\/\/blogg.svenskakyrkan.se\/vandravagen\/2013\/10\/05\/synden-blir-man-inte-av-med\/#primaryimage"},"thumbnailUrl":"http:\/\/4.bp.blogspot.com\/-kVTMGEt_1Sg\/Uk-gRjMYBgI\/AAAAAAAAFl4\/YRHMHOLgjJ0\/s640\/do%CC%88dens+gap.jpg","datePublished":"2013-10-05T05:17:00+00:00","breadcrumb":{"@id":"https:\/\/blogg.svenskakyrkan.se\/vandravagen\/2013\/10\/05\/synden-blir-man-inte-av-med\/#breadcrumb"},"inLanguage":"sv-SE","potentialAction":[{"@type":"ReadAction","target":["https:\/\/blogg.svenskakyrkan.se\/vandravagen\/2013\/10\/05\/synden-blir-man-inte-av-med\/"]}]},{"@type":"ImageObject","inLanguage":"sv-SE","@id":"https:\/\/blogg.svenskakyrkan.se\/vandravagen\/2013\/10\/05\/synden-blir-man-inte-av-med\/#primaryimage","url":"http:\/\/4.bp.blogspot.com\/-kVTMGEt_1Sg\/Uk-gRjMYBgI\/AAAAAAAAFl4\/YRHMHOLgjJ0\/s640\/do%CC%88dens+gap.jpg","contentUrl":"http:\/\/4.bp.blogspot.com\/-kVTMGEt_1Sg\/Uk-gRjMYBgI\/AAAAAAAAFl4\/YRHMHOLgjJ0\/s640\/do%CC%88dens+gap.jpg"},{"@type":"BreadcrumbList","@id":"https:\/\/blogg.svenskakyrkan.se\/vandravagen\/2013\/10\/05\/synden-blir-man-inte-av-med\/#breadcrumb","itemListElement":[{"@type":"ListItem","position":1,"name":"Hem","item":"https:\/\/blogg.svenskakyrkan.se\/vandravagen\/"},{"@type":"ListItem","position":2,"name":"Synden blir man inte av med"}]},{"@type":"WebSite","@id":"https:\/\/blogg.svenskakyrkan.se\/vandravagen\/#website","url":"https:\/\/blogg.svenskakyrkan.se\/vandravagen\/","name":"Vandra V\u00e4gen","description":"-Mot en tro f\u00f6r hela livet","publisher":{"@id":"https:\/\/blogg.svenskakyrkan.se\/vandravagen\/#organization"},"potentialAction":[{"@type":"SearchAction","target":{"@type":"EntryPoint","urlTemplate":"https:\/\/blogg.svenskakyrkan.se\/vandravagen\/?s={search_term_string}"},"query-input":{"@type":"PropertyValueSpecification","valueRequired":true,"valueName":"search_term_string"}}],"inLanguage":"sv-SE"},{"@type":"Organization","@id":"https:\/\/blogg.svenskakyrkan.se\/vandravagen\/#organization","name":"ulricehamns pastorat","alternateName":"ulricehamns pastorat","url":"https:\/\/blogg.svenskakyrkan.se\/vandravagen\/","logo":{"@type":"ImageObject","inLanguage":"sv-SE","@id":"https:\/\/blogg.svenskakyrkan.se\/vandravagen\/#\/schema\/logo\/image\/","url":"https:\/\/blogg.svenskakyrkan.se\/vandravagen\/files\/2023\/05\/Ulr_logo_RGB.png","contentUrl":"https:\/\/blogg.svenskakyrkan.se\/vandravagen\/files\/2023\/05\/Ulr_logo_RGB.png","width":205,"height":77,"caption":"ulricehamns pastorat"},"image":{"@id":"https:\/\/blogg.svenskakyrkan.se\/vandravagen\/#\/schema\/logo\/image\/"},"sameAs":["http:\/\/facebook.com\/vandravagen","https:\/\/x.com\/fadertomas","http:\/\/www.facebook.com\/svenskakyrkaniulricehamn"]},{"@type":"Person","@id":"https:\/\/blogg.svenskakyrkan.se\/vandravagen\/#\/schema\/person\/25da02d4f76b137d04291711e2c9fc16","name":"Tomas Jarvid","image":{"@type":"ImageObject","inLanguage":"sv-SE","@id":"https:\/\/blogg.svenskakyrkan.se\/vandravagen\/#\/schema\/person\/image\/","url":"https:\/\/secure.gravatar.com\/avatar\/7fa71899795e8f540f615a1f5ab25255dc27aa40f05ee7ddd21aac521e01bf50?s=96&d=identicon&r=g","contentUrl":"https:\/\/secure.gravatar.com\/avatar\/7fa71899795e8f540f615a1f5ab25255dc27aa40f05ee7ddd21aac521e01bf50?s=96&d=identicon&r=g","caption":"Tomas Jarvid"},"description":"Jag bor i Ulricehamn i V\u00e4sterg\u00f6tland och \u00e4r f\u00f6rsamlingspr\u00e4st i Svenska Kyrkan f\u00f6r Dalstorps f\u00f6rsamling i Kinds pastorat. P\u00e5 den h\u00e4r bloggen skriver jag ner tankar om vandringen som kristen.","sameAs":["http:\/\/www.vandravagen.se"],"url":"https:\/\/blogg.svenskakyrkan.se\/vandravagen\/author\/vandravagen\/"}]}},"author_meta":{"ID":"392","user_nicename":"vandravagen","user_url":"http:\/\/www.vandravagen.se","user_registered":"2014-05-19 05:44:52","display_name":"Tomas Jarvid","first_name":"Tomas","last_name":"Jarvid","avatar":"https:\/\/secure.gravatar.com\/avatar\/7fa71899795e8f540f615a1f5ab25255dc27aa40f05ee7ddd21aac521e01bf50?s=96&d=identicon&r=g"},"featured_image":false,"bloginfo":{"name":"Vandra V\u00e4gen","url":"https:\/\/blogg.svenskakyrkan.se\/vandravagen"},"_links":{"self":[{"href":"https:\/\/blogg.svenskakyrkan.se\/vandravagen\/wp-json\/wp\/v2\/posts\/326","targetHints":{"allow":["GET"]}}],"collection":[{"href":"https:\/\/blogg.svenskakyrkan.se\/vandravagen\/wp-json\/wp\/v2\/posts"}],"about":[{"href":"https:\/\/blogg.svenskakyrkan.se\/vandravagen\/wp-json\/wp\/v2\/types\/post"}],"author":[{"embeddable":true,"href":"https:\/\/blogg.svenskakyrkan.se\/vandravagen\/wp-json\/wp\/v2\/users\/392"}],"replies":[{"embeddable":true,"href":"https:\/\/blogg.svenskakyrkan.se\/vandravagen\/wp-json\/wp\/v2\/comments?post=326"}],"version-history":[{"count":0,"href":"https:\/\/blogg.svenskakyrkan.se\/vandravagen\/wp-json\/wp\/v2\/posts\/326\/revisions"}],"wp:attachment":[{"href":"https:\/\/blogg.svenskakyrkan.se\/vandravagen\/wp-json\/wp\/v2\/media?parent=326"}],"wp:term":[{"taxonomy":"category","embeddable":true,"href":"https:\/\/blogg.svenskakyrkan.se\/vandravagen\/wp-json\/wp\/v2\/categories?post=326"},{"taxonomy":"post_tag","embeddable":true,"href":"https:\/\/blogg.svenskakyrkan.se\/vandravagen\/wp-json\/wp\/v2\/tags?post=326"}],"curies":[{"name":"wp","href":"https:\/\/api.w.org\/{rel}","templated":true}]}}