{"id":3262,"date":"2015-06-12T07:00:45","date_gmt":"2015-06-12T05:00:45","guid":{"rendered":"http:\/\/blogg.svenskakyrkan.se\/vandravagen\/?p=3262"},"modified":"2015-06-11T13:41:10","modified_gmt":"2015-06-11T11:41:10","slug":"bon-for-de-som-letar","status":"publish","type":"post","link":"https:\/\/blogg.svenskakyrkan.se\/vandravagen\/2015\/06\/12\/bon-for-de-som-letar\/","title":{"rendered":"B\u00f6n f\u00f6r de som letar"},"content":{"rendered":"<div id=\"attachment_3263\" style=\"width: 594px\" class=\"wp-caption aligncenter\"><a href=\"http:\/\/blogg.svenskakyrkan.se\/vandravagen\/files\/2015\/06\/bild-4.jpg\"><img loading=\"lazy\" decoding=\"async\" aria-describedby=\"caption-attachment-3263\" class=\"size-large wp-image-3263\" src=\"http:\/\/blogg.svenskakyrkan.se\/vandravagen\/files\/2015\/06\/bild-4-1024x611.jpg\" alt=\"Husaby ligger pl\u00f6tsligt d\u00e4r det h\u00e4nder. P\u00e5 ett tr\u00e5kigt s\u00e4tt.\" width=\"584\" height=\"348\" srcset=\"https:\/\/blogg.svenskakyrkan.se\/vandravagen\/files\/2015\/06\/bild-4-1024x611.jpg 1024w, https:\/\/blogg.svenskakyrkan.se\/vandravagen\/files\/2015\/06\/bild-4-300x179.jpg 300w, https:\/\/blogg.svenskakyrkan.se\/vandravagen\/files\/2015\/06\/bild-4-500x298.jpg 500w, https:\/\/blogg.svenskakyrkan.se\/vandravagen\/files\/2015\/06\/bild-4.jpg 1280w\" sizes=\"auto, (max-width: 584px) 100vw, 584px\" \/><\/a><p id=\"caption-attachment-3263\" class=\"wp-caption-text\">Husaby ligger pl\u00f6tsligt d\u00e4r det h\u00e4nder. P\u00e5 ett tr\u00e5kigt s\u00e4tt.<\/p><\/div>\n<p>S\u00f6kandet efter den f\u00f6rsvunna 17-\u00e5ringen Lisa Holm forts\u00e4tter. Blomberg ligger v\u00e4ldigt n\u00e4ra mitt hem och ig\u00e5r s\u00e5g man hela tiden s\u00f6kgrupper fr\u00e5n Missing people runt i terr\u00e4ngen runt Husaby. Det var till och med en grupp hemma i v\u00e5r tr\u00e4dg\u00e5rd hemma vid lunchtid ig\u00e5r.<\/p>\n<p>Det \u00e4r v\u00e4ldigt skr\u00e4mmande det som h\u00e4nt. F\u00f6rsommaren \u00e4r som allra vackrast nu och Kinnekulle \u00e4r ett paradis s\u00e5 h\u00e4r \u00e5rs. Och s\u00e5 \u00e4r det s\u00e5h\u00e4r.<\/p>\n<p>Mitt i allt som \u00e4r skr\u00e4mmande och s\u00e5 \u00e4r det fantastiskt att se alla frivilliga som str\u00f6mmar till f\u00f6r att g\u00f6ra sm\u00e5 insatser i s\u00f6kandet. I f\u00f6rrg\u00e5r var det 900 friviliga h\u00e4r. Ig\u00e5r kanske det var \u00e4nnu fler. Det \u00e4r v\u00e4ldigt fint att se m\u00e4nniskor i alla \u00e5ldrar som st\u00e4ller upp och hj\u00e4lper till n\u00e4r det g\u00e4ller.<\/p>\n<p>Jag hade egentligen en annan b\u00f6n till den h\u00e4r fredagen men det k\u00e4nns som den enda r\u00e4tta att b\u00f6nen f\u00e5r spegla det som finns i mina och m\u00e5nga andras tankar h\u00e4r hela tiden. L\u00e5t oss be:<\/p>\n<blockquote>\n<p>Gud, vi ber f\u00f6r det stora s\u00f6karbetet efter den f\u00f6rsvunna sjutton\u00e5ringen.<\/p>\n<p>F\u00f6rst och fr\u00e4mst ber vi om en lycklig<\/p>\n<p>utg\u00e5ng.<\/p>\n<p>Sedan f\u00f6r\u00a0alla som st\u00e5r henne n\u00e4ra<\/p>\n<p>och lever med ovissheten nu.<\/p>\n<p>Var med alla som \u00e4r engagerade i s\u00f6kandet. Var med alla som blivit omskakade<\/p>\n<p>och oroliga av det som h\u00e4nt.<\/p>\n<p>V\u00e5ra vardagsliv \u00e4r s\u00e5 mycket br\u00e4ckligare<\/p>\n<p>\u00e4n n\u00e5gon av oss anar.<\/p>\n<p>Hj\u00e4lp oss m\u00f6ta livet s\u00e5som det \u00e4r nu.<\/p>\n<p>Amen<\/p>\n<\/blockquote>\n","protected":false},"excerpt":{"rendered":"<p>S\u00f6kandet efter den f\u00f6rsvunna 17-\u00e5ringen Lisa Holm forts\u00e4tter. Blomberg ligger v\u00e4ldigt n\u00e4ra mitt hem och ig\u00e5r s\u00e5g man hela tiden s\u00f6kgrupper fr\u00e5n Missing people runt i terr\u00e4ngen runt Husaby. Det var till och med en grupp hemma i v\u00e5r tr\u00e4dg\u00e5rd hemma vid lunchtid ig\u00e5r. Det \u00e4r v\u00e4ldigt skr\u00e4mmande det som h\u00e4nt. F\u00f6rsommaren \u00e4r som allra [&hellip;]<\/p>\n","protected":false},"author":392,"featured_media":0,"comment_status":"open","ping_status":"open","sticky":false,"template":"","format":"standard","meta":{"_acf_changed":false,"footnotes":""},"categories":[35,76189],"tags":[],"class_list":["post-3262","post","type-post","status-publish","format-standard","hentry","category-bon","category-dagens-kyrka"],"acf":[],"yoast_head":"<!-- This site is optimized with the Yoast SEO plugin v27.1.1 - https:\/\/yoast.com\/product\/yoast-seo-wordpress\/ -->\n<title>B\u00f6n f\u00f6r de som letar - Vandra V\u00e4gen<\/title>\n<meta name=\"robots\" content=\"index, follow, max-snippet:-1, max-image-preview:large, max-video-preview:-1\" \/>\n<link rel=\"canonical\" href=\"https:\/\/blogg.svenskakyrkan.se\/vandravagen\/2015\/06\/12\/bon-for-de-som-letar\/\" \/>\n<meta property=\"og:locale\" content=\"sv_SE\" \/>\n<meta property=\"og:type\" content=\"article\" \/>\n<meta property=\"og:title\" content=\"B\u00f6n f\u00f6r de som letar - Vandra V\u00e4gen\" \/>\n<meta property=\"og:description\" content=\"S\u00f6kandet efter den f\u00f6rsvunna 17-\u00e5ringen Lisa Holm forts\u00e4tter. Blomberg ligger v\u00e4ldigt n\u00e4ra mitt hem och ig\u00e5r s\u00e5g man hela tiden s\u00f6kgrupper fr\u00e5n Missing people runt i terr\u00e4ngen runt Husaby. Det var till och med en grupp hemma i v\u00e5r tr\u00e4dg\u00e5rd hemma vid lunchtid ig\u00e5r. Det \u00e4r v\u00e4ldigt skr\u00e4mmande det som h\u00e4nt. F\u00f6rsommaren \u00e4r som allra [&hellip;]\" \/>\n<meta property=\"og:url\" content=\"https:\/\/blogg.svenskakyrkan.se\/vandravagen\/2015\/06\/12\/bon-for-de-som-letar\/\" \/>\n<meta property=\"og:site_name\" content=\"Vandra V\u00e4gen\" \/>\n<meta property=\"article:publisher\" content=\"http:\/\/facebook.com\/vandravagen\" \/>\n<meta property=\"article:published_time\" content=\"2015-06-12T05:00:45+00:00\" \/>\n<meta property=\"og:image\" content=\"http:\/\/blogg.svenskakyrkan.se\/vandravagen\/files\/2015\/06\/bild-4-1024x611.jpg\" \/>\n<meta name=\"author\" content=\"Tomas Jarvid\" \/>\n<meta name=\"twitter:card\" content=\"summary_large_image\" \/>\n<meta name=\"twitter:creator\" content=\"@fadertomas\" \/>\n<meta name=\"twitter:site\" content=\"@fadertomas\" \/>\n<meta name=\"twitter:label1\" content=\"Skriven av\" \/>\n\t<meta name=\"twitter:data1\" content=\"Tomas Jarvid\" \/>\n\t<meta name=\"twitter:label2\" content=\"Ber\u00e4knad l\u00e4stid\" \/>\n\t<meta name=\"twitter:data2\" content=\"2 minuter\" \/>\n<script type=\"application\/ld+json\" class=\"yoast-schema-graph\">{\"@context\":\"https:\/\/schema.org\",\"@graph\":[{\"@type\":\"Article\",\"@id\":\"https:\/\/blogg.svenskakyrkan.se\/vandravagen\/2015\/06\/12\/bon-for-de-som-letar\/#article\",\"isPartOf\":{\"@id\":\"https:\/\/blogg.svenskakyrkan.se\/vandravagen\/2015\/06\/12\/bon-for-de-som-letar\/\"},\"author\":{\"name\":\"Tomas Jarvid\",\"@id\":\"https:\/\/blogg.svenskakyrkan.se\/vandravagen\/#\/schema\/person\/25da02d4f76b137d04291711e2c9fc16\"},\"headline\":\"B\u00f6n f\u00f6r de som letar\",\"datePublished\":\"2015-06-12T05:00:45+00:00\",\"mainEntityOfPage\":{\"@id\":\"https:\/\/blogg.svenskakyrkan.se\/vandravagen\/2015\/06\/12\/bon-for-de-som-letar\/\"},\"wordCount\":327,\"commentCount\":6,\"publisher\":{\"@id\":\"https:\/\/blogg.svenskakyrkan.se\/vandravagen\/#organization\"},\"image\":{\"@id\":\"https:\/\/blogg.svenskakyrkan.se\/vandravagen\/2015\/06\/12\/bon-for-de-som-letar\/#primaryimage\"},\"thumbnailUrl\":\"http:\/\/blogg.svenskakyrkan.se\/vandravagen\/files\/2015\/06\/bild-4-1024x611.jpg\",\"articleSection\":[\"b\u00f6n\",\"Dagens Kyrka\"],\"inLanguage\":\"sv-SE\",\"potentialAction\":[{\"@type\":\"CommentAction\",\"name\":\"Comment\",\"target\":[\"https:\/\/blogg.svenskakyrkan.se\/vandravagen\/2015\/06\/12\/bon-for-de-som-letar\/#respond\"]}]},{\"@type\":\"WebPage\",\"@id\":\"https:\/\/blogg.svenskakyrkan.se\/vandravagen\/2015\/06\/12\/bon-for-de-som-letar\/\",\"url\":\"https:\/\/blogg.svenskakyrkan.se\/vandravagen\/2015\/06\/12\/bon-for-de-som-letar\/\",\"name\":\"B\u00f6n f\u00f6r de som letar - Vandra V\u00e4gen\",\"isPartOf\":{\"@id\":\"https:\/\/blogg.svenskakyrkan.se\/vandravagen\/#website\"},\"primaryImageOfPage\":{\"@id\":\"https:\/\/blogg.svenskakyrkan.se\/vandravagen\/2015\/06\/12\/bon-for-de-som-letar\/#primaryimage\"},\"image\":{\"@id\":\"https:\/\/blogg.svenskakyrkan.se\/vandravagen\/2015\/06\/12\/bon-for-de-som-letar\/#primaryimage\"},\"thumbnailUrl\":\"http:\/\/blogg.svenskakyrkan.se\/vandravagen\/files\/2015\/06\/bild-4-1024x611.jpg\",\"datePublished\":\"2015-06-12T05:00:45+00:00\",\"breadcrumb\":{\"@id\":\"https:\/\/blogg.svenskakyrkan.se\/vandravagen\/2015\/06\/12\/bon-for-de-som-letar\/#breadcrumb\"},\"inLanguage\":\"sv-SE\",\"potentialAction\":[{\"@type\":\"ReadAction\",\"target\":[\"https:\/\/blogg.svenskakyrkan.se\/vandravagen\/2015\/06\/12\/bon-for-de-som-letar\/\"]}]},{\"@type\":\"ImageObject\",\"inLanguage\":\"sv-SE\",\"@id\":\"https:\/\/blogg.svenskakyrkan.se\/vandravagen\/2015\/06\/12\/bon-for-de-som-letar\/#primaryimage\",\"url\":\"http:\/\/blogg.svenskakyrkan.se\/vandravagen\/files\/2015\/06\/bild-4-1024x611.jpg\",\"contentUrl\":\"http:\/\/blogg.svenskakyrkan.se\/vandravagen\/files\/2015\/06\/bild-4-1024x611.jpg\"},{\"@type\":\"BreadcrumbList\",\"@id\":\"https:\/\/blogg.svenskakyrkan.se\/vandravagen\/2015\/06\/12\/bon-for-de-som-letar\/#breadcrumb\",\"itemListElement\":[{\"@type\":\"ListItem\",\"position\":1,\"name\":\"Hem\",\"item\":\"https:\/\/blogg.svenskakyrkan.se\/vandravagen\/\"},{\"@type\":\"ListItem\",\"position\":2,\"name\":\"B\u00f6n f\u00f6r de som letar\"}]},{\"@type\":\"WebSite\",\"@id\":\"https:\/\/blogg.svenskakyrkan.se\/vandravagen\/#website\",\"url\":\"https:\/\/blogg.svenskakyrkan.se\/vandravagen\/\",\"name\":\"Vandra V\u00e4gen\",\"description\":\"-Mot en tro f\u00f6r hela livet\",\"publisher\":{\"@id\":\"https:\/\/blogg.svenskakyrkan.se\/vandravagen\/#organization\"},\"potentialAction\":[{\"@type\":\"SearchAction\",\"target\":{\"@type\":\"EntryPoint\",\"urlTemplate\":\"https:\/\/blogg.svenskakyrkan.se\/vandravagen\/?s={search_term_string}\"},\"query-input\":{\"@type\":\"PropertyValueSpecification\",\"valueRequired\":true,\"valueName\":\"search_term_string\"}}],\"inLanguage\":\"sv-SE\"},{\"@type\":\"Organization\",\"@id\":\"https:\/\/blogg.svenskakyrkan.se\/vandravagen\/#organization\",\"name\":\"ulricehamns pastorat\",\"alternateName\":\"ulricehamns pastorat\",\"url\":\"https:\/\/blogg.svenskakyrkan.se\/vandravagen\/\",\"logo\":{\"@type\":\"ImageObject\",\"inLanguage\":\"sv-SE\",\"@id\":\"https:\/\/blogg.svenskakyrkan.se\/vandravagen\/#\/schema\/logo\/image\/\",\"url\":\"https:\/\/blogg.svenskakyrkan.se\/vandravagen\/files\/2023\/05\/Ulr_logo_RGB.png\",\"contentUrl\":\"https:\/\/blogg.svenskakyrkan.se\/vandravagen\/files\/2023\/05\/Ulr_logo_RGB.png\",\"width\":205,\"height\":77,\"caption\":\"ulricehamns pastorat\"},\"image\":{\"@id\":\"https:\/\/blogg.svenskakyrkan.se\/vandravagen\/#\/schema\/logo\/image\/\"},\"sameAs\":[\"http:\/\/facebook.com\/vandravagen\",\"https:\/\/x.com\/fadertomas\",\"http:\/\/www.facebook.com\/svenskakyrkaniulricehamn\"]},{\"@type\":\"Person\",\"@id\":\"https:\/\/blogg.svenskakyrkan.se\/vandravagen\/#\/schema\/person\/25da02d4f76b137d04291711e2c9fc16\",\"name\":\"Tomas Jarvid\",\"image\":{\"@type\":\"ImageObject\",\"inLanguage\":\"sv-SE\",\"@id\":\"https:\/\/blogg.svenskakyrkan.se\/vandravagen\/#\/schema\/person\/image\/\",\"url\":\"https:\/\/secure.gravatar.com\/avatar\/7fa71899795e8f540f615a1f5ab25255dc27aa40f05ee7ddd21aac521e01bf50?s=96&d=identicon&r=g\",\"contentUrl\":\"https:\/\/secure.gravatar.com\/avatar\/7fa71899795e8f540f615a1f5ab25255dc27aa40f05ee7ddd21aac521e01bf50?s=96&d=identicon&r=g\",\"caption\":\"Tomas Jarvid\"},\"description\":\"Jag bor i Ulricehamn i V\u00e4sterg\u00f6tland och \u00e4r f\u00f6rsamlingspr\u00e4st i Svenska Kyrkan f\u00f6r Dalstorps f\u00f6rsamling i Kinds pastorat. P\u00e5 den h\u00e4r bloggen skriver jag ner tankar om vandringen som kristen.\",\"sameAs\":[\"http:\/\/www.vandravagen.se\"],\"url\":\"https:\/\/blogg.svenskakyrkan.se\/vandravagen\/author\/vandravagen\/\"}]}<\/script>\n<!-- \/ Yoast SEO plugin. -->","yoast_head_json":{"title":"B\u00f6n f\u00f6r de som letar - Vandra V\u00e4gen","robots":{"index":"index","follow":"follow","max-snippet":"max-snippet:-1","max-image-preview":"max-image-preview:large","max-video-preview":"max-video-preview:-1"},"canonical":"https:\/\/blogg.svenskakyrkan.se\/vandravagen\/2015\/06\/12\/bon-for-de-som-letar\/","og_locale":"sv_SE","og_type":"article","og_title":"B\u00f6n f\u00f6r de som letar - Vandra V\u00e4gen","og_description":"S\u00f6kandet efter den f\u00f6rsvunna 17-\u00e5ringen Lisa Holm forts\u00e4tter. Blomberg ligger v\u00e4ldigt n\u00e4ra mitt hem och ig\u00e5r s\u00e5g man hela tiden s\u00f6kgrupper fr\u00e5n Missing people runt i terr\u00e4ngen runt Husaby. Det var till och med en grupp hemma i v\u00e5r tr\u00e4dg\u00e5rd hemma vid lunchtid ig\u00e5r. Det \u00e4r v\u00e4ldigt skr\u00e4mmande det som h\u00e4nt. F\u00f6rsommaren \u00e4r som allra [&hellip;]","og_url":"https:\/\/blogg.svenskakyrkan.se\/vandravagen\/2015\/06\/12\/bon-for-de-som-letar\/","og_site_name":"Vandra V\u00e4gen","article_publisher":"http:\/\/facebook.com\/vandravagen","article_published_time":"2015-06-12T05:00:45+00:00","og_image":[{"url":"http:\/\/blogg.svenskakyrkan.se\/vandravagen\/files\/2015\/06\/bild-4-1024x611.jpg","type":"","width":"","height":""}],"author":"Tomas Jarvid","twitter_card":"summary_large_image","twitter_creator":"@fadertomas","twitter_site":"@fadertomas","twitter_misc":{"Skriven av":"Tomas Jarvid","Ber\u00e4knad l\u00e4stid":"2 minuter"},"schema":{"@context":"https:\/\/schema.org","@graph":[{"@type":"Article","@id":"https:\/\/blogg.svenskakyrkan.se\/vandravagen\/2015\/06\/12\/bon-for-de-som-letar\/#article","isPartOf":{"@id":"https:\/\/blogg.svenskakyrkan.se\/vandravagen\/2015\/06\/12\/bon-for-de-som-letar\/"},"author":{"name":"Tomas Jarvid","@id":"https:\/\/blogg.svenskakyrkan.se\/vandravagen\/#\/schema\/person\/25da02d4f76b137d04291711e2c9fc16"},"headline":"B\u00f6n f\u00f6r de som letar","datePublished":"2015-06-12T05:00:45+00:00","mainEntityOfPage":{"@id":"https:\/\/blogg.svenskakyrkan.se\/vandravagen\/2015\/06\/12\/bon-for-de-som-letar\/"},"wordCount":327,"commentCount":6,"publisher":{"@id":"https:\/\/blogg.svenskakyrkan.se\/vandravagen\/#organization"},"image":{"@id":"https:\/\/blogg.svenskakyrkan.se\/vandravagen\/2015\/06\/12\/bon-for-de-som-letar\/#primaryimage"},"thumbnailUrl":"http:\/\/blogg.svenskakyrkan.se\/vandravagen\/files\/2015\/06\/bild-4-1024x611.jpg","articleSection":["b\u00f6n","Dagens Kyrka"],"inLanguage":"sv-SE","potentialAction":[{"@type":"CommentAction","name":"Comment","target":["https:\/\/blogg.svenskakyrkan.se\/vandravagen\/2015\/06\/12\/bon-for-de-som-letar\/#respond"]}]},{"@type":"WebPage","@id":"https:\/\/blogg.svenskakyrkan.se\/vandravagen\/2015\/06\/12\/bon-for-de-som-letar\/","url":"https:\/\/blogg.svenskakyrkan.se\/vandravagen\/2015\/06\/12\/bon-for-de-som-letar\/","name":"B\u00f6n f\u00f6r de som letar - Vandra V\u00e4gen","isPartOf":{"@id":"https:\/\/blogg.svenskakyrkan.se\/vandravagen\/#website"},"primaryImageOfPage":{"@id":"https:\/\/blogg.svenskakyrkan.se\/vandravagen\/2015\/06\/12\/bon-for-de-som-letar\/#primaryimage"},"image":{"@id":"https:\/\/blogg.svenskakyrkan.se\/vandravagen\/2015\/06\/12\/bon-for-de-som-letar\/#primaryimage"},"thumbnailUrl":"http:\/\/blogg.svenskakyrkan.se\/vandravagen\/files\/2015\/06\/bild-4-1024x611.jpg","datePublished":"2015-06-12T05:00:45+00:00","breadcrumb":{"@id":"https:\/\/blogg.svenskakyrkan.se\/vandravagen\/2015\/06\/12\/bon-for-de-som-letar\/#breadcrumb"},"inLanguage":"sv-SE","potentialAction":[{"@type":"ReadAction","target":["https:\/\/blogg.svenskakyrkan.se\/vandravagen\/2015\/06\/12\/bon-for-de-som-letar\/"]}]},{"@type":"ImageObject","inLanguage":"sv-SE","@id":"https:\/\/blogg.svenskakyrkan.se\/vandravagen\/2015\/06\/12\/bon-for-de-som-letar\/#primaryimage","url":"http:\/\/blogg.svenskakyrkan.se\/vandravagen\/files\/2015\/06\/bild-4-1024x611.jpg","contentUrl":"http:\/\/blogg.svenskakyrkan.se\/vandravagen\/files\/2015\/06\/bild-4-1024x611.jpg"},{"@type":"BreadcrumbList","@id":"https:\/\/blogg.svenskakyrkan.se\/vandravagen\/2015\/06\/12\/bon-for-de-som-letar\/#breadcrumb","itemListElement":[{"@type":"ListItem","position":1,"name":"Hem","item":"https:\/\/blogg.svenskakyrkan.se\/vandravagen\/"},{"@type":"ListItem","position":2,"name":"B\u00f6n f\u00f6r de som letar"}]},{"@type":"WebSite","@id":"https:\/\/blogg.svenskakyrkan.se\/vandravagen\/#website","url":"https:\/\/blogg.svenskakyrkan.se\/vandravagen\/","name":"Vandra V\u00e4gen","description":"-Mot en tro f\u00f6r hela livet","publisher":{"@id":"https:\/\/blogg.svenskakyrkan.se\/vandravagen\/#organization"},"potentialAction":[{"@type":"SearchAction","target":{"@type":"EntryPoint","urlTemplate":"https:\/\/blogg.svenskakyrkan.se\/vandravagen\/?s={search_term_string}"},"query-input":{"@type":"PropertyValueSpecification","valueRequired":true,"valueName":"search_term_string"}}],"inLanguage":"sv-SE"},{"@type":"Organization","@id":"https:\/\/blogg.svenskakyrkan.se\/vandravagen\/#organization","name":"ulricehamns pastorat","alternateName":"ulricehamns pastorat","url":"https:\/\/blogg.svenskakyrkan.se\/vandravagen\/","logo":{"@type":"ImageObject","inLanguage":"sv-SE","@id":"https:\/\/blogg.svenskakyrkan.se\/vandravagen\/#\/schema\/logo\/image\/","url":"https:\/\/blogg.svenskakyrkan.se\/vandravagen\/files\/2023\/05\/Ulr_logo_RGB.png","contentUrl":"https:\/\/blogg.svenskakyrkan.se\/vandravagen\/files\/2023\/05\/Ulr_logo_RGB.png","width":205,"height":77,"caption":"ulricehamns pastorat"},"image":{"@id":"https:\/\/blogg.svenskakyrkan.se\/vandravagen\/#\/schema\/logo\/image\/"},"sameAs":["http:\/\/facebook.com\/vandravagen","https:\/\/x.com\/fadertomas","http:\/\/www.facebook.com\/svenskakyrkaniulricehamn"]},{"@type":"Person","@id":"https:\/\/blogg.svenskakyrkan.se\/vandravagen\/#\/schema\/person\/25da02d4f76b137d04291711e2c9fc16","name":"Tomas Jarvid","image":{"@type":"ImageObject","inLanguage":"sv-SE","@id":"https:\/\/blogg.svenskakyrkan.se\/vandravagen\/#\/schema\/person\/image\/","url":"https:\/\/secure.gravatar.com\/avatar\/7fa71899795e8f540f615a1f5ab25255dc27aa40f05ee7ddd21aac521e01bf50?s=96&d=identicon&r=g","contentUrl":"https:\/\/secure.gravatar.com\/avatar\/7fa71899795e8f540f615a1f5ab25255dc27aa40f05ee7ddd21aac521e01bf50?s=96&d=identicon&r=g","caption":"Tomas Jarvid"},"description":"Jag bor i Ulricehamn i V\u00e4sterg\u00f6tland och \u00e4r f\u00f6rsamlingspr\u00e4st i Svenska Kyrkan f\u00f6r Dalstorps f\u00f6rsamling i Kinds pastorat. P\u00e5 den h\u00e4r bloggen skriver jag ner tankar om vandringen som kristen.","sameAs":["http:\/\/www.vandravagen.se"],"url":"https:\/\/blogg.svenskakyrkan.se\/vandravagen\/author\/vandravagen\/"}]}},"author_meta":{"ID":"392","user_nicename":"vandravagen","user_url":"http:\/\/www.vandravagen.se","user_registered":"2014-05-19 05:44:52","display_name":"Tomas Jarvid","first_name":"Tomas","last_name":"Jarvid","avatar":"https:\/\/secure.gravatar.com\/avatar\/7fa71899795e8f540f615a1f5ab25255dc27aa40f05ee7ddd21aac521e01bf50?s=96&d=identicon&r=g"},"featured_image":false,"bloginfo":{"name":"Vandra V\u00e4gen","url":"https:\/\/blogg.svenskakyrkan.se\/vandravagen"},"_links":{"self":[{"href":"https:\/\/blogg.svenskakyrkan.se\/vandravagen\/wp-json\/wp\/v2\/posts\/3262","targetHints":{"allow":["GET"]}}],"collection":[{"href":"https:\/\/blogg.svenskakyrkan.se\/vandravagen\/wp-json\/wp\/v2\/posts"}],"about":[{"href":"https:\/\/blogg.svenskakyrkan.se\/vandravagen\/wp-json\/wp\/v2\/types\/post"}],"author":[{"embeddable":true,"href":"https:\/\/blogg.svenskakyrkan.se\/vandravagen\/wp-json\/wp\/v2\/users\/392"}],"replies":[{"embeddable":true,"href":"https:\/\/blogg.svenskakyrkan.se\/vandravagen\/wp-json\/wp\/v2\/comments?post=3262"}],"version-history":[{"count":1,"href":"https:\/\/blogg.svenskakyrkan.se\/vandravagen\/wp-json\/wp\/v2\/posts\/3262\/revisions"}],"predecessor-version":[{"id":3264,"href":"https:\/\/blogg.svenskakyrkan.se\/vandravagen\/wp-json\/wp\/v2\/posts\/3262\/revisions\/3264"}],"wp:attachment":[{"href":"https:\/\/blogg.svenskakyrkan.se\/vandravagen\/wp-json\/wp\/v2\/media?parent=3262"}],"wp:term":[{"taxonomy":"category","embeddable":true,"href":"https:\/\/blogg.svenskakyrkan.se\/vandravagen\/wp-json\/wp\/v2\/categories?post=3262"},{"taxonomy":"post_tag","embeddable":true,"href":"https:\/\/blogg.svenskakyrkan.se\/vandravagen\/wp-json\/wp\/v2\/tags?post=3262"}],"curies":[{"name":"wp","href":"https:\/\/api.w.org\/{rel}","templated":true}]}}