{"id":3269,"date":"2015-06-14T07:37:40","date_gmt":"2015-06-14T05:37:40","guid":{"rendered":"http:\/\/blogg.svenskakyrkan.se\/vandravagen\/?p=3269"},"modified":"2015-06-14T07:37:40","modified_gmt":"2015-06-14T05:37:40","slug":"10-blandade-tankar-pa-sondagen-18","status":"publish","type":"post","link":"https:\/\/blogg.svenskakyrkan.se\/vandravagen\/2015\/06\/14\/10-blandade-tankar-pa-sondagen-18\/","title":{"rendered":"10 blandade tankar p\u00e5 s\u00f6ndagen"},"content":{"rendered":"<div id=\"attachment_3270\" style=\"width: 634px\" class=\"wp-caption aligncenter\"><a href=\"http:\/\/blogg.svenskakyrkan.se\/vandravagen\/files\/2015\/06\/bild-6.jpg\"><img loading=\"lazy\" decoding=\"async\" aria-describedby=\"caption-attachment-3270\" class=\"size-full wp-image-3270\" src=\"http:\/\/blogg.svenskakyrkan.se\/vandravagen\/files\/2015\/06\/bild-6.jpg\" alt=\"Krock med tv\u00e5 ballonger. Blandad bild.\" width=\"624\" height=\"887\" srcset=\"https:\/\/blogg.svenskakyrkan.se\/vandravagen\/files\/2015\/06\/bild-6.jpg 624w, https:\/\/blogg.svenskakyrkan.se\/vandravagen\/files\/2015\/06\/bild-6-300x426.jpg 300w, https:\/\/blogg.svenskakyrkan.se\/vandravagen\/files\/2015\/06\/bild-6-211x300.jpg 211w\" sizes=\"auto, (max-width: 624px) 100vw, 624px\" \/><\/a><p id=\"caption-attachment-3270\" class=\"wp-caption-text\">Krock med tv\u00e5 ballonger. Blandad bild.<\/p><\/div>\n<div>\n<p>S\u00e5 \u00e4r det s\u00f6ndag igen. Jag brukar se det h\u00e4r som ganska sorgl\u00f6sa och tramsiga inl\u00e4gg p\u00e5 bloggen. Just idag infinner sig inte riktigt st\u00e4mningen. Hela &#8221;kullen&#8221; \u00e4r fortfarande i chock \u00f6ver att det skett ett mord p\u00e5 en ton\u00e5rsflicka h\u00e4r mitt i idyllen. Det d\u00e4r st\u00e5r det mycket om p\u00e5 annat h\u00e5ll s\u00e5 jag ska inte skriva mycket detaljer h\u00e4r men det hindrar inte att det finns i allas tankar h\u00e4romkring. Och runt i landet ocks\u00e5 f\u00f6rst\u00e5s.<\/p>\n<p>Det jag d\u00e4remot g\u00e4rna vill n\u00e4mna \u00e4r att samtidigt som nyheten att de hittat kroppen n\u00e5dde mig i g\u00e5r morse s\u00e5 f\u00f6rstod jag samtidigt att olika rasistiska personer och organisationer redan b\u00f6rjat g\u00f6ra propaganda p\u00e5 att det var &#8221;invandrare&#8221; som gjorde det. Det k\u00e4nns extra illa att en s\u00e5 h\u00e4r tragisk historia ska bli slagp\u00e5se i ett s\u00e5 smutsigt politiskt spel dessutom.<\/p>\n<p>En annan sak v\u00e4rd att n\u00e4mna \u00e4r att det talas en del runtom om hur ettriga journalister tr\u00e4ngt sig p\u00e5 m\u00e4nniskor f\u00f6r att f\u00e5 tag i smaskiga ber\u00e4ttelser. Det tycker jag ocks\u00e5 \u00e4r v\u00e4ldigt illa.<\/p>\n<p>TT ringde mig mitt i alltihop och fr\u00e5gade vad svenskakyrkan gjorde i allt detta. Jag fick h\u00e4nvisa till v\u00e5r diakon som stod f\u00f6r de kontakterna. Sen efter\u00e5t kom jag p\u00e5 ett ganska bra och ov\u00e4ntat svar p\u00e5 fr\u00e5gan, som jag dock inte tror hade funkat i media (kyrkan som organisation hj\u00e4lpte till genom att vara med i kommunens krisgrupp och genom lite st\u00f6dinsatser till de som hj\u00e4lpte till att leta).<\/p>\n<\/div>\n<div>\n<p><strong>Det r\u00e4tta svaret hade varit att massor av v\u00e5ra medlemmar<\/strong> var engagerade i skallg\u00e5ngarna med missing people. \u00d6verallt d\u00e4r kyrkans medlemmar \u00e4r, d\u00e4r \u00e4r kyrkan. Det \u00e4r i v\u00e5r tid det \u00e4r alltf\u00f6r viktigt vilken flagg saker sker under.<\/p>\n<\/div>\n<div>\u00a0Idag firar jag gudstj\u00e4nst i Ova kyrka klockan 10. Och tar farv\u00e4l av den kan man s\u00e4ga. Jag ska \u00e4ven d\u00f6pa ett litet barn. Och s\u00e5 ska vi f\u00f6rst\u00e5s be f\u00f6r situationen kring den d\u00f6da flickan i alla v\u00e5ra gudstj\u00e4nster.<\/div>\n<div><\/div>\n<div>Dagens tema \u00e4r &#8221;kallelsen till Guds rike&#8221; och jag tycker jag har lyckats g\u00f6ra ett litet scoop och hittat en sp\u00e4nnande sak i evangelietexten s\u00e5 det ska bli roligt att predika. Jag f\u00e5r v\u00e4l ta och l\u00e4gga ut predikan h\u00e4r i morgon. I alla fall om ni inte alla kommer till Ova.<\/div>\n<div><\/div>\n<div>Ig\u00e5r var det ett jubileum. D\u00e5 var det 5\u00e5rsdagen av min pr\u00e4stvigning och jag fick faktiskt fira den med att tr\u00e4ffa de fyra jag pr\u00e4stvigdes tillsammans med. Jag har ett vagt minne om att jag som nypr\u00e4stvigd t\u00e4nkte att &#8221;om 5 \u00e5r s\u00e5 kanske man har koll n\u00e5gorlunda p\u00e5 det h\u00e4r&#8221;. Och s\u00e5 \u00e4r det nog. Ibland \u00e4r det sk\u00f6nt att r\u00e4kna med att tiden sk\u00f6ter om en del saker.<\/div>\n<div><\/div>\n<div>Idag \u00e4r det ett annat jubileum (som leder fram till ett personligt jubileum jag t\u00e4nker \u00e5terkomma till i veckan). Det \u00e4r precis 15 \u00e5r sedan den j\u00e4ttestora jubileumsgudstj\u00e4nsten i Husaby, 1000 \u00e5r efter Olof Sk\u00f6tkonungs dop. Vi ska i alla fall uppm\u00e4rksamma det med en s\u00e5ng av k\u00f6ren i dagens gudstj\u00e4nst.<\/div>\n<div><\/div>\n<div>Jag t\u00e4nkte faktiskt ta och sjunga och spela lite i min predikan idag ocks\u00e5. Det brukar jag inte g\u00f6ra. Vi f\u00e5r se hur det blir.<\/div>\n<div><\/div>\n<div>Vad g\u00f6r du idag? Skriv g\u00e4rna en kommentar!<\/div>\n<div><\/div>\n","protected":false},"excerpt":{"rendered":"<p>S\u00e5 \u00e4r det s\u00f6ndag igen. Jag brukar se det h\u00e4r som ganska sorgl\u00f6sa och tramsiga inl\u00e4gg p\u00e5 bloggen. Just idag infinner sig inte riktigt st\u00e4mningen. Hela &#8221;kullen&#8221; \u00e4r fortfarande i chock \u00f6ver att det skett ett mord p\u00e5 en ton\u00e5rsflicka h\u00e4r mitt i idyllen. Det d\u00e4r st\u00e5r det mycket om p\u00e5 annat h\u00e5ll s\u00e5 jag [&hellip;]<\/p>\n","protected":false},"author":392,"featured_media":0,"comment_status":"open","ping_status":"open","sticky":false,"template":"","format":"standard","meta":{"_acf_changed":false,"footnotes":""},"categories":[76766,76189],"tags":[],"class_list":["post-3269","post","type-post","status-publish","format-standard","hentry","category-blandat","category-dagens-kyrka"],"acf":[],"yoast_head":"<!-- This site is optimized with the Yoast SEO plugin v27.1.1 - https:\/\/yoast.com\/product\/yoast-seo-wordpress\/ -->\n<title>10 blandade tankar p\u00e5 s\u00f6ndagen - Vandra V\u00e4gen<\/title>\n<meta name=\"robots\" content=\"index, follow, max-snippet:-1, max-image-preview:large, max-video-preview:-1\" \/>\n<link rel=\"canonical\" href=\"https:\/\/blogg.svenskakyrkan.se\/vandravagen\/2015\/06\/14\/10-blandade-tankar-pa-sondagen-18\/\" \/>\n<meta property=\"og:locale\" content=\"sv_SE\" \/>\n<meta property=\"og:type\" content=\"article\" \/>\n<meta property=\"og:title\" content=\"10 blandade tankar p\u00e5 s\u00f6ndagen - Vandra V\u00e4gen\" \/>\n<meta property=\"og:description\" content=\"S\u00e5 \u00e4r det s\u00f6ndag igen. Jag brukar se det h\u00e4r som ganska sorgl\u00f6sa och tramsiga inl\u00e4gg p\u00e5 bloggen. Just idag infinner sig inte riktigt st\u00e4mningen. Hela &#8221;kullen&#8221; \u00e4r fortfarande i chock \u00f6ver att det skett ett mord p\u00e5 en ton\u00e5rsflicka h\u00e4r mitt i idyllen. Det d\u00e4r st\u00e5r det mycket om p\u00e5 annat h\u00e5ll s\u00e5 jag [&hellip;]\" \/>\n<meta property=\"og:url\" content=\"https:\/\/blogg.svenskakyrkan.se\/vandravagen\/2015\/06\/14\/10-blandade-tankar-pa-sondagen-18\/\" \/>\n<meta property=\"og:site_name\" content=\"Vandra V\u00e4gen\" \/>\n<meta property=\"article:publisher\" content=\"http:\/\/facebook.com\/vandravagen\" \/>\n<meta property=\"article:published_time\" content=\"2015-06-14T05:37:40+00:00\" \/>\n<meta property=\"og:image\" content=\"http:\/\/blogg.svenskakyrkan.se\/vandravagen\/files\/2015\/06\/bild-6.jpg\" \/>\n<meta name=\"author\" content=\"Tomas Jarvid\" \/>\n<meta name=\"twitter:card\" content=\"summary_large_image\" \/>\n<meta name=\"twitter:creator\" content=\"@fadertomas\" \/>\n<meta name=\"twitter:site\" content=\"@fadertomas\" \/>\n<meta name=\"twitter:label1\" content=\"Skriven av\" \/>\n\t<meta name=\"twitter:data1\" content=\"Tomas Jarvid\" \/>\n\t<meta name=\"twitter:label2\" content=\"Ber\u00e4knad l\u00e4stid\" \/>\n\t<meta name=\"twitter:data2\" content=\"3 minuter\" \/>\n<script type=\"application\/ld+json\" class=\"yoast-schema-graph\">{\"@context\":\"https:\/\/schema.org\",\"@graph\":[{\"@type\":\"Article\",\"@id\":\"https:\/\/blogg.svenskakyrkan.se\/vandravagen\/2015\/06\/14\/10-blandade-tankar-pa-sondagen-18\/#article\",\"isPartOf\":{\"@id\":\"https:\/\/blogg.svenskakyrkan.se\/vandravagen\/2015\/06\/14\/10-blandade-tankar-pa-sondagen-18\/\"},\"author\":{\"name\":\"Tomas Jarvid\",\"@id\":\"https:\/\/blogg.svenskakyrkan.se\/vandravagen\/#\/schema\/person\/25da02d4f76b137d04291711e2c9fc16\"},\"headline\":\"10 blandade tankar p\u00e5 s\u00f6ndagen\",\"datePublished\":\"2015-06-14T05:37:40+00:00\",\"mainEntityOfPage\":{\"@id\":\"https:\/\/blogg.svenskakyrkan.se\/vandravagen\/2015\/06\/14\/10-blandade-tankar-pa-sondagen-18\/\"},\"wordCount\":633,\"commentCount\":5,\"publisher\":{\"@id\":\"https:\/\/blogg.svenskakyrkan.se\/vandravagen\/#organization\"},\"image\":{\"@id\":\"https:\/\/blogg.svenskakyrkan.se\/vandravagen\/2015\/06\/14\/10-blandade-tankar-pa-sondagen-18\/#primaryimage\"},\"thumbnailUrl\":\"http:\/\/blogg.svenskakyrkan.se\/vandravagen\/files\/2015\/06\/bild-6.jpg\",\"articleSection\":[\"blandat\",\"Dagens Kyrka\"],\"inLanguage\":\"sv-SE\",\"potentialAction\":[{\"@type\":\"CommentAction\",\"name\":\"Comment\",\"target\":[\"https:\/\/blogg.svenskakyrkan.se\/vandravagen\/2015\/06\/14\/10-blandade-tankar-pa-sondagen-18\/#respond\"]}]},{\"@type\":\"WebPage\",\"@id\":\"https:\/\/blogg.svenskakyrkan.se\/vandravagen\/2015\/06\/14\/10-blandade-tankar-pa-sondagen-18\/\",\"url\":\"https:\/\/blogg.svenskakyrkan.se\/vandravagen\/2015\/06\/14\/10-blandade-tankar-pa-sondagen-18\/\",\"name\":\"10 blandade tankar p\u00e5 s\u00f6ndagen - Vandra V\u00e4gen\",\"isPartOf\":{\"@id\":\"https:\/\/blogg.svenskakyrkan.se\/vandravagen\/#website\"},\"primaryImageOfPage\":{\"@id\":\"https:\/\/blogg.svenskakyrkan.se\/vandravagen\/2015\/06\/14\/10-blandade-tankar-pa-sondagen-18\/#primaryimage\"},\"image\":{\"@id\":\"https:\/\/blogg.svenskakyrkan.se\/vandravagen\/2015\/06\/14\/10-blandade-tankar-pa-sondagen-18\/#primaryimage\"},\"thumbnailUrl\":\"http:\/\/blogg.svenskakyrkan.se\/vandravagen\/files\/2015\/06\/bild-6.jpg\",\"datePublished\":\"2015-06-14T05:37:40+00:00\",\"breadcrumb\":{\"@id\":\"https:\/\/blogg.svenskakyrkan.se\/vandravagen\/2015\/06\/14\/10-blandade-tankar-pa-sondagen-18\/#breadcrumb\"},\"inLanguage\":\"sv-SE\",\"potentialAction\":[{\"@type\":\"ReadAction\",\"target\":[\"https:\/\/blogg.svenskakyrkan.se\/vandravagen\/2015\/06\/14\/10-blandade-tankar-pa-sondagen-18\/\"]}]},{\"@type\":\"ImageObject\",\"inLanguage\":\"sv-SE\",\"@id\":\"https:\/\/blogg.svenskakyrkan.se\/vandravagen\/2015\/06\/14\/10-blandade-tankar-pa-sondagen-18\/#primaryimage\",\"url\":\"http:\/\/blogg.svenskakyrkan.se\/vandravagen\/files\/2015\/06\/bild-6.jpg\",\"contentUrl\":\"http:\/\/blogg.svenskakyrkan.se\/vandravagen\/files\/2015\/06\/bild-6.jpg\"},{\"@type\":\"BreadcrumbList\",\"@id\":\"https:\/\/blogg.svenskakyrkan.se\/vandravagen\/2015\/06\/14\/10-blandade-tankar-pa-sondagen-18\/#breadcrumb\",\"itemListElement\":[{\"@type\":\"ListItem\",\"position\":1,\"name\":\"Hem\",\"item\":\"https:\/\/blogg.svenskakyrkan.se\/vandravagen\/\"},{\"@type\":\"ListItem\",\"position\":2,\"name\":\"10 blandade tankar p\u00e5 s\u00f6ndagen\"}]},{\"@type\":\"WebSite\",\"@id\":\"https:\/\/blogg.svenskakyrkan.se\/vandravagen\/#website\",\"url\":\"https:\/\/blogg.svenskakyrkan.se\/vandravagen\/\",\"name\":\"Vandra V\u00e4gen\",\"description\":\"-Mot en tro f\u00f6r hela livet\",\"publisher\":{\"@id\":\"https:\/\/blogg.svenskakyrkan.se\/vandravagen\/#organization\"},\"potentialAction\":[{\"@type\":\"SearchAction\",\"target\":{\"@type\":\"EntryPoint\",\"urlTemplate\":\"https:\/\/blogg.svenskakyrkan.se\/vandravagen\/?s={search_term_string}\"},\"query-input\":{\"@type\":\"PropertyValueSpecification\",\"valueRequired\":true,\"valueName\":\"search_term_string\"}}],\"inLanguage\":\"sv-SE\"},{\"@type\":\"Organization\",\"@id\":\"https:\/\/blogg.svenskakyrkan.se\/vandravagen\/#organization\",\"name\":\"ulricehamns pastorat\",\"alternateName\":\"ulricehamns pastorat\",\"url\":\"https:\/\/blogg.svenskakyrkan.se\/vandravagen\/\",\"logo\":{\"@type\":\"ImageObject\",\"inLanguage\":\"sv-SE\",\"@id\":\"https:\/\/blogg.svenskakyrkan.se\/vandravagen\/#\/schema\/logo\/image\/\",\"url\":\"https:\/\/blogg.svenskakyrkan.se\/vandravagen\/files\/2023\/05\/Ulr_logo_RGB.png\",\"contentUrl\":\"https:\/\/blogg.svenskakyrkan.se\/vandravagen\/files\/2023\/05\/Ulr_logo_RGB.png\",\"width\":205,\"height\":77,\"caption\":\"ulricehamns pastorat\"},\"image\":{\"@id\":\"https:\/\/blogg.svenskakyrkan.se\/vandravagen\/#\/schema\/logo\/image\/\"},\"sameAs\":[\"http:\/\/facebook.com\/vandravagen\",\"https:\/\/x.com\/fadertomas\",\"http:\/\/www.facebook.com\/svenskakyrkaniulricehamn\"]},{\"@type\":\"Person\",\"@id\":\"https:\/\/blogg.svenskakyrkan.se\/vandravagen\/#\/schema\/person\/25da02d4f76b137d04291711e2c9fc16\",\"name\":\"Tomas Jarvid\",\"image\":{\"@type\":\"ImageObject\",\"inLanguage\":\"sv-SE\",\"@id\":\"https:\/\/blogg.svenskakyrkan.se\/vandravagen\/#\/schema\/person\/image\/\",\"url\":\"https:\/\/secure.gravatar.com\/avatar\/7fa71899795e8f540f615a1f5ab25255dc27aa40f05ee7ddd21aac521e01bf50?s=96&d=identicon&r=g\",\"contentUrl\":\"https:\/\/secure.gravatar.com\/avatar\/7fa71899795e8f540f615a1f5ab25255dc27aa40f05ee7ddd21aac521e01bf50?s=96&d=identicon&r=g\",\"caption\":\"Tomas Jarvid\"},\"description\":\"Jag bor i Ulricehamn i V\u00e4sterg\u00f6tland och \u00e4r f\u00f6rsamlingspr\u00e4st i Svenska Kyrkan f\u00f6r Dalstorps f\u00f6rsamling i Kinds pastorat. P\u00e5 den h\u00e4r bloggen skriver jag ner tankar om vandringen som kristen.\",\"sameAs\":[\"http:\/\/www.vandravagen.se\"],\"url\":\"https:\/\/blogg.svenskakyrkan.se\/vandravagen\/author\/vandravagen\/\"}]}<\/script>\n<!-- \/ Yoast SEO plugin. -->","yoast_head_json":{"title":"10 blandade tankar p\u00e5 s\u00f6ndagen - Vandra V\u00e4gen","robots":{"index":"index","follow":"follow","max-snippet":"max-snippet:-1","max-image-preview":"max-image-preview:large","max-video-preview":"max-video-preview:-1"},"canonical":"https:\/\/blogg.svenskakyrkan.se\/vandravagen\/2015\/06\/14\/10-blandade-tankar-pa-sondagen-18\/","og_locale":"sv_SE","og_type":"article","og_title":"10 blandade tankar p\u00e5 s\u00f6ndagen - Vandra V\u00e4gen","og_description":"S\u00e5 \u00e4r det s\u00f6ndag igen. Jag brukar se det h\u00e4r som ganska sorgl\u00f6sa och tramsiga inl\u00e4gg p\u00e5 bloggen. Just idag infinner sig inte riktigt st\u00e4mningen. Hela &#8221;kullen&#8221; \u00e4r fortfarande i chock \u00f6ver att det skett ett mord p\u00e5 en ton\u00e5rsflicka h\u00e4r mitt i idyllen. Det d\u00e4r st\u00e5r det mycket om p\u00e5 annat h\u00e5ll s\u00e5 jag [&hellip;]","og_url":"https:\/\/blogg.svenskakyrkan.se\/vandravagen\/2015\/06\/14\/10-blandade-tankar-pa-sondagen-18\/","og_site_name":"Vandra V\u00e4gen","article_publisher":"http:\/\/facebook.com\/vandravagen","article_published_time":"2015-06-14T05:37:40+00:00","og_image":[{"url":"http:\/\/blogg.svenskakyrkan.se\/vandravagen\/files\/2015\/06\/bild-6.jpg","type":"","width":"","height":""}],"author":"Tomas Jarvid","twitter_card":"summary_large_image","twitter_creator":"@fadertomas","twitter_site":"@fadertomas","twitter_misc":{"Skriven av":"Tomas Jarvid","Ber\u00e4knad l\u00e4stid":"3 minuter"},"schema":{"@context":"https:\/\/schema.org","@graph":[{"@type":"Article","@id":"https:\/\/blogg.svenskakyrkan.se\/vandravagen\/2015\/06\/14\/10-blandade-tankar-pa-sondagen-18\/#article","isPartOf":{"@id":"https:\/\/blogg.svenskakyrkan.se\/vandravagen\/2015\/06\/14\/10-blandade-tankar-pa-sondagen-18\/"},"author":{"name":"Tomas Jarvid","@id":"https:\/\/blogg.svenskakyrkan.se\/vandravagen\/#\/schema\/person\/25da02d4f76b137d04291711e2c9fc16"},"headline":"10 blandade tankar p\u00e5 s\u00f6ndagen","datePublished":"2015-06-14T05:37:40+00:00","mainEntityOfPage":{"@id":"https:\/\/blogg.svenskakyrkan.se\/vandravagen\/2015\/06\/14\/10-blandade-tankar-pa-sondagen-18\/"},"wordCount":633,"commentCount":5,"publisher":{"@id":"https:\/\/blogg.svenskakyrkan.se\/vandravagen\/#organization"},"image":{"@id":"https:\/\/blogg.svenskakyrkan.se\/vandravagen\/2015\/06\/14\/10-blandade-tankar-pa-sondagen-18\/#primaryimage"},"thumbnailUrl":"http:\/\/blogg.svenskakyrkan.se\/vandravagen\/files\/2015\/06\/bild-6.jpg","articleSection":["blandat","Dagens Kyrka"],"inLanguage":"sv-SE","potentialAction":[{"@type":"CommentAction","name":"Comment","target":["https:\/\/blogg.svenskakyrkan.se\/vandravagen\/2015\/06\/14\/10-blandade-tankar-pa-sondagen-18\/#respond"]}]},{"@type":"WebPage","@id":"https:\/\/blogg.svenskakyrkan.se\/vandravagen\/2015\/06\/14\/10-blandade-tankar-pa-sondagen-18\/","url":"https:\/\/blogg.svenskakyrkan.se\/vandravagen\/2015\/06\/14\/10-blandade-tankar-pa-sondagen-18\/","name":"10 blandade tankar p\u00e5 s\u00f6ndagen - Vandra V\u00e4gen","isPartOf":{"@id":"https:\/\/blogg.svenskakyrkan.se\/vandravagen\/#website"},"primaryImageOfPage":{"@id":"https:\/\/blogg.svenskakyrkan.se\/vandravagen\/2015\/06\/14\/10-blandade-tankar-pa-sondagen-18\/#primaryimage"},"image":{"@id":"https:\/\/blogg.svenskakyrkan.se\/vandravagen\/2015\/06\/14\/10-blandade-tankar-pa-sondagen-18\/#primaryimage"},"thumbnailUrl":"http:\/\/blogg.svenskakyrkan.se\/vandravagen\/files\/2015\/06\/bild-6.jpg","datePublished":"2015-06-14T05:37:40+00:00","breadcrumb":{"@id":"https:\/\/blogg.svenskakyrkan.se\/vandravagen\/2015\/06\/14\/10-blandade-tankar-pa-sondagen-18\/#breadcrumb"},"inLanguage":"sv-SE","potentialAction":[{"@type":"ReadAction","target":["https:\/\/blogg.svenskakyrkan.se\/vandravagen\/2015\/06\/14\/10-blandade-tankar-pa-sondagen-18\/"]}]},{"@type":"ImageObject","inLanguage":"sv-SE","@id":"https:\/\/blogg.svenskakyrkan.se\/vandravagen\/2015\/06\/14\/10-blandade-tankar-pa-sondagen-18\/#primaryimage","url":"http:\/\/blogg.svenskakyrkan.se\/vandravagen\/files\/2015\/06\/bild-6.jpg","contentUrl":"http:\/\/blogg.svenskakyrkan.se\/vandravagen\/files\/2015\/06\/bild-6.jpg"},{"@type":"BreadcrumbList","@id":"https:\/\/blogg.svenskakyrkan.se\/vandravagen\/2015\/06\/14\/10-blandade-tankar-pa-sondagen-18\/#breadcrumb","itemListElement":[{"@type":"ListItem","position":1,"name":"Hem","item":"https:\/\/blogg.svenskakyrkan.se\/vandravagen\/"},{"@type":"ListItem","position":2,"name":"10 blandade tankar p\u00e5 s\u00f6ndagen"}]},{"@type":"WebSite","@id":"https:\/\/blogg.svenskakyrkan.se\/vandravagen\/#website","url":"https:\/\/blogg.svenskakyrkan.se\/vandravagen\/","name":"Vandra V\u00e4gen","description":"-Mot en tro f\u00f6r hela livet","publisher":{"@id":"https:\/\/blogg.svenskakyrkan.se\/vandravagen\/#organization"},"potentialAction":[{"@type":"SearchAction","target":{"@type":"EntryPoint","urlTemplate":"https:\/\/blogg.svenskakyrkan.se\/vandravagen\/?s={search_term_string}"},"query-input":{"@type":"PropertyValueSpecification","valueRequired":true,"valueName":"search_term_string"}}],"inLanguage":"sv-SE"},{"@type":"Organization","@id":"https:\/\/blogg.svenskakyrkan.se\/vandravagen\/#organization","name":"ulricehamns pastorat","alternateName":"ulricehamns pastorat","url":"https:\/\/blogg.svenskakyrkan.se\/vandravagen\/","logo":{"@type":"ImageObject","inLanguage":"sv-SE","@id":"https:\/\/blogg.svenskakyrkan.se\/vandravagen\/#\/schema\/logo\/image\/","url":"https:\/\/blogg.svenskakyrkan.se\/vandravagen\/files\/2023\/05\/Ulr_logo_RGB.png","contentUrl":"https:\/\/blogg.svenskakyrkan.se\/vandravagen\/files\/2023\/05\/Ulr_logo_RGB.png","width":205,"height":77,"caption":"ulricehamns pastorat"},"image":{"@id":"https:\/\/blogg.svenskakyrkan.se\/vandravagen\/#\/schema\/logo\/image\/"},"sameAs":["http:\/\/facebook.com\/vandravagen","https:\/\/x.com\/fadertomas","http:\/\/www.facebook.com\/svenskakyrkaniulricehamn"]},{"@type":"Person","@id":"https:\/\/blogg.svenskakyrkan.se\/vandravagen\/#\/schema\/person\/25da02d4f76b137d04291711e2c9fc16","name":"Tomas Jarvid","image":{"@type":"ImageObject","inLanguage":"sv-SE","@id":"https:\/\/blogg.svenskakyrkan.se\/vandravagen\/#\/schema\/person\/image\/","url":"https:\/\/secure.gravatar.com\/avatar\/7fa71899795e8f540f615a1f5ab25255dc27aa40f05ee7ddd21aac521e01bf50?s=96&d=identicon&r=g","contentUrl":"https:\/\/secure.gravatar.com\/avatar\/7fa71899795e8f540f615a1f5ab25255dc27aa40f05ee7ddd21aac521e01bf50?s=96&d=identicon&r=g","caption":"Tomas Jarvid"},"description":"Jag bor i Ulricehamn i V\u00e4sterg\u00f6tland och \u00e4r f\u00f6rsamlingspr\u00e4st i Svenska Kyrkan f\u00f6r Dalstorps f\u00f6rsamling i Kinds pastorat. P\u00e5 den h\u00e4r bloggen skriver jag ner tankar om vandringen som kristen.","sameAs":["http:\/\/www.vandravagen.se"],"url":"https:\/\/blogg.svenskakyrkan.se\/vandravagen\/author\/vandravagen\/"}]}},"author_meta":{"ID":"392","user_nicename":"vandravagen","user_url":"http:\/\/www.vandravagen.se","user_registered":"2014-05-19 05:44:52","display_name":"Tomas Jarvid","first_name":"Tomas","last_name":"Jarvid","avatar":"https:\/\/secure.gravatar.com\/avatar\/7fa71899795e8f540f615a1f5ab25255dc27aa40f05ee7ddd21aac521e01bf50?s=96&d=identicon&r=g"},"featured_image":false,"bloginfo":{"name":"Vandra V\u00e4gen","url":"https:\/\/blogg.svenskakyrkan.se\/vandravagen"},"_links":{"self":[{"href":"https:\/\/blogg.svenskakyrkan.se\/vandravagen\/wp-json\/wp\/v2\/posts\/3269","targetHints":{"allow":["GET"]}}],"collection":[{"href":"https:\/\/blogg.svenskakyrkan.se\/vandravagen\/wp-json\/wp\/v2\/posts"}],"about":[{"href":"https:\/\/blogg.svenskakyrkan.se\/vandravagen\/wp-json\/wp\/v2\/types\/post"}],"author":[{"embeddable":true,"href":"https:\/\/blogg.svenskakyrkan.se\/vandravagen\/wp-json\/wp\/v2\/users\/392"}],"replies":[{"embeddable":true,"href":"https:\/\/blogg.svenskakyrkan.se\/vandravagen\/wp-json\/wp\/v2\/comments?post=3269"}],"version-history":[{"count":2,"href":"https:\/\/blogg.svenskakyrkan.se\/vandravagen\/wp-json\/wp\/v2\/posts\/3269\/revisions"}],"predecessor-version":[{"id":3272,"href":"https:\/\/blogg.svenskakyrkan.se\/vandravagen\/wp-json\/wp\/v2\/posts\/3269\/revisions\/3272"}],"wp:attachment":[{"href":"https:\/\/blogg.svenskakyrkan.se\/vandravagen\/wp-json\/wp\/v2\/media?parent=3269"}],"wp:term":[{"taxonomy":"category","embeddable":true,"href":"https:\/\/blogg.svenskakyrkan.se\/vandravagen\/wp-json\/wp\/v2\/categories?post=3269"},{"taxonomy":"post_tag","embeddable":true,"href":"https:\/\/blogg.svenskakyrkan.se\/vandravagen\/wp-json\/wp\/v2\/tags?post=3269"}],"curies":[{"name":"wp","href":"https:\/\/api.w.org\/{rel}","templated":true}]}}