{"id":327,"date":"2013-10-04T18:00:00","date_gmt":"2013-10-04T16:00:00","guid":{"rendered":"http:\/\/blogg.svenskakyrkan.se\/vandravagen\/2013\/10\/04\/ratt-svar-pa-bildgata-xxvi\/"},"modified":"2013-10-04T18:00:00","modified_gmt":"2013-10-04T16:00:00","slug":"ratt-svar-pa-bildgata-xxvi","status":"publish","type":"post","link":"https:\/\/blogg.svenskakyrkan.se\/vandravagen\/2013\/10\/04\/ratt-svar-pa-bildgata-xxvi\/","title":{"rendered":"R\u00e4tt svar p\u00e5 bildg\u00e5ta XXVI!"},"content":{"rendered":"<div><a href=\"http:\/\/4.bp.blogspot.com\/--X89AWwvGIM\/Uk5XF1Qo5rI\/AAAAAAAAFlo\/sj99Pmw3jV4\/s1600\/IMG_4083.jpg\"><img loading=\"lazy\" decoding=\"async\" border=\"0\" height=\"640\" src=\"http:\/\/4.bp.blogspot.com\/--X89AWwvGIM\/Uk5XF1Qo5rI\/AAAAAAAAFlo\/sj99Pmw3jV4\/s640\/IMG_4083.jpg\" width=\"478\"><\/a><\/div>\n<div><\/div>\n<div>Som Simon och flera andra visste f\u00f6rest\u00e4ller den h\u00e4r bilden (ur en barnbibel) hur Jesus ger syn \u00e5t en blindf\u00f6dd man (notera solglas\u00f6gonen och k\u00e4ppen) genom att stryka lera p\u00e5 \u00f6gonen och sedan l\u00e5ta honom tv\u00e4tta sig i Siloadammen.<\/div>\n<div><\/div>\n<div>I samband med detta \u00e4r det en fr\u00e4n diskussion om huruvida det \u00e4r p\u00e5 grund av hans eller hans f\u00f6r\u00e4ldrars synder som mannen blivit blind. Jesus avf\u00e4rdar tydligt ett s\u00e5dant s\u00e4tt att t\u00e4nka! Jag tror \u00e4nd\u00e5 att det \u00e4r vanligt \u00e4ven idag att t\u00e4nka s\u00e5 i m\u00f6rka stunder: &#8221;Vad har jag gjort f\u00f6r att f\u00f6rtj\u00e4na detta&#8221;? Kristen tro \u00e4r inte karmatro. S\u00e5 \u00e4r det bara!<\/div><\/p>\n","protected":false},"excerpt":{"rendered":"<p>Som Simon och flera andra visste f\u00f6rest\u00e4ller den h\u00e4r bilden (ur en barnbibel) hur Jesus ger syn \u00e5t en blindf\u00f6dd man (notera solglas\u00f6gonen och k\u00e4ppen) genom att stryka lera p\u00e5 \u00f6gonen och sedan l\u00e5ta honom tv\u00e4tta sig i Siloadammen. I samband med detta \u00e4r det en fr\u00e4n diskussion om huruvida det \u00e4r p\u00e5 grund av [&hellip;]<\/p>\n","protected":false},"author":392,"featured_media":0,"comment_status":"open","ping_status":"open","sticky":false,"template":"","format":"standard","meta":{"_acf_changed":false,"footnotes":""},"categories":[14252,79126],"tags":[],"class_list":["post-327","post","type-post","status-publish","format-standard","hentry","category-bibel","category-bildgatan"],"acf":[],"yoast_head":"<!-- This site is optimized with the Yoast SEO plugin v27.1.1 - https:\/\/yoast.com\/product\/yoast-seo-wordpress\/ -->\n<title>R\u00e4tt svar p\u00e5 bildg\u00e5ta XXVI! - Vandra V\u00e4gen<\/title>\n<meta name=\"robots\" content=\"index, follow, max-snippet:-1, max-image-preview:large, max-video-preview:-1\" \/>\n<link rel=\"canonical\" href=\"https:\/\/blogg.svenskakyrkan.se\/vandravagen\/2013\/10\/04\/ratt-svar-pa-bildgata-xxvi\/\" \/>\n<meta property=\"og:locale\" content=\"sv_SE\" \/>\n<meta property=\"og:type\" content=\"article\" \/>\n<meta property=\"og:title\" content=\"R\u00e4tt svar p\u00e5 bildg\u00e5ta XXVI! - Vandra V\u00e4gen\" \/>\n<meta property=\"og:description\" content=\"Som Simon och flera andra visste f\u00f6rest\u00e4ller den h\u00e4r bilden (ur en barnbibel) hur Jesus ger syn \u00e5t en blindf\u00f6dd man (notera solglas\u00f6gonen och k\u00e4ppen) genom att stryka lera p\u00e5 \u00f6gonen och sedan l\u00e5ta honom tv\u00e4tta sig i Siloadammen. I samband med detta \u00e4r det en fr\u00e4n diskussion om huruvida det \u00e4r p\u00e5 grund av [&hellip;]\" \/>\n<meta property=\"og:url\" content=\"https:\/\/blogg.svenskakyrkan.se\/vandravagen\/2013\/10\/04\/ratt-svar-pa-bildgata-xxvi\/\" \/>\n<meta property=\"og:site_name\" content=\"Vandra V\u00e4gen\" \/>\n<meta property=\"article:publisher\" content=\"http:\/\/facebook.com\/vandravagen\" \/>\n<meta property=\"article:published_time\" content=\"2013-10-04T16:00:00+00:00\" \/>\n<meta property=\"og:image\" content=\"http:\/\/4.bp.blogspot.com\/--X89AWwvGIM\/Uk5XF1Qo5rI\/AAAAAAAAFlo\/sj99Pmw3jV4\/s640\/IMG_4083.jpg\" \/>\n<meta name=\"author\" content=\"Tomas Jarvid\" \/>\n<meta name=\"twitter:card\" content=\"summary_large_image\" \/>\n<meta name=\"twitter:creator\" content=\"@fadertomas\" \/>\n<meta name=\"twitter:site\" content=\"@fadertomas\" \/>\n<meta name=\"twitter:label1\" content=\"Skriven av\" \/>\n\t<meta name=\"twitter:data1\" content=\"Tomas Jarvid\" \/>\n\t<meta name=\"twitter:label2\" content=\"Ber\u00e4knad l\u00e4stid\" \/>\n\t<meta name=\"twitter:data2\" content=\"1 minut\" \/>\n<script type=\"application\/ld+json\" class=\"yoast-schema-graph\">{\"@context\":\"https:\/\/schema.org\",\"@graph\":[{\"@type\":\"Article\",\"@id\":\"https:\/\/blogg.svenskakyrkan.se\/vandravagen\/2013\/10\/04\/ratt-svar-pa-bildgata-xxvi\/#article\",\"isPartOf\":{\"@id\":\"https:\/\/blogg.svenskakyrkan.se\/vandravagen\/2013\/10\/04\/ratt-svar-pa-bildgata-xxvi\/\"},\"author\":{\"name\":\"Tomas Jarvid\",\"@id\":\"https:\/\/blogg.svenskakyrkan.se\/vandravagen\/#\/schema\/person\/25da02d4f76b137d04291711e2c9fc16\"},\"headline\":\"R\u00e4tt svar p\u00e5 bildg\u00e5ta XXVI!\",\"datePublished\":\"2013-10-04T16:00:00+00:00\",\"mainEntityOfPage\":{\"@id\":\"https:\/\/blogg.svenskakyrkan.se\/vandravagen\/2013\/10\/04\/ratt-svar-pa-bildgata-xxvi\/\"},\"wordCount\":131,\"commentCount\":0,\"publisher\":{\"@id\":\"https:\/\/blogg.svenskakyrkan.se\/vandravagen\/#organization\"},\"image\":{\"@id\":\"https:\/\/blogg.svenskakyrkan.se\/vandravagen\/2013\/10\/04\/ratt-svar-pa-bildgata-xxvi\/#primaryimage\"},\"thumbnailUrl\":\"http:\/\/4.bp.blogspot.com\/--X89AWwvGIM\/Uk5XF1Qo5rI\/AAAAAAAAFlo\/sj99Pmw3jV4\/s640\/IMG_4083.jpg\",\"articleSection\":[\"bibel\",\"bildg\u00e5tan\"],\"inLanguage\":\"sv-SE\",\"potentialAction\":[{\"@type\":\"CommentAction\",\"name\":\"Comment\",\"target\":[\"https:\/\/blogg.svenskakyrkan.se\/vandravagen\/2013\/10\/04\/ratt-svar-pa-bildgata-xxvi\/#respond\"]}]},{\"@type\":\"WebPage\",\"@id\":\"https:\/\/blogg.svenskakyrkan.se\/vandravagen\/2013\/10\/04\/ratt-svar-pa-bildgata-xxvi\/\",\"url\":\"https:\/\/blogg.svenskakyrkan.se\/vandravagen\/2013\/10\/04\/ratt-svar-pa-bildgata-xxvi\/\",\"name\":\"R\u00e4tt svar p\u00e5 bildg\u00e5ta XXVI! - Vandra V\u00e4gen\",\"isPartOf\":{\"@id\":\"https:\/\/blogg.svenskakyrkan.se\/vandravagen\/#website\"},\"primaryImageOfPage\":{\"@id\":\"https:\/\/blogg.svenskakyrkan.se\/vandravagen\/2013\/10\/04\/ratt-svar-pa-bildgata-xxvi\/#primaryimage\"},\"image\":{\"@id\":\"https:\/\/blogg.svenskakyrkan.se\/vandravagen\/2013\/10\/04\/ratt-svar-pa-bildgata-xxvi\/#primaryimage\"},\"thumbnailUrl\":\"http:\/\/4.bp.blogspot.com\/--X89AWwvGIM\/Uk5XF1Qo5rI\/AAAAAAAAFlo\/sj99Pmw3jV4\/s640\/IMG_4083.jpg\",\"datePublished\":\"2013-10-04T16:00:00+00:00\",\"breadcrumb\":{\"@id\":\"https:\/\/blogg.svenskakyrkan.se\/vandravagen\/2013\/10\/04\/ratt-svar-pa-bildgata-xxvi\/#breadcrumb\"},\"inLanguage\":\"sv-SE\",\"potentialAction\":[{\"@type\":\"ReadAction\",\"target\":[\"https:\/\/blogg.svenskakyrkan.se\/vandravagen\/2013\/10\/04\/ratt-svar-pa-bildgata-xxvi\/\"]}]},{\"@type\":\"ImageObject\",\"inLanguage\":\"sv-SE\",\"@id\":\"https:\/\/blogg.svenskakyrkan.se\/vandravagen\/2013\/10\/04\/ratt-svar-pa-bildgata-xxvi\/#primaryimage\",\"url\":\"http:\/\/4.bp.blogspot.com\/--X89AWwvGIM\/Uk5XF1Qo5rI\/AAAAAAAAFlo\/sj99Pmw3jV4\/s640\/IMG_4083.jpg\",\"contentUrl\":\"http:\/\/4.bp.blogspot.com\/--X89AWwvGIM\/Uk5XF1Qo5rI\/AAAAAAAAFlo\/sj99Pmw3jV4\/s640\/IMG_4083.jpg\"},{\"@type\":\"BreadcrumbList\",\"@id\":\"https:\/\/blogg.svenskakyrkan.se\/vandravagen\/2013\/10\/04\/ratt-svar-pa-bildgata-xxvi\/#breadcrumb\",\"itemListElement\":[{\"@type\":\"ListItem\",\"position\":1,\"name\":\"Hem\",\"item\":\"https:\/\/blogg.svenskakyrkan.se\/vandravagen\/\"},{\"@type\":\"ListItem\",\"position\":2,\"name\":\"R\u00e4tt svar p\u00e5 bildg\u00e5ta XXVI!\"}]},{\"@type\":\"WebSite\",\"@id\":\"https:\/\/blogg.svenskakyrkan.se\/vandravagen\/#website\",\"url\":\"https:\/\/blogg.svenskakyrkan.se\/vandravagen\/\",\"name\":\"Vandra V\u00e4gen\",\"description\":\"-Mot en tro f\u00f6r hela livet\",\"publisher\":{\"@id\":\"https:\/\/blogg.svenskakyrkan.se\/vandravagen\/#organization\"},\"potentialAction\":[{\"@type\":\"SearchAction\",\"target\":{\"@type\":\"EntryPoint\",\"urlTemplate\":\"https:\/\/blogg.svenskakyrkan.se\/vandravagen\/?s={search_term_string}\"},\"query-input\":{\"@type\":\"PropertyValueSpecification\",\"valueRequired\":true,\"valueName\":\"search_term_string\"}}],\"inLanguage\":\"sv-SE\"},{\"@type\":\"Organization\",\"@id\":\"https:\/\/blogg.svenskakyrkan.se\/vandravagen\/#organization\",\"name\":\"ulricehamns pastorat\",\"alternateName\":\"ulricehamns pastorat\",\"url\":\"https:\/\/blogg.svenskakyrkan.se\/vandravagen\/\",\"logo\":{\"@type\":\"ImageObject\",\"inLanguage\":\"sv-SE\",\"@id\":\"https:\/\/blogg.svenskakyrkan.se\/vandravagen\/#\/schema\/logo\/image\/\",\"url\":\"https:\/\/blogg.svenskakyrkan.se\/vandravagen\/files\/2023\/05\/Ulr_logo_RGB.png\",\"contentUrl\":\"https:\/\/blogg.svenskakyrkan.se\/vandravagen\/files\/2023\/05\/Ulr_logo_RGB.png\",\"width\":205,\"height\":77,\"caption\":\"ulricehamns pastorat\"},\"image\":{\"@id\":\"https:\/\/blogg.svenskakyrkan.se\/vandravagen\/#\/schema\/logo\/image\/\"},\"sameAs\":[\"http:\/\/facebook.com\/vandravagen\",\"https:\/\/x.com\/fadertomas\",\"http:\/\/www.facebook.com\/svenskakyrkaniulricehamn\"]},{\"@type\":\"Person\",\"@id\":\"https:\/\/blogg.svenskakyrkan.se\/vandravagen\/#\/schema\/person\/25da02d4f76b137d04291711e2c9fc16\",\"name\":\"Tomas Jarvid\",\"image\":{\"@type\":\"ImageObject\",\"inLanguage\":\"sv-SE\",\"@id\":\"https:\/\/blogg.svenskakyrkan.se\/vandravagen\/#\/schema\/person\/image\/\",\"url\":\"https:\/\/secure.gravatar.com\/avatar\/7fa71899795e8f540f615a1f5ab25255dc27aa40f05ee7ddd21aac521e01bf50?s=96&d=identicon&r=g\",\"contentUrl\":\"https:\/\/secure.gravatar.com\/avatar\/7fa71899795e8f540f615a1f5ab25255dc27aa40f05ee7ddd21aac521e01bf50?s=96&d=identicon&r=g\",\"caption\":\"Tomas Jarvid\"},\"description\":\"Jag bor i Ulricehamn i V\u00e4sterg\u00f6tland och \u00e4r f\u00f6rsamlingspr\u00e4st i Svenska Kyrkan f\u00f6r Dalstorps f\u00f6rsamling i Kinds pastorat. P\u00e5 den h\u00e4r bloggen skriver jag ner tankar om vandringen som kristen.\",\"sameAs\":[\"http:\/\/www.vandravagen.se\"],\"url\":\"https:\/\/blogg.svenskakyrkan.se\/vandravagen\/author\/vandravagen\/\"}]}<\/script>\n<!-- \/ Yoast SEO plugin. -->","yoast_head_json":{"title":"R\u00e4tt svar p\u00e5 bildg\u00e5ta XXVI! - Vandra V\u00e4gen","robots":{"index":"index","follow":"follow","max-snippet":"max-snippet:-1","max-image-preview":"max-image-preview:large","max-video-preview":"max-video-preview:-1"},"canonical":"https:\/\/blogg.svenskakyrkan.se\/vandravagen\/2013\/10\/04\/ratt-svar-pa-bildgata-xxvi\/","og_locale":"sv_SE","og_type":"article","og_title":"R\u00e4tt svar p\u00e5 bildg\u00e5ta XXVI! - Vandra V\u00e4gen","og_description":"Som Simon och flera andra visste f\u00f6rest\u00e4ller den h\u00e4r bilden (ur en barnbibel) hur Jesus ger syn \u00e5t en blindf\u00f6dd man (notera solglas\u00f6gonen och k\u00e4ppen) genom att stryka lera p\u00e5 \u00f6gonen och sedan l\u00e5ta honom tv\u00e4tta sig i Siloadammen. I samband med detta \u00e4r det en fr\u00e4n diskussion om huruvida det \u00e4r p\u00e5 grund av [&hellip;]","og_url":"https:\/\/blogg.svenskakyrkan.se\/vandravagen\/2013\/10\/04\/ratt-svar-pa-bildgata-xxvi\/","og_site_name":"Vandra V\u00e4gen","article_publisher":"http:\/\/facebook.com\/vandravagen","article_published_time":"2013-10-04T16:00:00+00:00","og_image":[{"url":"http:\/\/4.bp.blogspot.com\/--X89AWwvGIM\/Uk5XF1Qo5rI\/AAAAAAAAFlo\/sj99Pmw3jV4\/s640\/IMG_4083.jpg","type":"","width":"","height":""}],"author":"Tomas Jarvid","twitter_card":"summary_large_image","twitter_creator":"@fadertomas","twitter_site":"@fadertomas","twitter_misc":{"Skriven av":"Tomas Jarvid","Ber\u00e4knad l\u00e4stid":"1 minut"},"schema":{"@context":"https:\/\/schema.org","@graph":[{"@type":"Article","@id":"https:\/\/blogg.svenskakyrkan.se\/vandravagen\/2013\/10\/04\/ratt-svar-pa-bildgata-xxvi\/#article","isPartOf":{"@id":"https:\/\/blogg.svenskakyrkan.se\/vandravagen\/2013\/10\/04\/ratt-svar-pa-bildgata-xxvi\/"},"author":{"name":"Tomas Jarvid","@id":"https:\/\/blogg.svenskakyrkan.se\/vandravagen\/#\/schema\/person\/25da02d4f76b137d04291711e2c9fc16"},"headline":"R\u00e4tt svar p\u00e5 bildg\u00e5ta XXVI!","datePublished":"2013-10-04T16:00:00+00:00","mainEntityOfPage":{"@id":"https:\/\/blogg.svenskakyrkan.se\/vandravagen\/2013\/10\/04\/ratt-svar-pa-bildgata-xxvi\/"},"wordCount":131,"commentCount":0,"publisher":{"@id":"https:\/\/blogg.svenskakyrkan.se\/vandravagen\/#organization"},"image":{"@id":"https:\/\/blogg.svenskakyrkan.se\/vandravagen\/2013\/10\/04\/ratt-svar-pa-bildgata-xxvi\/#primaryimage"},"thumbnailUrl":"http:\/\/4.bp.blogspot.com\/--X89AWwvGIM\/Uk5XF1Qo5rI\/AAAAAAAAFlo\/sj99Pmw3jV4\/s640\/IMG_4083.jpg","articleSection":["bibel","bildg\u00e5tan"],"inLanguage":"sv-SE","potentialAction":[{"@type":"CommentAction","name":"Comment","target":["https:\/\/blogg.svenskakyrkan.se\/vandravagen\/2013\/10\/04\/ratt-svar-pa-bildgata-xxvi\/#respond"]}]},{"@type":"WebPage","@id":"https:\/\/blogg.svenskakyrkan.se\/vandravagen\/2013\/10\/04\/ratt-svar-pa-bildgata-xxvi\/","url":"https:\/\/blogg.svenskakyrkan.se\/vandravagen\/2013\/10\/04\/ratt-svar-pa-bildgata-xxvi\/","name":"R\u00e4tt svar p\u00e5 bildg\u00e5ta XXVI! - Vandra V\u00e4gen","isPartOf":{"@id":"https:\/\/blogg.svenskakyrkan.se\/vandravagen\/#website"},"primaryImageOfPage":{"@id":"https:\/\/blogg.svenskakyrkan.se\/vandravagen\/2013\/10\/04\/ratt-svar-pa-bildgata-xxvi\/#primaryimage"},"image":{"@id":"https:\/\/blogg.svenskakyrkan.se\/vandravagen\/2013\/10\/04\/ratt-svar-pa-bildgata-xxvi\/#primaryimage"},"thumbnailUrl":"http:\/\/4.bp.blogspot.com\/--X89AWwvGIM\/Uk5XF1Qo5rI\/AAAAAAAAFlo\/sj99Pmw3jV4\/s640\/IMG_4083.jpg","datePublished":"2013-10-04T16:00:00+00:00","breadcrumb":{"@id":"https:\/\/blogg.svenskakyrkan.se\/vandravagen\/2013\/10\/04\/ratt-svar-pa-bildgata-xxvi\/#breadcrumb"},"inLanguage":"sv-SE","potentialAction":[{"@type":"ReadAction","target":["https:\/\/blogg.svenskakyrkan.se\/vandravagen\/2013\/10\/04\/ratt-svar-pa-bildgata-xxvi\/"]}]},{"@type":"ImageObject","inLanguage":"sv-SE","@id":"https:\/\/blogg.svenskakyrkan.se\/vandravagen\/2013\/10\/04\/ratt-svar-pa-bildgata-xxvi\/#primaryimage","url":"http:\/\/4.bp.blogspot.com\/--X89AWwvGIM\/Uk5XF1Qo5rI\/AAAAAAAAFlo\/sj99Pmw3jV4\/s640\/IMG_4083.jpg","contentUrl":"http:\/\/4.bp.blogspot.com\/--X89AWwvGIM\/Uk5XF1Qo5rI\/AAAAAAAAFlo\/sj99Pmw3jV4\/s640\/IMG_4083.jpg"},{"@type":"BreadcrumbList","@id":"https:\/\/blogg.svenskakyrkan.se\/vandravagen\/2013\/10\/04\/ratt-svar-pa-bildgata-xxvi\/#breadcrumb","itemListElement":[{"@type":"ListItem","position":1,"name":"Hem","item":"https:\/\/blogg.svenskakyrkan.se\/vandravagen\/"},{"@type":"ListItem","position":2,"name":"R\u00e4tt svar p\u00e5 bildg\u00e5ta XXVI!"}]},{"@type":"WebSite","@id":"https:\/\/blogg.svenskakyrkan.se\/vandravagen\/#website","url":"https:\/\/blogg.svenskakyrkan.se\/vandravagen\/","name":"Vandra V\u00e4gen","description":"-Mot en tro f\u00f6r hela livet","publisher":{"@id":"https:\/\/blogg.svenskakyrkan.se\/vandravagen\/#organization"},"potentialAction":[{"@type":"SearchAction","target":{"@type":"EntryPoint","urlTemplate":"https:\/\/blogg.svenskakyrkan.se\/vandravagen\/?s={search_term_string}"},"query-input":{"@type":"PropertyValueSpecification","valueRequired":true,"valueName":"search_term_string"}}],"inLanguage":"sv-SE"},{"@type":"Organization","@id":"https:\/\/blogg.svenskakyrkan.se\/vandravagen\/#organization","name":"ulricehamns pastorat","alternateName":"ulricehamns pastorat","url":"https:\/\/blogg.svenskakyrkan.se\/vandravagen\/","logo":{"@type":"ImageObject","inLanguage":"sv-SE","@id":"https:\/\/blogg.svenskakyrkan.se\/vandravagen\/#\/schema\/logo\/image\/","url":"https:\/\/blogg.svenskakyrkan.se\/vandravagen\/files\/2023\/05\/Ulr_logo_RGB.png","contentUrl":"https:\/\/blogg.svenskakyrkan.se\/vandravagen\/files\/2023\/05\/Ulr_logo_RGB.png","width":205,"height":77,"caption":"ulricehamns pastorat"},"image":{"@id":"https:\/\/blogg.svenskakyrkan.se\/vandravagen\/#\/schema\/logo\/image\/"},"sameAs":["http:\/\/facebook.com\/vandravagen","https:\/\/x.com\/fadertomas","http:\/\/www.facebook.com\/svenskakyrkaniulricehamn"]},{"@type":"Person","@id":"https:\/\/blogg.svenskakyrkan.se\/vandravagen\/#\/schema\/person\/25da02d4f76b137d04291711e2c9fc16","name":"Tomas Jarvid","image":{"@type":"ImageObject","inLanguage":"sv-SE","@id":"https:\/\/blogg.svenskakyrkan.se\/vandravagen\/#\/schema\/person\/image\/","url":"https:\/\/secure.gravatar.com\/avatar\/7fa71899795e8f540f615a1f5ab25255dc27aa40f05ee7ddd21aac521e01bf50?s=96&d=identicon&r=g","contentUrl":"https:\/\/secure.gravatar.com\/avatar\/7fa71899795e8f540f615a1f5ab25255dc27aa40f05ee7ddd21aac521e01bf50?s=96&d=identicon&r=g","caption":"Tomas Jarvid"},"description":"Jag bor i Ulricehamn i V\u00e4sterg\u00f6tland och \u00e4r f\u00f6rsamlingspr\u00e4st i Svenska Kyrkan f\u00f6r Dalstorps f\u00f6rsamling i Kinds pastorat. P\u00e5 den h\u00e4r bloggen skriver jag ner tankar om vandringen som kristen.","sameAs":["http:\/\/www.vandravagen.se"],"url":"https:\/\/blogg.svenskakyrkan.se\/vandravagen\/author\/vandravagen\/"}]}},"author_meta":{"ID":"392","user_nicename":"vandravagen","user_url":"http:\/\/www.vandravagen.se","user_registered":"2014-05-19 05:44:52","display_name":"Tomas Jarvid","first_name":"Tomas","last_name":"Jarvid","avatar":"https:\/\/secure.gravatar.com\/avatar\/7fa71899795e8f540f615a1f5ab25255dc27aa40f05ee7ddd21aac521e01bf50?s=96&d=identicon&r=g"},"featured_image":false,"bloginfo":{"name":"Vandra V\u00e4gen","url":"https:\/\/blogg.svenskakyrkan.se\/vandravagen"},"_links":{"self":[{"href":"https:\/\/blogg.svenskakyrkan.se\/vandravagen\/wp-json\/wp\/v2\/posts\/327","targetHints":{"allow":["GET"]}}],"collection":[{"href":"https:\/\/blogg.svenskakyrkan.se\/vandravagen\/wp-json\/wp\/v2\/posts"}],"about":[{"href":"https:\/\/blogg.svenskakyrkan.se\/vandravagen\/wp-json\/wp\/v2\/types\/post"}],"author":[{"embeddable":true,"href":"https:\/\/blogg.svenskakyrkan.se\/vandravagen\/wp-json\/wp\/v2\/users\/392"}],"replies":[{"embeddable":true,"href":"https:\/\/blogg.svenskakyrkan.se\/vandravagen\/wp-json\/wp\/v2\/comments?post=327"}],"version-history":[{"count":0,"href":"https:\/\/blogg.svenskakyrkan.se\/vandravagen\/wp-json\/wp\/v2\/posts\/327\/revisions"}],"wp:attachment":[{"href":"https:\/\/blogg.svenskakyrkan.se\/vandravagen\/wp-json\/wp\/v2\/media?parent=327"}],"wp:term":[{"taxonomy":"category","embeddable":true,"href":"https:\/\/blogg.svenskakyrkan.se\/vandravagen\/wp-json\/wp\/v2\/categories?post=327"},{"taxonomy":"post_tag","embeddable":true,"href":"https:\/\/blogg.svenskakyrkan.se\/vandravagen\/wp-json\/wp\/v2\/tags?post=327"}],"curies":[{"name":"wp","href":"https:\/\/api.w.org\/{rel}","templated":true}]}}