{"id":3279,"date":"2015-06-21T07:00:18","date_gmt":"2015-06-21T05:00:18","guid":{"rendered":"http:\/\/blogg.svenskakyrkan.se\/vandravagen\/?p=3279"},"modified":"2015-06-20T22:19:09","modified_gmt":"2015-06-20T20:19:09","slug":"11-blandade-tankar-pa-sondagen-10","status":"publish","type":"post","link":"https:\/\/blogg.svenskakyrkan.se\/vandravagen\/2015\/06\/21\/11-blandade-tankar-pa-sondagen-10\/","title":{"rendered":"11 blandade tankar p\u00e5 s\u00f6ndagen"},"content":{"rendered":"<div id=\"attachment_3289\" style=\"width: 594px\" class=\"wp-caption aligncenter\"><a href=\"http:\/\/blogg.svenskakyrkan.se\/vandravagen\/files\/2015\/06\/contrast-in-logging-machines-very-old-Dolbeer-and-newer-one-Engineer-list-on-back_thumb.jpg\"><img loading=\"lazy\" decoding=\"async\" aria-describedby=\"caption-attachment-3289\" class=\"size-large wp-image-3289\" src=\"http:\/\/blogg.svenskakyrkan.se\/vandravagen\/files\/2015\/06\/contrast-in-logging-machines-very-old-Dolbeer-and-newer-one-Engineer-list-on-back_thumb-1024x842.jpg\" alt=\"Gubbar och en maskin. V\u00e4ldigt blandat kort.\" width=\"584\" height=\"480\" srcset=\"https:\/\/blogg.svenskakyrkan.se\/vandravagen\/files\/2015\/06\/contrast-in-logging-machines-very-old-Dolbeer-and-newer-one-Engineer-list-on-back_thumb-1024x842.jpg 1024w, https:\/\/blogg.svenskakyrkan.se\/vandravagen\/files\/2015\/06\/contrast-in-logging-machines-very-old-Dolbeer-and-newer-one-Engineer-list-on-back_thumb-300x247.jpg 300w, https:\/\/blogg.svenskakyrkan.se\/vandravagen\/files\/2015\/06\/contrast-in-logging-machines-very-old-Dolbeer-and-newer-one-Engineer-list-on-back_thumb-365x300.jpg 365w, https:\/\/blogg.svenskakyrkan.se\/vandravagen\/files\/2015\/06\/contrast-in-logging-machines-very-old-Dolbeer-and-newer-one-Engineer-list-on-back_thumb.jpg 1420w\" sizes=\"auto, (max-width: 584px) 100vw, 584px\" \/><\/a><p id=\"caption-attachment-3289\" class=\"wp-caption-text\">Gubbar och en maskin. V\u00e4ldigt blandat kort.<\/p><\/div>\n<p>Lugnet har s\u00e4nkt sig ganska mycket \u00f6ver Kinnekulle igen efter det dramatiska s\u00f6kandet i Blomberg. Just nu \u00e4r det bara v\u00e4ldigt sorgligt det som skett. F\u00f6rsamlingen ordnade tillsammans med ungdomsk\u00f6ren en v\u00e4ldigt fin musikgudstj\u00e4nst med ljust\u00e4ndning och b\u00f6n kring Lisa Holms d\u00f6d och det blir v\u00e4ldigt fint. S\u00e4rskilt att det var just ungdomsk\u00f6ren som sj\u00f6ng, det blev s\u00e5 mycket hopp och livskraft i det.<\/p>\n<p>Idag \u00e4r det Johannes d\u00f6parens dag, s\u00f6ndagen efter midsommardagen. Jag ska leda en friluftsgudstj\u00e4nst s\u00e5 r\u00e4kna med att det regnar \u00f6ver Skaraborg vid 15 i eftermiddag. I kv\u00e4ll ska jag vara med p\u00e5 en musikgudstj\u00e4nst. Undan f\u00f6r undan tar jag avsked av &#8221;mina&#8221; kyrkor. Idag tar jag avsked av Kinne-Kleva.<\/p>\n<p>Idag ska jag f\u00f6rresten vara b\u00e5de kantor och pr\u00e4st i ett. \u00c5 andra sidan \u00e4r en annan gudstj\u00e4nstledare. Ovant f\u00f6r pr\u00e4sten men ekumenik \u00e4r fint det. Tycker mycket om den lokala equmeniaf\u00f6rsamlingen.<\/p>\n<p>Det \u00e4r sn\u00e5rigt alltihop om hur midsommarhelgen och hur den g\u00e5r ihop med kyrko\u00e5ret och allt. Som jag f\u00f6rst\u00e5tt \u00e4r det s\u00e5h\u00e4r.<\/p>\n<p>Midsommar har med sommarsolst\u00e5ndet att g\u00f6ra. Eftersom vintersolst\u00e5ndet infaller p\u00e5 min m\u00f6rka och korta namnsdag 21 december \u00e4r f\u00f6rst\u00e5s \u00e5rets l\u00e4ngsta dag sex m\u00e5nader fr\u00e5n den, allts\u00e5 21 juni. Varje \u00e5r. Eftersom man vill ha midsommarhelgen p\u00e5 en helg s\u00e5 intr\u00e4ffar midsommardagen n\u00e5gon g\u00e5ng mellan 20e och 26e juni.<\/p>\n<p>Samtidigt \u00e4r det s\u00e5 att Johannes d\u00f6paren ska vara 6 m\u00e5nader \u00e4ldre \u00e4n Jesus och om det st\u00e4mmer exakt s\u00e5 ska Johannes f\u00f6delsedag vara den 25 juni, av n\u00e5gon anledning \u00e4r det dock 24 juni som \u00e4r johannes d\u00f6parens dag enligt almanackan.<\/p>\n<p>F\u00f6r att ytterligare r\u00f6ra till det s\u00e5 har n\u00e5gon myndighet med k\u00e4nsla f\u00f6r arbetslinjen vid n\u00e5gon tidpunkt flyttat Johannes d\u00f6parens dag till sj\u00e4lva midsommardagen s\u00e5 folk inte skulle f\u00e5 vara lediga f\u00f6r mycket. Numera ligger den allts\u00e5 p\u00e5 s\u00f6ndagen. Tror det bytet skedde r\u00e4tt nyligen.<\/p>\n<p>S\u00e5. Har jag fattat r\u00e4tt? Fritt fram f\u00f6r r\u00e4ttelser nu!<\/p>\n<p>Aprop\u00e5 kortet ovan s\u00e5 borde det kunna vara fr\u00e5n vilken byadag som helst i skaraborg under de kommande m\u00e5naderna. Ett givet inslag \u00e4r alltid att man ska starta n\u00e5gon riktigt gammal maskin. Det tycker alla om. Vi m\u00e5ste skaffa n\u00e5gon som vi kan ha att starta p\u00e5 friluftsgudstj\u00e4nster eller n\u00e5t.<\/p>\n<p>I veckan har jag h\u00f6rt om en kanotolycka p\u00e5 \u00c5nnsj\u00f6n vid \u00c5re. Jag blir extra ber\u00f6rd eftersom jag paddlat en hel del och tycker jag st\u00f6tt p\u00e5 r\u00e4tt mycket nonchalans f\u00f6r att man ska beh\u00f6va t\u00e4nka p\u00e5 s\u00e4kerheten n\u00e4r man paddlar kanadensare. Ofta \u00e4r attityden att det bara \u00e4r fritt fram att lattja.<\/p>\n<p>&nbsp;<\/p>\n<p>H\u00e4r \u00e4r en rolig film som du kan se och fundera p\u00e5.<\/p>\n<p>Vad g\u00f6r du idag? Skriv en kommentar!<\/p>\n<p><iframe loading=\"lazy\" title=\"The Jews Are Coming - The Ten Commandments\" width=\"500\" height=\"281\" src=\"https:\/\/www.youtube.com\/embed\/fCV8j3VSsXs?feature=oembed\" frameborder=\"0\" allow=\"accelerometer; autoplay; clipboard-write; encrypted-media; gyroscope; picture-in-picture; web-share\" referrerpolicy=\"strict-origin-when-cross-origin\" allowfullscreen><\/iframe><\/p>\n","protected":false},"excerpt":{"rendered":"<p>Lugnet har s\u00e4nkt sig ganska mycket \u00f6ver Kinnekulle igen efter det dramatiska s\u00f6kandet i Blomberg. Just nu \u00e4r det bara v\u00e4ldigt sorgligt det som skett. F\u00f6rsamlingen ordnade tillsammans med ungdomsk\u00f6ren en v\u00e4ldigt fin musikgudstj\u00e4nst med ljust\u00e4ndning och b\u00f6n kring Lisa Holms d\u00f6d och det blir v\u00e4ldigt fint. S\u00e4rskilt att det var just ungdomsk\u00f6ren som sj\u00f6ng, [&hellip;]<\/p>\n","protected":false},"author":392,"featured_media":0,"comment_status":"open","ping_status":"open","sticky":false,"template":"","format":"standard","meta":{"_acf_changed":false,"footnotes":""},"categories":[76766,76189],"tags":[],"class_list":["post-3279","post","type-post","status-publish","format-standard","hentry","category-blandat","category-dagens-kyrka"],"acf":[],"yoast_head":"<!-- This site is optimized with the Yoast SEO plugin v27.1.1 - https:\/\/yoast.com\/product\/yoast-seo-wordpress\/ -->\n<title>11 blandade tankar p\u00e5 s\u00f6ndagen - Vandra V\u00e4gen<\/title>\n<meta name=\"robots\" content=\"index, follow, max-snippet:-1, max-image-preview:large, max-video-preview:-1\" \/>\n<link rel=\"canonical\" href=\"https:\/\/blogg.svenskakyrkan.se\/vandravagen\/2015\/06\/21\/11-blandade-tankar-pa-sondagen-10\/\" \/>\n<meta property=\"og:locale\" content=\"sv_SE\" \/>\n<meta property=\"og:type\" content=\"article\" \/>\n<meta property=\"og:title\" content=\"11 blandade tankar p\u00e5 s\u00f6ndagen - Vandra V\u00e4gen\" \/>\n<meta property=\"og:description\" content=\"Lugnet har s\u00e4nkt sig ganska mycket \u00f6ver Kinnekulle igen efter det dramatiska s\u00f6kandet i Blomberg. Just nu \u00e4r det bara v\u00e4ldigt sorgligt det som skett. F\u00f6rsamlingen ordnade tillsammans med ungdomsk\u00f6ren en v\u00e4ldigt fin musikgudstj\u00e4nst med ljust\u00e4ndning och b\u00f6n kring Lisa Holms d\u00f6d och det blir v\u00e4ldigt fint. S\u00e4rskilt att det var just ungdomsk\u00f6ren som sj\u00f6ng, [&hellip;]\" \/>\n<meta property=\"og:url\" content=\"https:\/\/blogg.svenskakyrkan.se\/vandravagen\/2015\/06\/21\/11-blandade-tankar-pa-sondagen-10\/\" \/>\n<meta property=\"og:site_name\" content=\"Vandra V\u00e4gen\" \/>\n<meta property=\"article:publisher\" content=\"http:\/\/facebook.com\/vandravagen\" \/>\n<meta property=\"article:published_time\" content=\"2015-06-21T05:00:18+00:00\" \/>\n<meta property=\"og:image\" content=\"http:\/\/blogg.svenskakyrkan.se\/vandravagen\/files\/2015\/06\/contrast-in-logging-machines-very-old-Dolbeer-and-newer-one-Engineer-list-on-back_thumb-1024x842.jpg\" \/>\n<meta name=\"author\" content=\"Tomas Jarvid\" \/>\n<meta name=\"twitter:card\" content=\"summary_large_image\" \/>\n<meta name=\"twitter:creator\" content=\"@fadertomas\" \/>\n<meta name=\"twitter:site\" content=\"@fadertomas\" \/>\n<meta name=\"twitter:label1\" content=\"Skriven av\" \/>\n\t<meta name=\"twitter:data1\" content=\"Tomas Jarvid\" \/>\n\t<meta name=\"twitter:label2\" content=\"Ber\u00e4knad l\u00e4stid\" \/>\n\t<meta name=\"twitter:data2\" content=\"3 minuter\" \/>\n<script type=\"application\/ld+json\" class=\"yoast-schema-graph\">{\"@context\":\"https:\/\/schema.org\",\"@graph\":[{\"@type\":\"Article\",\"@id\":\"https:\/\/blogg.svenskakyrkan.se\/vandravagen\/2015\/06\/21\/11-blandade-tankar-pa-sondagen-10\/#article\",\"isPartOf\":{\"@id\":\"https:\/\/blogg.svenskakyrkan.se\/vandravagen\/2015\/06\/21\/11-blandade-tankar-pa-sondagen-10\/\"},\"author\":{\"name\":\"Tomas Jarvid\",\"@id\":\"https:\/\/blogg.svenskakyrkan.se\/vandravagen\/#\/schema\/person\/25da02d4f76b137d04291711e2c9fc16\"},\"headline\":\"11 blandade tankar p\u00e5 s\u00f6ndagen\",\"datePublished\":\"2015-06-21T05:00:18+00:00\",\"mainEntityOfPage\":{\"@id\":\"https:\/\/blogg.svenskakyrkan.se\/vandravagen\/2015\/06\/21\/11-blandade-tankar-pa-sondagen-10\/\"},\"wordCount\":545,\"commentCount\":8,\"publisher\":{\"@id\":\"https:\/\/blogg.svenskakyrkan.se\/vandravagen\/#organization\"},\"image\":{\"@id\":\"https:\/\/blogg.svenskakyrkan.se\/vandravagen\/2015\/06\/21\/11-blandade-tankar-pa-sondagen-10\/#primaryimage\"},\"thumbnailUrl\":\"http:\/\/blogg.svenskakyrkan.se\/vandravagen\/files\/2015\/06\/contrast-in-logging-machines-very-old-Dolbeer-and-newer-one-Engineer-list-on-back_thumb-1024x842.jpg\",\"articleSection\":[\"blandat\",\"Dagens Kyrka\"],\"inLanguage\":\"sv-SE\",\"potentialAction\":[{\"@type\":\"CommentAction\",\"name\":\"Comment\",\"target\":[\"https:\/\/blogg.svenskakyrkan.se\/vandravagen\/2015\/06\/21\/11-blandade-tankar-pa-sondagen-10\/#respond\"]}]},{\"@type\":\"WebPage\",\"@id\":\"https:\/\/blogg.svenskakyrkan.se\/vandravagen\/2015\/06\/21\/11-blandade-tankar-pa-sondagen-10\/\",\"url\":\"https:\/\/blogg.svenskakyrkan.se\/vandravagen\/2015\/06\/21\/11-blandade-tankar-pa-sondagen-10\/\",\"name\":\"11 blandade tankar p\u00e5 s\u00f6ndagen - Vandra V\u00e4gen\",\"isPartOf\":{\"@id\":\"https:\/\/blogg.svenskakyrkan.se\/vandravagen\/#website\"},\"primaryImageOfPage\":{\"@id\":\"https:\/\/blogg.svenskakyrkan.se\/vandravagen\/2015\/06\/21\/11-blandade-tankar-pa-sondagen-10\/#primaryimage\"},\"image\":{\"@id\":\"https:\/\/blogg.svenskakyrkan.se\/vandravagen\/2015\/06\/21\/11-blandade-tankar-pa-sondagen-10\/#primaryimage\"},\"thumbnailUrl\":\"http:\/\/blogg.svenskakyrkan.se\/vandravagen\/files\/2015\/06\/contrast-in-logging-machines-very-old-Dolbeer-and-newer-one-Engineer-list-on-back_thumb-1024x842.jpg\",\"datePublished\":\"2015-06-21T05:00:18+00:00\",\"breadcrumb\":{\"@id\":\"https:\/\/blogg.svenskakyrkan.se\/vandravagen\/2015\/06\/21\/11-blandade-tankar-pa-sondagen-10\/#breadcrumb\"},\"inLanguage\":\"sv-SE\",\"potentialAction\":[{\"@type\":\"ReadAction\",\"target\":[\"https:\/\/blogg.svenskakyrkan.se\/vandravagen\/2015\/06\/21\/11-blandade-tankar-pa-sondagen-10\/\"]}]},{\"@type\":\"ImageObject\",\"inLanguage\":\"sv-SE\",\"@id\":\"https:\/\/blogg.svenskakyrkan.se\/vandravagen\/2015\/06\/21\/11-blandade-tankar-pa-sondagen-10\/#primaryimage\",\"url\":\"http:\/\/blogg.svenskakyrkan.se\/vandravagen\/files\/2015\/06\/contrast-in-logging-machines-very-old-Dolbeer-and-newer-one-Engineer-list-on-back_thumb-1024x842.jpg\",\"contentUrl\":\"http:\/\/blogg.svenskakyrkan.se\/vandravagen\/files\/2015\/06\/contrast-in-logging-machines-very-old-Dolbeer-and-newer-one-Engineer-list-on-back_thumb-1024x842.jpg\"},{\"@type\":\"BreadcrumbList\",\"@id\":\"https:\/\/blogg.svenskakyrkan.se\/vandravagen\/2015\/06\/21\/11-blandade-tankar-pa-sondagen-10\/#breadcrumb\",\"itemListElement\":[{\"@type\":\"ListItem\",\"position\":1,\"name\":\"Hem\",\"item\":\"https:\/\/blogg.svenskakyrkan.se\/vandravagen\/\"},{\"@type\":\"ListItem\",\"position\":2,\"name\":\"11 blandade tankar p\u00e5 s\u00f6ndagen\"}]},{\"@type\":\"WebSite\",\"@id\":\"https:\/\/blogg.svenskakyrkan.se\/vandravagen\/#website\",\"url\":\"https:\/\/blogg.svenskakyrkan.se\/vandravagen\/\",\"name\":\"Vandra V\u00e4gen\",\"description\":\"-Mot en tro f\u00f6r hela livet\",\"publisher\":{\"@id\":\"https:\/\/blogg.svenskakyrkan.se\/vandravagen\/#organization\"},\"potentialAction\":[{\"@type\":\"SearchAction\",\"target\":{\"@type\":\"EntryPoint\",\"urlTemplate\":\"https:\/\/blogg.svenskakyrkan.se\/vandravagen\/?s={search_term_string}\"},\"query-input\":{\"@type\":\"PropertyValueSpecification\",\"valueRequired\":true,\"valueName\":\"search_term_string\"}}],\"inLanguage\":\"sv-SE\"},{\"@type\":\"Organization\",\"@id\":\"https:\/\/blogg.svenskakyrkan.se\/vandravagen\/#organization\",\"name\":\"ulricehamns pastorat\",\"alternateName\":\"ulricehamns pastorat\",\"url\":\"https:\/\/blogg.svenskakyrkan.se\/vandravagen\/\",\"logo\":{\"@type\":\"ImageObject\",\"inLanguage\":\"sv-SE\",\"@id\":\"https:\/\/blogg.svenskakyrkan.se\/vandravagen\/#\/schema\/logo\/image\/\",\"url\":\"https:\/\/blogg.svenskakyrkan.se\/vandravagen\/files\/2023\/05\/Ulr_logo_RGB.png\",\"contentUrl\":\"https:\/\/blogg.svenskakyrkan.se\/vandravagen\/files\/2023\/05\/Ulr_logo_RGB.png\",\"width\":205,\"height\":77,\"caption\":\"ulricehamns pastorat\"},\"image\":{\"@id\":\"https:\/\/blogg.svenskakyrkan.se\/vandravagen\/#\/schema\/logo\/image\/\"},\"sameAs\":[\"http:\/\/facebook.com\/vandravagen\",\"https:\/\/x.com\/fadertomas\",\"http:\/\/www.facebook.com\/svenskakyrkaniulricehamn\"]},{\"@type\":\"Person\",\"@id\":\"https:\/\/blogg.svenskakyrkan.se\/vandravagen\/#\/schema\/person\/25da02d4f76b137d04291711e2c9fc16\",\"name\":\"Tomas Jarvid\",\"image\":{\"@type\":\"ImageObject\",\"inLanguage\":\"sv-SE\",\"@id\":\"https:\/\/blogg.svenskakyrkan.se\/vandravagen\/#\/schema\/person\/image\/\",\"url\":\"https:\/\/secure.gravatar.com\/avatar\/7fa71899795e8f540f615a1f5ab25255dc27aa40f05ee7ddd21aac521e01bf50?s=96&d=identicon&r=g\",\"contentUrl\":\"https:\/\/secure.gravatar.com\/avatar\/7fa71899795e8f540f615a1f5ab25255dc27aa40f05ee7ddd21aac521e01bf50?s=96&d=identicon&r=g\",\"caption\":\"Tomas Jarvid\"},\"description\":\"Jag bor i Ulricehamn i V\u00e4sterg\u00f6tland och \u00e4r f\u00f6rsamlingspr\u00e4st i Svenska Kyrkan f\u00f6r Dalstorps f\u00f6rsamling i Kinds pastorat. P\u00e5 den h\u00e4r bloggen skriver jag ner tankar om vandringen som kristen.\",\"sameAs\":[\"http:\/\/www.vandravagen.se\"],\"url\":\"https:\/\/blogg.svenskakyrkan.se\/vandravagen\/author\/vandravagen\/\"}]}<\/script>\n<!-- \/ Yoast SEO plugin. -->","yoast_head_json":{"title":"11 blandade tankar p\u00e5 s\u00f6ndagen - Vandra V\u00e4gen","robots":{"index":"index","follow":"follow","max-snippet":"max-snippet:-1","max-image-preview":"max-image-preview:large","max-video-preview":"max-video-preview:-1"},"canonical":"https:\/\/blogg.svenskakyrkan.se\/vandravagen\/2015\/06\/21\/11-blandade-tankar-pa-sondagen-10\/","og_locale":"sv_SE","og_type":"article","og_title":"11 blandade tankar p\u00e5 s\u00f6ndagen - Vandra V\u00e4gen","og_description":"Lugnet har s\u00e4nkt sig ganska mycket \u00f6ver Kinnekulle igen efter det dramatiska s\u00f6kandet i Blomberg. Just nu \u00e4r det bara v\u00e4ldigt sorgligt det som skett. F\u00f6rsamlingen ordnade tillsammans med ungdomsk\u00f6ren en v\u00e4ldigt fin musikgudstj\u00e4nst med ljust\u00e4ndning och b\u00f6n kring Lisa Holms d\u00f6d och det blir v\u00e4ldigt fint. S\u00e4rskilt att det var just ungdomsk\u00f6ren som sj\u00f6ng, [&hellip;]","og_url":"https:\/\/blogg.svenskakyrkan.se\/vandravagen\/2015\/06\/21\/11-blandade-tankar-pa-sondagen-10\/","og_site_name":"Vandra V\u00e4gen","article_publisher":"http:\/\/facebook.com\/vandravagen","article_published_time":"2015-06-21T05:00:18+00:00","og_image":[{"url":"http:\/\/blogg.svenskakyrkan.se\/vandravagen\/files\/2015\/06\/contrast-in-logging-machines-very-old-Dolbeer-and-newer-one-Engineer-list-on-back_thumb-1024x842.jpg","type":"","width":"","height":""}],"author":"Tomas Jarvid","twitter_card":"summary_large_image","twitter_creator":"@fadertomas","twitter_site":"@fadertomas","twitter_misc":{"Skriven av":"Tomas Jarvid","Ber\u00e4knad l\u00e4stid":"3 minuter"},"schema":{"@context":"https:\/\/schema.org","@graph":[{"@type":"Article","@id":"https:\/\/blogg.svenskakyrkan.se\/vandravagen\/2015\/06\/21\/11-blandade-tankar-pa-sondagen-10\/#article","isPartOf":{"@id":"https:\/\/blogg.svenskakyrkan.se\/vandravagen\/2015\/06\/21\/11-blandade-tankar-pa-sondagen-10\/"},"author":{"name":"Tomas Jarvid","@id":"https:\/\/blogg.svenskakyrkan.se\/vandravagen\/#\/schema\/person\/25da02d4f76b137d04291711e2c9fc16"},"headline":"11 blandade tankar p\u00e5 s\u00f6ndagen","datePublished":"2015-06-21T05:00:18+00:00","mainEntityOfPage":{"@id":"https:\/\/blogg.svenskakyrkan.se\/vandravagen\/2015\/06\/21\/11-blandade-tankar-pa-sondagen-10\/"},"wordCount":545,"commentCount":8,"publisher":{"@id":"https:\/\/blogg.svenskakyrkan.se\/vandravagen\/#organization"},"image":{"@id":"https:\/\/blogg.svenskakyrkan.se\/vandravagen\/2015\/06\/21\/11-blandade-tankar-pa-sondagen-10\/#primaryimage"},"thumbnailUrl":"http:\/\/blogg.svenskakyrkan.se\/vandravagen\/files\/2015\/06\/contrast-in-logging-machines-very-old-Dolbeer-and-newer-one-Engineer-list-on-back_thumb-1024x842.jpg","articleSection":["blandat","Dagens Kyrka"],"inLanguage":"sv-SE","potentialAction":[{"@type":"CommentAction","name":"Comment","target":["https:\/\/blogg.svenskakyrkan.se\/vandravagen\/2015\/06\/21\/11-blandade-tankar-pa-sondagen-10\/#respond"]}]},{"@type":"WebPage","@id":"https:\/\/blogg.svenskakyrkan.se\/vandravagen\/2015\/06\/21\/11-blandade-tankar-pa-sondagen-10\/","url":"https:\/\/blogg.svenskakyrkan.se\/vandravagen\/2015\/06\/21\/11-blandade-tankar-pa-sondagen-10\/","name":"11 blandade tankar p\u00e5 s\u00f6ndagen - Vandra V\u00e4gen","isPartOf":{"@id":"https:\/\/blogg.svenskakyrkan.se\/vandravagen\/#website"},"primaryImageOfPage":{"@id":"https:\/\/blogg.svenskakyrkan.se\/vandravagen\/2015\/06\/21\/11-blandade-tankar-pa-sondagen-10\/#primaryimage"},"image":{"@id":"https:\/\/blogg.svenskakyrkan.se\/vandravagen\/2015\/06\/21\/11-blandade-tankar-pa-sondagen-10\/#primaryimage"},"thumbnailUrl":"http:\/\/blogg.svenskakyrkan.se\/vandravagen\/files\/2015\/06\/contrast-in-logging-machines-very-old-Dolbeer-and-newer-one-Engineer-list-on-back_thumb-1024x842.jpg","datePublished":"2015-06-21T05:00:18+00:00","breadcrumb":{"@id":"https:\/\/blogg.svenskakyrkan.se\/vandravagen\/2015\/06\/21\/11-blandade-tankar-pa-sondagen-10\/#breadcrumb"},"inLanguage":"sv-SE","potentialAction":[{"@type":"ReadAction","target":["https:\/\/blogg.svenskakyrkan.se\/vandravagen\/2015\/06\/21\/11-blandade-tankar-pa-sondagen-10\/"]}]},{"@type":"ImageObject","inLanguage":"sv-SE","@id":"https:\/\/blogg.svenskakyrkan.se\/vandravagen\/2015\/06\/21\/11-blandade-tankar-pa-sondagen-10\/#primaryimage","url":"http:\/\/blogg.svenskakyrkan.se\/vandravagen\/files\/2015\/06\/contrast-in-logging-machines-very-old-Dolbeer-and-newer-one-Engineer-list-on-back_thumb-1024x842.jpg","contentUrl":"http:\/\/blogg.svenskakyrkan.se\/vandravagen\/files\/2015\/06\/contrast-in-logging-machines-very-old-Dolbeer-and-newer-one-Engineer-list-on-back_thumb-1024x842.jpg"},{"@type":"BreadcrumbList","@id":"https:\/\/blogg.svenskakyrkan.se\/vandravagen\/2015\/06\/21\/11-blandade-tankar-pa-sondagen-10\/#breadcrumb","itemListElement":[{"@type":"ListItem","position":1,"name":"Hem","item":"https:\/\/blogg.svenskakyrkan.se\/vandravagen\/"},{"@type":"ListItem","position":2,"name":"11 blandade tankar p\u00e5 s\u00f6ndagen"}]},{"@type":"WebSite","@id":"https:\/\/blogg.svenskakyrkan.se\/vandravagen\/#website","url":"https:\/\/blogg.svenskakyrkan.se\/vandravagen\/","name":"Vandra V\u00e4gen","description":"-Mot en tro f\u00f6r hela livet","publisher":{"@id":"https:\/\/blogg.svenskakyrkan.se\/vandravagen\/#organization"},"potentialAction":[{"@type":"SearchAction","target":{"@type":"EntryPoint","urlTemplate":"https:\/\/blogg.svenskakyrkan.se\/vandravagen\/?s={search_term_string}"},"query-input":{"@type":"PropertyValueSpecification","valueRequired":true,"valueName":"search_term_string"}}],"inLanguage":"sv-SE"},{"@type":"Organization","@id":"https:\/\/blogg.svenskakyrkan.se\/vandravagen\/#organization","name":"ulricehamns pastorat","alternateName":"ulricehamns pastorat","url":"https:\/\/blogg.svenskakyrkan.se\/vandravagen\/","logo":{"@type":"ImageObject","inLanguage":"sv-SE","@id":"https:\/\/blogg.svenskakyrkan.se\/vandravagen\/#\/schema\/logo\/image\/","url":"https:\/\/blogg.svenskakyrkan.se\/vandravagen\/files\/2023\/05\/Ulr_logo_RGB.png","contentUrl":"https:\/\/blogg.svenskakyrkan.se\/vandravagen\/files\/2023\/05\/Ulr_logo_RGB.png","width":205,"height":77,"caption":"ulricehamns pastorat"},"image":{"@id":"https:\/\/blogg.svenskakyrkan.se\/vandravagen\/#\/schema\/logo\/image\/"},"sameAs":["http:\/\/facebook.com\/vandravagen","https:\/\/x.com\/fadertomas","http:\/\/www.facebook.com\/svenskakyrkaniulricehamn"]},{"@type":"Person","@id":"https:\/\/blogg.svenskakyrkan.se\/vandravagen\/#\/schema\/person\/25da02d4f76b137d04291711e2c9fc16","name":"Tomas Jarvid","image":{"@type":"ImageObject","inLanguage":"sv-SE","@id":"https:\/\/blogg.svenskakyrkan.se\/vandravagen\/#\/schema\/person\/image\/","url":"https:\/\/secure.gravatar.com\/avatar\/7fa71899795e8f540f615a1f5ab25255dc27aa40f05ee7ddd21aac521e01bf50?s=96&d=identicon&r=g","contentUrl":"https:\/\/secure.gravatar.com\/avatar\/7fa71899795e8f540f615a1f5ab25255dc27aa40f05ee7ddd21aac521e01bf50?s=96&d=identicon&r=g","caption":"Tomas Jarvid"},"description":"Jag bor i Ulricehamn i V\u00e4sterg\u00f6tland och \u00e4r f\u00f6rsamlingspr\u00e4st i Svenska Kyrkan f\u00f6r Dalstorps f\u00f6rsamling i Kinds pastorat. P\u00e5 den h\u00e4r bloggen skriver jag ner tankar om vandringen som kristen.","sameAs":["http:\/\/www.vandravagen.se"],"url":"https:\/\/blogg.svenskakyrkan.se\/vandravagen\/author\/vandravagen\/"}]}},"author_meta":{"ID":"392","user_nicename":"vandravagen","user_url":"http:\/\/www.vandravagen.se","user_registered":"2014-05-19 05:44:52","display_name":"Tomas Jarvid","first_name":"Tomas","last_name":"Jarvid","avatar":"https:\/\/secure.gravatar.com\/avatar\/7fa71899795e8f540f615a1f5ab25255dc27aa40f05ee7ddd21aac521e01bf50?s=96&d=identicon&r=g"},"featured_image":false,"bloginfo":{"name":"Vandra V\u00e4gen","url":"https:\/\/blogg.svenskakyrkan.se\/vandravagen"},"_links":{"self":[{"href":"https:\/\/blogg.svenskakyrkan.se\/vandravagen\/wp-json\/wp\/v2\/posts\/3279","targetHints":{"allow":["GET"]}}],"collection":[{"href":"https:\/\/blogg.svenskakyrkan.se\/vandravagen\/wp-json\/wp\/v2\/posts"}],"about":[{"href":"https:\/\/blogg.svenskakyrkan.se\/vandravagen\/wp-json\/wp\/v2\/types\/post"}],"author":[{"embeddable":true,"href":"https:\/\/blogg.svenskakyrkan.se\/vandravagen\/wp-json\/wp\/v2\/users\/392"}],"replies":[{"embeddable":true,"href":"https:\/\/blogg.svenskakyrkan.se\/vandravagen\/wp-json\/wp\/v2\/comments?post=3279"}],"version-history":[{"count":3,"href":"https:\/\/blogg.svenskakyrkan.se\/vandravagen\/wp-json\/wp\/v2\/posts\/3279\/revisions"}],"predecessor-version":[{"id":3290,"href":"https:\/\/blogg.svenskakyrkan.se\/vandravagen\/wp-json\/wp\/v2\/posts\/3279\/revisions\/3290"}],"wp:attachment":[{"href":"https:\/\/blogg.svenskakyrkan.se\/vandravagen\/wp-json\/wp\/v2\/media?parent=3279"}],"wp:term":[{"taxonomy":"category","embeddable":true,"href":"https:\/\/blogg.svenskakyrkan.se\/vandravagen\/wp-json\/wp\/v2\/categories?post=3279"},{"taxonomy":"post_tag","embeddable":true,"href":"https:\/\/blogg.svenskakyrkan.se\/vandravagen\/wp-json\/wp\/v2\/tags?post=3279"}],"curies":[{"name":"wp","href":"https:\/\/api.w.org\/{rel}","templated":true}]}}