{"id":328,"date":"2013-10-04T07:39:00","date_gmt":"2013-10-04T05:39:00","guid":{"rendered":"http:\/\/blogg.svenskakyrkan.se\/vandravagen\/2013\/10\/04\/bon-och-att-jollra-som-ett-barn\/"},"modified":"2013-10-04T07:39:00","modified_gmt":"2013-10-04T05:39:00","slug":"bon-och-att-jollra-som-ett-barn","status":"publish","type":"post","link":"https:\/\/blogg.svenskakyrkan.se\/vandravagen\/2013\/10\/04\/bon-och-att-jollra-som-ett-barn\/","title":{"rendered":"B\u00f6n och att jollra som ett barn"},"content":{"rendered":"<div><a href=\"http:\/\/3.bp.blogspot.com\/-VyMD0ZPhJBg\/Uk0UsIkLQAI\/AAAAAAAAFlY\/p0YAuVDxOGQ\/s1600\/IMG_1084.jpg\"><img loading=\"lazy\" decoding=\"async\" border=\"0\" height=\"640\" src=\"http:\/\/3.bp.blogspot.com\/-VyMD0ZPhJBg\/Uk0UsIkLQAI\/AAAAAAAAFlY\/p0YAuVDxOGQ\/s640\/IMG_1084.jpg\" width=\"478\"><\/a><\/div>\n<div><\/div>\n<div><\/div>\n<div>Att ha sm\u00e5barn hemma har gett mig en ny insikt om b\u00f6n. Innan v\u00e5r \u00e4ldsta dotter kunde tala fick jag \u00e4nd\u00e5 ofta f\u00f6r mig att hon kunde det. Jag tyckte att jag f\u00f6rstod s\u00e5 v\u00e4l vad det var hon f\u00f6rs\u00f6kte s\u00e4ga till mig att det k\u00e4ndes som att hon hade sagt det till mig.\u00a0<\/div>\n<div><\/div>\n<div>S\u00e5 \u00e4r det ju ocks\u00e5 s\u00e5 enligt alla kommunikationsexperter att det \u00e4r en v\u00e4ldigt liten del av kommunikationen som best\u00e5r i ord, det finns s\u00e5 mycket kroppsspr\u00e5k och skiftningar i ansiktet och tonfallet som talar starkare. Om orden och det som vi s\u00e4ger med resten av oss g\u00e5r emot varandra s\u00e5 vet vi instinktivt att det \u00e4r orden vi ska lyssna minst p\u00e5.\u00a0<\/div>\n<div><\/div>\n<div>Inte konstigt d\u00e5 om jag i stor utstr\u00e4ckning kunde f\u00f6rst\u00e5 utan ord. Jag och min dotter lever ju t\u00e4tt ihop och jag vet n\u00e5gorlunda vad som r\u00f6r sig inom henne. N\u00e5gra ord hit eller dit g\u00f6r inte s\u00e5 st\u00e5r skillnad.<\/div>\n<div><\/div>\n<div>S\u00e5 \u00e4r det med b\u00f6n ocks\u00e5. Vi tror kanske att de r\u00e4tta orden \u00e4r viktiga (och det \u00e4r de f\u00f6rst\u00e5s, men kanske framf\u00f6rallt f\u00f6r oss sj\u00e4lva s\u00e5 att vi f\u00f6rst\u00e5r oss p\u00e5 oss sj\u00e4lva b\u00e4ttre) men Gud k\u00e4nner oss p\u00e5 djupet och f\u00f6rst\u00e5r oss oavsett. Det viktigaste med b\u00f6n \u00e4r inte att kommunicera och ber\u00e4tta s\u00e5 klart och tydligt som m\u00f6jligt med Gud f\u00f6r Gud vet \u00e4nd\u00e5 b\u00e4ttre \u00e4n vi sj\u00e4lva vad det \u00e4r vi b\u00e4r p\u00e5. Det viktigaste \u00e4r att vi v\u00e4nder oss till Gud med det vi b\u00e4r p\u00e5. Ut fr\u00e5n att alltid beh\u00f6va klara oss sj\u00e4lva till att tacka, be om hj\u00e4lp och annat. B\u00f6n \u00e4r att bjuda in Gud i v\u00e5ra liv.<\/div>\n","protected":false},"excerpt":{"rendered":"<p>Att ha sm\u00e5barn hemma har gett mig en ny insikt om b\u00f6n. Innan v\u00e5r \u00e4ldsta dotter kunde tala fick jag \u00e4nd\u00e5 ofta f\u00f6r mig att hon kunde det. Jag tyckte att jag f\u00f6rstod s\u00e5 v\u00e4l vad det var hon f\u00f6rs\u00f6kte s\u00e4ga till mig att det k\u00e4ndes som att hon hade sagt det till mig.\u00a0 S\u00e5 [&hellip;]<\/p>\n","protected":false},"author":392,"featured_media":0,"comment_status":"open","ping_status":"open","sticky":false,"template":"","format":"standard","meta":{"_acf_changed":false,"footnotes":""},"categories":[75887,76189,8345,117],"tags":[],"class_list":["post-328","post","type-post","status-publish","format-standard","hentry","category-andlighet","category-dagens-kyrka","category-relationer","category-teologi"],"acf":[],"yoast_head":"<!-- This site is optimized with the Yoast SEO plugin v27.1.1 - https:\/\/yoast.com\/product\/yoast-seo-wordpress\/ -->\n<title>B\u00f6n och att jollra som ett barn - Vandra V\u00e4gen<\/title>\n<meta name=\"robots\" content=\"index, follow, max-snippet:-1, max-image-preview:large, max-video-preview:-1\" \/>\n<link rel=\"canonical\" href=\"https:\/\/blogg.svenskakyrkan.se\/vandravagen\/2013\/10\/04\/bon-och-att-jollra-som-ett-barn\/\" \/>\n<meta property=\"og:locale\" content=\"sv_SE\" \/>\n<meta property=\"og:type\" content=\"article\" \/>\n<meta property=\"og:title\" content=\"B\u00f6n och att jollra som ett barn - Vandra V\u00e4gen\" \/>\n<meta property=\"og:description\" content=\"Att ha sm\u00e5barn hemma har gett mig en ny insikt om b\u00f6n. Innan v\u00e5r \u00e4ldsta dotter kunde tala fick jag \u00e4nd\u00e5 ofta f\u00f6r mig att hon kunde det. Jag tyckte att jag f\u00f6rstod s\u00e5 v\u00e4l vad det var hon f\u00f6rs\u00f6kte s\u00e4ga till mig att det k\u00e4ndes som att hon hade sagt det till mig.\u00a0 S\u00e5 [&hellip;]\" \/>\n<meta property=\"og:url\" content=\"https:\/\/blogg.svenskakyrkan.se\/vandravagen\/2013\/10\/04\/bon-och-att-jollra-som-ett-barn\/\" \/>\n<meta property=\"og:site_name\" content=\"Vandra V\u00e4gen\" \/>\n<meta property=\"article:publisher\" content=\"http:\/\/facebook.com\/vandravagen\" \/>\n<meta property=\"article:published_time\" content=\"2013-10-04T05:39:00+00:00\" \/>\n<meta property=\"og:image\" content=\"http:\/\/3.bp.blogspot.com\/-VyMD0ZPhJBg\/Uk0UsIkLQAI\/AAAAAAAAFlY\/p0YAuVDxOGQ\/s640\/IMG_1084.jpg\" \/>\n<meta name=\"author\" content=\"Tomas Jarvid\" \/>\n<meta name=\"twitter:card\" content=\"summary_large_image\" \/>\n<meta name=\"twitter:creator\" content=\"@fadertomas\" \/>\n<meta name=\"twitter:site\" content=\"@fadertomas\" \/>\n<meta name=\"twitter:label1\" content=\"Skriven av\" \/>\n\t<meta name=\"twitter:data1\" content=\"Tomas Jarvid\" \/>\n\t<meta name=\"twitter:label2\" content=\"Ber\u00e4knad l\u00e4stid\" \/>\n\t<meta name=\"twitter:data2\" content=\"2 minuter\" \/>\n<script type=\"application\/ld+json\" class=\"yoast-schema-graph\">{\"@context\":\"https:\/\/schema.org\",\"@graph\":[{\"@type\":\"Article\",\"@id\":\"https:\/\/blogg.svenskakyrkan.se\/vandravagen\/2013\/10\/04\/bon-och-att-jollra-som-ett-barn\/#article\",\"isPartOf\":{\"@id\":\"https:\/\/blogg.svenskakyrkan.se\/vandravagen\/2013\/10\/04\/bon-och-att-jollra-som-ett-barn\/\"},\"author\":{\"name\":\"Tomas Jarvid\",\"@id\":\"https:\/\/blogg.svenskakyrkan.se\/vandravagen\/#\/schema\/person\/25da02d4f76b137d04291711e2c9fc16\"},\"headline\":\"B\u00f6n och att jollra som ett barn\",\"datePublished\":\"2013-10-04T05:39:00+00:00\",\"mainEntityOfPage\":{\"@id\":\"https:\/\/blogg.svenskakyrkan.se\/vandravagen\/2013\/10\/04\/bon-och-att-jollra-som-ett-barn\/\"},\"wordCount\":333,\"commentCount\":2,\"publisher\":{\"@id\":\"https:\/\/blogg.svenskakyrkan.se\/vandravagen\/#organization\"},\"image\":{\"@id\":\"https:\/\/blogg.svenskakyrkan.se\/vandravagen\/2013\/10\/04\/bon-och-att-jollra-som-ett-barn\/#primaryimage\"},\"thumbnailUrl\":\"http:\/\/3.bp.blogspot.com\/-VyMD0ZPhJBg\/Uk0UsIkLQAI\/AAAAAAAAFlY\/p0YAuVDxOGQ\/s640\/IMG_1084.jpg\",\"articleSection\":[\"andlighet\",\"Dagens Kyrka\",\"relationer\",\"Teologi\"],\"inLanguage\":\"sv-SE\",\"potentialAction\":[{\"@type\":\"CommentAction\",\"name\":\"Comment\",\"target\":[\"https:\/\/blogg.svenskakyrkan.se\/vandravagen\/2013\/10\/04\/bon-och-att-jollra-som-ett-barn\/#respond\"]}]},{\"@type\":\"WebPage\",\"@id\":\"https:\/\/blogg.svenskakyrkan.se\/vandravagen\/2013\/10\/04\/bon-och-att-jollra-som-ett-barn\/\",\"url\":\"https:\/\/blogg.svenskakyrkan.se\/vandravagen\/2013\/10\/04\/bon-och-att-jollra-som-ett-barn\/\",\"name\":\"B\u00f6n och att jollra som ett barn - Vandra V\u00e4gen\",\"isPartOf\":{\"@id\":\"https:\/\/blogg.svenskakyrkan.se\/vandravagen\/#website\"},\"primaryImageOfPage\":{\"@id\":\"https:\/\/blogg.svenskakyrkan.se\/vandravagen\/2013\/10\/04\/bon-och-att-jollra-som-ett-barn\/#primaryimage\"},\"image\":{\"@id\":\"https:\/\/blogg.svenskakyrkan.se\/vandravagen\/2013\/10\/04\/bon-och-att-jollra-som-ett-barn\/#primaryimage\"},\"thumbnailUrl\":\"http:\/\/3.bp.blogspot.com\/-VyMD0ZPhJBg\/Uk0UsIkLQAI\/AAAAAAAAFlY\/p0YAuVDxOGQ\/s640\/IMG_1084.jpg\",\"datePublished\":\"2013-10-04T05:39:00+00:00\",\"breadcrumb\":{\"@id\":\"https:\/\/blogg.svenskakyrkan.se\/vandravagen\/2013\/10\/04\/bon-och-att-jollra-som-ett-barn\/#breadcrumb\"},\"inLanguage\":\"sv-SE\",\"potentialAction\":[{\"@type\":\"ReadAction\",\"target\":[\"https:\/\/blogg.svenskakyrkan.se\/vandravagen\/2013\/10\/04\/bon-och-att-jollra-som-ett-barn\/\"]}]},{\"@type\":\"ImageObject\",\"inLanguage\":\"sv-SE\",\"@id\":\"https:\/\/blogg.svenskakyrkan.se\/vandravagen\/2013\/10\/04\/bon-och-att-jollra-som-ett-barn\/#primaryimage\",\"url\":\"http:\/\/3.bp.blogspot.com\/-VyMD0ZPhJBg\/Uk0UsIkLQAI\/AAAAAAAAFlY\/p0YAuVDxOGQ\/s640\/IMG_1084.jpg\",\"contentUrl\":\"http:\/\/3.bp.blogspot.com\/-VyMD0ZPhJBg\/Uk0UsIkLQAI\/AAAAAAAAFlY\/p0YAuVDxOGQ\/s640\/IMG_1084.jpg\"},{\"@type\":\"BreadcrumbList\",\"@id\":\"https:\/\/blogg.svenskakyrkan.se\/vandravagen\/2013\/10\/04\/bon-och-att-jollra-som-ett-barn\/#breadcrumb\",\"itemListElement\":[{\"@type\":\"ListItem\",\"position\":1,\"name\":\"Hem\",\"item\":\"https:\/\/blogg.svenskakyrkan.se\/vandravagen\/\"},{\"@type\":\"ListItem\",\"position\":2,\"name\":\"B\u00f6n och att jollra som ett barn\"}]},{\"@type\":\"WebSite\",\"@id\":\"https:\/\/blogg.svenskakyrkan.se\/vandravagen\/#website\",\"url\":\"https:\/\/blogg.svenskakyrkan.se\/vandravagen\/\",\"name\":\"Vandra V\u00e4gen\",\"description\":\"-Mot en tro f\u00f6r hela livet\",\"publisher\":{\"@id\":\"https:\/\/blogg.svenskakyrkan.se\/vandravagen\/#organization\"},\"potentialAction\":[{\"@type\":\"SearchAction\",\"target\":{\"@type\":\"EntryPoint\",\"urlTemplate\":\"https:\/\/blogg.svenskakyrkan.se\/vandravagen\/?s={search_term_string}\"},\"query-input\":{\"@type\":\"PropertyValueSpecification\",\"valueRequired\":true,\"valueName\":\"search_term_string\"}}],\"inLanguage\":\"sv-SE\"},{\"@type\":\"Organization\",\"@id\":\"https:\/\/blogg.svenskakyrkan.se\/vandravagen\/#organization\",\"name\":\"ulricehamns pastorat\",\"alternateName\":\"ulricehamns pastorat\",\"url\":\"https:\/\/blogg.svenskakyrkan.se\/vandravagen\/\",\"logo\":{\"@type\":\"ImageObject\",\"inLanguage\":\"sv-SE\",\"@id\":\"https:\/\/blogg.svenskakyrkan.se\/vandravagen\/#\/schema\/logo\/image\/\",\"url\":\"https:\/\/blogg.svenskakyrkan.se\/vandravagen\/files\/2023\/05\/Ulr_logo_RGB.png\",\"contentUrl\":\"https:\/\/blogg.svenskakyrkan.se\/vandravagen\/files\/2023\/05\/Ulr_logo_RGB.png\",\"width\":205,\"height\":77,\"caption\":\"ulricehamns pastorat\"},\"image\":{\"@id\":\"https:\/\/blogg.svenskakyrkan.se\/vandravagen\/#\/schema\/logo\/image\/\"},\"sameAs\":[\"http:\/\/facebook.com\/vandravagen\",\"https:\/\/x.com\/fadertomas\",\"http:\/\/www.facebook.com\/svenskakyrkaniulricehamn\"]},{\"@type\":\"Person\",\"@id\":\"https:\/\/blogg.svenskakyrkan.se\/vandravagen\/#\/schema\/person\/25da02d4f76b137d04291711e2c9fc16\",\"name\":\"Tomas Jarvid\",\"image\":{\"@type\":\"ImageObject\",\"inLanguage\":\"sv-SE\",\"@id\":\"https:\/\/blogg.svenskakyrkan.se\/vandravagen\/#\/schema\/person\/image\/\",\"url\":\"https:\/\/secure.gravatar.com\/avatar\/7fa71899795e8f540f615a1f5ab25255dc27aa40f05ee7ddd21aac521e01bf50?s=96&d=identicon&r=g\",\"contentUrl\":\"https:\/\/secure.gravatar.com\/avatar\/7fa71899795e8f540f615a1f5ab25255dc27aa40f05ee7ddd21aac521e01bf50?s=96&d=identicon&r=g\",\"caption\":\"Tomas Jarvid\"},\"description\":\"Jag bor i Ulricehamn i V\u00e4sterg\u00f6tland och \u00e4r f\u00f6rsamlingspr\u00e4st i Svenska Kyrkan f\u00f6r Dalstorps f\u00f6rsamling i Kinds pastorat. P\u00e5 den h\u00e4r bloggen skriver jag ner tankar om vandringen som kristen.\",\"sameAs\":[\"http:\/\/www.vandravagen.se\"],\"url\":\"https:\/\/blogg.svenskakyrkan.se\/vandravagen\/author\/vandravagen\/\"}]}<\/script>\n<!-- \/ Yoast SEO plugin. -->","yoast_head_json":{"title":"B\u00f6n och att jollra som ett barn - Vandra V\u00e4gen","robots":{"index":"index","follow":"follow","max-snippet":"max-snippet:-1","max-image-preview":"max-image-preview:large","max-video-preview":"max-video-preview:-1"},"canonical":"https:\/\/blogg.svenskakyrkan.se\/vandravagen\/2013\/10\/04\/bon-och-att-jollra-som-ett-barn\/","og_locale":"sv_SE","og_type":"article","og_title":"B\u00f6n och att jollra som ett barn - Vandra V\u00e4gen","og_description":"Att ha sm\u00e5barn hemma har gett mig en ny insikt om b\u00f6n. Innan v\u00e5r \u00e4ldsta dotter kunde tala fick jag \u00e4nd\u00e5 ofta f\u00f6r mig att hon kunde det. Jag tyckte att jag f\u00f6rstod s\u00e5 v\u00e4l vad det var hon f\u00f6rs\u00f6kte s\u00e4ga till mig att det k\u00e4ndes som att hon hade sagt det till mig.\u00a0 S\u00e5 [&hellip;]","og_url":"https:\/\/blogg.svenskakyrkan.se\/vandravagen\/2013\/10\/04\/bon-och-att-jollra-som-ett-barn\/","og_site_name":"Vandra V\u00e4gen","article_publisher":"http:\/\/facebook.com\/vandravagen","article_published_time":"2013-10-04T05:39:00+00:00","og_image":[{"url":"http:\/\/3.bp.blogspot.com\/-VyMD0ZPhJBg\/Uk0UsIkLQAI\/AAAAAAAAFlY\/p0YAuVDxOGQ\/s640\/IMG_1084.jpg","type":"","width":"","height":""}],"author":"Tomas Jarvid","twitter_card":"summary_large_image","twitter_creator":"@fadertomas","twitter_site":"@fadertomas","twitter_misc":{"Skriven av":"Tomas Jarvid","Ber\u00e4knad l\u00e4stid":"2 minuter"},"schema":{"@context":"https:\/\/schema.org","@graph":[{"@type":"Article","@id":"https:\/\/blogg.svenskakyrkan.se\/vandravagen\/2013\/10\/04\/bon-och-att-jollra-som-ett-barn\/#article","isPartOf":{"@id":"https:\/\/blogg.svenskakyrkan.se\/vandravagen\/2013\/10\/04\/bon-och-att-jollra-som-ett-barn\/"},"author":{"name":"Tomas Jarvid","@id":"https:\/\/blogg.svenskakyrkan.se\/vandravagen\/#\/schema\/person\/25da02d4f76b137d04291711e2c9fc16"},"headline":"B\u00f6n och att jollra som ett barn","datePublished":"2013-10-04T05:39:00+00:00","mainEntityOfPage":{"@id":"https:\/\/blogg.svenskakyrkan.se\/vandravagen\/2013\/10\/04\/bon-och-att-jollra-som-ett-barn\/"},"wordCount":333,"commentCount":2,"publisher":{"@id":"https:\/\/blogg.svenskakyrkan.se\/vandravagen\/#organization"},"image":{"@id":"https:\/\/blogg.svenskakyrkan.se\/vandravagen\/2013\/10\/04\/bon-och-att-jollra-som-ett-barn\/#primaryimage"},"thumbnailUrl":"http:\/\/3.bp.blogspot.com\/-VyMD0ZPhJBg\/Uk0UsIkLQAI\/AAAAAAAAFlY\/p0YAuVDxOGQ\/s640\/IMG_1084.jpg","articleSection":["andlighet","Dagens Kyrka","relationer","Teologi"],"inLanguage":"sv-SE","potentialAction":[{"@type":"CommentAction","name":"Comment","target":["https:\/\/blogg.svenskakyrkan.se\/vandravagen\/2013\/10\/04\/bon-och-att-jollra-som-ett-barn\/#respond"]}]},{"@type":"WebPage","@id":"https:\/\/blogg.svenskakyrkan.se\/vandravagen\/2013\/10\/04\/bon-och-att-jollra-som-ett-barn\/","url":"https:\/\/blogg.svenskakyrkan.se\/vandravagen\/2013\/10\/04\/bon-och-att-jollra-som-ett-barn\/","name":"B\u00f6n och att jollra som ett barn - Vandra V\u00e4gen","isPartOf":{"@id":"https:\/\/blogg.svenskakyrkan.se\/vandravagen\/#website"},"primaryImageOfPage":{"@id":"https:\/\/blogg.svenskakyrkan.se\/vandravagen\/2013\/10\/04\/bon-och-att-jollra-som-ett-barn\/#primaryimage"},"image":{"@id":"https:\/\/blogg.svenskakyrkan.se\/vandravagen\/2013\/10\/04\/bon-och-att-jollra-som-ett-barn\/#primaryimage"},"thumbnailUrl":"http:\/\/3.bp.blogspot.com\/-VyMD0ZPhJBg\/Uk0UsIkLQAI\/AAAAAAAAFlY\/p0YAuVDxOGQ\/s640\/IMG_1084.jpg","datePublished":"2013-10-04T05:39:00+00:00","breadcrumb":{"@id":"https:\/\/blogg.svenskakyrkan.se\/vandravagen\/2013\/10\/04\/bon-och-att-jollra-som-ett-barn\/#breadcrumb"},"inLanguage":"sv-SE","potentialAction":[{"@type":"ReadAction","target":["https:\/\/blogg.svenskakyrkan.se\/vandravagen\/2013\/10\/04\/bon-och-att-jollra-som-ett-barn\/"]}]},{"@type":"ImageObject","inLanguage":"sv-SE","@id":"https:\/\/blogg.svenskakyrkan.se\/vandravagen\/2013\/10\/04\/bon-och-att-jollra-som-ett-barn\/#primaryimage","url":"http:\/\/3.bp.blogspot.com\/-VyMD0ZPhJBg\/Uk0UsIkLQAI\/AAAAAAAAFlY\/p0YAuVDxOGQ\/s640\/IMG_1084.jpg","contentUrl":"http:\/\/3.bp.blogspot.com\/-VyMD0ZPhJBg\/Uk0UsIkLQAI\/AAAAAAAAFlY\/p0YAuVDxOGQ\/s640\/IMG_1084.jpg"},{"@type":"BreadcrumbList","@id":"https:\/\/blogg.svenskakyrkan.se\/vandravagen\/2013\/10\/04\/bon-och-att-jollra-som-ett-barn\/#breadcrumb","itemListElement":[{"@type":"ListItem","position":1,"name":"Hem","item":"https:\/\/blogg.svenskakyrkan.se\/vandravagen\/"},{"@type":"ListItem","position":2,"name":"B\u00f6n och att jollra som ett barn"}]},{"@type":"WebSite","@id":"https:\/\/blogg.svenskakyrkan.se\/vandravagen\/#website","url":"https:\/\/blogg.svenskakyrkan.se\/vandravagen\/","name":"Vandra V\u00e4gen","description":"-Mot en tro f\u00f6r hela livet","publisher":{"@id":"https:\/\/blogg.svenskakyrkan.se\/vandravagen\/#organization"},"potentialAction":[{"@type":"SearchAction","target":{"@type":"EntryPoint","urlTemplate":"https:\/\/blogg.svenskakyrkan.se\/vandravagen\/?s={search_term_string}"},"query-input":{"@type":"PropertyValueSpecification","valueRequired":true,"valueName":"search_term_string"}}],"inLanguage":"sv-SE"},{"@type":"Organization","@id":"https:\/\/blogg.svenskakyrkan.se\/vandravagen\/#organization","name":"ulricehamns pastorat","alternateName":"ulricehamns pastorat","url":"https:\/\/blogg.svenskakyrkan.se\/vandravagen\/","logo":{"@type":"ImageObject","inLanguage":"sv-SE","@id":"https:\/\/blogg.svenskakyrkan.se\/vandravagen\/#\/schema\/logo\/image\/","url":"https:\/\/blogg.svenskakyrkan.se\/vandravagen\/files\/2023\/05\/Ulr_logo_RGB.png","contentUrl":"https:\/\/blogg.svenskakyrkan.se\/vandravagen\/files\/2023\/05\/Ulr_logo_RGB.png","width":205,"height":77,"caption":"ulricehamns pastorat"},"image":{"@id":"https:\/\/blogg.svenskakyrkan.se\/vandravagen\/#\/schema\/logo\/image\/"},"sameAs":["http:\/\/facebook.com\/vandravagen","https:\/\/x.com\/fadertomas","http:\/\/www.facebook.com\/svenskakyrkaniulricehamn"]},{"@type":"Person","@id":"https:\/\/blogg.svenskakyrkan.se\/vandravagen\/#\/schema\/person\/25da02d4f76b137d04291711e2c9fc16","name":"Tomas Jarvid","image":{"@type":"ImageObject","inLanguage":"sv-SE","@id":"https:\/\/blogg.svenskakyrkan.se\/vandravagen\/#\/schema\/person\/image\/","url":"https:\/\/secure.gravatar.com\/avatar\/7fa71899795e8f540f615a1f5ab25255dc27aa40f05ee7ddd21aac521e01bf50?s=96&d=identicon&r=g","contentUrl":"https:\/\/secure.gravatar.com\/avatar\/7fa71899795e8f540f615a1f5ab25255dc27aa40f05ee7ddd21aac521e01bf50?s=96&d=identicon&r=g","caption":"Tomas Jarvid"},"description":"Jag bor i Ulricehamn i V\u00e4sterg\u00f6tland och \u00e4r f\u00f6rsamlingspr\u00e4st i Svenska Kyrkan f\u00f6r Dalstorps f\u00f6rsamling i Kinds pastorat. P\u00e5 den h\u00e4r bloggen skriver jag ner tankar om vandringen som kristen.","sameAs":["http:\/\/www.vandravagen.se"],"url":"https:\/\/blogg.svenskakyrkan.se\/vandravagen\/author\/vandravagen\/"}]}},"author_meta":{"ID":"392","user_nicename":"vandravagen","user_url":"http:\/\/www.vandravagen.se","user_registered":"2014-05-19 05:44:52","display_name":"Tomas Jarvid","first_name":"Tomas","last_name":"Jarvid","avatar":"https:\/\/secure.gravatar.com\/avatar\/7fa71899795e8f540f615a1f5ab25255dc27aa40f05ee7ddd21aac521e01bf50?s=96&d=identicon&r=g"},"featured_image":false,"bloginfo":{"name":"Vandra V\u00e4gen","url":"https:\/\/blogg.svenskakyrkan.se\/vandravagen"},"_links":{"self":[{"href":"https:\/\/blogg.svenskakyrkan.se\/vandravagen\/wp-json\/wp\/v2\/posts\/328","targetHints":{"allow":["GET"]}}],"collection":[{"href":"https:\/\/blogg.svenskakyrkan.se\/vandravagen\/wp-json\/wp\/v2\/posts"}],"about":[{"href":"https:\/\/blogg.svenskakyrkan.se\/vandravagen\/wp-json\/wp\/v2\/types\/post"}],"author":[{"embeddable":true,"href":"https:\/\/blogg.svenskakyrkan.se\/vandravagen\/wp-json\/wp\/v2\/users\/392"}],"replies":[{"embeddable":true,"href":"https:\/\/blogg.svenskakyrkan.se\/vandravagen\/wp-json\/wp\/v2\/comments?post=328"}],"version-history":[{"count":0,"href":"https:\/\/blogg.svenskakyrkan.se\/vandravagen\/wp-json\/wp\/v2\/posts\/328\/revisions"}],"wp:attachment":[{"href":"https:\/\/blogg.svenskakyrkan.se\/vandravagen\/wp-json\/wp\/v2\/media?parent=328"}],"wp:term":[{"taxonomy":"category","embeddable":true,"href":"https:\/\/blogg.svenskakyrkan.se\/vandravagen\/wp-json\/wp\/v2\/categories?post=328"},{"taxonomy":"post_tag","embeddable":true,"href":"https:\/\/blogg.svenskakyrkan.se\/vandravagen\/wp-json\/wp\/v2\/tags?post=328"}],"curies":[{"name":"wp","href":"https:\/\/api.w.org\/{rel}","templated":true}]}}