{"id":329,"date":"2013-10-03T08:31:00","date_gmt":"2013-10-03T06:31:00","guid":{"rendered":"http:\/\/blogg.svenskakyrkan.se\/vandravagen\/2013\/10\/03\/anglarna-och-himlen-over-berlin\/"},"modified":"2013-10-03T08:31:00","modified_gmt":"2013-10-03T06:31:00","slug":"anglarna-och-himlen-over-berlin","status":"publish","type":"post","link":"https:\/\/blogg.svenskakyrkan.se\/vandravagen\/2013\/10\/03\/anglarna-och-himlen-over-berlin\/","title":{"rendered":"\u00c4nglarna och himlen \u00f6ver Berlin"},"content":{"rendered":"<table align=\"center\" cellpadding=\"0\" cellspacing=\"0\">\n<tbody>\n<tr>\n<td><a href=\"http:\/\/3.bp.blogspot.com\/-dgVuXx6Pf04\/Uk0Ib6O8wtI\/AAAAAAAAFlI\/bMUdLY1sCdA\/s1600\/himmel+o%CC%88ver+berlin.jpg\"><img loading=\"lazy\" decoding=\"async\" border=\"0\" height=\"400\" src=\"http:\/\/3.bp.blogspot.com\/-dgVuXx6Pf04\/Uk0Ib6O8wtI\/AAAAAAAAFlI\/bMUdLY1sCdA\/s400\/himmel+o%CC%88ver+berlin.jpg\" width=\"266\"><\/a><\/td>\n<\/tr>\n<tr>\n<td>\u00c4ngel i \u00f6verrock i Berlin<\/td>\n<\/tr>\n<\/tbody>\n<\/table>\n<p>I s\u00f6ndags var det Mikaelidagen i kyrko\u00e5ret, den dag d\u00e5 &#8221;\u00e4nglarna&#8221; \u00e4r temat f\u00f6r texterna. Det \u00e4r r\u00e4tt olika f\u00f6r olika personer hur mycket man t\u00e4nker p\u00e5 eller intresserar sig f\u00f6r \u00e4nglar. Jag har en misstanke om att det paradoxalt nog kan vara s\u00e5 att \u00e4nglar \u00e4r mer popul\u00e4ra i utkanten av de kyrkliga sammanhangen eller kanske i helt andra kretsar. Kanske \u00e4r det s\u00e5 att \u00e4ven om man har sv\u00e5rt att ta till sig den kristna uppfattningen om Gud (s\u00e5som man f\u00f6rst\u00e5r den) s\u00e5 framst\u00e5r det \u00e4nd\u00e5 som klart att det finns en verklighet bortom vad vi kan se och ta p\u00e5, en andlig verklighet om du s\u00e5 vill.<\/p>\n<p>Jag s\u00e5g f\u00f6r ett tag sedan filmklassikern &#8221;&#8217;himmel \u00f6ver Berlin&#8221;, en fascinerande film som man kunde l\u00e4gga ut texten l\u00e4nge om. I den filmen finns det hur som helst med \u00e4nglar.<\/p>\n<p>De \u00e4nglarna \u00e4r inte unga kvinnor med 1800-talskl\u00e4nningar och skimrande vingar. Snarare ser de ut som n\u00e5gon slags gr\u00e5 tj\u00e4nstem\u00e4n. De finns \u00f6verallt omkring m\u00e4nniskorna. De sitter p\u00e5 biblioteket, g\u00e5r p\u00e5 gatan och finns hela tiden i n\u00e4rheten. De r\u00f6r vid m\u00e4nniskor, ger sm\u00e5 pushar, viskar emellan\u00e5t n\u00e5got i deras \u00f6ron. Och d\u00e5 h\u00e4nder det (ofta) att m\u00e4nniskorna f\u00e5r kraft att orka vidare, de som fastnat i tungsinne kanske f\u00e5r nytt hopp f\u00f6r framtiden, den som vacklar f\u00e5r ny beslutsamhet. Mycket vackert! Och inte en enda som f\u00e5r hj\u00e4lp av \u00e4nglarna ser dem eller f\u00f6rst\u00e5r att de f\u00e5r hj\u00e4lp fr\u00e5n himlen.<\/p>\n<p>Jag t\u00e4nker att det kanske \u00e4r s\u00e5. Att varje g\u00e5ng vi kommer \u00f6ver ett hinder, f\u00e5r nytt livsmod, kommer ur d\u00e5liga banor f\u00f6r v\u00e5ra liv, d\u00e5 kanske det ligger ett under bakom. Bara det att vi inte ser att det \u00e4r det som sker. Vi kanske har sv\u00e5rt att se att Gud handlar i v\u00e5ra liv samtidigt som det sker oupph\u00f6rligen. Kanske m\u00e5ste Gud st\u00e4ndigt pumpa in hopp och kraft i oss och i v\u00e5r v\u00e4rld f\u00f6r att inte m\u00f6rkret och f\u00f6rtvivlan alldeles ska f\u00e5 \u00f6verhanden \u00f6ver oss?<\/p>\n<p>Det kan vi inte veta n\u00e5got om, \u00e4nglarnas h\u00e4nder \u00e4r osynliga och deras r\u00f6ster h\u00f6r bara hj\u00e4rtat. Vad de \u00e4r f\u00f6r v\u00e4sen kan vi inte heller veta n\u00e5got om, de \u00e4r s\u00e4kerligen varken 1800-talskvinnor eller gr\u00e5 tj\u00e4nstem\u00e4n. \u00c4nd\u00e5 \u00e4r det f\u00f6r mig en god tanke att himlen aldrig \u00e4r l\u00e5ngt borta utan alldeles n\u00e4ra fast osynlig. I s\u00e5 fall \u00e4r jag ju aldrig helt ensam eller utl\u00e4mnad \u00e5t mig sj\u00e4lv.<\/p>\n<p>Hur ser du p\u00e5 \u00e4nglar? Tror du att \u00e4nglar finns? Vad \u00e4r de i s\u00e5 fall f\u00f6r v\u00e4sen? \u00c4r de viktiga f\u00f6r dig? Skriv en kommentar!<\/p>\n","protected":false},"excerpt":{"rendered":"<p>\u00c4ngel i \u00f6verrock i Berlin I s\u00f6ndags var det Mikaelidagen i kyrko\u00e5ret, den dag d\u00e5 &#8221;\u00e4nglarna&#8221; \u00e4r temat f\u00f6r texterna. Det \u00e4r r\u00e4tt olika f\u00f6r olika personer hur mycket man t\u00e4nker p\u00e5 eller intresserar sig f\u00f6r \u00e4nglar. Jag har en misstanke om att det paradoxalt nog kan vara s\u00e5 att \u00e4nglar \u00e4r mer popul\u00e4ra i [&hellip;]<\/p>\n","protected":false},"author":392,"featured_media":0,"comment_status":"open","ping_status":"open","sticky":false,"template":"","format":"standard","meta":{"_acf_changed":false,"footnotes":""},"categories":[75887,76189,8252],"tags":[],"class_list":["post-329","post","type-post","status-publish","format-standard","hentry","category-andlighet","category-dagens-kyrka","category-kyrkoaret"],"acf":[],"yoast_head":"<!-- This site is optimized with the Yoast SEO plugin v27.1.1 - https:\/\/yoast.com\/product\/yoast-seo-wordpress\/ -->\n<title>\u00c4nglarna och himlen \u00f6ver Berlin - Vandra V\u00e4gen<\/title>\n<meta name=\"robots\" content=\"index, follow, max-snippet:-1, max-image-preview:large, max-video-preview:-1\" \/>\n<link rel=\"canonical\" href=\"https:\/\/blogg.svenskakyrkan.se\/vandravagen\/2013\/10\/03\/anglarna-och-himlen-over-berlin\/\" \/>\n<meta property=\"og:locale\" content=\"sv_SE\" \/>\n<meta property=\"og:type\" content=\"article\" \/>\n<meta property=\"og:title\" content=\"\u00c4nglarna och himlen \u00f6ver Berlin - Vandra V\u00e4gen\" \/>\n<meta property=\"og:description\" content=\"\u00c4ngel i \u00f6verrock i Berlin I s\u00f6ndags var det Mikaelidagen i kyrko\u00e5ret, den dag d\u00e5 &#8221;\u00e4nglarna&#8221; \u00e4r temat f\u00f6r texterna. Det \u00e4r r\u00e4tt olika f\u00f6r olika personer hur mycket man t\u00e4nker p\u00e5 eller intresserar sig f\u00f6r \u00e4nglar. Jag har en misstanke om att det paradoxalt nog kan vara s\u00e5 att \u00e4nglar \u00e4r mer popul\u00e4ra i [&hellip;]\" \/>\n<meta property=\"og:url\" content=\"https:\/\/blogg.svenskakyrkan.se\/vandravagen\/2013\/10\/03\/anglarna-och-himlen-over-berlin\/\" \/>\n<meta property=\"og:site_name\" content=\"Vandra V\u00e4gen\" \/>\n<meta property=\"article:publisher\" content=\"http:\/\/facebook.com\/vandravagen\" \/>\n<meta property=\"article:published_time\" content=\"2013-10-03T06:31:00+00:00\" \/>\n<meta property=\"og:image\" content=\"http:\/\/3.bp.blogspot.com\/-dgVuXx6Pf04\/Uk0Ib6O8wtI\/AAAAAAAAFlI\/bMUdLY1sCdA\/s400\/himmel+o%CC%88ver+berlin.jpg\" \/>\n<meta name=\"author\" content=\"Tomas Jarvid\" \/>\n<meta name=\"twitter:card\" content=\"summary_large_image\" \/>\n<meta name=\"twitter:creator\" content=\"@fadertomas\" \/>\n<meta name=\"twitter:site\" content=\"@fadertomas\" \/>\n<meta name=\"twitter:label1\" content=\"Skriven av\" \/>\n\t<meta name=\"twitter:data1\" content=\"Tomas Jarvid\" \/>\n\t<meta name=\"twitter:label2\" content=\"Ber\u00e4knad l\u00e4stid\" \/>\n\t<meta name=\"twitter:data2\" content=\"3 minuter\" \/>\n<script type=\"application\/ld+json\" class=\"yoast-schema-graph\">{\"@context\":\"https:\/\/schema.org\",\"@graph\":[{\"@type\":\"Article\",\"@id\":\"https:\/\/blogg.svenskakyrkan.se\/vandravagen\/2013\/10\/03\/anglarna-och-himlen-over-berlin\/#article\",\"isPartOf\":{\"@id\":\"https:\/\/blogg.svenskakyrkan.se\/vandravagen\/2013\/10\/03\/anglarna-och-himlen-over-berlin\/\"},\"author\":{\"name\":\"Tomas Jarvid\",\"@id\":\"https:\/\/blogg.svenskakyrkan.se\/vandravagen\/#\/schema\/person\/25da02d4f76b137d04291711e2c9fc16\"},\"headline\":\"\u00c4nglarna och himlen \u00f6ver Berlin\",\"datePublished\":\"2013-10-03T06:31:00+00:00\",\"mainEntityOfPage\":{\"@id\":\"https:\/\/blogg.svenskakyrkan.se\/vandravagen\/2013\/10\/03\/anglarna-och-himlen-over-berlin\/\"},\"wordCount\":512,\"commentCount\":0,\"publisher\":{\"@id\":\"https:\/\/blogg.svenskakyrkan.se\/vandravagen\/#organization\"},\"image\":{\"@id\":\"https:\/\/blogg.svenskakyrkan.se\/vandravagen\/2013\/10\/03\/anglarna-och-himlen-over-berlin\/#primaryimage\"},\"thumbnailUrl\":\"http:\/\/3.bp.blogspot.com\/-dgVuXx6Pf04\/Uk0Ib6O8wtI\/AAAAAAAAFlI\/bMUdLY1sCdA\/s400\/himmel+o%CC%88ver+berlin.jpg\",\"articleSection\":[\"andlighet\",\"Dagens Kyrka\",\"kyrko\u00e5ret\"],\"inLanguage\":\"sv-SE\",\"potentialAction\":[{\"@type\":\"CommentAction\",\"name\":\"Comment\",\"target\":[\"https:\/\/blogg.svenskakyrkan.se\/vandravagen\/2013\/10\/03\/anglarna-och-himlen-over-berlin\/#respond\"]}]},{\"@type\":\"WebPage\",\"@id\":\"https:\/\/blogg.svenskakyrkan.se\/vandravagen\/2013\/10\/03\/anglarna-och-himlen-over-berlin\/\",\"url\":\"https:\/\/blogg.svenskakyrkan.se\/vandravagen\/2013\/10\/03\/anglarna-och-himlen-over-berlin\/\",\"name\":\"\u00c4nglarna och himlen \u00f6ver Berlin - Vandra V\u00e4gen\",\"isPartOf\":{\"@id\":\"https:\/\/blogg.svenskakyrkan.se\/vandravagen\/#website\"},\"primaryImageOfPage\":{\"@id\":\"https:\/\/blogg.svenskakyrkan.se\/vandravagen\/2013\/10\/03\/anglarna-och-himlen-over-berlin\/#primaryimage\"},\"image\":{\"@id\":\"https:\/\/blogg.svenskakyrkan.se\/vandravagen\/2013\/10\/03\/anglarna-och-himlen-over-berlin\/#primaryimage\"},\"thumbnailUrl\":\"http:\/\/3.bp.blogspot.com\/-dgVuXx6Pf04\/Uk0Ib6O8wtI\/AAAAAAAAFlI\/bMUdLY1sCdA\/s400\/himmel+o%CC%88ver+berlin.jpg\",\"datePublished\":\"2013-10-03T06:31:00+00:00\",\"breadcrumb\":{\"@id\":\"https:\/\/blogg.svenskakyrkan.se\/vandravagen\/2013\/10\/03\/anglarna-och-himlen-over-berlin\/#breadcrumb\"},\"inLanguage\":\"sv-SE\",\"potentialAction\":[{\"@type\":\"ReadAction\",\"target\":[\"https:\/\/blogg.svenskakyrkan.se\/vandravagen\/2013\/10\/03\/anglarna-och-himlen-over-berlin\/\"]}]},{\"@type\":\"ImageObject\",\"inLanguage\":\"sv-SE\",\"@id\":\"https:\/\/blogg.svenskakyrkan.se\/vandravagen\/2013\/10\/03\/anglarna-och-himlen-over-berlin\/#primaryimage\",\"url\":\"http:\/\/3.bp.blogspot.com\/-dgVuXx6Pf04\/Uk0Ib6O8wtI\/AAAAAAAAFlI\/bMUdLY1sCdA\/s400\/himmel+o%CC%88ver+berlin.jpg\",\"contentUrl\":\"http:\/\/3.bp.blogspot.com\/-dgVuXx6Pf04\/Uk0Ib6O8wtI\/AAAAAAAAFlI\/bMUdLY1sCdA\/s400\/himmel+o%CC%88ver+berlin.jpg\"},{\"@type\":\"BreadcrumbList\",\"@id\":\"https:\/\/blogg.svenskakyrkan.se\/vandravagen\/2013\/10\/03\/anglarna-och-himlen-over-berlin\/#breadcrumb\",\"itemListElement\":[{\"@type\":\"ListItem\",\"position\":1,\"name\":\"Hem\",\"item\":\"https:\/\/blogg.svenskakyrkan.se\/vandravagen\/\"},{\"@type\":\"ListItem\",\"position\":2,\"name\":\"\u00c4nglarna och himlen \u00f6ver Berlin\"}]},{\"@type\":\"WebSite\",\"@id\":\"https:\/\/blogg.svenskakyrkan.se\/vandravagen\/#website\",\"url\":\"https:\/\/blogg.svenskakyrkan.se\/vandravagen\/\",\"name\":\"Vandra V\u00e4gen\",\"description\":\"-Mot en tro f\u00f6r hela livet\",\"publisher\":{\"@id\":\"https:\/\/blogg.svenskakyrkan.se\/vandravagen\/#organization\"},\"potentialAction\":[{\"@type\":\"SearchAction\",\"target\":{\"@type\":\"EntryPoint\",\"urlTemplate\":\"https:\/\/blogg.svenskakyrkan.se\/vandravagen\/?s={search_term_string}\"},\"query-input\":{\"@type\":\"PropertyValueSpecification\",\"valueRequired\":true,\"valueName\":\"search_term_string\"}}],\"inLanguage\":\"sv-SE\"},{\"@type\":\"Organization\",\"@id\":\"https:\/\/blogg.svenskakyrkan.se\/vandravagen\/#organization\",\"name\":\"ulricehamns pastorat\",\"alternateName\":\"ulricehamns pastorat\",\"url\":\"https:\/\/blogg.svenskakyrkan.se\/vandravagen\/\",\"logo\":{\"@type\":\"ImageObject\",\"inLanguage\":\"sv-SE\",\"@id\":\"https:\/\/blogg.svenskakyrkan.se\/vandravagen\/#\/schema\/logo\/image\/\",\"url\":\"https:\/\/blogg.svenskakyrkan.se\/vandravagen\/files\/2023\/05\/Ulr_logo_RGB.png\",\"contentUrl\":\"https:\/\/blogg.svenskakyrkan.se\/vandravagen\/files\/2023\/05\/Ulr_logo_RGB.png\",\"width\":205,\"height\":77,\"caption\":\"ulricehamns pastorat\"},\"image\":{\"@id\":\"https:\/\/blogg.svenskakyrkan.se\/vandravagen\/#\/schema\/logo\/image\/\"},\"sameAs\":[\"http:\/\/facebook.com\/vandravagen\",\"https:\/\/x.com\/fadertomas\",\"http:\/\/www.facebook.com\/svenskakyrkaniulricehamn\"]},{\"@type\":\"Person\",\"@id\":\"https:\/\/blogg.svenskakyrkan.se\/vandravagen\/#\/schema\/person\/25da02d4f76b137d04291711e2c9fc16\",\"name\":\"Tomas Jarvid\",\"image\":{\"@type\":\"ImageObject\",\"inLanguage\":\"sv-SE\",\"@id\":\"https:\/\/blogg.svenskakyrkan.se\/vandravagen\/#\/schema\/person\/image\/\",\"url\":\"https:\/\/secure.gravatar.com\/avatar\/7fa71899795e8f540f615a1f5ab25255dc27aa40f05ee7ddd21aac521e01bf50?s=96&d=identicon&r=g\",\"contentUrl\":\"https:\/\/secure.gravatar.com\/avatar\/7fa71899795e8f540f615a1f5ab25255dc27aa40f05ee7ddd21aac521e01bf50?s=96&d=identicon&r=g\",\"caption\":\"Tomas Jarvid\"},\"description\":\"Jag bor i Ulricehamn i V\u00e4sterg\u00f6tland och \u00e4r f\u00f6rsamlingspr\u00e4st i Svenska Kyrkan f\u00f6r Dalstorps f\u00f6rsamling i Kinds pastorat. P\u00e5 den h\u00e4r bloggen skriver jag ner tankar om vandringen som kristen.\",\"sameAs\":[\"http:\/\/www.vandravagen.se\"],\"url\":\"https:\/\/blogg.svenskakyrkan.se\/vandravagen\/author\/vandravagen\/\"}]}<\/script>\n<!-- \/ Yoast SEO plugin. -->","yoast_head_json":{"title":"\u00c4nglarna och himlen \u00f6ver Berlin - Vandra V\u00e4gen","robots":{"index":"index","follow":"follow","max-snippet":"max-snippet:-1","max-image-preview":"max-image-preview:large","max-video-preview":"max-video-preview:-1"},"canonical":"https:\/\/blogg.svenskakyrkan.se\/vandravagen\/2013\/10\/03\/anglarna-och-himlen-over-berlin\/","og_locale":"sv_SE","og_type":"article","og_title":"\u00c4nglarna och himlen \u00f6ver Berlin - Vandra V\u00e4gen","og_description":"\u00c4ngel i \u00f6verrock i Berlin I s\u00f6ndags var det Mikaelidagen i kyrko\u00e5ret, den dag d\u00e5 &#8221;\u00e4nglarna&#8221; \u00e4r temat f\u00f6r texterna. Det \u00e4r r\u00e4tt olika f\u00f6r olika personer hur mycket man t\u00e4nker p\u00e5 eller intresserar sig f\u00f6r \u00e4nglar. Jag har en misstanke om att det paradoxalt nog kan vara s\u00e5 att \u00e4nglar \u00e4r mer popul\u00e4ra i [&hellip;]","og_url":"https:\/\/blogg.svenskakyrkan.se\/vandravagen\/2013\/10\/03\/anglarna-och-himlen-over-berlin\/","og_site_name":"Vandra V\u00e4gen","article_publisher":"http:\/\/facebook.com\/vandravagen","article_published_time":"2013-10-03T06:31:00+00:00","og_image":[{"url":"http:\/\/3.bp.blogspot.com\/-dgVuXx6Pf04\/Uk0Ib6O8wtI\/AAAAAAAAFlI\/bMUdLY1sCdA\/s400\/himmel+o%CC%88ver+berlin.jpg","type":"","width":"","height":""}],"author":"Tomas Jarvid","twitter_card":"summary_large_image","twitter_creator":"@fadertomas","twitter_site":"@fadertomas","twitter_misc":{"Skriven av":"Tomas Jarvid","Ber\u00e4knad l\u00e4stid":"3 minuter"},"schema":{"@context":"https:\/\/schema.org","@graph":[{"@type":"Article","@id":"https:\/\/blogg.svenskakyrkan.se\/vandravagen\/2013\/10\/03\/anglarna-och-himlen-over-berlin\/#article","isPartOf":{"@id":"https:\/\/blogg.svenskakyrkan.se\/vandravagen\/2013\/10\/03\/anglarna-och-himlen-over-berlin\/"},"author":{"name":"Tomas Jarvid","@id":"https:\/\/blogg.svenskakyrkan.se\/vandravagen\/#\/schema\/person\/25da02d4f76b137d04291711e2c9fc16"},"headline":"\u00c4nglarna och himlen \u00f6ver Berlin","datePublished":"2013-10-03T06:31:00+00:00","mainEntityOfPage":{"@id":"https:\/\/blogg.svenskakyrkan.se\/vandravagen\/2013\/10\/03\/anglarna-och-himlen-over-berlin\/"},"wordCount":512,"commentCount":0,"publisher":{"@id":"https:\/\/blogg.svenskakyrkan.se\/vandravagen\/#organization"},"image":{"@id":"https:\/\/blogg.svenskakyrkan.se\/vandravagen\/2013\/10\/03\/anglarna-och-himlen-over-berlin\/#primaryimage"},"thumbnailUrl":"http:\/\/3.bp.blogspot.com\/-dgVuXx6Pf04\/Uk0Ib6O8wtI\/AAAAAAAAFlI\/bMUdLY1sCdA\/s400\/himmel+o%CC%88ver+berlin.jpg","articleSection":["andlighet","Dagens Kyrka","kyrko\u00e5ret"],"inLanguage":"sv-SE","potentialAction":[{"@type":"CommentAction","name":"Comment","target":["https:\/\/blogg.svenskakyrkan.se\/vandravagen\/2013\/10\/03\/anglarna-och-himlen-over-berlin\/#respond"]}]},{"@type":"WebPage","@id":"https:\/\/blogg.svenskakyrkan.se\/vandravagen\/2013\/10\/03\/anglarna-och-himlen-over-berlin\/","url":"https:\/\/blogg.svenskakyrkan.se\/vandravagen\/2013\/10\/03\/anglarna-och-himlen-over-berlin\/","name":"\u00c4nglarna och himlen \u00f6ver Berlin - Vandra V\u00e4gen","isPartOf":{"@id":"https:\/\/blogg.svenskakyrkan.se\/vandravagen\/#website"},"primaryImageOfPage":{"@id":"https:\/\/blogg.svenskakyrkan.se\/vandravagen\/2013\/10\/03\/anglarna-och-himlen-over-berlin\/#primaryimage"},"image":{"@id":"https:\/\/blogg.svenskakyrkan.se\/vandravagen\/2013\/10\/03\/anglarna-och-himlen-over-berlin\/#primaryimage"},"thumbnailUrl":"http:\/\/3.bp.blogspot.com\/-dgVuXx6Pf04\/Uk0Ib6O8wtI\/AAAAAAAAFlI\/bMUdLY1sCdA\/s400\/himmel+o%CC%88ver+berlin.jpg","datePublished":"2013-10-03T06:31:00+00:00","breadcrumb":{"@id":"https:\/\/blogg.svenskakyrkan.se\/vandravagen\/2013\/10\/03\/anglarna-och-himlen-over-berlin\/#breadcrumb"},"inLanguage":"sv-SE","potentialAction":[{"@type":"ReadAction","target":["https:\/\/blogg.svenskakyrkan.se\/vandravagen\/2013\/10\/03\/anglarna-och-himlen-over-berlin\/"]}]},{"@type":"ImageObject","inLanguage":"sv-SE","@id":"https:\/\/blogg.svenskakyrkan.se\/vandravagen\/2013\/10\/03\/anglarna-och-himlen-over-berlin\/#primaryimage","url":"http:\/\/3.bp.blogspot.com\/-dgVuXx6Pf04\/Uk0Ib6O8wtI\/AAAAAAAAFlI\/bMUdLY1sCdA\/s400\/himmel+o%CC%88ver+berlin.jpg","contentUrl":"http:\/\/3.bp.blogspot.com\/-dgVuXx6Pf04\/Uk0Ib6O8wtI\/AAAAAAAAFlI\/bMUdLY1sCdA\/s400\/himmel+o%CC%88ver+berlin.jpg"},{"@type":"BreadcrumbList","@id":"https:\/\/blogg.svenskakyrkan.se\/vandravagen\/2013\/10\/03\/anglarna-och-himlen-over-berlin\/#breadcrumb","itemListElement":[{"@type":"ListItem","position":1,"name":"Hem","item":"https:\/\/blogg.svenskakyrkan.se\/vandravagen\/"},{"@type":"ListItem","position":2,"name":"\u00c4nglarna och himlen \u00f6ver Berlin"}]},{"@type":"WebSite","@id":"https:\/\/blogg.svenskakyrkan.se\/vandravagen\/#website","url":"https:\/\/blogg.svenskakyrkan.se\/vandravagen\/","name":"Vandra V\u00e4gen","description":"-Mot en tro f\u00f6r hela livet","publisher":{"@id":"https:\/\/blogg.svenskakyrkan.se\/vandravagen\/#organization"},"potentialAction":[{"@type":"SearchAction","target":{"@type":"EntryPoint","urlTemplate":"https:\/\/blogg.svenskakyrkan.se\/vandravagen\/?s={search_term_string}"},"query-input":{"@type":"PropertyValueSpecification","valueRequired":true,"valueName":"search_term_string"}}],"inLanguage":"sv-SE"},{"@type":"Organization","@id":"https:\/\/blogg.svenskakyrkan.se\/vandravagen\/#organization","name":"ulricehamns pastorat","alternateName":"ulricehamns pastorat","url":"https:\/\/blogg.svenskakyrkan.se\/vandravagen\/","logo":{"@type":"ImageObject","inLanguage":"sv-SE","@id":"https:\/\/blogg.svenskakyrkan.se\/vandravagen\/#\/schema\/logo\/image\/","url":"https:\/\/blogg.svenskakyrkan.se\/vandravagen\/files\/2023\/05\/Ulr_logo_RGB.png","contentUrl":"https:\/\/blogg.svenskakyrkan.se\/vandravagen\/files\/2023\/05\/Ulr_logo_RGB.png","width":205,"height":77,"caption":"ulricehamns pastorat"},"image":{"@id":"https:\/\/blogg.svenskakyrkan.se\/vandravagen\/#\/schema\/logo\/image\/"},"sameAs":["http:\/\/facebook.com\/vandravagen","https:\/\/x.com\/fadertomas","http:\/\/www.facebook.com\/svenskakyrkaniulricehamn"]},{"@type":"Person","@id":"https:\/\/blogg.svenskakyrkan.se\/vandravagen\/#\/schema\/person\/25da02d4f76b137d04291711e2c9fc16","name":"Tomas Jarvid","image":{"@type":"ImageObject","inLanguage":"sv-SE","@id":"https:\/\/blogg.svenskakyrkan.se\/vandravagen\/#\/schema\/person\/image\/","url":"https:\/\/secure.gravatar.com\/avatar\/7fa71899795e8f540f615a1f5ab25255dc27aa40f05ee7ddd21aac521e01bf50?s=96&d=identicon&r=g","contentUrl":"https:\/\/secure.gravatar.com\/avatar\/7fa71899795e8f540f615a1f5ab25255dc27aa40f05ee7ddd21aac521e01bf50?s=96&d=identicon&r=g","caption":"Tomas Jarvid"},"description":"Jag bor i Ulricehamn i V\u00e4sterg\u00f6tland och \u00e4r f\u00f6rsamlingspr\u00e4st i Svenska Kyrkan f\u00f6r Dalstorps f\u00f6rsamling i Kinds pastorat. P\u00e5 den h\u00e4r bloggen skriver jag ner tankar om vandringen som kristen.","sameAs":["http:\/\/www.vandravagen.se"],"url":"https:\/\/blogg.svenskakyrkan.se\/vandravagen\/author\/vandravagen\/"}]}},"author_meta":{"ID":"392","user_nicename":"vandravagen","user_url":"http:\/\/www.vandravagen.se","user_registered":"2014-05-19 05:44:52","display_name":"Tomas Jarvid","first_name":"Tomas","last_name":"Jarvid","avatar":"https:\/\/secure.gravatar.com\/avatar\/7fa71899795e8f540f615a1f5ab25255dc27aa40f05ee7ddd21aac521e01bf50?s=96&d=identicon&r=g"},"featured_image":false,"bloginfo":{"name":"Vandra V\u00e4gen","url":"https:\/\/blogg.svenskakyrkan.se\/vandravagen"},"_links":{"self":[{"href":"https:\/\/blogg.svenskakyrkan.se\/vandravagen\/wp-json\/wp\/v2\/posts\/329","targetHints":{"allow":["GET"]}}],"collection":[{"href":"https:\/\/blogg.svenskakyrkan.se\/vandravagen\/wp-json\/wp\/v2\/posts"}],"about":[{"href":"https:\/\/blogg.svenskakyrkan.se\/vandravagen\/wp-json\/wp\/v2\/types\/post"}],"author":[{"embeddable":true,"href":"https:\/\/blogg.svenskakyrkan.se\/vandravagen\/wp-json\/wp\/v2\/users\/392"}],"replies":[{"embeddable":true,"href":"https:\/\/blogg.svenskakyrkan.se\/vandravagen\/wp-json\/wp\/v2\/comments?post=329"}],"version-history":[{"count":0,"href":"https:\/\/blogg.svenskakyrkan.se\/vandravagen\/wp-json\/wp\/v2\/posts\/329\/revisions"}],"wp:attachment":[{"href":"https:\/\/blogg.svenskakyrkan.se\/vandravagen\/wp-json\/wp\/v2\/media?parent=329"}],"wp:term":[{"taxonomy":"category","embeddable":true,"href":"https:\/\/blogg.svenskakyrkan.se\/vandravagen\/wp-json\/wp\/v2\/categories?post=329"},{"taxonomy":"post_tag","embeddable":true,"href":"https:\/\/blogg.svenskakyrkan.se\/vandravagen\/wp-json\/wp\/v2\/tags?post=329"}],"curies":[{"name":"wp","href":"https:\/\/api.w.org\/{rel}","templated":true}]}}