{"id":3295,"date":"2015-06-24T07:00:35","date_gmt":"2015-06-24T05:00:35","guid":{"rendered":"http:\/\/blogg.svenskakyrkan.se\/vandravagen\/?p=3295"},"modified":"2015-06-23T22:02:35","modified_gmt":"2015-06-23T20:02:35","slug":"ve-er-ni-kristna-om-jesus-och-fariseerna","status":"publish","type":"post","link":"https:\/\/blogg.svenskakyrkan.se\/vandravagen\/2015\/06\/24\/ve-er-ni-kristna-om-jesus-och-fariseerna\/","title":{"rendered":"&#8221;Ve er ni kristna&#8221; -om Jesus och faris\u00e9erna"},"content":{"rendered":"<p>&nbsp;<\/p>\n<div id=\"attachment_3297\" style=\"width: 650px\" class=\"wp-caption aligncenter\"><a href=\"http:\/\/blogg.svenskakyrkan.se\/vandravagen\/files\/2015\/06\/bild-9.jpg\"><img loading=\"lazy\" decoding=\"async\" aria-describedby=\"caption-attachment-3297\" class=\"size-full wp-image-3297\" src=\"http:\/\/blogg.svenskakyrkan.se\/vandravagen\/files\/2015\/06\/bild-9.jpg\" alt=\"Fiender i kamp p\u00e5 liv och d\u00f6d. S\u00e5 var det kanske \u00e4nd\u00e5 inte med Jesus och faris\u00e9erna?\" width=\"640\" height=\"834\" srcset=\"https:\/\/blogg.svenskakyrkan.se\/vandravagen\/files\/2015\/06\/bild-9.jpg 640w, https:\/\/blogg.svenskakyrkan.se\/vandravagen\/files\/2015\/06\/bild-9-300x391.jpg 300w, https:\/\/blogg.svenskakyrkan.se\/vandravagen\/files\/2015\/06\/bild-9-230x300.jpg 230w\" sizes=\"auto, (max-width: 640px) 100vw, 640px\" \/><\/a><p id=\"caption-attachment-3297\" class=\"wp-caption-text\">Fiender i kamp p\u00e5 liv och d\u00f6d. S\u00e5 var det kanske \u00e4nd\u00e5 inte med Jesus och faris\u00e9erna?<\/p><\/div>\n<p>Det \u00e4r dags att forts\u00e4tta skriva om Jesus i sin judiska milj\u00f6. Den minnesgoda l\u00e4saren vet att jag var p\u00e5 pr\u00e4stkurs nyligen med det som tema.<\/p>\n<p>Biskop \u00c5ke Bonnier och \u00f6verrabbin emeritus Morton Narrowe talade en del om Jesus konfrontationer med faris\u00e9erna. Det g\u00e5r emellan\u00e5t mycket hett till. Som h\u00e4r:<\/p>\n<blockquote>\n<p>&#8221;Ve er, skriftl\u00e4rda och fariseer, ni hycklare som far \u00f6ver land och hav f\u00f6r att vinna en enda proselyt, och n\u00e4r n\u00e5gon har blivit det g\u00f6r ni honom till ett helvetets barn, dubbelt v\u00e4rre \u00e4n ni sj\u00e4lva.&#8221; (Matt 23:15)<\/p>\n<\/blockquote>\n<p>Bilden vi f\u00e5r \u00e4r f\u00f6rst\u00e5s att Jesus och faris\u00e9erna var varandras totala motpoler. Allt de gjorde var d\u00e5ligt och allt Jesus gjorde var bra. T\u00e4nker man vidare s\u00e5 m\u00e4rker man emellertid fort att Jesus verkar tr\u00e4ffa p\u00e5 de d\u00e4r faris\u00e9erna r\u00e4tt ofta. Det \u00e4r till och med s\u00e5 att om man tittar riktigt n\u00e4ra p\u00e5 Jesus duster med faris\u00e9erna s\u00e5 r\u00f6r det sig oftast (alltid?) om inl\u00e4gg i den inomjudiska debatten (och d\u00e4r gick s\u00e4kert debattv\u00e5gorna\u00a0betydligt h\u00f6gre \u00e4n i v\u00e5rt mystrevliga land). Det mesta hade de nog gemensamt men d\u00e4r de skilde sig \u00e5t uppstod dusterna.<\/p>\n<p>Biskop \u00c5ke Bonnier kommenterade det h\u00e4r med att det ju oftast \u00e4r de man st\u00e5r n\u00e4ra man v\u00e5gar ta ut sv\u00e4ngarna med i diskussioner. Man \u00e4r p\u00e5 n\u00e5got s\u00e4tt ofta h\u00e5rdast i kritiken mot de man st\u00e5r n\u00e4ra. V\u00e4rsta gr\u00e4len \u00e4r de i den egna familjen. Jesus kanske i sj\u00e4lva verket stod faris\u00e9erna v\u00e4ldigt n\u00e4ra? Det var heller inte faris\u00e9erna som var Jesu fiender p\u00e5 s\u00e5 s\u00e4tt att det var de som fick Jesus d\u00f6dad. Den politiska makten fanns snarare i kretsen som sk\u00f6tte templet.<\/p>\n<p>Morton Narrowe bidrog med ett scoop till n\u00e4r han h\u00e4nvisade till ett st\u00e4lle i andra judiska skrifter (jag hoppas att jag f\u00f6rstod det h\u00e4r r\u00e4tt) d\u00e4r faris\u00e9er kallar andra faris\u00e9er fula saker p\u00e5 tema &#8221;ve er faris\u00e9er&#8221;. De g\u00f6r d\u00e4r precis likadant mot varandra som Jesus g\u00f6r mot dem.<\/p>\n<p>Kanske kommer vi ganska n\u00e4ra Jesu mening med\u00a0citatet ovan om vi byter ut &#8221;faris\u00e9er&#8221; mot &#8221;kristna&#8221; och ser hur det blir. Det kan nog vara ganska tankev\u00e4ckande:<\/p>\n<blockquote>\n<p>&#8221;Ve er, ni <strong>kristna<\/strong>, ni hycklare som far \u00f6ver land och hav f\u00f6r att vinna en enda proselyt, och n\u00e4r n\u00e5gon har blivit det g\u00f6r ni honom till ett helvetets barn, dubbelt v\u00e4rre \u00e4n ni sj\u00e4lva.&#8221;<\/p>\n<div><\/div>\n<\/blockquote>\n<div>\n<p>Enligt Narrowe \u00e4r det alltid s\u00e5 att judar br\u00e5kar med judar om texttolkning men det \u00e4r \u00e5 andra sidan ok, f\u00f6r man bed\u00f6mer inte vem som f\u00e5r och inte f\u00e5r vara en del av folket efter vilka teologiska st\u00e4llningstaganden man g\u00f6r. Det h\u00e4nger p\u00e5 f\u00f6rbundet med Gud. D\u00e4r har vi kristna ocks\u00e5 n\u00e5got att l\u00e4ra av.<\/p>\n<p>&nbsp;<\/p>\n<\/div>\n","protected":false},"excerpt":{"rendered":"<p>&nbsp; Det \u00e4r dags att forts\u00e4tta skriva om Jesus i sin judiska milj\u00f6. Den minnesgoda l\u00e4saren vet att jag var p\u00e5 pr\u00e4stkurs nyligen med det som tema. Biskop \u00c5ke Bonnier och \u00f6verrabbin emeritus Morton Narrowe talade en del om Jesus konfrontationer med faris\u00e9erna. Det g\u00e5r emellan\u00e5t mycket hett till. Som h\u00e4r: &#8221;Ve er, skriftl\u00e4rda och [&hellip;]<\/p>\n","protected":false},"author":392,"featured_media":0,"comment_status":"open","ping_status":"open","sticky":false,"template":"","format":"standard","meta":{"_acf_changed":false,"footnotes":""},"categories":[8298,76189],"tags":[],"class_list":["post-3295","post","type-post","status-publish","format-standard","hentry","category-bibeln","category-dagens-kyrka"],"acf":[],"yoast_head":"<!-- This site is optimized with the Yoast SEO plugin v27.1.1 - https:\/\/yoast.com\/product\/yoast-seo-wordpress\/ -->\n<title>&quot;Ve er ni kristna&quot; -om Jesus och faris\u00e9erna - Vandra V\u00e4gen<\/title>\n<meta name=\"robots\" content=\"index, follow, max-snippet:-1, max-image-preview:large, max-video-preview:-1\" \/>\n<link rel=\"canonical\" href=\"https:\/\/blogg.svenskakyrkan.se\/vandravagen\/2015\/06\/24\/ve-er-ni-kristna-om-jesus-och-fariseerna\/\" \/>\n<meta property=\"og:locale\" content=\"sv_SE\" \/>\n<meta property=\"og:type\" content=\"article\" \/>\n<meta property=\"og:title\" content=\"&quot;Ve er ni kristna&quot; -om Jesus och faris\u00e9erna - Vandra V\u00e4gen\" \/>\n<meta property=\"og:description\" content=\"&nbsp; Det \u00e4r dags att forts\u00e4tta skriva om Jesus i sin judiska milj\u00f6. Den minnesgoda l\u00e4saren vet att jag var p\u00e5 pr\u00e4stkurs nyligen med det som tema. Biskop \u00c5ke Bonnier och \u00f6verrabbin emeritus Morton Narrowe talade en del om Jesus konfrontationer med faris\u00e9erna. Det g\u00e5r emellan\u00e5t mycket hett till. Som h\u00e4r: &#8221;Ve er, skriftl\u00e4rda och [&hellip;]\" \/>\n<meta property=\"og:url\" content=\"https:\/\/blogg.svenskakyrkan.se\/vandravagen\/2015\/06\/24\/ve-er-ni-kristna-om-jesus-och-fariseerna\/\" \/>\n<meta property=\"og:site_name\" content=\"Vandra V\u00e4gen\" \/>\n<meta property=\"article:publisher\" content=\"http:\/\/facebook.com\/vandravagen\" \/>\n<meta property=\"article:published_time\" content=\"2015-06-24T05:00:35+00:00\" \/>\n<meta property=\"og:image\" content=\"http:\/\/blogg.svenskakyrkan.se\/vandravagen\/files\/2015\/06\/bild-9.jpg\" \/>\n<meta name=\"author\" content=\"Tomas Jarvid\" \/>\n<meta name=\"twitter:card\" content=\"summary_large_image\" \/>\n<meta name=\"twitter:creator\" content=\"@fadertomas\" \/>\n<meta name=\"twitter:site\" content=\"@fadertomas\" \/>\n<meta name=\"twitter:label1\" content=\"Skriven av\" \/>\n\t<meta name=\"twitter:data1\" content=\"Tomas Jarvid\" \/>\n\t<meta name=\"twitter:label2\" content=\"Ber\u00e4knad l\u00e4stid\" \/>\n\t<meta name=\"twitter:data2\" content=\"3 minuter\" \/>\n<script type=\"application\/ld+json\" class=\"yoast-schema-graph\">{\"@context\":\"https:\/\/schema.org\",\"@graph\":[{\"@type\":\"Article\",\"@id\":\"https:\/\/blogg.svenskakyrkan.se\/vandravagen\/2015\/06\/24\/ve-er-ni-kristna-om-jesus-och-fariseerna\/#article\",\"isPartOf\":{\"@id\":\"https:\/\/blogg.svenskakyrkan.se\/vandravagen\/2015\/06\/24\/ve-er-ni-kristna-om-jesus-och-fariseerna\/\"},\"author\":{\"name\":\"Tomas Jarvid\",\"@id\":\"https:\/\/blogg.svenskakyrkan.se\/vandravagen\/#\/schema\/person\/25da02d4f76b137d04291711e2c9fc16\"},\"headline\":\"&#8221;Ve er ni kristna&#8221; -om Jesus och faris\u00e9erna\",\"datePublished\":\"2015-06-24T05:00:35+00:00\",\"mainEntityOfPage\":{\"@id\":\"https:\/\/blogg.svenskakyrkan.se\/vandravagen\/2015\/06\/24\/ve-er-ni-kristna-om-jesus-och-fariseerna\/\"},\"wordCount\":564,\"commentCount\":4,\"publisher\":{\"@id\":\"https:\/\/blogg.svenskakyrkan.se\/vandravagen\/#organization\"},\"image\":{\"@id\":\"https:\/\/blogg.svenskakyrkan.se\/vandravagen\/2015\/06\/24\/ve-er-ni-kristna-om-jesus-och-fariseerna\/#primaryimage\"},\"thumbnailUrl\":\"http:\/\/blogg.svenskakyrkan.se\/vandravagen\/files\/2015\/06\/bild-9.jpg\",\"articleSection\":[\"Bibeln\",\"Dagens Kyrka\"],\"inLanguage\":\"sv-SE\",\"potentialAction\":[{\"@type\":\"CommentAction\",\"name\":\"Comment\",\"target\":[\"https:\/\/blogg.svenskakyrkan.se\/vandravagen\/2015\/06\/24\/ve-er-ni-kristna-om-jesus-och-fariseerna\/#respond\"]}]},{\"@type\":\"WebPage\",\"@id\":\"https:\/\/blogg.svenskakyrkan.se\/vandravagen\/2015\/06\/24\/ve-er-ni-kristna-om-jesus-och-fariseerna\/\",\"url\":\"https:\/\/blogg.svenskakyrkan.se\/vandravagen\/2015\/06\/24\/ve-er-ni-kristna-om-jesus-och-fariseerna\/\",\"name\":\"\\\"Ve er ni kristna\\\" -om Jesus och faris\u00e9erna - Vandra V\u00e4gen\",\"isPartOf\":{\"@id\":\"https:\/\/blogg.svenskakyrkan.se\/vandravagen\/#website\"},\"primaryImageOfPage\":{\"@id\":\"https:\/\/blogg.svenskakyrkan.se\/vandravagen\/2015\/06\/24\/ve-er-ni-kristna-om-jesus-och-fariseerna\/#primaryimage\"},\"image\":{\"@id\":\"https:\/\/blogg.svenskakyrkan.se\/vandravagen\/2015\/06\/24\/ve-er-ni-kristna-om-jesus-och-fariseerna\/#primaryimage\"},\"thumbnailUrl\":\"http:\/\/blogg.svenskakyrkan.se\/vandravagen\/files\/2015\/06\/bild-9.jpg\",\"datePublished\":\"2015-06-24T05:00:35+00:00\",\"breadcrumb\":{\"@id\":\"https:\/\/blogg.svenskakyrkan.se\/vandravagen\/2015\/06\/24\/ve-er-ni-kristna-om-jesus-och-fariseerna\/#breadcrumb\"},\"inLanguage\":\"sv-SE\",\"potentialAction\":[{\"@type\":\"ReadAction\",\"target\":[\"https:\/\/blogg.svenskakyrkan.se\/vandravagen\/2015\/06\/24\/ve-er-ni-kristna-om-jesus-och-fariseerna\/\"]}]},{\"@type\":\"ImageObject\",\"inLanguage\":\"sv-SE\",\"@id\":\"https:\/\/blogg.svenskakyrkan.se\/vandravagen\/2015\/06\/24\/ve-er-ni-kristna-om-jesus-och-fariseerna\/#primaryimage\",\"url\":\"http:\/\/blogg.svenskakyrkan.se\/vandravagen\/files\/2015\/06\/bild-9.jpg\",\"contentUrl\":\"http:\/\/blogg.svenskakyrkan.se\/vandravagen\/files\/2015\/06\/bild-9.jpg\"},{\"@type\":\"BreadcrumbList\",\"@id\":\"https:\/\/blogg.svenskakyrkan.se\/vandravagen\/2015\/06\/24\/ve-er-ni-kristna-om-jesus-och-fariseerna\/#breadcrumb\",\"itemListElement\":[{\"@type\":\"ListItem\",\"position\":1,\"name\":\"Hem\",\"item\":\"https:\/\/blogg.svenskakyrkan.se\/vandravagen\/\"},{\"@type\":\"ListItem\",\"position\":2,\"name\":\"&#8221;Ve er ni kristna&#8221; -om Jesus och faris\u00e9erna\"}]},{\"@type\":\"WebSite\",\"@id\":\"https:\/\/blogg.svenskakyrkan.se\/vandravagen\/#website\",\"url\":\"https:\/\/blogg.svenskakyrkan.se\/vandravagen\/\",\"name\":\"Vandra V\u00e4gen\",\"description\":\"-Mot en tro f\u00f6r hela livet\",\"publisher\":{\"@id\":\"https:\/\/blogg.svenskakyrkan.se\/vandravagen\/#organization\"},\"potentialAction\":[{\"@type\":\"SearchAction\",\"target\":{\"@type\":\"EntryPoint\",\"urlTemplate\":\"https:\/\/blogg.svenskakyrkan.se\/vandravagen\/?s={search_term_string}\"},\"query-input\":{\"@type\":\"PropertyValueSpecification\",\"valueRequired\":true,\"valueName\":\"search_term_string\"}}],\"inLanguage\":\"sv-SE\"},{\"@type\":\"Organization\",\"@id\":\"https:\/\/blogg.svenskakyrkan.se\/vandravagen\/#organization\",\"name\":\"ulricehamns pastorat\",\"alternateName\":\"ulricehamns pastorat\",\"url\":\"https:\/\/blogg.svenskakyrkan.se\/vandravagen\/\",\"logo\":{\"@type\":\"ImageObject\",\"inLanguage\":\"sv-SE\",\"@id\":\"https:\/\/blogg.svenskakyrkan.se\/vandravagen\/#\/schema\/logo\/image\/\",\"url\":\"https:\/\/blogg.svenskakyrkan.se\/vandravagen\/files\/2023\/05\/Ulr_logo_RGB.png\",\"contentUrl\":\"https:\/\/blogg.svenskakyrkan.se\/vandravagen\/files\/2023\/05\/Ulr_logo_RGB.png\",\"width\":205,\"height\":77,\"caption\":\"ulricehamns pastorat\"},\"image\":{\"@id\":\"https:\/\/blogg.svenskakyrkan.se\/vandravagen\/#\/schema\/logo\/image\/\"},\"sameAs\":[\"http:\/\/facebook.com\/vandravagen\",\"https:\/\/x.com\/fadertomas\",\"http:\/\/www.facebook.com\/svenskakyrkaniulricehamn\"]},{\"@type\":\"Person\",\"@id\":\"https:\/\/blogg.svenskakyrkan.se\/vandravagen\/#\/schema\/person\/25da02d4f76b137d04291711e2c9fc16\",\"name\":\"Tomas Jarvid\",\"image\":{\"@type\":\"ImageObject\",\"inLanguage\":\"sv-SE\",\"@id\":\"https:\/\/blogg.svenskakyrkan.se\/vandravagen\/#\/schema\/person\/image\/\",\"url\":\"https:\/\/secure.gravatar.com\/avatar\/7fa71899795e8f540f615a1f5ab25255dc27aa40f05ee7ddd21aac521e01bf50?s=96&d=identicon&r=g\",\"contentUrl\":\"https:\/\/secure.gravatar.com\/avatar\/7fa71899795e8f540f615a1f5ab25255dc27aa40f05ee7ddd21aac521e01bf50?s=96&d=identicon&r=g\",\"caption\":\"Tomas Jarvid\"},\"description\":\"Jag bor i Ulricehamn i V\u00e4sterg\u00f6tland och \u00e4r f\u00f6rsamlingspr\u00e4st i Svenska Kyrkan f\u00f6r Dalstorps f\u00f6rsamling i Kinds pastorat. P\u00e5 den h\u00e4r bloggen skriver jag ner tankar om vandringen som kristen.\",\"sameAs\":[\"http:\/\/www.vandravagen.se\"],\"url\":\"https:\/\/blogg.svenskakyrkan.se\/vandravagen\/author\/vandravagen\/\"}]}<\/script>\n<!-- \/ Yoast SEO plugin. -->","yoast_head_json":{"title":"\"Ve er ni kristna\" -om Jesus och faris\u00e9erna - Vandra V\u00e4gen","robots":{"index":"index","follow":"follow","max-snippet":"max-snippet:-1","max-image-preview":"max-image-preview:large","max-video-preview":"max-video-preview:-1"},"canonical":"https:\/\/blogg.svenskakyrkan.se\/vandravagen\/2015\/06\/24\/ve-er-ni-kristna-om-jesus-och-fariseerna\/","og_locale":"sv_SE","og_type":"article","og_title":"\"Ve er ni kristna\" -om Jesus och faris\u00e9erna - Vandra V\u00e4gen","og_description":"&nbsp; Det \u00e4r dags att forts\u00e4tta skriva om Jesus i sin judiska milj\u00f6. Den minnesgoda l\u00e4saren vet att jag var p\u00e5 pr\u00e4stkurs nyligen med det som tema. Biskop \u00c5ke Bonnier och \u00f6verrabbin emeritus Morton Narrowe talade en del om Jesus konfrontationer med faris\u00e9erna. Det g\u00e5r emellan\u00e5t mycket hett till. Som h\u00e4r: &#8221;Ve er, skriftl\u00e4rda och [&hellip;]","og_url":"https:\/\/blogg.svenskakyrkan.se\/vandravagen\/2015\/06\/24\/ve-er-ni-kristna-om-jesus-och-fariseerna\/","og_site_name":"Vandra V\u00e4gen","article_publisher":"http:\/\/facebook.com\/vandravagen","article_published_time":"2015-06-24T05:00:35+00:00","og_image":[{"url":"http:\/\/blogg.svenskakyrkan.se\/vandravagen\/files\/2015\/06\/bild-9.jpg","type":"","width":"","height":""}],"author":"Tomas Jarvid","twitter_card":"summary_large_image","twitter_creator":"@fadertomas","twitter_site":"@fadertomas","twitter_misc":{"Skriven av":"Tomas Jarvid","Ber\u00e4knad l\u00e4stid":"3 minuter"},"schema":{"@context":"https:\/\/schema.org","@graph":[{"@type":"Article","@id":"https:\/\/blogg.svenskakyrkan.se\/vandravagen\/2015\/06\/24\/ve-er-ni-kristna-om-jesus-och-fariseerna\/#article","isPartOf":{"@id":"https:\/\/blogg.svenskakyrkan.se\/vandravagen\/2015\/06\/24\/ve-er-ni-kristna-om-jesus-och-fariseerna\/"},"author":{"name":"Tomas Jarvid","@id":"https:\/\/blogg.svenskakyrkan.se\/vandravagen\/#\/schema\/person\/25da02d4f76b137d04291711e2c9fc16"},"headline":"&#8221;Ve er ni kristna&#8221; -om Jesus och faris\u00e9erna","datePublished":"2015-06-24T05:00:35+00:00","mainEntityOfPage":{"@id":"https:\/\/blogg.svenskakyrkan.se\/vandravagen\/2015\/06\/24\/ve-er-ni-kristna-om-jesus-och-fariseerna\/"},"wordCount":564,"commentCount":4,"publisher":{"@id":"https:\/\/blogg.svenskakyrkan.se\/vandravagen\/#organization"},"image":{"@id":"https:\/\/blogg.svenskakyrkan.se\/vandravagen\/2015\/06\/24\/ve-er-ni-kristna-om-jesus-och-fariseerna\/#primaryimage"},"thumbnailUrl":"http:\/\/blogg.svenskakyrkan.se\/vandravagen\/files\/2015\/06\/bild-9.jpg","articleSection":["Bibeln","Dagens Kyrka"],"inLanguage":"sv-SE","potentialAction":[{"@type":"CommentAction","name":"Comment","target":["https:\/\/blogg.svenskakyrkan.se\/vandravagen\/2015\/06\/24\/ve-er-ni-kristna-om-jesus-och-fariseerna\/#respond"]}]},{"@type":"WebPage","@id":"https:\/\/blogg.svenskakyrkan.se\/vandravagen\/2015\/06\/24\/ve-er-ni-kristna-om-jesus-och-fariseerna\/","url":"https:\/\/blogg.svenskakyrkan.se\/vandravagen\/2015\/06\/24\/ve-er-ni-kristna-om-jesus-och-fariseerna\/","name":"\"Ve er ni kristna\" -om Jesus och faris\u00e9erna - Vandra V\u00e4gen","isPartOf":{"@id":"https:\/\/blogg.svenskakyrkan.se\/vandravagen\/#website"},"primaryImageOfPage":{"@id":"https:\/\/blogg.svenskakyrkan.se\/vandravagen\/2015\/06\/24\/ve-er-ni-kristna-om-jesus-och-fariseerna\/#primaryimage"},"image":{"@id":"https:\/\/blogg.svenskakyrkan.se\/vandravagen\/2015\/06\/24\/ve-er-ni-kristna-om-jesus-och-fariseerna\/#primaryimage"},"thumbnailUrl":"http:\/\/blogg.svenskakyrkan.se\/vandravagen\/files\/2015\/06\/bild-9.jpg","datePublished":"2015-06-24T05:00:35+00:00","breadcrumb":{"@id":"https:\/\/blogg.svenskakyrkan.se\/vandravagen\/2015\/06\/24\/ve-er-ni-kristna-om-jesus-och-fariseerna\/#breadcrumb"},"inLanguage":"sv-SE","potentialAction":[{"@type":"ReadAction","target":["https:\/\/blogg.svenskakyrkan.se\/vandravagen\/2015\/06\/24\/ve-er-ni-kristna-om-jesus-och-fariseerna\/"]}]},{"@type":"ImageObject","inLanguage":"sv-SE","@id":"https:\/\/blogg.svenskakyrkan.se\/vandravagen\/2015\/06\/24\/ve-er-ni-kristna-om-jesus-och-fariseerna\/#primaryimage","url":"http:\/\/blogg.svenskakyrkan.se\/vandravagen\/files\/2015\/06\/bild-9.jpg","contentUrl":"http:\/\/blogg.svenskakyrkan.se\/vandravagen\/files\/2015\/06\/bild-9.jpg"},{"@type":"BreadcrumbList","@id":"https:\/\/blogg.svenskakyrkan.se\/vandravagen\/2015\/06\/24\/ve-er-ni-kristna-om-jesus-och-fariseerna\/#breadcrumb","itemListElement":[{"@type":"ListItem","position":1,"name":"Hem","item":"https:\/\/blogg.svenskakyrkan.se\/vandravagen\/"},{"@type":"ListItem","position":2,"name":"&#8221;Ve er ni kristna&#8221; -om Jesus och faris\u00e9erna"}]},{"@type":"WebSite","@id":"https:\/\/blogg.svenskakyrkan.se\/vandravagen\/#website","url":"https:\/\/blogg.svenskakyrkan.se\/vandravagen\/","name":"Vandra V\u00e4gen","description":"-Mot en tro f\u00f6r hela livet","publisher":{"@id":"https:\/\/blogg.svenskakyrkan.se\/vandravagen\/#organization"},"potentialAction":[{"@type":"SearchAction","target":{"@type":"EntryPoint","urlTemplate":"https:\/\/blogg.svenskakyrkan.se\/vandravagen\/?s={search_term_string}"},"query-input":{"@type":"PropertyValueSpecification","valueRequired":true,"valueName":"search_term_string"}}],"inLanguage":"sv-SE"},{"@type":"Organization","@id":"https:\/\/blogg.svenskakyrkan.se\/vandravagen\/#organization","name":"ulricehamns pastorat","alternateName":"ulricehamns pastorat","url":"https:\/\/blogg.svenskakyrkan.se\/vandravagen\/","logo":{"@type":"ImageObject","inLanguage":"sv-SE","@id":"https:\/\/blogg.svenskakyrkan.se\/vandravagen\/#\/schema\/logo\/image\/","url":"https:\/\/blogg.svenskakyrkan.se\/vandravagen\/files\/2023\/05\/Ulr_logo_RGB.png","contentUrl":"https:\/\/blogg.svenskakyrkan.se\/vandravagen\/files\/2023\/05\/Ulr_logo_RGB.png","width":205,"height":77,"caption":"ulricehamns pastorat"},"image":{"@id":"https:\/\/blogg.svenskakyrkan.se\/vandravagen\/#\/schema\/logo\/image\/"},"sameAs":["http:\/\/facebook.com\/vandravagen","https:\/\/x.com\/fadertomas","http:\/\/www.facebook.com\/svenskakyrkaniulricehamn"]},{"@type":"Person","@id":"https:\/\/blogg.svenskakyrkan.se\/vandravagen\/#\/schema\/person\/25da02d4f76b137d04291711e2c9fc16","name":"Tomas Jarvid","image":{"@type":"ImageObject","inLanguage":"sv-SE","@id":"https:\/\/blogg.svenskakyrkan.se\/vandravagen\/#\/schema\/person\/image\/","url":"https:\/\/secure.gravatar.com\/avatar\/7fa71899795e8f540f615a1f5ab25255dc27aa40f05ee7ddd21aac521e01bf50?s=96&d=identicon&r=g","contentUrl":"https:\/\/secure.gravatar.com\/avatar\/7fa71899795e8f540f615a1f5ab25255dc27aa40f05ee7ddd21aac521e01bf50?s=96&d=identicon&r=g","caption":"Tomas Jarvid"},"description":"Jag bor i Ulricehamn i V\u00e4sterg\u00f6tland och \u00e4r f\u00f6rsamlingspr\u00e4st i Svenska Kyrkan f\u00f6r Dalstorps f\u00f6rsamling i Kinds pastorat. P\u00e5 den h\u00e4r bloggen skriver jag ner tankar om vandringen som kristen.","sameAs":["http:\/\/www.vandravagen.se"],"url":"https:\/\/blogg.svenskakyrkan.se\/vandravagen\/author\/vandravagen\/"}]}},"author_meta":{"ID":"392","user_nicename":"vandravagen","user_url":"http:\/\/www.vandravagen.se","user_registered":"2014-05-19 05:44:52","display_name":"Tomas Jarvid","first_name":"Tomas","last_name":"Jarvid","avatar":"https:\/\/secure.gravatar.com\/avatar\/7fa71899795e8f540f615a1f5ab25255dc27aa40f05ee7ddd21aac521e01bf50?s=96&d=identicon&r=g"},"featured_image":false,"bloginfo":{"name":"Vandra V\u00e4gen","url":"https:\/\/blogg.svenskakyrkan.se\/vandravagen"},"_links":{"self":[{"href":"https:\/\/blogg.svenskakyrkan.se\/vandravagen\/wp-json\/wp\/v2\/posts\/3295","targetHints":{"allow":["GET"]}}],"collection":[{"href":"https:\/\/blogg.svenskakyrkan.se\/vandravagen\/wp-json\/wp\/v2\/posts"}],"about":[{"href":"https:\/\/blogg.svenskakyrkan.se\/vandravagen\/wp-json\/wp\/v2\/types\/post"}],"author":[{"embeddable":true,"href":"https:\/\/blogg.svenskakyrkan.se\/vandravagen\/wp-json\/wp\/v2\/users\/392"}],"replies":[{"embeddable":true,"href":"https:\/\/blogg.svenskakyrkan.se\/vandravagen\/wp-json\/wp\/v2\/comments?post=3295"}],"version-history":[{"count":3,"href":"https:\/\/blogg.svenskakyrkan.se\/vandravagen\/wp-json\/wp\/v2\/posts\/3295\/revisions"}],"predecessor-version":[{"id":3299,"href":"https:\/\/blogg.svenskakyrkan.se\/vandravagen\/wp-json\/wp\/v2\/posts\/3295\/revisions\/3299"}],"wp:attachment":[{"href":"https:\/\/blogg.svenskakyrkan.se\/vandravagen\/wp-json\/wp\/v2\/media?parent=3295"}],"wp:term":[{"taxonomy":"category","embeddable":true,"href":"https:\/\/blogg.svenskakyrkan.se\/vandravagen\/wp-json\/wp\/v2\/categories?post=3295"},{"taxonomy":"post_tag","embeddable":true,"href":"https:\/\/blogg.svenskakyrkan.se\/vandravagen\/wp-json\/wp\/v2\/tags?post=3295"}],"curies":[{"name":"wp","href":"https:\/\/api.w.org\/{rel}","templated":true}]}}