{"id":3311,"date":"2015-06-30T07:00:42","date_gmt":"2015-06-30T05:00:42","guid":{"rendered":"http:\/\/blogg.svenskakyrkan.se\/vandravagen\/?p=3311"},"modified":"2015-06-29T22:19:10","modified_gmt":"2015-06-29T20:19:10","slug":"varldens-ande-ligger-i-andra-anden","status":"publish","type":"post","link":"https:\/\/blogg.svenskakyrkan.se\/vandravagen\/2015\/06\/30\/varldens-ande-ligger-i-andra-anden\/","title":{"rendered":"V\u00e4rldens \u00e4nde ligger i andra \u00e4nden"},"content":{"rendered":"<p>&nbsp;<\/p>\n<div id=\"attachment_3321\" style=\"width: 650px\" class=\"wp-caption aligncenter\"><a href=\"http:\/\/blogg.svenskakyrkan.se\/vandravagen\/files\/2015\/06\/bild-14.jpg\"><img loading=\"lazy\" decoding=\"async\" aria-describedby=\"caption-attachment-3321\" class=\"size-full wp-image-3321\" src=\"http:\/\/blogg.svenskakyrkan.se\/vandravagen\/files\/2015\/06\/bild-14.jpg\" alt=\"Spelar med andra \u00e4nden. \u00c4ndan. \u00c4h, ni fattar.\" width=\"640\" height=\"373\" srcset=\"https:\/\/blogg.svenskakyrkan.se\/vandravagen\/files\/2015\/06\/bild-14.jpg 640w, https:\/\/blogg.svenskakyrkan.se\/vandravagen\/files\/2015\/06\/bild-14-300x175.jpg 300w, https:\/\/blogg.svenskakyrkan.se\/vandravagen\/files\/2015\/06\/bild-14-500x291.jpg 500w\" sizes=\"auto, (max-width: 640px) 100vw, 640px\" \/><\/a><p id=\"caption-attachment-3321\" class=\"wp-caption-text\">Spelar med andra \u00e4nden. \u00c4ndan. \u00c4h, ni fattar.<\/p><\/div>\n<p>P\u00e5 kursen jag var p\u00e5 nyligen s\u00e5 fick jag \u00e4ven lyssna p\u00e5 Mikael Winninge fr\u00e5n svenska bibels\u00e4llskapet. Han ber\u00e4ttade bland annat att nya testamentets f\u00f6rfattare anv\u00e4nder ironi n\u00e4r de skriver om &#8221;v\u00e4rldens \u00e4nde&#8221; eller &#8221;v\u00e4rldens yttersta gr\u00e4ns&#8221; eller s\u00e5. Ofta menar de n\u00e4mligen Rom.<\/p>\n<p>Rom var ju i de flesta m\u00e4nniskors perspektiv snarare v\u00e4rldens centrum. Det var dessutom helt garanterat s\u00e5 m\u00e4nniskorna i sj\u00e4lva Rom s\u00e5g p\u00e5 saken. Fr\u00e5gan \u00e4r om de ens h\u00f6r Men f\u00f6r de f\u00f6rsta kristna blev perspektivet att det var i Jerusalem som v\u00e4rldshistoriens st\u00f6rsta h\u00e4ndelse skett och d\u00e4rifr\u00e5n m\u00e5ste nyheten spridas ut till stackarna l\u00e5ngt bort som inget h\u00f6rt.<\/p>\n<div>Jag har flera g\u00e5nger talat i liknande termer och sagt att &#8221;till slut s\u00e5 n\u00e5dde budskapet \u00e4nda upp hit till oss uppe i v\u00e4rldens \u00e4nde&#8221;. Jag tycker att det \u00e4r ett roligt och kanske nyttigt s\u00e4tt att v\u00e4nda p\u00e5 perspektiven. Vi \u00e4r nog r\u00e4tt lika de d\u00e4r romarna i att \u00f6verv\u00e4rdera det som h\u00e4nder h\u00e4r hos oss (man skulle lika g\u00e4rna kunna h\u00e4vda motsatsen, att vi \u00e4r v\u00e4ldigt upptagna av det som h\u00e4nder i k\u00e4ndisars liv och s\u00e5, men det f\u00e5r vi ta en annan g\u00e5ng). Jag har en \u00e4ldre sl\u00e4kting som nog tycker det mesta som h\u00e4nder utanf\u00f6r hennes by \u00e4r r\u00e4tt ointressant. Och ser man till sig sj\u00e4lv s\u00e5 \u00e4r det l\u00e4tt att \u00f6verv\u00e4rdera sin betydelse.<\/div>\n<div><\/div>\n<div>Men v\u00e4rlden snurrar inte kring mig, eller dig, eller ens n\u00e5gon av oss. Bara Gud \u00e4r i centrum. En dag kommer allt snurra p\u00e5 utan mig.<\/div>\n<div><\/div>\n<div>Det vore sp\u00e4nnande om du vill skriva en rad med vad du t\u00e4nker om det h\u00e4r. Sj\u00e4lv t\u00e4nker jag att det kan finnas en del tr\u00f6st att h\u00e4mta i det. I alla fall f\u00f6r oss som \u00e4r alldeles f\u00f6r oroliga \u00f6ver hur vi framst\u00e5r i andras \u00f6gon.<\/div>\n<div><\/div>\n<blockquote>\n<div>&#8221;Nej, de t\u00e4nker nog inte s\u00e5 eller s\u00e5. De t\u00e4nker nog inte alls p\u00e5 vad jag gjorde. De har mycket annat att t\u00e4nka p\u00e5 s\u00e5 de g\u00f6r nog det ist\u00e4llet&#8221;.<\/div>\n<\/blockquote>\n<div>\n<p>Vad t\u00e4nker du?<\/p>\n<\/div>\n","protected":false},"excerpt":{"rendered":"<p>&nbsp; P\u00e5 kursen jag var p\u00e5 nyligen s\u00e5 fick jag \u00e4ven lyssna p\u00e5 Mikael Winninge fr\u00e5n svenska bibels\u00e4llskapet. Han ber\u00e4ttade bland annat att nya testamentets f\u00f6rfattare anv\u00e4nder ironi n\u00e4r de skriver om &#8221;v\u00e4rldens \u00e4nde&#8221; eller &#8221;v\u00e4rldens yttersta gr\u00e4ns&#8221; eller s\u00e5. Ofta menar de n\u00e4mligen Rom. Rom var ju i de flesta m\u00e4nniskors perspektiv snarare v\u00e4rldens [&hellip;]<\/p>\n","protected":false},"author":392,"featured_media":0,"comment_status":"open","ping_status":"open","sticky":false,"template":"","format":"standard","meta":{"_acf_changed":false,"footnotes":""},"categories":[76189,77554],"tags":[],"class_list":["post-3311","post","type-post","status-publish","format-standard","hentry","category-dagens-kyrka","category-vara-manniska"],"acf":[],"yoast_head":"<!-- This site is optimized with the Yoast SEO plugin v27.1.1 - https:\/\/yoast.com\/product\/yoast-seo-wordpress\/ -->\n<title>V\u00e4rldens \u00e4nde ligger i andra \u00e4nden - Vandra V\u00e4gen<\/title>\n<meta name=\"robots\" content=\"index, follow, max-snippet:-1, max-image-preview:large, max-video-preview:-1\" \/>\n<link rel=\"canonical\" href=\"https:\/\/blogg.svenskakyrkan.se\/vandravagen\/2015\/06\/30\/varldens-ande-ligger-i-andra-anden\/\" \/>\n<meta property=\"og:locale\" content=\"sv_SE\" \/>\n<meta property=\"og:type\" content=\"article\" \/>\n<meta property=\"og:title\" content=\"V\u00e4rldens \u00e4nde ligger i andra \u00e4nden - Vandra V\u00e4gen\" \/>\n<meta property=\"og:description\" content=\"&nbsp; P\u00e5 kursen jag var p\u00e5 nyligen s\u00e5 fick jag \u00e4ven lyssna p\u00e5 Mikael Winninge fr\u00e5n svenska bibels\u00e4llskapet. Han ber\u00e4ttade bland annat att nya testamentets f\u00f6rfattare anv\u00e4nder ironi n\u00e4r de skriver om &#8221;v\u00e4rldens \u00e4nde&#8221; eller &#8221;v\u00e4rldens yttersta gr\u00e4ns&#8221; eller s\u00e5. Ofta menar de n\u00e4mligen Rom. Rom var ju i de flesta m\u00e4nniskors perspektiv snarare v\u00e4rldens [&hellip;]\" \/>\n<meta property=\"og:url\" content=\"https:\/\/blogg.svenskakyrkan.se\/vandravagen\/2015\/06\/30\/varldens-ande-ligger-i-andra-anden\/\" \/>\n<meta property=\"og:site_name\" content=\"Vandra V\u00e4gen\" \/>\n<meta property=\"article:publisher\" content=\"http:\/\/facebook.com\/vandravagen\" \/>\n<meta property=\"article:published_time\" content=\"2015-06-30T05:00:42+00:00\" \/>\n<meta property=\"og:image\" content=\"http:\/\/blogg.svenskakyrkan.se\/vandravagen\/files\/2015\/06\/bild-14.jpg\" \/>\n<meta name=\"author\" content=\"Tomas Jarvid\" \/>\n<meta name=\"twitter:card\" content=\"summary_large_image\" \/>\n<meta name=\"twitter:creator\" content=\"@fadertomas\" \/>\n<meta name=\"twitter:site\" content=\"@fadertomas\" \/>\n<meta name=\"twitter:label1\" content=\"Skriven av\" \/>\n\t<meta name=\"twitter:data1\" content=\"Tomas Jarvid\" \/>\n\t<meta name=\"twitter:label2\" content=\"Ber\u00e4knad l\u00e4stid\" \/>\n\t<meta name=\"twitter:data2\" content=\"2 minuter\" \/>\n<script type=\"application\/ld+json\" class=\"yoast-schema-graph\">{\"@context\":\"https:\/\/schema.org\",\"@graph\":[{\"@type\":\"Article\",\"@id\":\"https:\/\/blogg.svenskakyrkan.se\/vandravagen\/2015\/06\/30\/varldens-ande-ligger-i-andra-anden\/#article\",\"isPartOf\":{\"@id\":\"https:\/\/blogg.svenskakyrkan.se\/vandravagen\/2015\/06\/30\/varldens-ande-ligger-i-andra-anden\/\"},\"author\":{\"name\":\"Tomas Jarvid\",\"@id\":\"https:\/\/blogg.svenskakyrkan.se\/vandravagen\/#\/schema\/person\/25da02d4f76b137d04291711e2c9fc16\"},\"headline\":\"V\u00e4rldens \u00e4nde ligger i andra \u00e4nden\",\"datePublished\":\"2015-06-30T05:00:42+00:00\",\"mainEntityOfPage\":{\"@id\":\"https:\/\/blogg.svenskakyrkan.se\/vandravagen\/2015\/06\/30\/varldens-ande-ligger-i-andra-anden\/\"},\"wordCount\":420,\"commentCount\":7,\"publisher\":{\"@id\":\"https:\/\/blogg.svenskakyrkan.se\/vandravagen\/#organization\"},\"image\":{\"@id\":\"https:\/\/blogg.svenskakyrkan.se\/vandravagen\/2015\/06\/30\/varldens-ande-ligger-i-andra-anden\/#primaryimage\"},\"thumbnailUrl\":\"http:\/\/blogg.svenskakyrkan.se\/vandravagen\/files\/2015\/06\/bild-14.jpg\",\"articleSection\":[\"Dagens Kyrka\",\"vara m\u00e4nniska\"],\"inLanguage\":\"sv-SE\",\"potentialAction\":[{\"@type\":\"CommentAction\",\"name\":\"Comment\",\"target\":[\"https:\/\/blogg.svenskakyrkan.se\/vandravagen\/2015\/06\/30\/varldens-ande-ligger-i-andra-anden\/#respond\"]}]},{\"@type\":\"WebPage\",\"@id\":\"https:\/\/blogg.svenskakyrkan.se\/vandravagen\/2015\/06\/30\/varldens-ande-ligger-i-andra-anden\/\",\"url\":\"https:\/\/blogg.svenskakyrkan.se\/vandravagen\/2015\/06\/30\/varldens-ande-ligger-i-andra-anden\/\",\"name\":\"V\u00e4rldens \u00e4nde ligger i andra \u00e4nden - Vandra V\u00e4gen\",\"isPartOf\":{\"@id\":\"https:\/\/blogg.svenskakyrkan.se\/vandravagen\/#website\"},\"primaryImageOfPage\":{\"@id\":\"https:\/\/blogg.svenskakyrkan.se\/vandravagen\/2015\/06\/30\/varldens-ande-ligger-i-andra-anden\/#primaryimage\"},\"image\":{\"@id\":\"https:\/\/blogg.svenskakyrkan.se\/vandravagen\/2015\/06\/30\/varldens-ande-ligger-i-andra-anden\/#primaryimage\"},\"thumbnailUrl\":\"http:\/\/blogg.svenskakyrkan.se\/vandravagen\/files\/2015\/06\/bild-14.jpg\",\"datePublished\":\"2015-06-30T05:00:42+00:00\",\"breadcrumb\":{\"@id\":\"https:\/\/blogg.svenskakyrkan.se\/vandravagen\/2015\/06\/30\/varldens-ande-ligger-i-andra-anden\/#breadcrumb\"},\"inLanguage\":\"sv-SE\",\"potentialAction\":[{\"@type\":\"ReadAction\",\"target\":[\"https:\/\/blogg.svenskakyrkan.se\/vandravagen\/2015\/06\/30\/varldens-ande-ligger-i-andra-anden\/\"]}]},{\"@type\":\"ImageObject\",\"inLanguage\":\"sv-SE\",\"@id\":\"https:\/\/blogg.svenskakyrkan.se\/vandravagen\/2015\/06\/30\/varldens-ande-ligger-i-andra-anden\/#primaryimage\",\"url\":\"http:\/\/blogg.svenskakyrkan.se\/vandravagen\/files\/2015\/06\/bild-14.jpg\",\"contentUrl\":\"http:\/\/blogg.svenskakyrkan.se\/vandravagen\/files\/2015\/06\/bild-14.jpg\"},{\"@type\":\"BreadcrumbList\",\"@id\":\"https:\/\/blogg.svenskakyrkan.se\/vandravagen\/2015\/06\/30\/varldens-ande-ligger-i-andra-anden\/#breadcrumb\",\"itemListElement\":[{\"@type\":\"ListItem\",\"position\":1,\"name\":\"Hem\",\"item\":\"https:\/\/blogg.svenskakyrkan.se\/vandravagen\/\"},{\"@type\":\"ListItem\",\"position\":2,\"name\":\"V\u00e4rldens \u00e4nde ligger i andra \u00e4nden\"}]},{\"@type\":\"WebSite\",\"@id\":\"https:\/\/blogg.svenskakyrkan.se\/vandravagen\/#website\",\"url\":\"https:\/\/blogg.svenskakyrkan.se\/vandravagen\/\",\"name\":\"Vandra V\u00e4gen\",\"description\":\"-Mot en tro f\u00f6r hela livet\",\"publisher\":{\"@id\":\"https:\/\/blogg.svenskakyrkan.se\/vandravagen\/#organization\"},\"potentialAction\":[{\"@type\":\"SearchAction\",\"target\":{\"@type\":\"EntryPoint\",\"urlTemplate\":\"https:\/\/blogg.svenskakyrkan.se\/vandravagen\/?s={search_term_string}\"},\"query-input\":{\"@type\":\"PropertyValueSpecification\",\"valueRequired\":true,\"valueName\":\"search_term_string\"}}],\"inLanguage\":\"sv-SE\"},{\"@type\":\"Organization\",\"@id\":\"https:\/\/blogg.svenskakyrkan.se\/vandravagen\/#organization\",\"name\":\"ulricehamns pastorat\",\"alternateName\":\"ulricehamns pastorat\",\"url\":\"https:\/\/blogg.svenskakyrkan.se\/vandravagen\/\",\"logo\":{\"@type\":\"ImageObject\",\"inLanguage\":\"sv-SE\",\"@id\":\"https:\/\/blogg.svenskakyrkan.se\/vandravagen\/#\/schema\/logo\/image\/\",\"url\":\"https:\/\/blogg.svenskakyrkan.se\/vandravagen\/files\/2023\/05\/Ulr_logo_RGB.png\",\"contentUrl\":\"https:\/\/blogg.svenskakyrkan.se\/vandravagen\/files\/2023\/05\/Ulr_logo_RGB.png\",\"width\":205,\"height\":77,\"caption\":\"ulricehamns pastorat\"},\"image\":{\"@id\":\"https:\/\/blogg.svenskakyrkan.se\/vandravagen\/#\/schema\/logo\/image\/\"},\"sameAs\":[\"http:\/\/facebook.com\/vandravagen\",\"https:\/\/x.com\/fadertomas\",\"http:\/\/www.facebook.com\/svenskakyrkaniulricehamn\"]},{\"@type\":\"Person\",\"@id\":\"https:\/\/blogg.svenskakyrkan.se\/vandravagen\/#\/schema\/person\/25da02d4f76b137d04291711e2c9fc16\",\"name\":\"Tomas Jarvid\",\"image\":{\"@type\":\"ImageObject\",\"inLanguage\":\"sv-SE\",\"@id\":\"https:\/\/blogg.svenskakyrkan.se\/vandravagen\/#\/schema\/person\/image\/\",\"url\":\"https:\/\/secure.gravatar.com\/avatar\/7fa71899795e8f540f615a1f5ab25255dc27aa40f05ee7ddd21aac521e01bf50?s=96&d=identicon&r=g\",\"contentUrl\":\"https:\/\/secure.gravatar.com\/avatar\/7fa71899795e8f540f615a1f5ab25255dc27aa40f05ee7ddd21aac521e01bf50?s=96&d=identicon&r=g\",\"caption\":\"Tomas Jarvid\"},\"description\":\"Jag bor i Ulricehamn i V\u00e4sterg\u00f6tland och \u00e4r f\u00f6rsamlingspr\u00e4st i Svenska Kyrkan f\u00f6r Dalstorps f\u00f6rsamling i Kinds pastorat. P\u00e5 den h\u00e4r bloggen skriver jag ner tankar om vandringen som kristen.\",\"sameAs\":[\"http:\/\/www.vandravagen.se\"],\"url\":\"https:\/\/blogg.svenskakyrkan.se\/vandravagen\/author\/vandravagen\/\"}]}<\/script>\n<!-- \/ Yoast SEO plugin. -->","yoast_head_json":{"title":"V\u00e4rldens \u00e4nde ligger i andra \u00e4nden - Vandra V\u00e4gen","robots":{"index":"index","follow":"follow","max-snippet":"max-snippet:-1","max-image-preview":"max-image-preview:large","max-video-preview":"max-video-preview:-1"},"canonical":"https:\/\/blogg.svenskakyrkan.se\/vandravagen\/2015\/06\/30\/varldens-ande-ligger-i-andra-anden\/","og_locale":"sv_SE","og_type":"article","og_title":"V\u00e4rldens \u00e4nde ligger i andra \u00e4nden - Vandra V\u00e4gen","og_description":"&nbsp; P\u00e5 kursen jag var p\u00e5 nyligen s\u00e5 fick jag \u00e4ven lyssna p\u00e5 Mikael Winninge fr\u00e5n svenska bibels\u00e4llskapet. Han ber\u00e4ttade bland annat att nya testamentets f\u00f6rfattare anv\u00e4nder ironi n\u00e4r de skriver om &#8221;v\u00e4rldens \u00e4nde&#8221; eller &#8221;v\u00e4rldens yttersta gr\u00e4ns&#8221; eller s\u00e5. Ofta menar de n\u00e4mligen Rom. Rom var ju i de flesta m\u00e4nniskors perspektiv snarare v\u00e4rldens [&hellip;]","og_url":"https:\/\/blogg.svenskakyrkan.se\/vandravagen\/2015\/06\/30\/varldens-ande-ligger-i-andra-anden\/","og_site_name":"Vandra V\u00e4gen","article_publisher":"http:\/\/facebook.com\/vandravagen","article_published_time":"2015-06-30T05:00:42+00:00","og_image":[{"url":"http:\/\/blogg.svenskakyrkan.se\/vandravagen\/files\/2015\/06\/bild-14.jpg","type":"","width":"","height":""}],"author":"Tomas Jarvid","twitter_card":"summary_large_image","twitter_creator":"@fadertomas","twitter_site":"@fadertomas","twitter_misc":{"Skriven av":"Tomas Jarvid","Ber\u00e4knad l\u00e4stid":"2 minuter"},"schema":{"@context":"https:\/\/schema.org","@graph":[{"@type":"Article","@id":"https:\/\/blogg.svenskakyrkan.se\/vandravagen\/2015\/06\/30\/varldens-ande-ligger-i-andra-anden\/#article","isPartOf":{"@id":"https:\/\/blogg.svenskakyrkan.se\/vandravagen\/2015\/06\/30\/varldens-ande-ligger-i-andra-anden\/"},"author":{"name":"Tomas Jarvid","@id":"https:\/\/blogg.svenskakyrkan.se\/vandravagen\/#\/schema\/person\/25da02d4f76b137d04291711e2c9fc16"},"headline":"V\u00e4rldens \u00e4nde ligger i andra \u00e4nden","datePublished":"2015-06-30T05:00:42+00:00","mainEntityOfPage":{"@id":"https:\/\/blogg.svenskakyrkan.se\/vandravagen\/2015\/06\/30\/varldens-ande-ligger-i-andra-anden\/"},"wordCount":420,"commentCount":7,"publisher":{"@id":"https:\/\/blogg.svenskakyrkan.se\/vandravagen\/#organization"},"image":{"@id":"https:\/\/blogg.svenskakyrkan.se\/vandravagen\/2015\/06\/30\/varldens-ande-ligger-i-andra-anden\/#primaryimage"},"thumbnailUrl":"http:\/\/blogg.svenskakyrkan.se\/vandravagen\/files\/2015\/06\/bild-14.jpg","articleSection":["Dagens Kyrka","vara m\u00e4nniska"],"inLanguage":"sv-SE","potentialAction":[{"@type":"CommentAction","name":"Comment","target":["https:\/\/blogg.svenskakyrkan.se\/vandravagen\/2015\/06\/30\/varldens-ande-ligger-i-andra-anden\/#respond"]}]},{"@type":"WebPage","@id":"https:\/\/blogg.svenskakyrkan.se\/vandravagen\/2015\/06\/30\/varldens-ande-ligger-i-andra-anden\/","url":"https:\/\/blogg.svenskakyrkan.se\/vandravagen\/2015\/06\/30\/varldens-ande-ligger-i-andra-anden\/","name":"V\u00e4rldens \u00e4nde ligger i andra \u00e4nden - Vandra V\u00e4gen","isPartOf":{"@id":"https:\/\/blogg.svenskakyrkan.se\/vandravagen\/#website"},"primaryImageOfPage":{"@id":"https:\/\/blogg.svenskakyrkan.se\/vandravagen\/2015\/06\/30\/varldens-ande-ligger-i-andra-anden\/#primaryimage"},"image":{"@id":"https:\/\/blogg.svenskakyrkan.se\/vandravagen\/2015\/06\/30\/varldens-ande-ligger-i-andra-anden\/#primaryimage"},"thumbnailUrl":"http:\/\/blogg.svenskakyrkan.se\/vandravagen\/files\/2015\/06\/bild-14.jpg","datePublished":"2015-06-30T05:00:42+00:00","breadcrumb":{"@id":"https:\/\/blogg.svenskakyrkan.se\/vandravagen\/2015\/06\/30\/varldens-ande-ligger-i-andra-anden\/#breadcrumb"},"inLanguage":"sv-SE","potentialAction":[{"@type":"ReadAction","target":["https:\/\/blogg.svenskakyrkan.se\/vandravagen\/2015\/06\/30\/varldens-ande-ligger-i-andra-anden\/"]}]},{"@type":"ImageObject","inLanguage":"sv-SE","@id":"https:\/\/blogg.svenskakyrkan.se\/vandravagen\/2015\/06\/30\/varldens-ande-ligger-i-andra-anden\/#primaryimage","url":"http:\/\/blogg.svenskakyrkan.se\/vandravagen\/files\/2015\/06\/bild-14.jpg","contentUrl":"http:\/\/blogg.svenskakyrkan.se\/vandravagen\/files\/2015\/06\/bild-14.jpg"},{"@type":"BreadcrumbList","@id":"https:\/\/blogg.svenskakyrkan.se\/vandravagen\/2015\/06\/30\/varldens-ande-ligger-i-andra-anden\/#breadcrumb","itemListElement":[{"@type":"ListItem","position":1,"name":"Hem","item":"https:\/\/blogg.svenskakyrkan.se\/vandravagen\/"},{"@type":"ListItem","position":2,"name":"V\u00e4rldens \u00e4nde ligger i andra \u00e4nden"}]},{"@type":"WebSite","@id":"https:\/\/blogg.svenskakyrkan.se\/vandravagen\/#website","url":"https:\/\/blogg.svenskakyrkan.se\/vandravagen\/","name":"Vandra V\u00e4gen","description":"-Mot en tro f\u00f6r hela livet","publisher":{"@id":"https:\/\/blogg.svenskakyrkan.se\/vandravagen\/#organization"},"potentialAction":[{"@type":"SearchAction","target":{"@type":"EntryPoint","urlTemplate":"https:\/\/blogg.svenskakyrkan.se\/vandravagen\/?s={search_term_string}"},"query-input":{"@type":"PropertyValueSpecification","valueRequired":true,"valueName":"search_term_string"}}],"inLanguage":"sv-SE"},{"@type":"Organization","@id":"https:\/\/blogg.svenskakyrkan.se\/vandravagen\/#organization","name":"ulricehamns pastorat","alternateName":"ulricehamns pastorat","url":"https:\/\/blogg.svenskakyrkan.se\/vandravagen\/","logo":{"@type":"ImageObject","inLanguage":"sv-SE","@id":"https:\/\/blogg.svenskakyrkan.se\/vandravagen\/#\/schema\/logo\/image\/","url":"https:\/\/blogg.svenskakyrkan.se\/vandravagen\/files\/2023\/05\/Ulr_logo_RGB.png","contentUrl":"https:\/\/blogg.svenskakyrkan.se\/vandravagen\/files\/2023\/05\/Ulr_logo_RGB.png","width":205,"height":77,"caption":"ulricehamns pastorat"},"image":{"@id":"https:\/\/blogg.svenskakyrkan.se\/vandravagen\/#\/schema\/logo\/image\/"},"sameAs":["http:\/\/facebook.com\/vandravagen","https:\/\/x.com\/fadertomas","http:\/\/www.facebook.com\/svenskakyrkaniulricehamn"]},{"@type":"Person","@id":"https:\/\/blogg.svenskakyrkan.se\/vandravagen\/#\/schema\/person\/25da02d4f76b137d04291711e2c9fc16","name":"Tomas Jarvid","image":{"@type":"ImageObject","inLanguage":"sv-SE","@id":"https:\/\/blogg.svenskakyrkan.se\/vandravagen\/#\/schema\/person\/image\/","url":"https:\/\/secure.gravatar.com\/avatar\/7fa71899795e8f540f615a1f5ab25255dc27aa40f05ee7ddd21aac521e01bf50?s=96&d=identicon&r=g","contentUrl":"https:\/\/secure.gravatar.com\/avatar\/7fa71899795e8f540f615a1f5ab25255dc27aa40f05ee7ddd21aac521e01bf50?s=96&d=identicon&r=g","caption":"Tomas Jarvid"},"description":"Jag bor i Ulricehamn i V\u00e4sterg\u00f6tland och \u00e4r f\u00f6rsamlingspr\u00e4st i Svenska Kyrkan f\u00f6r Dalstorps f\u00f6rsamling i Kinds pastorat. P\u00e5 den h\u00e4r bloggen skriver jag ner tankar om vandringen som kristen.","sameAs":["http:\/\/www.vandravagen.se"],"url":"https:\/\/blogg.svenskakyrkan.se\/vandravagen\/author\/vandravagen\/"}]}},"author_meta":{"ID":"392","user_nicename":"vandravagen","user_url":"http:\/\/www.vandravagen.se","user_registered":"2014-05-19 05:44:52","display_name":"Tomas Jarvid","first_name":"Tomas","last_name":"Jarvid","avatar":"https:\/\/secure.gravatar.com\/avatar\/7fa71899795e8f540f615a1f5ab25255dc27aa40f05ee7ddd21aac521e01bf50?s=96&d=identicon&r=g"},"featured_image":false,"bloginfo":{"name":"Vandra V\u00e4gen","url":"https:\/\/blogg.svenskakyrkan.se\/vandravagen"},"_links":{"self":[{"href":"https:\/\/blogg.svenskakyrkan.se\/vandravagen\/wp-json\/wp\/v2\/posts\/3311","targetHints":{"allow":["GET"]}}],"collection":[{"href":"https:\/\/blogg.svenskakyrkan.se\/vandravagen\/wp-json\/wp\/v2\/posts"}],"about":[{"href":"https:\/\/blogg.svenskakyrkan.se\/vandravagen\/wp-json\/wp\/v2\/types\/post"}],"author":[{"embeddable":true,"href":"https:\/\/blogg.svenskakyrkan.se\/vandravagen\/wp-json\/wp\/v2\/users\/392"}],"replies":[{"embeddable":true,"href":"https:\/\/blogg.svenskakyrkan.se\/vandravagen\/wp-json\/wp\/v2\/comments?post=3311"}],"version-history":[{"count":3,"href":"https:\/\/blogg.svenskakyrkan.se\/vandravagen\/wp-json\/wp\/v2\/posts\/3311\/revisions"}],"predecessor-version":[{"id":3322,"href":"https:\/\/blogg.svenskakyrkan.se\/vandravagen\/wp-json\/wp\/v2\/posts\/3311\/revisions\/3322"}],"wp:attachment":[{"href":"https:\/\/blogg.svenskakyrkan.se\/vandravagen\/wp-json\/wp\/v2\/media?parent=3311"}],"wp:term":[{"taxonomy":"category","embeddable":true,"href":"https:\/\/blogg.svenskakyrkan.se\/vandravagen\/wp-json\/wp\/v2\/categories?post=3311"},{"taxonomy":"post_tag","embeddable":true,"href":"https:\/\/blogg.svenskakyrkan.se\/vandravagen\/wp-json\/wp\/v2\/tags?post=3311"}],"curies":[{"name":"wp","href":"https:\/\/api.w.org\/{rel}","templated":true}]}}