{"id":332,"date":"2013-09-30T06:55:00","date_gmt":"2013-09-30T04:55:00","guid":{"rendered":"http:\/\/blogg.svenskakyrkan.se\/vandravagen\/2013\/09\/30\/litterar-bloggpost-om-den-andliga-vikten-av-kaffe-enl-a-hambraeus\/"},"modified":"2013-09-30T06:55:00","modified_gmt":"2013-09-30T04:55:00","slug":"litterar-bloggpost-om-den-andliga-vikten-av-kaffe-enl-a-hambraeus","status":"publish","type":"post","link":"https:\/\/blogg.svenskakyrkan.se\/vandravagen\/2013\/09\/30\/litterar-bloggpost-om-den-andliga-vikten-av-kaffe-enl-a-hambraeus\/","title":{"rendered":"Litter\u00e4r bloggpost om den andliga vikten av kaffe, enl A. Hambraeus"},"content":{"rendered":"<div>Inspirerat av den &#8221;litter\u00e4ra gudstj\u00e4nsten&#8221; p\u00e5 bokm\u00e4ssan kommer h\u00e4r en bloggpost inneh\u00e5llande ett uppbyggligt citat av en stor andlig klassiker. F\u00f6rfattaren \u00e4r d\u00f6d och sorgligen bokgl\u00f6md men hans verk finns s\u00e4kert att hitta p\u00e5 antikvariatet. H\u00e4r f\u00f6rmedlas en livsbejakande andlighet!<\/div>\n<div><\/div>\n<div><\/div>\n<div><a href=\"http:\/\/3.bp.blogspot.com\/-W3I8FOUAieM\/UkhYMYpL7eI\/AAAAAAAAFfo\/y5etMt23u6o\/s1600\/annelis+son.jpg\"><img loading=\"lazy\" decoding=\"async\" border=\"0\" height=\"400\" src=\"http:\/\/3.bp.blogspot.com\/-W3I8FOUAieM\/UkhYMYpL7eI\/AAAAAAAAFfo\/y5etMt23u6o\/s400\/annelis+son.jpg\" width=\"298\"><\/a><\/div>\n<div><\/div>\n<div><\/div>\n<p>&#8221;Kaffe! sa kyrkoherden och drack med v\u00e4lbehag en stor klunk ur sin kopp. Kaffe \u00e4r en av V\u00e5r Herres<\/p>\n<div><\/div>\n<div>mest v\u00e4lsignade g\u00e5vor. Och kaffets roll i f\u00f6rsamlingslivet \u00e4r mycket stor. Folk skrattar \u00e5t mig, n\u00e4r jag\u00a0<\/div>\n<div><\/div>\n<div>s\u00e4ger det, och h\u00f6gv\u00f6rdiga \u00e4mbetsbr\u00f6der rycker p\u00e5 axlarna \u00e5t mej. Men det s\u00e4jer jag er, pojkar, och i\u00a0<\/div>\n<div><\/div>\n<div>synnerhet dej, Hans om du blir pr\u00e4st n\u00e5n g\u00e5ng, att kaffe spelar en stor roll ocks\u00e5 i den kristliga\u00a0<\/div>\n<div><\/div>\n<div>samvaron. Jojomen! F\u00f6r kristendom det \u00e4r gl\u00e4dje och samvaro. V\u00e5r Herre Jesus talar ofta om g\u00e4stabud,\u00a0<\/div>\n<div><\/div>\n<div>till och med i liknelser om himmelriket, och t\u00e4nk p\u00e5 ber\u00e4ttelsen om den f\u00f6rlorade sonen och den g\u00f6dda\u00a0<\/div>\n<div><\/div>\n<div>kalven! &#8221;Och det var dans och spel i huset&#8221;, st\u00e5r det. &#8221;Nu m\u00e5ste vi fr\u00f6jda oss och vara glada! &#8221;Nej,\u00a0<\/div>\n<div><\/div>\n<div>Jesus \u00e4lskade g\u00e4stabud, och hade det funnits kaffe p\u00e5 den tiden, skulle han ha \u00e4lskat det ocks\u00e5. Ni ska\u00a0<\/div>\n<div><\/div>\n<div>f\u00e5 se idag, hur mina tysta gummor och stela gubbar tinar upp, n\u00e4r kaffet kommer fram efter predikan.\u00a0<\/div>\n<div><\/div>\n<div>Och s\u00e5 f\u00e5r vi musik ocks\u00e5. Va ska ni spela f\u00f6r n\u00e5nting?<\/div>\n<div>Hans svarade: Jag har arrangerat n\u00e5gra folkvisor och gamla andliga s\u00e5nger.<\/div>\n<div><\/div>\n<div>Bra, bra! Men ni har v\u00e4l rolig musik ocks\u00e5?&#8221;<\/p>\n<p>Axel Hambraeus, Annelis son<\/p><\/div>\n","protected":false},"excerpt":{"rendered":"<p>Inspirerat av den &#8221;litter\u00e4ra gudstj\u00e4nsten&#8221; p\u00e5 bokm\u00e4ssan kommer h\u00e4r en bloggpost inneh\u00e5llande ett uppbyggligt citat av en stor andlig klassiker. F\u00f6rfattaren \u00e4r d\u00f6d och sorgligen bokgl\u00f6md men hans verk finns s\u00e4kert att hitta p\u00e5 antikvariatet. H\u00e4r f\u00f6rmedlas en livsbejakande andlighet! &#8221;Kaffe! sa kyrkoherden och drack med v\u00e4lbehag en stor klunk ur sin kopp. Kaffe \u00e4r [&hellip;]<\/p>\n","protected":false},"author":392,"featured_media":0,"comment_status":"open","ping_status":"open","sticky":false,"template":"","format":"standard","meta":{"_acf_changed":false,"footnotes":""},"categories":[75887,8253,117],"tags":[],"class_list":["post-332","post","type-post","status-publish","format-standard","hentry","category-andlighet","category-bocker","category-teologi"],"acf":[],"yoast_head":"<!-- This site is optimized with the Yoast SEO plugin v27.1.1 - https:\/\/yoast.com\/product\/yoast-seo-wordpress\/ -->\n<title>Litter\u00e4r bloggpost om den andliga vikten av kaffe, enl A. Hambraeus - Vandra V\u00e4gen<\/title>\n<meta name=\"robots\" content=\"index, follow, max-snippet:-1, max-image-preview:large, max-video-preview:-1\" \/>\n<link rel=\"canonical\" href=\"https:\/\/blogg.svenskakyrkan.se\/vandravagen\/2013\/09\/30\/litterar-bloggpost-om-den-andliga-vikten-av-kaffe-enl-a-hambraeus\/\" \/>\n<meta property=\"og:locale\" content=\"sv_SE\" \/>\n<meta property=\"og:type\" content=\"article\" \/>\n<meta property=\"og:title\" content=\"Litter\u00e4r bloggpost om den andliga vikten av kaffe, enl A. Hambraeus - Vandra V\u00e4gen\" \/>\n<meta property=\"og:description\" content=\"Inspirerat av den &#8221;litter\u00e4ra gudstj\u00e4nsten&#8221; p\u00e5 bokm\u00e4ssan kommer h\u00e4r en bloggpost inneh\u00e5llande ett uppbyggligt citat av en stor andlig klassiker. F\u00f6rfattaren \u00e4r d\u00f6d och sorgligen bokgl\u00f6md men hans verk finns s\u00e4kert att hitta p\u00e5 antikvariatet. H\u00e4r f\u00f6rmedlas en livsbejakande andlighet! &#8221;Kaffe! sa kyrkoherden och drack med v\u00e4lbehag en stor klunk ur sin kopp. Kaffe \u00e4r [&hellip;]\" \/>\n<meta property=\"og:url\" content=\"https:\/\/blogg.svenskakyrkan.se\/vandravagen\/2013\/09\/30\/litterar-bloggpost-om-den-andliga-vikten-av-kaffe-enl-a-hambraeus\/\" \/>\n<meta property=\"og:site_name\" content=\"Vandra V\u00e4gen\" \/>\n<meta property=\"article:publisher\" content=\"http:\/\/facebook.com\/vandravagen\" \/>\n<meta property=\"article:published_time\" content=\"2013-09-30T04:55:00+00:00\" \/>\n<meta property=\"og:image\" content=\"http:\/\/3.bp.blogspot.com\/-W3I8FOUAieM\/UkhYMYpL7eI\/AAAAAAAAFfo\/y5etMt23u6o\/s400\/annelis+son.jpg\" \/>\n<meta name=\"author\" content=\"Tomas Jarvid\" \/>\n<meta name=\"twitter:card\" content=\"summary_large_image\" \/>\n<meta name=\"twitter:creator\" content=\"@fadertomas\" \/>\n<meta name=\"twitter:site\" content=\"@fadertomas\" \/>\n<meta name=\"twitter:label1\" content=\"Skriven av\" \/>\n\t<meta name=\"twitter:data1\" content=\"Tomas Jarvid\" \/>\n\t<meta name=\"twitter:label2\" content=\"Ber\u00e4knad l\u00e4stid\" \/>\n\t<meta name=\"twitter:data2\" content=\"1 minut\" \/>\n<script type=\"application\/ld+json\" class=\"yoast-schema-graph\">{\"@context\":\"https:\/\/schema.org\",\"@graph\":[{\"@type\":\"Article\",\"@id\":\"https:\/\/blogg.svenskakyrkan.se\/vandravagen\/2013\/09\/30\/litterar-bloggpost-om-den-andliga-vikten-av-kaffe-enl-a-hambraeus\/#article\",\"isPartOf\":{\"@id\":\"https:\/\/blogg.svenskakyrkan.se\/vandravagen\/2013\/09\/30\/litterar-bloggpost-om-den-andliga-vikten-av-kaffe-enl-a-hambraeus\/\"},\"author\":{\"name\":\"Tomas Jarvid\",\"@id\":\"https:\/\/blogg.svenskakyrkan.se\/vandravagen\/#\/schema\/person\/25da02d4f76b137d04291711e2c9fc16\"},\"headline\":\"Litter\u00e4r bloggpost om den andliga vikten av kaffe, enl A. Hambraeus\",\"datePublished\":\"2013-09-30T04:55:00+00:00\",\"mainEntityOfPage\":{\"@id\":\"https:\/\/blogg.svenskakyrkan.se\/vandravagen\/2013\/09\/30\/litterar-bloggpost-om-den-andliga-vikten-av-kaffe-enl-a-hambraeus\/\"},\"wordCount\":296,\"commentCount\":2,\"publisher\":{\"@id\":\"https:\/\/blogg.svenskakyrkan.se\/vandravagen\/#organization\"},\"image\":{\"@id\":\"https:\/\/blogg.svenskakyrkan.se\/vandravagen\/2013\/09\/30\/litterar-bloggpost-om-den-andliga-vikten-av-kaffe-enl-a-hambraeus\/#primaryimage\"},\"thumbnailUrl\":\"http:\/\/3.bp.blogspot.com\/-W3I8FOUAieM\/UkhYMYpL7eI\/AAAAAAAAFfo\/y5etMt23u6o\/s400\/annelis+son.jpg\",\"articleSection\":[\"andlighet\",\"b\u00f6cker\",\"Teologi\"],\"inLanguage\":\"sv-SE\",\"potentialAction\":[{\"@type\":\"CommentAction\",\"name\":\"Comment\",\"target\":[\"https:\/\/blogg.svenskakyrkan.se\/vandravagen\/2013\/09\/30\/litterar-bloggpost-om-den-andliga-vikten-av-kaffe-enl-a-hambraeus\/#respond\"]}]},{\"@type\":\"WebPage\",\"@id\":\"https:\/\/blogg.svenskakyrkan.se\/vandravagen\/2013\/09\/30\/litterar-bloggpost-om-den-andliga-vikten-av-kaffe-enl-a-hambraeus\/\",\"url\":\"https:\/\/blogg.svenskakyrkan.se\/vandravagen\/2013\/09\/30\/litterar-bloggpost-om-den-andliga-vikten-av-kaffe-enl-a-hambraeus\/\",\"name\":\"Litter\u00e4r bloggpost om den andliga vikten av kaffe, enl A. Hambraeus - Vandra V\u00e4gen\",\"isPartOf\":{\"@id\":\"https:\/\/blogg.svenskakyrkan.se\/vandravagen\/#website\"},\"primaryImageOfPage\":{\"@id\":\"https:\/\/blogg.svenskakyrkan.se\/vandravagen\/2013\/09\/30\/litterar-bloggpost-om-den-andliga-vikten-av-kaffe-enl-a-hambraeus\/#primaryimage\"},\"image\":{\"@id\":\"https:\/\/blogg.svenskakyrkan.se\/vandravagen\/2013\/09\/30\/litterar-bloggpost-om-den-andliga-vikten-av-kaffe-enl-a-hambraeus\/#primaryimage\"},\"thumbnailUrl\":\"http:\/\/3.bp.blogspot.com\/-W3I8FOUAieM\/UkhYMYpL7eI\/AAAAAAAAFfo\/y5etMt23u6o\/s400\/annelis+son.jpg\",\"datePublished\":\"2013-09-30T04:55:00+00:00\",\"breadcrumb\":{\"@id\":\"https:\/\/blogg.svenskakyrkan.se\/vandravagen\/2013\/09\/30\/litterar-bloggpost-om-den-andliga-vikten-av-kaffe-enl-a-hambraeus\/#breadcrumb\"},\"inLanguage\":\"sv-SE\",\"potentialAction\":[{\"@type\":\"ReadAction\",\"target\":[\"https:\/\/blogg.svenskakyrkan.se\/vandravagen\/2013\/09\/30\/litterar-bloggpost-om-den-andliga-vikten-av-kaffe-enl-a-hambraeus\/\"]}]},{\"@type\":\"ImageObject\",\"inLanguage\":\"sv-SE\",\"@id\":\"https:\/\/blogg.svenskakyrkan.se\/vandravagen\/2013\/09\/30\/litterar-bloggpost-om-den-andliga-vikten-av-kaffe-enl-a-hambraeus\/#primaryimage\",\"url\":\"http:\/\/3.bp.blogspot.com\/-W3I8FOUAieM\/UkhYMYpL7eI\/AAAAAAAAFfo\/y5etMt23u6o\/s400\/annelis+son.jpg\",\"contentUrl\":\"http:\/\/3.bp.blogspot.com\/-W3I8FOUAieM\/UkhYMYpL7eI\/AAAAAAAAFfo\/y5etMt23u6o\/s400\/annelis+son.jpg\"},{\"@type\":\"BreadcrumbList\",\"@id\":\"https:\/\/blogg.svenskakyrkan.se\/vandravagen\/2013\/09\/30\/litterar-bloggpost-om-den-andliga-vikten-av-kaffe-enl-a-hambraeus\/#breadcrumb\",\"itemListElement\":[{\"@type\":\"ListItem\",\"position\":1,\"name\":\"Hem\",\"item\":\"https:\/\/blogg.svenskakyrkan.se\/vandravagen\/\"},{\"@type\":\"ListItem\",\"position\":2,\"name\":\"Litter\u00e4r bloggpost om den andliga vikten av kaffe, enl A. Hambraeus\"}]},{\"@type\":\"WebSite\",\"@id\":\"https:\/\/blogg.svenskakyrkan.se\/vandravagen\/#website\",\"url\":\"https:\/\/blogg.svenskakyrkan.se\/vandravagen\/\",\"name\":\"Vandra V\u00e4gen\",\"description\":\"-Mot en tro f\u00f6r hela livet\",\"publisher\":{\"@id\":\"https:\/\/blogg.svenskakyrkan.se\/vandravagen\/#organization\"},\"potentialAction\":[{\"@type\":\"SearchAction\",\"target\":{\"@type\":\"EntryPoint\",\"urlTemplate\":\"https:\/\/blogg.svenskakyrkan.se\/vandravagen\/?s={search_term_string}\"},\"query-input\":{\"@type\":\"PropertyValueSpecification\",\"valueRequired\":true,\"valueName\":\"search_term_string\"}}],\"inLanguage\":\"sv-SE\"},{\"@type\":\"Organization\",\"@id\":\"https:\/\/blogg.svenskakyrkan.se\/vandravagen\/#organization\",\"name\":\"ulricehamns pastorat\",\"alternateName\":\"ulricehamns pastorat\",\"url\":\"https:\/\/blogg.svenskakyrkan.se\/vandravagen\/\",\"logo\":{\"@type\":\"ImageObject\",\"inLanguage\":\"sv-SE\",\"@id\":\"https:\/\/blogg.svenskakyrkan.se\/vandravagen\/#\/schema\/logo\/image\/\",\"url\":\"https:\/\/blogg.svenskakyrkan.se\/vandravagen\/files\/2023\/05\/Ulr_logo_RGB.png\",\"contentUrl\":\"https:\/\/blogg.svenskakyrkan.se\/vandravagen\/files\/2023\/05\/Ulr_logo_RGB.png\",\"width\":205,\"height\":77,\"caption\":\"ulricehamns pastorat\"},\"image\":{\"@id\":\"https:\/\/blogg.svenskakyrkan.se\/vandravagen\/#\/schema\/logo\/image\/\"},\"sameAs\":[\"http:\/\/facebook.com\/vandravagen\",\"https:\/\/x.com\/fadertomas\",\"http:\/\/www.facebook.com\/svenskakyrkaniulricehamn\"]},{\"@type\":\"Person\",\"@id\":\"https:\/\/blogg.svenskakyrkan.se\/vandravagen\/#\/schema\/person\/25da02d4f76b137d04291711e2c9fc16\",\"name\":\"Tomas Jarvid\",\"image\":{\"@type\":\"ImageObject\",\"inLanguage\":\"sv-SE\",\"@id\":\"https:\/\/blogg.svenskakyrkan.se\/vandravagen\/#\/schema\/person\/image\/\",\"url\":\"https:\/\/secure.gravatar.com\/avatar\/7fa71899795e8f540f615a1f5ab25255dc27aa40f05ee7ddd21aac521e01bf50?s=96&d=identicon&r=g\",\"contentUrl\":\"https:\/\/secure.gravatar.com\/avatar\/7fa71899795e8f540f615a1f5ab25255dc27aa40f05ee7ddd21aac521e01bf50?s=96&d=identicon&r=g\",\"caption\":\"Tomas Jarvid\"},\"description\":\"Jag bor i Ulricehamn i V\u00e4sterg\u00f6tland och \u00e4r f\u00f6rsamlingspr\u00e4st i Svenska Kyrkan f\u00f6r Dalstorps f\u00f6rsamling i Kinds pastorat. P\u00e5 den h\u00e4r bloggen skriver jag ner tankar om vandringen som kristen.\",\"sameAs\":[\"http:\/\/www.vandravagen.se\"],\"url\":\"https:\/\/blogg.svenskakyrkan.se\/vandravagen\/author\/vandravagen\/\"}]}<\/script>\n<!-- \/ Yoast SEO plugin. -->","yoast_head_json":{"title":"Litter\u00e4r bloggpost om den andliga vikten av kaffe, enl A. Hambraeus - Vandra V\u00e4gen","robots":{"index":"index","follow":"follow","max-snippet":"max-snippet:-1","max-image-preview":"max-image-preview:large","max-video-preview":"max-video-preview:-1"},"canonical":"https:\/\/blogg.svenskakyrkan.se\/vandravagen\/2013\/09\/30\/litterar-bloggpost-om-den-andliga-vikten-av-kaffe-enl-a-hambraeus\/","og_locale":"sv_SE","og_type":"article","og_title":"Litter\u00e4r bloggpost om den andliga vikten av kaffe, enl A. Hambraeus - Vandra V\u00e4gen","og_description":"Inspirerat av den &#8221;litter\u00e4ra gudstj\u00e4nsten&#8221; p\u00e5 bokm\u00e4ssan kommer h\u00e4r en bloggpost inneh\u00e5llande ett uppbyggligt citat av en stor andlig klassiker. F\u00f6rfattaren \u00e4r d\u00f6d och sorgligen bokgl\u00f6md men hans verk finns s\u00e4kert att hitta p\u00e5 antikvariatet. H\u00e4r f\u00f6rmedlas en livsbejakande andlighet! &#8221;Kaffe! sa kyrkoherden och drack med v\u00e4lbehag en stor klunk ur sin kopp. Kaffe \u00e4r [&hellip;]","og_url":"https:\/\/blogg.svenskakyrkan.se\/vandravagen\/2013\/09\/30\/litterar-bloggpost-om-den-andliga-vikten-av-kaffe-enl-a-hambraeus\/","og_site_name":"Vandra V\u00e4gen","article_publisher":"http:\/\/facebook.com\/vandravagen","article_published_time":"2013-09-30T04:55:00+00:00","og_image":[{"url":"http:\/\/3.bp.blogspot.com\/-W3I8FOUAieM\/UkhYMYpL7eI\/AAAAAAAAFfo\/y5etMt23u6o\/s400\/annelis+son.jpg","type":"","width":"","height":""}],"author":"Tomas Jarvid","twitter_card":"summary_large_image","twitter_creator":"@fadertomas","twitter_site":"@fadertomas","twitter_misc":{"Skriven av":"Tomas Jarvid","Ber\u00e4knad l\u00e4stid":"1 minut"},"schema":{"@context":"https:\/\/schema.org","@graph":[{"@type":"Article","@id":"https:\/\/blogg.svenskakyrkan.se\/vandravagen\/2013\/09\/30\/litterar-bloggpost-om-den-andliga-vikten-av-kaffe-enl-a-hambraeus\/#article","isPartOf":{"@id":"https:\/\/blogg.svenskakyrkan.se\/vandravagen\/2013\/09\/30\/litterar-bloggpost-om-den-andliga-vikten-av-kaffe-enl-a-hambraeus\/"},"author":{"name":"Tomas Jarvid","@id":"https:\/\/blogg.svenskakyrkan.se\/vandravagen\/#\/schema\/person\/25da02d4f76b137d04291711e2c9fc16"},"headline":"Litter\u00e4r bloggpost om den andliga vikten av kaffe, enl A. Hambraeus","datePublished":"2013-09-30T04:55:00+00:00","mainEntityOfPage":{"@id":"https:\/\/blogg.svenskakyrkan.se\/vandravagen\/2013\/09\/30\/litterar-bloggpost-om-den-andliga-vikten-av-kaffe-enl-a-hambraeus\/"},"wordCount":296,"commentCount":2,"publisher":{"@id":"https:\/\/blogg.svenskakyrkan.se\/vandravagen\/#organization"},"image":{"@id":"https:\/\/blogg.svenskakyrkan.se\/vandravagen\/2013\/09\/30\/litterar-bloggpost-om-den-andliga-vikten-av-kaffe-enl-a-hambraeus\/#primaryimage"},"thumbnailUrl":"http:\/\/3.bp.blogspot.com\/-W3I8FOUAieM\/UkhYMYpL7eI\/AAAAAAAAFfo\/y5etMt23u6o\/s400\/annelis+son.jpg","articleSection":["andlighet","b\u00f6cker","Teologi"],"inLanguage":"sv-SE","potentialAction":[{"@type":"CommentAction","name":"Comment","target":["https:\/\/blogg.svenskakyrkan.se\/vandravagen\/2013\/09\/30\/litterar-bloggpost-om-den-andliga-vikten-av-kaffe-enl-a-hambraeus\/#respond"]}]},{"@type":"WebPage","@id":"https:\/\/blogg.svenskakyrkan.se\/vandravagen\/2013\/09\/30\/litterar-bloggpost-om-den-andliga-vikten-av-kaffe-enl-a-hambraeus\/","url":"https:\/\/blogg.svenskakyrkan.se\/vandravagen\/2013\/09\/30\/litterar-bloggpost-om-den-andliga-vikten-av-kaffe-enl-a-hambraeus\/","name":"Litter\u00e4r bloggpost om den andliga vikten av kaffe, enl A. Hambraeus - Vandra V\u00e4gen","isPartOf":{"@id":"https:\/\/blogg.svenskakyrkan.se\/vandravagen\/#website"},"primaryImageOfPage":{"@id":"https:\/\/blogg.svenskakyrkan.se\/vandravagen\/2013\/09\/30\/litterar-bloggpost-om-den-andliga-vikten-av-kaffe-enl-a-hambraeus\/#primaryimage"},"image":{"@id":"https:\/\/blogg.svenskakyrkan.se\/vandravagen\/2013\/09\/30\/litterar-bloggpost-om-den-andliga-vikten-av-kaffe-enl-a-hambraeus\/#primaryimage"},"thumbnailUrl":"http:\/\/3.bp.blogspot.com\/-W3I8FOUAieM\/UkhYMYpL7eI\/AAAAAAAAFfo\/y5etMt23u6o\/s400\/annelis+son.jpg","datePublished":"2013-09-30T04:55:00+00:00","breadcrumb":{"@id":"https:\/\/blogg.svenskakyrkan.se\/vandravagen\/2013\/09\/30\/litterar-bloggpost-om-den-andliga-vikten-av-kaffe-enl-a-hambraeus\/#breadcrumb"},"inLanguage":"sv-SE","potentialAction":[{"@type":"ReadAction","target":["https:\/\/blogg.svenskakyrkan.se\/vandravagen\/2013\/09\/30\/litterar-bloggpost-om-den-andliga-vikten-av-kaffe-enl-a-hambraeus\/"]}]},{"@type":"ImageObject","inLanguage":"sv-SE","@id":"https:\/\/blogg.svenskakyrkan.se\/vandravagen\/2013\/09\/30\/litterar-bloggpost-om-den-andliga-vikten-av-kaffe-enl-a-hambraeus\/#primaryimage","url":"http:\/\/3.bp.blogspot.com\/-W3I8FOUAieM\/UkhYMYpL7eI\/AAAAAAAAFfo\/y5etMt23u6o\/s400\/annelis+son.jpg","contentUrl":"http:\/\/3.bp.blogspot.com\/-W3I8FOUAieM\/UkhYMYpL7eI\/AAAAAAAAFfo\/y5etMt23u6o\/s400\/annelis+son.jpg"},{"@type":"BreadcrumbList","@id":"https:\/\/blogg.svenskakyrkan.se\/vandravagen\/2013\/09\/30\/litterar-bloggpost-om-den-andliga-vikten-av-kaffe-enl-a-hambraeus\/#breadcrumb","itemListElement":[{"@type":"ListItem","position":1,"name":"Hem","item":"https:\/\/blogg.svenskakyrkan.se\/vandravagen\/"},{"@type":"ListItem","position":2,"name":"Litter\u00e4r bloggpost om den andliga vikten av kaffe, enl A. Hambraeus"}]},{"@type":"WebSite","@id":"https:\/\/blogg.svenskakyrkan.se\/vandravagen\/#website","url":"https:\/\/blogg.svenskakyrkan.se\/vandravagen\/","name":"Vandra V\u00e4gen","description":"-Mot en tro f\u00f6r hela livet","publisher":{"@id":"https:\/\/blogg.svenskakyrkan.se\/vandravagen\/#organization"},"potentialAction":[{"@type":"SearchAction","target":{"@type":"EntryPoint","urlTemplate":"https:\/\/blogg.svenskakyrkan.se\/vandravagen\/?s={search_term_string}"},"query-input":{"@type":"PropertyValueSpecification","valueRequired":true,"valueName":"search_term_string"}}],"inLanguage":"sv-SE"},{"@type":"Organization","@id":"https:\/\/blogg.svenskakyrkan.se\/vandravagen\/#organization","name":"ulricehamns pastorat","alternateName":"ulricehamns pastorat","url":"https:\/\/blogg.svenskakyrkan.se\/vandravagen\/","logo":{"@type":"ImageObject","inLanguage":"sv-SE","@id":"https:\/\/blogg.svenskakyrkan.se\/vandravagen\/#\/schema\/logo\/image\/","url":"https:\/\/blogg.svenskakyrkan.se\/vandravagen\/files\/2023\/05\/Ulr_logo_RGB.png","contentUrl":"https:\/\/blogg.svenskakyrkan.se\/vandravagen\/files\/2023\/05\/Ulr_logo_RGB.png","width":205,"height":77,"caption":"ulricehamns pastorat"},"image":{"@id":"https:\/\/blogg.svenskakyrkan.se\/vandravagen\/#\/schema\/logo\/image\/"},"sameAs":["http:\/\/facebook.com\/vandravagen","https:\/\/x.com\/fadertomas","http:\/\/www.facebook.com\/svenskakyrkaniulricehamn"]},{"@type":"Person","@id":"https:\/\/blogg.svenskakyrkan.se\/vandravagen\/#\/schema\/person\/25da02d4f76b137d04291711e2c9fc16","name":"Tomas Jarvid","image":{"@type":"ImageObject","inLanguage":"sv-SE","@id":"https:\/\/blogg.svenskakyrkan.se\/vandravagen\/#\/schema\/person\/image\/","url":"https:\/\/secure.gravatar.com\/avatar\/7fa71899795e8f540f615a1f5ab25255dc27aa40f05ee7ddd21aac521e01bf50?s=96&d=identicon&r=g","contentUrl":"https:\/\/secure.gravatar.com\/avatar\/7fa71899795e8f540f615a1f5ab25255dc27aa40f05ee7ddd21aac521e01bf50?s=96&d=identicon&r=g","caption":"Tomas Jarvid"},"description":"Jag bor i Ulricehamn i V\u00e4sterg\u00f6tland och \u00e4r f\u00f6rsamlingspr\u00e4st i Svenska Kyrkan f\u00f6r Dalstorps f\u00f6rsamling i Kinds pastorat. P\u00e5 den h\u00e4r bloggen skriver jag ner tankar om vandringen som kristen.","sameAs":["http:\/\/www.vandravagen.se"],"url":"https:\/\/blogg.svenskakyrkan.se\/vandravagen\/author\/vandravagen\/"}]}},"author_meta":{"ID":"392","user_nicename":"vandravagen","user_url":"http:\/\/www.vandravagen.se","user_registered":"2014-05-19 05:44:52","display_name":"Tomas Jarvid","first_name":"Tomas","last_name":"Jarvid","avatar":"https:\/\/secure.gravatar.com\/avatar\/7fa71899795e8f540f615a1f5ab25255dc27aa40f05ee7ddd21aac521e01bf50?s=96&d=identicon&r=g"},"featured_image":false,"bloginfo":{"name":"Vandra V\u00e4gen","url":"https:\/\/blogg.svenskakyrkan.se\/vandravagen"},"_links":{"self":[{"href":"https:\/\/blogg.svenskakyrkan.se\/vandravagen\/wp-json\/wp\/v2\/posts\/332","targetHints":{"allow":["GET"]}}],"collection":[{"href":"https:\/\/blogg.svenskakyrkan.se\/vandravagen\/wp-json\/wp\/v2\/posts"}],"about":[{"href":"https:\/\/blogg.svenskakyrkan.se\/vandravagen\/wp-json\/wp\/v2\/types\/post"}],"author":[{"embeddable":true,"href":"https:\/\/blogg.svenskakyrkan.se\/vandravagen\/wp-json\/wp\/v2\/users\/392"}],"replies":[{"embeddable":true,"href":"https:\/\/blogg.svenskakyrkan.se\/vandravagen\/wp-json\/wp\/v2\/comments?post=332"}],"version-history":[{"count":0,"href":"https:\/\/blogg.svenskakyrkan.se\/vandravagen\/wp-json\/wp\/v2\/posts\/332\/revisions"}],"wp:attachment":[{"href":"https:\/\/blogg.svenskakyrkan.se\/vandravagen\/wp-json\/wp\/v2\/media?parent=332"}],"wp:term":[{"taxonomy":"category","embeddable":true,"href":"https:\/\/blogg.svenskakyrkan.se\/vandravagen\/wp-json\/wp\/v2\/categories?post=332"},{"taxonomy":"post_tag","embeddable":true,"href":"https:\/\/blogg.svenskakyrkan.se\/vandravagen\/wp-json\/wp\/v2\/tags?post=332"}],"curies":[{"name":"wp","href":"https:\/\/api.w.org\/{rel}","templated":true}]}}