{"id":3353,"date":"2015-07-12T07:00:22","date_gmt":"2015-07-12T05:00:22","guid":{"rendered":"http:\/\/blogg.svenskakyrkan.se\/vandravagen\/?p=3353"},"modified":"2015-07-11T22:41:21","modified_gmt":"2015-07-11T20:41:21","slug":"blandade-tankar-pa-sondagen-8","status":"publish","type":"post","link":"https:\/\/blogg.svenskakyrkan.se\/vandravagen\/2015\/07\/12\/blandade-tankar-pa-sondagen-8\/","title":{"rendered":"9 blandade tankar p\u00e5 s\u00f6ndagen"},"content":{"rendered":"<div id=\"attachment_3354\" style=\"width: 533px\" class=\"wp-caption aligncenter\"><a href=\"http:\/\/blogg.svenskakyrkan.se\/vandravagen\/files\/2015\/07\/bild-24.jpg\"><img loading=\"lazy\" decoding=\"async\" aria-describedby=\"caption-attachment-3354\" class=\"size-full wp-image-3354\" src=\"http:\/\/blogg.svenskakyrkan.se\/vandravagen\/files\/2015\/07\/bild-24.jpg\" alt=\"Doppdagen. Smart av Johannes att ha sina dop lite l\u00e4ngre upp l\u00e4ngs Jordan.\" width=\"523\" height=\"716\" srcset=\"https:\/\/blogg.svenskakyrkan.se\/vandravagen\/files\/2015\/07\/bild-24.jpg 523w, https:\/\/blogg.svenskakyrkan.se\/vandravagen\/files\/2015\/07\/bild-24-300x411.jpg 300w, https:\/\/blogg.svenskakyrkan.se\/vandravagen\/files\/2015\/07\/bild-24-219x300.jpg 219w\" sizes=\"auto, (max-width: 523px) 100vw, 523px\" \/><\/a><p id=\"caption-attachment-3354\" class=\"wp-caption-text\">Doppdagen. Smart av Johannes att ha sina dop lite l\u00e4ngre upp l\u00e4ngs Jordan.<\/p><\/div>\n<p>Nu befinner jag mig, som det heter, &#8221;mellan tv\u00e5 jobb&#8221;. Rent bokstavligt allts\u00e5. Fast egentligen \u00e4r jag ju p\u00e5 semester fr\u00e5n min Husabytj\u00e4nst tills jag b\u00f6rjar p\u00e5 ny tj\u00e4nst i Dalstorp. F\u00e5r v\u00e4l skriva om en del saker p\u00e5 sidan h\u00e4r i samband med det.<\/p>\n<p>Med en suck av l\u00e4ttnad kan jag konstatera att flytten \u00e4r gjord och att det \u00e4r r\u00e4tt s\u00e5 f\u00e4rdigt med att f\u00e5 ordning p\u00e5 det nya hemmet. Vi lyckades visst kn\u00e4cka v\u00e5r bil i flytten ocks\u00e5 s\u00e5 under semestern \u00e4r det den lilla, lilla polon som f\u00e5r vara familjebil en hel del. Det \u00e4r r\u00e4tt ok s\u00e5 l\u00e4nge man inte ska k\u00f6ra kanoter p\u00e5 den.<\/p>\n<p>Jag \u00e4r allts\u00e5 inte i tj\u00e4nst idag (den 6:e s\u00f6ndagen efter trefaldighet \u00e4r det annars, tema &#8221;efterf\u00f6ljelse&#8221;) men jag ska faktiskt \u00e4nd\u00e5 tj\u00e4nstg\u00f6ra lite och d\u00f6pa en sp\u00e4d sl\u00e4kting till mig. Det ska bli fint. F\u00e5r se hur k\u00e4rvt doptal jag v\u00e5gar h\u00e5lla f\u00f6r den samlade sl\u00e4kten.<\/p>\n<p>Ocks\u00e5 fint att dopet blir i M\u00e5nstad som min mor kommer fr\u00e5n och som nu ing\u00e5r i mitt nya pastorat Kind.<\/p>\n<p>Dopet passar egentligen klockrent ihop med temat efterf\u00f6ljelse, det \u00e4r d\u00e4r vi f\u00e5r v\u00e5r kallelse till gemenskap med Jesus. F\u00e5r se till att tala lite om det.<\/p>\n<p>Annars jobbar vi p\u00e5 med prestations\u00e5ngesten inf\u00f6r v\u00e5r kommande musikgudstj\u00e4nst i Husaby i slutet av m\u00e5naden. Det \u00c4R roligt att spela och sjunga ihop men varf\u00f6r ska det vara s\u00e5 snart f\u00f6r? Kunde det inte varit en m\u00e5nad till emellan?<\/p>\n<p>Och s\u00e5 h\u00e5ller jag p\u00e5 att f\u00f6rdjupa mig mer en del i &#8221;spelifiering&#8221;. Tror det kan vara nyttigt att ha ett grepp om det inf\u00f6r framtidens\u00a0konfirmandpedagogik och annat.<\/p>\n<p>Sj\u00e4lv lyssnar jag inte mycket p\u00e5 h\u00e5rdrock men jag lyckades \u00e4nd\u00e5 prestera r\u00e4tt bra p\u00e5 <a href=\"http:\/\/www.buzzfeed.com\/lukelewis\/heavy-metal-lyric-or-bible-verse#.cjGEQep1W\">det h\u00e4r testet om att skilja p\u00e5 bibelcitat och citat fr\u00e5n metaltexter<\/a>. Hur klarar du dig?<\/p>\n<p>N\u00e4r jag nu \u00e4nd\u00e5 sprider l\u00e4nkar s\u00e5 k\u00e4nns det ju fint att se att <a href=\"http:\/\/time.com\/32647\/which-professions-have-the-most-psychopaths-the-fewest\/\">pr\u00e4st ligger p\u00e5 plats \u00e5tta \u00f6ver yrken med h\u00f6g andel psykopater. <\/a>Vad s\u00e4ger vi om det?<\/p>\n<p>S\u00e5. Det var alla tankar f\u00f6r idag. Vad ska du g\u00f6ra idag?<\/p>\n","protected":false},"excerpt":{"rendered":"<p>Nu befinner jag mig, som det heter, &#8221;mellan tv\u00e5 jobb&#8221;. Rent bokstavligt allts\u00e5. Fast egentligen \u00e4r jag ju p\u00e5 semester fr\u00e5n min Husabytj\u00e4nst tills jag b\u00f6rjar p\u00e5 ny tj\u00e4nst i Dalstorp. F\u00e5r v\u00e4l skriva om en del saker p\u00e5 sidan h\u00e4r i samband med det. Med en suck av l\u00e4ttnad kan jag konstatera att flytten [&hellip;]<\/p>\n","protected":false},"author":392,"featured_media":0,"comment_status":"open","ping_status":"open","sticky":false,"template":"","format":"standard","meta":{"_acf_changed":false,"footnotes":""},"categories":[76766,76189],"tags":[],"class_list":["post-3353","post","type-post","status-publish","format-standard","hentry","category-blandat","category-dagens-kyrka"],"acf":[],"yoast_head":"<!-- This site is optimized with the Yoast SEO plugin v27.1.1 - https:\/\/yoast.com\/product\/yoast-seo-wordpress\/ -->\n<title>9 blandade tankar p\u00e5 s\u00f6ndagen - Vandra V\u00e4gen<\/title>\n<meta name=\"robots\" content=\"index, follow, max-snippet:-1, max-image-preview:large, max-video-preview:-1\" \/>\n<link rel=\"canonical\" href=\"https:\/\/blogg.svenskakyrkan.se\/vandravagen\/2015\/07\/12\/blandade-tankar-pa-sondagen-8\/\" \/>\n<meta property=\"og:locale\" content=\"sv_SE\" \/>\n<meta property=\"og:type\" content=\"article\" \/>\n<meta property=\"og:title\" content=\"9 blandade tankar p\u00e5 s\u00f6ndagen - Vandra V\u00e4gen\" \/>\n<meta property=\"og:description\" content=\"Nu befinner jag mig, som det heter, &#8221;mellan tv\u00e5 jobb&#8221;. Rent bokstavligt allts\u00e5. Fast egentligen \u00e4r jag ju p\u00e5 semester fr\u00e5n min Husabytj\u00e4nst tills jag b\u00f6rjar p\u00e5 ny tj\u00e4nst i Dalstorp. F\u00e5r v\u00e4l skriva om en del saker p\u00e5 sidan h\u00e4r i samband med det. Med en suck av l\u00e4ttnad kan jag konstatera att flytten [&hellip;]\" \/>\n<meta property=\"og:url\" content=\"https:\/\/blogg.svenskakyrkan.se\/vandravagen\/2015\/07\/12\/blandade-tankar-pa-sondagen-8\/\" \/>\n<meta property=\"og:site_name\" content=\"Vandra V\u00e4gen\" \/>\n<meta property=\"article:publisher\" content=\"http:\/\/facebook.com\/vandravagen\" \/>\n<meta property=\"article:published_time\" content=\"2015-07-12T05:00:22+00:00\" \/>\n<meta property=\"og:image\" content=\"http:\/\/blogg.svenskakyrkan.se\/vandravagen\/files\/2015\/07\/bild-24.jpg\" \/>\n<meta name=\"author\" content=\"Tomas Jarvid\" \/>\n<meta name=\"twitter:card\" content=\"summary_large_image\" \/>\n<meta name=\"twitter:creator\" content=\"@fadertomas\" \/>\n<meta name=\"twitter:site\" content=\"@fadertomas\" \/>\n<meta name=\"twitter:label1\" content=\"Skriven av\" \/>\n\t<meta name=\"twitter:data1\" content=\"Tomas Jarvid\" \/>\n\t<meta name=\"twitter:label2\" content=\"Ber\u00e4knad l\u00e4stid\" \/>\n\t<meta name=\"twitter:data2\" content=\"2 minuter\" \/>\n<script type=\"application\/ld+json\" class=\"yoast-schema-graph\">{\"@context\":\"https:\/\/schema.org\",\"@graph\":[{\"@type\":\"Article\",\"@id\":\"https:\/\/blogg.svenskakyrkan.se\/vandravagen\/2015\/07\/12\/blandade-tankar-pa-sondagen-8\/#article\",\"isPartOf\":{\"@id\":\"https:\/\/blogg.svenskakyrkan.se\/vandravagen\/2015\/07\/12\/blandade-tankar-pa-sondagen-8\/\"},\"author\":{\"name\":\"Tomas Jarvid\",\"@id\":\"https:\/\/blogg.svenskakyrkan.se\/vandravagen\/#\/schema\/person\/25da02d4f76b137d04291711e2c9fc16\"},\"headline\":\"9 blandade tankar p\u00e5 s\u00f6ndagen\",\"datePublished\":\"2015-07-12T05:00:22+00:00\",\"mainEntityOfPage\":{\"@id\":\"https:\/\/blogg.svenskakyrkan.se\/vandravagen\/2015\/07\/12\/blandade-tankar-pa-sondagen-8\/\"},\"wordCount\":436,\"commentCount\":9,\"publisher\":{\"@id\":\"https:\/\/blogg.svenskakyrkan.se\/vandravagen\/#organization\"},\"image\":{\"@id\":\"https:\/\/blogg.svenskakyrkan.se\/vandravagen\/2015\/07\/12\/blandade-tankar-pa-sondagen-8\/#primaryimage\"},\"thumbnailUrl\":\"http:\/\/blogg.svenskakyrkan.se\/vandravagen\/files\/2015\/07\/bild-24.jpg\",\"articleSection\":[\"blandat\",\"Dagens Kyrka\"],\"inLanguage\":\"sv-SE\",\"potentialAction\":[{\"@type\":\"CommentAction\",\"name\":\"Comment\",\"target\":[\"https:\/\/blogg.svenskakyrkan.se\/vandravagen\/2015\/07\/12\/blandade-tankar-pa-sondagen-8\/#respond\"]}]},{\"@type\":\"WebPage\",\"@id\":\"https:\/\/blogg.svenskakyrkan.se\/vandravagen\/2015\/07\/12\/blandade-tankar-pa-sondagen-8\/\",\"url\":\"https:\/\/blogg.svenskakyrkan.se\/vandravagen\/2015\/07\/12\/blandade-tankar-pa-sondagen-8\/\",\"name\":\"9 blandade tankar p\u00e5 s\u00f6ndagen - Vandra V\u00e4gen\",\"isPartOf\":{\"@id\":\"https:\/\/blogg.svenskakyrkan.se\/vandravagen\/#website\"},\"primaryImageOfPage\":{\"@id\":\"https:\/\/blogg.svenskakyrkan.se\/vandravagen\/2015\/07\/12\/blandade-tankar-pa-sondagen-8\/#primaryimage\"},\"image\":{\"@id\":\"https:\/\/blogg.svenskakyrkan.se\/vandravagen\/2015\/07\/12\/blandade-tankar-pa-sondagen-8\/#primaryimage\"},\"thumbnailUrl\":\"http:\/\/blogg.svenskakyrkan.se\/vandravagen\/files\/2015\/07\/bild-24.jpg\",\"datePublished\":\"2015-07-12T05:00:22+00:00\",\"breadcrumb\":{\"@id\":\"https:\/\/blogg.svenskakyrkan.se\/vandravagen\/2015\/07\/12\/blandade-tankar-pa-sondagen-8\/#breadcrumb\"},\"inLanguage\":\"sv-SE\",\"potentialAction\":[{\"@type\":\"ReadAction\",\"target\":[\"https:\/\/blogg.svenskakyrkan.se\/vandravagen\/2015\/07\/12\/blandade-tankar-pa-sondagen-8\/\"]}]},{\"@type\":\"ImageObject\",\"inLanguage\":\"sv-SE\",\"@id\":\"https:\/\/blogg.svenskakyrkan.se\/vandravagen\/2015\/07\/12\/blandade-tankar-pa-sondagen-8\/#primaryimage\",\"url\":\"http:\/\/blogg.svenskakyrkan.se\/vandravagen\/files\/2015\/07\/bild-24.jpg\",\"contentUrl\":\"http:\/\/blogg.svenskakyrkan.se\/vandravagen\/files\/2015\/07\/bild-24.jpg\"},{\"@type\":\"BreadcrumbList\",\"@id\":\"https:\/\/blogg.svenskakyrkan.se\/vandravagen\/2015\/07\/12\/blandade-tankar-pa-sondagen-8\/#breadcrumb\",\"itemListElement\":[{\"@type\":\"ListItem\",\"position\":1,\"name\":\"Hem\",\"item\":\"https:\/\/blogg.svenskakyrkan.se\/vandravagen\/\"},{\"@type\":\"ListItem\",\"position\":2,\"name\":\"9 blandade tankar p\u00e5 s\u00f6ndagen\"}]},{\"@type\":\"WebSite\",\"@id\":\"https:\/\/blogg.svenskakyrkan.se\/vandravagen\/#website\",\"url\":\"https:\/\/blogg.svenskakyrkan.se\/vandravagen\/\",\"name\":\"Vandra V\u00e4gen\",\"description\":\"-Mot en tro f\u00f6r hela livet\",\"publisher\":{\"@id\":\"https:\/\/blogg.svenskakyrkan.se\/vandravagen\/#organization\"},\"potentialAction\":[{\"@type\":\"SearchAction\",\"target\":{\"@type\":\"EntryPoint\",\"urlTemplate\":\"https:\/\/blogg.svenskakyrkan.se\/vandravagen\/?s={search_term_string}\"},\"query-input\":{\"@type\":\"PropertyValueSpecification\",\"valueRequired\":true,\"valueName\":\"search_term_string\"}}],\"inLanguage\":\"sv-SE\"},{\"@type\":\"Organization\",\"@id\":\"https:\/\/blogg.svenskakyrkan.se\/vandravagen\/#organization\",\"name\":\"ulricehamns pastorat\",\"alternateName\":\"ulricehamns pastorat\",\"url\":\"https:\/\/blogg.svenskakyrkan.se\/vandravagen\/\",\"logo\":{\"@type\":\"ImageObject\",\"inLanguage\":\"sv-SE\",\"@id\":\"https:\/\/blogg.svenskakyrkan.se\/vandravagen\/#\/schema\/logo\/image\/\",\"url\":\"https:\/\/blogg.svenskakyrkan.se\/vandravagen\/files\/2023\/05\/Ulr_logo_RGB.png\",\"contentUrl\":\"https:\/\/blogg.svenskakyrkan.se\/vandravagen\/files\/2023\/05\/Ulr_logo_RGB.png\",\"width\":205,\"height\":77,\"caption\":\"ulricehamns pastorat\"},\"image\":{\"@id\":\"https:\/\/blogg.svenskakyrkan.se\/vandravagen\/#\/schema\/logo\/image\/\"},\"sameAs\":[\"http:\/\/facebook.com\/vandravagen\",\"https:\/\/x.com\/fadertomas\",\"http:\/\/www.facebook.com\/svenskakyrkaniulricehamn\"]},{\"@type\":\"Person\",\"@id\":\"https:\/\/blogg.svenskakyrkan.se\/vandravagen\/#\/schema\/person\/25da02d4f76b137d04291711e2c9fc16\",\"name\":\"Tomas Jarvid\",\"image\":{\"@type\":\"ImageObject\",\"inLanguage\":\"sv-SE\",\"@id\":\"https:\/\/blogg.svenskakyrkan.se\/vandravagen\/#\/schema\/person\/image\/\",\"url\":\"https:\/\/secure.gravatar.com\/avatar\/7fa71899795e8f540f615a1f5ab25255dc27aa40f05ee7ddd21aac521e01bf50?s=96&d=identicon&r=g\",\"contentUrl\":\"https:\/\/secure.gravatar.com\/avatar\/7fa71899795e8f540f615a1f5ab25255dc27aa40f05ee7ddd21aac521e01bf50?s=96&d=identicon&r=g\",\"caption\":\"Tomas Jarvid\"},\"description\":\"Jag bor i Ulricehamn i V\u00e4sterg\u00f6tland och \u00e4r f\u00f6rsamlingspr\u00e4st i Svenska Kyrkan f\u00f6r Dalstorps f\u00f6rsamling i Kinds pastorat. P\u00e5 den h\u00e4r bloggen skriver jag ner tankar om vandringen som kristen.\",\"sameAs\":[\"http:\/\/www.vandravagen.se\"],\"url\":\"https:\/\/blogg.svenskakyrkan.se\/vandravagen\/author\/vandravagen\/\"}]}<\/script>\n<!-- \/ Yoast SEO plugin. -->","yoast_head_json":{"title":"9 blandade tankar p\u00e5 s\u00f6ndagen - Vandra V\u00e4gen","robots":{"index":"index","follow":"follow","max-snippet":"max-snippet:-1","max-image-preview":"max-image-preview:large","max-video-preview":"max-video-preview:-1"},"canonical":"https:\/\/blogg.svenskakyrkan.se\/vandravagen\/2015\/07\/12\/blandade-tankar-pa-sondagen-8\/","og_locale":"sv_SE","og_type":"article","og_title":"9 blandade tankar p\u00e5 s\u00f6ndagen - Vandra V\u00e4gen","og_description":"Nu befinner jag mig, som det heter, &#8221;mellan tv\u00e5 jobb&#8221;. Rent bokstavligt allts\u00e5. Fast egentligen \u00e4r jag ju p\u00e5 semester fr\u00e5n min Husabytj\u00e4nst tills jag b\u00f6rjar p\u00e5 ny tj\u00e4nst i Dalstorp. F\u00e5r v\u00e4l skriva om en del saker p\u00e5 sidan h\u00e4r i samband med det. Med en suck av l\u00e4ttnad kan jag konstatera att flytten [&hellip;]","og_url":"https:\/\/blogg.svenskakyrkan.se\/vandravagen\/2015\/07\/12\/blandade-tankar-pa-sondagen-8\/","og_site_name":"Vandra V\u00e4gen","article_publisher":"http:\/\/facebook.com\/vandravagen","article_published_time":"2015-07-12T05:00:22+00:00","og_image":[{"url":"http:\/\/blogg.svenskakyrkan.se\/vandravagen\/files\/2015\/07\/bild-24.jpg","type":"","width":"","height":""}],"author":"Tomas Jarvid","twitter_card":"summary_large_image","twitter_creator":"@fadertomas","twitter_site":"@fadertomas","twitter_misc":{"Skriven av":"Tomas Jarvid","Ber\u00e4knad l\u00e4stid":"2 minuter"},"schema":{"@context":"https:\/\/schema.org","@graph":[{"@type":"Article","@id":"https:\/\/blogg.svenskakyrkan.se\/vandravagen\/2015\/07\/12\/blandade-tankar-pa-sondagen-8\/#article","isPartOf":{"@id":"https:\/\/blogg.svenskakyrkan.se\/vandravagen\/2015\/07\/12\/blandade-tankar-pa-sondagen-8\/"},"author":{"name":"Tomas Jarvid","@id":"https:\/\/blogg.svenskakyrkan.se\/vandravagen\/#\/schema\/person\/25da02d4f76b137d04291711e2c9fc16"},"headline":"9 blandade tankar p\u00e5 s\u00f6ndagen","datePublished":"2015-07-12T05:00:22+00:00","mainEntityOfPage":{"@id":"https:\/\/blogg.svenskakyrkan.se\/vandravagen\/2015\/07\/12\/blandade-tankar-pa-sondagen-8\/"},"wordCount":436,"commentCount":9,"publisher":{"@id":"https:\/\/blogg.svenskakyrkan.se\/vandravagen\/#organization"},"image":{"@id":"https:\/\/blogg.svenskakyrkan.se\/vandravagen\/2015\/07\/12\/blandade-tankar-pa-sondagen-8\/#primaryimage"},"thumbnailUrl":"http:\/\/blogg.svenskakyrkan.se\/vandravagen\/files\/2015\/07\/bild-24.jpg","articleSection":["blandat","Dagens Kyrka"],"inLanguage":"sv-SE","potentialAction":[{"@type":"CommentAction","name":"Comment","target":["https:\/\/blogg.svenskakyrkan.se\/vandravagen\/2015\/07\/12\/blandade-tankar-pa-sondagen-8\/#respond"]}]},{"@type":"WebPage","@id":"https:\/\/blogg.svenskakyrkan.se\/vandravagen\/2015\/07\/12\/blandade-tankar-pa-sondagen-8\/","url":"https:\/\/blogg.svenskakyrkan.se\/vandravagen\/2015\/07\/12\/blandade-tankar-pa-sondagen-8\/","name":"9 blandade tankar p\u00e5 s\u00f6ndagen - Vandra V\u00e4gen","isPartOf":{"@id":"https:\/\/blogg.svenskakyrkan.se\/vandravagen\/#website"},"primaryImageOfPage":{"@id":"https:\/\/blogg.svenskakyrkan.se\/vandravagen\/2015\/07\/12\/blandade-tankar-pa-sondagen-8\/#primaryimage"},"image":{"@id":"https:\/\/blogg.svenskakyrkan.se\/vandravagen\/2015\/07\/12\/blandade-tankar-pa-sondagen-8\/#primaryimage"},"thumbnailUrl":"http:\/\/blogg.svenskakyrkan.se\/vandravagen\/files\/2015\/07\/bild-24.jpg","datePublished":"2015-07-12T05:00:22+00:00","breadcrumb":{"@id":"https:\/\/blogg.svenskakyrkan.se\/vandravagen\/2015\/07\/12\/blandade-tankar-pa-sondagen-8\/#breadcrumb"},"inLanguage":"sv-SE","potentialAction":[{"@type":"ReadAction","target":["https:\/\/blogg.svenskakyrkan.se\/vandravagen\/2015\/07\/12\/blandade-tankar-pa-sondagen-8\/"]}]},{"@type":"ImageObject","inLanguage":"sv-SE","@id":"https:\/\/blogg.svenskakyrkan.se\/vandravagen\/2015\/07\/12\/blandade-tankar-pa-sondagen-8\/#primaryimage","url":"http:\/\/blogg.svenskakyrkan.se\/vandravagen\/files\/2015\/07\/bild-24.jpg","contentUrl":"http:\/\/blogg.svenskakyrkan.se\/vandravagen\/files\/2015\/07\/bild-24.jpg"},{"@type":"BreadcrumbList","@id":"https:\/\/blogg.svenskakyrkan.se\/vandravagen\/2015\/07\/12\/blandade-tankar-pa-sondagen-8\/#breadcrumb","itemListElement":[{"@type":"ListItem","position":1,"name":"Hem","item":"https:\/\/blogg.svenskakyrkan.se\/vandravagen\/"},{"@type":"ListItem","position":2,"name":"9 blandade tankar p\u00e5 s\u00f6ndagen"}]},{"@type":"WebSite","@id":"https:\/\/blogg.svenskakyrkan.se\/vandravagen\/#website","url":"https:\/\/blogg.svenskakyrkan.se\/vandravagen\/","name":"Vandra V\u00e4gen","description":"-Mot en tro f\u00f6r hela livet","publisher":{"@id":"https:\/\/blogg.svenskakyrkan.se\/vandravagen\/#organization"},"potentialAction":[{"@type":"SearchAction","target":{"@type":"EntryPoint","urlTemplate":"https:\/\/blogg.svenskakyrkan.se\/vandravagen\/?s={search_term_string}"},"query-input":{"@type":"PropertyValueSpecification","valueRequired":true,"valueName":"search_term_string"}}],"inLanguage":"sv-SE"},{"@type":"Organization","@id":"https:\/\/blogg.svenskakyrkan.se\/vandravagen\/#organization","name":"ulricehamns pastorat","alternateName":"ulricehamns pastorat","url":"https:\/\/blogg.svenskakyrkan.se\/vandravagen\/","logo":{"@type":"ImageObject","inLanguage":"sv-SE","@id":"https:\/\/blogg.svenskakyrkan.se\/vandravagen\/#\/schema\/logo\/image\/","url":"https:\/\/blogg.svenskakyrkan.se\/vandravagen\/files\/2023\/05\/Ulr_logo_RGB.png","contentUrl":"https:\/\/blogg.svenskakyrkan.se\/vandravagen\/files\/2023\/05\/Ulr_logo_RGB.png","width":205,"height":77,"caption":"ulricehamns pastorat"},"image":{"@id":"https:\/\/blogg.svenskakyrkan.se\/vandravagen\/#\/schema\/logo\/image\/"},"sameAs":["http:\/\/facebook.com\/vandravagen","https:\/\/x.com\/fadertomas","http:\/\/www.facebook.com\/svenskakyrkaniulricehamn"]},{"@type":"Person","@id":"https:\/\/blogg.svenskakyrkan.se\/vandravagen\/#\/schema\/person\/25da02d4f76b137d04291711e2c9fc16","name":"Tomas Jarvid","image":{"@type":"ImageObject","inLanguage":"sv-SE","@id":"https:\/\/blogg.svenskakyrkan.se\/vandravagen\/#\/schema\/person\/image\/","url":"https:\/\/secure.gravatar.com\/avatar\/7fa71899795e8f540f615a1f5ab25255dc27aa40f05ee7ddd21aac521e01bf50?s=96&d=identicon&r=g","contentUrl":"https:\/\/secure.gravatar.com\/avatar\/7fa71899795e8f540f615a1f5ab25255dc27aa40f05ee7ddd21aac521e01bf50?s=96&d=identicon&r=g","caption":"Tomas Jarvid"},"description":"Jag bor i Ulricehamn i V\u00e4sterg\u00f6tland och \u00e4r f\u00f6rsamlingspr\u00e4st i Svenska Kyrkan f\u00f6r Dalstorps f\u00f6rsamling i Kinds pastorat. P\u00e5 den h\u00e4r bloggen skriver jag ner tankar om vandringen som kristen.","sameAs":["http:\/\/www.vandravagen.se"],"url":"https:\/\/blogg.svenskakyrkan.se\/vandravagen\/author\/vandravagen\/"}]}},"author_meta":{"ID":"392","user_nicename":"vandravagen","user_url":"http:\/\/www.vandravagen.se","user_registered":"2014-05-19 05:44:52","display_name":"Tomas Jarvid","first_name":"Tomas","last_name":"Jarvid","avatar":"https:\/\/secure.gravatar.com\/avatar\/7fa71899795e8f540f615a1f5ab25255dc27aa40f05ee7ddd21aac521e01bf50?s=96&d=identicon&r=g"},"featured_image":false,"bloginfo":{"name":"Vandra V\u00e4gen","url":"https:\/\/blogg.svenskakyrkan.se\/vandravagen"},"_links":{"self":[{"href":"https:\/\/blogg.svenskakyrkan.se\/vandravagen\/wp-json\/wp\/v2\/posts\/3353","targetHints":{"allow":["GET"]}}],"collection":[{"href":"https:\/\/blogg.svenskakyrkan.se\/vandravagen\/wp-json\/wp\/v2\/posts"}],"about":[{"href":"https:\/\/blogg.svenskakyrkan.se\/vandravagen\/wp-json\/wp\/v2\/types\/post"}],"author":[{"embeddable":true,"href":"https:\/\/blogg.svenskakyrkan.se\/vandravagen\/wp-json\/wp\/v2\/users\/392"}],"replies":[{"embeddable":true,"href":"https:\/\/blogg.svenskakyrkan.se\/vandravagen\/wp-json\/wp\/v2\/comments?post=3353"}],"version-history":[{"count":2,"href":"https:\/\/blogg.svenskakyrkan.se\/vandravagen\/wp-json\/wp\/v2\/posts\/3353\/revisions"}],"predecessor-version":[{"id":3356,"href":"https:\/\/blogg.svenskakyrkan.se\/vandravagen\/wp-json\/wp\/v2\/posts\/3353\/revisions\/3356"}],"wp:attachment":[{"href":"https:\/\/blogg.svenskakyrkan.se\/vandravagen\/wp-json\/wp\/v2\/media?parent=3353"}],"wp:term":[{"taxonomy":"category","embeddable":true,"href":"https:\/\/blogg.svenskakyrkan.se\/vandravagen\/wp-json\/wp\/v2\/categories?post=3353"},{"taxonomy":"post_tag","embeddable":true,"href":"https:\/\/blogg.svenskakyrkan.se\/vandravagen\/wp-json\/wp\/v2\/tags?post=3353"}],"curies":[{"name":"wp","href":"https:\/\/api.w.org\/{rel}","templated":true}]}}