{"id":336,"date":"2013-09-27T18:00:00","date_gmt":"2013-09-27T16:00:00","guid":{"rendered":"http:\/\/blogg.svenskakyrkan.se\/vandravagen\/2013\/09\/27\/vad-forestaller-bilden-del-xxvi\/"},"modified":"2013-09-27T18:00:00","modified_gmt":"2013-09-27T16:00:00","slug":"vad-forestaller-bilden-del-xxvi","status":"publish","type":"post","link":"https:\/\/blogg.svenskakyrkan.se\/vandravagen\/2013\/09\/27\/vad-forestaller-bilden-del-xxvi\/","title":{"rendered":"Vad f\u00f6rest\u00e4ller bilden del XXVI"},"content":{"rendered":"<div><a href=\"http:\/\/3.bp.blogspot.com\/-kZSmc0zqVJ4\/UkUq8Sm7OII\/AAAAAAAAFeQ\/gLqkqI8aSio\/s1600\/ut+ur+paradiset.jpg\"><img loading=\"lazy\" decoding=\"async\" border=\"0\" height=\"530\" src=\"http:\/\/3.bp.blogspot.com\/-kZSmc0zqVJ4\/UkUq8Sm7OII\/AAAAAAAAFeQ\/gLqkqI8aSio\/s640\/ut+ur+paradiset.jpg\" width=\"640\"><\/a><\/div>\n<div><\/div>\n<div><\/div>\n<div>\u00c5tminstone Marcus och Rosa (\u00e4ra och fanfar!) kunde se att den h\u00e4r bilden f\u00f6rest\u00e4ller hur Adam och Eva f\u00f6rdrivs ur paradiset av \u00e4ngeln med det flammande sv\u00e4rdet. I min tolkning snarare \u00e4n logiskt f\u00f6ljd eller konsekvens av att de brutit med Guds vilja \u00e4n ett straff i egentlig mening. H\u00e4r kommer nu i alla fall en helt annan slags bild, och den f\u00e5r bli sista bilden i den h\u00e4r sviten som kanske redan p\u00e5g\u00e5tt f\u00f6r l\u00e4nge. Nu ska jag samla p\u00e5 mig nya bilder och \u00e5terkomma en annan g\u00e5ng. Tack Simon f\u00f6r att du bidragit med de flesta av bilderna!<\/div>\n<div><\/div>\n<div>Men, som sagt, en till kommer. Vad f\u00f6rest\u00e4ller den h\u00e4r bilden?<\/div>\n<div><\/div>\n<div><\/div>\n<div><a href=\"http:\/\/2.bp.blogspot.com\/-PUBtw3yiXJQ\/UkUrIyPR7DI\/AAAAAAAAFeY\/DrImuJKuD_I\/s1600\/jesus.jpg\"><img loading=\"lazy\" decoding=\"async\" border=\"0\" height=\"400\" src=\"http:\/\/2.bp.blogspot.com\/-PUBtw3yiXJQ\/UkUrIyPR7DI\/AAAAAAAAFeY\/DrImuJKuD_I\/s400\/jesus.jpg\" width=\"298\"><\/a><\/div><\/p>\n","protected":false},"excerpt":{"rendered":"<p>\u00c5tminstone Marcus och Rosa (\u00e4ra och fanfar!) kunde se att den h\u00e4r bilden f\u00f6rest\u00e4ller hur Adam och Eva f\u00f6rdrivs ur paradiset av \u00e4ngeln med det flammande sv\u00e4rdet. I min tolkning snarare \u00e4n logiskt f\u00f6ljd eller konsekvens av att de brutit med Guds vilja \u00e4n ett straff i egentlig mening. H\u00e4r kommer nu i alla fall [&hellip;]<\/p>\n","protected":false},"author":392,"featured_media":0,"comment_status":"open","ping_status":"open","sticky":false,"template":"","format":"standard","meta":{"_acf_changed":false,"footnotes":""},"categories":[79126],"tags":[],"class_list":["post-336","post","type-post","status-publish","format-standard","hentry","category-bildgatan"],"acf":[],"yoast_head":"<!-- This site is optimized with the Yoast SEO plugin v27.1.1 - https:\/\/yoast.com\/product\/yoast-seo-wordpress\/ -->\n<title>Vad f\u00f6rest\u00e4ller bilden del XXVI - Vandra V\u00e4gen<\/title>\n<meta name=\"robots\" content=\"index, follow, max-snippet:-1, max-image-preview:large, max-video-preview:-1\" \/>\n<link rel=\"canonical\" href=\"https:\/\/blogg.svenskakyrkan.se\/vandravagen\/2013\/09\/27\/vad-forestaller-bilden-del-xxvi\/\" \/>\n<meta property=\"og:locale\" content=\"sv_SE\" \/>\n<meta property=\"og:type\" content=\"article\" \/>\n<meta property=\"og:title\" content=\"Vad f\u00f6rest\u00e4ller bilden del XXVI - Vandra V\u00e4gen\" \/>\n<meta property=\"og:description\" content=\"\u00c5tminstone Marcus och Rosa (\u00e4ra och fanfar!) kunde se att den h\u00e4r bilden f\u00f6rest\u00e4ller hur Adam och Eva f\u00f6rdrivs ur paradiset av \u00e4ngeln med det flammande sv\u00e4rdet. I min tolkning snarare \u00e4n logiskt f\u00f6ljd eller konsekvens av att de brutit med Guds vilja \u00e4n ett straff i egentlig mening. H\u00e4r kommer nu i alla fall [&hellip;]\" \/>\n<meta property=\"og:url\" content=\"https:\/\/blogg.svenskakyrkan.se\/vandravagen\/2013\/09\/27\/vad-forestaller-bilden-del-xxvi\/\" \/>\n<meta property=\"og:site_name\" content=\"Vandra V\u00e4gen\" \/>\n<meta property=\"article:publisher\" content=\"http:\/\/facebook.com\/vandravagen\" \/>\n<meta property=\"article:published_time\" content=\"2013-09-27T16:00:00+00:00\" \/>\n<meta property=\"og:image\" content=\"http:\/\/3.bp.blogspot.com\/-kZSmc0zqVJ4\/UkUq8Sm7OII\/AAAAAAAAFeQ\/gLqkqI8aSio\/s640\/ut+ur+paradiset.jpg\" \/>\n<meta name=\"author\" content=\"Tomas Jarvid\" \/>\n<meta name=\"twitter:card\" content=\"summary_large_image\" \/>\n<meta name=\"twitter:creator\" content=\"@fadertomas\" \/>\n<meta name=\"twitter:site\" content=\"@fadertomas\" \/>\n<meta name=\"twitter:label1\" content=\"Skriven av\" \/>\n\t<meta name=\"twitter:data1\" content=\"Tomas Jarvid\" \/>\n\t<meta name=\"twitter:label2\" content=\"Ber\u00e4knad l\u00e4stid\" \/>\n\t<meta name=\"twitter:data2\" content=\"1 minut\" \/>\n<script type=\"application\/ld+json\" class=\"yoast-schema-graph\">{\"@context\":\"https:\/\/schema.org\",\"@graph\":[{\"@type\":\"Article\",\"@id\":\"https:\/\/blogg.svenskakyrkan.se\/vandravagen\/2013\/09\/27\/vad-forestaller-bilden-del-xxvi\/#article\",\"isPartOf\":{\"@id\":\"https:\/\/blogg.svenskakyrkan.se\/vandravagen\/2013\/09\/27\/vad-forestaller-bilden-del-xxvi\/\"},\"author\":{\"name\":\"Tomas Jarvid\",\"@id\":\"https:\/\/blogg.svenskakyrkan.se\/vandravagen\/#\/schema\/person\/25da02d4f76b137d04291711e2c9fc16\"},\"headline\":\"Vad f\u00f6rest\u00e4ller bilden del XXVI\",\"datePublished\":\"2013-09-27T16:00:00+00:00\",\"mainEntityOfPage\":{\"@id\":\"https:\/\/blogg.svenskakyrkan.se\/vandravagen\/2013\/09\/27\/vad-forestaller-bilden-del-xxvi\/\"},\"wordCount\":136,\"commentCount\":1,\"publisher\":{\"@id\":\"https:\/\/blogg.svenskakyrkan.se\/vandravagen\/#organization\"},\"image\":{\"@id\":\"https:\/\/blogg.svenskakyrkan.se\/vandravagen\/2013\/09\/27\/vad-forestaller-bilden-del-xxvi\/#primaryimage\"},\"thumbnailUrl\":\"http:\/\/3.bp.blogspot.com\/-kZSmc0zqVJ4\/UkUq8Sm7OII\/AAAAAAAAFeQ\/gLqkqI8aSio\/s640\/ut+ur+paradiset.jpg\",\"articleSection\":[\"bildg\u00e5tan\"],\"inLanguage\":\"sv-SE\",\"potentialAction\":[{\"@type\":\"CommentAction\",\"name\":\"Comment\",\"target\":[\"https:\/\/blogg.svenskakyrkan.se\/vandravagen\/2013\/09\/27\/vad-forestaller-bilden-del-xxvi\/#respond\"]}]},{\"@type\":\"WebPage\",\"@id\":\"https:\/\/blogg.svenskakyrkan.se\/vandravagen\/2013\/09\/27\/vad-forestaller-bilden-del-xxvi\/\",\"url\":\"https:\/\/blogg.svenskakyrkan.se\/vandravagen\/2013\/09\/27\/vad-forestaller-bilden-del-xxvi\/\",\"name\":\"Vad f\u00f6rest\u00e4ller bilden del XXVI - Vandra V\u00e4gen\",\"isPartOf\":{\"@id\":\"https:\/\/blogg.svenskakyrkan.se\/vandravagen\/#website\"},\"primaryImageOfPage\":{\"@id\":\"https:\/\/blogg.svenskakyrkan.se\/vandravagen\/2013\/09\/27\/vad-forestaller-bilden-del-xxvi\/#primaryimage\"},\"image\":{\"@id\":\"https:\/\/blogg.svenskakyrkan.se\/vandravagen\/2013\/09\/27\/vad-forestaller-bilden-del-xxvi\/#primaryimage\"},\"thumbnailUrl\":\"http:\/\/3.bp.blogspot.com\/-kZSmc0zqVJ4\/UkUq8Sm7OII\/AAAAAAAAFeQ\/gLqkqI8aSio\/s640\/ut+ur+paradiset.jpg\",\"datePublished\":\"2013-09-27T16:00:00+00:00\",\"breadcrumb\":{\"@id\":\"https:\/\/blogg.svenskakyrkan.se\/vandravagen\/2013\/09\/27\/vad-forestaller-bilden-del-xxvi\/#breadcrumb\"},\"inLanguage\":\"sv-SE\",\"potentialAction\":[{\"@type\":\"ReadAction\",\"target\":[\"https:\/\/blogg.svenskakyrkan.se\/vandravagen\/2013\/09\/27\/vad-forestaller-bilden-del-xxvi\/\"]}]},{\"@type\":\"ImageObject\",\"inLanguage\":\"sv-SE\",\"@id\":\"https:\/\/blogg.svenskakyrkan.se\/vandravagen\/2013\/09\/27\/vad-forestaller-bilden-del-xxvi\/#primaryimage\",\"url\":\"http:\/\/3.bp.blogspot.com\/-kZSmc0zqVJ4\/UkUq8Sm7OII\/AAAAAAAAFeQ\/gLqkqI8aSio\/s640\/ut+ur+paradiset.jpg\",\"contentUrl\":\"http:\/\/3.bp.blogspot.com\/-kZSmc0zqVJ4\/UkUq8Sm7OII\/AAAAAAAAFeQ\/gLqkqI8aSio\/s640\/ut+ur+paradiset.jpg\"},{\"@type\":\"BreadcrumbList\",\"@id\":\"https:\/\/blogg.svenskakyrkan.se\/vandravagen\/2013\/09\/27\/vad-forestaller-bilden-del-xxvi\/#breadcrumb\",\"itemListElement\":[{\"@type\":\"ListItem\",\"position\":1,\"name\":\"Hem\",\"item\":\"https:\/\/blogg.svenskakyrkan.se\/vandravagen\/\"},{\"@type\":\"ListItem\",\"position\":2,\"name\":\"Vad f\u00f6rest\u00e4ller bilden del XXVI\"}]},{\"@type\":\"WebSite\",\"@id\":\"https:\/\/blogg.svenskakyrkan.se\/vandravagen\/#website\",\"url\":\"https:\/\/blogg.svenskakyrkan.se\/vandravagen\/\",\"name\":\"Vandra V\u00e4gen\",\"description\":\"-Mot en tro f\u00f6r hela livet\",\"publisher\":{\"@id\":\"https:\/\/blogg.svenskakyrkan.se\/vandravagen\/#organization\"},\"potentialAction\":[{\"@type\":\"SearchAction\",\"target\":{\"@type\":\"EntryPoint\",\"urlTemplate\":\"https:\/\/blogg.svenskakyrkan.se\/vandravagen\/?s={search_term_string}\"},\"query-input\":{\"@type\":\"PropertyValueSpecification\",\"valueRequired\":true,\"valueName\":\"search_term_string\"}}],\"inLanguage\":\"sv-SE\"},{\"@type\":\"Organization\",\"@id\":\"https:\/\/blogg.svenskakyrkan.se\/vandravagen\/#organization\",\"name\":\"ulricehamns pastorat\",\"alternateName\":\"ulricehamns pastorat\",\"url\":\"https:\/\/blogg.svenskakyrkan.se\/vandravagen\/\",\"logo\":{\"@type\":\"ImageObject\",\"inLanguage\":\"sv-SE\",\"@id\":\"https:\/\/blogg.svenskakyrkan.se\/vandravagen\/#\/schema\/logo\/image\/\",\"url\":\"https:\/\/blogg.svenskakyrkan.se\/vandravagen\/files\/2023\/05\/Ulr_logo_RGB.png\",\"contentUrl\":\"https:\/\/blogg.svenskakyrkan.se\/vandravagen\/files\/2023\/05\/Ulr_logo_RGB.png\",\"width\":205,\"height\":77,\"caption\":\"ulricehamns pastorat\"},\"image\":{\"@id\":\"https:\/\/blogg.svenskakyrkan.se\/vandravagen\/#\/schema\/logo\/image\/\"},\"sameAs\":[\"http:\/\/facebook.com\/vandravagen\",\"https:\/\/x.com\/fadertomas\",\"http:\/\/www.facebook.com\/svenskakyrkaniulricehamn\"]},{\"@type\":\"Person\",\"@id\":\"https:\/\/blogg.svenskakyrkan.se\/vandravagen\/#\/schema\/person\/25da02d4f76b137d04291711e2c9fc16\",\"name\":\"Tomas Jarvid\",\"image\":{\"@type\":\"ImageObject\",\"inLanguage\":\"sv-SE\",\"@id\":\"https:\/\/blogg.svenskakyrkan.se\/vandravagen\/#\/schema\/person\/image\/\",\"url\":\"https:\/\/secure.gravatar.com\/avatar\/7fa71899795e8f540f615a1f5ab25255dc27aa40f05ee7ddd21aac521e01bf50?s=96&d=identicon&r=g\",\"contentUrl\":\"https:\/\/secure.gravatar.com\/avatar\/7fa71899795e8f540f615a1f5ab25255dc27aa40f05ee7ddd21aac521e01bf50?s=96&d=identicon&r=g\",\"caption\":\"Tomas Jarvid\"},\"description\":\"Jag bor i Ulricehamn i V\u00e4sterg\u00f6tland och \u00e4r f\u00f6rsamlingspr\u00e4st i Svenska Kyrkan f\u00f6r Dalstorps f\u00f6rsamling i Kinds pastorat. P\u00e5 den h\u00e4r bloggen skriver jag ner tankar om vandringen som kristen.\",\"sameAs\":[\"http:\/\/www.vandravagen.se\"],\"url\":\"https:\/\/blogg.svenskakyrkan.se\/vandravagen\/author\/vandravagen\/\"}]}<\/script>\n<!-- \/ Yoast SEO plugin. -->","yoast_head_json":{"title":"Vad f\u00f6rest\u00e4ller bilden del XXVI - Vandra V\u00e4gen","robots":{"index":"index","follow":"follow","max-snippet":"max-snippet:-1","max-image-preview":"max-image-preview:large","max-video-preview":"max-video-preview:-1"},"canonical":"https:\/\/blogg.svenskakyrkan.se\/vandravagen\/2013\/09\/27\/vad-forestaller-bilden-del-xxvi\/","og_locale":"sv_SE","og_type":"article","og_title":"Vad f\u00f6rest\u00e4ller bilden del XXVI - Vandra V\u00e4gen","og_description":"\u00c5tminstone Marcus och Rosa (\u00e4ra och fanfar!) kunde se att den h\u00e4r bilden f\u00f6rest\u00e4ller hur Adam och Eva f\u00f6rdrivs ur paradiset av \u00e4ngeln med det flammande sv\u00e4rdet. I min tolkning snarare \u00e4n logiskt f\u00f6ljd eller konsekvens av att de brutit med Guds vilja \u00e4n ett straff i egentlig mening. H\u00e4r kommer nu i alla fall [&hellip;]","og_url":"https:\/\/blogg.svenskakyrkan.se\/vandravagen\/2013\/09\/27\/vad-forestaller-bilden-del-xxvi\/","og_site_name":"Vandra V\u00e4gen","article_publisher":"http:\/\/facebook.com\/vandravagen","article_published_time":"2013-09-27T16:00:00+00:00","og_image":[{"url":"http:\/\/3.bp.blogspot.com\/-kZSmc0zqVJ4\/UkUq8Sm7OII\/AAAAAAAAFeQ\/gLqkqI8aSio\/s640\/ut+ur+paradiset.jpg","type":"","width":"","height":""}],"author":"Tomas Jarvid","twitter_card":"summary_large_image","twitter_creator":"@fadertomas","twitter_site":"@fadertomas","twitter_misc":{"Skriven av":"Tomas Jarvid","Ber\u00e4knad l\u00e4stid":"1 minut"},"schema":{"@context":"https:\/\/schema.org","@graph":[{"@type":"Article","@id":"https:\/\/blogg.svenskakyrkan.se\/vandravagen\/2013\/09\/27\/vad-forestaller-bilden-del-xxvi\/#article","isPartOf":{"@id":"https:\/\/blogg.svenskakyrkan.se\/vandravagen\/2013\/09\/27\/vad-forestaller-bilden-del-xxvi\/"},"author":{"name":"Tomas Jarvid","@id":"https:\/\/blogg.svenskakyrkan.se\/vandravagen\/#\/schema\/person\/25da02d4f76b137d04291711e2c9fc16"},"headline":"Vad f\u00f6rest\u00e4ller bilden del XXVI","datePublished":"2013-09-27T16:00:00+00:00","mainEntityOfPage":{"@id":"https:\/\/blogg.svenskakyrkan.se\/vandravagen\/2013\/09\/27\/vad-forestaller-bilden-del-xxvi\/"},"wordCount":136,"commentCount":1,"publisher":{"@id":"https:\/\/blogg.svenskakyrkan.se\/vandravagen\/#organization"},"image":{"@id":"https:\/\/blogg.svenskakyrkan.se\/vandravagen\/2013\/09\/27\/vad-forestaller-bilden-del-xxvi\/#primaryimage"},"thumbnailUrl":"http:\/\/3.bp.blogspot.com\/-kZSmc0zqVJ4\/UkUq8Sm7OII\/AAAAAAAAFeQ\/gLqkqI8aSio\/s640\/ut+ur+paradiset.jpg","articleSection":["bildg\u00e5tan"],"inLanguage":"sv-SE","potentialAction":[{"@type":"CommentAction","name":"Comment","target":["https:\/\/blogg.svenskakyrkan.se\/vandravagen\/2013\/09\/27\/vad-forestaller-bilden-del-xxvi\/#respond"]}]},{"@type":"WebPage","@id":"https:\/\/blogg.svenskakyrkan.se\/vandravagen\/2013\/09\/27\/vad-forestaller-bilden-del-xxvi\/","url":"https:\/\/blogg.svenskakyrkan.se\/vandravagen\/2013\/09\/27\/vad-forestaller-bilden-del-xxvi\/","name":"Vad f\u00f6rest\u00e4ller bilden del XXVI - Vandra V\u00e4gen","isPartOf":{"@id":"https:\/\/blogg.svenskakyrkan.se\/vandravagen\/#website"},"primaryImageOfPage":{"@id":"https:\/\/blogg.svenskakyrkan.se\/vandravagen\/2013\/09\/27\/vad-forestaller-bilden-del-xxvi\/#primaryimage"},"image":{"@id":"https:\/\/blogg.svenskakyrkan.se\/vandravagen\/2013\/09\/27\/vad-forestaller-bilden-del-xxvi\/#primaryimage"},"thumbnailUrl":"http:\/\/3.bp.blogspot.com\/-kZSmc0zqVJ4\/UkUq8Sm7OII\/AAAAAAAAFeQ\/gLqkqI8aSio\/s640\/ut+ur+paradiset.jpg","datePublished":"2013-09-27T16:00:00+00:00","breadcrumb":{"@id":"https:\/\/blogg.svenskakyrkan.se\/vandravagen\/2013\/09\/27\/vad-forestaller-bilden-del-xxvi\/#breadcrumb"},"inLanguage":"sv-SE","potentialAction":[{"@type":"ReadAction","target":["https:\/\/blogg.svenskakyrkan.se\/vandravagen\/2013\/09\/27\/vad-forestaller-bilden-del-xxvi\/"]}]},{"@type":"ImageObject","inLanguage":"sv-SE","@id":"https:\/\/blogg.svenskakyrkan.se\/vandravagen\/2013\/09\/27\/vad-forestaller-bilden-del-xxvi\/#primaryimage","url":"http:\/\/3.bp.blogspot.com\/-kZSmc0zqVJ4\/UkUq8Sm7OII\/AAAAAAAAFeQ\/gLqkqI8aSio\/s640\/ut+ur+paradiset.jpg","contentUrl":"http:\/\/3.bp.blogspot.com\/-kZSmc0zqVJ4\/UkUq8Sm7OII\/AAAAAAAAFeQ\/gLqkqI8aSio\/s640\/ut+ur+paradiset.jpg"},{"@type":"BreadcrumbList","@id":"https:\/\/blogg.svenskakyrkan.se\/vandravagen\/2013\/09\/27\/vad-forestaller-bilden-del-xxvi\/#breadcrumb","itemListElement":[{"@type":"ListItem","position":1,"name":"Hem","item":"https:\/\/blogg.svenskakyrkan.se\/vandravagen\/"},{"@type":"ListItem","position":2,"name":"Vad f\u00f6rest\u00e4ller bilden del XXVI"}]},{"@type":"WebSite","@id":"https:\/\/blogg.svenskakyrkan.se\/vandravagen\/#website","url":"https:\/\/blogg.svenskakyrkan.se\/vandravagen\/","name":"Vandra V\u00e4gen","description":"-Mot en tro f\u00f6r hela livet","publisher":{"@id":"https:\/\/blogg.svenskakyrkan.se\/vandravagen\/#organization"},"potentialAction":[{"@type":"SearchAction","target":{"@type":"EntryPoint","urlTemplate":"https:\/\/blogg.svenskakyrkan.se\/vandravagen\/?s={search_term_string}"},"query-input":{"@type":"PropertyValueSpecification","valueRequired":true,"valueName":"search_term_string"}}],"inLanguage":"sv-SE"},{"@type":"Organization","@id":"https:\/\/blogg.svenskakyrkan.se\/vandravagen\/#organization","name":"ulricehamns pastorat","alternateName":"ulricehamns pastorat","url":"https:\/\/blogg.svenskakyrkan.se\/vandravagen\/","logo":{"@type":"ImageObject","inLanguage":"sv-SE","@id":"https:\/\/blogg.svenskakyrkan.se\/vandravagen\/#\/schema\/logo\/image\/","url":"https:\/\/blogg.svenskakyrkan.se\/vandravagen\/files\/2023\/05\/Ulr_logo_RGB.png","contentUrl":"https:\/\/blogg.svenskakyrkan.se\/vandravagen\/files\/2023\/05\/Ulr_logo_RGB.png","width":205,"height":77,"caption":"ulricehamns pastorat"},"image":{"@id":"https:\/\/blogg.svenskakyrkan.se\/vandravagen\/#\/schema\/logo\/image\/"},"sameAs":["http:\/\/facebook.com\/vandravagen","https:\/\/x.com\/fadertomas","http:\/\/www.facebook.com\/svenskakyrkaniulricehamn"]},{"@type":"Person","@id":"https:\/\/blogg.svenskakyrkan.se\/vandravagen\/#\/schema\/person\/25da02d4f76b137d04291711e2c9fc16","name":"Tomas Jarvid","image":{"@type":"ImageObject","inLanguage":"sv-SE","@id":"https:\/\/blogg.svenskakyrkan.se\/vandravagen\/#\/schema\/person\/image\/","url":"https:\/\/secure.gravatar.com\/avatar\/7fa71899795e8f540f615a1f5ab25255dc27aa40f05ee7ddd21aac521e01bf50?s=96&d=identicon&r=g","contentUrl":"https:\/\/secure.gravatar.com\/avatar\/7fa71899795e8f540f615a1f5ab25255dc27aa40f05ee7ddd21aac521e01bf50?s=96&d=identicon&r=g","caption":"Tomas Jarvid"},"description":"Jag bor i Ulricehamn i V\u00e4sterg\u00f6tland och \u00e4r f\u00f6rsamlingspr\u00e4st i Svenska Kyrkan f\u00f6r Dalstorps f\u00f6rsamling i Kinds pastorat. P\u00e5 den h\u00e4r bloggen skriver jag ner tankar om vandringen som kristen.","sameAs":["http:\/\/www.vandravagen.se"],"url":"https:\/\/blogg.svenskakyrkan.se\/vandravagen\/author\/vandravagen\/"}]}},"author_meta":{"ID":"392","user_nicename":"vandravagen","user_url":"http:\/\/www.vandravagen.se","user_registered":"2014-05-19 05:44:52","display_name":"Tomas Jarvid","first_name":"Tomas","last_name":"Jarvid","avatar":"https:\/\/secure.gravatar.com\/avatar\/7fa71899795e8f540f615a1f5ab25255dc27aa40f05ee7ddd21aac521e01bf50?s=96&d=identicon&r=g"},"featured_image":false,"bloginfo":{"name":"Vandra V\u00e4gen","url":"https:\/\/blogg.svenskakyrkan.se\/vandravagen"},"_links":{"self":[{"href":"https:\/\/blogg.svenskakyrkan.se\/vandravagen\/wp-json\/wp\/v2\/posts\/336","targetHints":{"allow":["GET"]}}],"collection":[{"href":"https:\/\/blogg.svenskakyrkan.se\/vandravagen\/wp-json\/wp\/v2\/posts"}],"about":[{"href":"https:\/\/blogg.svenskakyrkan.se\/vandravagen\/wp-json\/wp\/v2\/types\/post"}],"author":[{"embeddable":true,"href":"https:\/\/blogg.svenskakyrkan.se\/vandravagen\/wp-json\/wp\/v2\/users\/392"}],"replies":[{"embeddable":true,"href":"https:\/\/blogg.svenskakyrkan.se\/vandravagen\/wp-json\/wp\/v2\/comments?post=336"}],"version-history":[{"count":0,"href":"https:\/\/blogg.svenskakyrkan.se\/vandravagen\/wp-json\/wp\/v2\/posts\/336\/revisions"}],"wp:attachment":[{"href":"https:\/\/blogg.svenskakyrkan.se\/vandravagen\/wp-json\/wp\/v2\/media?parent=336"}],"wp:term":[{"taxonomy":"category","embeddable":true,"href":"https:\/\/blogg.svenskakyrkan.se\/vandravagen\/wp-json\/wp\/v2\/categories?post=336"},{"taxonomy":"post_tag","embeddable":true,"href":"https:\/\/blogg.svenskakyrkan.se\/vandravagen\/wp-json\/wp\/v2\/tags?post=336"}],"curies":[{"name":"wp","href":"https:\/\/api.w.org\/{rel}","templated":true}]}}