{"id":338,"date":"2013-09-26T09:12:00","date_gmt":"2013-09-26T07:12:00","guid":{"rendered":"http:\/\/blogg.svenskakyrkan.se\/vandravagen\/2013\/09\/26\/broli-pappas-pengar-och-att-vara-rik-infor-gud\/"},"modified":"2013-09-26T09:12:00","modified_gmt":"2013-09-26T07:12:00","slug":"broli-pappas-pengar-och-att-vara-rik-infor-gud","status":"publish","type":"post","link":"https:\/\/blogg.svenskakyrkan.se\/vandravagen\/2013\/09\/26\/broli-pappas-pengar-och-att-vara-rik-infor-gud\/","title":{"rendered":"Br\u00f6li, &quot;pappas pengar&quot; och att vara rik inf\u00f6r Gud"},"content":{"rendered":"<table align=\"center\" cellpadding=\"0\" cellspacing=\"0\">\n<tbody>\n<tr>\n<td><a href=\"http:\/\/blogg.svt.se\/svtb\/files\/pappaspengar2-460x258.jpg\"><img loading=\"lazy\" decoding=\"async\" border=\"0\" height=\"223\" src=\"http:\/\/blogg.svt.se\/svtb\/files\/pappaspengar2-460x258.jpg\" width=\"400\"><\/a><\/td>\n<\/tr>\n<tr>\n<td>Br\u00f6li och hans pappa, bildk\u00e4lla svt.<\/td>\n<\/tr>\n<\/tbody>\n<\/table>\n<p>Jag lever kvar i temat f\u00f6r s\u00f6ndagen som varit (17e efter trefaldighet); &#8221;rik inf\u00f6r Gud&#8221;. Jag t\u00e4nker p\u00e5 barntv-serien &#8221;pappas pengar&#8221; som ska f\u00f6rest\u00e4lla handla om far och son i Sveriges rikaste familj. De \u00e4r r\u00e4tt hoppl\u00f6sa typer men jag \u00e4lskar det programmet och tycker det \u00e4r vansinnigt charmigt gjort.<\/p>\n<p>I ett avsnitt vill sonen Br\u00f6li testa att tj\u00e4na egna pengar. Det g\u00e5r s\u00e5d\u00e4r och pappa m\u00e5ste som vanligt rycka ut och curla f\u00f6r honom s\u00e5 att han f\u00e5r en inkomst med minimal arbetsinsats. Br\u00f6li sj\u00e4lv genomsk\u00e5dar f\u00f6rst\u00e5s inte vad som h\u00e4nder utan \u00e4r stolt och n\u00f6jd \u00f6ver att tj\u00e4na egna pengar&#8230;<\/p>\n<p>Jag t\u00e4nker att det \u00e4r s\u00e5 med oss m\u00e4nniskor. Vi \u00e4r i regel v\u00e4ldigt intresserade av att bli framg\u00e5ngsrika p\u00e5 olika s\u00e4tt, ofta genom att bli rika. Sedan tar vi det vi tj\u00e4nat ihop och visar stolt upp det f\u00f6r varandra och kanske \u00e4ven inf\u00f6r Gud &#8221;se bara s\u00e5 mycket jag \u00e4ger\/s\u00e5 bra jag kan sjunga\/ s\u00e5 skicklig jag blivit p\u00e5 att bygga flygplan etc.&#8221;<\/p>\n<p>Fr\u00e5gan \u00e4r om det inte ofta \u00e4r som med Br\u00f6li och hans pappa. Vi vill stolt visa upp n\u00e5got som v\u00e5rt eget n\u00e4r vi samtidigt egentligen \u00e4r otroligt rika genom det vi f\u00e5r fr\u00e5n Gud som hans barn. Varje dag och stund f\u00e5r vi livet och allt gott det inneh\u00e5ller och vi kan inte \u00e5stadkomma n\u00e5got som kommer i n\u00e4rheten av det p\u00e5 egen hand, \u00e4nd\u00e5 vill vi g\u00e4rna ha n\u00e5got eget att peka p\u00e5?<\/p>\n<p>Oftast \u00e4r vi nog r\u00e4tt ointresserade av att vara &#8221;rika inf\u00f6r Gud&#8221;. Vi \u00e4r nog d\u00e4remot v\u00e4ldigt intresserade av att framst\u00e5 som rika, beg\u00e5vade, intressanta och s\u00e5 vidare inf\u00f6r andra m\u00e4nniskor. Men OM vi nu \u00e4nd\u00e5 skulle vilja visa upp n\u00e5got inf\u00f6r Gud kanske Gud skulle skruva p\u00e5 sig lite besv\u00e4rat som Br\u00f6lis pappa och mena att &#8221;jo, det var ju fint det d\u00e4r men&#8230; har du t\u00e4nkt p\u00e5 att det egentligen kommer fr\u00e5n mig alltihop? De d\u00e4r g\u00e5vorna och potentialerna, de har jag lagt ner. Allt du har, kan och \u00e4r \u00e4r ytterst sett g\u00e5vor och l\u00e5n. Fast det g\u00f6r inget, det \u00e4r min gl\u00e4dje att ge dig saker och det borde vara din gl\u00e4dje att ta emot och f\u00f6rvalta g\u00e5vor&#8221;.<\/p>\n<p>S\u00e5 s\u00e4ger inte Br\u00f6lis pappa, han har inte s\u00e5 l\u00e4tt att uttrycka sig och f\u00f6rklara f\u00f6r sin son.<\/p>\n<p>Be g\u00e4rna med mig:<br \/>Genom dopet h\u00f6r vi ihop med en oerh\u00f6rt rik familj. En som har oanade rikedomar. Gud, hj\u00e4lp oss att h\u00f6ja blicken och se det ist\u00e4llet f\u00f6r att stirra s\u00e5 mycket p\u00e5 mig och mitt. Amen<\/p>\n","protected":false},"excerpt":{"rendered":"<p>Br\u00f6li och hans pappa, bildk\u00e4lla svt. Jag lever kvar i temat f\u00f6r s\u00f6ndagen som varit (17e efter trefaldighet); &#8221;rik inf\u00f6r Gud&#8221;. Jag t\u00e4nker p\u00e5 barntv-serien &#8221;pappas pengar&#8221; som ska f\u00f6rest\u00e4lla handla om far och son i Sveriges rikaste familj. De \u00e4r r\u00e4tt hoppl\u00f6sa typer men jag \u00e4lskar det programmet och tycker det \u00e4r vansinnigt charmigt [&hellip;]<\/p>\n","protected":false},"author":392,"featured_media":0,"comment_status":"open","ping_status":"open","sticky":false,"template":"","format":"standard","meta":{"_acf_changed":false,"footnotes":""},"categories":[8252,117],"tags":[],"class_list":["post-338","post","type-post","status-publish","format-standard","hentry","category-kyrkoaret","category-teologi"],"acf":[],"yoast_head":"<!-- This site is optimized with the Yoast SEO plugin v27.1.1 - https:\/\/yoast.com\/product\/yoast-seo-wordpress\/ -->\n<title>Br\u00f6li, &quot;pappas pengar&quot; och att vara rik inf\u00f6r Gud - Vandra V\u00e4gen<\/title>\n<meta name=\"robots\" content=\"index, follow, max-snippet:-1, max-image-preview:large, max-video-preview:-1\" \/>\n<link rel=\"canonical\" href=\"https:\/\/blogg.svenskakyrkan.se\/vandravagen\/2013\/09\/26\/broli-pappas-pengar-och-att-vara-rik-infor-gud\/\" \/>\n<meta property=\"og:locale\" content=\"sv_SE\" \/>\n<meta property=\"og:type\" content=\"article\" \/>\n<meta property=\"og:title\" content=\"Br\u00f6li, &quot;pappas pengar&quot; och att vara rik inf\u00f6r Gud - Vandra V\u00e4gen\" \/>\n<meta property=\"og:description\" content=\"Br\u00f6li och hans pappa, bildk\u00e4lla svt. Jag lever kvar i temat f\u00f6r s\u00f6ndagen som varit (17e efter trefaldighet); &#8221;rik inf\u00f6r Gud&#8221;. Jag t\u00e4nker p\u00e5 barntv-serien &#8221;pappas pengar&#8221; som ska f\u00f6rest\u00e4lla handla om far och son i Sveriges rikaste familj. De \u00e4r r\u00e4tt hoppl\u00f6sa typer men jag \u00e4lskar det programmet och tycker det \u00e4r vansinnigt charmigt [&hellip;]\" \/>\n<meta property=\"og:url\" content=\"https:\/\/blogg.svenskakyrkan.se\/vandravagen\/2013\/09\/26\/broli-pappas-pengar-och-att-vara-rik-infor-gud\/\" \/>\n<meta property=\"og:site_name\" content=\"Vandra V\u00e4gen\" \/>\n<meta property=\"article:publisher\" content=\"http:\/\/facebook.com\/vandravagen\" \/>\n<meta property=\"article:published_time\" content=\"2013-09-26T07:12:00+00:00\" \/>\n<meta property=\"og:image\" content=\"http:\/\/blogg.svt.se\/svtb\/files\/pappaspengar2-460x258.jpg\" \/>\n<meta name=\"author\" content=\"Tomas Jarvid\" \/>\n<meta name=\"twitter:card\" content=\"summary_large_image\" \/>\n<meta name=\"twitter:creator\" content=\"@fadertomas\" \/>\n<meta name=\"twitter:site\" content=\"@fadertomas\" \/>\n<meta name=\"twitter:label1\" content=\"Skriven av\" \/>\n\t<meta name=\"twitter:data1\" content=\"Tomas Jarvid\" \/>\n\t<meta name=\"twitter:label2\" content=\"Ber\u00e4knad l\u00e4stid\" \/>\n\t<meta name=\"twitter:data2\" content=\"3 minuter\" \/>\n<script type=\"application\/ld+json\" class=\"yoast-schema-graph\">{\"@context\":\"https:\/\/schema.org\",\"@graph\":[{\"@type\":\"Article\",\"@id\":\"https:\/\/blogg.svenskakyrkan.se\/vandravagen\/2013\/09\/26\/broli-pappas-pengar-och-att-vara-rik-infor-gud\/#article\",\"isPartOf\":{\"@id\":\"https:\/\/blogg.svenskakyrkan.se\/vandravagen\/2013\/09\/26\/broli-pappas-pengar-och-att-vara-rik-infor-gud\/\"},\"author\":{\"name\":\"Tomas Jarvid\",\"@id\":\"https:\/\/blogg.svenskakyrkan.se\/vandravagen\/#\/schema\/person\/25da02d4f76b137d04291711e2c9fc16\"},\"headline\":\"Br\u00f6li, &quot;pappas pengar&quot; och att vara rik inf\u00f6r Gud\",\"datePublished\":\"2013-09-26T07:12:00+00:00\",\"mainEntityOfPage\":{\"@id\":\"https:\/\/blogg.svenskakyrkan.se\/vandravagen\/2013\/09\/26\/broli-pappas-pengar-och-att-vara-rik-infor-gud\/\"},\"wordCount\":523,\"commentCount\":0,\"publisher\":{\"@id\":\"https:\/\/blogg.svenskakyrkan.se\/vandravagen\/#organization\"},\"image\":{\"@id\":\"https:\/\/blogg.svenskakyrkan.se\/vandravagen\/2013\/09\/26\/broli-pappas-pengar-och-att-vara-rik-infor-gud\/#primaryimage\"},\"thumbnailUrl\":\"http:\/\/blogg.svt.se\/svtb\/files\/pappaspengar2-460x258.jpg\",\"articleSection\":[\"kyrko\u00e5ret\",\"Teologi\"],\"inLanguage\":\"sv-SE\",\"potentialAction\":[{\"@type\":\"CommentAction\",\"name\":\"Comment\",\"target\":[\"https:\/\/blogg.svenskakyrkan.se\/vandravagen\/2013\/09\/26\/broli-pappas-pengar-och-att-vara-rik-infor-gud\/#respond\"]}]},{\"@type\":\"WebPage\",\"@id\":\"https:\/\/blogg.svenskakyrkan.se\/vandravagen\/2013\/09\/26\/broli-pappas-pengar-och-att-vara-rik-infor-gud\/\",\"url\":\"https:\/\/blogg.svenskakyrkan.se\/vandravagen\/2013\/09\/26\/broli-pappas-pengar-och-att-vara-rik-infor-gud\/\",\"name\":\"Br\u00f6li, &quot;pappas pengar&quot; och att vara rik inf\u00f6r Gud - Vandra V\u00e4gen\",\"isPartOf\":{\"@id\":\"https:\/\/blogg.svenskakyrkan.se\/vandravagen\/#website\"},\"primaryImageOfPage\":{\"@id\":\"https:\/\/blogg.svenskakyrkan.se\/vandravagen\/2013\/09\/26\/broli-pappas-pengar-och-att-vara-rik-infor-gud\/#primaryimage\"},\"image\":{\"@id\":\"https:\/\/blogg.svenskakyrkan.se\/vandravagen\/2013\/09\/26\/broli-pappas-pengar-och-att-vara-rik-infor-gud\/#primaryimage\"},\"thumbnailUrl\":\"http:\/\/blogg.svt.se\/svtb\/files\/pappaspengar2-460x258.jpg\",\"datePublished\":\"2013-09-26T07:12:00+00:00\",\"breadcrumb\":{\"@id\":\"https:\/\/blogg.svenskakyrkan.se\/vandravagen\/2013\/09\/26\/broli-pappas-pengar-och-att-vara-rik-infor-gud\/#breadcrumb\"},\"inLanguage\":\"sv-SE\",\"potentialAction\":[{\"@type\":\"ReadAction\",\"target\":[\"https:\/\/blogg.svenskakyrkan.se\/vandravagen\/2013\/09\/26\/broli-pappas-pengar-och-att-vara-rik-infor-gud\/\"]}]},{\"@type\":\"ImageObject\",\"inLanguage\":\"sv-SE\",\"@id\":\"https:\/\/blogg.svenskakyrkan.se\/vandravagen\/2013\/09\/26\/broli-pappas-pengar-och-att-vara-rik-infor-gud\/#primaryimage\",\"url\":\"http:\/\/blogg.svt.se\/svtb\/files\/pappaspengar2-460x258.jpg\",\"contentUrl\":\"http:\/\/blogg.svt.se\/svtb\/files\/pappaspengar2-460x258.jpg\"},{\"@type\":\"BreadcrumbList\",\"@id\":\"https:\/\/blogg.svenskakyrkan.se\/vandravagen\/2013\/09\/26\/broli-pappas-pengar-och-att-vara-rik-infor-gud\/#breadcrumb\",\"itemListElement\":[{\"@type\":\"ListItem\",\"position\":1,\"name\":\"Hem\",\"item\":\"https:\/\/blogg.svenskakyrkan.se\/vandravagen\/\"},{\"@type\":\"ListItem\",\"position\":2,\"name\":\"Br\u00f6li, &quot;pappas pengar&quot; och att vara rik inf\u00f6r Gud\"}]},{\"@type\":\"WebSite\",\"@id\":\"https:\/\/blogg.svenskakyrkan.se\/vandravagen\/#website\",\"url\":\"https:\/\/blogg.svenskakyrkan.se\/vandravagen\/\",\"name\":\"Vandra V\u00e4gen\",\"description\":\"-Mot en tro f\u00f6r hela livet\",\"publisher\":{\"@id\":\"https:\/\/blogg.svenskakyrkan.se\/vandravagen\/#organization\"},\"potentialAction\":[{\"@type\":\"SearchAction\",\"target\":{\"@type\":\"EntryPoint\",\"urlTemplate\":\"https:\/\/blogg.svenskakyrkan.se\/vandravagen\/?s={search_term_string}\"},\"query-input\":{\"@type\":\"PropertyValueSpecification\",\"valueRequired\":true,\"valueName\":\"search_term_string\"}}],\"inLanguage\":\"sv-SE\"},{\"@type\":\"Organization\",\"@id\":\"https:\/\/blogg.svenskakyrkan.se\/vandravagen\/#organization\",\"name\":\"ulricehamns pastorat\",\"alternateName\":\"ulricehamns pastorat\",\"url\":\"https:\/\/blogg.svenskakyrkan.se\/vandravagen\/\",\"logo\":{\"@type\":\"ImageObject\",\"inLanguage\":\"sv-SE\",\"@id\":\"https:\/\/blogg.svenskakyrkan.se\/vandravagen\/#\/schema\/logo\/image\/\",\"url\":\"https:\/\/blogg.svenskakyrkan.se\/vandravagen\/files\/2023\/05\/Ulr_logo_RGB.png\",\"contentUrl\":\"https:\/\/blogg.svenskakyrkan.se\/vandravagen\/files\/2023\/05\/Ulr_logo_RGB.png\",\"width\":205,\"height\":77,\"caption\":\"ulricehamns pastorat\"},\"image\":{\"@id\":\"https:\/\/blogg.svenskakyrkan.se\/vandravagen\/#\/schema\/logo\/image\/\"},\"sameAs\":[\"http:\/\/facebook.com\/vandravagen\",\"https:\/\/x.com\/fadertomas\",\"http:\/\/www.facebook.com\/svenskakyrkaniulricehamn\"]},{\"@type\":\"Person\",\"@id\":\"https:\/\/blogg.svenskakyrkan.se\/vandravagen\/#\/schema\/person\/25da02d4f76b137d04291711e2c9fc16\",\"name\":\"Tomas Jarvid\",\"image\":{\"@type\":\"ImageObject\",\"inLanguage\":\"sv-SE\",\"@id\":\"https:\/\/blogg.svenskakyrkan.se\/vandravagen\/#\/schema\/person\/image\/\",\"url\":\"https:\/\/secure.gravatar.com\/avatar\/7fa71899795e8f540f615a1f5ab25255dc27aa40f05ee7ddd21aac521e01bf50?s=96&d=identicon&r=g\",\"contentUrl\":\"https:\/\/secure.gravatar.com\/avatar\/7fa71899795e8f540f615a1f5ab25255dc27aa40f05ee7ddd21aac521e01bf50?s=96&d=identicon&r=g\",\"caption\":\"Tomas Jarvid\"},\"description\":\"Jag bor i Ulricehamn i V\u00e4sterg\u00f6tland och \u00e4r f\u00f6rsamlingspr\u00e4st i Svenska Kyrkan f\u00f6r Dalstorps f\u00f6rsamling i Kinds pastorat. P\u00e5 den h\u00e4r bloggen skriver jag ner tankar om vandringen som kristen.\",\"sameAs\":[\"http:\/\/www.vandravagen.se\"],\"url\":\"https:\/\/blogg.svenskakyrkan.se\/vandravagen\/author\/vandravagen\/\"}]}<\/script>\n<!-- \/ Yoast SEO plugin. -->","yoast_head_json":{"title":"Br\u00f6li, &quot;pappas pengar&quot; och att vara rik inf\u00f6r Gud - Vandra V\u00e4gen","robots":{"index":"index","follow":"follow","max-snippet":"max-snippet:-1","max-image-preview":"max-image-preview:large","max-video-preview":"max-video-preview:-1"},"canonical":"https:\/\/blogg.svenskakyrkan.se\/vandravagen\/2013\/09\/26\/broli-pappas-pengar-och-att-vara-rik-infor-gud\/","og_locale":"sv_SE","og_type":"article","og_title":"Br\u00f6li, &quot;pappas pengar&quot; och att vara rik inf\u00f6r Gud - Vandra V\u00e4gen","og_description":"Br\u00f6li och hans pappa, bildk\u00e4lla svt. Jag lever kvar i temat f\u00f6r s\u00f6ndagen som varit (17e efter trefaldighet); &#8221;rik inf\u00f6r Gud&#8221;. Jag t\u00e4nker p\u00e5 barntv-serien &#8221;pappas pengar&#8221; som ska f\u00f6rest\u00e4lla handla om far och son i Sveriges rikaste familj. De \u00e4r r\u00e4tt hoppl\u00f6sa typer men jag \u00e4lskar det programmet och tycker det \u00e4r vansinnigt charmigt [&hellip;]","og_url":"https:\/\/blogg.svenskakyrkan.se\/vandravagen\/2013\/09\/26\/broli-pappas-pengar-och-att-vara-rik-infor-gud\/","og_site_name":"Vandra V\u00e4gen","article_publisher":"http:\/\/facebook.com\/vandravagen","article_published_time":"2013-09-26T07:12:00+00:00","og_image":[{"url":"http:\/\/blogg.svt.se\/svtb\/files\/pappaspengar2-460x258.jpg","type":"","width":"","height":""}],"author":"Tomas Jarvid","twitter_card":"summary_large_image","twitter_creator":"@fadertomas","twitter_site":"@fadertomas","twitter_misc":{"Skriven av":"Tomas Jarvid","Ber\u00e4knad l\u00e4stid":"3 minuter"},"schema":{"@context":"https:\/\/schema.org","@graph":[{"@type":"Article","@id":"https:\/\/blogg.svenskakyrkan.se\/vandravagen\/2013\/09\/26\/broli-pappas-pengar-och-att-vara-rik-infor-gud\/#article","isPartOf":{"@id":"https:\/\/blogg.svenskakyrkan.se\/vandravagen\/2013\/09\/26\/broli-pappas-pengar-och-att-vara-rik-infor-gud\/"},"author":{"name":"Tomas Jarvid","@id":"https:\/\/blogg.svenskakyrkan.se\/vandravagen\/#\/schema\/person\/25da02d4f76b137d04291711e2c9fc16"},"headline":"Br\u00f6li, &quot;pappas pengar&quot; och att vara rik inf\u00f6r Gud","datePublished":"2013-09-26T07:12:00+00:00","mainEntityOfPage":{"@id":"https:\/\/blogg.svenskakyrkan.se\/vandravagen\/2013\/09\/26\/broli-pappas-pengar-och-att-vara-rik-infor-gud\/"},"wordCount":523,"commentCount":0,"publisher":{"@id":"https:\/\/blogg.svenskakyrkan.se\/vandravagen\/#organization"},"image":{"@id":"https:\/\/blogg.svenskakyrkan.se\/vandravagen\/2013\/09\/26\/broli-pappas-pengar-och-att-vara-rik-infor-gud\/#primaryimage"},"thumbnailUrl":"http:\/\/blogg.svt.se\/svtb\/files\/pappaspengar2-460x258.jpg","articleSection":["kyrko\u00e5ret","Teologi"],"inLanguage":"sv-SE","potentialAction":[{"@type":"CommentAction","name":"Comment","target":["https:\/\/blogg.svenskakyrkan.se\/vandravagen\/2013\/09\/26\/broli-pappas-pengar-och-att-vara-rik-infor-gud\/#respond"]}]},{"@type":"WebPage","@id":"https:\/\/blogg.svenskakyrkan.se\/vandravagen\/2013\/09\/26\/broli-pappas-pengar-och-att-vara-rik-infor-gud\/","url":"https:\/\/blogg.svenskakyrkan.se\/vandravagen\/2013\/09\/26\/broli-pappas-pengar-och-att-vara-rik-infor-gud\/","name":"Br\u00f6li, &quot;pappas pengar&quot; och att vara rik inf\u00f6r Gud - Vandra V\u00e4gen","isPartOf":{"@id":"https:\/\/blogg.svenskakyrkan.se\/vandravagen\/#website"},"primaryImageOfPage":{"@id":"https:\/\/blogg.svenskakyrkan.se\/vandravagen\/2013\/09\/26\/broli-pappas-pengar-och-att-vara-rik-infor-gud\/#primaryimage"},"image":{"@id":"https:\/\/blogg.svenskakyrkan.se\/vandravagen\/2013\/09\/26\/broli-pappas-pengar-och-att-vara-rik-infor-gud\/#primaryimage"},"thumbnailUrl":"http:\/\/blogg.svt.se\/svtb\/files\/pappaspengar2-460x258.jpg","datePublished":"2013-09-26T07:12:00+00:00","breadcrumb":{"@id":"https:\/\/blogg.svenskakyrkan.se\/vandravagen\/2013\/09\/26\/broli-pappas-pengar-och-att-vara-rik-infor-gud\/#breadcrumb"},"inLanguage":"sv-SE","potentialAction":[{"@type":"ReadAction","target":["https:\/\/blogg.svenskakyrkan.se\/vandravagen\/2013\/09\/26\/broli-pappas-pengar-och-att-vara-rik-infor-gud\/"]}]},{"@type":"ImageObject","inLanguage":"sv-SE","@id":"https:\/\/blogg.svenskakyrkan.se\/vandravagen\/2013\/09\/26\/broli-pappas-pengar-och-att-vara-rik-infor-gud\/#primaryimage","url":"http:\/\/blogg.svt.se\/svtb\/files\/pappaspengar2-460x258.jpg","contentUrl":"http:\/\/blogg.svt.se\/svtb\/files\/pappaspengar2-460x258.jpg"},{"@type":"BreadcrumbList","@id":"https:\/\/blogg.svenskakyrkan.se\/vandravagen\/2013\/09\/26\/broli-pappas-pengar-och-att-vara-rik-infor-gud\/#breadcrumb","itemListElement":[{"@type":"ListItem","position":1,"name":"Hem","item":"https:\/\/blogg.svenskakyrkan.se\/vandravagen\/"},{"@type":"ListItem","position":2,"name":"Br\u00f6li, &quot;pappas pengar&quot; och att vara rik inf\u00f6r Gud"}]},{"@type":"WebSite","@id":"https:\/\/blogg.svenskakyrkan.se\/vandravagen\/#website","url":"https:\/\/blogg.svenskakyrkan.se\/vandravagen\/","name":"Vandra V\u00e4gen","description":"-Mot en tro f\u00f6r hela livet","publisher":{"@id":"https:\/\/blogg.svenskakyrkan.se\/vandravagen\/#organization"},"potentialAction":[{"@type":"SearchAction","target":{"@type":"EntryPoint","urlTemplate":"https:\/\/blogg.svenskakyrkan.se\/vandravagen\/?s={search_term_string}"},"query-input":{"@type":"PropertyValueSpecification","valueRequired":true,"valueName":"search_term_string"}}],"inLanguage":"sv-SE"},{"@type":"Organization","@id":"https:\/\/blogg.svenskakyrkan.se\/vandravagen\/#organization","name":"ulricehamns pastorat","alternateName":"ulricehamns pastorat","url":"https:\/\/blogg.svenskakyrkan.se\/vandravagen\/","logo":{"@type":"ImageObject","inLanguage":"sv-SE","@id":"https:\/\/blogg.svenskakyrkan.se\/vandravagen\/#\/schema\/logo\/image\/","url":"https:\/\/blogg.svenskakyrkan.se\/vandravagen\/files\/2023\/05\/Ulr_logo_RGB.png","contentUrl":"https:\/\/blogg.svenskakyrkan.se\/vandravagen\/files\/2023\/05\/Ulr_logo_RGB.png","width":205,"height":77,"caption":"ulricehamns pastorat"},"image":{"@id":"https:\/\/blogg.svenskakyrkan.se\/vandravagen\/#\/schema\/logo\/image\/"},"sameAs":["http:\/\/facebook.com\/vandravagen","https:\/\/x.com\/fadertomas","http:\/\/www.facebook.com\/svenskakyrkaniulricehamn"]},{"@type":"Person","@id":"https:\/\/blogg.svenskakyrkan.se\/vandravagen\/#\/schema\/person\/25da02d4f76b137d04291711e2c9fc16","name":"Tomas Jarvid","image":{"@type":"ImageObject","inLanguage":"sv-SE","@id":"https:\/\/blogg.svenskakyrkan.se\/vandravagen\/#\/schema\/person\/image\/","url":"https:\/\/secure.gravatar.com\/avatar\/7fa71899795e8f540f615a1f5ab25255dc27aa40f05ee7ddd21aac521e01bf50?s=96&d=identicon&r=g","contentUrl":"https:\/\/secure.gravatar.com\/avatar\/7fa71899795e8f540f615a1f5ab25255dc27aa40f05ee7ddd21aac521e01bf50?s=96&d=identicon&r=g","caption":"Tomas Jarvid"},"description":"Jag bor i Ulricehamn i V\u00e4sterg\u00f6tland och \u00e4r f\u00f6rsamlingspr\u00e4st i Svenska Kyrkan f\u00f6r Dalstorps f\u00f6rsamling i Kinds pastorat. P\u00e5 den h\u00e4r bloggen skriver jag ner tankar om vandringen som kristen.","sameAs":["http:\/\/www.vandravagen.se"],"url":"https:\/\/blogg.svenskakyrkan.se\/vandravagen\/author\/vandravagen\/"}]}},"author_meta":{"ID":"392","user_nicename":"vandravagen","user_url":"http:\/\/www.vandravagen.se","user_registered":"2014-05-19 05:44:52","display_name":"Tomas Jarvid","first_name":"Tomas","last_name":"Jarvid","avatar":"https:\/\/secure.gravatar.com\/avatar\/7fa71899795e8f540f615a1f5ab25255dc27aa40f05ee7ddd21aac521e01bf50?s=96&d=identicon&r=g"},"featured_image":false,"bloginfo":{"name":"Vandra V\u00e4gen","url":"https:\/\/blogg.svenskakyrkan.se\/vandravagen"},"_links":{"self":[{"href":"https:\/\/blogg.svenskakyrkan.se\/vandravagen\/wp-json\/wp\/v2\/posts\/338","targetHints":{"allow":["GET"]}}],"collection":[{"href":"https:\/\/blogg.svenskakyrkan.se\/vandravagen\/wp-json\/wp\/v2\/posts"}],"about":[{"href":"https:\/\/blogg.svenskakyrkan.se\/vandravagen\/wp-json\/wp\/v2\/types\/post"}],"author":[{"embeddable":true,"href":"https:\/\/blogg.svenskakyrkan.se\/vandravagen\/wp-json\/wp\/v2\/users\/392"}],"replies":[{"embeddable":true,"href":"https:\/\/blogg.svenskakyrkan.se\/vandravagen\/wp-json\/wp\/v2\/comments?post=338"}],"version-history":[{"count":0,"href":"https:\/\/blogg.svenskakyrkan.se\/vandravagen\/wp-json\/wp\/v2\/posts\/338\/revisions"}],"wp:attachment":[{"href":"https:\/\/blogg.svenskakyrkan.se\/vandravagen\/wp-json\/wp\/v2\/media?parent=338"}],"wp:term":[{"taxonomy":"category","embeddable":true,"href":"https:\/\/blogg.svenskakyrkan.se\/vandravagen\/wp-json\/wp\/v2\/categories?post=338"},{"taxonomy":"post_tag","embeddable":true,"href":"https:\/\/blogg.svenskakyrkan.se\/vandravagen\/wp-json\/wp\/v2\/tags?post=338"}],"curies":[{"name":"wp","href":"https:\/\/api.w.org\/{rel}","templated":true}]}}