{"id":3387,"date":"2015-07-22T08:13:59","date_gmt":"2015-07-22T06:13:59","guid":{"rendered":"http:\/\/blogg.svenskakyrkan.se\/vandravagen\/?p=3387"},"modified":"2015-07-22T08:13:59","modified_gmt":"2015-07-22T06:13:59","slug":"svenska-kyrkans-basta-reklamkampanj","status":"publish","type":"post","link":"https:\/\/blogg.svenskakyrkan.se\/vandravagen\/2015\/07\/22\/svenska-kyrkans-basta-reklamkampanj\/","title":{"rendered":"Svenska Kyrkans b\u00e4sta reklamkampanj?"},"content":{"rendered":"<div id=\"attachment_3388\" style=\"width: 650px\" class=\"wp-caption aligncenter\"><a href=\"http:\/\/blogg.svenskakyrkan.se\/vandravagen\/files\/2015\/07\/bild-34.jpg\"><img loading=\"lazy\" decoding=\"async\" aria-describedby=\"caption-attachment-3388\" class=\"size-full wp-image-3388\" src=\"http:\/\/blogg.svenskakyrkan.se\/vandravagen\/files\/2015\/07\/bild-34.jpg\" alt=\"Trygghet och tr\u00f6st?\" width=\"640\" height=\"480\" srcset=\"https:\/\/blogg.svenskakyrkan.se\/vandravagen\/files\/2015\/07\/bild-34.jpg 640w, https:\/\/blogg.svenskakyrkan.se\/vandravagen\/files\/2015\/07\/bild-34-300x225.jpg 300w, https:\/\/blogg.svenskakyrkan.se\/vandravagen\/files\/2015\/07\/bild-34-400x300.jpg 400w\" sizes=\"auto, (max-width: 640px) 100vw, 640px\" \/><\/a><p id=\"caption-attachment-3388\" class=\"wp-caption-text\">Trygghet och tr\u00f6st?<\/p><\/div>\n<p>Jag har haft de h\u00e4r b\u00e5da vykorten i min bibel sedan \u00e5r 2000 ungef\u00e4r. Jag har l\u00e4nge t\u00e4nkt p\u00e5 det som svenska kyrkans fiffigaste reklamkampanj. Det \u00e4r ett kontokort som det st\u00e5r &#8221;trygghet&#8221; p\u00e5 och en chokladkaka som heter &#8221;tr\u00f6st&#8221;. V\u00e4nder man p\u00e5 korten st\u00e5r det &#8221;letar du p\u00e5 r\u00e4tt st\u00e4lle?&#8221; undertecknat Svenska Kyrkan.<\/p>\n<div id=\"attachment_3389\" style=\"width: 650px\" class=\"wp-caption aligncenter\"><a href=\"http:\/\/blogg.svenskakyrkan.se\/vandravagen\/files\/2015\/07\/bild-35.jpg\"><img loading=\"lazy\" decoding=\"async\" aria-describedby=\"caption-attachment-3389\" class=\"size-full wp-image-3389\" src=\"http:\/\/blogg.svenskakyrkan.se\/vandravagen\/files\/2015\/07\/bild-35.jpg\" alt=\"Letar du p\u00e5 r\u00e4tt st\u00e4lle?\" width=\"640\" height=\"480\" srcset=\"https:\/\/blogg.svenskakyrkan.se\/vandravagen\/files\/2015\/07\/bild-35.jpg 640w, https:\/\/blogg.svenskakyrkan.se\/vandravagen\/files\/2015\/07\/bild-35-300x225.jpg 300w, https:\/\/blogg.svenskakyrkan.se\/vandravagen\/files\/2015\/07\/bild-35-400x300.jpg 400w\" sizes=\"auto, (max-width: 640px) 100vw, 640px\" \/><\/a><p id=\"caption-attachment-3389\" class=\"wp-caption-text\">Letar du p\u00e5 r\u00e4tt st\u00e4lle?<\/p><\/div>\n<p>Fiffigt gjort och snyggt (och p\u00e5 den tiden kanske folk blev lite mer imponerade n\u00e4r n\u00e5gon fejkade ihop bilder s\u00e5h\u00e4r?) och ett bra budskap.<\/p>\n<p>Nu \u00e4r jag tyv\u00e4rr lite mer (men inte j\u00e4ttemycket) tveksam till det hela. Det ligger f\u00f6rst\u00e5s i sakens natur att man m\u00e5ste locka med n\u00e5got n\u00e4r man g\u00f6r reklam. &#8221;K\u00f6p det h\u00e4r s\u00e5 f\u00e5r du den h\u00e4r f\u00f6rdelen&#8221;. Men funkar det egentligen s\u00e5 med Gud? S\u00e4ger det oss att vi ska s\u00f6ka Gud f\u00f6r det vi sj\u00e4lva f\u00e5r ut av det? Om Gud \u00e4r Gud s\u00e5 \u00e4r det v\u00e4l viktigt oavsett vilka f\u00f6rdelar det ger mig?<\/p>\n<p>Samtidigt \u00e4r det ett snyggt s\u00e4tt att knyta an till Augustinus oneliner \u00e4n en g\u00e5ng: &#8221;S\u00f6k det du s\u00f6ker men inte d\u00e4r du s\u00f6ker det&#8221; (l\u00e4s &#8221;<a href=\"http:\/\/blogg.svenskakyrkan.se\/vandravagen\/2015\/07\/18\/behov-och-begar\/\">behov och beg\u00e4r<\/a>&#8221;).<\/p>\n<p>S\u00e5. Nu f\u00e5r ni diskutera i bikupor eller skriva en kommentar om vad just du t\u00e4nker om det h\u00e4r!<\/p>\n","protected":false},"excerpt":{"rendered":"<p>Jag har haft de h\u00e4r b\u00e5da vykorten i min bibel sedan \u00e5r 2000 ungef\u00e4r. Jag har l\u00e4nge t\u00e4nkt p\u00e5 det som svenska kyrkans fiffigaste reklamkampanj. Det \u00e4r ett kontokort som det st\u00e5r &#8221;trygghet&#8221; p\u00e5 och en chokladkaka som heter &#8221;tr\u00f6st&#8221;. V\u00e4nder man p\u00e5 korten st\u00e5r det &#8221;letar du p\u00e5 r\u00e4tt st\u00e4lle?&#8221; undertecknat Svenska Kyrkan. Fiffigt [&hellip;]<\/p>\n","protected":false},"author":392,"featured_media":0,"comment_status":"open","ping_status":"open","sticky":false,"template":"","format":"standard","meta":{"_acf_changed":false,"footnotes":""},"categories":[56,76189,33574],"tags":[],"class_list":["post-3387","post","type-post","status-publish","format-standard","hentry","category-bilder","category-dagens-kyrka","category-kyrkan"],"acf":[],"yoast_head":"<!-- This site is optimized with the Yoast SEO plugin v27.1.1 - https:\/\/yoast.com\/product\/yoast-seo-wordpress\/ -->\n<title>Svenska Kyrkans b\u00e4sta reklamkampanj? - Vandra V\u00e4gen<\/title>\n<meta name=\"robots\" content=\"index, follow, max-snippet:-1, max-image-preview:large, max-video-preview:-1\" \/>\n<link rel=\"canonical\" href=\"https:\/\/blogg.svenskakyrkan.se\/vandravagen\/2015\/07\/22\/svenska-kyrkans-basta-reklamkampanj\/\" \/>\n<meta property=\"og:locale\" content=\"sv_SE\" \/>\n<meta property=\"og:type\" content=\"article\" \/>\n<meta property=\"og:title\" content=\"Svenska Kyrkans b\u00e4sta reklamkampanj? - Vandra V\u00e4gen\" \/>\n<meta property=\"og:description\" content=\"Jag har haft de h\u00e4r b\u00e5da vykorten i min bibel sedan \u00e5r 2000 ungef\u00e4r. Jag har l\u00e4nge t\u00e4nkt p\u00e5 det som svenska kyrkans fiffigaste reklamkampanj. Det \u00e4r ett kontokort som det st\u00e5r &#8221;trygghet&#8221; p\u00e5 och en chokladkaka som heter &#8221;tr\u00f6st&#8221;. V\u00e4nder man p\u00e5 korten st\u00e5r det &#8221;letar du p\u00e5 r\u00e4tt st\u00e4lle?&#8221; undertecknat Svenska Kyrkan. Fiffigt [&hellip;]\" \/>\n<meta property=\"og:url\" content=\"https:\/\/blogg.svenskakyrkan.se\/vandravagen\/2015\/07\/22\/svenska-kyrkans-basta-reklamkampanj\/\" \/>\n<meta property=\"og:site_name\" content=\"Vandra V\u00e4gen\" \/>\n<meta property=\"article:publisher\" content=\"http:\/\/facebook.com\/vandravagen\" \/>\n<meta property=\"article:published_time\" content=\"2015-07-22T06:13:59+00:00\" \/>\n<meta property=\"og:image\" content=\"http:\/\/blogg.svenskakyrkan.se\/vandravagen\/files\/2015\/07\/bild-34.jpg\" \/>\n<meta name=\"author\" content=\"Tomas Jarvid\" \/>\n<meta name=\"twitter:card\" content=\"summary_large_image\" \/>\n<meta name=\"twitter:creator\" content=\"@fadertomas\" \/>\n<meta name=\"twitter:site\" content=\"@fadertomas\" \/>\n<meta name=\"twitter:label1\" content=\"Skriven av\" \/>\n\t<meta name=\"twitter:data1\" content=\"Tomas Jarvid\" \/>\n\t<meta name=\"twitter:label2\" content=\"Ber\u00e4knad l\u00e4stid\" \/>\n\t<meta name=\"twitter:data2\" content=\"1 minut\" \/>\n<script type=\"application\/ld+json\" class=\"yoast-schema-graph\">{\"@context\":\"https:\/\/schema.org\",\"@graph\":[{\"@type\":\"Article\",\"@id\":\"https:\/\/blogg.svenskakyrkan.se\/vandravagen\/2015\/07\/22\/svenska-kyrkans-basta-reklamkampanj\/#article\",\"isPartOf\":{\"@id\":\"https:\/\/blogg.svenskakyrkan.se\/vandravagen\/2015\/07\/22\/svenska-kyrkans-basta-reklamkampanj\/\"},\"author\":{\"name\":\"Tomas Jarvid\",\"@id\":\"https:\/\/blogg.svenskakyrkan.se\/vandravagen\/#\/schema\/person\/25da02d4f76b137d04291711e2c9fc16\"},\"headline\":\"Svenska Kyrkans b\u00e4sta reklamkampanj?\",\"datePublished\":\"2015-07-22T06:13:59+00:00\",\"mainEntityOfPage\":{\"@id\":\"https:\/\/blogg.svenskakyrkan.se\/vandravagen\/2015\/07\/22\/svenska-kyrkans-basta-reklamkampanj\/\"},\"wordCount\":277,\"commentCount\":11,\"publisher\":{\"@id\":\"https:\/\/blogg.svenskakyrkan.se\/vandravagen\/#organization\"},\"image\":{\"@id\":\"https:\/\/blogg.svenskakyrkan.se\/vandravagen\/2015\/07\/22\/svenska-kyrkans-basta-reklamkampanj\/#primaryimage\"},\"thumbnailUrl\":\"http:\/\/blogg.svenskakyrkan.se\/vandravagen\/files\/2015\/07\/bild-34.jpg\",\"articleSection\":[\"bilder\",\"Dagens Kyrka\",\"kyrkan\"],\"inLanguage\":\"sv-SE\",\"potentialAction\":[{\"@type\":\"CommentAction\",\"name\":\"Comment\",\"target\":[\"https:\/\/blogg.svenskakyrkan.se\/vandravagen\/2015\/07\/22\/svenska-kyrkans-basta-reklamkampanj\/#respond\"]}]},{\"@type\":\"WebPage\",\"@id\":\"https:\/\/blogg.svenskakyrkan.se\/vandravagen\/2015\/07\/22\/svenska-kyrkans-basta-reklamkampanj\/\",\"url\":\"https:\/\/blogg.svenskakyrkan.se\/vandravagen\/2015\/07\/22\/svenska-kyrkans-basta-reklamkampanj\/\",\"name\":\"Svenska Kyrkans b\u00e4sta reklamkampanj? - Vandra V\u00e4gen\",\"isPartOf\":{\"@id\":\"https:\/\/blogg.svenskakyrkan.se\/vandravagen\/#website\"},\"primaryImageOfPage\":{\"@id\":\"https:\/\/blogg.svenskakyrkan.se\/vandravagen\/2015\/07\/22\/svenska-kyrkans-basta-reklamkampanj\/#primaryimage\"},\"image\":{\"@id\":\"https:\/\/blogg.svenskakyrkan.se\/vandravagen\/2015\/07\/22\/svenska-kyrkans-basta-reklamkampanj\/#primaryimage\"},\"thumbnailUrl\":\"http:\/\/blogg.svenskakyrkan.se\/vandravagen\/files\/2015\/07\/bild-34.jpg\",\"datePublished\":\"2015-07-22T06:13:59+00:00\",\"breadcrumb\":{\"@id\":\"https:\/\/blogg.svenskakyrkan.se\/vandravagen\/2015\/07\/22\/svenska-kyrkans-basta-reklamkampanj\/#breadcrumb\"},\"inLanguage\":\"sv-SE\",\"potentialAction\":[{\"@type\":\"ReadAction\",\"target\":[\"https:\/\/blogg.svenskakyrkan.se\/vandravagen\/2015\/07\/22\/svenska-kyrkans-basta-reklamkampanj\/\"]}]},{\"@type\":\"ImageObject\",\"inLanguage\":\"sv-SE\",\"@id\":\"https:\/\/blogg.svenskakyrkan.se\/vandravagen\/2015\/07\/22\/svenska-kyrkans-basta-reklamkampanj\/#primaryimage\",\"url\":\"http:\/\/blogg.svenskakyrkan.se\/vandravagen\/files\/2015\/07\/bild-34.jpg\",\"contentUrl\":\"http:\/\/blogg.svenskakyrkan.se\/vandravagen\/files\/2015\/07\/bild-34.jpg\"},{\"@type\":\"BreadcrumbList\",\"@id\":\"https:\/\/blogg.svenskakyrkan.se\/vandravagen\/2015\/07\/22\/svenska-kyrkans-basta-reklamkampanj\/#breadcrumb\",\"itemListElement\":[{\"@type\":\"ListItem\",\"position\":1,\"name\":\"Hem\",\"item\":\"https:\/\/blogg.svenskakyrkan.se\/vandravagen\/\"},{\"@type\":\"ListItem\",\"position\":2,\"name\":\"Svenska Kyrkans b\u00e4sta reklamkampanj?\"}]},{\"@type\":\"WebSite\",\"@id\":\"https:\/\/blogg.svenskakyrkan.se\/vandravagen\/#website\",\"url\":\"https:\/\/blogg.svenskakyrkan.se\/vandravagen\/\",\"name\":\"Vandra V\u00e4gen\",\"description\":\"-Mot en tro f\u00f6r hela livet\",\"publisher\":{\"@id\":\"https:\/\/blogg.svenskakyrkan.se\/vandravagen\/#organization\"},\"potentialAction\":[{\"@type\":\"SearchAction\",\"target\":{\"@type\":\"EntryPoint\",\"urlTemplate\":\"https:\/\/blogg.svenskakyrkan.se\/vandravagen\/?s={search_term_string}\"},\"query-input\":{\"@type\":\"PropertyValueSpecification\",\"valueRequired\":true,\"valueName\":\"search_term_string\"}}],\"inLanguage\":\"sv-SE\"},{\"@type\":\"Organization\",\"@id\":\"https:\/\/blogg.svenskakyrkan.se\/vandravagen\/#organization\",\"name\":\"ulricehamns pastorat\",\"alternateName\":\"ulricehamns pastorat\",\"url\":\"https:\/\/blogg.svenskakyrkan.se\/vandravagen\/\",\"logo\":{\"@type\":\"ImageObject\",\"inLanguage\":\"sv-SE\",\"@id\":\"https:\/\/blogg.svenskakyrkan.se\/vandravagen\/#\/schema\/logo\/image\/\",\"url\":\"https:\/\/blogg.svenskakyrkan.se\/vandravagen\/files\/2023\/05\/Ulr_logo_RGB.png\",\"contentUrl\":\"https:\/\/blogg.svenskakyrkan.se\/vandravagen\/files\/2023\/05\/Ulr_logo_RGB.png\",\"width\":205,\"height\":77,\"caption\":\"ulricehamns pastorat\"},\"image\":{\"@id\":\"https:\/\/blogg.svenskakyrkan.se\/vandravagen\/#\/schema\/logo\/image\/\"},\"sameAs\":[\"http:\/\/facebook.com\/vandravagen\",\"https:\/\/x.com\/fadertomas\",\"http:\/\/www.facebook.com\/svenskakyrkaniulricehamn\"]},{\"@type\":\"Person\",\"@id\":\"https:\/\/blogg.svenskakyrkan.se\/vandravagen\/#\/schema\/person\/25da02d4f76b137d04291711e2c9fc16\",\"name\":\"Tomas Jarvid\",\"image\":{\"@type\":\"ImageObject\",\"inLanguage\":\"sv-SE\",\"@id\":\"https:\/\/blogg.svenskakyrkan.se\/vandravagen\/#\/schema\/person\/image\/\",\"url\":\"https:\/\/secure.gravatar.com\/avatar\/7fa71899795e8f540f615a1f5ab25255dc27aa40f05ee7ddd21aac521e01bf50?s=96&d=identicon&r=g\",\"contentUrl\":\"https:\/\/secure.gravatar.com\/avatar\/7fa71899795e8f540f615a1f5ab25255dc27aa40f05ee7ddd21aac521e01bf50?s=96&d=identicon&r=g\",\"caption\":\"Tomas Jarvid\"},\"description\":\"Jag bor i Ulricehamn i V\u00e4sterg\u00f6tland och \u00e4r f\u00f6rsamlingspr\u00e4st i Svenska Kyrkan f\u00f6r Dalstorps f\u00f6rsamling i Kinds pastorat. P\u00e5 den h\u00e4r bloggen skriver jag ner tankar om vandringen som kristen.\",\"sameAs\":[\"http:\/\/www.vandravagen.se\"],\"url\":\"https:\/\/blogg.svenskakyrkan.se\/vandravagen\/author\/vandravagen\/\"}]}<\/script>\n<!-- \/ Yoast SEO plugin. -->","yoast_head_json":{"title":"Svenska Kyrkans b\u00e4sta reklamkampanj? - Vandra V\u00e4gen","robots":{"index":"index","follow":"follow","max-snippet":"max-snippet:-1","max-image-preview":"max-image-preview:large","max-video-preview":"max-video-preview:-1"},"canonical":"https:\/\/blogg.svenskakyrkan.se\/vandravagen\/2015\/07\/22\/svenska-kyrkans-basta-reklamkampanj\/","og_locale":"sv_SE","og_type":"article","og_title":"Svenska Kyrkans b\u00e4sta reklamkampanj? - Vandra V\u00e4gen","og_description":"Jag har haft de h\u00e4r b\u00e5da vykorten i min bibel sedan \u00e5r 2000 ungef\u00e4r. Jag har l\u00e4nge t\u00e4nkt p\u00e5 det som svenska kyrkans fiffigaste reklamkampanj. Det \u00e4r ett kontokort som det st\u00e5r &#8221;trygghet&#8221; p\u00e5 och en chokladkaka som heter &#8221;tr\u00f6st&#8221;. V\u00e4nder man p\u00e5 korten st\u00e5r det &#8221;letar du p\u00e5 r\u00e4tt st\u00e4lle?&#8221; undertecknat Svenska Kyrkan. Fiffigt [&hellip;]","og_url":"https:\/\/blogg.svenskakyrkan.se\/vandravagen\/2015\/07\/22\/svenska-kyrkans-basta-reklamkampanj\/","og_site_name":"Vandra V\u00e4gen","article_publisher":"http:\/\/facebook.com\/vandravagen","article_published_time":"2015-07-22T06:13:59+00:00","og_image":[{"url":"http:\/\/blogg.svenskakyrkan.se\/vandravagen\/files\/2015\/07\/bild-34.jpg","type":"","width":"","height":""}],"author":"Tomas Jarvid","twitter_card":"summary_large_image","twitter_creator":"@fadertomas","twitter_site":"@fadertomas","twitter_misc":{"Skriven av":"Tomas Jarvid","Ber\u00e4knad l\u00e4stid":"1 minut"},"schema":{"@context":"https:\/\/schema.org","@graph":[{"@type":"Article","@id":"https:\/\/blogg.svenskakyrkan.se\/vandravagen\/2015\/07\/22\/svenska-kyrkans-basta-reklamkampanj\/#article","isPartOf":{"@id":"https:\/\/blogg.svenskakyrkan.se\/vandravagen\/2015\/07\/22\/svenska-kyrkans-basta-reklamkampanj\/"},"author":{"name":"Tomas Jarvid","@id":"https:\/\/blogg.svenskakyrkan.se\/vandravagen\/#\/schema\/person\/25da02d4f76b137d04291711e2c9fc16"},"headline":"Svenska Kyrkans b\u00e4sta reklamkampanj?","datePublished":"2015-07-22T06:13:59+00:00","mainEntityOfPage":{"@id":"https:\/\/blogg.svenskakyrkan.se\/vandravagen\/2015\/07\/22\/svenska-kyrkans-basta-reklamkampanj\/"},"wordCount":277,"commentCount":11,"publisher":{"@id":"https:\/\/blogg.svenskakyrkan.se\/vandravagen\/#organization"},"image":{"@id":"https:\/\/blogg.svenskakyrkan.se\/vandravagen\/2015\/07\/22\/svenska-kyrkans-basta-reklamkampanj\/#primaryimage"},"thumbnailUrl":"http:\/\/blogg.svenskakyrkan.se\/vandravagen\/files\/2015\/07\/bild-34.jpg","articleSection":["bilder","Dagens Kyrka","kyrkan"],"inLanguage":"sv-SE","potentialAction":[{"@type":"CommentAction","name":"Comment","target":["https:\/\/blogg.svenskakyrkan.se\/vandravagen\/2015\/07\/22\/svenska-kyrkans-basta-reklamkampanj\/#respond"]}]},{"@type":"WebPage","@id":"https:\/\/blogg.svenskakyrkan.se\/vandravagen\/2015\/07\/22\/svenska-kyrkans-basta-reklamkampanj\/","url":"https:\/\/blogg.svenskakyrkan.se\/vandravagen\/2015\/07\/22\/svenska-kyrkans-basta-reklamkampanj\/","name":"Svenska Kyrkans b\u00e4sta reklamkampanj? - Vandra V\u00e4gen","isPartOf":{"@id":"https:\/\/blogg.svenskakyrkan.se\/vandravagen\/#website"},"primaryImageOfPage":{"@id":"https:\/\/blogg.svenskakyrkan.se\/vandravagen\/2015\/07\/22\/svenska-kyrkans-basta-reklamkampanj\/#primaryimage"},"image":{"@id":"https:\/\/blogg.svenskakyrkan.se\/vandravagen\/2015\/07\/22\/svenska-kyrkans-basta-reklamkampanj\/#primaryimage"},"thumbnailUrl":"http:\/\/blogg.svenskakyrkan.se\/vandravagen\/files\/2015\/07\/bild-34.jpg","datePublished":"2015-07-22T06:13:59+00:00","breadcrumb":{"@id":"https:\/\/blogg.svenskakyrkan.se\/vandravagen\/2015\/07\/22\/svenska-kyrkans-basta-reklamkampanj\/#breadcrumb"},"inLanguage":"sv-SE","potentialAction":[{"@type":"ReadAction","target":["https:\/\/blogg.svenskakyrkan.se\/vandravagen\/2015\/07\/22\/svenska-kyrkans-basta-reklamkampanj\/"]}]},{"@type":"ImageObject","inLanguage":"sv-SE","@id":"https:\/\/blogg.svenskakyrkan.se\/vandravagen\/2015\/07\/22\/svenska-kyrkans-basta-reklamkampanj\/#primaryimage","url":"http:\/\/blogg.svenskakyrkan.se\/vandravagen\/files\/2015\/07\/bild-34.jpg","contentUrl":"http:\/\/blogg.svenskakyrkan.se\/vandravagen\/files\/2015\/07\/bild-34.jpg"},{"@type":"BreadcrumbList","@id":"https:\/\/blogg.svenskakyrkan.se\/vandravagen\/2015\/07\/22\/svenska-kyrkans-basta-reklamkampanj\/#breadcrumb","itemListElement":[{"@type":"ListItem","position":1,"name":"Hem","item":"https:\/\/blogg.svenskakyrkan.se\/vandravagen\/"},{"@type":"ListItem","position":2,"name":"Svenska Kyrkans b\u00e4sta reklamkampanj?"}]},{"@type":"WebSite","@id":"https:\/\/blogg.svenskakyrkan.se\/vandravagen\/#website","url":"https:\/\/blogg.svenskakyrkan.se\/vandravagen\/","name":"Vandra V\u00e4gen","description":"-Mot en tro f\u00f6r hela livet","publisher":{"@id":"https:\/\/blogg.svenskakyrkan.se\/vandravagen\/#organization"},"potentialAction":[{"@type":"SearchAction","target":{"@type":"EntryPoint","urlTemplate":"https:\/\/blogg.svenskakyrkan.se\/vandravagen\/?s={search_term_string}"},"query-input":{"@type":"PropertyValueSpecification","valueRequired":true,"valueName":"search_term_string"}}],"inLanguage":"sv-SE"},{"@type":"Organization","@id":"https:\/\/blogg.svenskakyrkan.se\/vandravagen\/#organization","name":"ulricehamns pastorat","alternateName":"ulricehamns pastorat","url":"https:\/\/blogg.svenskakyrkan.se\/vandravagen\/","logo":{"@type":"ImageObject","inLanguage":"sv-SE","@id":"https:\/\/blogg.svenskakyrkan.se\/vandravagen\/#\/schema\/logo\/image\/","url":"https:\/\/blogg.svenskakyrkan.se\/vandravagen\/files\/2023\/05\/Ulr_logo_RGB.png","contentUrl":"https:\/\/blogg.svenskakyrkan.se\/vandravagen\/files\/2023\/05\/Ulr_logo_RGB.png","width":205,"height":77,"caption":"ulricehamns pastorat"},"image":{"@id":"https:\/\/blogg.svenskakyrkan.se\/vandravagen\/#\/schema\/logo\/image\/"},"sameAs":["http:\/\/facebook.com\/vandravagen","https:\/\/x.com\/fadertomas","http:\/\/www.facebook.com\/svenskakyrkaniulricehamn"]},{"@type":"Person","@id":"https:\/\/blogg.svenskakyrkan.se\/vandravagen\/#\/schema\/person\/25da02d4f76b137d04291711e2c9fc16","name":"Tomas Jarvid","image":{"@type":"ImageObject","inLanguage":"sv-SE","@id":"https:\/\/blogg.svenskakyrkan.se\/vandravagen\/#\/schema\/person\/image\/","url":"https:\/\/secure.gravatar.com\/avatar\/7fa71899795e8f540f615a1f5ab25255dc27aa40f05ee7ddd21aac521e01bf50?s=96&d=identicon&r=g","contentUrl":"https:\/\/secure.gravatar.com\/avatar\/7fa71899795e8f540f615a1f5ab25255dc27aa40f05ee7ddd21aac521e01bf50?s=96&d=identicon&r=g","caption":"Tomas Jarvid"},"description":"Jag bor i Ulricehamn i V\u00e4sterg\u00f6tland och \u00e4r f\u00f6rsamlingspr\u00e4st i Svenska Kyrkan f\u00f6r Dalstorps f\u00f6rsamling i Kinds pastorat. P\u00e5 den h\u00e4r bloggen skriver jag ner tankar om vandringen som kristen.","sameAs":["http:\/\/www.vandravagen.se"],"url":"https:\/\/blogg.svenskakyrkan.se\/vandravagen\/author\/vandravagen\/"}]}},"author_meta":{"ID":"392","user_nicename":"vandravagen","user_url":"http:\/\/www.vandravagen.se","user_registered":"2014-05-19 05:44:52","display_name":"Tomas Jarvid","first_name":"Tomas","last_name":"Jarvid","avatar":"https:\/\/secure.gravatar.com\/avatar\/7fa71899795e8f540f615a1f5ab25255dc27aa40f05ee7ddd21aac521e01bf50?s=96&d=identicon&r=g"},"featured_image":false,"bloginfo":{"name":"Vandra V\u00e4gen","url":"https:\/\/blogg.svenskakyrkan.se\/vandravagen"},"_links":{"self":[{"href":"https:\/\/blogg.svenskakyrkan.se\/vandravagen\/wp-json\/wp\/v2\/posts\/3387","targetHints":{"allow":["GET"]}}],"collection":[{"href":"https:\/\/blogg.svenskakyrkan.se\/vandravagen\/wp-json\/wp\/v2\/posts"}],"about":[{"href":"https:\/\/blogg.svenskakyrkan.se\/vandravagen\/wp-json\/wp\/v2\/types\/post"}],"author":[{"embeddable":true,"href":"https:\/\/blogg.svenskakyrkan.se\/vandravagen\/wp-json\/wp\/v2\/users\/392"}],"replies":[{"embeddable":true,"href":"https:\/\/blogg.svenskakyrkan.se\/vandravagen\/wp-json\/wp\/v2\/comments?post=3387"}],"version-history":[{"count":1,"href":"https:\/\/blogg.svenskakyrkan.se\/vandravagen\/wp-json\/wp\/v2\/posts\/3387\/revisions"}],"predecessor-version":[{"id":3390,"href":"https:\/\/blogg.svenskakyrkan.se\/vandravagen\/wp-json\/wp\/v2\/posts\/3387\/revisions\/3390"}],"wp:attachment":[{"href":"https:\/\/blogg.svenskakyrkan.se\/vandravagen\/wp-json\/wp\/v2\/media?parent=3387"}],"wp:term":[{"taxonomy":"category","embeddable":true,"href":"https:\/\/blogg.svenskakyrkan.se\/vandravagen\/wp-json\/wp\/v2\/categories?post=3387"},{"taxonomy":"post_tag","embeddable":true,"href":"https:\/\/blogg.svenskakyrkan.se\/vandravagen\/wp-json\/wp\/v2\/tags?post=3387"}],"curies":[{"name":"wp","href":"https:\/\/api.w.org\/{rel}","templated":true}]}}