{"id":3391,"date":"2015-07-23T07:00:39","date_gmt":"2015-07-23T05:00:39","guid":{"rendered":"http:\/\/blogg.svenskakyrkan.se\/vandravagen\/?p=3391"},"modified":"2015-07-22T22:46:58","modified_gmt":"2015-07-22T20:46:58","slug":"vi-vill-tro-det-ar-for-att-vi-ar-sa-smarta","status":"publish","type":"post","link":"https:\/\/blogg.svenskakyrkan.se\/vandravagen\/2015\/07\/23\/vi-vill-tro-det-ar-for-att-vi-ar-sa-smarta\/","title":{"rendered":"Vi vill tro det \u00e4r f\u00f6r att vi \u00e4r s\u00e5 smarta"},"content":{"rendered":"<p><a href=\"http:\/\/blogg.svenskakyrkan.se\/vandravagen\/files\/2015\/07\/bild-36.jpg\"><img loading=\"lazy\" decoding=\"async\" class=\"aligncenter size-full wp-image-3392\" src=\"http:\/\/blogg.svenskakyrkan.se\/vandravagen\/files\/2015\/07\/bild-36.jpg\" alt=\"bild (36)\" width=\"620\" height=\"564\" srcset=\"https:\/\/blogg.svenskakyrkan.se\/vandravagen\/files\/2015\/07\/bild-36.jpg 620w, https:\/\/blogg.svenskakyrkan.se\/vandravagen\/files\/2015\/07\/bild-36-300x273.jpg 300w, https:\/\/blogg.svenskakyrkan.se\/vandravagen\/files\/2015\/07\/bild-36-330x300.jpg 330w\" sizes=\"auto, (max-width: 620px) 100vw, 620px\" \/><\/a><\/p>\n<p>Det h\u00e4r \u00e4r en oerh\u00f6rt talande bild. En h\u00e5rt arbetande kvinna och orden (i \u00f6vers\u00e4ttning):<\/p>\n<blockquote>\n<p>&#8221;Om rikedom var den oundvikliga f\u00f6ljden av h\u00e5rt arbete och driftighet skulle varje kvinna i Afrika vara miljon\u00e4r&#8221; -George Monbiot<\/p>\n<\/blockquote>\n<p>Det \u00e4r f\u00f6rst\u00e5s talande eftersom det s\u00e4tter fingret p\u00e5 de v\u00e4ldigt olika grundf\u00f6ruts\u00e4ttningar vi har i livet beroende p\u00e5 de omst\u00e4ndigheter vi f\u00f6ds i och p\u00e5 andra s\u00e4tt inte kan p\u00e5verka.<\/p>\n<p>Det \u00e4r ocks\u00e5 talande eftersom det s\u00e4ger n\u00e5got inte s\u00e5 smickrande om oss m\u00e4nniskor. Man har kunnat bel\u00e4gga det i olika f\u00f6rs\u00f6k och jag har sj\u00e4lv sett det i olika sammanhang. Hur or\u00e4ttvisa f\u00f6ruts\u00e4ttningarna \u00e4n \u00e4r fr\u00e5n b\u00f6rjan vill den som lyckats bra intala sig sj\u00e4lv att det var genom ens egna smarthet och h\u00e5rda arbete som den lyckats.<\/p>\n<p>Jag har till exempel ordnat riggade spel med konfirmander f\u00f6r att belysa or\u00e4ttvisorna i v\u00e4rlden och m\u00e4rkt att en del inte riktigt kan f\u00f6rst\u00e5 att spelet faktiskt inte kunde slutat annorlunda. Det var avgjort samtidigt som de fick grundpl\u00e5ten. \u00c4nd\u00e5 vill man se det som att man varit sin egen lyckas smed.<\/p>\n<p>Som kristen b\u00f6r man v\u00e4nja sig vid att se tv\u00e4rtom p\u00e5 det man har i livet. P\u00e5 ett eller annat s\u00e4tt \u00e4r ALLT jag har (och allt jag \u00e4r och allt jag kan) g\u00e5vor. Och \u00e4r de inte det i direkt mening s\u00e5 \u00e4r de det i alla fall indirekt: ytterst sett \u00e4r ju hela livet en g\u00e5va. Jag har inte gjort n\u00e5got f\u00f6r att finnas till eller f\u00f6r att ha h\u00e4lsan. Och s\u00e5 vidare.<\/p>\n<p>Tacksamhet. \u00c4r det receptet mot sj\u00e4lvf\u00f6rh\u00e4rligande? Skriv g\u00e4rna en kommentar!<\/p>\n","protected":false},"excerpt":{"rendered":"<p>Det h\u00e4r \u00e4r en oerh\u00f6rt talande bild. En h\u00e5rt arbetande kvinna och orden (i \u00f6vers\u00e4ttning): &#8221;Om rikedom var den oundvikliga f\u00f6ljden av h\u00e5rt arbete och driftighet skulle varje kvinna i Afrika vara miljon\u00e4r&#8221; -George Monbiot Det \u00e4r f\u00f6rst\u00e5s talande eftersom det s\u00e4tter fingret p\u00e5 de v\u00e4ldigt olika grundf\u00f6ruts\u00e4ttningar vi har i livet beroende p\u00e5 de [&hellip;]<\/p>\n","protected":false},"author":392,"featured_media":0,"comment_status":"open","ping_status":"open","sticky":false,"template":"","format":"standard","meta":{"_acf_changed":false,"footnotes":""},"categories":[56,76189,77554],"tags":[],"class_list":["post-3391","post","type-post","status-publish","format-standard","hentry","category-bilder","category-dagens-kyrka","category-vara-manniska"],"acf":[],"yoast_head":"<!-- This site is optimized with the Yoast SEO plugin v27.1.1 - https:\/\/yoast.com\/product\/yoast-seo-wordpress\/ -->\n<title>Vi vill tro det \u00e4r f\u00f6r att vi \u00e4r s\u00e5 smarta - Vandra V\u00e4gen<\/title>\n<meta name=\"robots\" content=\"index, follow, max-snippet:-1, max-image-preview:large, max-video-preview:-1\" \/>\n<link rel=\"canonical\" href=\"https:\/\/blogg.svenskakyrkan.se\/vandravagen\/2015\/07\/23\/vi-vill-tro-det-ar-for-att-vi-ar-sa-smarta\/\" \/>\n<meta property=\"og:locale\" content=\"sv_SE\" \/>\n<meta property=\"og:type\" content=\"article\" \/>\n<meta property=\"og:title\" content=\"Vi vill tro det \u00e4r f\u00f6r att vi \u00e4r s\u00e5 smarta - Vandra V\u00e4gen\" \/>\n<meta property=\"og:description\" content=\"Det h\u00e4r \u00e4r en oerh\u00f6rt talande bild. En h\u00e5rt arbetande kvinna och orden (i \u00f6vers\u00e4ttning): &#8221;Om rikedom var den oundvikliga f\u00f6ljden av h\u00e5rt arbete och driftighet skulle varje kvinna i Afrika vara miljon\u00e4r&#8221; -George Monbiot Det \u00e4r f\u00f6rst\u00e5s talande eftersom det s\u00e4tter fingret p\u00e5 de v\u00e4ldigt olika grundf\u00f6ruts\u00e4ttningar vi har i livet beroende p\u00e5 de [&hellip;]\" \/>\n<meta property=\"og:url\" content=\"https:\/\/blogg.svenskakyrkan.se\/vandravagen\/2015\/07\/23\/vi-vill-tro-det-ar-for-att-vi-ar-sa-smarta\/\" \/>\n<meta property=\"og:site_name\" content=\"Vandra V\u00e4gen\" \/>\n<meta property=\"article:publisher\" content=\"http:\/\/facebook.com\/vandravagen\" \/>\n<meta property=\"article:published_time\" content=\"2015-07-23T05:00:39+00:00\" \/>\n<meta property=\"og:image\" content=\"http:\/\/blogg.svenskakyrkan.se\/vandravagen\/files\/2015\/07\/bild-36.jpg\" \/>\n<meta name=\"author\" content=\"Tomas Jarvid\" \/>\n<meta name=\"twitter:card\" content=\"summary_large_image\" \/>\n<meta name=\"twitter:creator\" content=\"@fadertomas\" \/>\n<meta name=\"twitter:site\" content=\"@fadertomas\" \/>\n<meta name=\"twitter:label1\" content=\"Skriven av\" \/>\n\t<meta name=\"twitter:data1\" content=\"Tomas Jarvid\" \/>\n\t<meta name=\"twitter:label2\" content=\"Ber\u00e4knad l\u00e4stid\" \/>\n\t<meta name=\"twitter:data2\" content=\"2 minuter\" \/>\n<script type=\"application\/ld+json\" class=\"yoast-schema-graph\">{\"@context\":\"https:\/\/schema.org\",\"@graph\":[{\"@type\":\"Article\",\"@id\":\"https:\/\/blogg.svenskakyrkan.se\/vandravagen\/2015\/07\/23\/vi-vill-tro-det-ar-for-att-vi-ar-sa-smarta\/#article\",\"isPartOf\":{\"@id\":\"https:\/\/blogg.svenskakyrkan.se\/vandravagen\/2015\/07\/23\/vi-vill-tro-det-ar-for-att-vi-ar-sa-smarta\/\"},\"author\":{\"name\":\"Tomas Jarvid\",\"@id\":\"https:\/\/blogg.svenskakyrkan.se\/vandravagen\/#\/schema\/person\/25da02d4f76b137d04291711e2c9fc16\"},\"headline\":\"Vi vill tro det \u00e4r f\u00f6r att vi \u00e4r s\u00e5 smarta\",\"datePublished\":\"2015-07-23T05:00:39+00:00\",\"mainEntityOfPage\":{\"@id\":\"https:\/\/blogg.svenskakyrkan.se\/vandravagen\/2015\/07\/23\/vi-vill-tro-det-ar-for-att-vi-ar-sa-smarta\/\"},\"wordCount\":325,\"commentCount\":2,\"publisher\":{\"@id\":\"https:\/\/blogg.svenskakyrkan.se\/vandravagen\/#organization\"},\"image\":{\"@id\":\"https:\/\/blogg.svenskakyrkan.se\/vandravagen\/2015\/07\/23\/vi-vill-tro-det-ar-for-att-vi-ar-sa-smarta\/#primaryimage\"},\"thumbnailUrl\":\"http:\/\/blogg.svenskakyrkan.se\/vandravagen\/files\/2015\/07\/bild-36.jpg\",\"articleSection\":[\"bilder\",\"Dagens Kyrka\",\"vara m\u00e4nniska\"],\"inLanguage\":\"sv-SE\",\"potentialAction\":[{\"@type\":\"CommentAction\",\"name\":\"Comment\",\"target\":[\"https:\/\/blogg.svenskakyrkan.se\/vandravagen\/2015\/07\/23\/vi-vill-tro-det-ar-for-att-vi-ar-sa-smarta\/#respond\"]}]},{\"@type\":\"WebPage\",\"@id\":\"https:\/\/blogg.svenskakyrkan.se\/vandravagen\/2015\/07\/23\/vi-vill-tro-det-ar-for-att-vi-ar-sa-smarta\/\",\"url\":\"https:\/\/blogg.svenskakyrkan.se\/vandravagen\/2015\/07\/23\/vi-vill-tro-det-ar-for-att-vi-ar-sa-smarta\/\",\"name\":\"Vi vill tro det \u00e4r f\u00f6r att vi \u00e4r s\u00e5 smarta - Vandra V\u00e4gen\",\"isPartOf\":{\"@id\":\"https:\/\/blogg.svenskakyrkan.se\/vandravagen\/#website\"},\"primaryImageOfPage\":{\"@id\":\"https:\/\/blogg.svenskakyrkan.se\/vandravagen\/2015\/07\/23\/vi-vill-tro-det-ar-for-att-vi-ar-sa-smarta\/#primaryimage\"},\"image\":{\"@id\":\"https:\/\/blogg.svenskakyrkan.se\/vandravagen\/2015\/07\/23\/vi-vill-tro-det-ar-for-att-vi-ar-sa-smarta\/#primaryimage\"},\"thumbnailUrl\":\"http:\/\/blogg.svenskakyrkan.se\/vandravagen\/files\/2015\/07\/bild-36.jpg\",\"datePublished\":\"2015-07-23T05:00:39+00:00\",\"breadcrumb\":{\"@id\":\"https:\/\/blogg.svenskakyrkan.se\/vandravagen\/2015\/07\/23\/vi-vill-tro-det-ar-for-att-vi-ar-sa-smarta\/#breadcrumb\"},\"inLanguage\":\"sv-SE\",\"potentialAction\":[{\"@type\":\"ReadAction\",\"target\":[\"https:\/\/blogg.svenskakyrkan.se\/vandravagen\/2015\/07\/23\/vi-vill-tro-det-ar-for-att-vi-ar-sa-smarta\/\"]}]},{\"@type\":\"ImageObject\",\"inLanguage\":\"sv-SE\",\"@id\":\"https:\/\/blogg.svenskakyrkan.se\/vandravagen\/2015\/07\/23\/vi-vill-tro-det-ar-for-att-vi-ar-sa-smarta\/#primaryimage\",\"url\":\"http:\/\/blogg.svenskakyrkan.se\/vandravagen\/files\/2015\/07\/bild-36.jpg\",\"contentUrl\":\"http:\/\/blogg.svenskakyrkan.se\/vandravagen\/files\/2015\/07\/bild-36.jpg\"},{\"@type\":\"BreadcrumbList\",\"@id\":\"https:\/\/blogg.svenskakyrkan.se\/vandravagen\/2015\/07\/23\/vi-vill-tro-det-ar-for-att-vi-ar-sa-smarta\/#breadcrumb\",\"itemListElement\":[{\"@type\":\"ListItem\",\"position\":1,\"name\":\"Hem\",\"item\":\"https:\/\/blogg.svenskakyrkan.se\/vandravagen\/\"},{\"@type\":\"ListItem\",\"position\":2,\"name\":\"Vi vill tro det \u00e4r f\u00f6r att vi \u00e4r s\u00e5 smarta\"}]},{\"@type\":\"WebSite\",\"@id\":\"https:\/\/blogg.svenskakyrkan.se\/vandravagen\/#website\",\"url\":\"https:\/\/blogg.svenskakyrkan.se\/vandravagen\/\",\"name\":\"Vandra V\u00e4gen\",\"description\":\"-Mot en tro f\u00f6r hela livet\",\"publisher\":{\"@id\":\"https:\/\/blogg.svenskakyrkan.se\/vandravagen\/#organization\"},\"potentialAction\":[{\"@type\":\"SearchAction\",\"target\":{\"@type\":\"EntryPoint\",\"urlTemplate\":\"https:\/\/blogg.svenskakyrkan.se\/vandravagen\/?s={search_term_string}\"},\"query-input\":{\"@type\":\"PropertyValueSpecification\",\"valueRequired\":true,\"valueName\":\"search_term_string\"}}],\"inLanguage\":\"sv-SE\"},{\"@type\":\"Organization\",\"@id\":\"https:\/\/blogg.svenskakyrkan.se\/vandravagen\/#organization\",\"name\":\"ulricehamns pastorat\",\"alternateName\":\"ulricehamns pastorat\",\"url\":\"https:\/\/blogg.svenskakyrkan.se\/vandravagen\/\",\"logo\":{\"@type\":\"ImageObject\",\"inLanguage\":\"sv-SE\",\"@id\":\"https:\/\/blogg.svenskakyrkan.se\/vandravagen\/#\/schema\/logo\/image\/\",\"url\":\"https:\/\/blogg.svenskakyrkan.se\/vandravagen\/files\/2023\/05\/Ulr_logo_RGB.png\",\"contentUrl\":\"https:\/\/blogg.svenskakyrkan.se\/vandravagen\/files\/2023\/05\/Ulr_logo_RGB.png\",\"width\":205,\"height\":77,\"caption\":\"ulricehamns pastorat\"},\"image\":{\"@id\":\"https:\/\/blogg.svenskakyrkan.se\/vandravagen\/#\/schema\/logo\/image\/\"},\"sameAs\":[\"http:\/\/facebook.com\/vandravagen\",\"https:\/\/x.com\/fadertomas\",\"http:\/\/www.facebook.com\/svenskakyrkaniulricehamn\"]},{\"@type\":\"Person\",\"@id\":\"https:\/\/blogg.svenskakyrkan.se\/vandravagen\/#\/schema\/person\/25da02d4f76b137d04291711e2c9fc16\",\"name\":\"Tomas Jarvid\",\"image\":{\"@type\":\"ImageObject\",\"inLanguage\":\"sv-SE\",\"@id\":\"https:\/\/blogg.svenskakyrkan.se\/vandravagen\/#\/schema\/person\/image\/\",\"url\":\"https:\/\/secure.gravatar.com\/avatar\/7fa71899795e8f540f615a1f5ab25255dc27aa40f05ee7ddd21aac521e01bf50?s=96&d=identicon&r=g\",\"contentUrl\":\"https:\/\/secure.gravatar.com\/avatar\/7fa71899795e8f540f615a1f5ab25255dc27aa40f05ee7ddd21aac521e01bf50?s=96&d=identicon&r=g\",\"caption\":\"Tomas Jarvid\"},\"description\":\"Jag bor i Ulricehamn i V\u00e4sterg\u00f6tland och \u00e4r f\u00f6rsamlingspr\u00e4st i Svenska Kyrkan f\u00f6r Dalstorps f\u00f6rsamling i Kinds pastorat. P\u00e5 den h\u00e4r bloggen skriver jag ner tankar om vandringen som kristen.\",\"sameAs\":[\"http:\/\/www.vandravagen.se\"],\"url\":\"https:\/\/blogg.svenskakyrkan.se\/vandravagen\/author\/vandravagen\/\"}]}<\/script>\n<!-- \/ Yoast SEO plugin. -->","yoast_head_json":{"title":"Vi vill tro det \u00e4r f\u00f6r att vi \u00e4r s\u00e5 smarta - Vandra V\u00e4gen","robots":{"index":"index","follow":"follow","max-snippet":"max-snippet:-1","max-image-preview":"max-image-preview:large","max-video-preview":"max-video-preview:-1"},"canonical":"https:\/\/blogg.svenskakyrkan.se\/vandravagen\/2015\/07\/23\/vi-vill-tro-det-ar-for-att-vi-ar-sa-smarta\/","og_locale":"sv_SE","og_type":"article","og_title":"Vi vill tro det \u00e4r f\u00f6r att vi \u00e4r s\u00e5 smarta - Vandra V\u00e4gen","og_description":"Det h\u00e4r \u00e4r en oerh\u00f6rt talande bild. En h\u00e5rt arbetande kvinna och orden (i \u00f6vers\u00e4ttning): &#8221;Om rikedom var den oundvikliga f\u00f6ljden av h\u00e5rt arbete och driftighet skulle varje kvinna i Afrika vara miljon\u00e4r&#8221; -George Monbiot Det \u00e4r f\u00f6rst\u00e5s talande eftersom det s\u00e4tter fingret p\u00e5 de v\u00e4ldigt olika grundf\u00f6ruts\u00e4ttningar vi har i livet beroende p\u00e5 de [&hellip;]","og_url":"https:\/\/blogg.svenskakyrkan.se\/vandravagen\/2015\/07\/23\/vi-vill-tro-det-ar-for-att-vi-ar-sa-smarta\/","og_site_name":"Vandra V\u00e4gen","article_publisher":"http:\/\/facebook.com\/vandravagen","article_published_time":"2015-07-23T05:00:39+00:00","og_image":[{"url":"http:\/\/blogg.svenskakyrkan.se\/vandravagen\/files\/2015\/07\/bild-36.jpg","type":"","width":"","height":""}],"author":"Tomas Jarvid","twitter_card":"summary_large_image","twitter_creator":"@fadertomas","twitter_site":"@fadertomas","twitter_misc":{"Skriven av":"Tomas Jarvid","Ber\u00e4knad l\u00e4stid":"2 minuter"},"schema":{"@context":"https:\/\/schema.org","@graph":[{"@type":"Article","@id":"https:\/\/blogg.svenskakyrkan.se\/vandravagen\/2015\/07\/23\/vi-vill-tro-det-ar-for-att-vi-ar-sa-smarta\/#article","isPartOf":{"@id":"https:\/\/blogg.svenskakyrkan.se\/vandravagen\/2015\/07\/23\/vi-vill-tro-det-ar-for-att-vi-ar-sa-smarta\/"},"author":{"name":"Tomas Jarvid","@id":"https:\/\/blogg.svenskakyrkan.se\/vandravagen\/#\/schema\/person\/25da02d4f76b137d04291711e2c9fc16"},"headline":"Vi vill tro det \u00e4r f\u00f6r att vi \u00e4r s\u00e5 smarta","datePublished":"2015-07-23T05:00:39+00:00","mainEntityOfPage":{"@id":"https:\/\/blogg.svenskakyrkan.se\/vandravagen\/2015\/07\/23\/vi-vill-tro-det-ar-for-att-vi-ar-sa-smarta\/"},"wordCount":325,"commentCount":2,"publisher":{"@id":"https:\/\/blogg.svenskakyrkan.se\/vandravagen\/#organization"},"image":{"@id":"https:\/\/blogg.svenskakyrkan.se\/vandravagen\/2015\/07\/23\/vi-vill-tro-det-ar-for-att-vi-ar-sa-smarta\/#primaryimage"},"thumbnailUrl":"http:\/\/blogg.svenskakyrkan.se\/vandravagen\/files\/2015\/07\/bild-36.jpg","articleSection":["bilder","Dagens Kyrka","vara m\u00e4nniska"],"inLanguage":"sv-SE","potentialAction":[{"@type":"CommentAction","name":"Comment","target":["https:\/\/blogg.svenskakyrkan.se\/vandravagen\/2015\/07\/23\/vi-vill-tro-det-ar-for-att-vi-ar-sa-smarta\/#respond"]}]},{"@type":"WebPage","@id":"https:\/\/blogg.svenskakyrkan.se\/vandravagen\/2015\/07\/23\/vi-vill-tro-det-ar-for-att-vi-ar-sa-smarta\/","url":"https:\/\/blogg.svenskakyrkan.se\/vandravagen\/2015\/07\/23\/vi-vill-tro-det-ar-for-att-vi-ar-sa-smarta\/","name":"Vi vill tro det \u00e4r f\u00f6r att vi \u00e4r s\u00e5 smarta - Vandra V\u00e4gen","isPartOf":{"@id":"https:\/\/blogg.svenskakyrkan.se\/vandravagen\/#website"},"primaryImageOfPage":{"@id":"https:\/\/blogg.svenskakyrkan.se\/vandravagen\/2015\/07\/23\/vi-vill-tro-det-ar-for-att-vi-ar-sa-smarta\/#primaryimage"},"image":{"@id":"https:\/\/blogg.svenskakyrkan.se\/vandravagen\/2015\/07\/23\/vi-vill-tro-det-ar-for-att-vi-ar-sa-smarta\/#primaryimage"},"thumbnailUrl":"http:\/\/blogg.svenskakyrkan.se\/vandravagen\/files\/2015\/07\/bild-36.jpg","datePublished":"2015-07-23T05:00:39+00:00","breadcrumb":{"@id":"https:\/\/blogg.svenskakyrkan.se\/vandravagen\/2015\/07\/23\/vi-vill-tro-det-ar-for-att-vi-ar-sa-smarta\/#breadcrumb"},"inLanguage":"sv-SE","potentialAction":[{"@type":"ReadAction","target":["https:\/\/blogg.svenskakyrkan.se\/vandravagen\/2015\/07\/23\/vi-vill-tro-det-ar-for-att-vi-ar-sa-smarta\/"]}]},{"@type":"ImageObject","inLanguage":"sv-SE","@id":"https:\/\/blogg.svenskakyrkan.se\/vandravagen\/2015\/07\/23\/vi-vill-tro-det-ar-for-att-vi-ar-sa-smarta\/#primaryimage","url":"http:\/\/blogg.svenskakyrkan.se\/vandravagen\/files\/2015\/07\/bild-36.jpg","contentUrl":"http:\/\/blogg.svenskakyrkan.se\/vandravagen\/files\/2015\/07\/bild-36.jpg"},{"@type":"BreadcrumbList","@id":"https:\/\/blogg.svenskakyrkan.se\/vandravagen\/2015\/07\/23\/vi-vill-tro-det-ar-for-att-vi-ar-sa-smarta\/#breadcrumb","itemListElement":[{"@type":"ListItem","position":1,"name":"Hem","item":"https:\/\/blogg.svenskakyrkan.se\/vandravagen\/"},{"@type":"ListItem","position":2,"name":"Vi vill tro det \u00e4r f\u00f6r att vi \u00e4r s\u00e5 smarta"}]},{"@type":"WebSite","@id":"https:\/\/blogg.svenskakyrkan.se\/vandravagen\/#website","url":"https:\/\/blogg.svenskakyrkan.se\/vandravagen\/","name":"Vandra V\u00e4gen","description":"-Mot en tro f\u00f6r hela livet","publisher":{"@id":"https:\/\/blogg.svenskakyrkan.se\/vandravagen\/#organization"},"potentialAction":[{"@type":"SearchAction","target":{"@type":"EntryPoint","urlTemplate":"https:\/\/blogg.svenskakyrkan.se\/vandravagen\/?s={search_term_string}"},"query-input":{"@type":"PropertyValueSpecification","valueRequired":true,"valueName":"search_term_string"}}],"inLanguage":"sv-SE"},{"@type":"Organization","@id":"https:\/\/blogg.svenskakyrkan.se\/vandravagen\/#organization","name":"ulricehamns pastorat","alternateName":"ulricehamns pastorat","url":"https:\/\/blogg.svenskakyrkan.se\/vandravagen\/","logo":{"@type":"ImageObject","inLanguage":"sv-SE","@id":"https:\/\/blogg.svenskakyrkan.se\/vandravagen\/#\/schema\/logo\/image\/","url":"https:\/\/blogg.svenskakyrkan.se\/vandravagen\/files\/2023\/05\/Ulr_logo_RGB.png","contentUrl":"https:\/\/blogg.svenskakyrkan.se\/vandravagen\/files\/2023\/05\/Ulr_logo_RGB.png","width":205,"height":77,"caption":"ulricehamns pastorat"},"image":{"@id":"https:\/\/blogg.svenskakyrkan.se\/vandravagen\/#\/schema\/logo\/image\/"},"sameAs":["http:\/\/facebook.com\/vandravagen","https:\/\/x.com\/fadertomas","http:\/\/www.facebook.com\/svenskakyrkaniulricehamn"]},{"@type":"Person","@id":"https:\/\/blogg.svenskakyrkan.se\/vandravagen\/#\/schema\/person\/25da02d4f76b137d04291711e2c9fc16","name":"Tomas Jarvid","image":{"@type":"ImageObject","inLanguage":"sv-SE","@id":"https:\/\/blogg.svenskakyrkan.se\/vandravagen\/#\/schema\/person\/image\/","url":"https:\/\/secure.gravatar.com\/avatar\/7fa71899795e8f540f615a1f5ab25255dc27aa40f05ee7ddd21aac521e01bf50?s=96&d=identicon&r=g","contentUrl":"https:\/\/secure.gravatar.com\/avatar\/7fa71899795e8f540f615a1f5ab25255dc27aa40f05ee7ddd21aac521e01bf50?s=96&d=identicon&r=g","caption":"Tomas Jarvid"},"description":"Jag bor i Ulricehamn i V\u00e4sterg\u00f6tland och \u00e4r f\u00f6rsamlingspr\u00e4st i Svenska Kyrkan f\u00f6r Dalstorps f\u00f6rsamling i Kinds pastorat. P\u00e5 den h\u00e4r bloggen skriver jag ner tankar om vandringen som kristen.","sameAs":["http:\/\/www.vandravagen.se"],"url":"https:\/\/blogg.svenskakyrkan.se\/vandravagen\/author\/vandravagen\/"}]}},"author_meta":{"ID":"392","user_nicename":"vandravagen","user_url":"http:\/\/www.vandravagen.se","user_registered":"2014-05-19 05:44:52","display_name":"Tomas Jarvid","first_name":"Tomas","last_name":"Jarvid","avatar":"https:\/\/secure.gravatar.com\/avatar\/7fa71899795e8f540f615a1f5ab25255dc27aa40f05ee7ddd21aac521e01bf50?s=96&d=identicon&r=g"},"featured_image":false,"bloginfo":{"name":"Vandra V\u00e4gen","url":"https:\/\/blogg.svenskakyrkan.se\/vandravagen"},"_links":{"self":[{"href":"https:\/\/blogg.svenskakyrkan.se\/vandravagen\/wp-json\/wp\/v2\/posts\/3391","targetHints":{"allow":["GET"]}}],"collection":[{"href":"https:\/\/blogg.svenskakyrkan.se\/vandravagen\/wp-json\/wp\/v2\/posts"}],"about":[{"href":"https:\/\/blogg.svenskakyrkan.se\/vandravagen\/wp-json\/wp\/v2\/types\/post"}],"author":[{"embeddable":true,"href":"https:\/\/blogg.svenskakyrkan.se\/vandravagen\/wp-json\/wp\/v2\/users\/392"}],"replies":[{"embeddable":true,"href":"https:\/\/blogg.svenskakyrkan.se\/vandravagen\/wp-json\/wp\/v2\/comments?post=3391"}],"version-history":[{"count":1,"href":"https:\/\/blogg.svenskakyrkan.se\/vandravagen\/wp-json\/wp\/v2\/posts\/3391\/revisions"}],"predecessor-version":[{"id":3393,"href":"https:\/\/blogg.svenskakyrkan.se\/vandravagen\/wp-json\/wp\/v2\/posts\/3391\/revisions\/3393"}],"wp:attachment":[{"href":"https:\/\/blogg.svenskakyrkan.se\/vandravagen\/wp-json\/wp\/v2\/media?parent=3391"}],"wp:term":[{"taxonomy":"category","embeddable":true,"href":"https:\/\/blogg.svenskakyrkan.se\/vandravagen\/wp-json\/wp\/v2\/categories?post=3391"},{"taxonomy":"post_tag","embeddable":true,"href":"https:\/\/blogg.svenskakyrkan.se\/vandravagen\/wp-json\/wp\/v2\/tags?post=3391"}],"curies":[{"name":"wp","href":"https:\/\/api.w.org\/{rel}","templated":true}]}}