{"id":3397,"date":"2015-07-25T07:00:20","date_gmt":"2015-07-25T05:00:20","guid":{"rendered":"http:\/\/blogg.svenskakyrkan.se\/vandravagen\/?p=3397"},"modified":"2015-07-24T22:55:27","modified_gmt":"2015-07-24T20:55:27","slug":"extrovert-versus-introvert","status":"publish","type":"post","link":"https:\/\/blogg.svenskakyrkan.se\/vandravagen\/2015\/07\/25\/extrovert-versus-introvert\/","title":{"rendered":"Extrovert versus introvert"},"content":{"rendered":"<p>Dagens bloggpost \u00e4r en g\u00e4stbloggpost av min fru Jenny Jarvid. Den \u00e4r publicerad tidigare p\u00e5 en blogg vi haft tillsammans men eftersom skambel\u00e4ggningen av introverta m\u00e4nniskor nog inte direkt blivit mindre sedan dess s\u00e5 f\u00f6rtj\u00e4nar den att g\u00e5 en v\u00e4nda till. Skriv g\u00e4rna en kommentar med dina erfarenheter i \u00e4mnet. Ordet till Jenny:<\/p>\n<p><a href=\"http:\/\/blogg.svenskakyrkan.se\/vandravagen\/files\/2015\/07\/Extrovertintrovert.jpg\"><img loading=\"lazy\" decoding=\"async\" class=\"aligncenter size-full wp-image-3398\" src=\"http:\/\/blogg.svenskakyrkan.se\/vandravagen\/files\/2015\/07\/Extrovertintrovert.jpg\" alt=\"Extrovertintrovert\" width=\"400\" height=\"253\" srcset=\"https:\/\/blogg.svenskakyrkan.se\/vandravagen\/files\/2015\/07\/Extrovertintrovert.jpg 400w, https:\/\/blogg.svenskakyrkan.se\/vandravagen\/files\/2015\/07\/Extrovertintrovert-300x190.jpg 300w\" sizes=\"auto, (max-width: 400px) 100vw, 400px\" \/><\/a><\/p>\n<p>Har ni gjort ett bilds\u00f6k p\u00e5 orden extrovert och introvert? Det har jag gjort och skrattade lite \u00e5t resultatet. Orden har kommit upp i n\u00e5got sammanhang under terminen och jag har l\u00e4nge t\u00e4nkt skriva n\u00e5got om det eftersom jag tycker att man ibland feltolkar orden och anv\u00e4nder dem p\u00e5 ett lite felaktigt s\u00e4tt.<\/p>\n<p>Bilds\u00f6ket visade i alla fall att en introvert person \u00e4r blyg, avvaktande, g\u00f6mmer sig bakom sitt h\u00e5r, sitter med pannan i djupa veck, st\u00e5r f\u00f6r sig sj\u00e4lv vid sidan om, \u00e4r ensam och ser begrundande ut&#8230; En extrovert person d\u00e4remot har en \u00f6ppen kroppsh\u00e5llning, ler j\u00e4ttestort, ser ut att vara v\u00e4ldigt fylld av energi och initiativ, ofta tillsammans i stora s\u00e4llskap, h\u00f6rs, syns och verkar framg\u00e5ngsrik&#8230;<\/p>\n<p>Ja, vem skulle man helst vilja vara, vilken typ verkar mest positiv?<\/p>\n<p>Sl\u00e5r man p\u00e5 orden i SAOL f\u00e5r man resultaten att <b>introvert<\/b> betyder <i>sluten och in\u00e5tv\u00e4nd<\/i> och <b>extrovert <\/b>betyder <i>ut\u00e5triktad och ut\u00e5tv\u00e4nd<\/i>. till viss del \u00e4r detta sant men jag tycker att det saknas n\u00e5gra parametrar i det hela.<\/p>\n<p>Jag t\u00e4nker att det r\u00f6r sig om olika personlighetstyper. Vilken man \u00e4r \u00e4r nog delvis medf\u00f6tt och jag t\u00e4nker att det mest av allt handlar om hur man hanterar den information och de intryck man hela tiden f\u00e5r bara genom att leva. En introvert person behandlar detta genom att begrunda, reflektera, t\u00e4nka, en process som sker <i>in\u00e5t<\/i>. En extrovert person d\u00e4remot hanterar det genom att tala, t\u00e4nka h\u00f6gt, prata med andra om det, en process som sker <i>ut\u00e5t<\/i>.<\/p>\n<p>Det jag reagerar p\u00e5 \u00e4r n\u00e4r det kopplas samman med uttrycker social kompetens. Jag tror att det finna en bild av att en extrovert person \u00e4r mer social kompetent medan en introvert person inte har denna kompetens. Snarare skulle jag vilja p\u00e5st\u00e5 att social kompetens handlar om f\u00f6rm\u00e5gan att l\u00e4sa av olika sociala sammanhang, se processer och sedan f\u00f6rst\u00e5 hur man b\u00f6r agera utifr\u00e5n det man registrerar. N\u00e5got b\u00e5de extroverta och introverta personer kan vara bra p\u00e5. Social kompetens blir i s\u00e4msta fall ett m\u00e5tt p\u00e5 hur bra man \u00e4r p\u00e5 att kallprata, vilket en extrovert person i h\u00f6gre grad kanske \u00e4r b\u00e4ttre p\u00e5.<\/p>\n<p>Om man kan sluta sig till att ett enkelt bilds\u00f6k kan avsl\u00f6ja n\u00e5got om hur man generellt ser p\u00e5 de b\u00e5da personlighetstyperna blir bilderna ganska stereotypa och f\u00f6rmodligen inte heller sanna. Det \u00e4r inte sant att en introvert person helst av allt sitter hemma och en extrovert person \u00e4r ute och festar hela tiden. Det kan f\u00f6rmodligen vara s\u00e5 att den extroverta personen s\u00f6ker sig till s\u00e5dana sammanhang i h\u00f6gre utstr\u00e4ckning men det \u00e4r dumt om det l\u00e4ggs en v\u00e4rdering eller generalisering i detta.<\/p>\n<p>Introvert l\u00e4nkas vanligtvis samman med blyghet, vilket ibland s\u00e4kert kan st\u00e4mma men inte alltid, och i det finns ocks\u00e5 bilden av den extroverta personlighetstypen som &#8221;mer lyckad och framg\u00e5ngsrik&#8221;.<\/p>\n<p>Vem \u00e4r stolt \u00f6ver att vara blyg?<\/p>\n<p>Jag tycker naturligtvis, som tillh\u00f6r den introverta skaran, att man ska komma fr\u00e5n dessa bilder och att man dessutom b\u00f6r sluta att skambel\u00e4gga blyghet. Vi \u00e4r olika som m\u00e4nniskor, det \u00e4r det som g\u00f6r oss alla fantastiska och unika. Dessutom beh\u00f6vs olika personlighetstyper f\u00f6r att det ska bli en bra balans h\u00e4r i v\u00e4rlden! Det d\u00e4r med att man kompletterar varandra och kan l\u00e4ra sig saker av varandra&#8230;<\/p>\n","protected":false},"excerpt":{"rendered":"<p>Dagens bloggpost \u00e4r en g\u00e4stbloggpost av min fru Jenny Jarvid. Den \u00e4r publicerad tidigare p\u00e5 en blogg vi haft tillsammans men eftersom skambel\u00e4ggningen av introverta m\u00e4nniskor nog inte direkt blivit mindre sedan dess s\u00e5 f\u00f6rtj\u00e4nar den att g\u00e5 en v\u00e4nda till. Skriv g\u00e4rna en kommentar med dina erfarenheter i \u00e4mnet. Ordet till Jenny: Har ni [&hellip;]<\/p>\n","protected":false},"author":392,"featured_media":0,"comment_status":"open","ping_status":"open","sticky":false,"template":"","format":"standard","meta":{"_acf_changed":false,"footnotes":""},"categories":[76189,8345,77554],"tags":[],"class_list":["post-3397","post","type-post","status-publish","format-standard","hentry","category-dagens-kyrka","category-relationer","category-vara-manniska"],"acf":[],"yoast_head":"<!-- This site is optimized with the Yoast SEO plugin v27.1.1 - https:\/\/yoast.com\/product\/yoast-seo-wordpress\/ -->\n<title>Extrovert versus introvert - Vandra V\u00e4gen<\/title>\n<meta name=\"robots\" content=\"index, follow, max-snippet:-1, max-image-preview:large, max-video-preview:-1\" \/>\n<link rel=\"canonical\" href=\"https:\/\/blogg.svenskakyrkan.se\/vandravagen\/2015\/07\/25\/extrovert-versus-introvert\/\" \/>\n<meta property=\"og:locale\" content=\"sv_SE\" \/>\n<meta property=\"og:type\" content=\"article\" \/>\n<meta property=\"og:title\" content=\"Extrovert versus introvert - Vandra V\u00e4gen\" \/>\n<meta property=\"og:description\" content=\"Dagens bloggpost \u00e4r en g\u00e4stbloggpost av min fru Jenny Jarvid. Den \u00e4r publicerad tidigare p\u00e5 en blogg vi haft tillsammans men eftersom skambel\u00e4ggningen av introverta m\u00e4nniskor nog inte direkt blivit mindre sedan dess s\u00e5 f\u00f6rtj\u00e4nar den att g\u00e5 en v\u00e4nda till. Skriv g\u00e4rna en kommentar med dina erfarenheter i \u00e4mnet. Ordet till Jenny: Har ni [&hellip;]\" \/>\n<meta property=\"og:url\" content=\"https:\/\/blogg.svenskakyrkan.se\/vandravagen\/2015\/07\/25\/extrovert-versus-introvert\/\" \/>\n<meta property=\"og:site_name\" content=\"Vandra V\u00e4gen\" \/>\n<meta property=\"article:publisher\" content=\"http:\/\/facebook.com\/vandravagen\" \/>\n<meta property=\"article:published_time\" content=\"2015-07-25T05:00:20+00:00\" \/>\n<meta property=\"og:image\" content=\"http:\/\/blogg.svenskakyrkan.se\/vandravagen\/files\/2015\/07\/Extrovertintrovert.jpg\" \/>\n<meta name=\"author\" content=\"Tomas Jarvid\" \/>\n<meta name=\"twitter:card\" content=\"summary_large_image\" \/>\n<meta name=\"twitter:creator\" content=\"@fadertomas\" \/>\n<meta name=\"twitter:site\" content=\"@fadertomas\" \/>\n<meta name=\"twitter:label1\" content=\"Skriven av\" \/>\n\t<meta name=\"twitter:data1\" content=\"Tomas Jarvid\" \/>\n\t<meta name=\"twitter:label2\" content=\"Ber\u00e4knad l\u00e4stid\" \/>\n\t<meta name=\"twitter:data2\" content=\"3 minuter\" \/>\n<script type=\"application\/ld+json\" class=\"yoast-schema-graph\">{\"@context\":\"https:\/\/schema.org\",\"@graph\":[{\"@type\":\"Article\",\"@id\":\"https:\/\/blogg.svenskakyrkan.se\/vandravagen\/2015\/07\/25\/extrovert-versus-introvert\/#article\",\"isPartOf\":{\"@id\":\"https:\/\/blogg.svenskakyrkan.se\/vandravagen\/2015\/07\/25\/extrovert-versus-introvert\/\"},\"author\":{\"name\":\"Tomas Jarvid\",\"@id\":\"https:\/\/blogg.svenskakyrkan.se\/vandravagen\/#\/schema\/person\/25da02d4f76b137d04291711e2c9fc16\"},\"headline\":\"Extrovert versus introvert\",\"datePublished\":\"2015-07-25T05:00:20+00:00\",\"mainEntityOfPage\":{\"@id\":\"https:\/\/blogg.svenskakyrkan.se\/vandravagen\/2015\/07\/25\/extrovert-versus-introvert\/\"},\"wordCount\":683,\"commentCount\":10,\"publisher\":{\"@id\":\"https:\/\/blogg.svenskakyrkan.se\/vandravagen\/#organization\"},\"image\":{\"@id\":\"https:\/\/blogg.svenskakyrkan.se\/vandravagen\/2015\/07\/25\/extrovert-versus-introvert\/#primaryimage\"},\"thumbnailUrl\":\"http:\/\/blogg.svenskakyrkan.se\/vandravagen\/files\/2015\/07\/Extrovertintrovert.jpg\",\"articleSection\":[\"Dagens Kyrka\",\"relationer\",\"vara m\u00e4nniska\"],\"inLanguage\":\"sv-SE\",\"potentialAction\":[{\"@type\":\"CommentAction\",\"name\":\"Comment\",\"target\":[\"https:\/\/blogg.svenskakyrkan.se\/vandravagen\/2015\/07\/25\/extrovert-versus-introvert\/#respond\"]}]},{\"@type\":\"WebPage\",\"@id\":\"https:\/\/blogg.svenskakyrkan.se\/vandravagen\/2015\/07\/25\/extrovert-versus-introvert\/\",\"url\":\"https:\/\/blogg.svenskakyrkan.se\/vandravagen\/2015\/07\/25\/extrovert-versus-introvert\/\",\"name\":\"Extrovert versus introvert - Vandra V\u00e4gen\",\"isPartOf\":{\"@id\":\"https:\/\/blogg.svenskakyrkan.se\/vandravagen\/#website\"},\"primaryImageOfPage\":{\"@id\":\"https:\/\/blogg.svenskakyrkan.se\/vandravagen\/2015\/07\/25\/extrovert-versus-introvert\/#primaryimage\"},\"image\":{\"@id\":\"https:\/\/blogg.svenskakyrkan.se\/vandravagen\/2015\/07\/25\/extrovert-versus-introvert\/#primaryimage\"},\"thumbnailUrl\":\"http:\/\/blogg.svenskakyrkan.se\/vandravagen\/files\/2015\/07\/Extrovertintrovert.jpg\",\"datePublished\":\"2015-07-25T05:00:20+00:00\",\"breadcrumb\":{\"@id\":\"https:\/\/blogg.svenskakyrkan.se\/vandravagen\/2015\/07\/25\/extrovert-versus-introvert\/#breadcrumb\"},\"inLanguage\":\"sv-SE\",\"potentialAction\":[{\"@type\":\"ReadAction\",\"target\":[\"https:\/\/blogg.svenskakyrkan.se\/vandravagen\/2015\/07\/25\/extrovert-versus-introvert\/\"]}]},{\"@type\":\"ImageObject\",\"inLanguage\":\"sv-SE\",\"@id\":\"https:\/\/blogg.svenskakyrkan.se\/vandravagen\/2015\/07\/25\/extrovert-versus-introvert\/#primaryimage\",\"url\":\"http:\/\/blogg.svenskakyrkan.se\/vandravagen\/files\/2015\/07\/Extrovertintrovert.jpg\",\"contentUrl\":\"http:\/\/blogg.svenskakyrkan.se\/vandravagen\/files\/2015\/07\/Extrovertintrovert.jpg\"},{\"@type\":\"BreadcrumbList\",\"@id\":\"https:\/\/blogg.svenskakyrkan.se\/vandravagen\/2015\/07\/25\/extrovert-versus-introvert\/#breadcrumb\",\"itemListElement\":[{\"@type\":\"ListItem\",\"position\":1,\"name\":\"Hem\",\"item\":\"https:\/\/blogg.svenskakyrkan.se\/vandravagen\/\"},{\"@type\":\"ListItem\",\"position\":2,\"name\":\"Extrovert versus introvert\"}]},{\"@type\":\"WebSite\",\"@id\":\"https:\/\/blogg.svenskakyrkan.se\/vandravagen\/#website\",\"url\":\"https:\/\/blogg.svenskakyrkan.se\/vandravagen\/\",\"name\":\"Vandra V\u00e4gen\",\"description\":\"-Mot en tro f\u00f6r hela livet\",\"publisher\":{\"@id\":\"https:\/\/blogg.svenskakyrkan.se\/vandravagen\/#organization\"},\"potentialAction\":[{\"@type\":\"SearchAction\",\"target\":{\"@type\":\"EntryPoint\",\"urlTemplate\":\"https:\/\/blogg.svenskakyrkan.se\/vandravagen\/?s={search_term_string}\"},\"query-input\":{\"@type\":\"PropertyValueSpecification\",\"valueRequired\":true,\"valueName\":\"search_term_string\"}}],\"inLanguage\":\"sv-SE\"},{\"@type\":\"Organization\",\"@id\":\"https:\/\/blogg.svenskakyrkan.se\/vandravagen\/#organization\",\"name\":\"ulricehamns pastorat\",\"alternateName\":\"ulricehamns pastorat\",\"url\":\"https:\/\/blogg.svenskakyrkan.se\/vandravagen\/\",\"logo\":{\"@type\":\"ImageObject\",\"inLanguage\":\"sv-SE\",\"@id\":\"https:\/\/blogg.svenskakyrkan.se\/vandravagen\/#\/schema\/logo\/image\/\",\"url\":\"https:\/\/blogg.svenskakyrkan.se\/vandravagen\/files\/2023\/05\/Ulr_logo_RGB.png\",\"contentUrl\":\"https:\/\/blogg.svenskakyrkan.se\/vandravagen\/files\/2023\/05\/Ulr_logo_RGB.png\",\"width\":205,\"height\":77,\"caption\":\"ulricehamns pastorat\"},\"image\":{\"@id\":\"https:\/\/blogg.svenskakyrkan.se\/vandravagen\/#\/schema\/logo\/image\/\"},\"sameAs\":[\"http:\/\/facebook.com\/vandravagen\",\"https:\/\/x.com\/fadertomas\",\"http:\/\/www.facebook.com\/svenskakyrkaniulricehamn\"]},{\"@type\":\"Person\",\"@id\":\"https:\/\/blogg.svenskakyrkan.se\/vandravagen\/#\/schema\/person\/25da02d4f76b137d04291711e2c9fc16\",\"name\":\"Tomas Jarvid\",\"image\":{\"@type\":\"ImageObject\",\"inLanguage\":\"sv-SE\",\"@id\":\"https:\/\/blogg.svenskakyrkan.se\/vandravagen\/#\/schema\/person\/image\/\",\"url\":\"https:\/\/secure.gravatar.com\/avatar\/7fa71899795e8f540f615a1f5ab25255dc27aa40f05ee7ddd21aac521e01bf50?s=96&d=identicon&r=g\",\"contentUrl\":\"https:\/\/secure.gravatar.com\/avatar\/7fa71899795e8f540f615a1f5ab25255dc27aa40f05ee7ddd21aac521e01bf50?s=96&d=identicon&r=g\",\"caption\":\"Tomas Jarvid\"},\"description\":\"Jag bor i Ulricehamn i V\u00e4sterg\u00f6tland och \u00e4r f\u00f6rsamlingspr\u00e4st i Svenska Kyrkan f\u00f6r Dalstorps f\u00f6rsamling i Kinds pastorat. P\u00e5 den h\u00e4r bloggen skriver jag ner tankar om vandringen som kristen.\",\"sameAs\":[\"http:\/\/www.vandravagen.se\"],\"url\":\"https:\/\/blogg.svenskakyrkan.se\/vandravagen\/author\/vandravagen\/\"}]}<\/script>\n<!-- \/ Yoast SEO plugin. -->","yoast_head_json":{"title":"Extrovert versus introvert - Vandra V\u00e4gen","robots":{"index":"index","follow":"follow","max-snippet":"max-snippet:-1","max-image-preview":"max-image-preview:large","max-video-preview":"max-video-preview:-1"},"canonical":"https:\/\/blogg.svenskakyrkan.se\/vandravagen\/2015\/07\/25\/extrovert-versus-introvert\/","og_locale":"sv_SE","og_type":"article","og_title":"Extrovert versus introvert - Vandra V\u00e4gen","og_description":"Dagens bloggpost \u00e4r en g\u00e4stbloggpost av min fru Jenny Jarvid. Den \u00e4r publicerad tidigare p\u00e5 en blogg vi haft tillsammans men eftersom skambel\u00e4ggningen av introverta m\u00e4nniskor nog inte direkt blivit mindre sedan dess s\u00e5 f\u00f6rtj\u00e4nar den att g\u00e5 en v\u00e4nda till. Skriv g\u00e4rna en kommentar med dina erfarenheter i \u00e4mnet. Ordet till Jenny: Har ni [&hellip;]","og_url":"https:\/\/blogg.svenskakyrkan.se\/vandravagen\/2015\/07\/25\/extrovert-versus-introvert\/","og_site_name":"Vandra V\u00e4gen","article_publisher":"http:\/\/facebook.com\/vandravagen","article_published_time":"2015-07-25T05:00:20+00:00","og_image":[{"url":"http:\/\/blogg.svenskakyrkan.se\/vandravagen\/files\/2015\/07\/Extrovertintrovert.jpg","type":"","width":"","height":""}],"author":"Tomas Jarvid","twitter_card":"summary_large_image","twitter_creator":"@fadertomas","twitter_site":"@fadertomas","twitter_misc":{"Skriven av":"Tomas Jarvid","Ber\u00e4knad l\u00e4stid":"3 minuter"},"schema":{"@context":"https:\/\/schema.org","@graph":[{"@type":"Article","@id":"https:\/\/blogg.svenskakyrkan.se\/vandravagen\/2015\/07\/25\/extrovert-versus-introvert\/#article","isPartOf":{"@id":"https:\/\/blogg.svenskakyrkan.se\/vandravagen\/2015\/07\/25\/extrovert-versus-introvert\/"},"author":{"name":"Tomas Jarvid","@id":"https:\/\/blogg.svenskakyrkan.se\/vandravagen\/#\/schema\/person\/25da02d4f76b137d04291711e2c9fc16"},"headline":"Extrovert versus introvert","datePublished":"2015-07-25T05:00:20+00:00","mainEntityOfPage":{"@id":"https:\/\/blogg.svenskakyrkan.se\/vandravagen\/2015\/07\/25\/extrovert-versus-introvert\/"},"wordCount":683,"commentCount":10,"publisher":{"@id":"https:\/\/blogg.svenskakyrkan.se\/vandravagen\/#organization"},"image":{"@id":"https:\/\/blogg.svenskakyrkan.se\/vandravagen\/2015\/07\/25\/extrovert-versus-introvert\/#primaryimage"},"thumbnailUrl":"http:\/\/blogg.svenskakyrkan.se\/vandravagen\/files\/2015\/07\/Extrovertintrovert.jpg","articleSection":["Dagens Kyrka","relationer","vara m\u00e4nniska"],"inLanguage":"sv-SE","potentialAction":[{"@type":"CommentAction","name":"Comment","target":["https:\/\/blogg.svenskakyrkan.se\/vandravagen\/2015\/07\/25\/extrovert-versus-introvert\/#respond"]}]},{"@type":"WebPage","@id":"https:\/\/blogg.svenskakyrkan.se\/vandravagen\/2015\/07\/25\/extrovert-versus-introvert\/","url":"https:\/\/blogg.svenskakyrkan.se\/vandravagen\/2015\/07\/25\/extrovert-versus-introvert\/","name":"Extrovert versus introvert - Vandra V\u00e4gen","isPartOf":{"@id":"https:\/\/blogg.svenskakyrkan.se\/vandravagen\/#website"},"primaryImageOfPage":{"@id":"https:\/\/blogg.svenskakyrkan.se\/vandravagen\/2015\/07\/25\/extrovert-versus-introvert\/#primaryimage"},"image":{"@id":"https:\/\/blogg.svenskakyrkan.se\/vandravagen\/2015\/07\/25\/extrovert-versus-introvert\/#primaryimage"},"thumbnailUrl":"http:\/\/blogg.svenskakyrkan.se\/vandravagen\/files\/2015\/07\/Extrovertintrovert.jpg","datePublished":"2015-07-25T05:00:20+00:00","breadcrumb":{"@id":"https:\/\/blogg.svenskakyrkan.se\/vandravagen\/2015\/07\/25\/extrovert-versus-introvert\/#breadcrumb"},"inLanguage":"sv-SE","potentialAction":[{"@type":"ReadAction","target":["https:\/\/blogg.svenskakyrkan.se\/vandravagen\/2015\/07\/25\/extrovert-versus-introvert\/"]}]},{"@type":"ImageObject","inLanguage":"sv-SE","@id":"https:\/\/blogg.svenskakyrkan.se\/vandravagen\/2015\/07\/25\/extrovert-versus-introvert\/#primaryimage","url":"http:\/\/blogg.svenskakyrkan.se\/vandravagen\/files\/2015\/07\/Extrovertintrovert.jpg","contentUrl":"http:\/\/blogg.svenskakyrkan.se\/vandravagen\/files\/2015\/07\/Extrovertintrovert.jpg"},{"@type":"BreadcrumbList","@id":"https:\/\/blogg.svenskakyrkan.se\/vandravagen\/2015\/07\/25\/extrovert-versus-introvert\/#breadcrumb","itemListElement":[{"@type":"ListItem","position":1,"name":"Hem","item":"https:\/\/blogg.svenskakyrkan.se\/vandravagen\/"},{"@type":"ListItem","position":2,"name":"Extrovert versus introvert"}]},{"@type":"WebSite","@id":"https:\/\/blogg.svenskakyrkan.se\/vandravagen\/#website","url":"https:\/\/blogg.svenskakyrkan.se\/vandravagen\/","name":"Vandra V\u00e4gen","description":"-Mot en tro f\u00f6r hela livet","publisher":{"@id":"https:\/\/blogg.svenskakyrkan.se\/vandravagen\/#organization"},"potentialAction":[{"@type":"SearchAction","target":{"@type":"EntryPoint","urlTemplate":"https:\/\/blogg.svenskakyrkan.se\/vandravagen\/?s={search_term_string}"},"query-input":{"@type":"PropertyValueSpecification","valueRequired":true,"valueName":"search_term_string"}}],"inLanguage":"sv-SE"},{"@type":"Organization","@id":"https:\/\/blogg.svenskakyrkan.se\/vandravagen\/#organization","name":"ulricehamns pastorat","alternateName":"ulricehamns pastorat","url":"https:\/\/blogg.svenskakyrkan.se\/vandravagen\/","logo":{"@type":"ImageObject","inLanguage":"sv-SE","@id":"https:\/\/blogg.svenskakyrkan.se\/vandravagen\/#\/schema\/logo\/image\/","url":"https:\/\/blogg.svenskakyrkan.se\/vandravagen\/files\/2023\/05\/Ulr_logo_RGB.png","contentUrl":"https:\/\/blogg.svenskakyrkan.se\/vandravagen\/files\/2023\/05\/Ulr_logo_RGB.png","width":205,"height":77,"caption":"ulricehamns pastorat"},"image":{"@id":"https:\/\/blogg.svenskakyrkan.se\/vandravagen\/#\/schema\/logo\/image\/"},"sameAs":["http:\/\/facebook.com\/vandravagen","https:\/\/x.com\/fadertomas","http:\/\/www.facebook.com\/svenskakyrkaniulricehamn"]},{"@type":"Person","@id":"https:\/\/blogg.svenskakyrkan.se\/vandravagen\/#\/schema\/person\/25da02d4f76b137d04291711e2c9fc16","name":"Tomas Jarvid","image":{"@type":"ImageObject","inLanguage":"sv-SE","@id":"https:\/\/blogg.svenskakyrkan.se\/vandravagen\/#\/schema\/person\/image\/","url":"https:\/\/secure.gravatar.com\/avatar\/7fa71899795e8f540f615a1f5ab25255dc27aa40f05ee7ddd21aac521e01bf50?s=96&d=identicon&r=g","contentUrl":"https:\/\/secure.gravatar.com\/avatar\/7fa71899795e8f540f615a1f5ab25255dc27aa40f05ee7ddd21aac521e01bf50?s=96&d=identicon&r=g","caption":"Tomas Jarvid"},"description":"Jag bor i Ulricehamn i V\u00e4sterg\u00f6tland och \u00e4r f\u00f6rsamlingspr\u00e4st i Svenska Kyrkan f\u00f6r Dalstorps f\u00f6rsamling i Kinds pastorat. P\u00e5 den h\u00e4r bloggen skriver jag ner tankar om vandringen som kristen.","sameAs":["http:\/\/www.vandravagen.se"],"url":"https:\/\/blogg.svenskakyrkan.se\/vandravagen\/author\/vandravagen\/"}]}},"author_meta":{"ID":"392","user_nicename":"vandravagen","user_url":"http:\/\/www.vandravagen.se","user_registered":"2014-05-19 05:44:52","display_name":"Tomas Jarvid","first_name":"Tomas","last_name":"Jarvid","avatar":"https:\/\/secure.gravatar.com\/avatar\/7fa71899795e8f540f615a1f5ab25255dc27aa40f05ee7ddd21aac521e01bf50?s=96&d=identicon&r=g"},"featured_image":false,"bloginfo":{"name":"Vandra V\u00e4gen","url":"https:\/\/blogg.svenskakyrkan.se\/vandravagen"},"_links":{"self":[{"href":"https:\/\/blogg.svenskakyrkan.se\/vandravagen\/wp-json\/wp\/v2\/posts\/3397","targetHints":{"allow":["GET"]}}],"collection":[{"href":"https:\/\/blogg.svenskakyrkan.se\/vandravagen\/wp-json\/wp\/v2\/posts"}],"about":[{"href":"https:\/\/blogg.svenskakyrkan.se\/vandravagen\/wp-json\/wp\/v2\/types\/post"}],"author":[{"embeddable":true,"href":"https:\/\/blogg.svenskakyrkan.se\/vandravagen\/wp-json\/wp\/v2\/users\/392"}],"replies":[{"embeddable":true,"href":"https:\/\/blogg.svenskakyrkan.se\/vandravagen\/wp-json\/wp\/v2\/comments?post=3397"}],"version-history":[{"count":1,"href":"https:\/\/blogg.svenskakyrkan.se\/vandravagen\/wp-json\/wp\/v2\/posts\/3397\/revisions"}],"predecessor-version":[{"id":3399,"href":"https:\/\/blogg.svenskakyrkan.se\/vandravagen\/wp-json\/wp\/v2\/posts\/3397\/revisions\/3399"}],"wp:attachment":[{"href":"https:\/\/blogg.svenskakyrkan.se\/vandravagen\/wp-json\/wp\/v2\/media?parent=3397"}],"wp:term":[{"taxonomy":"category","embeddable":true,"href":"https:\/\/blogg.svenskakyrkan.se\/vandravagen\/wp-json\/wp\/v2\/categories?post=3397"},{"taxonomy":"post_tag","embeddable":true,"href":"https:\/\/blogg.svenskakyrkan.se\/vandravagen\/wp-json\/wp\/v2\/tags?post=3397"}],"curies":[{"name":"wp","href":"https:\/\/api.w.org\/{rel}","templated":true}]}}