{"id":341,"date":"2013-09-24T07:04:00","date_gmt":"2013-09-24T05:04:00","guid":{"rendered":"http:\/\/blogg.svenskakyrkan.se\/vandravagen\/2013\/09\/24\/bara-gud-ar-en-bra-gud\/"},"modified":"2013-09-24T07:04:00","modified_gmt":"2013-09-24T05:04:00","slug":"bara-gud-ar-en-bra-gud","status":"publish","type":"post","link":"https:\/\/blogg.svenskakyrkan.se\/vandravagen\/2013\/09\/24\/bara-gud-ar-en-bra-gud\/","title":{"rendered":"Bara Gud \u00e4r en bra gud"},"content":{"rendered":"<p>Jag testar ett nytt s\u00e4tt att l\u00e4gga upp predikningar. Nu via &#8221;s\u00f6ndaghelaveckan&#8221;. D\u00e4r finns undervisning fr\u00e5n en m\u00e4ngd olika f\u00f6rsamlingar av olika samfund smalade. Med lite flax hamnar det ocks\u00e5 p\u00e5 itunes s\u00e5 sm\u00e5ningom. Jag \u00e5terkommer n\u00e4r jag fattat mer. Det h\u00e4r \u00e4r i alla fall det jag sa p\u00e5 h\u00f6gm\u00e4ssan i s\u00f6ndags, h\u00e5ll tillgodo! Det \u00e4r den predikan som heter &#8221;rik inf\u00f6r Gud&#8221; som \u00e4r den senaste. Det som \u00e4r extra h\u00e4ftigt \u00e4r att nu finns jag f\u00f6r nedladdning p\u00e5 iTunes ocks\u00e5, podden heter &#8221;s\u00f6ndaghelaveckan&#8221; men man kanske till och med kan s\u00f6ka p\u00e5 mitt namn? Nog om *mig*, h\u00e4r \u00e4r predikan:<\/p>\n<div><\/div>\n<p>Luk 12:13ff<\/p>\n<div>N\u00e5gon i hopen sade till honom: &#8221;M\u00e4stare, s\u00e4g \u00e5t min bror att dela arvet med mig.&#8221; 14Han svarade: &#8221;Vem har satt mig till att d\u00f6ma eller skifta mellan er?&#8221; 15Och han sade till dem: &#8221;Akta er f\u00f6r allt habeg\u00e4r. En m\u00e4nniskas liv beror inte av \u00f6verfl\u00f6d p\u00e5 \u00e4godelar.&#8221; 16Sedan gav han dem en liknelse: &#8221;En rik man hade f\u00e5tt god sk\u00f6rd p\u00e5 sina jordar. 17Han t\u00e4nkte f\u00f6r sig sj\u00e4lv: \u2019Vad skall jag g\u00f6ra? Jag har inte plats f\u00f6r hela sk\u00f6rden.\u2019 18Han sade: \u2019S\u00e5 h\u00e4r skall jag g\u00f6ra. Jag river mina lador och bygger st\u00f6rre s\u00e5 att jag f\u00e5r rum med s\u00e4den och allt annat jag \u00e4ger. 19Sedan kan jag s\u00e4ga till mig sj\u00e4lv: Nu min v\u00e4n \u00e4r du v\u00e4l f\u00f6rs\u00f6rjd f\u00f6r m\u00e5nga \u00e5r fram\u00e5t. Du kan vila ut. \u00c4t, drick och roa dig.\u2019 20Men Gud sade till honom: \u2019Din d\u00e5re, i natt skall ditt liv tas ifr\u00e5n dig, och allt du har lagt p\u00e5 h\u00f6g, vem skall f\u00e5 det?\u2019 21S\u00e5 g\u00e5r det f\u00f6r den som samlar skatter \u00e5t sig sj\u00e4lv men inte \u00e4r rik inf\u00f6r Gud.&#8221;<\/p>\n<p>Vad \u00e4r det f\u00f6r fel p\u00e5 mannens planer? Har jag fattat det r\u00e4tt att Gud tar k\u00e5l p\u00e5 honom f\u00f6r att han bygger lador, det \u00e4r ju j\u00e4ttekonstigt! \u00c4r rikedom och pengar n\u00e5got d\u00e5ligt? Vad \u00e4r verklig rikedom egentligen? <\/p>\n<p>Fr\u00e5gorna hopar sig n\u00e4r man l\u00e4ser dagens texter, det \u00e4r v\u00e4ldigt utmanande, speciellt i v\u00e5rt land tror jag. Vi lever ju i ett samh\u00e4lle d\u00e4r det \u00e4r v\u00e4ldigt, v\u00e4ldigt m\u00e5nga som har ett \u00f6verfl\u00f6d av saker och ekonomiska resurser. Aldrig har vi varit s\u00e5 rika som nu. Det kanske vi inte ens m\u00e4rker f\u00f6r vi j\u00e4mf\u00f6r oss hela tiden med de som har lite mer, grannen eller klasskamraten. Vi ser det vi inte har. <\/p>\n<p>R\u00e4tt krasst uttryckt i predikaren i gamla testamentet som vi just h\u00f6rt &#8211; \u201dden som \u00e4lskar pengar blir aldrig m\u00e4tt p\u00e5 pengar, och den som \u00e4lskar rikedom f\u00e5r aldrig nog\u201d. <\/p>\n<p>Jesus ger en riktigt k\u00e4rv liknelse. Han beskriver en man som vi nog skulle s\u00e4ga \u00e4r smart och aff\u00e4rsm\u00e4ssig. Han f\u00e5r en bra sk\u00f6rd och ser chansen att trygga sin tillvaro genom att magasinera i st\u00f6rre lador. Om det s\u00e4ger Gud \u201ddin d\u00e5re, i natt ska ditt liv tas ifr\u00e5n dig, vem ska f\u00e5 allt det h\u00e4r d\u00e5?\u201d. I f\u00f6rstone kan det se ut som att Gud tar livet av honom men det \u00e4r inte det som h\u00e4nder, det som h\u00e4nder \u00e4r att Gud talar till mannen och ber\u00e4ttar f\u00f6r honom det Gud i sin st\u00f6rre kunskap vet, att mannens tid \u00e4r ute. Vi ska ju alla d\u00f6, ingen av oss vet n\u00e4r. Vad tj\u00e4nar det till att du har din stora sk\u00f6rd i en st\u00f6rre lada d\u00e5, fr\u00e5gar Gud. <\/p>\n<p>I dagens epistel (som vi inte l\u00e4st?) finns n\u00e5gra ord som ofta felciteras. Det st\u00e5r INTE Pengar \u00e4r roten till allt ont. Det st\u00e5r \u201dk\u00e4rleken till pengar \u00e4r roten till allt ont\u201d. Det \u00e4r k\u00e4rnan i alltihop. Det \u00e4r k\u00e4rnan n\u00e4r det handlar om s\u00e4d, och n\u00e4r det handlar om pengar och om det handlar om andra \u00e4godelar, eller om det handlar om status eller n\u00e5got annat. Det som spelar roll \u00e4r vilken plats sakerna har i v\u00e5ra liv. Om de f\u00e5r v\u00e5rt hj\u00e4rta eller inte.  <\/p>\n<p>Alla m\u00e4nniskor har en gud, s\u00e5 s\u00e4ger den kristna tron. Fr\u00e5gan \u00e4r bara vilken Gud vi har, vad som f\u00e5r Guds plats i v\u00e5ra liv. K\u00e4rleken till dem kan g\u00f6ra pengarna till en gud, \u00f6nskan om att andra ska gilla mig kan g\u00f6ra deras gillande till en gud i mitt liv. Varken pengar eller v\u00e4nner \u00e4r f\u00f6rst\u00e5s n\u00e5got ont eller d\u00e5ligt, det \u00e4r bara att vi tror de kan ge oss det vi djupast inne l\u00e4ngtar efter. Och det kan de inte. <\/p>\n<p>Mannen med ladorna har kallt r\u00e4knat ut hur han ska bli oberoende och trygg i livet. Men det \u00e4r bara sj\u00e4lvbedr\u00e4geri! Han vet inte om han ens lever i morgon, hur ska han kunna ha kontroll p\u00e5 livet p\u00e5 egen hand? Hur ska s\u00e4den i ladorna kunna vara den trygghet han beh\u00f6ver n\u00e4r vi m\u00e4nniskor \u00e4r s\u00e5 kortlivade och br\u00e4ckliga?  <\/p>\n<p>Och det verkar som att vi m\u00e5ste v\u00e4lja vem vi ska lita p\u00e5. Jesus s\u00e4ger att ingen kan tj\u00e4na tv\u00e5 herrar.  <\/p>\n<p>Grejen \u00e4r den att Gud \u00e4r god. Han \u00e4r allt gotts k\u00e4lla och ger oss st\u00e4ndigt livet och gl\u00e4djen \u00f6ver det. Vi v\u00e5gar inte riktigt lita p\u00e5 att Gud \u00e4r god och d\u00e4rf\u00f6r v\u00e4nder vi oss till mycket s\u00e4mre herrar. Den som \u00e4lskar pengar blir aldrig m\u00e4tt p\u00e5 pengar. Den som \u00e4lskar makt f\u00e5r aldrig tillr\u00e4ckligt mycket makt, den som vill ha status blir aldrig m\u00e4tt p\u00e5 status. Men den som s\u00f6ker Gud finner en herre som i sj\u00e4lva verket \u00e4r en herde, en som tar hand om oss och vill oss v\u00e4l. En som \u00e4r en riktig Gud med v\u00e5rt b\u00e4sta f\u00f6r \u00f6gonen! Vi har egentligen allt att vinna p\u00e5 att lita p\u00e5 honom ist\u00e4llet men det \u00e4r uppenbarligen sv\u00e5rt f\u00f6r oss. <\/p>\n<p>Det \u00e4r ocks\u00e5 dopdag idag. Detta lilla barn ska f\u00e5 vatten p\u00e5 sitt huvud i Faderns Sonens och Den heliga Andens namn. Ni konfirmander f\u00e5r en grundligare f\u00f6rklaring en annan g\u00e5ng men det viktigaste \u00e4r i alla fall att dopet \u00e4r Guds l\u00f6fte till oss! Jag \u00e4r med dig s\u00e4ger Jesus, alla dagar, jag vill dig alltid v\u00e4l. Det g\u00e4ller inte alls bara alla andra utan just dig. Jag \u00f6nskar att du vill leva tillsammans med mig och tala med mig och lita p\u00e5 mig att jag \u00e4r med.  <\/p>\n<p>Jesus s\u00e4ger att Gud \u00e4r som en riktigt bra f\u00f6r\u00e4lder, och vi \u00e4r mer eller mindre mogna eller omogna barn. Som god f\u00f6r\u00e4lder s\u00e5 vill Gud v\u00e5rt b\u00e4sta. Det \u00e4r inte s\u00e4kert att vi alltid f\u00f6rst\u00e5r att vara r\u00e4dda om oss och vara kloka, mina barn hemma tycker det \u00e4r kul att \u00e4ta sladdar och kl\u00e4ttra p\u00e5 farliga st\u00e4llen. <\/p>\n<p>Om det nu b\u00f6rjade lite bistert det h\u00e4r med Jesu r\u00e4tt k\u00e4rva ord om girigheten och s\u00e5 slutar vi med att vi f\u00e5r p\u00e5minna oss den andra sidan av saken. Det finns en Gud som vill vara dig Gud. En som inte beg\u00e4r mer och mer utan som \u00e4lskar dig f\u00f6r din egen skull. Som lovat att vara med dig alla dagar till tidens slut. Som du kan g\u00e5 till med alla dina b\u00f6ner i alla omst\u00e4ndigheter. Vi f\u00e5r se till att h\u00e5lla fast vid Gud och inte vid en massa annat som inte kan ge oss det vi innerst inne beh\u00f6ver. Rik inf\u00f6r Gud \u00e4r den som uppt\u00e4ckt allt som Gud vill ge oss bara av k\u00e4rlek. <\/p><\/div>\n","protected":false},"excerpt":{"rendered":"<p>Jag testar ett nytt s\u00e4tt att l\u00e4gga upp predikningar. Nu via &#8221;s\u00f6ndaghelaveckan&#8221;. D\u00e4r finns undervisning fr\u00e5n en m\u00e4ngd olika f\u00f6rsamlingar av olika samfund smalade. Med lite flax hamnar det ocks\u00e5 p\u00e5 itunes s\u00e5 sm\u00e5ningom. Jag \u00e5terkommer n\u00e4r jag fattat mer. Det h\u00e4r \u00e4r i alla fall det jag sa p\u00e5 h\u00f6gm\u00e4ssan i s\u00f6ndags, h\u00e5ll tillgodo! [&hellip;]<\/p>\n","protected":false},"author":392,"featured_media":0,"comment_status":"open","ping_status":"open","sticky":false,"template":"","format":"standard","meta":{"_acf_changed":false,"footnotes":""},"categories":[8298,79388,114,117],"tags":[],"class_list":["post-341","post","type-post","status-publish","format-standard","hentry","category-bibeln","category-podcast","category-predikan","category-teologi"],"acf":[],"yoast_head":"<!-- This site is optimized with the Yoast SEO plugin v27.1.1 - https:\/\/yoast.com\/product\/yoast-seo-wordpress\/ -->\n<title>Bara Gud \u00e4r en bra gud - Vandra V\u00e4gen<\/title>\n<meta name=\"robots\" content=\"index, follow, max-snippet:-1, max-image-preview:large, max-video-preview:-1\" \/>\n<link rel=\"canonical\" href=\"https:\/\/blogg.svenskakyrkan.se\/vandravagen\/2013\/09\/24\/bara-gud-ar-en-bra-gud\/\" \/>\n<meta property=\"og:locale\" content=\"sv_SE\" \/>\n<meta property=\"og:type\" content=\"article\" \/>\n<meta property=\"og:title\" content=\"Bara Gud \u00e4r en bra gud - Vandra V\u00e4gen\" \/>\n<meta property=\"og:description\" content=\"Jag testar ett nytt s\u00e4tt att l\u00e4gga upp predikningar. Nu via &#8221;s\u00f6ndaghelaveckan&#8221;. D\u00e4r finns undervisning fr\u00e5n en m\u00e4ngd olika f\u00f6rsamlingar av olika samfund smalade. Med lite flax hamnar det ocks\u00e5 p\u00e5 itunes s\u00e5 sm\u00e5ningom. Jag \u00e5terkommer n\u00e4r jag fattat mer. Det h\u00e4r \u00e4r i alla fall det jag sa p\u00e5 h\u00f6gm\u00e4ssan i s\u00f6ndags, h\u00e5ll tillgodo! [&hellip;]\" \/>\n<meta property=\"og:url\" content=\"https:\/\/blogg.svenskakyrkan.se\/vandravagen\/2013\/09\/24\/bara-gud-ar-en-bra-gud\/\" \/>\n<meta property=\"og:site_name\" content=\"Vandra V\u00e4gen\" \/>\n<meta property=\"article:publisher\" content=\"http:\/\/facebook.com\/vandravagen\" \/>\n<meta property=\"article:published_time\" content=\"2013-09-24T05:04:00+00:00\" \/>\n<meta name=\"author\" content=\"Tomas Jarvid\" \/>\n<meta name=\"twitter:card\" content=\"summary_large_image\" \/>\n<meta name=\"twitter:creator\" content=\"@fadertomas\" \/>\n<meta name=\"twitter:site\" content=\"@fadertomas\" \/>\n<meta name=\"twitter:label1\" content=\"Skriven av\" \/>\n\t<meta name=\"twitter:data1\" content=\"Tomas Jarvid\" \/>\n\t<meta name=\"twitter:label2\" content=\"Ber\u00e4knad l\u00e4stid\" \/>\n\t<meta name=\"twitter:data2\" content=\"7 minuter\" \/>\n<script type=\"application\/ld+json\" class=\"yoast-schema-graph\">{\"@context\":\"https:\/\/schema.org\",\"@graph\":[{\"@type\":\"Article\",\"@id\":\"https:\/\/blogg.svenskakyrkan.se\/vandravagen\/2013\/09\/24\/bara-gud-ar-en-bra-gud\/#article\",\"isPartOf\":{\"@id\":\"https:\/\/blogg.svenskakyrkan.se\/vandravagen\/2013\/09\/24\/bara-gud-ar-en-bra-gud\/\"},\"author\":{\"name\":\"Tomas Jarvid\",\"@id\":\"https:\/\/blogg.svenskakyrkan.se\/vandravagen\/#\/schema\/person\/25da02d4f76b137d04291711e2c9fc16\"},\"headline\":\"Bara Gud \u00e4r en bra gud\",\"datePublished\":\"2013-09-24T05:04:00+00:00\",\"mainEntityOfPage\":{\"@id\":\"https:\/\/blogg.svenskakyrkan.se\/vandravagen\/2013\/09\/24\/bara-gud-ar-en-bra-gud\/\"},\"wordCount\":1401,\"commentCount\":0,\"publisher\":{\"@id\":\"https:\/\/blogg.svenskakyrkan.se\/vandravagen\/#organization\"},\"articleSection\":[\"Bibeln\",\"podcast\",\"predikan\",\"Teologi\"],\"inLanguage\":\"sv-SE\",\"potentialAction\":[{\"@type\":\"CommentAction\",\"name\":\"Comment\",\"target\":[\"https:\/\/blogg.svenskakyrkan.se\/vandravagen\/2013\/09\/24\/bara-gud-ar-en-bra-gud\/#respond\"]}]},{\"@type\":\"WebPage\",\"@id\":\"https:\/\/blogg.svenskakyrkan.se\/vandravagen\/2013\/09\/24\/bara-gud-ar-en-bra-gud\/\",\"url\":\"https:\/\/blogg.svenskakyrkan.se\/vandravagen\/2013\/09\/24\/bara-gud-ar-en-bra-gud\/\",\"name\":\"Bara Gud \u00e4r en bra gud - Vandra V\u00e4gen\",\"isPartOf\":{\"@id\":\"https:\/\/blogg.svenskakyrkan.se\/vandravagen\/#website\"},\"datePublished\":\"2013-09-24T05:04:00+00:00\",\"breadcrumb\":{\"@id\":\"https:\/\/blogg.svenskakyrkan.se\/vandravagen\/2013\/09\/24\/bara-gud-ar-en-bra-gud\/#breadcrumb\"},\"inLanguage\":\"sv-SE\",\"potentialAction\":[{\"@type\":\"ReadAction\",\"target\":[\"https:\/\/blogg.svenskakyrkan.se\/vandravagen\/2013\/09\/24\/bara-gud-ar-en-bra-gud\/\"]}]},{\"@type\":\"BreadcrumbList\",\"@id\":\"https:\/\/blogg.svenskakyrkan.se\/vandravagen\/2013\/09\/24\/bara-gud-ar-en-bra-gud\/#breadcrumb\",\"itemListElement\":[{\"@type\":\"ListItem\",\"position\":1,\"name\":\"Hem\",\"item\":\"https:\/\/blogg.svenskakyrkan.se\/vandravagen\/\"},{\"@type\":\"ListItem\",\"position\":2,\"name\":\"Bara Gud \u00e4r en bra gud\"}]},{\"@type\":\"WebSite\",\"@id\":\"https:\/\/blogg.svenskakyrkan.se\/vandravagen\/#website\",\"url\":\"https:\/\/blogg.svenskakyrkan.se\/vandravagen\/\",\"name\":\"Vandra V\u00e4gen\",\"description\":\"-Mot en tro f\u00f6r hela livet\",\"publisher\":{\"@id\":\"https:\/\/blogg.svenskakyrkan.se\/vandravagen\/#organization\"},\"potentialAction\":[{\"@type\":\"SearchAction\",\"target\":{\"@type\":\"EntryPoint\",\"urlTemplate\":\"https:\/\/blogg.svenskakyrkan.se\/vandravagen\/?s={search_term_string}\"},\"query-input\":{\"@type\":\"PropertyValueSpecification\",\"valueRequired\":true,\"valueName\":\"search_term_string\"}}],\"inLanguage\":\"sv-SE\"},{\"@type\":\"Organization\",\"@id\":\"https:\/\/blogg.svenskakyrkan.se\/vandravagen\/#organization\",\"name\":\"ulricehamns pastorat\",\"alternateName\":\"ulricehamns pastorat\",\"url\":\"https:\/\/blogg.svenskakyrkan.se\/vandravagen\/\",\"logo\":{\"@type\":\"ImageObject\",\"inLanguage\":\"sv-SE\",\"@id\":\"https:\/\/blogg.svenskakyrkan.se\/vandravagen\/#\/schema\/logo\/image\/\",\"url\":\"https:\/\/blogg.svenskakyrkan.se\/vandravagen\/files\/2023\/05\/Ulr_logo_RGB.png\",\"contentUrl\":\"https:\/\/blogg.svenskakyrkan.se\/vandravagen\/files\/2023\/05\/Ulr_logo_RGB.png\",\"width\":205,\"height\":77,\"caption\":\"ulricehamns pastorat\"},\"image\":{\"@id\":\"https:\/\/blogg.svenskakyrkan.se\/vandravagen\/#\/schema\/logo\/image\/\"},\"sameAs\":[\"http:\/\/facebook.com\/vandravagen\",\"https:\/\/x.com\/fadertomas\",\"http:\/\/www.facebook.com\/svenskakyrkaniulricehamn\"]},{\"@type\":\"Person\",\"@id\":\"https:\/\/blogg.svenskakyrkan.se\/vandravagen\/#\/schema\/person\/25da02d4f76b137d04291711e2c9fc16\",\"name\":\"Tomas Jarvid\",\"image\":{\"@type\":\"ImageObject\",\"inLanguage\":\"sv-SE\",\"@id\":\"https:\/\/blogg.svenskakyrkan.se\/vandravagen\/#\/schema\/person\/image\/\",\"url\":\"https:\/\/secure.gravatar.com\/avatar\/7fa71899795e8f540f615a1f5ab25255dc27aa40f05ee7ddd21aac521e01bf50?s=96&d=identicon&r=g\",\"contentUrl\":\"https:\/\/secure.gravatar.com\/avatar\/7fa71899795e8f540f615a1f5ab25255dc27aa40f05ee7ddd21aac521e01bf50?s=96&d=identicon&r=g\",\"caption\":\"Tomas Jarvid\"},\"description\":\"Jag bor i Ulricehamn i V\u00e4sterg\u00f6tland och \u00e4r f\u00f6rsamlingspr\u00e4st i Svenska Kyrkan f\u00f6r Dalstorps f\u00f6rsamling i Kinds pastorat. P\u00e5 den h\u00e4r bloggen skriver jag ner tankar om vandringen som kristen.\",\"sameAs\":[\"http:\/\/www.vandravagen.se\"],\"url\":\"https:\/\/blogg.svenskakyrkan.se\/vandravagen\/author\/vandravagen\/\"}]}<\/script>\n<!-- \/ Yoast SEO plugin. -->","yoast_head_json":{"title":"Bara Gud \u00e4r en bra gud - Vandra V\u00e4gen","robots":{"index":"index","follow":"follow","max-snippet":"max-snippet:-1","max-image-preview":"max-image-preview:large","max-video-preview":"max-video-preview:-1"},"canonical":"https:\/\/blogg.svenskakyrkan.se\/vandravagen\/2013\/09\/24\/bara-gud-ar-en-bra-gud\/","og_locale":"sv_SE","og_type":"article","og_title":"Bara Gud \u00e4r en bra gud - Vandra V\u00e4gen","og_description":"Jag testar ett nytt s\u00e4tt att l\u00e4gga upp predikningar. Nu via &#8221;s\u00f6ndaghelaveckan&#8221;. D\u00e4r finns undervisning fr\u00e5n en m\u00e4ngd olika f\u00f6rsamlingar av olika samfund smalade. Med lite flax hamnar det ocks\u00e5 p\u00e5 itunes s\u00e5 sm\u00e5ningom. Jag \u00e5terkommer n\u00e4r jag fattat mer. Det h\u00e4r \u00e4r i alla fall det jag sa p\u00e5 h\u00f6gm\u00e4ssan i s\u00f6ndags, h\u00e5ll tillgodo! [&hellip;]","og_url":"https:\/\/blogg.svenskakyrkan.se\/vandravagen\/2013\/09\/24\/bara-gud-ar-en-bra-gud\/","og_site_name":"Vandra V\u00e4gen","article_publisher":"http:\/\/facebook.com\/vandravagen","article_published_time":"2013-09-24T05:04:00+00:00","author":"Tomas Jarvid","twitter_card":"summary_large_image","twitter_creator":"@fadertomas","twitter_site":"@fadertomas","twitter_misc":{"Skriven av":"Tomas Jarvid","Ber\u00e4knad l\u00e4stid":"7 minuter"},"schema":{"@context":"https:\/\/schema.org","@graph":[{"@type":"Article","@id":"https:\/\/blogg.svenskakyrkan.se\/vandravagen\/2013\/09\/24\/bara-gud-ar-en-bra-gud\/#article","isPartOf":{"@id":"https:\/\/blogg.svenskakyrkan.se\/vandravagen\/2013\/09\/24\/bara-gud-ar-en-bra-gud\/"},"author":{"name":"Tomas Jarvid","@id":"https:\/\/blogg.svenskakyrkan.se\/vandravagen\/#\/schema\/person\/25da02d4f76b137d04291711e2c9fc16"},"headline":"Bara Gud \u00e4r en bra gud","datePublished":"2013-09-24T05:04:00+00:00","mainEntityOfPage":{"@id":"https:\/\/blogg.svenskakyrkan.se\/vandravagen\/2013\/09\/24\/bara-gud-ar-en-bra-gud\/"},"wordCount":1401,"commentCount":0,"publisher":{"@id":"https:\/\/blogg.svenskakyrkan.se\/vandravagen\/#organization"},"articleSection":["Bibeln","podcast","predikan","Teologi"],"inLanguage":"sv-SE","potentialAction":[{"@type":"CommentAction","name":"Comment","target":["https:\/\/blogg.svenskakyrkan.se\/vandravagen\/2013\/09\/24\/bara-gud-ar-en-bra-gud\/#respond"]}]},{"@type":"WebPage","@id":"https:\/\/blogg.svenskakyrkan.se\/vandravagen\/2013\/09\/24\/bara-gud-ar-en-bra-gud\/","url":"https:\/\/blogg.svenskakyrkan.se\/vandravagen\/2013\/09\/24\/bara-gud-ar-en-bra-gud\/","name":"Bara Gud \u00e4r en bra gud - Vandra V\u00e4gen","isPartOf":{"@id":"https:\/\/blogg.svenskakyrkan.se\/vandravagen\/#website"},"datePublished":"2013-09-24T05:04:00+00:00","breadcrumb":{"@id":"https:\/\/blogg.svenskakyrkan.se\/vandravagen\/2013\/09\/24\/bara-gud-ar-en-bra-gud\/#breadcrumb"},"inLanguage":"sv-SE","potentialAction":[{"@type":"ReadAction","target":["https:\/\/blogg.svenskakyrkan.se\/vandravagen\/2013\/09\/24\/bara-gud-ar-en-bra-gud\/"]}]},{"@type":"BreadcrumbList","@id":"https:\/\/blogg.svenskakyrkan.se\/vandravagen\/2013\/09\/24\/bara-gud-ar-en-bra-gud\/#breadcrumb","itemListElement":[{"@type":"ListItem","position":1,"name":"Hem","item":"https:\/\/blogg.svenskakyrkan.se\/vandravagen\/"},{"@type":"ListItem","position":2,"name":"Bara Gud \u00e4r en bra gud"}]},{"@type":"WebSite","@id":"https:\/\/blogg.svenskakyrkan.se\/vandravagen\/#website","url":"https:\/\/blogg.svenskakyrkan.se\/vandravagen\/","name":"Vandra V\u00e4gen","description":"-Mot en tro f\u00f6r hela livet","publisher":{"@id":"https:\/\/blogg.svenskakyrkan.se\/vandravagen\/#organization"},"potentialAction":[{"@type":"SearchAction","target":{"@type":"EntryPoint","urlTemplate":"https:\/\/blogg.svenskakyrkan.se\/vandravagen\/?s={search_term_string}"},"query-input":{"@type":"PropertyValueSpecification","valueRequired":true,"valueName":"search_term_string"}}],"inLanguage":"sv-SE"},{"@type":"Organization","@id":"https:\/\/blogg.svenskakyrkan.se\/vandravagen\/#organization","name":"ulricehamns pastorat","alternateName":"ulricehamns pastorat","url":"https:\/\/blogg.svenskakyrkan.se\/vandravagen\/","logo":{"@type":"ImageObject","inLanguage":"sv-SE","@id":"https:\/\/blogg.svenskakyrkan.se\/vandravagen\/#\/schema\/logo\/image\/","url":"https:\/\/blogg.svenskakyrkan.se\/vandravagen\/files\/2023\/05\/Ulr_logo_RGB.png","contentUrl":"https:\/\/blogg.svenskakyrkan.se\/vandravagen\/files\/2023\/05\/Ulr_logo_RGB.png","width":205,"height":77,"caption":"ulricehamns pastorat"},"image":{"@id":"https:\/\/blogg.svenskakyrkan.se\/vandravagen\/#\/schema\/logo\/image\/"},"sameAs":["http:\/\/facebook.com\/vandravagen","https:\/\/x.com\/fadertomas","http:\/\/www.facebook.com\/svenskakyrkaniulricehamn"]},{"@type":"Person","@id":"https:\/\/blogg.svenskakyrkan.se\/vandravagen\/#\/schema\/person\/25da02d4f76b137d04291711e2c9fc16","name":"Tomas Jarvid","image":{"@type":"ImageObject","inLanguage":"sv-SE","@id":"https:\/\/blogg.svenskakyrkan.se\/vandravagen\/#\/schema\/person\/image\/","url":"https:\/\/secure.gravatar.com\/avatar\/7fa71899795e8f540f615a1f5ab25255dc27aa40f05ee7ddd21aac521e01bf50?s=96&d=identicon&r=g","contentUrl":"https:\/\/secure.gravatar.com\/avatar\/7fa71899795e8f540f615a1f5ab25255dc27aa40f05ee7ddd21aac521e01bf50?s=96&d=identicon&r=g","caption":"Tomas Jarvid"},"description":"Jag bor i Ulricehamn i V\u00e4sterg\u00f6tland och \u00e4r f\u00f6rsamlingspr\u00e4st i Svenska Kyrkan f\u00f6r Dalstorps f\u00f6rsamling i Kinds pastorat. P\u00e5 den h\u00e4r bloggen skriver jag ner tankar om vandringen som kristen.","sameAs":["http:\/\/www.vandravagen.se"],"url":"https:\/\/blogg.svenskakyrkan.se\/vandravagen\/author\/vandravagen\/"}]}},"author_meta":{"ID":"392","user_nicename":"vandravagen","user_url":"http:\/\/www.vandravagen.se","user_registered":"2014-05-19 05:44:52","display_name":"Tomas Jarvid","first_name":"Tomas","last_name":"Jarvid","avatar":"https:\/\/secure.gravatar.com\/avatar\/7fa71899795e8f540f615a1f5ab25255dc27aa40f05ee7ddd21aac521e01bf50?s=96&d=identicon&r=g"},"featured_image":false,"bloginfo":{"name":"Vandra V\u00e4gen","url":"https:\/\/blogg.svenskakyrkan.se\/vandravagen"},"_links":{"self":[{"href":"https:\/\/blogg.svenskakyrkan.se\/vandravagen\/wp-json\/wp\/v2\/posts\/341","targetHints":{"allow":["GET"]}}],"collection":[{"href":"https:\/\/blogg.svenskakyrkan.se\/vandravagen\/wp-json\/wp\/v2\/posts"}],"about":[{"href":"https:\/\/blogg.svenskakyrkan.se\/vandravagen\/wp-json\/wp\/v2\/types\/post"}],"author":[{"embeddable":true,"href":"https:\/\/blogg.svenskakyrkan.se\/vandravagen\/wp-json\/wp\/v2\/users\/392"}],"replies":[{"embeddable":true,"href":"https:\/\/blogg.svenskakyrkan.se\/vandravagen\/wp-json\/wp\/v2\/comments?post=341"}],"version-history":[{"count":0,"href":"https:\/\/blogg.svenskakyrkan.se\/vandravagen\/wp-json\/wp\/v2\/posts\/341\/revisions"}],"wp:attachment":[{"href":"https:\/\/blogg.svenskakyrkan.se\/vandravagen\/wp-json\/wp\/v2\/media?parent=341"}],"wp:term":[{"taxonomy":"category","embeddable":true,"href":"https:\/\/blogg.svenskakyrkan.se\/vandravagen\/wp-json\/wp\/v2\/categories?post=341"},{"taxonomy":"post_tag","embeddable":true,"href":"https:\/\/blogg.svenskakyrkan.se\/vandravagen\/wp-json\/wp\/v2\/tags?post=341"}],"curies":[{"name":"wp","href":"https:\/\/api.w.org\/{rel}","templated":true}]}}