{"id":3414,"date":"2015-07-30T08:06:12","date_gmt":"2015-07-30T06:06:12","guid":{"rendered":"http:\/\/blogg.svenskakyrkan.se\/vandravagen\/?p=3414"},"modified":"2015-07-30T08:06:12","modified_gmt":"2015-07-30T06:06:12","slug":"jag-alskar-dig-pa-mitt-satt","status":"publish","type":"post","link":"https:\/\/blogg.svenskakyrkan.se\/vandravagen\/2015\/07\/30\/jag-alskar-dig-pa-mitt-satt\/","title":{"rendered":"&#8221;Jag \u00e4lskar dig, p\u00e5 mitt s\u00e4tt&#8221;"},"content":{"rendered":"<div id=\"attachment_3415\" style=\"width: 1033px\" class=\"wp-caption aligncenter\"><a href=\"http:\/\/blogg.svenskakyrkan.se\/vandravagen\/files\/2015\/07\/bild-41.jpg\"><img loading=\"lazy\" decoding=\"async\" aria-describedby=\"caption-attachment-3415\" class=\"size-full wp-image-3415\" src=\"http:\/\/blogg.svenskakyrkan.se\/vandravagen\/files\/2015\/07\/bild-41.jpg\" alt=\"H\u00e4r \u00e4r det inte fr\u00e5ga om att g\u00f6ra n\u00e5got alls p\u00e5 sitt eget s\u00e4tt. R\u00e4tt tr\u00e5kigt blir det.\" width=\"1023\" height=\"743\" srcset=\"https:\/\/blogg.svenskakyrkan.se\/vandravagen\/files\/2015\/07\/bild-41.jpg 1023w, https:\/\/blogg.svenskakyrkan.se\/vandravagen\/files\/2015\/07\/bild-41-300x218.jpg 300w, https:\/\/blogg.svenskakyrkan.se\/vandravagen\/files\/2015\/07\/bild-41-413x300.jpg 413w\" sizes=\"auto, (max-width: 1023px) 100vw, 1023px\" \/><\/a><p id=\"caption-attachment-3415\" class=\"wp-caption-text\">H\u00e4r \u00e4r det inte fr\u00e5ga om att g\u00f6ra n\u00e5got alls p\u00e5 sitt eget s\u00e4tt. R\u00e4tt tr\u00e5kigt blir det.<\/p><\/div>\n<p>Jag l\u00e4ser om och t\u00e4nker en hel del p\u00e5 k\u00e4rlek nu (och spelar och sjunger p\u00e5 en musikgudstj\u00e4nst i kv\u00e4ll utifr\u00e5n H\u00f6ga visan ihop med min fru). Idag vill jag dela en tanke med dig.<\/p>\n<div>\n<blockquote>\n<p>&#8221;Jag \u00e4lskar dig, p\u00e5 mitt s\u00e4tt&#8221;.<\/p>\n<\/blockquote>\n<\/div>\n<div><\/div>\n<div>Man skulle kunna tolka dem orden som att det inte \u00e4r fr\u00e5ga om &#8221;riktig k\u00e4rlek&#8221; men t\u00e4nk om det tv\u00e4rtom \u00e4r just det det betyder? Det \u00e4r ju om\u00f6jligt att \u00e4lska n\u00e5gon p\u00e5 n\u00e5got annat s\u00e4tt \u00e4n sitt eget. Det \u00e4t bara det att vi har s\u00e5 mycket f\u00f6rest\u00e4llningar om k\u00e4rleken. Hur den ska vara och hur den ska k\u00e4nnas. M\u00e5nga g\u00e5nger g\u00e5r det \u00e5t m\u00e4ngder av m\u00f6da \u00e5t att f\u00f6rs\u00f6ka avg\u00f6ra om man kan s\u00e4ga ett \u00e4kta &#8221;jag \u00e4lskar dig&#8221;. Mycket k\u00e4rlek kan g\u00e5 tillspillo i den tvekan.<\/div>\n<div>\n<p>T\u00e4nk om vi ist\u00e4llet kunde s\u00e4ga att vi \u00e4lskar p\u00e5 v\u00e5rt s\u00e4tt. Att jag sj\u00e4lv best\u00e4mmer att det h\u00e4r \u00e4r k\u00e4rlek. N\u00e4r det g\u00e4ller k\u00e4rlek sitter nog otroligt mycket i hur vi t\u00e4nker eller vad s\u00e4ger du?<\/p>\n<\/div>\n<div>\n<p>Att \u00e4lska p\u00e5 sitt s\u00e4tt. Att \u00e4lska utifr\u00e5n det man sj\u00e4lv \u00e4r, vill och beh\u00f6ver och inte utifr\u00e5n idealbilderna. Att \u00e4lska den andre med nyfikenhet \u00f6ver vem den \u00e4r och inte f\u00f6r andra syften.<\/p>\n<\/div>\n<div>\n<p>S\u00e5 l\u00e5t oss \u00f6va oss i att t\u00e4nka s\u00e5. Jag \u00e4lskar dig p\u00e5 mitt s\u00e4tt.<\/p>\n<\/div>\n<div>\n<p>Som en bonus idag kan vi forts\u00e4tta att fundera p\u00e5 om detsamma g\u00e4ller tror? &#8221;Jag tror p\u00e5 mitt s\u00e4tt&#8221; -vad betyder det?<\/p>\n<p>Nu \u00e4r jag nyfiken p\u00e5 vad du t\u00e4nker om det h\u00e4r!<\/p>\n<\/div>\n","protected":false},"excerpt":{"rendered":"<p>Jag l\u00e4ser om och t\u00e4nker en hel del p\u00e5 k\u00e4rlek nu (och spelar och sjunger p\u00e5 en musikgudstj\u00e4nst i kv\u00e4ll utifr\u00e5n H\u00f6ga visan ihop med min fru). Idag vill jag dela en tanke med dig. &#8221;Jag \u00e4lskar dig, p\u00e5 mitt s\u00e4tt&#8221;. Man skulle kunna tolka dem orden som att det inte \u00e4r fr\u00e5ga om &#8221;riktig [&hellip;]<\/p>\n","protected":false},"author":392,"featured_media":0,"comment_status":"open","ping_status":"open","sticky":false,"template":"","format":"standard","meta":{"_acf_changed":false,"footnotes":""},"categories":[76189,77164,8345],"tags":[],"class_list":["post-3414","post","type-post","status-publish","format-standard","hentry","category-dagens-kyrka","category-man-och-kvinna","category-relationer"],"acf":[],"yoast_head":"<!-- This site is optimized with the Yoast SEO plugin v27.1.1 - https:\/\/yoast.com\/product\/yoast-seo-wordpress\/ -->\n<title>&quot;Jag \u00e4lskar dig, p\u00e5 mitt s\u00e4tt&quot; - Vandra V\u00e4gen<\/title>\n<meta name=\"robots\" content=\"index, follow, max-snippet:-1, max-image-preview:large, max-video-preview:-1\" \/>\n<link rel=\"canonical\" href=\"https:\/\/blogg.svenskakyrkan.se\/vandravagen\/2015\/07\/30\/jag-alskar-dig-pa-mitt-satt\/\" \/>\n<meta property=\"og:locale\" content=\"sv_SE\" \/>\n<meta property=\"og:type\" content=\"article\" \/>\n<meta property=\"og:title\" content=\"&quot;Jag \u00e4lskar dig, p\u00e5 mitt s\u00e4tt&quot; - Vandra V\u00e4gen\" \/>\n<meta property=\"og:description\" content=\"Jag l\u00e4ser om och t\u00e4nker en hel del p\u00e5 k\u00e4rlek nu (och spelar och sjunger p\u00e5 en musikgudstj\u00e4nst i kv\u00e4ll utifr\u00e5n H\u00f6ga visan ihop med min fru). Idag vill jag dela en tanke med dig. &#8221;Jag \u00e4lskar dig, p\u00e5 mitt s\u00e4tt&#8221;. Man skulle kunna tolka dem orden som att det inte \u00e4r fr\u00e5ga om &#8221;riktig [&hellip;]\" \/>\n<meta property=\"og:url\" content=\"https:\/\/blogg.svenskakyrkan.se\/vandravagen\/2015\/07\/30\/jag-alskar-dig-pa-mitt-satt\/\" \/>\n<meta property=\"og:site_name\" content=\"Vandra V\u00e4gen\" \/>\n<meta property=\"article:publisher\" content=\"http:\/\/facebook.com\/vandravagen\" \/>\n<meta property=\"article:published_time\" content=\"2015-07-30T06:06:12+00:00\" \/>\n<meta property=\"og:image\" content=\"http:\/\/blogg.svenskakyrkan.se\/vandravagen\/files\/2015\/07\/bild-41.jpg\" \/>\n<meta name=\"author\" content=\"Tomas Jarvid\" \/>\n<meta name=\"twitter:card\" content=\"summary_large_image\" \/>\n<meta name=\"twitter:creator\" content=\"@fadertomas\" \/>\n<meta name=\"twitter:site\" content=\"@fadertomas\" \/>\n<meta name=\"twitter:label1\" content=\"Skriven av\" \/>\n\t<meta name=\"twitter:data1\" content=\"Tomas Jarvid\" \/>\n\t<meta name=\"twitter:label2\" content=\"Ber\u00e4knad l\u00e4stid\" \/>\n\t<meta name=\"twitter:data2\" content=\"2 minuter\" \/>\n<script type=\"application\/ld+json\" class=\"yoast-schema-graph\">{\"@context\":\"https:\/\/schema.org\",\"@graph\":[{\"@type\":\"Article\",\"@id\":\"https:\/\/blogg.svenskakyrkan.se\/vandravagen\/2015\/07\/30\/jag-alskar-dig-pa-mitt-satt\/#article\",\"isPartOf\":{\"@id\":\"https:\/\/blogg.svenskakyrkan.se\/vandravagen\/2015\/07\/30\/jag-alskar-dig-pa-mitt-satt\/\"},\"author\":{\"name\":\"Tomas Jarvid\",\"@id\":\"https:\/\/blogg.svenskakyrkan.se\/vandravagen\/#\/schema\/person\/25da02d4f76b137d04291711e2c9fc16\"},\"headline\":\"&#8221;Jag \u00e4lskar dig, p\u00e5 mitt s\u00e4tt&#8221;\",\"datePublished\":\"2015-07-30T06:06:12+00:00\",\"mainEntityOfPage\":{\"@id\":\"https:\/\/blogg.svenskakyrkan.se\/vandravagen\/2015\/07\/30\/jag-alskar-dig-pa-mitt-satt\/\"},\"wordCount\":346,\"commentCount\":4,\"publisher\":{\"@id\":\"https:\/\/blogg.svenskakyrkan.se\/vandravagen\/#organization\"},\"image\":{\"@id\":\"https:\/\/blogg.svenskakyrkan.se\/vandravagen\/2015\/07\/30\/jag-alskar-dig-pa-mitt-satt\/#primaryimage\"},\"thumbnailUrl\":\"http:\/\/blogg.svenskakyrkan.se\/vandravagen\/files\/2015\/07\/bild-41.jpg\",\"articleSection\":[\"Dagens Kyrka\",\"man och kvinna\",\"relationer\"],\"inLanguage\":\"sv-SE\",\"potentialAction\":[{\"@type\":\"CommentAction\",\"name\":\"Comment\",\"target\":[\"https:\/\/blogg.svenskakyrkan.se\/vandravagen\/2015\/07\/30\/jag-alskar-dig-pa-mitt-satt\/#respond\"]}]},{\"@type\":\"WebPage\",\"@id\":\"https:\/\/blogg.svenskakyrkan.se\/vandravagen\/2015\/07\/30\/jag-alskar-dig-pa-mitt-satt\/\",\"url\":\"https:\/\/blogg.svenskakyrkan.se\/vandravagen\/2015\/07\/30\/jag-alskar-dig-pa-mitt-satt\/\",\"name\":\"\\\"Jag \u00e4lskar dig, p\u00e5 mitt s\u00e4tt\\\" - Vandra V\u00e4gen\",\"isPartOf\":{\"@id\":\"https:\/\/blogg.svenskakyrkan.se\/vandravagen\/#website\"},\"primaryImageOfPage\":{\"@id\":\"https:\/\/blogg.svenskakyrkan.se\/vandravagen\/2015\/07\/30\/jag-alskar-dig-pa-mitt-satt\/#primaryimage\"},\"image\":{\"@id\":\"https:\/\/blogg.svenskakyrkan.se\/vandravagen\/2015\/07\/30\/jag-alskar-dig-pa-mitt-satt\/#primaryimage\"},\"thumbnailUrl\":\"http:\/\/blogg.svenskakyrkan.se\/vandravagen\/files\/2015\/07\/bild-41.jpg\",\"datePublished\":\"2015-07-30T06:06:12+00:00\",\"breadcrumb\":{\"@id\":\"https:\/\/blogg.svenskakyrkan.se\/vandravagen\/2015\/07\/30\/jag-alskar-dig-pa-mitt-satt\/#breadcrumb\"},\"inLanguage\":\"sv-SE\",\"potentialAction\":[{\"@type\":\"ReadAction\",\"target\":[\"https:\/\/blogg.svenskakyrkan.se\/vandravagen\/2015\/07\/30\/jag-alskar-dig-pa-mitt-satt\/\"]}]},{\"@type\":\"ImageObject\",\"inLanguage\":\"sv-SE\",\"@id\":\"https:\/\/blogg.svenskakyrkan.se\/vandravagen\/2015\/07\/30\/jag-alskar-dig-pa-mitt-satt\/#primaryimage\",\"url\":\"http:\/\/blogg.svenskakyrkan.se\/vandravagen\/files\/2015\/07\/bild-41.jpg\",\"contentUrl\":\"http:\/\/blogg.svenskakyrkan.se\/vandravagen\/files\/2015\/07\/bild-41.jpg\"},{\"@type\":\"BreadcrumbList\",\"@id\":\"https:\/\/blogg.svenskakyrkan.se\/vandravagen\/2015\/07\/30\/jag-alskar-dig-pa-mitt-satt\/#breadcrumb\",\"itemListElement\":[{\"@type\":\"ListItem\",\"position\":1,\"name\":\"Hem\",\"item\":\"https:\/\/blogg.svenskakyrkan.se\/vandravagen\/\"},{\"@type\":\"ListItem\",\"position\":2,\"name\":\"&#8221;Jag \u00e4lskar dig, p\u00e5 mitt s\u00e4tt&#8221;\"}]},{\"@type\":\"WebSite\",\"@id\":\"https:\/\/blogg.svenskakyrkan.se\/vandravagen\/#website\",\"url\":\"https:\/\/blogg.svenskakyrkan.se\/vandravagen\/\",\"name\":\"Vandra V\u00e4gen\",\"description\":\"-Mot en tro f\u00f6r hela livet\",\"publisher\":{\"@id\":\"https:\/\/blogg.svenskakyrkan.se\/vandravagen\/#organization\"},\"potentialAction\":[{\"@type\":\"SearchAction\",\"target\":{\"@type\":\"EntryPoint\",\"urlTemplate\":\"https:\/\/blogg.svenskakyrkan.se\/vandravagen\/?s={search_term_string}\"},\"query-input\":{\"@type\":\"PropertyValueSpecification\",\"valueRequired\":true,\"valueName\":\"search_term_string\"}}],\"inLanguage\":\"sv-SE\"},{\"@type\":\"Organization\",\"@id\":\"https:\/\/blogg.svenskakyrkan.se\/vandravagen\/#organization\",\"name\":\"ulricehamns pastorat\",\"alternateName\":\"ulricehamns pastorat\",\"url\":\"https:\/\/blogg.svenskakyrkan.se\/vandravagen\/\",\"logo\":{\"@type\":\"ImageObject\",\"inLanguage\":\"sv-SE\",\"@id\":\"https:\/\/blogg.svenskakyrkan.se\/vandravagen\/#\/schema\/logo\/image\/\",\"url\":\"https:\/\/blogg.svenskakyrkan.se\/vandravagen\/files\/2023\/05\/Ulr_logo_RGB.png\",\"contentUrl\":\"https:\/\/blogg.svenskakyrkan.se\/vandravagen\/files\/2023\/05\/Ulr_logo_RGB.png\",\"width\":205,\"height\":77,\"caption\":\"ulricehamns pastorat\"},\"image\":{\"@id\":\"https:\/\/blogg.svenskakyrkan.se\/vandravagen\/#\/schema\/logo\/image\/\"},\"sameAs\":[\"http:\/\/facebook.com\/vandravagen\",\"https:\/\/x.com\/fadertomas\",\"http:\/\/www.facebook.com\/svenskakyrkaniulricehamn\"]},{\"@type\":\"Person\",\"@id\":\"https:\/\/blogg.svenskakyrkan.se\/vandravagen\/#\/schema\/person\/25da02d4f76b137d04291711e2c9fc16\",\"name\":\"Tomas Jarvid\",\"image\":{\"@type\":\"ImageObject\",\"inLanguage\":\"sv-SE\",\"@id\":\"https:\/\/blogg.svenskakyrkan.se\/vandravagen\/#\/schema\/person\/image\/\",\"url\":\"https:\/\/secure.gravatar.com\/avatar\/7fa71899795e8f540f615a1f5ab25255dc27aa40f05ee7ddd21aac521e01bf50?s=96&d=identicon&r=g\",\"contentUrl\":\"https:\/\/secure.gravatar.com\/avatar\/7fa71899795e8f540f615a1f5ab25255dc27aa40f05ee7ddd21aac521e01bf50?s=96&d=identicon&r=g\",\"caption\":\"Tomas Jarvid\"},\"description\":\"Jag bor i Ulricehamn i V\u00e4sterg\u00f6tland och \u00e4r f\u00f6rsamlingspr\u00e4st i Svenska Kyrkan f\u00f6r Dalstorps f\u00f6rsamling i Kinds pastorat. P\u00e5 den h\u00e4r bloggen skriver jag ner tankar om vandringen som kristen.\",\"sameAs\":[\"http:\/\/www.vandravagen.se\"],\"url\":\"https:\/\/blogg.svenskakyrkan.se\/vandravagen\/author\/vandravagen\/\"}]}<\/script>\n<!-- \/ Yoast SEO plugin. -->","yoast_head_json":{"title":"\"Jag \u00e4lskar dig, p\u00e5 mitt s\u00e4tt\" - Vandra V\u00e4gen","robots":{"index":"index","follow":"follow","max-snippet":"max-snippet:-1","max-image-preview":"max-image-preview:large","max-video-preview":"max-video-preview:-1"},"canonical":"https:\/\/blogg.svenskakyrkan.se\/vandravagen\/2015\/07\/30\/jag-alskar-dig-pa-mitt-satt\/","og_locale":"sv_SE","og_type":"article","og_title":"\"Jag \u00e4lskar dig, p\u00e5 mitt s\u00e4tt\" - Vandra V\u00e4gen","og_description":"Jag l\u00e4ser om och t\u00e4nker en hel del p\u00e5 k\u00e4rlek nu (och spelar och sjunger p\u00e5 en musikgudstj\u00e4nst i kv\u00e4ll utifr\u00e5n H\u00f6ga visan ihop med min fru). Idag vill jag dela en tanke med dig. &#8221;Jag \u00e4lskar dig, p\u00e5 mitt s\u00e4tt&#8221;. Man skulle kunna tolka dem orden som att det inte \u00e4r fr\u00e5ga om &#8221;riktig [&hellip;]","og_url":"https:\/\/blogg.svenskakyrkan.se\/vandravagen\/2015\/07\/30\/jag-alskar-dig-pa-mitt-satt\/","og_site_name":"Vandra V\u00e4gen","article_publisher":"http:\/\/facebook.com\/vandravagen","article_published_time":"2015-07-30T06:06:12+00:00","og_image":[{"url":"http:\/\/blogg.svenskakyrkan.se\/vandravagen\/files\/2015\/07\/bild-41.jpg","type":"","width":"","height":""}],"author":"Tomas Jarvid","twitter_card":"summary_large_image","twitter_creator":"@fadertomas","twitter_site":"@fadertomas","twitter_misc":{"Skriven av":"Tomas Jarvid","Ber\u00e4knad l\u00e4stid":"2 minuter"},"schema":{"@context":"https:\/\/schema.org","@graph":[{"@type":"Article","@id":"https:\/\/blogg.svenskakyrkan.se\/vandravagen\/2015\/07\/30\/jag-alskar-dig-pa-mitt-satt\/#article","isPartOf":{"@id":"https:\/\/blogg.svenskakyrkan.se\/vandravagen\/2015\/07\/30\/jag-alskar-dig-pa-mitt-satt\/"},"author":{"name":"Tomas Jarvid","@id":"https:\/\/blogg.svenskakyrkan.se\/vandravagen\/#\/schema\/person\/25da02d4f76b137d04291711e2c9fc16"},"headline":"&#8221;Jag \u00e4lskar dig, p\u00e5 mitt s\u00e4tt&#8221;","datePublished":"2015-07-30T06:06:12+00:00","mainEntityOfPage":{"@id":"https:\/\/blogg.svenskakyrkan.se\/vandravagen\/2015\/07\/30\/jag-alskar-dig-pa-mitt-satt\/"},"wordCount":346,"commentCount":4,"publisher":{"@id":"https:\/\/blogg.svenskakyrkan.se\/vandravagen\/#organization"},"image":{"@id":"https:\/\/blogg.svenskakyrkan.se\/vandravagen\/2015\/07\/30\/jag-alskar-dig-pa-mitt-satt\/#primaryimage"},"thumbnailUrl":"http:\/\/blogg.svenskakyrkan.se\/vandravagen\/files\/2015\/07\/bild-41.jpg","articleSection":["Dagens Kyrka","man och kvinna","relationer"],"inLanguage":"sv-SE","potentialAction":[{"@type":"CommentAction","name":"Comment","target":["https:\/\/blogg.svenskakyrkan.se\/vandravagen\/2015\/07\/30\/jag-alskar-dig-pa-mitt-satt\/#respond"]}]},{"@type":"WebPage","@id":"https:\/\/blogg.svenskakyrkan.se\/vandravagen\/2015\/07\/30\/jag-alskar-dig-pa-mitt-satt\/","url":"https:\/\/blogg.svenskakyrkan.se\/vandravagen\/2015\/07\/30\/jag-alskar-dig-pa-mitt-satt\/","name":"\"Jag \u00e4lskar dig, p\u00e5 mitt s\u00e4tt\" - Vandra V\u00e4gen","isPartOf":{"@id":"https:\/\/blogg.svenskakyrkan.se\/vandravagen\/#website"},"primaryImageOfPage":{"@id":"https:\/\/blogg.svenskakyrkan.se\/vandravagen\/2015\/07\/30\/jag-alskar-dig-pa-mitt-satt\/#primaryimage"},"image":{"@id":"https:\/\/blogg.svenskakyrkan.se\/vandravagen\/2015\/07\/30\/jag-alskar-dig-pa-mitt-satt\/#primaryimage"},"thumbnailUrl":"http:\/\/blogg.svenskakyrkan.se\/vandravagen\/files\/2015\/07\/bild-41.jpg","datePublished":"2015-07-30T06:06:12+00:00","breadcrumb":{"@id":"https:\/\/blogg.svenskakyrkan.se\/vandravagen\/2015\/07\/30\/jag-alskar-dig-pa-mitt-satt\/#breadcrumb"},"inLanguage":"sv-SE","potentialAction":[{"@type":"ReadAction","target":["https:\/\/blogg.svenskakyrkan.se\/vandravagen\/2015\/07\/30\/jag-alskar-dig-pa-mitt-satt\/"]}]},{"@type":"ImageObject","inLanguage":"sv-SE","@id":"https:\/\/blogg.svenskakyrkan.se\/vandravagen\/2015\/07\/30\/jag-alskar-dig-pa-mitt-satt\/#primaryimage","url":"http:\/\/blogg.svenskakyrkan.se\/vandravagen\/files\/2015\/07\/bild-41.jpg","contentUrl":"http:\/\/blogg.svenskakyrkan.se\/vandravagen\/files\/2015\/07\/bild-41.jpg"},{"@type":"BreadcrumbList","@id":"https:\/\/blogg.svenskakyrkan.se\/vandravagen\/2015\/07\/30\/jag-alskar-dig-pa-mitt-satt\/#breadcrumb","itemListElement":[{"@type":"ListItem","position":1,"name":"Hem","item":"https:\/\/blogg.svenskakyrkan.se\/vandravagen\/"},{"@type":"ListItem","position":2,"name":"&#8221;Jag \u00e4lskar dig, p\u00e5 mitt s\u00e4tt&#8221;"}]},{"@type":"WebSite","@id":"https:\/\/blogg.svenskakyrkan.se\/vandravagen\/#website","url":"https:\/\/blogg.svenskakyrkan.se\/vandravagen\/","name":"Vandra V\u00e4gen","description":"-Mot en tro f\u00f6r hela livet","publisher":{"@id":"https:\/\/blogg.svenskakyrkan.se\/vandravagen\/#organization"},"potentialAction":[{"@type":"SearchAction","target":{"@type":"EntryPoint","urlTemplate":"https:\/\/blogg.svenskakyrkan.se\/vandravagen\/?s={search_term_string}"},"query-input":{"@type":"PropertyValueSpecification","valueRequired":true,"valueName":"search_term_string"}}],"inLanguage":"sv-SE"},{"@type":"Organization","@id":"https:\/\/blogg.svenskakyrkan.se\/vandravagen\/#organization","name":"ulricehamns pastorat","alternateName":"ulricehamns pastorat","url":"https:\/\/blogg.svenskakyrkan.se\/vandravagen\/","logo":{"@type":"ImageObject","inLanguage":"sv-SE","@id":"https:\/\/blogg.svenskakyrkan.se\/vandravagen\/#\/schema\/logo\/image\/","url":"https:\/\/blogg.svenskakyrkan.se\/vandravagen\/files\/2023\/05\/Ulr_logo_RGB.png","contentUrl":"https:\/\/blogg.svenskakyrkan.se\/vandravagen\/files\/2023\/05\/Ulr_logo_RGB.png","width":205,"height":77,"caption":"ulricehamns pastorat"},"image":{"@id":"https:\/\/blogg.svenskakyrkan.se\/vandravagen\/#\/schema\/logo\/image\/"},"sameAs":["http:\/\/facebook.com\/vandravagen","https:\/\/x.com\/fadertomas","http:\/\/www.facebook.com\/svenskakyrkaniulricehamn"]},{"@type":"Person","@id":"https:\/\/blogg.svenskakyrkan.se\/vandravagen\/#\/schema\/person\/25da02d4f76b137d04291711e2c9fc16","name":"Tomas Jarvid","image":{"@type":"ImageObject","inLanguage":"sv-SE","@id":"https:\/\/blogg.svenskakyrkan.se\/vandravagen\/#\/schema\/person\/image\/","url":"https:\/\/secure.gravatar.com\/avatar\/7fa71899795e8f540f615a1f5ab25255dc27aa40f05ee7ddd21aac521e01bf50?s=96&d=identicon&r=g","contentUrl":"https:\/\/secure.gravatar.com\/avatar\/7fa71899795e8f540f615a1f5ab25255dc27aa40f05ee7ddd21aac521e01bf50?s=96&d=identicon&r=g","caption":"Tomas Jarvid"},"description":"Jag bor i Ulricehamn i V\u00e4sterg\u00f6tland och \u00e4r f\u00f6rsamlingspr\u00e4st i Svenska Kyrkan f\u00f6r Dalstorps f\u00f6rsamling i Kinds pastorat. P\u00e5 den h\u00e4r bloggen skriver jag ner tankar om vandringen som kristen.","sameAs":["http:\/\/www.vandravagen.se"],"url":"https:\/\/blogg.svenskakyrkan.se\/vandravagen\/author\/vandravagen\/"}]}},"author_meta":{"ID":"392","user_nicename":"vandravagen","user_url":"http:\/\/www.vandravagen.se","user_registered":"2014-05-19 05:44:52","display_name":"Tomas Jarvid","first_name":"Tomas","last_name":"Jarvid","avatar":"https:\/\/secure.gravatar.com\/avatar\/7fa71899795e8f540f615a1f5ab25255dc27aa40f05ee7ddd21aac521e01bf50?s=96&d=identicon&r=g"},"featured_image":false,"bloginfo":{"name":"Vandra V\u00e4gen","url":"https:\/\/blogg.svenskakyrkan.se\/vandravagen"},"_links":{"self":[{"href":"https:\/\/blogg.svenskakyrkan.se\/vandravagen\/wp-json\/wp\/v2\/posts\/3414","targetHints":{"allow":["GET"]}}],"collection":[{"href":"https:\/\/blogg.svenskakyrkan.se\/vandravagen\/wp-json\/wp\/v2\/posts"}],"about":[{"href":"https:\/\/blogg.svenskakyrkan.se\/vandravagen\/wp-json\/wp\/v2\/types\/post"}],"author":[{"embeddable":true,"href":"https:\/\/blogg.svenskakyrkan.se\/vandravagen\/wp-json\/wp\/v2\/users\/392"}],"replies":[{"embeddable":true,"href":"https:\/\/blogg.svenskakyrkan.se\/vandravagen\/wp-json\/wp\/v2\/comments?post=3414"}],"version-history":[{"count":1,"href":"https:\/\/blogg.svenskakyrkan.se\/vandravagen\/wp-json\/wp\/v2\/posts\/3414\/revisions"}],"predecessor-version":[{"id":3416,"href":"https:\/\/blogg.svenskakyrkan.se\/vandravagen\/wp-json\/wp\/v2\/posts\/3414\/revisions\/3416"}],"wp:attachment":[{"href":"https:\/\/blogg.svenskakyrkan.se\/vandravagen\/wp-json\/wp\/v2\/media?parent=3414"}],"wp:term":[{"taxonomy":"category","embeddable":true,"href":"https:\/\/blogg.svenskakyrkan.se\/vandravagen\/wp-json\/wp\/v2\/categories?post=3414"},{"taxonomy":"post_tag","embeddable":true,"href":"https:\/\/blogg.svenskakyrkan.se\/vandravagen\/wp-json\/wp\/v2\/tags?post=3414"}],"curies":[{"name":"wp","href":"https:\/\/api.w.org\/{rel}","templated":true}]}}