{"id":342,"date":"2013-09-23T09:22:00","date_gmt":"2013-09-23T07:22:00","guid":{"rendered":"http:\/\/blogg.svenskakyrkan.se\/vandravagen\/2013\/09\/23\/jag-ar-inte-kristen-for-jag-ar-inte-som\/"},"modified":"2013-09-23T09:22:00","modified_gmt":"2013-09-23T07:22:00","slug":"jag-ar-inte-kristen-for-jag-ar-inte-som","status":"publish","type":"post","link":"https:\/\/blogg.svenskakyrkan.se\/vandravagen\/2013\/09\/23\/jag-ar-inte-kristen-for-jag-ar-inte-som\/","title":{"rendered":"Jag \u00e4r inte kristen f\u00f6r jag \u00e4r inte som&#8230;"},"content":{"rendered":"<table align=\"center\" cellpadding=\"0\" cellspacing=\"0\">\n<tbody>\n<tr>\n<td><a href=\"http:\/\/3.bp.blogspot.com\/-s2w8eyQ5mCE\/Uj_r3_s9urI\/AAAAAAAAFaQ\/WUHOyozt8jU\/s1600\/kragad.jpg\"><img loading=\"lazy\" decoding=\"async\" border=\"0\" height=\"266\" src=\"http:\/\/3.bp.blogspot.com\/-s2w8eyQ5mCE\/Uj_r3_s9urI\/AAAAAAAAFaQ\/WUHOyozt8jU\/s400\/kragad.jpg\" width=\"400\"><\/a><\/td>\n<\/tr>\n<tr>\n<td>\u00c4r det bara specialister som r\u00e4knas som kristna p\u00e5 riktigt? Hemska tanke!<\/td>\n<\/tr>\n<\/tbody>\n<\/table>\n<p>Ett s\u00e5dant s\u00e4tt att t\u00e4nka st\u00f6ter jag p\u00e5 ibland. &#8221;Jag tror p\u00e5 Gud och Jesus \u00e4r en fascinerande person men jag \u00e4r v\u00e4l inte direkt kristen \u00e4nd\u00e5&#8221;. Fr\u00e5gan \u00e4r vad det \u00e4r man tror saknas d\u00e5?<\/p>\n<p>Att vara kristen handlar inte om att vara som n\u00e5gon annan, att bli s\u00e5 lik n\u00e5gra andra som m\u00f6jligt f\u00f6r att f\u00e5 r\u00e4knas som en riktig kristen. S\u00e5 \u00e4r det f\u00f6rst\u00e5s inte. Att vara kristen \u00e4r att h\u00f6ra ihop med Kristus. \u00c4r man d\u00f6pt g\u00f6r man det redan. Har man en spirande l\u00e4ngtan efter Gud f\u00e5r det r\u00e4knas som tro. Tron \u00e4r en sak mellan oss och Gud, inte mellan oss sinsemellan.<\/p>\n<p>En annan orsak kan vara att ordet &#8221;kristen&#8221; \u00e4r belastat med s\u00e5 mycket (det har nog i och f\u00f6r sig aldrig varit speciellt h\u00e4ftigt). Nu f\u00f6r tiden framst\u00e4lls kristen tro ofta v\u00e4ldigt negativt i media. Religion \u00e4r farligt och kristendomen inskr\u00e4nktast av alla. F\u00f6rmodligen helt enkelt f\u00f6r att kunskaperna om kristen tro \u00e4r mindre \u00e4n p\u00e5 l\u00e4nge och man f\u00e5r f\u00f6rknippa det med m\u00e4nniskor man ser i media snarare \u00e4n med sl\u00e4kt och v\u00e4nner? Att vara kristen \u00e4r kanske f\u00f6r en del som att vara en George W Bush? Eller en Ulf Ekman? I vilket fall inte n\u00e5gra det i f\u00f6rstone \u00e4r s\u00e5 l\u00e4tt att identifiera sig med.<\/p>\n<p>N\u00e4sta g\u00e5ng jag st\u00f6ter p\u00e5 det ska jag f\u00f6rs\u00f6ka vara lite modigare och fr\u00e5ga hur den som s\u00e4ger s\u00e5 t\u00e4nker. Vad s\u00e4ger du, vad \u00e4r det som avg\u00f6r om man vill kalla sig kristen eller inte?<\/p>\n","protected":false},"excerpt":{"rendered":"<p>\u00c4r det bara specialister som r\u00e4knas som kristna p\u00e5 riktigt? Hemska tanke! Ett s\u00e5dant s\u00e4tt att t\u00e4nka st\u00f6ter jag p\u00e5 ibland. &#8221;Jag tror p\u00e5 Gud och Jesus \u00e4r en fascinerande person men jag \u00e4r v\u00e4l inte direkt kristen \u00e4nd\u00e5&#8221;. Fr\u00e5gan \u00e4r vad det \u00e4r man tror saknas d\u00e5? Att vara kristen handlar inte om att [&hellip;]<\/p>\n","protected":false},"author":392,"featured_media":0,"comment_status":"open","ping_status":"open","sticky":false,"template":"","format":"standard","meta":{"_acf_changed":false,"footnotes":""},"categories":[76766,117],"tags":[],"class_list":["post-342","post","type-post","status-publish","format-standard","hentry","category-blandat","category-teologi"],"acf":[],"yoast_head":"<!-- This site is optimized with the Yoast SEO plugin v27.1.1 - https:\/\/yoast.com\/product\/yoast-seo-wordpress\/ -->\n<title>Jag \u00e4r inte kristen f\u00f6r jag \u00e4r inte som... - Vandra V\u00e4gen<\/title>\n<meta name=\"robots\" content=\"index, follow, max-snippet:-1, max-image-preview:large, max-video-preview:-1\" \/>\n<link rel=\"canonical\" href=\"https:\/\/blogg.svenskakyrkan.se\/vandravagen\/2013\/09\/23\/jag-ar-inte-kristen-for-jag-ar-inte-som\/\" \/>\n<meta property=\"og:locale\" content=\"sv_SE\" \/>\n<meta property=\"og:type\" content=\"article\" \/>\n<meta property=\"og:title\" content=\"Jag \u00e4r inte kristen f\u00f6r jag \u00e4r inte som... - Vandra V\u00e4gen\" \/>\n<meta property=\"og:description\" content=\"\u00c4r det bara specialister som r\u00e4knas som kristna p\u00e5 riktigt? Hemska tanke! Ett s\u00e5dant s\u00e4tt att t\u00e4nka st\u00f6ter jag p\u00e5 ibland. &#8221;Jag tror p\u00e5 Gud och Jesus \u00e4r en fascinerande person men jag \u00e4r v\u00e4l inte direkt kristen \u00e4nd\u00e5&#8221;. Fr\u00e5gan \u00e4r vad det \u00e4r man tror saknas d\u00e5? Att vara kristen handlar inte om att [&hellip;]\" \/>\n<meta property=\"og:url\" content=\"https:\/\/blogg.svenskakyrkan.se\/vandravagen\/2013\/09\/23\/jag-ar-inte-kristen-for-jag-ar-inte-som\/\" \/>\n<meta property=\"og:site_name\" content=\"Vandra V\u00e4gen\" \/>\n<meta property=\"article:publisher\" content=\"http:\/\/facebook.com\/vandravagen\" \/>\n<meta property=\"article:published_time\" content=\"2013-09-23T07:22:00+00:00\" \/>\n<meta property=\"og:image\" content=\"http:\/\/3.bp.blogspot.com\/-s2w8eyQ5mCE\/Uj_r3_s9urI\/AAAAAAAAFaQ\/WUHOyozt8jU\/s400\/kragad.jpg\" \/>\n<meta name=\"author\" content=\"Tomas Jarvid\" \/>\n<meta name=\"twitter:card\" content=\"summary_large_image\" \/>\n<meta name=\"twitter:creator\" content=\"@fadertomas\" \/>\n<meta name=\"twitter:site\" content=\"@fadertomas\" \/>\n<meta name=\"twitter:label1\" content=\"Skriven av\" \/>\n\t<meta name=\"twitter:data1\" content=\"Tomas Jarvid\" \/>\n\t<meta name=\"twitter:label2\" content=\"Ber\u00e4knad l\u00e4stid\" \/>\n\t<meta name=\"twitter:data2\" content=\"2 minuter\" \/>\n<script type=\"application\/ld+json\" class=\"yoast-schema-graph\">{\"@context\":\"https:\/\/schema.org\",\"@graph\":[{\"@type\":\"Article\",\"@id\":\"https:\/\/blogg.svenskakyrkan.se\/vandravagen\/2013\/09\/23\/jag-ar-inte-kristen-for-jag-ar-inte-som\/#article\",\"isPartOf\":{\"@id\":\"https:\/\/blogg.svenskakyrkan.se\/vandravagen\/2013\/09\/23\/jag-ar-inte-kristen-for-jag-ar-inte-som\/\"},\"author\":{\"name\":\"Tomas Jarvid\",\"@id\":\"https:\/\/blogg.svenskakyrkan.se\/vandravagen\/#\/schema\/person\/25da02d4f76b137d04291711e2c9fc16\"},\"headline\":\"Jag \u00e4r inte kristen f\u00f6r jag \u00e4r inte som&#8230;\",\"datePublished\":\"2013-09-23T07:22:00+00:00\",\"mainEntityOfPage\":{\"@id\":\"https:\/\/blogg.svenskakyrkan.se\/vandravagen\/2013\/09\/23\/jag-ar-inte-kristen-for-jag-ar-inte-som\/\"},\"wordCount\":322,\"commentCount\":0,\"publisher\":{\"@id\":\"https:\/\/blogg.svenskakyrkan.se\/vandravagen\/#organization\"},\"image\":{\"@id\":\"https:\/\/blogg.svenskakyrkan.se\/vandravagen\/2013\/09\/23\/jag-ar-inte-kristen-for-jag-ar-inte-som\/#primaryimage\"},\"thumbnailUrl\":\"http:\/\/3.bp.blogspot.com\/-s2w8eyQ5mCE\/Uj_r3_s9urI\/AAAAAAAAFaQ\/WUHOyozt8jU\/s400\/kragad.jpg\",\"articleSection\":[\"blandat\",\"Teologi\"],\"inLanguage\":\"sv-SE\",\"potentialAction\":[{\"@type\":\"CommentAction\",\"name\":\"Comment\",\"target\":[\"https:\/\/blogg.svenskakyrkan.se\/vandravagen\/2013\/09\/23\/jag-ar-inte-kristen-for-jag-ar-inte-som\/#respond\"]}]},{\"@type\":\"WebPage\",\"@id\":\"https:\/\/blogg.svenskakyrkan.se\/vandravagen\/2013\/09\/23\/jag-ar-inte-kristen-for-jag-ar-inte-som\/\",\"url\":\"https:\/\/blogg.svenskakyrkan.se\/vandravagen\/2013\/09\/23\/jag-ar-inte-kristen-for-jag-ar-inte-som\/\",\"name\":\"Jag \u00e4r inte kristen f\u00f6r jag \u00e4r inte som... - Vandra V\u00e4gen\",\"isPartOf\":{\"@id\":\"https:\/\/blogg.svenskakyrkan.se\/vandravagen\/#website\"},\"primaryImageOfPage\":{\"@id\":\"https:\/\/blogg.svenskakyrkan.se\/vandravagen\/2013\/09\/23\/jag-ar-inte-kristen-for-jag-ar-inte-som\/#primaryimage\"},\"image\":{\"@id\":\"https:\/\/blogg.svenskakyrkan.se\/vandravagen\/2013\/09\/23\/jag-ar-inte-kristen-for-jag-ar-inte-som\/#primaryimage\"},\"thumbnailUrl\":\"http:\/\/3.bp.blogspot.com\/-s2w8eyQ5mCE\/Uj_r3_s9urI\/AAAAAAAAFaQ\/WUHOyozt8jU\/s400\/kragad.jpg\",\"datePublished\":\"2013-09-23T07:22:00+00:00\",\"breadcrumb\":{\"@id\":\"https:\/\/blogg.svenskakyrkan.se\/vandravagen\/2013\/09\/23\/jag-ar-inte-kristen-for-jag-ar-inte-som\/#breadcrumb\"},\"inLanguage\":\"sv-SE\",\"potentialAction\":[{\"@type\":\"ReadAction\",\"target\":[\"https:\/\/blogg.svenskakyrkan.se\/vandravagen\/2013\/09\/23\/jag-ar-inte-kristen-for-jag-ar-inte-som\/\"]}]},{\"@type\":\"ImageObject\",\"inLanguage\":\"sv-SE\",\"@id\":\"https:\/\/blogg.svenskakyrkan.se\/vandravagen\/2013\/09\/23\/jag-ar-inte-kristen-for-jag-ar-inte-som\/#primaryimage\",\"url\":\"http:\/\/3.bp.blogspot.com\/-s2w8eyQ5mCE\/Uj_r3_s9urI\/AAAAAAAAFaQ\/WUHOyozt8jU\/s400\/kragad.jpg\",\"contentUrl\":\"http:\/\/3.bp.blogspot.com\/-s2w8eyQ5mCE\/Uj_r3_s9urI\/AAAAAAAAFaQ\/WUHOyozt8jU\/s400\/kragad.jpg\"},{\"@type\":\"BreadcrumbList\",\"@id\":\"https:\/\/blogg.svenskakyrkan.se\/vandravagen\/2013\/09\/23\/jag-ar-inte-kristen-for-jag-ar-inte-som\/#breadcrumb\",\"itemListElement\":[{\"@type\":\"ListItem\",\"position\":1,\"name\":\"Hem\",\"item\":\"https:\/\/blogg.svenskakyrkan.se\/vandravagen\/\"},{\"@type\":\"ListItem\",\"position\":2,\"name\":\"Jag \u00e4r inte kristen f\u00f6r jag \u00e4r inte som&#8230;\"}]},{\"@type\":\"WebSite\",\"@id\":\"https:\/\/blogg.svenskakyrkan.se\/vandravagen\/#website\",\"url\":\"https:\/\/blogg.svenskakyrkan.se\/vandravagen\/\",\"name\":\"Vandra V\u00e4gen\",\"description\":\"-Mot en tro f\u00f6r hela livet\",\"publisher\":{\"@id\":\"https:\/\/blogg.svenskakyrkan.se\/vandravagen\/#organization\"},\"potentialAction\":[{\"@type\":\"SearchAction\",\"target\":{\"@type\":\"EntryPoint\",\"urlTemplate\":\"https:\/\/blogg.svenskakyrkan.se\/vandravagen\/?s={search_term_string}\"},\"query-input\":{\"@type\":\"PropertyValueSpecification\",\"valueRequired\":true,\"valueName\":\"search_term_string\"}}],\"inLanguage\":\"sv-SE\"},{\"@type\":\"Organization\",\"@id\":\"https:\/\/blogg.svenskakyrkan.se\/vandravagen\/#organization\",\"name\":\"ulricehamns pastorat\",\"alternateName\":\"ulricehamns pastorat\",\"url\":\"https:\/\/blogg.svenskakyrkan.se\/vandravagen\/\",\"logo\":{\"@type\":\"ImageObject\",\"inLanguage\":\"sv-SE\",\"@id\":\"https:\/\/blogg.svenskakyrkan.se\/vandravagen\/#\/schema\/logo\/image\/\",\"url\":\"https:\/\/blogg.svenskakyrkan.se\/vandravagen\/files\/2023\/05\/Ulr_logo_RGB.png\",\"contentUrl\":\"https:\/\/blogg.svenskakyrkan.se\/vandravagen\/files\/2023\/05\/Ulr_logo_RGB.png\",\"width\":205,\"height\":77,\"caption\":\"ulricehamns pastorat\"},\"image\":{\"@id\":\"https:\/\/blogg.svenskakyrkan.se\/vandravagen\/#\/schema\/logo\/image\/\"},\"sameAs\":[\"http:\/\/facebook.com\/vandravagen\",\"https:\/\/x.com\/fadertomas\",\"http:\/\/www.facebook.com\/svenskakyrkaniulricehamn\"]},{\"@type\":\"Person\",\"@id\":\"https:\/\/blogg.svenskakyrkan.se\/vandravagen\/#\/schema\/person\/25da02d4f76b137d04291711e2c9fc16\",\"name\":\"Tomas Jarvid\",\"image\":{\"@type\":\"ImageObject\",\"inLanguage\":\"sv-SE\",\"@id\":\"https:\/\/blogg.svenskakyrkan.se\/vandravagen\/#\/schema\/person\/image\/\",\"url\":\"https:\/\/secure.gravatar.com\/avatar\/7fa71899795e8f540f615a1f5ab25255dc27aa40f05ee7ddd21aac521e01bf50?s=96&d=identicon&r=g\",\"contentUrl\":\"https:\/\/secure.gravatar.com\/avatar\/7fa71899795e8f540f615a1f5ab25255dc27aa40f05ee7ddd21aac521e01bf50?s=96&d=identicon&r=g\",\"caption\":\"Tomas Jarvid\"},\"description\":\"Jag bor i Ulricehamn i V\u00e4sterg\u00f6tland och \u00e4r f\u00f6rsamlingspr\u00e4st i Svenska Kyrkan f\u00f6r Dalstorps f\u00f6rsamling i Kinds pastorat. P\u00e5 den h\u00e4r bloggen skriver jag ner tankar om vandringen som kristen.\",\"sameAs\":[\"http:\/\/www.vandravagen.se\"],\"url\":\"https:\/\/blogg.svenskakyrkan.se\/vandravagen\/author\/vandravagen\/\"}]}<\/script>\n<!-- \/ Yoast SEO plugin. -->","yoast_head_json":{"title":"Jag \u00e4r inte kristen f\u00f6r jag \u00e4r inte som... - Vandra V\u00e4gen","robots":{"index":"index","follow":"follow","max-snippet":"max-snippet:-1","max-image-preview":"max-image-preview:large","max-video-preview":"max-video-preview:-1"},"canonical":"https:\/\/blogg.svenskakyrkan.se\/vandravagen\/2013\/09\/23\/jag-ar-inte-kristen-for-jag-ar-inte-som\/","og_locale":"sv_SE","og_type":"article","og_title":"Jag \u00e4r inte kristen f\u00f6r jag \u00e4r inte som... - Vandra V\u00e4gen","og_description":"\u00c4r det bara specialister som r\u00e4knas som kristna p\u00e5 riktigt? Hemska tanke! Ett s\u00e5dant s\u00e4tt att t\u00e4nka st\u00f6ter jag p\u00e5 ibland. &#8221;Jag tror p\u00e5 Gud och Jesus \u00e4r en fascinerande person men jag \u00e4r v\u00e4l inte direkt kristen \u00e4nd\u00e5&#8221;. Fr\u00e5gan \u00e4r vad det \u00e4r man tror saknas d\u00e5? Att vara kristen handlar inte om att [&hellip;]","og_url":"https:\/\/blogg.svenskakyrkan.se\/vandravagen\/2013\/09\/23\/jag-ar-inte-kristen-for-jag-ar-inte-som\/","og_site_name":"Vandra V\u00e4gen","article_publisher":"http:\/\/facebook.com\/vandravagen","article_published_time":"2013-09-23T07:22:00+00:00","og_image":[{"url":"http:\/\/3.bp.blogspot.com\/-s2w8eyQ5mCE\/Uj_r3_s9urI\/AAAAAAAAFaQ\/WUHOyozt8jU\/s400\/kragad.jpg","type":"","width":"","height":""}],"author":"Tomas Jarvid","twitter_card":"summary_large_image","twitter_creator":"@fadertomas","twitter_site":"@fadertomas","twitter_misc":{"Skriven av":"Tomas Jarvid","Ber\u00e4knad l\u00e4stid":"2 minuter"},"schema":{"@context":"https:\/\/schema.org","@graph":[{"@type":"Article","@id":"https:\/\/blogg.svenskakyrkan.se\/vandravagen\/2013\/09\/23\/jag-ar-inte-kristen-for-jag-ar-inte-som\/#article","isPartOf":{"@id":"https:\/\/blogg.svenskakyrkan.se\/vandravagen\/2013\/09\/23\/jag-ar-inte-kristen-for-jag-ar-inte-som\/"},"author":{"name":"Tomas Jarvid","@id":"https:\/\/blogg.svenskakyrkan.se\/vandravagen\/#\/schema\/person\/25da02d4f76b137d04291711e2c9fc16"},"headline":"Jag \u00e4r inte kristen f\u00f6r jag \u00e4r inte som&#8230;","datePublished":"2013-09-23T07:22:00+00:00","mainEntityOfPage":{"@id":"https:\/\/blogg.svenskakyrkan.se\/vandravagen\/2013\/09\/23\/jag-ar-inte-kristen-for-jag-ar-inte-som\/"},"wordCount":322,"commentCount":0,"publisher":{"@id":"https:\/\/blogg.svenskakyrkan.se\/vandravagen\/#organization"},"image":{"@id":"https:\/\/blogg.svenskakyrkan.se\/vandravagen\/2013\/09\/23\/jag-ar-inte-kristen-for-jag-ar-inte-som\/#primaryimage"},"thumbnailUrl":"http:\/\/3.bp.blogspot.com\/-s2w8eyQ5mCE\/Uj_r3_s9urI\/AAAAAAAAFaQ\/WUHOyozt8jU\/s400\/kragad.jpg","articleSection":["blandat","Teologi"],"inLanguage":"sv-SE","potentialAction":[{"@type":"CommentAction","name":"Comment","target":["https:\/\/blogg.svenskakyrkan.se\/vandravagen\/2013\/09\/23\/jag-ar-inte-kristen-for-jag-ar-inte-som\/#respond"]}]},{"@type":"WebPage","@id":"https:\/\/blogg.svenskakyrkan.se\/vandravagen\/2013\/09\/23\/jag-ar-inte-kristen-for-jag-ar-inte-som\/","url":"https:\/\/blogg.svenskakyrkan.se\/vandravagen\/2013\/09\/23\/jag-ar-inte-kristen-for-jag-ar-inte-som\/","name":"Jag \u00e4r inte kristen f\u00f6r jag \u00e4r inte som... - Vandra V\u00e4gen","isPartOf":{"@id":"https:\/\/blogg.svenskakyrkan.se\/vandravagen\/#website"},"primaryImageOfPage":{"@id":"https:\/\/blogg.svenskakyrkan.se\/vandravagen\/2013\/09\/23\/jag-ar-inte-kristen-for-jag-ar-inte-som\/#primaryimage"},"image":{"@id":"https:\/\/blogg.svenskakyrkan.se\/vandravagen\/2013\/09\/23\/jag-ar-inte-kristen-for-jag-ar-inte-som\/#primaryimage"},"thumbnailUrl":"http:\/\/3.bp.blogspot.com\/-s2w8eyQ5mCE\/Uj_r3_s9urI\/AAAAAAAAFaQ\/WUHOyozt8jU\/s400\/kragad.jpg","datePublished":"2013-09-23T07:22:00+00:00","breadcrumb":{"@id":"https:\/\/blogg.svenskakyrkan.se\/vandravagen\/2013\/09\/23\/jag-ar-inte-kristen-for-jag-ar-inte-som\/#breadcrumb"},"inLanguage":"sv-SE","potentialAction":[{"@type":"ReadAction","target":["https:\/\/blogg.svenskakyrkan.se\/vandravagen\/2013\/09\/23\/jag-ar-inte-kristen-for-jag-ar-inte-som\/"]}]},{"@type":"ImageObject","inLanguage":"sv-SE","@id":"https:\/\/blogg.svenskakyrkan.se\/vandravagen\/2013\/09\/23\/jag-ar-inte-kristen-for-jag-ar-inte-som\/#primaryimage","url":"http:\/\/3.bp.blogspot.com\/-s2w8eyQ5mCE\/Uj_r3_s9urI\/AAAAAAAAFaQ\/WUHOyozt8jU\/s400\/kragad.jpg","contentUrl":"http:\/\/3.bp.blogspot.com\/-s2w8eyQ5mCE\/Uj_r3_s9urI\/AAAAAAAAFaQ\/WUHOyozt8jU\/s400\/kragad.jpg"},{"@type":"BreadcrumbList","@id":"https:\/\/blogg.svenskakyrkan.se\/vandravagen\/2013\/09\/23\/jag-ar-inte-kristen-for-jag-ar-inte-som\/#breadcrumb","itemListElement":[{"@type":"ListItem","position":1,"name":"Hem","item":"https:\/\/blogg.svenskakyrkan.se\/vandravagen\/"},{"@type":"ListItem","position":2,"name":"Jag \u00e4r inte kristen f\u00f6r jag \u00e4r inte som&#8230;"}]},{"@type":"WebSite","@id":"https:\/\/blogg.svenskakyrkan.se\/vandravagen\/#website","url":"https:\/\/blogg.svenskakyrkan.se\/vandravagen\/","name":"Vandra V\u00e4gen","description":"-Mot en tro f\u00f6r hela livet","publisher":{"@id":"https:\/\/blogg.svenskakyrkan.se\/vandravagen\/#organization"},"potentialAction":[{"@type":"SearchAction","target":{"@type":"EntryPoint","urlTemplate":"https:\/\/blogg.svenskakyrkan.se\/vandravagen\/?s={search_term_string}"},"query-input":{"@type":"PropertyValueSpecification","valueRequired":true,"valueName":"search_term_string"}}],"inLanguage":"sv-SE"},{"@type":"Organization","@id":"https:\/\/blogg.svenskakyrkan.se\/vandravagen\/#organization","name":"ulricehamns pastorat","alternateName":"ulricehamns pastorat","url":"https:\/\/blogg.svenskakyrkan.se\/vandravagen\/","logo":{"@type":"ImageObject","inLanguage":"sv-SE","@id":"https:\/\/blogg.svenskakyrkan.se\/vandravagen\/#\/schema\/logo\/image\/","url":"https:\/\/blogg.svenskakyrkan.se\/vandravagen\/files\/2023\/05\/Ulr_logo_RGB.png","contentUrl":"https:\/\/blogg.svenskakyrkan.se\/vandravagen\/files\/2023\/05\/Ulr_logo_RGB.png","width":205,"height":77,"caption":"ulricehamns pastorat"},"image":{"@id":"https:\/\/blogg.svenskakyrkan.se\/vandravagen\/#\/schema\/logo\/image\/"},"sameAs":["http:\/\/facebook.com\/vandravagen","https:\/\/x.com\/fadertomas","http:\/\/www.facebook.com\/svenskakyrkaniulricehamn"]},{"@type":"Person","@id":"https:\/\/blogg.svenskakyrkan.se\/vandravagen\/#\/schema\/person\/25da02d4f76b137d04291711e2c9fc16","name":"Tomas Jarvid","image":{"@type":"ImageObject","inLanguage":"sv-SE","@id":"https:\/\/blogg.svenskakyrkan.se\/vandravagen\/#\/schema\/person\/image\/","url":"https:\/\/secure.gravatar.com\/avatar\/7fa71899795e8f540f615a1f5ab25255dc27aa40f05ee7ddd21aac521e01bf50?s=96&d=identicon&r=g","contentUrl":"https:\/\/secure.gravatar.com\/avatar\/7fa71899795e8f540f615a1f5ab25255dc27aa40f05ee7ddd21aac521e01bf50?s=96&d=identicon&r=g","caption":"Tomas Jarvid"},"description":"Jag bor i Ulricehamn i V\u00e4sterg\u00f6tland och \u00e4r f\u00f6rsamlingspr\u00e4st i Svenska Kyrkan f\u00f6r Dalstorps f\u00f6rsamling i Kinds pastorat. P\u00e5 den h\u00e4r bloggen skriver jag ner tankar om vandringen som kristen.","sameAs":["http:\/\/www.vandravagen.se"],"url":"https:\/\/blogg.svenskakyrkan.se\/vandravagen\/author\/vandravagen\/"}]}},"author_meta":{"ID":"392","user_nicename":"vandravagen","user_url":"http:\/\/www.vandravagen.se","user_registered":"2014-05-19 05:44:52","display_name":"Tomas Jarvid","first_name":"Tomas","last_name":"Jarvid","avatar":"https:\/\/secure.gravatar.com\/avatar\/7fa71899795e8f540f615a1f5ab25255dc27aa40f05ee7ddd21aac521e01bf50?s=96&d=identicon&r=g"},"featured_image":false,"bloginfo":{"name":"Vandra V\u00e4gen","url":"https:\/\/blogg.svenskakyrkan.se\/vandravagen"},"_links":{"self":[{"href":"https:\/\/blogg.svenskakyrkan.se\/vandravagen\/wp-json\/wp\/v2\/posts\/342","targetHints":{"allow":["GET"]}}],"collection":[{"href":"https:\/\/blogg.svenskakyrkan.se\/vandravagen\/wp-json\/wp\/v2\/posts"}],"about":[{"href":"https:\/\/blogg.svenskakyrkan.se\/vandravagen\/wp-json\/wp\/v2\/types\/post"}],"author":[{"embeddable":true,"href":"https:\/\/blogg.svenskakyrkan.se\/vandravagen\/wp-json\/wp\/v2\/users\/392"}],"replies":[{"embeddable":true,"href":"https:\/\/blogg.svenskakyrkan.se\/vandravagen\/wp-json\/wp\/v2\/comments?post=342"}],"version-history":[{"count":0,"href":"https:\/\/blogg.svenskakyrkan.se\/vandravagen\/wp-json\/wp\/v2\/posts\/342\/revisions"}],"wp:attachment":[{"href":"https:\/\/blogg.svenskakyrkan.se\/vandravagen\/wp-json\/wp\/v2\/media?parent=342"}],"wp:term":[{"taxonomy":"category","embeddable":true,"href":"https:\/\/blogg.svenskakyrkan.se\/vandravagen\/wp-json\/wp\/v2\/categories?post=342"},{"taxonomy":"post_tag","embeddable":true,"href":"https:\/\/blogg.svenskakyrkan.se\/vandravagen\/wp-json\/wp\/v2\/tags?post=342"}],"curies":[{"name":"wp","href":"https:\/\/api.w.org\/{rel}","templated":true}]}}