{"id":3423,"date":"2015-08-02T07:00:30","date_gmt":"2015-08-02T05:00:30","guid":{"rendered":"http:\/\/blogg.svenskakyrkan.se\/vandravagen\/?p=3423"},"modified":"2015-08-01T22:14:19","modified_gmt":"2015-08-01T20:14:19","slug":"11-blandade-tankar-pa-sondagen-11","status":"publish","type":"post","link":"https:\/\/blogg.svenskakyrkan.se\/vandravagen\/2015\/08\/02\/11-blandade-tankar-pa-sondagen-11\/","title":{"rendered":"11 blandade tankar p\u00e5 s\u00f6ndagen"},"content":{"rendered":"<p>&nbsp;<\/p>\n<div id=\"attachment_3424\" style=\"width: 685px\" class=\"wp-caption aligncenter\"><a href=\"http:\/\/blogg.svenskakyrkan.se\/vandravagen\/files\/2015\/08\/6491.jpg\"><img loading=\"lazy\" decoding=\"async\" aria-describedby=\"caption-attachment-3424\" class=\"size-full wp-image-3424\" src=\"http:\/\/blogg.svenskakyrkan.se\/vandravagen\/files\/2015\/08\/6491.jpg\" alt=\"Illa f\u00f6rvaltad. En \u00f6vervuxen kinesisk mur innan den st\u00e4lldes i ordning.\" width=\"675\" height=\"780\" srcset=\"https:\/\/blogg.svenskakyrkan.se\/vandravagen\/files\/2015\/08\/6491.jpg 675w, https:\/\/blogg.svenskakyrkan.se\/vandravagen\/files\/2015\/08\/6491-300x347.jpg 300w, https:\/\/blogg.svenskakyrkan.se\/vandravagen\/files\/2015\/08\/6491-260x300.jpg 260w\" sizes=\"auto, (max-width: 675px) 100vw, 675px\" \/><\/a><p id=\"caption-attachment-3424\" class=\"wp-caption-text\">Illa f\u00f6rvaltad. En \u00f6vervuxen kinesisk mur innan den st\u00e4lldes i ordning.<\/p><\/div>\n<p>Idag \u00e4r det sista semesterdagen. Fast i morgon \u00e4r det en ledig m\u00e5ndag ocks\u00e5. Fast p\u00e5 n\u00e5got s\u00e4tt k\u00e4nns det \u00e4nda att semestern \u00e4r \u00f6ver.<\/p>\n<p>Idag \u00e4r det s\u00f6ndagen med temat &#8221;goda f\u00f6rvaltare&#8221;. Jag ska f\u00f6rst\u00e5s inte predika idag men om du vill kan du l\u00e4sa om &#8221;<a href=\"http:\/\/blogg.svenskakyrkan.se\/vandravagen\/2014\/12\/22\/skapelseteologi-i-mordor\/\">skapelseteologi i Mordor<\/a>&#8221;. Det \u00e4r dessutom en v\u00e4ldigt sn\u00e4rtig rubrik tycker jag.<\/p>\n<p>Jag f\u00f6rvaltar \u00e5tminstone ganska bra just nu f\u00f6r jag h\u00e5ller p\u00e5 att putsa och feja och greja med min hembyggda tr\u00e4kanot. Man vill ju att den ska bli arvegods en dag. Lite som den h\u00e4r planeten.<\/p>\n<p>Och s\u00e5 har vi pl\u00f6tsligt en gasbil i familjen. Nyligen visste jag inte ens att de fanns men nu ska vi k\u00f6ra p\u00e5 koldioxid som redan finns i kretsloppet fram\u00f6ver.<\/p>\n<p>Det ska funka bra s\u00e5 l\u00e4nge man inte f\u00f6rs\u00f6ker k\u00f6ra till Norrland. Eller djupaste Sm\u00e5land lustigt nog. D\u00e4r \u00e4r det vildmark.<\/p>\n<p>Och s\u00e5 har vi plockat bl\u00e5b\u00e4r. Det \u00e4r den sj\u00e4lvhush\u00e5llning som ligger mig varmast om hj\u00e4rtat. Jag tror det mest beror p\u00e5 att v\u00e5ra bl\u00e5b\u00e4rstrakter \u00e4r s\u00e5 v\u00e4ldigt vackra. Skogarna kring Mullsj\u00f6 med tallar s\u00e5 l\u00e5ngt \u00f6gat n\u00e5r. Det \u00e4r magnifikt det.<\/p>\n<p>En bra sak med att flytta \u00e4r att man kommer till ett nytt (n\u00e5ja, jag har ju bott h\u00e4r f\u00f6rut) bibliotek med ny mangasamling och annat. Jag l\u00e4ser Naruto igen.<\/p>\n<p>Och n\u00e4r det \u00e4r slut med b\u00f6cker h\u00e4r ska det v\u00e4l finnas i Bor\u00e5s eller n\u00e5t.<\/p>\n<p>Det \u00e4r fortfarande nyhetstorka h\u00e4r p\u00e5 Vandra V\u00e4gen men snart ska jag rapportera omst\u00e4ndligt om alla kyrkor och platser och annat jag kommer till.<\/p>\n<p>Men nu kan du till exempel l\u00e4sa den h\u00e4r intressanta artikeln som s\u00e4ger <a href=\"http:\/\/www.psykologifabriken.se\/myten-om-sjalvkansla\/\">att sj\u00e4lvk\u00e4nsla inte alls \u00e4r vad som g\u00f6r oss till b\u00e4ttre m\u00e4nniskor<\/a> (fast m\u00e5r b\u00e4ttre g\u00f6r man nog). Det hade jag kanske kunnat g\u00f6ra en bloggpost av n\u00e5gon g\u00e5ng men det f\u00e5r vara. L\u00e4sv\u00e4rt hursomhelst.<\/p>\n<p>Och s\u00e5 kan du titta p\u00e5 den h\u00e4r filmen med lyckans hemlighet p\u00e5 60 sekunder:<\/p>\n<p><iframe loading=\"lazy\" title=\"The Secrets of Happiness \u2013 in 60 Seconds\" width=\"500\" height=\"281\" src=\"https:\/\/www.youtube.com\/embed\/NDNmC11vGYk?feature=oembed\" frameborder=\"0\" allow=\"accelerometer; autoplay; clipboard-write; encrypted-media; gyroscope; picture-in-picture; web-share\" referrerpolicy=\"strict-origin-when-cross-origin\" allowfullscreen><\/iframe><\/p>\n<p>Vad g\u00f6r du idag? Skriv en kommentar!<\/p>\n","protected":false},"excerpt":{"rendered":"<p>&nbsp; Idag \u00e4r det sista semesterdagen. Fast i morgon \u00e4r det en ledig m\u00e5ndag ocks\u00e5. Fast p\u00e5 n\u00e5got s\u00e4tt k\u00e4nns det \u00e4nda att semestern \u00e4r \u00f6ver. Idag \u00e4r det s\u00f6ndagen med temat &#8221;goda f\u00f6rvaltare&#8221;. Jag ska f\u00f6rst\u00e5s inte predika idag men om du vill kan du l\u00e4sa om &#8221;skapelseteologi i Mordor&#8221;. Det \u00e4r dessutom en [&hellip;]<\/p>\n","protected":false},"author":392,"featured_media":0,"comment_status":"open","ping_status":"open","sticky":false,"template":"","format":"standard","meta":{"_acf_changed":false,"footnotes":""},"categories":[76766,76189],"tags":[],"class_list":["post-3423","post","type-post","status-publish","format-standard","hentry","category-blandat","category-dagens-kyrka"],"acf":[],"yoast_head":"<!-- This site is optimized with the Yoast SEO plugin v27.1.1 - https:\/\/yoast.com\/product\/yoast-seo-wordpress\/ -->\n<title>11 blandade tankar p\u00e5 s\u00f6ndagen - Vandra V\u00e4gen<\/title>\n<meta name=\"robots\" content=\"index, follow, max-snippet:-1, max-image-preview:large, max-video-preview:-1\" \/>\n<link rel=\"canonical\" href=\"https:\/\/blogg.svenskakyrkan.se\/vandravagen\/2015\/08\/02\/11-blandade-tankar-pa-sondagen-11\/\" \/>\n<meta property=\"og:locale\" content=\"sv_SE\" \/>\n<meta property=\"og:type\" content=\"article\" \/>\n<meta property=\"og:title\" content=\"11 blandade tankar p\u00e5 s\u00f6ndagen - Vandra V\u00e4gen\" \/>\n<meta property=\"og:description\" content=\"&nbsp; Idag \u00e4r det sista semesterdagen. Fast i morgon \u00e4r det en ledig m\u00e5ndag ocks\u00e5. Fast p\u00e5 n\u00e5got s\u00e4tt k\u00e4nns det \u00e4nda att semestern \u00e4r \u00f6ver. Idag \u00e4r det s\u00f6ndagen med temat &#8221;goda f\u00f6rvaltare&#8221;. Jag ska f\u00f6rst\u00e5s inte predika idag men om du vill kan du l\u00e4sa om &#8221;skapelseteologi i Mordor&#8221;. Det \u00e4r dessutom en [&hellip;]\" \/>\n<meta property=\"og:url\" content=\"https:\/\/blogg.svenskakyrkan.se\/vandravagen\/2015\/08\/02\/11-blandade-tankar-pa-sondagen-11\/\" \/>\n<meta property=\"og:site_name\" content=\"Vandra V\u00e4gen\" \/>\n<meta property=\"article:publisher\" content=\"http:\/\/facebook.com\/vandravagen\" \/>\n<meta property=\"article:published_time\" content=\"2015-08-02T05:00:30+00:00\" \/>\n<meta property=\"og:image\" content=\"http:\/\/blogg.svenskakyrkan.se\/vandravagen\/files\/2015\/08\/6491.jpg\" \/>\n<meta name=\"author\" content=\"Tomas Jarvid\" \/>\n<meta name=\"twitter:card\" content=\"summary_large_image\" \/>\n<meta name=\"twitter:creator\" content=\"@fadertomas\" \/>\n<meta name=\"twitter:site\" content=\"@fadertomas\" \/>\n<meta name=\"twitter:label1\" content=\"Skriven av\" \/>\n\t<meta name=\"twitter:data1\" content=\"Tomas Jarvid\" \/>\n\t<meta name=\"twitter:label2\" content=\"Ber\u00e4knad l\u00e4stid\" \/>\n\t<meta name=\"twitter:data2\" content=\"2 minuter\" \/>\n<script type=\"application\/ld+json\" class=\"yoast-schema-graph\">{\"@context\":\"https:\/\/schema.org\",\"@graph\":[{\"@type\":\"Article\",\"@id\":\"https:\/\/blogg.svenskakyrkan.se\/vandravagen\/2015\/08\/02\/11-blandade-tankar-pa-sondagen-11\/#article\",\"isPartOf\":{\"@id\":\"https:\/\/blogg.svenskakyrkan.se\/vandravagen\/2015\/08\/02\/11-blandade-tankar-pa-sondagen-11\/\"},\"author\":{\"name\":\"Tomas Jarvid\",\"@id\":\"https:\/\/blogg.svenskakyrkan.se\/vandravagen\/#\/schema\/person\/25da02d4f76b137d04291711e2c9fc16\"},\"headline\":\"11 blandade tankar p\u00e5 s\u00f6ndagen\",\"datePublished\":\"2015-08-02T05:00:30+00:00\",\"mainEntityOfPage\":{\"@id\":\"https:\/\/blogg.svenskakyrkan.se\/vandravagen\/2015\/08\/02\/11-blandade-tankar-pa-sondagen-11\/\"},\"wordCount\":429,\"commentCount\":4,\"publisher\":{\"@id\":\"https:\/\/blogg.svenskakyrkan.se\/vandravagen\/#organization\"},\"image\":{\"@id\":\"https:\/\/blogg.svenskakyrkan.se\/vandravagen\/2015\/08\/02\/11-blandade-tankar-pa-sondagen-11\/#primaryimage\"},\"thumbnailUrl\":\"http:\/\/blogg.svenskakyrkan.se\/vandravagen\/files\/2015\/08\/6491.jpg\",\"articleSection\":[\"blandat\",\"Dagens Kyrka\"],\"inLanguage\":\"sv-SE\",\"potentialAction\":[{\"@type\":\"CommentAction\",\"name\":\"Comment\",\"target\":[\"https:\/\/blogg.svenskakyrkan.se\/vandravagen\/2015\/08\/02\/11-blandade-tankar-pa-sondagen-11\/#respond\"]}]},{\"@type\":\"WebPage\",\"@id\":\"https:\/\/blogg.svenskakyrkan.se\/vandravagen\/2015\/08\/02\/11-blandade-tankar-pa-sondagen-11\/\",\"url\":\"https:\/\/blogg.svenskakyrkan.se\/vandravagen\/2015\/08\/02\/11-blandade-tankar-pa-sondagen-11\/\",\"name\":\"11 blandade tankar p\u00e5 s\u00f6ndagen - Vandra V\u00e4gen\",\"isPartOf\":{\"@id\":\"https:\/\/blogg.svenskakyrkan.se\/vandravagen\/#website\"},\"primaryImageOfPage\":{\"@id\":\"https:\/\/blogg.svenskakyrkan.se\/vandravagen\/2015\/08\/02\/11-blandade-tankar-pa-sondagen-11\/#primaryimage\"},\"image\":{\"@id\":\"https:\/\/blogg.svenskakyrkan.se\/vandravagen\/2015\/08\/02\/11-blandade-tankar-pa-sondagen-11\/#primaryimage\"},\"thumbnailUrl\":\"http:\/\/blogg.svenskakyrkan.se\/vandravagen\/files\/2015\/08\/6491.jpg\",\"datePublished\":\"2015-08-02T05:00:30+00:00\",\"breadcrumb\":{\"@id\":\"https:\/\/blogg.svenskakyrkan.se\/vandravagen\/2015\/08\/02\/11-blandade-tankar-pa-sondagen-11\/#breadcrumb\"},\"inLanguage\":\"sv-SE\",\"potentialAction\":[{\"@type\":\"ReadAction\",\"target\":[\"https:\/\/blogg.svenskakyrkan.se\/vandravagen\/2015\/08\/02\/11-blandade-tankar-pa-sondagen-11\/\"]}]},{\"@type\":\"ImageObject\",\"inLanguage\":\"sv-SE\",\"@id\":\"https:\/\/blogg.svenskakyrkan.se\/vandravagen\/2015\/08\/02\/11-blandade-tankar-pa-sondagen-11\/#primaryimage\",\"url\":\"http:\/\/blogg.svenskakyrkan.se\/vandravagen\/files\/2015\/08\/6491.jpg\",\"contentUrl\":\"http:\/\/blogg.svenskakyrkan.se\/vandravagen\/files\/2015\/08\/6491.jpg\"},{\"@type\":\"BreadcrumbList\",\"@id\":\"https:\/\/blogg.svenskakyrkan.se\/vandravagen\/2015\/08\/02\/11-blandade-tankar-pa-sondagen-11\/#breadcrumb\",\"itemListElement\":[{\"@type\":\"ListItem\",\"position\":1,\"name\":\"Hem\",\"item\":\"https:\/\/blogg.svenskakyrkan.se\/vandravagen\/\"},{\"@type\":\"ListItem\",\"position\":2,\"name\":\"11 blandade tankar p\u00e5 s\u00f6ndagen\"}]},{\"@type\":\"WebSite\",\"@id\":\"https:\/\/blogg.svenskakyrkan.se\/vandravagen\/#website\",\"url\":\"https:\/\/blogg.svenskakyrkan.se\/vandravagen\/\",\"name\":\"Vandra V\u00e4gen\",\"description\":\"-Mot en tro f\u00f6r hela livet\",\"publisher\":{\"@id\":\"https:\/\/blogg.svenskakyrkan.se\/vandravagen\/#organization\"},\"potentialAction\":[{\"@type\":\"SearchAction\",\"target\":{\"@type\":\"EntryPoint\",\"urlTemplate\":\"https:\/\/blogg.svenskakyrkan.se\/vandravagen\/?s={search_term_string}\"},\"query-input\":{\"@type\":\"PropertyValueSpecification\",\"valueRequired\":true,\"valueName\":\"search_term_string\"}}],\"inLanguage\":\"sv-SE\"},{\"@type\":\"Organization\",\"@id\":\"https:\/\/blogg.svenskakyrkan.se\/vandravagen\/#organization\",\"name\":\"ulricehamns pastorat\",\"alternateName\":\"ulricehamns pastorat\",\"url\":\"https:\/\/blogg.svenskakyrkan.se\/vandravagen\/\",\"logo\":{\"@type\":\"ImageObject\",\"inLanguage\":\"sv-SE\",\"@id\":\"https:\/\/blogg.svenskakyrkan.se\/vandravagen\/#\/schema\/logo\/image\/\",\"url\":\"https:\/\/blogg.svenskakyrkan.se\/vandravagen\/files\/2023\/05\/Ulr_logo_RGB.png\",\"contentUrl\":\"https:\/\/blogg.svenskakyrkan.se\/vandravagen\/files\/2023\/05\/Ulr_logo_RGB.png\",\"width\":205,\"height\":77,\"caption\":\"ulricehamns pastorat\"},\"image\":{\"@id\":\"https:\/\/blogg.svenskakyrkan.se\/vandravagen\/#\/schema\/logo\/image\/\"},\"sameAs\":[\"http:\/\/facebook.com\/vandravagen\",\"https:\/\/x.com\/fadertomas\",\"http:\/\/www.facebook.com\/svenskakyrkaniulricehamn\"]},{\"@type\":\"Person\",\"@id\":\"https:\/\/blogg.svenskakyrkan.se\/vandravagen\/#\/schema\/person\/25da02d4f76b137d04291711e2c9fc16\",\"name\":\"Tomas Jarvid\",\"image\":{\"@type\":\"ImageObject\",\"inLanguage\":\"sv-SE\",\"@id\":\"https:\/\/blogg.svenskakyrkan.se\/vandravagen\/#\/schema\/person\/image\/\",\"url\":\"https:\/\/secure.gravatar.com\/avatar\/7fa71899795e8f540f615a1f5ab25255dc27aa40f05ee7ddd21aac521e01bf50?s=96&d=identicon&r=g\",\"contentUrl\":\"https:\/\/secure.gravatar.com\/avatar\/7fa71899795e8f540f615a1f5ab25255dc27aa40f05ee7ddd21aac521e01bf50?s=96&d=identicon&r=g\",\"caption\":\"Tomas Jarvid\"},\"description\":\"Jag bor i Ulricehamn i V\u00e4sterg\u00f6tland och \u00e4r f\u00f6rsamlingspr\u00e4st i Svenska Kyrkan f\u00f6r Dalstorps f\u00f6rsamling i Kinds pastorat. P\u00e5 den h\u00e4r bloggen skriver jag ner tankar om vandringen som kristen.\",\"sameAs\":[\"http:\/\/www.vandravagen.se\"],\"url\":\"https:\/\/blogg.svenskakyrkan.se\/vandravagen\/author\/vandravagen\/\"}]}<\/script>\n<!-- \/ Yoast SEO plugin. -->","yoast_head_json":{"title":"11 blandade tankar p\u00e5 s\u00f6ndagen - Vandra V\u00e4gen","robots":{"index":"index","follow":"follow","max-snippet":"max-snippet:-1","max-image-preview":"max-image-preview:large","max-video-preview":"max-video-preview:-1"},"canonical":"https:\/\/blogg.svenskakyrkan.se\/vandravagen\/2015\/08\/02\/11-blandade-tankar-pa-sondagen-11\/","og_locale":"sv_SE","og_type":"article","og_title":"11 blandade tankar p\u00e5 s\u00f6ndagen - Vandra V\u00e4gen","og_description":"&nbsp; Idag \u00e4r det sista semesterdagen. Fast i morgon \u00e4r det en ledig m\u00e5ndag ocks\u00e5. Fast p\u00e5 n\u00e5got s\u00e4tt k\u00e4nns det \u00e4nda att semestern \u00e4r \u00f6ver. Idag \u00e4r det s\u00f6ndagen med temat &#8221;goda f\u00f6rvaltare&#8221;. Jag ska f\u00f6rst\u00e5s inte predika idag men om du vill kan du l\u00e4sa om &#8221;skapelseteologi i Mordor&#8221;. Det \u00e4r dessutom en [&hellip;]","og_url":"https:\/\/blogg.svenskakyrkan.se\/vandravagen\/2015\/08\/02\/11-blandade-tankar-pa-sondagen-11\/","og_site_name":"Vandra V\u00e4gen","article_publisher":"http:\/\/facebook.com\/vandravagen","article_published_time":"2015-08-02T05:00:30+00:00","og_image":[{"url":"http:\/\/blogg.svenskakyrkan.se\/vandravagen\/files\/2015\/08\/6491.jpg","type":"","width":"","height":""}],"author":"Tomas Jarvid","twitter_card":"summary_large_image","twitter_creator":"@fadertomas","twitter_site":"@fadertomas","twitter_misc":{"Skriven av":"Tomas Jarvid","Ber\u00e4knad l\u00e4stid":"2 minuter"},"schema":{"@context":"https:\/\/schema.org","@graph":[{"@type":"Article","@id":"https:\/\/blogg.svenskakyrkan.se\/vandravagen\/2015\/08\/02\/11-blandade-tankar-pa-sondagen-11\/#article","isPartOf":{"@id":"https:\/\/blogg.svenskakyrkan.se\/vandravagen\/2015\/08\/02\/11-blandade-tankar-pa-sondagen-11\/"},"author":{"name":"Tomas Jarvid","@id":"https:\/\/blogg.svenskakyrkan.se\/vandravagen\/#\/schema\/person\/25da02d4f76b137d04291711e2c9fc16"},"headline":"11 blandade tankar p\u00e5 s\u00f6ndagen","datePublished":"2015-08-02T05:00:30+00:00","mainEntityOfPage":{"@id":"https:\/\/blogg.svenskakyrkan.se\/vandravagen\/2015\/08\/02\/11-blandade-tankar-pa-sondagen-11\/"},"wordCount":429,"commentCount":4,"publisher":{"@id":"https:\/\/blogg.svenskakyrkan.se\/vandravagen\/#organization"},"image":{"@id":"https:\/\/blogg.svenskakyrkan.se\/vandravagen\/2015\/08\/02\/11-blandade-tankar-pa-sondagen-11\/#primaryimage"},"thumbnailUrl":"http:\/\/blogg.svenskakyrkan.se\/vandravagen\/files\/2015\/08\/6491.jpg","articleSection":["blandat","Dagens Kyrka"],"inLanguage":"sv-SE","potentialAction":[{"@type":"CommentAction","name":"Comment","target":["https:\/\/blogg.svenskakyrkan.se\/vandravagen\/2015\/08\/02\/11-blandade-tankar-pa-sondagen-11\/#respond"]}]},{"@type":"WebPage","@id":"https:\/\/blogg.svenskakyrkan.se\/vandravagen\/2015\/08\/02\/11-blandade-tankar-pa-sondagen-11\/","url":"https:\/\/blogg.svenskakyrkan.se\/vandravagen\/2015\/08\/02\/11-blandade-tankar-pa-sondagen-11\/","name":"11 blandade tankar p\u00e5 s\u00f6ndagen - Vandra V\u00e4gen","isPartOf":{"@id":"https:\/\/blogg.svenskakyrkan.se\/vandravagen\/#website"},"primaryImageOfPage":{"@id":"https:\/\/blogg.svenskakyrkan.se\/vandravagen\/2015\/08\/02\/11-blandade-tankar-pa-sondagen-11\/#primaryimage"},"image":{"@id":"https:\/\/blogg.svenskakyrkan.se\/vandravagen\/2015\/08\/02\/11-blandade-tankar-pa-sondagen-11\/#primaryimage"},"thumbnailUrl":"http:\/\/blogg.svenskakyrkan.se\/vandravagen\/files\/2015\/08\/6491.jpg","datePublished":"2015-08-02T05:00:30+00:00","breadcrumb":{"@id":"https:\/\/blogg.svenskakyrkan.se\/vandravagen\/2015\/08\/02\/11-blandade-tankar-pa-sondagen-11\/#breadcrumb"},"inLanguage":"sv-SE","potentialAction":[{"@type":"ReadAction","target":["https:\/\/blogg.svenskakyrkan.se\/vandravagen\/2015\/08\/02\/11-blandade-tankar-pa-sondagen-11\/"]}]},{"@type":"ImageObject","inLanguage":"sv-SE","@id":"https:\/\/blogg.svenskakyrkan.se\/vandravagen\/2015\/08\/02\/11-blandade-tankar-pa-sondagen-11\/#primaryimage","url":"http:\/\/blogg.svenskakyrkan.se\/vandravagen\/files\/2015\/08\/6491.jpg","contentUrl":"http:\/\/blogg.svenskakyrkan.se\/vandravagen\/files\/2015\/08\/6491.jpg"},{"@type":"BreadcrumbList","@id":"https:\/\/blogg.svenskakyrkan.se\/vandravagen\/2015\/08\/02\/11-blandade-tankar-pa-sondagen-11\/#breadcrumb","itemListElement":[{"@type":"ListItem","position":1,"name":"Hem","item":"https:\/\/blogg.svenskakyrkan.se\/vandravagen\/"},{"@type":"ListItem","position":2,"name":"11 blandade tankar p\u00e5 s\u00f6ndagen"}]},{"@type":"WebSite","@id":"https:\/\/blogg.svenskakyrkan.se\/vandravagen\/#website","url":"https:\/\/blogg.svenskakyrkan.se\/vandravagen\/","name":"Vandra V\u00e4gen","description":"-Mot en tro f\u00f6r hela livet","publisher":{"@id":"https:\/\/blogg.svenskakyrkan.se\/vandravagen\/#organization"},"potentialAction":[{"@type":"SearchAction","target":{"@type":"EntryPoint","urlTemplate":"https:\/\/blogg.svenskakyrkan.se\/vandravagen\/?s={search_term_string}"},"query-input":{"@type":"PropertyValueSpecification","valueRequired":true,"valueName":"search_term_string"}}],"inLanguage":"sv-SE"},{"@type":"Organization","@id":"https:\/\/blogg.svenskakyrkan.se\/vandravagen\/#organization","name":"ulricehamns pastorat","alternateName":"ulricehamns pastorat","url":"https:\/\/blogg.svenskakyrkan.se\/vandravagen\/","logo":{"@type":"ImageObject","inLanguage":"sv-SE","@id":"https:\/\/blogg.svenskakyrkan.se\/vandravagen\/#\/schema\/logo\/image\/","url":"https:\/\/blogg.svenskakyrkan.se\/vandravagen\/files\/2023\/05\/Ulr_logo_RGB.png","contentUrl":"https:\/\/blogg.svenskakyrkan.se\/vandravagen\/files\/2023\/05\/Ulr_logo_RGB.png","width":205,"height":77,"caption":"ulricehamns pastorat"},"image":{"@id":"https:\/\/blogg.svenskakyrkan.se\/vandravagen\/#\/schema\/logo\/image\/"},"sameAs":["http:\/\/facebook.com\/vandravagen","https:\/\/x.com\/fadertomas","http:\/\/www.facebook.com\/svenskakyrkaniulricehamn"]},{"@type":"Person","@id":"https:\/\/blogg.svenskakyrkan.se\/vandravagen\/#\/schema\/person\/25da02d4f76b137d04291711e2c9fc16","name":"Tomas Jarvid","image":{"@type":"ImageObject","inLanguage":"sv-SE","@id":"https:\/\/blogg.svenskakyrkan.se\/vandravagen\/#\/schema\/person\/image\/","url":"https:\/\/secure.gravatar.com\/avatar\/7fa71899795e8f540f615a1f5ab25255dc27aa40f05ee7ddd21aac521e01bf50?s=96&d=identicon&r=g","contentUrl":"https:\/\/secure.gravatar.com\/avatar\/7fa71899795e8f540f615a1f5ab25255dc27aa40f05ee7ddd21aac521e01bf50?s=96&d=identicon&r=g","caption":"Tomas Jarvid"},"description":"Jag bor i Ulricehamn i V\u00e4sterg\u00f6tland och \u00e4r f\u00f6rsamlingspr\u00e4st i Svenska Kyrkan f\u00f6r Dalstorps f\u00f6rsamling i Kinds pastorat. P\u00e5 den h\u00e4r bloggen skriver jag ner tankar om vandringen som kristen.","sameAs":["http:\/\/www.vandravagen.se"],"url":"https:\/\/blogg.svenskakyrkan.se\/vandravagen\/author\/vandravagen\/"}]}},"author_meta":{"ID":"392","user_nicename":"vandravagen","user_url":"http:\/\/www.vandravagen.se","user_registered":"2014-05-19 05:44:52","display_name":"Tomas Jarvid","first_name":"Tomas","last_name":"Jarvid","avatar":"https:\/\/secure.gravatar.com\/avatar\/7fa71899795e8f540f615a1f5ab25255dc27aa40f05ee7ddd21aac521e01bf50?s=96&d=identicon&r=g"},"featured_image":false,"bloginfo":{"name":"Vandra V\u00e4gen","url":"https:\/\/blogg.svenskakyrkan.se\/vandravagen"},"_links":{"self":[{"href":"https:\/\/blogg.svenskakyrkan.se\/vandravagen\/wp-json\/wp\/v2\/posts\/3423","targetHints":{"allow":["GET"]}}],"collection":[{"href":"https:\/\/blogg.svenskakyrkan.se\/vandravagen\/wp-json\/wp\/v2\/posts"}],"about":[{"href":"https:\/\/blogg.svenskakyrkan.se\/vandravagen\/wp-json\/wp\/v2\/types\/post"}],"author":[{"embeddable":true,"href":"https:\/\/blogg.svenskakyrkan.se\/vandravagen\/wp-json\/wp\/v2\/users\/392"}],"replies":[{"embeddable":true,"href":"https:\/\/blogg.svenskakyrkan.se\/vandravagen\/wp-json\/wp\/v2\/comments?post=3423"}],"version-history":[{"count":1,"href":"https:\/\/blogg.svenskakyrkan.se\/vandravagen\/wp-json\/wp\/v2\/posts\/3423\/revisions"}],"predecessor-version":[{"id":3425,"href":"https:\/\/blogg.svenskakyrkan.se\/vandravagen\/wp-json\/wp\/v2\/posts\/3423\/revisions\/3425"}],"wp:attachment":[{"href":"https:\/\/blogg.svenskakyrkan.se\/vandravagen\/wp-json\/wp\/v2\/media?parent=3423"}],"wp:term":[{"taxonomy":"category","embeddable":true,"href":"https:\/\/blogg.svenskakyrkan.se\/vandravagen\/wp-json\/wp\/v2\/categories?post=3423"},{"taxonomy":"post_tag","embeddable":true,"href":"https:\/\/blogg.svenskakyrkan.se\/vandravagen\/wp-json\/wp\/v2\/tags?post=3423"}],"curies":[{"name":"wp","href":"https:\/\/api.w.org\/{rel}","templated":true}]}}