{"id":3449,"date":"2015-08-09T08:22:45","date_gmt":"2015-08-09T06:22:45","guid":{"rendered":"http:\/\/blogg.svenskakyrkan.se\/vandravagen\/?p=3449"},"modified":"2015-08-09T08:22:45","modified_gmt":"2015-08-09T06:22:45","slug":"8-blandade-tankar-pa-sondagen-8","status":"publish","type":"post","link":"https:\/\/blogg.svenskakyrkan.se\/vandravagen\/2015\/08\/09\/8-blandade-tankar-pa-sondagen-8\/","title":{"rendered":"8 blandade tankar p\u00e5 s\u00f6ndagen"},"content":{"rendered":"<div id=\"attachment_3450\" style=\"width: 260px\" class=\"wp-caption aligncenter\"><a href=\"http:\/\/blogg.svenskakyrkan.se\/vandravagen\/files\/2015\/08\/bild-49.jpg\"><img loading=\"lazy\" decoding=\"async\" aria-describedby=\"caption-attachment-3450\" class=\"size-full wp-image-3450\" src=\"http:\/\/blogg.svenskakyrkan.se\/vandravagen\/files\/2015\/08\/bild-49.jpg\" alt=\"M\u00fcnschausen, en man med m\u00e4rkliga g\u00e5vor f\u00e5r man s\u00e4ga. Mest fantastin gissar jag.\" width=\"250\" height=\"346\" srcset=\"https:\/\/blogg.svenskakyrkan.se\/vandravagen\/files\/2015\/08\/bild-49.jpg 250w, https:\/\/blogg.svenskakyrkan.se\/vandravagen\/files\/2015\/08\/bild-49-217x300.jpg 217w\" sizes=\"auto, (max-width: 250px) 100vw, 250px\" \/><\/a><p id=\"caption-attachment-3450\" class=\"wp-caption-text\">M\u00fcnschausen, en man med m\u00e4rkliga g\u00e5vor f\u00e5r man s\u00e4ga. Mest fantastin gissar jag.<\/p><\/div>\n<p>Nu har jag visserligen b\u00f6rjat p\u00e5 min nya tj\u00e4nst i Dalstorp men det \u00e4r \u00e4nd\u00e5 en ledig s\u00f6ndag. Det har jag bett om eftersom vi ska ha v\u00e5r sista lilla musikgudstj\u00e4nst i kv\u00e4ll (L\u00e5stad kyrka klockan 19) och det \u00e4r en del att st\u00e5 i med det. Det blev tre s\u00e5na den h\u00e4r sommaren och det k\u00e4nns faktiskt riktigt kul. I alla fall efter att all \u00f6vnings\u00e5ngest \u00e4r avklarad. Jaja. N\u00e5t ska man ha att g\u00f6ra p\u00e5 alla semesterkv\u00e4llar sedan flyttplocket \u00e4r klart.<\/p>\n<p>Musikgudstj\u00e4nstprogrammet \u00e4r v\u00e4ldigt sv\u00e5rt att l\u00e4gga ut p\u00e5 n\u00e4tet s\u00e5 det f\u00e5r vara bonusmaterial f\u00f6r den som ser mig afk.<\/p>\n<p>I fredags spelade och sj\u00f6ng vi i M\u00e5nstads kyrka. Det \u00e4r min sl\u00e4ktkyrka kan man s\u00e4ga s\u00e5 det k\u00e4ndes v\u00e4ldigt speciellt.<\/p>\n<p>Jag har f\u00f6rresten \u00e4ndrat texter runtom s\u00e5 att det st\u00e5r om min h\u00e4r p\u00e5 sidan nu att jag \u00e4r pr\u00e4st i Dalstorp ist\u00e4llet.<\/p>\n<p>Idag \u00e4r det s\u00f6ndag med temat &#8221;n\u00e5dens g\u00e5vor&#8221;. Det blir helt fantastiska textl\u00e4sningar i gudstj\u00e4nsterna idag. Om Gud som vinodlare, och om Kyrkan som en kropp med m\u00e5nga kroppsdelar som skiljer sig sinsemellan men h\u00f6r ihop \u00e4nd\u00e5. Och Jesu fantastiska liknelse om vinstocken. D\u00e4r s\u00e4ger han att man b\u00e4r frukt av sig sj\u00e4lv genom att ha gemenskap med honom, inte av egna anstr\u00e4ngningar. F\u00f6rbli i mig s\u00e4ger han. Det \u00e4r kanske hans viktigaste bud till oss? Vad s\u00e4ger du?<\/p>\n<p>Jag lade in en bild p\u00e5 baron von M\u00fcnchaussen. Han kanske f\u00e5r st\u00e5 som en bild \u00f6ver hur vi l\u00e4tt t\u00e4nker n\u00e4r vi h\u00f6r ordet &#8221;n\u00e5deg\u00e5vor&#8221;; v\u00e4ldigt spektakul\u00e4ra egenskaper och m\u00e4rkliga handlingar. Fast jag misst\u00e4nker start att den d\u00e4r M\u00fcnschaussen verkligen hade en fantastisk g\u00e5va som vi kan m\u00e4rka i hans ber\u00e4ttarkonst&#8230;.<\/p>\n<p>Jag \u00e4r riktigt tr\u00f6tt f\u00f6r jag har suttit uppe och rensat g\u00e5rdagens bl\u00e5b\u00e4rssk\u00f6rd till l\u00e5ngt in p\u00e5 natten. Bl\u00e5b\u00e4ren \u00e4r kanske ocks\u00e5 en slag g\u00e5vor av n\u00e5d. Jorden b\u00e4r frukt och Gud v\u00e4lsignar oss. Men b\u00e4st av allt \u00e4r nog att v\u00e5r bl\u00e5b\u00e4rsskog (utanf\u00f6r Mullsj\u00f6) \u00e4r s\u00e5 v\u00e4ldigt vacker. Det \u00e4r en plats f\u00f6r sj\u00e4len det.<\/p>\n<div>\u00a0Det har annars varit en del av motsatsen ocks\u00e5 i veckan. Jag har lyckats l\u00e5sa mig ute och ena bilen startade inte precis i ett kritiskt \u00f6gonblick.<\/div>\n<div>\n<p>Vad g\u00f6r du idag? Skriv en kommentar!<\/p>\n<\/div>\n","protected":false},"excerpt":{"rendered":"<p>Nu har jag visserligen b\u00f6rjat p\u00e5 min nya tj\u00e4nst i Dalstorp men det \u00e4r \u00e4nd\u00e5 en ledig s\u00f6ndag. Det har jag bett om eftersom vi ska ha v\u00e5r sista lilla musikgudstj\u00e4nst i kv\u00e4ll (L\u00e5stad kyrka klockan 19) och det \u00e4r en del att st\u00e5 i med det. Det blev tre s\u00e5na den h\u00e4r sommaren och [&hellip;]<\/p>\n","protected":false},"author":392,"featured_media":0,"comment_status":"open","ping_status":"open","sticky":false,"template":"","format":"standard","meta":{"_acf_changed":false,"footnotes":""},"categories":[76766,76189],"tags":[],"class_list":["post-3449","post","type-post","status-publish","format-standard","hentry","category-blandat","category-dagens-kyrka"],"acf":[],"yoast_head":"<!-- This site is optimized with the Yoast SEO plugin v27.1.1 - https:\/\/yoast.com\/product\/yoast-seo-wordpress\/ -->\n<title>8 blandade tankar p\u00e5 s\u00f6ndagen - Vandra V\u00e4gen<\/title>\n<meta name=\"robots\" content=\"index, follow, max-snippet:-1, max-image-preview:large, max-video-preview:-1\" \/>\n<link rel=\"canonical\" href=\"https:\/\/blogg.svenskakyrkan.se\/vandravagen\/2015\/08\/09\/8-blandade-tankar-pa-sondagen-8\/\" \/>\n<meta property=\"og:locale\" content=\"sv_SE\" \/>\n<meta property=\"og:type\" content=\"article\" \/>\n<meta property=\"og:title\" content=\"8 blandade tankar p\u00e5 s\u00f6ndagen - Vandra V\u00e4gen\" \/>\n<meta property=\"og:description\" content=\"Nu har jag visserligen b\u00f6rjat p\u00e5 min nya tj\u00e4nst i Dalstorp men det \u00e4r \u00e4nd\u00e5 en ledig s\u00f6ndag. Det har jag bett om eftersom vi ska ha v\u00e5r sista lilla musikgudstj\u00e4nst i kv\u00e4ll (L\u00e5stad kyrka klockan 19) och det \u00e4r en del att st\u00e5 i med det. Det blev tre s\u00e5na den h\u00e4r sommaren och [&hellip;]\" \/>\n<meta property=\"og:url\" content=\"https:\/\/blogg.svenskakyrkan.se\/vandravagen\/2015\/08\/09\/8-blandade-tankar-pa-sondagen-8\/\" \/>\n<meta property=\"og:site_name\" content=\"Vandra V\u00e4gen\" \/>\n<meta property=\"article:publisher\" content=\"http:\/\/facebook.com\/vandravagen\" \/>\n<meta property=\"article:published_time\" content=\"2015-08-09T06:22:45+00:00\" \/>\n<meta property=\"og:image\" content=\"http:\/\/blogg.svenskakyrkan.se\/vandravagen\/files\/2015\/08\/bild-49.jpg\" \/>\n<meta name=\"author\" content=\"Tomas Jarvid\" \/>\n<meta name=\"twitter:card\" content=\"summary_large_image\" \/>\n<meta name=\"twitter:creator\" content=\"@fadertomas\" \/>\n<meta name=\"twitter:site\" content=\"@fadertomas\" \/>\n<meta name=\"twitter:label1\" content=\"Skriven av\" \/>\n\t<meta name=\"twitter:data1\" content=\"Tomas Jarvid\" \/>\n\t<meta name=\"twitter:label2\" content=\"Ber\u00e4knad l\u00e4stid\" \/>\n\t<meta name=\"twitter:data2\" content=\"2 minuter\" \/>\n<script type=\"application\/ld+json\" class=\"yoast-schema-graph\">{\"@context\":\"https:\/\/schema.org\",\"@graph\":[{\"@type\":\"Article\",\"@id\":\"https:\/\/blogg.svenskakyrkan.se\/vandravagen\/2015\/08\/09\/8-blandade-tankar-pa-sondagen-8\/#article\",\"isPartOf\":{\"@id\":\"https:\/\/blogg.svenskakyrkan.se\/vandravagen\/2015\/08\/09\/8-blandade-tankar-pa-sondagen-8\/\"},\"author\":{\"name\":\"Tomas Jarvid\",\"@id\":\"https:\/\/blogg.svenskakyrkan.se\/vandravagen\/#\/schema\/person\/25da02d4f76b137d04291711e2c9fc16\"},\"headline\":\"8 blandade tankar p\u00e5 s\u00f6ndagen\",\"datePublished\":\"2015-08-09T06:22:45+00:00\",\"mainEntityOfPage\":{\"@id\":\"https:\/\/blogg.svenskakyrkan.se\/vandravagen\/2015\/08\/09\/8-blandade-tankar-pa-sondagen-8\/\"},\"wordCount\":484,\"commentCount\":4,\"publisher\":{\"@id\":\"https:\/\/blogg.svenskakyrkan.se\/vandravagen\/#organization\"},\"image\":{\"@id\":\"https:\/\/blogg.svenskakyrkan.se\/vandravagen\/2015\/08\/09\/8-blandade-tankar-pa-sondagen-8\/#primaryimage\"},\"thumbnailUrl\":\"http:\/\/blogg.svenskakyrkan.se\/vandravagen\/files\/2015\/08\/bild-49.jpg\",\"articleSection\":[\"blandat\",\"Dagens Kyrka\"],\"inLanguage\":\"sv-SE\",\"potentialAction\":[{\"@type\":\"CommentAction\",\"name\":\"Comment\",\"target\":[\"https:\/\/blogg.svenskakyrkan.se\/vandravagen\/2015\/08\/09\/8-blandade-tankar-pa-sondagen-8\/#respond\"]}]},{\"@type\":\"WebPage\",\"@id\":\"https:\/\/blogg.svenskakyrkan.se\/vandravagen\/2015\/08\/09\/8-blandade-tankar-pa-sondagen-8\/\",\"url\":\"https:\/\/blogg.svenskakyrkan.se\/vandravagen\/2015\/08\/09\/8-blandade-tankar-pa-sondagen-8\/\",\"name\":\"8 blandade tankar p\u00e5 s\u00f6ndagen - Vandra V\u00e4gen\",\"isPartOf\":{\"@id\":\"https:\/\/blogg.svenskakyrkan.se\/vandravagen\/#website\"},\"primaryImageOfPage\":{\"@id\":\"https:\/\/blogg.svenskakyrkan.se\/vandravagen\/2015\/08\/09\/8-blandade-tankar-pa-sondagen-8\/#primaryimage\"},\"image\":{\"@id\":\"https:\/\/blogg.svenskakyrkan.se\/vandravagen\/2015\/08\/09\/8-blandade-tankar-pa-sondagen-8\/#primaryimage\"},\"thumbnailUrl\":\"http:\/\/blogg.svenskakyrkan.se\/vandravagen\/files\/2015\/08\/bild-49.jpg\",\"datePublished\":\"2015-08-09T06:22:45+00:00\",\"breadcrumb\":{\"@id\":\"https:\/\/blogg.svenskakyrkan.se\/vandravagen\/2015\/08\/09\/8-blandade-tankar-pa-sondagen-8\/#breadcrumb\"},\"inLanguage\":\"sv-SE\",\"potentialAction\":[{\"@type\":\"ReadAction\",\"target\":[\"https:\/\/blogg.svenskakyrkan.se\/vandravagen\/2015\/08\/09\/8-blandade-tankar-pa-sondagen-8\/\"]}]},{\"@type\":\"ImageObject\",\"inLanguage\":\"sv-SE\",\"@id\":\"https:\/\/blogg.svenskakyrkan.se\/vandravagen\/2015\/08\/09\/8-blandade-tankar-pa-sondagen-8\/#primaryimage\",\"url\":\"http:\/\/blogg.svenskakyrkan.se\/vandravagen\/files\/2015\/08\/bild-49.jpg\",\"contentUrl\":\"http:\/\/blogg.svenskakyrkan.se\/vandravagen\/files\/2015\/08\/bild-49.jpg\"},{\"@type\":\"BreadcrumbList\",\"@id\":\"https:\/\/blogg.svenskakyrkan.se\/vandravagen\/2015\/08\/09\/8-blandade-tankar-pa-sondagen-8\/#breadcrumb\",\"itemListElement\":[{\"@type\":\"ListItem\",\"position\":1,\"name\":\"Hem\",\"item\":\"https:\/\/blogg.svenskakyrkan.se\/vandravagen\/\"},{\"@type\":\"ListItem\",\"position\":2,\"name\":\"8 blandade tankar p\u00e5 s\u00f6ndagen\"}]},{\"@type\":\"WebSite\",\"@id\":\"https:\/\/blogg.svenskakyrkan.se\/vandravagen\/#website\",\"url\":\"https:\/\/blogg.svenskakyrkan.se\/vandravagen\/\",\"name\":\"Vandra V\u00e4gen\",\"description\":\"-Mot en tro f\u00f6r hela livet\",\"publisher\":{\"@id\":\"https:\/\/blogg.svenskakyrkan.se\/vandravagen\/#organization\"},\"potentialAction\":[{\"@type\":\"SearchAction\",\"target\":{\"@type\":\"EntryPoint\",\"urlTemplate\":\"https:\/\/blogg.svenskakyrkan.se\/vandravagen\/?s={search_term_string}\"},\"query-input\":{\"@type\":\"PropertyValueSpecification\",\"valueRequired\":true,\"valueName\":\"search_term_string\"}}],\"inLanguage\":\"sv-SE\"},{\"@type\":\"Organization\",\"@id\":\"https:\/\/blogg.svenskakyrkan.se\/vandravagen\/#organization\",\"name\":\"ulricehamns pastorat\",\"alternateName\":\"ulricehamns pastorat\",\"url\":\"https:\/\/blogg.svenskakyrkan.se\/vandravagen\/\",\"logo\":{\"@type\":\"ImageObject\",\"inLanguage\":\"sv-SE\",\"@id\":\"https:\/\/blogg.svenskakyrkan.se\/vandravagen\/#\/schema\/logo\/image\/\",\"url\":\"https:\/\/blogg.svenskakyrkan.se\/vandravagen\/files\/2023\/05\/Ulr_logo_RGB.png\",\"contentUrl\":\"https:\/\/blogg.svenskakyrkan.se\/vandravagen\/files\/2023\/05\/Ulr_logo_RGB.png\",\"width\":205,\"height\":77,\"caption\":\"ulricehamns pastorat\"},\"image\":{\"@id\":\"https:\/\/blogg.svenskakyrkan.se\/vandravagen\/#\/schema\/logo\/image\/\"},\"sameAs\":[\"http:\/\/facebook.com\/vandravagen\",\"https:\/\/x.com\/fadertomas\",\"http:\/\/www.facebook.com\/svenskakyrkaniulricehamn\"]},{\"@type\":\"Person\",\"@id\":\"https:\/\/blogg.svenskakyrkan.se\/vandravagen\/#\/schema\/person\/25da02d4f76b137d04291711e2c9fc16\",\"name\":\"Tomas Jarvid\",\"image\":{\"@type\":\"ImageObject\",\"inLanguage\":\"sv-SE\",\"@id\":\"https:\/\/blogg.svenskakyrkan.se\/vandravagen\/#\/schema\/person\/image\/\",\"url\":\"https:\/\/secure.gravatar.com\/avatar\/7fa71899795e8f540f615a1f5ab25255dc27aa40f05ee7ddd21aac521e01bf50?s=96&d=identicon&r=g\",\"contentUrl\":\"https:\/\/secure.gravatar.com\/avatar\/7fa71899795e8f540f615a1f5ab25255dc27aa40f05ee7ddd21aac521e01bf50?s=96&d=identicon&r=g\",\"caption\":\"Tomas Jarvid\"},\"description\":\"Jag bor i Ulricehamn i V\u00e4sterg\u00f6tland och \u00e4r f\u00f6rsamlingspr\u00e4st i Svenska Kyrkan f\u00f6r Dalstorps f\u00f6rsamling i Kinds pastorat. P\u00e5 den h\u00e4r bloggen skriver jag ner tankar om vandringen som kristen.\",\"sameAs\":[\"http:\/\/www.vandravagen.se\"],\"url\":\"https:\/\/blogg.svenskakyrkan.se\/vandravagen\/author\/vandravagen\/\"}]}<\/script>\n<!-- \/ Yoast SEO plugin. -->","yoast_head_json":{"title":"8 blandade tankar p\u00e5 s\u00f6ndagen - Vandra V\u00e4gen","robots":{"index":"index","follow":"follow","max-snippet":"max-snippet:-1","max-image-preview":"max-image-preview:large","max-video-preview":"max-video-preview:-1"},"canonical":"https:\/\/blogg.svenskakyrkan.se\/vandravagen\/2015\/08\/09\/8-blandade-tankar-pa-sondagen-8\/","og_locale":"sv_SE","og_type":"article","og_title":"8 blandade tankar p\u00e5 s\u00f6ndagen - Vandra V\u00e4gen","og_description":"Nu har jag visserligen b\u00f6rjat p\u00e5 min nya tj\u00e4nst i Dalstorp men det \u00e4r \u00e4nd\u00e5 en ledig s\u00f6ndag. Det har jag bett om eftersom vi ska ha v\u00e5r sista lilla musikgudstj\u00e4nst i kv\u00e4ll (L\u00e5stad kyrka klockan 19) och det \u00e4r en del att st\u00e5 i med det. Det blev tre s\u00e5na den h\u00e4r sommaren och [&hellip;]","og_url":"https:\/\/blogg.svenskakyrkan.se\/vandravagen\/2015\/08\/09\/8-blandade-tankar-pa-sondagen-8\/","og_site_name":"Vandra V\u00e4gen","article_publisher":"http:\/\/facebook.com\/vandravagen","article_published_time":"2015-08-09T06:22:45+00:00","og_image":[{"url":"http:\/\/blogg.svenskakyrkan.se\/vandravagen\/files\/2015\/08\/bild-49.jpg","type":"","width":"","height":""}],"author":"Tomas Jarvid","twitter_card":"summary_large_image","twitter_creator":"@fadertomas","twitter_site":"@fadertomas","twitter_misc":{"Skriven av":"Tomas Jarvid","Ber\u00e4knad l\u00e4stid":"2 minuter"},"schema":{"@context":"https:\/\/schema.org","@graph":[{"@type":"Article","@id":"https:\/\/blogg.svenskakyrkan.se\/vandravagen\/2015\/08\/09\/8-blandade-tankar-pa-sondagen-8\/#article","isPartOf":{"@id":"https:\/\/blogg.svenskakyrkan.se\/vandravagen\/2015\/08\/09\/8-blandade-tankar-pa-sondagen-8\/"},"author":{"name":"Tomas Jarvid","@id":"https:\/\/blogg.svenskakyrkan.se\/vandravagen\/#\/schema\/person\/25da02d4f76b137d04291711e2c9fc16"},"headline":"8 blandade tankar p\u00e5 s\u00f6ndagen","datePublished":"2015-08-09T06:22:45+00:00","mainEntityOfPage":{"@id":"https:\/\/blogg.svenskakyrkan.se\/vandravagen\/2015\/08\/09\/8-blandade-tankar-pa-sondagen-8\/"},"wordCount":484,"commentCount":4,"publisher":{"@id":"https:\/\/blogg.svenskakyrkan.se\/vandravagen\/#organization"},"image":{"@id":"https:\/\/blogg.svenskakyrkan.se\/vandravagen\/2015\/08\/09\/8-blandade-tankar-pa-sondagen-8\/#primaryimage"},"thumbnailUrl":"http:\/\/blogg.svenskakyrkan.se\/vandravagen\/files\/2015\/08\/bild-49.jpg","articleSection":["blandat","Dagens Kyrka"],"inLanguage":"sv-SE","potentialAction":[{"@type":"CommentAction","name":"Comment","target":["https:\/\/blogg.svenskakyrkan.se\/vandravagen\/2015\/08\/09\/8-blandade-tankar-pa-sondagen-8\/#respond"]}]},{"@type":"WebPage","@id":"https:\/\/blogg.svenskakyrkan.se\/vandravagen\/2015\/08\/09\/8-blandade-tankar-pa-sondagen-8\/","url":"https:\/\/blogg.svenskakyrkan.se\/vandravagen\/2015\/08\/09\/8-blandade-tankar-pa-sondagen-8\/","name":"8 blandade tankar p\u00e5 s\u00f6ndagen - Vandra V\u00e4gen","isPartOf":{"@id":"https:\/\/blogg.svenskakyrkan.se\/vandravagen\/#website"},"primaryImageOfPage":{"@id":"https:\/\/blogg.svenskakyrkan.se\/vandravagen\/2015\/08\/09\/8-blandade-tankar-pa-sondagen-8\/#primaryimage"},"image":{"@id":"https:\/\/blogg.svenskakyrkan.se\/vandravagen\/2015\/08\/09\/8-blandade-tankar-pa-sondagen-8\/#primaryimage"},"thumbnailUrl":"http:\/\/blogg.svenskakyrkan.se\/vandravagen\/files\/2015\/08\/bild-49.jpg","datePublished":"2015-08-09T06:22:45+00:00","breadcrumb":{"@id":"https:\/\/blogg.svenskakyrkan.se\/vandravagen\/2015\/08\/09\/8-blandade-tankar-pa-sondagen-8\/#breadcrumb"},"inLanguage":"sv-SE","potentialAction":[{"@type":"ReadAction","target":["https:\/\/blogg.svenskakyrkan.se\/vandravagen\/2015\/08\/09\/8-blandade-tankar-pa-sondagen-8\/"]}]},{"@type":"ImageObject","inLanguage":"sv-SE","@id":"https:\/\/blogg.svenskakyrkan.se\/vandravagen\/2015\/08\/09\/8-blandade-tankar-pa-sondagen-8\/#primaryimage","url":"http:\/\/blogg.svenskakyrkan.se\/vandravagen\/files\/2015\/08\/bild-49.jpg","contentUrl":"http:\/\/blogg.svenskakyrkan.se\/vandravagen\/files\/2015\/08\/bild-49.jpg"},{"@type":"BreadcrumbList","@id":"https:\/\/blogg.svenskakyrkan.se\/vandravagen\/2015\/08\/09\/8-blandade-tankar-pa-sondagen-8\/#breadcrumb","itemListElement":[{"@type":"ListItem","position":1,"name":"Hem","item":"https:\/\/blogg.svenskakyrkan.se\/vandravagen\/"},{"@type":"ListItem","position":2,"name":"8 blandade tankar p\u00e5 s\u00f6ndagen"}]},{"@type":"WebSite","@id":"https:\/\/blogg.svenskakyrkan.se\/vandravagen\/#website","url":"https:\/\/blogg.svenskakyrkan.se\/vandravagen\/","name":"Vandra V\u00e4gen","description":"-Mot en tro f\u00f6r hela livet","publisher":{"@id":"https:\/\/blogg.svenskakyrkan.se\/vandravagen\/#organization"},"potentialAction":[{"@type":"SearchAction","target":{"@type":"EntryPoint","urlTemplate":"https:\/\/blogg.svenskakyrkan.se\/vandravagen\/?s={search_term_string}"},"query-input":{"@type":"PropertyValueSpecification","valueRequired":true,"valueName":"search_term_string"}}],"inLanguage":"sv-SE"},{"@type":"Organization","@id":"https:\/\/blogg.svenskakyrkan.se\/vandravagen\/#organization","name":"ulricehamns pastorat","alternateName":"ulricehamns pastorat","url":"https:\/\/blogg.svenskakyrkan.se\/vandravagen\/","logo":{"@type":"ImageObject","inLanguage":"sv-SE","@id":"https:\/\/blogg.svenskakyrkan.se\/vandravagen\/#\/schema\/logo\/image\/","url":"https:\/\/blogg.svenskakyrkan.se\/vandravagen\/files\/2023\/05\/Ulr_logo_RGB.png","contentUrl":"https:\/\/blogg.svenskakyrkan.se\/vandravagen\/files\/2023\/05\/Ulr_logo_RGB.png","width":205,"height":77,"caption":"ulricehamns pastorat"},"image":{"@id":"https:\/\/blogg.svenskakyrkan.se\/vandravagen\/#\/schema\/logo\/image\/"},"sameAs":["http:\/\/facebook.com\/vandravagen","https:\/\/x.com\/fadertomas","http:\/\/www.facebook.com\/svenskakyrkaniulricehamn"]},{"@type":"Person","@id":"https:\/\/blogg.svenskakyrkan.se\/vandravagen\/#\/schema\/person\/25da02d4f76b137d04291711e2c9fc16","name":"Tomas Jarvid","image":{"@type":"ImageObject","inLanguage":"sv-SE","@id":"https:\/\/blogg.svenskakyrkan.se\/vandravagen\/#\/schema\/person\/image\/","url":"https:\/\/secure.gravatar.com\/avatar\/7fa71899795e8f540f615a1f5ab25255dc27aa40f05ee7ddd21aac521e01bf50?s=96&d=identicon&r=g","contentUrl":"https:\/\/secure.gravatar.com\/avatar\/7fa71899795e8f540f615a1f5ab25255dc27aa40f05ee7ddd21aac521e01bf50?s=96&d=identicon&r=g","caption":"Tomas Jarvid"},"description":"Jag bor i Ulricehamn i V\u00e4sterg\u00f6tland och \u00e4r f\u00f6rsamlingspr\u00e4st i Svenska Kyrkan f\u00f6r Dalstorps f\u00f6rsamling i Kinds pastorat. P\u00e5 den h\u00e4r bloggen skriver jag ner tankar om vandringen som kristen.","sameAs":["http:\/\/www.vandravagen.se"],"url":"https:\/\/blogg.svenskakyrkan.se\/vandravagen\/author\/vandravagen\/"}]}},"author_meta":{"ID":"392","user_nicename":"vandravagen","user_url":"http:\/\/www.vandravagen.se","user_registered":"2014-05-19 05:44:52","display_name":"Tomas Jarvid","first_name":"Tomas","last_name":"Jarvid","avatar":"https:\/\/secure.gravatar.com\/avatar\/7fa71899795e8f540f615a1f5ab25255dc27aa40f05ee7ddd21aac521e01bf50?s=96&d=identicon&r=g"},"featured_image":false,"bloginfo":{"name":"Vandra V\u00e4gen","url":"https:\/\/blogg.svenskakyrkan.se\/vandravagen"},"_links":{"self":[{"href":"https:\/\/blogg.svenskakyrkan.se\/vandravagen\/wp-json\/wp\/v2\/posts\/3449","targetHints":{"allow":["GET"]}}],"collection":[{"href":"https:\/\/blogg.svenskakyrkan.se\/vandravagen\/wp-json\/wp\/v2\/posts"}],"about":[{"href":"https:\/\/blogg.svenskakyrkan.se\/vandravagen\/wp-json\/wp\/v2\/types\/post"}],"author":[{"embeddable":true,"href":"https:\/\/blogg.svenskakyrkan.se\/vandravagen\/wp-json\/wp\/v2\/users\/392"}],"replies":[{"embeddable":true,"href":"https:\/\/blogg.svenskakyrkan.se\/vandravagen\/wp-json\/wp\/v2\/comments?post=3449"}],"version-history":[{"count":1,"href":"https:\/\/blogg.svenskakyrkan.se\/vandravagen\/wp-json\/wp\/v2\/posts\/3449\/revisions"}],"predecessor-version":[{"id":3451,"href":"https:\/\/blogg.svenskakyrkan.se\/vandravagen\/wp-json\/wp\/v2\/posts\/3449\/revisions\/3451"}],"wp:attachment":[{"href":"https:\/\/blogg.svenskakyrkan.se\/vandravagen\/wp-json\/wp\/v2\/media?parent=3449"}],"wp:term":[{"taxonomy":"category","embeddable":true,"href":"https:\/\/blogg.svenskakyrkan.se\/vandravagen\/wp-json\/wp\/v2\/categories?post=3449"},{"taxonomy":"post_tag","embeddable":true,"href":"https:\/\/blogg.svenskakyrkan.se\/vandravagen\/wp-json\/wp\/v2\/tags?post=3449"}],"curies":[{"name":"wp","href":"https:\/\/api.w.org\/{rel}","templated":true}]}}