{"id":3452,"date":"2015-08-10T07:00:22","date_gmt":"2015-08-10T05:00:22","guid":{"rendered":"http:\/\/blogg.svenskakyrkan.se\/vandravagen\/?p=3452"},"modified":"2015-08-09T23:11:11","modified_gmt":"2015-08-09T21:11:11","slug":"finns-det-villkorslos-karlek","status":"publish","type":"post","link":"https:\/\/blogg.svenskakyrkan.se\/vandravagen\/2015\/08\/10\/finns-det-villkorslos-karlek\/","title":{"rendered":"Finns det villkorsl\u00f6s k\u00e4rlek?"},"content":{"rendered":"<div id=\"attachment_3453\" style=\"width: 546px\" class=\"wp-caption aligncenter\"><a href=\"http:\/\/blogg.svenskakyrkan.se\/vandravagen\/files\/2015\/08\/bild-50.jpg\"><img loading=\"lazy\" decoding=\"async\" aria-describedby=\"caption-attachment-3453\" class=\"size-full wp-image-3453\" src=\"http:\/\/blogg.svenskakyrkan.se\/vandravagen\/files\/2015\/08\/bild-50.jpg\" alt=\"H\u00e5rda villkor f\u00f6r k\u00e4rleken?\" width=\"536\" height=\"495\" srcset=\"https:\/\/blogg.svenskakyrkan.se\/vandravagen\/files\/2015\/08\/bild-50.jpg 536w, https:\/\/blogg.svenskakyrkan.se\/vandravagen\/files\/2015\/08\/bild-50-300x277.jpg 300w, https:\/\/blogg.svenskakyrkan.se\/vandravagen\/files\/2015\/08\/bild-50-325x300.jpg 325w\" sizes=\"auto, (max-width: 536px) 100vw, 536px\" \/><\/a><p id=\"caption-attachment-3453\" class=\"wp-caption-text\">H\u00e5rda villkor f\u00f6r k\u00e4rleken?<\/p><\/div>\n<p>Jag l\u00e4ser just nu en v\u00e4ldigt intressant bok om olika aspekter kring detta med k\u00e4rlek (som ju \u00e4r ett stort \u00e4mne helt klart). Jag \u00e5terkommer nog om hela boken en dag men idag vill jag skriva om n\u00e5got jag tycker \u00e4r t\u00e4nkv\u00e4rt f\u00f6r alla och f\u00f6r kristna inte minst.<\/p>\n<p>F\u00f6rfattaren menade att fr\u00e5gan i min rubrik, &#8221;finns det villkorsl\u00f6s\u00a0k\u00e4rlek&#8221;, \u00e4r felst\u00e4lld. Vi \u00e4r enligt honom alltf\u00f6r snabba att dela in k\u00e4rlek i s\u00e5dan med sj\u00e4lviska motiv bakom och mer &#8221;\u00e4del&#8221; och sj\u00e4lvuppoffrande, villkorsl\u00f6s k\u00e4rlek. Men funkar k\u00e4rlek s\u00e5?<\/p>\n<p>Svaret \u00e4r nog att det inte \u00e4r &#8221;<b>sj\u00e4lviskheten<\/b>&#8221; som \u00e4r den avg\u00f6rande punkten egentligen. I praktiken finns vi nog alla mer eller mindre mitt p\u00e5 den skalan. Det som d\u00e4remot verkligen kr\u00e4vs f\u00f6r en k\u00e4rleksrelation (och kanske i n\u00e5gon m\u00e5n andra sorters relationer) \u00e4r <b>\u00f6msesidighet<\/b>. Annars \u00e4r risken att fokus flyttar fr\u00e5n sj\u00e4lva relationen till att bara handla om personerna i den.<\/p>\n<p>F\u00f6r den som \u00e4lskar n\u00e5gon ing\u00e5r det som en viktig del att man l\u00e4ngtar efter gensvar. <b>Vi vill bli \u00e4lskade av den vi \u00e4lskar<\/b>, Det vi vill &#8221;ha tillbaka&#8221; i en k\u00e4rleksrelation \u00e4r egentligen inte r\u00e4ttvist f\u00f6rdelade gentj\u00e4nster utan engagemang, att vara viktiga f\u00f6r den andre.<\/p>\n<p>Om det \u00e4r s\u00e5 h\u00e4r med Gud s\u00e5 inneb\u00e4r det att <b>Guds k\u00e4rlek<\/b> till oss (bland annat typ) yttrar sig som en <b>l\u00e4ngtan efter att bli \u00e4lskad tillbaka<\/b>. Det \u00e4r inte egentligen att betraktas som sj\u00e4lviskt utan som ett uttryck f\u00f6r vad k\u00e4rlek \u00e4r; ett starkt \u00f6msesidigt band.<\/p>\n<p>Svaret p\u00e5 fr\u00e5gan om det finns villkorsl\u00f6s k\u00e4rlek borde allts\u00e5 vara att det det ligger i k\u00e4rlekens natur att vilja uppr\u00e4tta en relation med den man \u00e4lskar.<\/p>\n<p>Jag vet inte om du kanske tycker det h\u00e4r var sj\u00e4lvklarheter? Sj\u00e4lv har jag i alla fall f\u00e5tt mig n\u00e5gra tankest\u00e4llare. Skriv en kommentar med dina tankar kring k\u00e4rleken!<\/p>\n","protected":false},"excerpt":{"rendered":"<p>Jag l\u00e4ser just nu en v\u00e4ldigt intressant bok om olika aspekter kring detta med k\u00e4rlek (som ju \u00e4r ett stort \u00e4mne helt klart). Jag \u00e5terkommer nog om hela boken en dag men idag vill jag skriva om n\u00e5got jag tycker \u00e4r t\u00e4nkv\u00e4rt f\u00f6r alla och f\u00f6r kristna inte minst. F\u00f6rfattaren menade att fr\u00e5gan i min [&hellip;]<\/p>\n","protected":false},"author":392,"featured_media":0,"comment_status":"open","ping_status":"open","sticky":false,"template":"","format":"standard","meta":{"_acf_changed":false,"footnotes":""},"categories":[76189,77164,8345,117,77554],"tags":[],"class_list":["post-3452","post","type-post","status-publish","format-standard","hentry","category-dagens-kyrka","category-man-och-kvinna","category-relationer","category-teologi","category-vara-manniska"],"acf":[],"yoast_head":"<!-- This site is optimized with the Yoast SEO plugin v27.1.1 - https:\/\/yoast.com\/product\/yoast-seo-wordpress\/ -->\n<title>Finns det villkorsl\u00f6s k\u00e4rlek? - Vandra V\u00e4gen<\/title>\n<meta name=\"robots\" content=\"index, follow, max-snippet:-1, max-image-preview:large, max-video-preview:-1\" \/>\n<link rel=\"canonical\" href=\"https:\/\/blogg.svenskakyrkan.se\/vandravagen\/2015\/08\/10\/finns-det-villkorslos-karlek\/\" \/>\n<meta property=\"og:locale\" content=\"sv_SE\" \/>\n<meta property=\"og:type\" content=\"article\" \/>\n<meta property=\"og:title\" content=\"Finns det villkorsl\u00f6s k\u00e4rlek? - Vandra V\u00e4gen\" \/>\n<meta property=\"og:description\" content=\"Jag l\u00e4ser just nu en v\u00e4ldigt intressant bok om olika aspekter kring detta med k\u00e4rlek (som ju \u00e4r ett stort \u00e4mne helt klart). Jag \u00e5terkommer nog om hela boken en dag men idag vill jag skriva om n\u00e5got jag tycker \u00e4r t\u00e4nkv\u00e4rt f\u00f6r alla och f\u00f6r kristna inte minst. F\u00f6rfattaren menade att fr\u00e5gan i min [&hellip;]\" \/>\n<meta property=\"og:url\" content=\"https:\/\/blogg.svenskakyrkan.se\/vandravagen\/2015\/08\/10\/finns-det-villkorslos-karlek\/\" \/>\n<meta property=\"og:site_name\" content=\"Vandra V\u00e4gen\" \/>\n<meta property=\"article:publisher\" content=\"http:\/\/facebook.com\/vandravagen\" \/>\n<meta property=\"article:published_time\" content=\"2015-08-10T05:00:22+00:00\" \/>\n<meta property=\"og:image\" content=\"http:\/\/blogg.svenskakyrkan.se\/vandravagen\/files\/2015\/08\/bild-50.jpg\" \/>\n<meta name=\"author\" content=\"Tomas Jarvid\" \/>\n<meta name=\"twitter:card\" content=\"summary_large_image\" \/>\n<meta name=\"twitter:creator\" content=\"@fadertomas\" \/>\n<meta name=\"twitter:site\" content=\"@fadertomas\" \/>\n<meta name=\"twitter:label1\" content=\"Skriven av\" \/>\n\t<meta name=\"twitter:data1\" content=\"Tomas Jarvid\" \/>\n\t<meta name=\"twitter:label2\" content=\"Ber\u00e4knad l\u00e4stid\" \/>\n\t<meta name=\"twitter:data2\" content=\"2 minuter\" \/>\n<script type=\"application\/ld+json\" class=\"yoast-schema-graph\">{\"@context\":\"https:\/\/schema.org\",\"@graph\":[{\"@type\":\"Article\",\"@id\":\"https:\/\/blogg.svenskakyrkan.se\/vandravagen\/2015\/08\/10\/finns-det-villkorslos-karlek\/#article\",\"isPartOf\":{\"@id\":\"https:\/\/blogg.svenskakyrkan.se\/vandravagen\/2015\/08\/10\/finns-det-villkorslos-karlek\/\"},\"author\":{\"name\":\"Tomas Jarvid\",\"@id\":\"https:\/\/blogg.svenskakyrkan.se\/vandravagen\/#\/schema\/person\/25da02d4f76b137d04291711e2c9fc16\"},\"headline\":\"Finns det villkorsl\u00f6s k\u00e4rlek?\",\"datePublished\":\"2015-08-10T05:00:22+00:00\",\"mainEntityOfPage\":{\"@id\":\"https:\/\/blogg.svenskakyrkan.se\/vandravagen\/2015\/08\/10\/finns-det-villkorslos-karlek\/\"},\"wordCount\":380,\"commentCount\":6,\"publisher\":{\"@id\":\"https:\/\/blogg.svenskakyrkan.se\/vandravagen\/#organization\"},\"image\":{\"@id\":\"https:\/\/blogg.svenskakyrkan.se\/vandravagen\/2015\/08\/10\/finns-det-villkorslos-karlek\/#primaryimage\"},\"thumbnailUrl\":\"http:\/\/blogg.svenskakyrkan.se\/vandravagen\/files\/2015\/08\/bild-50.jpg\",\"articleSection\":[\"Dagens Kyrka\",\"man och kvinna\",\"relationer\",\"Teologi\",\"vara m\u00e4nniska\"],\"inLanguage\":\"sv-SE\",\"potentialAction\":[{\"@type\":\"CommentAction\",\"name\":\"Comment\",\"target\":[\"https:\/\/blogg.svenskakyrkan.se\/vandravagen\/2015\/08\/10\/finns-det-villkorslos-karlek\/#respond\"]}]},{\"@type\":\"WebPage\",\"@id\":\"https:\/\/blogg.svenskakyrkan.se\/vandravagen\/2015\/08\/10\/finns-det-villkorslos-karlek\/\",\"url\":\"https:\/\/blogg.svenskakyrkan.se\/vandravagen\/2015\/08\/10\/finns-det-villkorslos-karlek\/\",\"name\":\"Finns det villkorsl\u00f6s k\u00e4rlek? - Vandra V\u00e4gen\",\"isPartOf\":{\"@id\":\"https:\/\/blogg.svenskakyrkan.se\/vandravagen\/#website\"},\"primaryImageOfPage\":{\"@id\":\"https:\/\/blogg.svenskakyrkan.se\/vandravagen\/2015\/08\/10\/finns-det-villkorslos-karlek\/#primaryimage\"},\"image\":{\"@id\":\"https:\/\/blogg.svenskakyrkan.se\/vandravagen\/2015\/08\/10\/finns-det-villkorslos-karlek\/#primaryimage\"},\"thumbnailUrl\":\"http:\/\/blogg.svenskakyrkan.se\/vandravagen\/files\/2015\/08\/bild-50.jpg\",\"datePublished\":\"2015-08-10T05:00:22+00:00\",\"breadcrumb\":{\"@id\":\"https:\/\/blogg.svenskakyrkan.se\/vandravagen\/2015\/08\/10\/finns-det-villkorslos-karlek\/#breadcrumb\"},\"inLanguage\":\"sv-SE\",\"potentialAction\":[{\"@type\":\"ReadAction\",\"target\":[\"https:\/\/blogg.svenskakyrkan.se\/vandravagen\/2015\/08\/10\/finns-det-villkorslos-karlek\/\"]}]},{\"@type\":\"ImageObject\",\"inLanguage\":\"sv-SE\",\"@id\":\"https:\/\/blogg.svenskakyrkan.se\/vandravagen\/2015\/08\/10\/finns-det-villkorslos-karlek\/#primaryimage\",\"url\":\"http:\/\/blogg.svenskakyrkan.se\/vandravagen\/files\/2015\/08\/bild-50.jpg\",\"contentUrl\":\"http:\/\/blogg.svenskakyrkan.se\/vandravagen\/files\/2015\/08\/bild-50.jpg\"},{\"@type\":\"BreadcrumbList\",\"@id\":\"https:\/\/blogg.svenskakyrkan.se\/vandravagen\/2015\/08\/10\/finns-det-villkorslos-karlek\/#breadcrumb\",\"itemListElement\":[{\"@type\":\"ListItem\",\"position\":1,\"name\":\"Hem\",\"item\":\"https:\/\/blogg.svenskakyrkan.se\/vandravagen\/\"},{\"@type\":\"ListItem\",\"position\":2,\"name\":\"Finns det villkorsl\u00f6s k\u00e4rlek?\"}]},{\"@type\":\"WebSite\",\"@id\":\"https:\/\/blogg.svenskakyrkan.se\/vandravagen\/#website\",\"url\":\"https:\/\/blogg.svenskakyrkan.se\/vandravagen\/\",\"name\":\"Vandra V\u00e4gen\",\"description\":\"-Mot en tro f\u00f6r hela livet\",\"publisher\":{\"@id\":\"https:\/\/blogg.svenskakyrkan.se\/vandravagen\/#organization\"},\"potentialAction\":[{\"@type\":\"SearchAction\",\"target\":{\"@type\":\"EntryPoint\",\"urlTemplate\":\"https:\/\/blogg.svenskakyrkan.se\/vandravagen\/?s={search_term_string}\"},\"query-input\":{\"@type\":\"PropertyValueSpecification\",\"valueRequired\":true,\"valueName\":\"search_term_string\"}}],\"inLanguage\":\"sv-SE\"},{\"@type\":\"Organization\",\"@id\":\"https:\/\/blogg.svenskakyrkan.se\/vandravagen\/#organization\",\"name\":\"ulricehamns pastorat\",\"alternateName\":\"ulricehamns pastorat\",\"url\":\"https:\/\/blogg.svenskakyrkan.se\/vandravagen\/\",\"logo\":{\"@type\":\"ImageObject\",\"inLanguage\":\"sv-SE\",\"@id\":\"https:\/\/blogg.svenskakyrkan.se\/vandravagen\/#\/schema\/logo\/image\/\",\"url\":\"https:\/\/blogg.svenskakyrkan.se\/vandravagen\/files\/2023\/05\/Ulr_logo_RGB.png\",\"contentUrl\":\"https:\/\/blogg.svenskakyrkan.se\/vandravagen\/files\/2023\/05\/Ulr_logo_RGB.png\",\"width\":205,\"height\":77,\"caption\":\"ulricehamns pastorat\"},\"image\":{\"@id\":\"https:\/\/blogg.svenskakyrkan.se\/vandravagen\/#\/schema\/logo\/image\/\"},\"sameAs\":[\"http:\/\/facebook.com\/vandravagen\",\"https:\/\/x.com\/fadertomas\",\"http:\/\/www.facebook.com\/svenskakyrkaniulricehamn\"]},{\"@type\":\"Person\",\"@id\":\"https:\/\/blogg.svenskakyrkan.se\/vandravagen\/#\/schema\/person\/25da02d4f76b137d04291711e2c9fc16\",\"name\":\"Tomas Jarvid\",\"image\":{\"@type\":\"ImageObject\",\"inLanguage\":\"sv-SE\",\"@id\":\"https:\/\/blogg.svenskakyrkan.se\/vandravagen\/#\/schema\/person\/image\/\",\"url\":\"https:\/\/secure.gravatar.com\/avatar\/7fa71899795e8f540f615a1f5ab25255dc27aa40f05ee7ddd21aac521e01bf50?s=96&d=identicon&r=g\",\"contentUrl\":\"https:\/\/secure.gravatar.com\/avatar\/7fa71899795e8f540f615a1f5ab25255dc27aa40f05ee7ddd21aac521e01bf50?s=96&d=identicon&r=g\",\"caption\":\"Tomas Jarvid\"},\"description\":\"Jag bor i Ulricehamn i V\u00e4sterg\u00f6tland och \u00e4r f\u00f6rsamlingspr\u00e4st i Svenska Kyrkan f\u00f6r Dalstorps f\u00f6rsamling i Kinds pastorat. P\u00e5 den h\u00e4r bloggen skriver jag ner tankar om vandringen som kristen.\",\"sameAs\":[\"http:\/\/www.vandravagen.se\"],\"url\":\"https:\/\/blogg.svenskakyrkan.se\/vandravagen\/author\/vandravagen\/\"}]}<\/script>\n<!-- \/ Yoast SEO plugin. -->","yoast_head_json":{"title":"Finns det villkorsl\u00f6s k\u00e4rlek? - Vandra V\u00e4gen","robots":{"index":"index","follow":"follow","max-snippet":"max-snippet:-1","max-image-preview":"max-image-preview:large","max-video-preview":"max-video-preview:-1"},"canonical":"https:\/\/blogg.svenskakyrkan.se\/vandravagen\/2015\/08\/10\/finns-det-villkorslos-karlek\/","og_locale":"sv_SE","og_type":"article","og_title":"Finns det villkorsl\u00f6s k\u00e4rlek? - Vandra V\u00e4gen","og_description":"Jag l\u00e4ser just nu en v\u00e4ldigt intressant bok om olika aspekter kring detta med k\u00e4rlek (som ju \u00e4r ett stort \u00e4mne helt klart). Jag \u00e5terkommer nog om hela boken en dag men idag vill jag skriva om n\u00e5got jag tycker \u00e4r t\u00e4nkv\u00e4rt f\u00f6r alla och f\u00f6r kristna inte minst. F\u00f6rfattaren menade att fr\u00e5gan i min [&hellip;]","og_url":"https:\/\/blogg.svenskakyrkan.se\/vandravagen\/2015\/08\/10\/finns-det-villkorslos-karlek\/","og_site_name":"Vandra V\u00e4gen","article_publisher":"http:\/\/facebook.com\/vandravagen","article_published_time":"2015-08-10T05:00:22+00:00","og_image":[{"url":"http:\/\/blogg.svenskakyrkan.se\/vandravagen\/files\/2015\/08\/bild-50.jpg","type":"","width":"","height":""}],"author":"Tomas Jarvid","twitter_card":"summary_large_image","twitter_creator":"@fadertomas","twitter_site":"@fadertomas","twitter_misc":{"Skriven av":"Tomas Jarvid","Ber\u00e4knad l\u00e4stid":"2 minuter"},"schema":{"@context":"https:\/\/schema.org","@graph":[{"@type":"Article","@id":"https:\/\/blogg.svenskakyrkan.se\/vandravagen\/2015\/08\/10\/finns-det-villkorslos-karlek\/#article","isPartOf":{"@id":"https:\/\/blogg.svenskakyrkan.se\/vandravagen\/2015\/08\/10\/finns-det-villkorslos-karlek\/"},"author":{"name":"Tomas Jarvid","@id":"https:\/\/blogg.svenskakyrkan.se\/vandravagen\/#\/schema\/person\/25da02d4f76b137d04291711e2c9fc16"},"headline":"Finns det villkorsl\u00f6s k\u00e4rlek?","datePublished":"2015-08-10T05:00:22+00:00","mainEntityOfPage":{"@id":"https:\/\/blogg.svenskakyrkan.se\/vandravagen\/2015\/08\/10\/finns-det-villkorslos-karlek\/"},"wordCount":380,"commentCount":6,"publisher":{"@id":"https:\/\/blogg.svenskakyrkan.se\/vandravagen\/#organization"},"image":{"@id":"https:\/\/blogg.svenskakyrkan.se\/vandravagen\/2015\/08\/10\/finns-det-villkorslos-karlek\/#primaryimage"},"thumbnailUrl":"http:\/\/blogg.svenskakyrkan.se\/vandravagen\/files\/2015\/08\/bild-50.jpg","articleSection":["Dagens Kyrka","man och kvinna","relationer","Teologi","vara m\u00e4nniska"],"inLanguage":"sv-SE","potentialAction":[{"@type":"CommentAction","name":"Comment","target":["https:\/\/blogg.svenskakyrkan.se\/vandravagen\/2015\/08\/10\/finns-det-villkorslos-karlek\/#respond"]}]},{"@type":"WebPage","@id":"https:\/\/blogg.svenskakyrkan.se\/vandravagen\/2015\/08\/10\/finns-det-villkorslos-karlek\/","url":"https:\/\/blogg.svenskakyrkan.se\/vandravagen\/2015\/08\/10\/finns-det-villkorslos-karlek\/","name":"Finns det villkorsl\u00f6s k\u00e4rlek? - Vandra V\u00e4gen","isPartOf":{"@id":"https:\/\/blogg.svenskakyrkan.se\/vandravagen\/#website"},"primaryImageOfPage":{"@id":"https:\/\/blogg.svenskakyrkan.se\/vandravagen\/2015\/08\/10\/finns-det-villkorslos-karlek\/#primaryimage"},"image":{"@id":"https:\/\/blogg.svenskakyrkan.se\/vandravagen\/2015\/08\/10\/finns-det-villkorslos-karlek\/#primaryimage"},"thumbnailUrl":"http:\/\/blogg.svenskakyrkan.se\/vandravagen\/files\/2015\/08\/bild-50.jpg","datePublished":"2015-08-10T05:00:22+00:00","breadcrumb":{"@id":"https:\/\/blogg.svenskakyrkan.se\/vandravagen\/2015\/08\/10\/finns-det-villkorslos-karlek\/#breadcrumb"},"inLanguage":"sv-SE","potentialAction":[{"@type":"ReadAction","target":["https:\/\/blogg.svenskakyrkan.se\/vandravagen\/2015\/08\/10\/finns-det-villkorslos-karlek\/"]}]},{"@type":"ImageObject","inLanguage":"sv-SE","@id":"https:\/\/blogg.svenskakyrkan.se\/vandravagen\/2015\/08\/10\/finns-det-villkorslos-karlek\/#primaryimage","url":"http:\/\/blogg.svenskakyrkan.se\/vandravagen\/files\/2015\/08\/bild-50.jpg","contentUrl":"http:\/\/blogg.svenskakyrkan.se\/vandravagen\/files\/2015\/08\/bild-50.jpg"},{"@type":"BreadcrumbList","@id":"https:\/\/blogg.svenskakyrkan.se\/vandravagen\/2015\/08\/10\/finns-det-villkorslos-karlek\/#breadcrumb","itemListElement":[{"@type":"ListItem","position":1,"name":"Hem","item":"https:\/\/blogg.svenskakyrkan.se\/vandravagen\/"},{"@type":"ListItem","position":2,"name":"Finns det villkorsl\u00f6s k\u00e4rlek?"}]},{"@type":"WebSite","@id":"https:\/\/blogg.svenskakyrkan.se\/vandravagen\/#website","url":"https:\/\/blogg.svenskakyrkan.se\/vandravagen\/","name":"Vandra V\u00e4gen","description":"-Mot en tro f\u00f6r hela livet","publisher":{"@id":"https:\/\/blogg.svenskakyrkan.se\/vandravagen\/#organization"},"potentialAction":[{"@type":"SearchAction","target":{"@type":"EntryPoint","urlTemplate":"https:\/\/blogg.svenskakyrkan.se\/vandravagen\/?s={search_term_string}"},"query-input":{"@type":"PropertyValueSpecification","valueRequired":true,"valueName":"search_term_string"}}],"inLanguage":"sv-SE"},{"@type":"Organization","@id":"https:\/\/blogg.svenskakyrkan.se\/vandravagen\/#organization","name":"ulricehamns pastorat","alternateName":"ulricehamns pastorat","url":"https:\/\/blogg.svenskakyrkan.se\/vandravagen\/","logo":{"@type":"ImageObject","inLanguage":"sv-SE","@id":"https:\/\/blogg.svenskakyrkan.se\/vandravagen\/#\/schema\/logo\/image\/","url":"https:\/\/blogg.svenskakyrkan.se\/vandravagen\/files\/2023\/05\/Ulr_logo_RGB.png","contentUrl":"https:\/\/blogg.svenskakyrkan.se\/vandravagen\/files\/2023\/05\/Ulr_logo_RGB.png","width":205,"height":77,"caption":"ulricehamns pastorat"},"image":{"@id":"https:\/\/blogg.svenskakyrkan.se\/vandravagen\/#\/schema\/logo\/image\/"},"sameAs":["http:\/\/facebook.com\/vandravagen","https:\/\/x.com\/fadertomas","http:\/\/www.facebook.com\/svenskakyrkaniulricehamn"]},{"@type":"Person","@id":"https:\/\/blogg.svenskakyrkan.se\/vandravagen\/#\/schema\/person\/25da02d4f76b137d04291711e2c9fc16","name":"Tomas Jarvid","image":{"@type":"ImageObject","inLanguage":"sv-SE","@id":"https:\/\/blogg.svenskakyrkan.se\/vandravagen\/#\/schema\/person\/image\/","url":"https:\/\/secure.gravatar.com\/avatar\/7fa71899795e8f540f615a1f5ab25255dc27aa40f05ee7ddd21aac521e01bf50?s=96&d=identicon&r=g","contentUrl":"https:\/\/secure.gravatar.com\/avatar\/7fa71899795e8f540f615a1f5ab25255dc27aa40f05ee7ddd21aac521e01bf50?s=96&d=identicon&r=g","caption":"Tomas Jarvid"},"description":"Jag bor i Ulricehamn i V\u00e4sterg\u00f6tland och \u00e4r f\u00f6rsamlingspr\u00e4st i Svenska Kyrkan f\u00f6r Dalstorps f\u00f6rsamling i Kinds pastorat. P\u00e5 den h\u00e4r bloggen skriver jag ner tankar om vandringen som kristen.","sameAs":["http:\/\/www.vandravagen.se"],"url":"https:\/\/blogg.svenskakyrkan.se\/vandravagen\/author\/vandravagen\/"}]}},"author_meta":{"ID":"392","user_nicename":"vandravagen","user_url":"http:\/\/www.vandravagen.se","user_registered":"2014-05-19 05:44:52","display_name":"Tomas Jarvid","first_name":"Tomas","last_name":"Jarvid","avatar":"https:\/\/secure.gravatar.com\/avatar\/7fa71899795e8f540f615a1f5ab25255dc27aa40f05ee7ddd21aac521e01bf50?s=96&d=identicon&r=g"},"featured_image":false,"bloginfo":{"name":"Vandra V\u00e4gen","url":"https:\/\/blogg.svenskakyrkan.se\/vandravagen"},"_links":{"self":[{"href":"https:\/\/blogg.svenskakyrkan.se\/vandravagen\/wp-json\/wp\/v2\/posts\/3452","targetHints":{"allow":["GET"]}}],"collection":[{"href":"https:\/\/blogg.svenskakyrkan.se\/vandravagen\/wp-json\/wp\/v2\/posts"}],"about":[{"href":"https:\/\/blogg.svenskakyrkan.se\/vandravagen\/wp-json\/wp\/v2\/types\/post"}],"author":[{"embeddable":true,"href":"https:\/\/blogg.svenskakyrkan.se\/vandravagen\/wp-json\/wp\/v2\/users\/392"}],"replies":[{"embeddable":true,"href":"https:\/\/blogg.svenskakyrkan.se\/vandravagen\/wp-json\/wp\/v2\/comments?post=3452"}],"version-history":[{"count":1,"href":"https:\/\/blogg.svenskakyrkan.se\/vandravagen\/wp-json\/wp\/v2\/posts\/3452\/revisions"}],"predecessor-version":[{"id":3454,"href":"https:\/\/blogg.svenskakyrkan.se\/vandravagen\/wp-json\/wp\/v2\/posts\/3452\/revisions\/3454"}],"wp:attachment":[{"href":"https:\/\/blogg.svenskakyrkan.se\/vandravagen\/wp-json\/wp\/v2\/media?parent=3452"}],"wp:term":[{"taxonomy":"category","embeddable":true,"href":"https:\/\/blogg.svenskakyrkan.se\/vandravagen\/wp-json\/wp\/v2\/categories?post=3452"},{"taxonomy":"post_tag","embeddable":true,"href":"https:\/\/blogg.svenskakyrkan.se\/vandravagen\/wp-json\/wp\/v2\/tags?post=3452"}],"curies":[{"name":"wp","href":"https:\/\/api.w.org\/{rel}","templated":true}]}}