{"id":3479,"date":"2015-08-16T07:00:08","date_gmt":"2015-08-16T05:00:08","guid":{"rendered":"http:\/\/blogg.svenskakyrkan.se\/vandravagen\/?p=3479"},"modified":"2015-08-15T22:17:30","modified_gmt":"2015-08-15T20:17:30","slug":"8-blandade-tankar-pa-sondagen-9","status":"publish","type":"post","link":"https:\/\/blogg.svenskakyrkan.se\/vandravagen\/2015\/08\/16\/8-blandade-tankar-pa-sondagen-9\/","title":{"rendered":"8 blandade tankar p\u00e5 s\u00f6ndagen"},"content":{"rendered":"<div id=\"attachment_3480\" style=\"width: 506px\" class=\"wp-caption aligncenter\"><a href=\"http:\/\/blogg.svenskakyrkan.se\/vandravagen\/files\/2015\/08\/bild-53.jpg\"><img loading=\"lazy\" decoding=\"async\" aria-describedby=\"caption-attachment-3480\" class=\"size-full wp-image-3480\" src=\"http:\/\/blogg.svenskakyrkan.se\/vandravagen\/files\/2015\/08\/bild-53.jpg\" alt=\"Frankensteins monster och en sj\u00f6jungfru. G\u00e5r det ihop?\" width=\"496\" height=\"620\" srcset=\"https:\/\/blogg.svenskakyrkan.se\/vandravagen\/files\/2015\/08\/bild-53.jpg 496w, https:\/\/blogg.svenskakyrkan.se\/vandravagen\/files\/2015\/08\/bild-53-300x375.jpg 300w, https:\/\/blogg.svenskakyrkan.se\/vandravagen\/files\/2015\/08\/bild-53-240x300.jpg 240w\" sizes=\"auto, (max-width: 496px) 100vw, 496px\" \/><\/a><p id=\"caption-attachment-3480\" class=\"wp-caption-text\">Frankensteins monster och en sj\u00f6jungfru. G\u00e5r det ihop?<\/p><\/div>\n<p>Idag \u00e4r det min f\u00f6rsta s\u00f6ndag i tj\u00e4nst i Dalstorps f\u00f6rsamling. Det \u00e4r sp\u00e4nnande att se hur det blir. Hittar jag dit jag ska? Vad \u00e4r det f\u00f6r folk som firar gudstj\u00e4nst och s\u00e5 vidare.<\/p>\n<p>Dagens tema \u00e4r &#8221;tro och liv&#8221; vilket jag f\u00f6rs\u00f6kt illustrera med den h\u00e4r bilden p\u00e5 frankensteins monster och en sj\u00f6jungfru fr\u00e5n n\u00e5gon filminspelning. Det ser inte riktigt ut att passa ihop. Och i v\u00e4rsta fall (och troligast) \u00e4r det s\u00e5 med v\u00e5r tro att den inte helt passar ihop med v\u00e5rt s\u00e4tt att leva. Eller vad s\u00e4ger du sj\u00e4lv?<\/p>\n<p>Idag ska jag allts\u00e5 till Ljungsarps och Nittorps kyrkor, d\u00e4refter ska jag vidare till Hulared ocks\u00e5 och d\u00f6pa ett barn d\u00e4r. Det \u00e4r lite tight s\u00e5 vi f\u00e5r hoppas allt klaffar.<\/p>\n<p>Jag kanske skulle b\u00f6rja med podpredikningar igen? Jag vet ju att jag i alla fall haft en lyssnare. Och f\u00f6r egen del kan det vara bra att h\u00f6ra hur man l\u00e5ter \u00e4ven om det inte alltid \u00e4r s\u00e5 roligt. Vi f\u00e5r se vad det finns f\u00f6r apparatur i kyrkorna.<\/p>\n<p>Jag och min fru (som ska vikariera i grannf\u00f6rsamlingen) har ocks\u00e5 blivit intervjuade av lokaltidningen. D\u00e4r tror jag det \u00e4r min fru som blir huvudnyhet eftersom hon nog \u00e4r den f\u00f6rsta kvinnliga pr\u00e4sten n\u00e5gonsin i de kyrkor hon ska tj\u00e4nstg\u00f6ra i. Det tog lite drygt 50 \u00e5r innan det skedde.<\/p>\n<p>I fredags var jag p\u00e5 begravning. Inte i tj\u00e4nsten utan i sl\u00e4kten. Det var en m\u00e4rklig upplevelse eftersom det var s\u00e5 v\u00e4lbekant och samtidigt s\u00e5 annorlunda \u00e4n att vara d\u00e4r i tj\u00e4nsten. Pl\u00f6tsligt fick jag lite insyn i hur en begravningsdag ter sig f\u00f6r anh\u00f6riga. Det var nog nyttigt.<\/p>\n<p>Begravningen var fin. Jag var med och bidrog med s\u00e5ng och spel och pr\u00e4sten Bengt (som passerat pensions\u00e5lder) visade att gammal \u00e4r \u00e4ldst d\u00e5 han ledde begravningsgudstj\u00e4nsten. En f\u00f6rebild f\u00e5r jag verkligen s\u00e4ga.<\/p>\n<p>Jag tr\u00e4ffade ocks\u00e5 en \u00e4ldre missionspastor som gjorde intryck p\u00e5 mig. Det \u00e4r fint att st\u00f6ta p\u00e5 \u00e4ldre kollegor som g\u00f6r att man t\u00e4nker att man skulle vilja bli s\u00e5dan n\u00e4r man blir gammal.<\/p>\n<p>Vad g\u00f6r du idag? Skriv en kommentar!<\/p>\n","protected":false},"excerpt":{"rendered":"<p>Idag \u00e4r det min f\u00f6rsta s\u00f6ndag i tj\u00e4nst i Dalstorps f\u00f6rsamling. Det \u00e4r sp\u00e4nnande att se hur det blir. Hittar jag dit jag ska? Vad \u00e4r det f\u00f6r folk som firar gudstj\u00e4nst och s\u00e5 vidare. Dagens tema \u00e4r &#8221;tro och liv&#8221; vilket jag f\u00f6rs\u00f6kt illustrera med den h\u00e4r bilden p\u00e5 frankensteins monster och en sj\u00f6jungfru [&hellip;]<\/p>\n","protected":false},"author":392,"featured_media":0,"comment_status":"open","ping_status":"open","sticky":false,"template":"","format":"standard","meta":{"_acf_changed":false,"footnotes":""},"categories":[76766,76189],"tags":[],"class_list":["post-3479","post","type-post","status-publish","format-standard","hentry","category-blandat","category-dagens-kyrka"],"acf":[],"yoast_head":"<!-- This site is optimized with the Yoast SEO plugin v27.1.1 - https:\/\/yoast.com\/product\/yoast-seo-wordpress\/ -->\n<title>8 blandade tankar p\u00e5 s\u00f6ndagen - Vandra V\u00e4gen<\/title>\n<meta name=\"robots\" content=\"index, follow, max-snippet:-1, max-image-preview:large, max-video-preview:-1\" \/>\n<link rel=\"canonical\" href=\"https:\/\/blogg.svenskakyrkan.se\/vandravagen\/2015\/08\/16\/8-blandade-tankar-pa-sondagen-9\/\" \/>\n<meta property=\"og:locale\" content=\"sv_SE\" \/>\n<meta property=\"og:type\" content=\"article\" \/>\n<meta property=\"og:title\" content=\"8 blandade tankar p\u00e5 s\u00f6ndagen - Vandra V\u00e4gen\" \/>\n<meta property=\"og:description\" content=\"Idag \u00e4r det min f\u00f6rsta s\u00f6ndag i tj\u00e4nst i Dalstorps f\u00f6rsamling. Det \u00e4r sp\u00e4nnande att se hur det blir. Hittar jag dit jag ska? Vad \u00e4r det f\u00f6r folk som firar gudstj\u00e4nst och s\u00e5 vidare. Dagens tema \u00e4r &#8221;tro och liv&#8221; vilket jag f\u00f6rs\u00f6kt illustrera med den h\u00e4r bilden p\u00e5 frankensteins monster och en sj\u00f6jungfru [&hellip;]\" \/>\n<meta property=\"og:url\" content=\"https:\/\/blogg.svenskakyrkan.se\/vandravagen\/2015\/08\/16\/8-blandade-tankar-pa-sondagen-9\/\" \/>\n<meta property=\"og:site_name\" content=\"Vandra V\u00e4gen\" \/>\n<meta property=\"article:publisher\" content=\"http:\/\/facebook.com\/vandravagen\" \/>\n<meta property=\"article:published_time\" content=\"2015-08-16T05:00:08+00:00\" \/>\n<meta property=\"og:image\" content=\"http:\/\/blogg.svenskakyrkan.se\/vandravagen\/files\/2015\/08\/bild-53.jpg\" \/>\n<meta name=\"author\" content=\"Tomas Jarvid\" \/>\n<meta name=\"twitter:card\" content=\"summary_large_image\" \/>\n<meta name=\"twitter:creator\" content=\"@fadertomas\" \/>\n<meta name=\"twitter:site\" content=\"@fadertomas\" \/>\n<meta name=\"twitter:label1\" content=\"Skriven av\" \/>\n\t<meta name=\"twitter:data1\" content=\"Tomas Jarvid\" \/>\n\t<meta name=\"twitter:label2\" content=\"Ber\u00e4knad l\u00e4stid\" \/>\n\t<meta name=\"twitter:data2\" content=\"2 minuter\" \/>\n<script type=\"application\/ld+json\" class=\"yoast-schema-graph\">{\"@context\":\"https:\/\/schema.org\",\"@graph\":[{\"@type\":\"Article\",\"@id\":\"https:\/\/blogg.svenskakyrkan.se\/vandravagen\/2015\/08\/16\/8-blandade-tankar-pa-sondagen-9\/#article\",\"isPartOf\":{\"@id\":\"https:\/\/blogg.svenskakyrkan.se\/vandravagen\/2015\/08\/16\/8-blandade-tankar-pa-sondagen-9\/\"},\"author\":{\"name\":\"Tomas Jarvid\",\"@id\":\"https:\/\/blogg.svenskakyrkan.se\/vandravagen\/#\/schema\/person\/25da02d4f76b137d04291711e2c9fc16\"},\"headline\":\"8 blandade tankar p\u00e5 s\u00f6ndagen\",\"datePublished\":\"2015-08-16T05:00:08+00:00\",\"mainEntityOfPage\":{\"@id\":\"https:\/\/blogg.svenskakyrkan.se\/vandravagen\/2015\/08\/16\/8-blandade-tankar-pa-sondagen-9\/\"},\"wordCount\":427,\"commentCount\":4,\"publisher\":{\"@id\":\"https:\/\/blogg.svenskakyrkan.se\/vandravagen\/#organization\"},\"image\":{\"@id\":\"https:\/\/blogg.svenskakyrkan.se\/vandravagen\/2015\/08\/16\/8-blandade-tankar-pa-sondagen-9\/#primaryimage\"},\"thumbnailUrl\":\"http:\/\/blogg.svenskakyrkan.se\/vandravagen\/files\/2015\/08\/bild-53.jpg\",\"articleSection\":[\"blandat\",\"Dagens Kyrka\"],\"inLanguage\":\"sv-SE\",\"potentialAction\":[{\"@type\":\"CommentAction\",\"name\":\"Comment\",\"target\":[\"https:\/\/blogg.svenskakyrkan.se\/vandravagen\/2015\/08\/16\/8-blandade-tankar-pa-sondagen-9\/#respond\"]}]},{\"@type\":\"WebPage\",\"@id\":\"https:\/\/blogg.svenskakyrkan.se\/vandravagen\/2015\/08\/16\/8-blandade-tankar-pa-sondagen-9\/\",\"url\":\"https:\/\/blogg.svenskakyrkan.se\/vandravagen\/2015\/08\/16\/8-blandade-tankar-pa-sondagen-9\/\",\"name\":\"8 blandade tankar p\u00e5 s\u00f6ndagen - Vandra V\u00e4gen\",\"isPartOf\":{\"@id\":\"https:\/\/blogg.svenskakyrkan.se\/vandravagen\/#website\"},\"primaryImageOfPage\":{\"@id\":\"https:\/\/blogg.svenskakyrkan.se\/vandravagen\/2015\/08\/16\/8-blandade-tankar-pa-sondagen-9\/#primaryimage\"},\"image\":{\"@id\":\"https:\/\/blogg.svenskakyrkan.se\/vandravagen\/2015\/08\/16\/8-blandade-tankar-pa-sondagen-9\/#primaryimage\"},\"thumbnailUrl\":\"http:\/\/blogg.svenskakyrkan.se\/vandravagen\/files\/2015\/08\/bild-53.jpg\",\"datePublished\":\"2015-08-16T05:00:08+00:00\",\"breadcrumb\":{\"@id\":\"https:\/\/blogg.svenskakyrkan.se\/vandravagen\/2015\/08\/16\/8-blandade-tankar-pa-sondagen-9\/#breadcrumb\"},\"inLanguage\":\"sv-SE\",\"potentialAction\":[{\"@type\":\"ReadAction\",\"target\":[\"https:\/\/blogg.svenskakyrkan.se\/vandravagen\/2015\/08\/16\/8-blandade-tankar-pa-sondagen-9\/\"]}]},{\"@type\":\"ImageObject\",\"inLanguage\":\"sv-SE\",\"@id\":\"https:\/\/blogg.svenskakyrkan.se\/vandravagen\/2015\/08\/16\/8-blandade-tankar-pa-sondagen-9\/#primaryimage\",\"url\":\"http:\/\/blogg.svenskakyrkan.se\/vandravagen\/files\/2015\/08\/bild-53.jpg\",\"contentUrl\":\"http:\/\/blogg.svenskakyrkan.se\/vandravagen\/files\/2015\/08\/bild-53.jpg\"},{\"@type\":\"BreadcrumbList\",\"@id\":\"https:\/\/blogg.svenskakyrkan.se\/vandravagen\/2015\/08\/16\/8-blandade-tankar-pa-sondagen-9\/#breadcrumb\",\"itemListElement\":[{\"@type\":\"ListItem\",\"position\":1,\"name\":\"Hem\",\"item\":\"https:\/\/blogg.svenskakyrkan.se\/vandravagen\/\"},{\"@type\":\"ListItem\",\"position\":2,\"name\":\"8 blandade tankar p\u00e5 s\u00f6ndagen\"}]},{\"@type\":\"WebSite\",\"@id\":\"https:\/\/blogg.svenskakyrkan.se\/vandravagen\/#website\",\"url\":\"https:\/\/blogg.svenskakyrkan.se\/vandravagen\/\",\"name\":\"Vandra V\u00e4gen\",\"description\":\"-Mot en tro f\u00f6r hela livet\",\"publisher\":{\"@id\":\"https:\/\/blogg.svenskakyrkan.se\/vandravagen\/#organization\"},\"potentialAction\":[{\"@type\":\"SearchAction\",\"target\":{\"@type\":\"EntryPoint\",\"urlTemplate\":\"https:\/\/blogg.svenskakyrkan.se\/vandravagen\/?s={search_term_string}\"},\"query-input\":{\"@type\":\"PropertyValueSpecification\",\"valueRequired\":true,\"valueName\":\"search_term_string\"}}],\"inLanguage\":\"sv-SE\"},{\"@type\":\"Organization\",\"@id\":\"https:\/\/blogg.svenskakyrkan.se\/vandravagen\/#organization\",\"name\":\"ulricehamns pastorat\",\"alternateName\":\"ulricehamns pastorat\",\"url\":\"https:\/\/blogg.svenskakyrkan.se\/vandravagen\/\",\"logo\":{\"@type\":\"ImageObject\",\"inLanguage\":\"sv-SE\",\"@id\":\"https:\/\/blogg.svenskakyrkan.se\/vandravagen\/#\/schema\/logo\/image\/\",\"url\":\"https:\/\/blogg.svenskakyrkan.se\/vandravagen\/files\/2023\/05\/Ulr_logo_RGB.png\",\"contentUrl\":\"https:\/\/blogg.svenskakyrkan.se\/vandravagen\/files\/2023\/05\/Ulr_logo_RGB.png\",\"width\":205,\"height\":77,\"caption\":\"ulricehamns pastorat\"},\"image\":{\"@id\":\"https:\/\/blogg.svenskakyrkan.se\/vandravagen\/#\/schema\/logo\/image\/\"},\"sameAs\":[\"http:\/\/facebook.com\/vandravagen\",\"https:\/\/x.com\/fadertomas\",\"http:\/\/www.facebook.com\/svenskakyrkaniulricehamn\"]},{\"@type\":\"Person\",\"@id\":\"https:\/\/blogg.svenskakyrkan.se\/vandravagen\/#\/schema\/person\/25da02d4f76b137d04291711e2c9fc16\",\"name\":\"Tomas Jarvid\",\"image\":{\"@type\":\"ImageObject\",\"inLanguage\":\"sv-SE\",\"@id\":\"https:\/\/blogg.svenskakyrkan.se\/vandravagen\/#\/schema\/person\/image\/\",\"url\":\"https:\/\/secure.gravatar.com\/avatar\/7fa71899795e8f540f615a1f5ab25255dc27aa40f05ee7ddd21aac521e01bf50?s=96&d=identicon&r=g\",\"contentUrl\":\"https:\/\/secure.gravatar.com\/avatar\/7fa71899795e8f540f615a1f5ab25255dc27aa40f05ee7ddd21aac521e01bf50?s=96&d=identicon&r=g\",\"caption\":\"Tomas Jarvid\"},\"description\":\"Jag bor i Ulricehamn i V\u00e4sterg\u00f6tland och \u00e4r f\u00f6rsamlingspr\u00e4st i Svenska Kyrkan f\u00f6r Dalstorps f\u00f6rsamling i Kinds pastorat. P\u00e5 den h\u00e4r bloggen skriver jag ner tankar om vandringen som kristen.\",\"sameAs\":[\"http:\/\/www.vandravagen.se\"],\"url\":\"https:\/\/blogg.svenskakyrkan.se\/vandravagen\/author\/vandravagen\/\"}]}<\/script>\n<!-- \/ Yoast SEO plugin. -->","yoast_head_json":{"title":"8 blandade tankar p\u00e5 s\u00f6ndagen - Vandra V\u00e4gen","robots":{"index":"index","follow":"follow","max-snippet":"max-snippet:-1","max-image-preview":"max-image-preview:large","max-video-preview":"max-video-preview:-1"},"canonical":"https:\/\/blogg.svenskakyrkan.se\/vandravagen\/2015\/08\/16\/8-blandade-tankar-pa-sondagen-9\/","og_locale":"sv_SE","og_type":"article","og_title":"8 blandade tankar p\u00e5 s\u00f6ndagen - Vandra V\u00e4gen","og_description":"Idag \u00e4r det min f\u00f6rsta s\u00f6ndag i tj\u00e4nst i Dalstorps f\u00f6rsamling. Det \u00e4r sp\u00e4nnande att se hur det blir. Hittar jag dit jag ska? Vad \u00e4r det f\u00f6r folk som firar gudstj\u00e4nst och s\u00e5 vidare. Dagens tema \u00e4r &#8221;tro och liv&#8221; vilket jag f\u00f6rs\u00f6kt illustrera med den h\u00e4r bilden p\u00e5 frankensteins monster och en sj\u00f6jungfru [&hellip;]","og_url":"https:\/\/blogg.svenskakyrkan.se\/vandravagen\/2015\/08\/16\/8-blandade-tankar-pa-sondagen-9\/","og_site_name":"Vandra V\u00e4gen","article_publisher":"http:\/\/facebook.com\/vandravagen","article_published_time":"2015-08-16T05:00:08+00:00","og_image":[{"url":"http:\/\/blogg.svenskakyrkan.se\/vandravagen\/files\/2015\/08\/bild-53.jpg","type":"","width":"","height":""}],"author":"Tomas Jarvid","twitter_card":"summary_large_image","twitter_creator":"@fadertomas","twitter_site":"@fadertomas","twitter_misc":{"Skriven av":"Tomas Jarvid","Ber\u00e4knad l\u00e4stid":"2 minuter"},"schema":{"@context":"https:\/\/schema.org","@graph":[{"@type":"Article","@id":"https:\/\/blogg.svenskakyrkan.se\/vandravagen\/2015\/08\/16\/8-blandade-tankar-pa-sondagen-9\/#article","isPartOf":{"@id":"https:\/\/blogg.svenskakyrkan.se\/vandravagen\/2015\/08\/16\/8-blandade-tankar-pa-sondagen-9\/"},"author":{"name":"Tomas Jarvid","@id":"https:\/\/blogg.svenskakyrkan.se\/vandravagen\/#\/schema\/person\/25da02d4f76b137d04291711e2c9fc16"},"headline":"8 blandade tankar p\u00e5 s\u00f6ndagen","datePublished":"2015-08-16T05:00:08+00:00","mainEntityOfPage":{"@id":"https:\/\/blogg.svenskakyrkan.se\/vandravagen\/2015\/08\/16\/8-blandade-tankar-pa-sondagen-9\/"},"wordCount":427,"commentCount":4,"publisher":{"@id":"https:\/\/blogg.svenskakyrkan.se\/vandravagen\/#organization"},"image":{"@id":"https:\/\/blogg.svenskakyrkan.se\/vandravagen\/2015\/08\/16\/8-blandade-tankar-pa-sondagen-9\/#primaryimage"},"thumbnailUrl":"http:\/\/blogg.svenskakyrkan.se\/vandravagen\/files\/2015\/08\/bild-53.jpg","articleSection":["blandat","Dagens Kyrka"],"inLanguage":"sv-SE","potentialAction":[{"@type":"CommentAction","name":"Comment","target":["https:\/\/blogg.svenskakyrkan.se\/vandravagen\/2015\/08\/16\/8-blandade-tankar-pa-sondagen-9\/#respond"]}]},{"@type":"WebPage","@id":"https:\/\/blogg.svenskakyrkan.se\/vandravagen\/2015\/08\/16\/8-blandade-tankar-pa-sondagen-9\/","url":"https:\/\/blogg.svenskakyrkan.se\/vandravagen\/2015\/08\/16\/8-blandade-tankar-pa-sondagen-9\/","name":"8 blandade tankar p\u00e5 s\u00f6ndagen - Vandra V\u00e4gen","isPartOf":{"@id":"https:\/\/blogg.svenskakyrkan.se\/vandravagen\/#website"},"primaryImageOfPage":{"@id":"https:\/\/blogg.svenskakyrkan.se\/vandravagen\/2015\/08\/16\/8-blandade-tankar-pa-sondagen-9\/#primaryimage"},"image":{"@id":"https:\/\/blogg.svenskakyrkan.se\/vandravagen\/2015\/08\/16\/8-blandade-tankar-pa-sondagen-9\/#primaryimage"},"thumbnailUrl":"http:\/\/blogg.svenskakyrkan.se\/vandravagen\/files\/2015\/08\/bild-53.jpg","datePublished":"2015-08-16T05:00:08+00:00","breadcrumb":{"@id":"https:\/\/blogg.svenskakyrkan.se\/vandravagen\/2015\/08\/16\/8-blandade-tankar-pa-sondagen-9\/#breadcrumb"},"inLanguage":"sv-SE","potentialAction":[{"@type":"ReadAction","target":["https:\/\/blogg.svenskakyrkan.se\/vandravagen\/2015\/08\/16\/8-blandade-tankar-pa-sondagen-9\/"]}]},{"@type":"ImageObject","inLanguage":"sv-SE","@id":"https:\/\/blogg.svenskakyrkan.se\/vandravagen\/2015\/08\/16\/8-blandade-tankar-pa-sondagen-9\/#primaryimage","url":"http:\/\/blogg.svenskakyrkan.se\/vandravagen\/files\/2015\/08\/bild-53.jpg","contentUrl":"http:\/\/blogg.svenskakyrkan.se\/vandravagen\/files\/2015\/08\/bild-53.jpg"},{"@type":"BreadcrumbList","@id":"https:\/\/blogg.svenskakyrkan.se\/vandravagen\/2015\/08\/16\/8-blandade-tankar-pa-sondagen-9\/#breadcrumb","itemListElement":[{"@type":"ListItem","position":1,"name":"Hem","item":"https:\/\/blogg.svenskakyrkan.se\/vandravagen\/"},{"@type":"ListItem","position":2,"name":"8 blandade tankar p\u00e5 s\u00f6ndagen"}]},{"@type":"WebSite","@id":"https:\/\/blogg.svenskakyrkan.se\/vandravagen\/#website","url":"https:\/\/blogg.svenskakyrkan.se\/vandravagen\/","name":"Vandra V\u00e4gen","description":"-Mot en tro f\u00f6r hela livet","publisher":{"@id":"https:\/\/blogg.svenskakyrkan.se\/vandravagen\/#organization"},"potentialAction":[{"@type":"SearchAction","target":{"@type":"EntryPoint","urlTemplate":"https:\/\/blogg.svenskakyrkan.se\/vandravagen\/?s={search_term_string}"},"query-input":{"@type":"PropertyValueSpecification","valueRequired":true,"valueName":"search_term_string"}}],"inLanguage":"sv-SE"},{"@type":"Organization","@id":"https:\/\/blogg.svenskakyrkan.se\/vandravagen\/#organization","name":"ulricehamns pastorat","alternateName":"ulricehamns pastorat","url":"https:\/\/blogg.svenskakyrkan.se\/vandravagen\/","logo":{"@type":"ImageObject","inLanguage":"sv-SE","@id":"https:\/\/blogg.svenskakyrkan.se\/vandravagen\/#\/schema\/logo\/image\/","url":"https:\/\/blogg.svenskakyrkan.se\/vandravagen\/files\/2023\/05\/Ulr_logo_RGB.png","contentUrl":"https:\/\/blogg.svenskakyrkan.se\/vandravagen\/files\/2023\/05\/Ulr_logo_RGB.png","width":205,"height":77,"caption":"ulricehamns pastorat"},"image":{"@id":"https:\/\/blogg.svenskakyrkan.se\/vandravagen\/#\/schema\/logo\/image\/"},"sameAs":["http:\/\/facebook.com\/vandravagen","https:\/\/x.com\/fadertomas","http:\/\/www.facebook.com\/svenskakyrkaniulricehamn"]},{"@type":"Person","@id":"https:\/\/blogg.svenskakyrkan.se\/vandravagen\/#\/schema\/person\/25da02d4f76b137d04291711e2c9fc16","name":"Tomas Jarvid","image":{"@type":"ImageObject","inLanguage":"sv-SE","@id":"https:\/\/blogg.svenskakyrkan.se\/vandravagen\/#\/schema\/person\/image\/","url":"https:\/\/secure.gravatar.com\/avatar\/7fa71899795e8f540f615a1f5ab25255dc27aa40f05ee7ddd21aac521e01bf50?s=96&d=identicon&r=g","contentUrl":"https:\/\/secure.gravatar.com\/avatar\/7fa71899795e8f540f615a1f5ab25255dc27aa40f05ee7ddd21aac521e01bf50?s=96&d=identicon&r=g","caption":"Tomas Jarvid"},"description":"Jag bor i Ulricehamn i V\u00e4sterg\u00f6tland och \u00e4r f\u00f6rsamlingspr\u00e4st i Svenska Kyrkan f\u00f6r Dalstorps f\u00f6rsamling i Kinds pastorat. P\u00e5 den h\u00e4r bloggen skriver jag ner tankar om vandringen som kristen.","sameAs":["http:\/\/www.vandravagen.se"],"url":"https:\/\/blogg.svenskakyrkan.se\/vandravagen\/author\/vandravagen\/"}]}},"author_meta":{"ID":"392","user_nicename":"vandravagen","user_url":"http:\/\/www.vandravagen.se","user_registered":"2014-05-19 05:44:52","display_name":"Tomas Jarvid","first_name":"Tomas","last_name":"Jarvid","avatar":"https:\/\/secure.gravatar.com\/avatar\/7fa71899795e8f540f615a1f5ab25255dc27aa40f05ee7ddd21aac521e01bf50?s=96&d=identicon&r=g"},"featured_image":false,"bloginfo":{"name":"Vandra V\u00e4gen","url":"https:\/\/blogg.svenskakyrkan.se\/vandravagen"},"_links":{"self":[{"href":"https:\/\/blogg.svenskakyrkan.se\/vandravagen\/wp-json\/wp\/v2\/posts\/3479","targetHints":{"allow":["GET"]}}],"collection":[{"href":"https:\/\/blogg.svenskakyrkan.se\/vandravagen\/wp-json\/wp\/v2\/posts"}],"about":[{"href":"https:\/\/blogg.svenskakyrkan.se\/vandravagen\/wp-json\/wp\/v2\/types\/post"}],"author":[{"embeddable":true,"href":"https:\/\/blogg.svenskakyrkan.se\/vandravagen\/wp-json\/wp\/v2\/users\/392"}],"replies":[{"embeddable":true,"href":"https:\/\/blogg.svenskakyrkan.se\/vandravagen\/wp-json\/wp\/v2\/comments?post=3479"}],"version-history":[{"count":1,"href":"https:\/\/blogg.svenskakyrkan.se\/vandravagen\/wp-json\/wp\/v2\/posts\/3479\/revisions"}],"predecessor-version":[{"id":3481,"href":"https:\/\/blogg.svenskakyrkan.se\/vandravagen\/wp-json\/wp\/v2\/posts\/3479\/revisions\/3481"}],"wp:attachment":[{"href":"https:\/\/blogg.svenskakyrkan.se\/vandravagen\/wp-json\/wp\/v2\/media?parent=3479"}],"wp:term":[{"taxonomy":"category","embeddable":true,"href":"https:\/\/blogg.svenskakyrkan.se\/vandravagen\/wp-json\/wp\/v2\/categories?post=3479"},{"taxonomy":"post_tag","embeddable":true,"href":"https:\/\/blogg.svenskakyrkan.se\/vandravagen\/wp-json\/wp\/v2\/tags?post=3479"}],"curies":[{"name":"wp","href":"https:\/\/api.w.org\/{rel}","templated":true}]}}