{"id":3489,"date":"2015-08-19T07:00:27","date_gmt":"2015-08-19T05:00:27","guid":{"rendered":"http:\/\/blogg.svenskakyrkan.se\/vandravagen\/?p=3489"},"modified":"2015-08-18T15:16:30","modified_gmt":"2015-08-18T13:16:30","slug":"hemmadottern","status":"publish","type":"post","link":"https:\/\/blogg.svenskakyrkan.se\/vandravagen\/2015\/08\/19\/hemmadottern\/","title":{"rendered":"Hemmadottern"},"content":{"rendered":"<div id=\"attachment_3490\" style=\"width: 478px\" class=\"wp-caption aligncenter\"><a href=\"http:\/\/blogg.svenskakyrkan.se\/vandravagen\/files\/2015\/08\/V6TQAY4wDjMgZgfcJ979f-IS4sxGVRwiamptiCoNYdM.jpg\"><img loading=\"lazy\" decoding=\"async\" aria-describedby=\"caption-attachment-3490\" class=\"size-full wp-image-3490\" src=\"http:\/\/blogg.svenskakyrkan.se\/vandravagen\/files\/2015\/08\/V6TQAY4wDjMgZgfcJ979f-IS4sxGVRwiamptiCoNYdM.jpg\" alt=\"Den f\u00f6rlorade Sonen fick ta hand om svinen.\" width=\"468\" height=\"246\" srcset=\"https:\/\/blogg.svenskakyrkan.se\/vandravagen\/files\/2015\/08\/V6TQAY4wDjMgZgfcJ979f-IS4sxGVRwiamptiCoNYdM.jpg 468w, https:\/\/blogg.svenskakyrkan.se\/vandravagen\/files\/2015\/08\/V6TQAY4wDjMgZgfcJ979f-IS4sxGVRwiamptiCoNYdM-300x158.jpg 300w\" sizes=\"auto, (max-width: 468px) 100vw, 468px\" \/><\/a><p id=\"caption-attachment-3490\" class=\"wp-caption-text\">Den f\u00f6rlorade Sonen fick ta hand om svinen.<\/p><\/div>\n<p>Jag har som jag skrev h\u00e4romdagen varit p\u00e5 begravning i sl\u00e4kten h\u00e4romdagen. Pr\u00e4sten talade om min avlidna sl\u00e4kting och om det liv hon levt. Han ber\u00e4ttade d\u00e5 bland annat om att hon var &#8221;hemmadottern&#8221;, den som blev kvar p\u00e5 g\u00e5rden och tog hand om sina gamla f\u00f6r\u00e4ldrar och inte bildade egen familj.<\/p>\n<p>N\u00e4r han sade det gick mina tankar till Jesu liknelse om &#8221;<a href=\"http:\/\/blogg.svenskakyrkan.se\/vandravagen\/2014\/07\/10\/den-forlorade-sonen-revisited\/\">den f\u00f6rlorade Sonen<\/a>&#8221;. D\u00e4r finns ju brodern som \u00e4r kvar hemma p\u00e5 g\u00e5rden som vanligt n\u00e4r brorsan ger sig av. Man anar i liknelsens slut att den i mycket \u00e4r riktad till s\u00e5dana &#8221;hemmas\u00f6ner&#8221; som \u00e4r ogina n\u00e4r deras bror kommer hem efter att ha sl\u00f6sat bort arvet.<\/p>\n<p>Jag har alltid varit en s\u00e5dan &#8221;hemmason&#8221; i liknelsen sj\u00e4lv. N\u00e5gon dramatisk omv\u00e4ndelseber\u00e4ttelse har jag inte och jag har alltid varit en r\u00e4tt pr\u00e4ktig person s\u00e5 jag har funderat en hel del p\u00e5 den sonen. Nu tycker jag \u00e4nd\u00e5 att jag ser den med nya \u00f6gon. Och kopplar ihop honom med min avlidna sl\u00e4ktings liv. Det som f\u00f6ljer har delvis med henne att g\u00f6ra men mest \u00e4r det mina fria spekulationer.<\/p>\n<p>Det kanske \u00e4r s\u00e5 med m\u00e5nga hemmad\u00f6ttrar och hemmas\u00f6ner att man k\u00e4nner att\u00a0<strong>&#8221;det blev s\u00e5&#8221;<\/strong>. Det h\u00e4r \u00e4r det liv jag fick. Inte n\u00f6dv\u00e4ndigtvis f\u00f6r att man\u00a0sj\u00e4lv valt det utan f\u00f6r att det bara blev s\u00e5.\u00a0Man kanske inte kunde eller v\u00e5gade g\u00e5 sin egen v\u00e4g. Det g\u00e5r v\u00e4l an att vara p\u00e5 samma plats hela livet om man vet att det \u00e4r det man vill. Och man kanske f\u00f6rs\u00f6ker intala sig sj\u00e4lv att det man f\u00e5tt \u00e4r precis det man ville ha men man kanske inte lyckas helt med \u00f6vertalningen.<\/p>\n<p>Det blev s\u00e5.<\/p>\n<div>\n<p>D\u00e5 spelar det kanske mindre roll om hemg\u00e5rden faktiskt rent objektivt \u00e4r\u00a0v\u00e4rldens b\u00e4sta plats om k\u00e4nslan \u00e4r att\u00a0man \u00e4r kvar f\u00f6r att det inte gick p\u00e5 annat s\u00e4tt.<\/p>\n<p>Hemmasonen i liknelsen \u00e4r s\u00e4kert r\u00e4tt kluven. Han \u00e4lskar s\u00e4kert den g\u00e5rd han g\u00e5r och sk\u00f6ter. \u00c4r stolt \u00f6ver det hans och Faderns h\u00e4nder st\u00e4llt i st\u00e5nd. Ser ut \u00f6ver \u00e4gorna i kv\u00e4llssolen och njuter av det vackra. Men det kanske \u00e4nd\u00e5 k\u00e4nns som att det bortom synranden &#8221;inte var f\u00f6r mig&#8221;.<\/p>\n<p>S\u00e5 \u00e4r det kanske \u00e4ven f\u00f6r m\u00e5nga av oss som \u00e4r glada att ha en kristen tro? Skriv en kommentar om du tycker du ocks\u00e5 k\u00e4nner dig som en hemmadotter ibland.<\/p>\n<\/div>\n","protected":false},"excerpt":{"rendered":"<p>Jag har som jag skrev h\u00e4romdagen varit p\u00e5 begravning i sl\u00e4kten h\u00e4romdagen. Pr\u00e4sten talade om min avlidna sl\u00e4kting och om det liv hon levt. Han ber\u00e4ttade d\u00e5 bland annat om att hon var &#8221;hemmadottern&#8221;, den som blev kvar p\u00e5 g\u00e5rden och tog hand om sina gamla f\u00f6r\u00e4ldrar och inte bildade egen familj. N\u00e4r han sade [&hellip;]<\/p>\n","protected":false},"author":392,"featured_media":0,"comment_status":"open","ping_status":"open","sticky":false,"template":"","format":"standard","meta":{"_acf_changed":false,"footnotes":""},"categories":[8298,76189],"tags":[],"class_list":["post-3489","post","type-post","status-publish","format-standard","hentry","category-bibeln","category-dagens-kyrka"],"acf":[],"yoast_head":"<!-- This site is optimized with the Yoast SEO plugin v27.1.1 - https:\/\/yoast.com\/product\/yoast-seo-wordpress\/ -->\n<title>Hemmadottern - Vandra V\u00e4gen<\/title>\n<meta name=\"robots\" content=\"index, follow, max-snippet:-1, max-image-preview:large, max-video-preview:-1\" \/>\n<link rel=\"canonical\" href=\"https:\/\/blogg.svenskakyrkan.se\/vandravagen\/2015\/08\/19\/hemmadottern\/\" \/>\n<meta property=\"og:locale\" content=\"sv_SE\" \/>\n<meta property=\"og:type\" content=\"article\" \/>\n<meta property=\"og:title\" content=\"Hemmadottern - Vandra V\u00e4gen\" \/>\n<meta property=\"og:description\" content=\"Jag har som jag skrev h\u00e4romdagen varit p\u00e5 begravning i sl\u00e4kten h\u00e4romdagen. Pr\u00e4sten talade om min avlidna sl\u00e4kting och om det liv hon levt. Han ber\u00e4ttade d\u00e5 bland annat om att hon var &#8221;hemmadottern&#8221;, den som blev kvar p\u00e5 g\u00e5rden och tog hand om sina gamla f\u00f6r\u00e4ldrar och inte bildade egen familj. N\u00e4r han sade [&hellip;]\" \/>\n<meta property=\"og:url\" content=\"https:\/\/blogg.svenskakyrkan.se\/vandravagen\/2015\/08\/19\/hemmadottern\/\" \/>\n<meta property=\"og:site_name\" content=\"Vandra V\u00e4gen\" \/>\n<meta property=\"article:publisher\" content=\"http:\/\/facebook.com\/vandravagen\" \/>\n<meta property=\"article:published_time\" content=\"2015-08-19T05:00:27+00:00\" \/>\n<meta property=\"og:image\" content=\"http:\/\/blogg.svenskakyrkan.se\/vandravagen\/files\/2015\/08\/V6TQAY4wDjMgZgfcJ979f-IS4sxGVRwiamptiCoNYdM.jpg\" \/>\n<meta name=\"author\" content=\"Tomas Jarvid\" \/>\n<meta name=\"twitter:card\" content=\"summary_large_image\" \/>\n<meta name=\"twitter:creator\" content=\"@fadertomas\" \/>\n<meta name=\"twitter:site\" content=\"@fadertomas\" \/>\n<meta name=\"twitter:label1\" content=\"Skriven av\" \/>\n\t<meta name=\"twitter:data1\" content=\"Tomas Jarvid\" \/>\n\t<meta name=\"twitter:label2\" content=\"Ber\u00e4knad l\u00e4stid\" \/>\n\t<meta name=\"twitter:data2\" content=\"2 minuter\" \/>\n<script type=\"application\/ld+json\" class=\"yoast-schema-graph\">{\"@context\":\"https:\/\/schema.org\",\"@graph\":[{\"@type\":\"Article\",\"@id\":\"https:\/\/blogg.svenskakyrkan.se\/vandravagen\/2015\/08\/19\/hemmadottern\/#article\",\"isPartOf\":{\"@id\":\"https:\/\/blogg.svenskakyrkan.se\/vandravagen\/2015\/08\/19\/hemmadottern\/\"},\"author\":{\"name\":\"Tomas Jarvid\",\"@id\":\"https:\/\/blogg.svenskakyrkan.se\/vandravagen\/#\/schema\/person\/25da02d4f76b137d04291711e2c9fc16\"},\"headline\":\"Hemmadottern\",\"datePublished\":\"2015-08-19T05:00:27+00:00\",\"mainEntityOfPage\":{\"@id\":\"https:\/\/blogg.svenskakyrkan.se\/vandravagen\/2015\/08\/19\/hemmadottern\/\"},\"wordCount\":475,\"commentCount\":0,\"publisher\":{\"@id\":\"https:\/\/blogg.svenskakyrkan.se\/vandravagen\/#organization\"},\"image\":{\"@id\":\"https:\/\/blogg.svenskakyrkan.se\/vandravagen\/2015\/08\/19\/hemmadottern\/#primaryimage\"},\"thumbnailUrl\":\"http:\/\/blogg.svenskakyrkan.se\/vandravagen\/files\/2015\/08\/V6TQAY4wDjMgZgfcJ979f-IS4sxGVRwiamptiCoNYdM.jpg\",\"articleSection\":[\"Bibeln\",\"Dagens Kyrka\"],\"inLanguage\":\"sv-SE\",\"potentialAction\":[{\"@type\":\"CommentAction\",\"name\":\"Comment\",\"target\":[\"https:\/\/blogg.svenskakyrkan.se\/vandravagen\/2015\/08\/19\/hemmadottern\/#respond\"]}]},{\"@type\":\"WebPage\",\"@id\":\"https:\/\/blogg.svenskakyrkan.se\/vandravagen\/2015\/08\/19\/hemmadottern\/\",\"url\":\"https:\/\/blogg.svenskakyrkan.se\/vandravagen\/2015\/08\/19\/hemmadottern\/\",\"name\":\"Hemmadottern - Vandra V\u00e4gen\",\"isPartOf\":{\"@id\":\"https:\/\/blogg.svenskakyrkan.se\/vandravagen\/#website\"},\"primaryImageOfPage\":{\"@id\":\"https:\/\/blogg.svenskakyrkan.se\/vandravagen\/2015\/08\/19\/hemmadottern\/#primaryimage\"},\"image\":{\"@id\":\"https:\/\/blogg.svenskakyrkan.se\/vandravagen\/2015\/08\/19\/hemmadottern\/#primaryimage\"},\"thumbnailUrl\":\"http:\/\/blogg.svenskakyrkan.se\/vandravagen\/files\/2015\/08\/V6TQAY4wDjMgZgfcJ979f-IS4sxGVRwiamptiCoNYdM.jpg\",\"datePublished\":\"2015-08-19T05:00:27+00:00\",\"breadcrumb\":{\"@id\":\"https:\/\/blogg.svenskakyrkan.se\/vandravagen\/2015\/08\/19\/hemmadottern\/#breadcrumb\"},\"inLanguage\":\"sv-SE\",\"potentialAction\":[{\"@type\":\"ReadAction\",\"target\":[\"https:\/\/blogg.svenskakyrkan.se\/vandravagen\/2015\/08\/19\/hemmadottern\/\"]}]},{\"@type\":\"ImageObject\",\"inLanguage\":\"sv-SE\",\"@id\":\"https:\/\/blogg.svenskakyrkan.se\/vandravagen\/2015\/08\/19\/hemmadottern\/#primaryimage\",\"url\":\"http:\/\/blogg.svenskakyrkan.se\/vandravagen\/files\/2015\/08\/V6TQAY4wDjMgZgfcJ979f-IS4sxGVRwiamptiCoNYdM.jpg\",\"contentUrl\":\"http:\/\/blogg.svenskakyrkan.se\/vandravagen\/files\/2015\/08\/V6TQAY4wDjMgZgfcJ979f-IS4sxGVRwiamptiCoNYdM.jpg\"},{\"@type\":\"BreadcrumbList\",\"@id\":\"https:\/\/blogg.svenskakyrkan.se\/vandravagen\/2015\/08\/19\/hemmadottern\/#breadcrumb\",\"itemListElement\":[{\"@type\":\"ListItem\",\"position\":1,\"name\":\"Hem\",\"item\":\"https:\/\/blogg.svenskakyrkan.se\/vandravagen\/\"},{\"@type\":\"ListItem\",\"position\":2,\"name\":\"Hemmadottern\"}]},{\"@type\":\"WebSite\",\"@id\":\"https:\/\/blogg.svenskakyrkan.se\/vandravagen\/#website\",\"url\":\"https:\/\/blogg.svenskakyrkan.se\/vandravagen\/\",\"name\":\"Vandra V\u00e4gen\",\"description\":\"-Mot en tro f\u00f6r hela livet\",\"publisher\":{\"@id\":\"https:\/\/blogg.svenskakyrkan.se\/vandravagen\/#organization\"},\"potentialAction\":[{\"@type\":\"SearchAction\",\"target\":{\"@type\":\"EntryPoint\",\"urlTemplate\":\"https:\/\/blogg.svenskakyrkan.se\/vandravagen\/?s={search_term_string}\"},\"query-input\":{\"@type\":\"PropertyValueSpecification\",\"valueRequired\":true,\"valueName\":\"search_term_string\"}}],\"inLanguage\":\"sv-SE\"},{\"@type\":\"Organization\",\"@id\":\"https:\/\/blogg.svenskakyrkan.se\/vandravagen\/#organization\",\"name\":\"ulricehamns pastorat\",\"alternateName\":\"ulricehamns pastorat\",\"url\":\"https:\/\/blogg.svenskakyrkan.se\/vandravagen\/\",\"logo\":{\"@type\":\"ImageObject\",\"inLanguage\":\"sv-SE\",\"@id\":\"https:\/\/blogg.svenskakyrkan.se\/vandravagen\/#\/schema\/logo\/image\/\",\"url\":\"https:\/\/blogg.svenskakyrkan.se\/vandravagen\/files\/2023\/05\/Ulr_logo_RGB.png\",\"contentUrl\":\"https:\/\/blogg.svenskakyrkan.se\/vandravagen\/files\/2023\/05\/Ulr_logo_RGB.png\",\"width\":205,\"height\":77,\"caption\":\"ulricehamns pastorat\"},\"image\":{\"@id\":\"https:\/\/blogg.svenskakyrkan.se\/vandravagen\/#\/schema\/logo\/image\/\"},\"sameAs\":[\"http:\/\/facebook.com\/vandravagen\",\"https:\/\/x.com\/fadertomas\",\"http:\/\/www.facebook.com\/svenskakyrkaniulricehamn\"]},{\"@type\":\"Person\",\"@id\":\"https:\/\/blogg.svenskakyrkan.se\/vandravagen\/#\/schema\/person\/25da02d4f76b137d04291711e2c9fc16\",\"name\":\"Tomas Jarvid\",\"image\":{\"@type\":\"ImageObject\",\"inLanguage\":\"sv-SE\",\"@id\":\"https:\/\/blogg.svenskakyrkan.se\/vandravagen\/#\/schema\/person\/image\/\",\"url\":\"https:\/\/secure.gravatar.com\/avatar\/7fa71899795e8f540f615a1f5ab25255dc27aa40f05ee7ddd21aac521e01bf50?s=96&d=identicon&r=g\",\"contentUrl\":\"https:\/\/secure.gravatar.com\/avatar\/7fa71899795e8f540f615a1f5ab25255dc27aa40f05ee7ddd21aac521e01bf50?s=96&d=identicon&r=g\",\"caption\":\"Tomas Jarvid\"},\"description\":\"Jag bor i Ulricehamn i V\u00e4sterg\u00f6tland och \u00e4r f\u00f6rsamlingspr\u00e4st i Svenska Kyrkan f\u00f6r Dalstorps f\u00f6rsamling i Kinds pastorat. P\u00e5 den h\u00e4r bloggen skriver jag ner tankar om vandringen som kristen.\",\"sameAs\":[\"http:\/\/www.vandravagen.se\"],\"url\":\"https:\/\/blogg.svenskakyrkan.se\/vandravagen\/author\/vandravagen\/\"}]}<\/script>\n<!-- \/ Yoast SEO plugin. -->","yoast_head_json":{"title":"Hemmadottern - Vandra V\u00e4gen","robots":{"index":"index","follow":"follow","max-snippet":"max-snippet:-1","max-image-preview":"max-image-preview:large","max-video-preview":"max-video-preview:-1"},"canonical":"https:\/\/blogg.svenskakyrkan.se\/vandravagen\/2015\/08\/19\/hemmadottern\/","og_locale":"sv_SE","og_type":"article","og_title":"Hemmadottern - Vandra V\u00e4gen","og_description":"Jag har som jag skrev h\u00e4romdagen varit p\u00e5 begravning i sl\u00e4kten h\u00e4romdagen. Pr\u00e4sten talade om min avlidna sl\u00e4kting och om det liv hon levt. Han ber\u00e4ttade d\u00e5 bland annat om att hon var &#8221;hemmadottern&#8221;, den som blev kvar p\u00e5 g\u00e5rden och tog hand om sina gamla f\u00f6r\u00e4ldrar och inte bildade egen familj. N\u00e4r han sade [&hellip;]","og_url":"https:\/\/blogg.svenskakyrkan.se\/vandravagen\/2015\/08\/19\/hemmadottern\/","og_site_name":"Vandra V\u00e4gen","article_publisher":"http:\/\/facebook.com\/vandravagen","article_published_time":"2015-08-19T05:00:27+00:00","og_image":[{"url":"http:\/\/blogg.svenskakyrkan.se\/vandravagen\/files\/2015\/08\/V6TQAY4wDjMgZgfcJ979f-IS4sxGVRwiamptiCoNYdM.jpg","type":"","width":"","height":""}],"author":"Tomas Jarvid","twitter_card":"summary_large_image","twitter_creator":"@fadertomas","twitter_site":"@fadertomas","twitter_misc":{"Skriven av":"Tomas Jarvid","Ber\u00e4knad l\u00e4stid":"2 minuter"},"schema":{"@context":"https:\/\/schema.org","@graph":[{"@type":"Article","@id":"https:\/\/blogg.svenskakyrkan.se\/vandravagen\/2015\/08\/19\/hemmadottern\/#article","isPartOf":{"@id":"https:\/\/blogg.svenskakyrkan.se\/vandravagen\/2015\/08\/19\/hemmadottern\/"},"author":{"name":"Tomas Jarvid","@id":"https:\/\/blogg.svenskakyrkan.se\/vandravagen\/#\/schema\/person\/25da02d4f76b137d04291711e2c9fc16"},"headline":"Hemmadottern","datePublished":"2015-08-19T05:00:27+00:00","mainEntityOfPage":{"@id":"https:\/\/blogg.svenskakyrkan.se\/vandravagen\/2015\/08\/19\/hemmadottern\/"},"wordCount":475,"commentCount":0,"publisher":{"@id":"https:\/\/blogg.svenskakyrkan.se\/vandravagen\/#organization"},"image":{"@id":"https:\/\/blogg.svenskakyrkan.se\/vandravagen\/2015\/08\/19\/hemmadottern\/#primaryimage"},"thumbnailUrl":"http:\/\/blogg.svenskakyrkan.se\/vandravagen\/files\/2015\/08\/V6TQAY4wDjMgZgfcJ979f-IS4sxGVRwiamptiCoNYdM.jpg","articleSection":["Bibeln","Dagens Kyrka"],"inLanguage":"sv-SE","potentialAction":[{"@type":"CommentAction","name":"Comment","target":["https:\/\/blogg.svenskakyrkan.se\/vandravagen\/2015\/08\/19\/hemmadottern\/#respond"]}]},{"@type":"WebPage","@id":"https:\/\/blogg.svenskakyrkan.se\/vandravagen\/2015\/08\/19\/hemmadottern\/","url":"https:\/\/blogg.svenskakyrkan.se\/vandravagen\/2015\/08\/19\/hemmadottern\/","name":"Hemmadottern - Vandra V\u00e4gen","isPartOf":{"@id":"https:\/\/blogg.svenskakyrkan.se\/vandravagen\/#website"},"primaryImageOfPage":{"@id":"https:\/\/blogg.svenskakyrkan.se\/vandravagen\/2015\/08\/19\/hemmadottern\/#primaryimage"},"image":{"@id":"https:\/\/blogg.svenskakyrkan.se\/vandravagen\/2015\/08\/19\/hemmadottern\/#primaryimage"},"thumbnailUrl":"http:\/\/blogg.svenskakyrkan.se\/vandravagen\/files\/2015\/08\/V6TQAY4wDjMgZgfcJ979f-IS4sxGVRwiamptiCoNYdM.jpg","datePublished":"2015-08-19T05:00:27+00:00","breadcrumb":{"@id":"https:\/\/blogg.svenskakyrkan.se\/vandravagen\/2015\/08\/19\/hemmadottern\/#breadcrumb"},"inLanguage":"sv-SE","potentialAction":[{"@type":"ReadAction","target":["https:\/\/blogg.svenskakyrkan.se\/vandravagen\/2015\/08\/19\/hemmadottern\/"]}]},{"@type":"ImageObject","inLanguage":"sv-SE","@id":"https:\/\/blogg.svenskakyrkan.se\/vandravagen\/2015\/08\/19\/hemmadottern\/#primaryimage","url":"http:\/\/blogg.svenskakyrkan.se\/vandravagen\/files\/2015\/08\/V6TQAY4wDjMgZgfcJ979f-IS4sxGVRwiamptiCoNYdM.jpg","contentUrl":"http:\/\/blogg.svenskakyrkan.se\/vandravagen\/files\/2015\/08\/V6TQAY4wDjMgZgfcJ979f-IS4sxGVRwiamptiCoNYdM.jpg"},{"@type":"BreadcrumbList","@id":"https:\/\/blogg.svenskakyrkan.se\/vandravagen\/2015\/08\/19\/hemmadottern\/#breadcrumb","itemListElement":[{"@type":"ListItem","position":1,"name":"Hem","item":"https:\/\/blogg.svenskakyrkan.se\/vandravagen\/"},{"@type":"ListItem","position":2,"name":"Hemmadottern"}]},{"@type":"WebSite","@id":"https:\/\/blogg.svenskakyrkan.se\/vandravagen\/#website","url":"https:\/\/blogg.svenskakyrkan.se\/vandravagen\/","name":"Vandra V\u00e4gen","description":"-Mot en tro f\u00f6r hela livet","publisher":{"@id":"https:\/\/blogg.svenskakyrkan.se\/vandravagen\/#organization"},"potentialAction":[{"@type":"SearchAction","target":{"@type":"EntryPoint","urlTemplate":"https:\/\/blogg.svenskakyrkan.se\/vandravagen\/?s={search_term_string}"},"query-input":{"@type":"PropertyValueSpecification","valueRequired":true,"valueName":"search_term_string"}}],"inLanguage":"sv-SE"},{"@type":"Organization","@id":"https:\/\/blogg.svenskakyrkan.se\/vandravagen\/#organization","name":"ulricehamns pastorat","alternateName":"ulricehamns pastorat","url":"https:\/\/blogg.svenskakyrkan.se\/vandravagen\/","logo":{"@type":"ImageObject","inLanguage":"sv-SE","@id":"https:\/\/blogg.svenskakyrkan.se\/vandravagen\/#\/schema\/logo\/image\/","url":"https:\/\/blogg.svenskakyrkan.se\/vandravagen\/files\/2023\/05\/Ulr_logo_RGB.png","contentUrl":"https:\/\/blogg.svenskakyrkan.se\/vandravagen\/files\/2023\/05\/Ulr_logo_RGB.png","width":205,"height":77,"caption":"ulricehamns pastorat"},"image":{"@id":"https:\/\/blogg.svenskakyrkan.se\/vandravagen\/#\/schema\/logo\/image\/"},"sameAs":["http:\/\/facebook.com\/vandravagen","https:\/\/x.com\/fadertomas","http:\/\/www.facebook.com\/svenskakyrkaniulricehamn"]},{"@type":"Person","@id":"https:\/\/blogg.svenskakyrkan.se\/vandravagen\/#\/schema\/person\/25da02d4f76b137d04291711e2c9fc16","name":"Tomas Jarvid","image":{"@type":"ImageObject","inLanguage":"sv-SE","@id":"https:\/\/blogg.svenskakyrkan.se\/vandravagen\/#\/schema\/person\/image\/","url":"https:\/\/secure.gravatar.com\/avatar\/7fa71899795e8f540f615a1f5ab25255dc27aa40f05ee7ddd21aac521e01bf50?s=96&d=identicon&r=g","contentUrl":"https:\/\/secure.gravatar.com\/avatar\/7fa71899795e8f540f615a1f5ab25255dc27aa40f05ee7ddd21aac521e01bf50?s=96&d=identicon&r=g","caption":"Tomas Jarvid"},"description":"Jag bor i Ulricehamn i V\u00e4sterg\u00f6tland och \u00e4r f\u00f6rsamlingspr\u00e4st i Svenska Kyrkan f\u00f6r Dalstorps f\u00f6rsamling i Kinds pastorat. P\u00e5 den h\u00e4r bloggen skriver jag ner tankar om vandringen som kristen.","sameAs":["http:\/\/www.vandravagen.se"],"url":"https:\/\/blogg.svenskakyrkan.se\/vandravagen\/author\/vandravagen\/"}]}},"author_meta":{"ID":"392","user_nicename":"vandravagen","user_url":"http:\/\/www.vandravagen.se","user_registered":"2014-05-19 05:44:52","display_name":"Tomas Jarvid","first_name":"Tomas","last_name":"Jarvid","avatar":"https:\/\/secure.gravatar.com\/avatar\/7fa71899795e8f540f615a1f5ab25255dc27aa40f05ee7ddd21aac521e01bf50?s=96&d=identicon&r=g"},"featured_image":false,"bloginfo":{"name":"Vandra V\u00e4gen","url":"https:\/\/blogg.svenskakyrkan.se\/vandravagen"},"_links":{"self":[{"href":"https:\/\/blogg.svenskakyrkan.se\/vandravagen\/wp-json\/wp\/v2\/posts\/3489","targetHints":{"allow":["GET"]}}],"collection":[{"href":"https:\/\/blogg.svenskakyrkan.se\/vandravagen\/wp-json\/wp\/v2\/posts"}],"about":[{"href":"https:\/\/blogg.svenskakyrkan.se\/vandravagen\/wp-json\/wp\/v2\/types\/post"}],"author":[{"embeddable":true,"href":"https:\/\/blogg.svenskakyrkan.se\/vandravagen\/wp-json\/wp\/v2\/users\/392"}],"replies":[{"embeddable":true,"href":"https:\/\/blogg.svenskakyrkan.se\/vandravagen\/wp-json\/wp\/v2\/comments?post=3489"}],"version-history":[{"count":1,"href":"https:\/\/blogg.svenskakyrkan.se\/vandravagen\/wp-json\/wp\/v2\/posts\/3489\/revisions"}],"predecessor-version":[{"id":3491,"href":"https:\/\/blogg.svenskakyrkan.se\/vandravagen\/wp-json\/wp\/v2\/posts\/3489\/revisions\/3491"}],"wp:attachment":[{"href":"https:\/\/blogg.svenskakyrkan.se\/vandravagen\/wp-json\/wp\/v2\/media?parent=3489"}],"wp:term":[{"taxonomy":"category","embeddable":true,"href":"https:\/\/blogg.svenskakyrkan.se\/vandravagen\/wp-json\/wp\/v2\/categories?post=3489"},{"taxonomy":"post_tag","embeddable":true,"href":"https:\/\/blogg.svenskakyrkan.se\/vandravagen\/wp-json\/wp\/v2\/tags?post=3489"}],"curies":[{"name":"wp","href":"https:\/\/api.w.org\/{rel}","templated":true}]}}