{"id":349,"date":"2013-09-19T07:32:00","date_gmt":"2013-09-19T05:32:00","guid":{"rendered":"http:\/\/blogg.svenskakyrkan.se\/vandravagen\/2013\/09\/19\/jesus-ar-pa-min-sida-ett-minibibelstudium\/"},"modified":"2013-09-19T07:32:00","modified_gmt":"2013-09-19T05:32:00","slug":"jesus-ar-pa-min-sida-ett-minibibelstudium","status":"publish","type":"post","link":"https:\/\/blogg.svenskakyrkan.se\/vandravagen\/2013\/09\/19\/jesus-ar-pa-min-sida-ett-minibibelstudium\/","title":{"rendered":"&quot;Jesus \u00e4r p\u00e5 min sida&quot;, ett minibibelstudium"},"content":{"rendered":"<table align=\"center\" cellpadding=\"0\" cellspacing=\"0\">\n<tbody>\n<tr>\n<td><a href=\"http:\/\/3.bp.blogspot.com\/-7sU2CY-j9sg\/UjqMFH7574I\/AAAAAAAAFYw\/BW3OYpw-xFA\/s1600\/IMG_3986.JPG\"><img loading=\"lazy\" decoding=\"async\" border=\"0\" height=\"498\" src=\"http:\/\/3.bp.blogspot.com\/-7sU2CY-j9sg\/UjqMFH7574I\/AAAAAAAAFYw\/BW3OYpw-xFA\/s640\/IMG_3986.JPG\" width=\"640\"><\/a><\/td>\n<\/tr>\n<tr>\n<td>Theodor Rosevelt ridande p\u00e5 simmande \u00e4lg. \u00c4lskar mest \u00e4ventyret?<\/td>\n<\/tr>\n<\/tbody>\n<\/table>\n<p>Nu, den 17e s\u00f6ndagen efter trefaldighet ing\u00e5r de h\u00e4r korta verserna fr\u00e5n lukasevangeliet i evangeliel\u00e4sningen:<\/p>\n<blockquote>\n<p>Luk 12:13 N\u00e5gon i hopen sade till honom: &#8221;M\u00e4stare, s\u00e4g \u00e5t min bror att dela arvet med mig.&#8221; 14Han svarade: &#8221;Vem har satt mig till att d\u00f6ma eller skifta mellan er?&#8221; 15Och han sade till dem: &#8221;Akta er f\u00f6r allt habeg\u00e4r. En m\u00e4nniskas liv beror inte av \u00f6verfl\u00f6d p\u00e5 \u00e4godelar.&#8221;<\/p>\n<\/blockquote>\n<p>Det var sed p\u00e5 Jesu tid (och det har nog funkat p\u00e5 liknande s\u00e4tt i de flesta tider och kulturer) att man kunde v\u00e4nda sig till en rabbin och be honom hj\u00e4lpa till att avg\u00f6ra konflikter mellan flera personer eller parter. Nu \u00e4r det en som s\u00f6ker upp Jesus f\u00f6r att be om hj\u00e4lp. Notera att han snarare g\u00f6r det i syfte att f\u00e5 Jesus att f\u00f6retr\u00e4da hans intressen \u00e4n vara opartisk! &#8221;S\u00e4g \u00e5t min bror&#8221;.<\/p>\n<p>Jesus \u00e4r inte intresserad och det \u00e4r inte s\u00e5 konstigt heller. Den som s\u00f6kt upp honom \u00e4r f\u00f6rmodligen inte speciellt intresserad av Jesus eller vad han har att ge. Han vill ha sina pengar och t\u00e4nker att han kan f\u00e5 Jesus p\u00e5 sin sida mot sin bror och f\u00e5 dem. Det \u00e4r egentligen inte Jesus han \u00e4r intresserad av, Jesus \u00e4r bara ett medel f\u00f6r det han egentligen vill ha. \u00c5tminstone i det h\u00e4r fallet. Jesus ser f\u00f6rst\u00e5s vad det \u00e4r som p\u00e5g\u00e5r och det \u00e4r d\u00e4rf\u00f6r han varnar f\u00f6r habeg\u00e4ret, det \u00e4r det som egentligen styr mannens liv.<\/p>\n<p>\u00c4r vi verkligen intresserade av Jesus och det han vill ge? Eller ber vi p\u00e5 samma s\u00e4tt, f\u00f6r att f\u00e5 Jesus att se till att vi f\u00e5r det vi <i>egentligen<\/i> vill ha? Gud \u00e4r nog inte annorlunda \u00e4n oss, han vill att vi s\u00f6ker honom f\u00f6r hans egen skull&#8230;<\/p>\n","protected":false},"excerpt":{"rendered":"<p>Theodor Rosevelt ridande p\u00e5 simmande \u00e4lg. \u00c4lskar mest \u00e4ventyret? Nu, den 17e s\u00f6ndagen efter trefaldighet ing\u00e5r de h\u00e4r korta verserna fr\u00e5n lukasevangeliet i evangeliel\u00e4sningen: Luk 12:13 N\u00e5gon i hopen sade till honom: &#8221;M\u00e4stare, s\u00e4g \u00e5t min bror att dela arvet med mig.&#8221; 14Han svarade: &#8221;Vem har satt mig till att d\u00f6ma eller skifta mellan er?&#8221; [&hellip;]<\/p>\n","protected":false},"author":392,"featured_media":0,"comment_status":"open","ping_status":"open","sticky":false,"template":"","format":"standard","meta":{"_acf_changed":false,"footnotes":""},"categories":[14252,8298,117],"tags":[],"class_list":["post-349","post","type-post","status-publish","format-standard","hentry","category-bibel","category-bibeln","category-teologi"],"acf":[],"yoast_head":"<!-- This site is optimized with the Yoast SEO plugin v27.1.1 - https:\/\/yoast.com\/product\/yoast-seo-wordpress\/ -->\n<title>&quot;Jesus \u00e4r p\u00e5 min sida&quot;, ett minibibelstudium - Vandra V\u00e4gen<\/title>\n<meta name=\"robots\" content=\"index, follow, max-snippet:-1, max-image-preview:large, max-video-preview:-1\" \/>\n<link rel=\"canonical\" href=\"https:\/\/blogg.svenskakyrkan.se\/vandravagen\/2013\/09\/19\/jesus-ar-pa-min-sida-ett-minibibelstudium\/\" \/>\n<meta property=\"og:locale\" content=\"sv_SE\" \/>\n<meta property=\"og:type\" content=\"article\" \/>\n<meta property=\"og:title\" content=\"&quot;Jesus \u00e4r p\u00e5 min sida&quot;, ett minibibelstudium - Vandra V\u00e4gen\" \/>\n<meta property=\"og:description\" content=\"Theodor Rosevelt ridande p\u00e5 simmande \u00e4lg. \u00c4lskar mest \u00e4ventyret? Nu, den 17e s\u00f6ndagen efter trefaldighet ing\u00e5r de h\u00e4r korta verserna fr\u00e5n lukasevangeliet i evangeliel\u00e4sningen: Luk 12:13 N\u00e5gon i hopen sade till honom: &#8221;M\u00e4stare, s\u00e4g \u00e5t min bror att dela arvet med mig.&#8221; 14Han svarade: &#8221;Vem har satt mig till att d\u00f6ma eller skifta mellan er?&#8221; [&hellip;]\" \/>\n<meta property=\"og:url\" content=\"https:\/\/blogg.svenskakyrkan.se\/vandravagen\/2013\/09\/19\/jesus-ar-pa-min-sida-ett-minibibelstudium\/\" \/>\n<meta property=\"og:site_name\" content=\"Vandra V\u00e4gen\" \/>\n<meta property=\"article:publisher\" content=\"http:\/\/facebook.com\/vandravagen\" \/>\n<meta property=\"article:published_time\" content=\"2013-09-19T05:32:00+00:00\" \/>\n<meta property=\"og:image\" content=\"http:\/\/3.bp.blogspot.com\/-7sU2CY-j9sg\/UjqMFH7574I\/AAAAAAAAFYw\/BW3OYpw-xFA\/s640\/IMG_3986.JPG\" \/>\n<meta name=\"author\" content=\"Tomas Jarvid\" \/>\n<meta name=\"twitter:card\" content=\"summary_large_image\" \/>\n<meta name=\"twitter:creator\" content=\"@fadertomas\" \/>\n<meta name=\"twitter:site\" content=\"@fadertomas\" \/>\n<meta name=\"twitter:label1\" content=\"Skriven av\" \/>\n\t<meta name=\"twitter:data1\" content=\"Tomas Jarvid\" \/>\n\t<meta name=\"twitter:label2\" content=\"Ber\u00e4knad l\u00e4stid\" \/>\n\t<meta name=\"twitter:data2\" content=\"2 minuter\" \/>\n<script type=\"application\/ld+json\" class=\"yoast-schema-graph\">{\"@context\":\"https:\/\/schema.org\",\"@graph\":[{\"@type\":\"Article\",\"@id\":\"https:\/\/blogg.svenskakyrkan.se\/vandravagen\/2013\/09\/19\/jesus-ar-pa-min-sida-ett-minibibelstudium\/#article\",\"isPartOf\":{\"@id\":\"https:\/\/blogg.svenskakyrkan.se\/vandravagen\/2013\/09\/19\/jesus-ar-pa-min-sida-ett-minibibelstudium\/\"},\"author\":{\"name\":\"Tomas Jarvid\",\"@id\":\"https:\/\/blogg.svenskakyrkan.se\/vandravagen\/#\/schema\/person\/25da02d4f76b137d04291711e2c9fc16\"},\"headline\":\"&quot;Jesus \u00e4r p\u00e5 min sida&quot;, ett minibibelstudium\",\"datePublished\":\"2013-09-19T05:32:00+00:00\",\"mainEntityOfPage\":{\"@id\":\"https:\/\/blogg.svenskakyrkan.se\/vandravagen\/2013\/09\/19\/jesus-ar-pa-min-sida-ett-minibibelstudium\/\"},\"wordCount\":348,\"commentCount\":2,\"publisher\":{\"@id\":\"https:\/\/blogg.svenskakyrkan.se\/vandravagen\/#organization\"},\"image\":{\"@id\":\"https:\/\/blogg.svenskakyrkan.se\/vandravagen\/2013\/09\/19\/jesus-ar-pa-min-sida-ett-minibibelstudium\/#primaryimage\"},\"thumbnailUrl\":\"http:\/\/3.bp.blogspot.com\/-7sU2CY-j9sg\/UjqMFH7574I\/AAAAAAAAFYw\/BW3OYpw-xFA\/s640\/IMG_3986.JPG\",\"articleSection\":[\"bibel\",\"Bibeln\",\"Teologi\"],\"inLanguage\":\"sv-SE\",\"potentialAction\":[{\"@type\":\"CommentAction\",\"name\":\"Comment\",\"target\":[\"https:\/\/blogg.svenskakyrkan.se\/vandravagen\/2013\/09\/19\/jesus-ar-pa-min-sida-ett-minibibelstudium\/#respond\"]}]},{\"@type\":\"WebPage\",\"@id\":\"https:\/\/blogg.svenskakyrkan.se\/vandravagen\/2013\/09\/19\/jesus-ar-pa-min-sida-ett-minibibelstudium\/\",\"url\":\"https:\/\/blogg.svenskakyrkan.se\/vandravagen\/2013\/09\/19\/jesus-ar-pa-min-sida-ett-minibibelstudium\/\",\"name\":\"&quot;Jesus \u00e4r p\u00e5 min sida&quot;, ett minibibelstudium - Vandra V\u00e4gen\",\"isPartOf\":{\"@id\":\"https:\/\/blogg.svenskakyrkan.se\/vandravagen\/#website\"},\"primaryImageOfPage\":{\"@id\":\"https:\/\/blogg.svenskakyrkan.se\/vandravagen\/2013\/09\/19\/jesus-ar-pa-min-sida-ett-minibibelstudium\/#primaryimage\"},\"image\":{\"@id\":\"https:\/\/blogg.svenskakyrkan.se\/vandravagen\/2013\/09\/19\/jesus-ar-pa-min-sida-ett-minibibelstudium\/#primaryimage\"},\"thumbnailUrl\":\"http:\/\/3.bp.blogspot.com\/-7sU2CY-j9sg\/UjqMFH7574I\/AAAAAAAAFYw\/BW3OYpw-xFA\/s640\/IMG_3986.JPG\",\"datePublished\":\"2013-09-19T05:32:00+00:00\",\"breadcrumb\":{\"@id\":\"https:\/\/blogg.svenskakyrkan.se\/vandravagen\/2013\/09\/19\/jesus-ar-pa-min-sida-ett-minibibelstudium\/#breadcrumb\"},\"inLanguage\":\"sv-SE\",\"potentialAction\":[{\"@type\":\"ReadAction\",\"target\":[\"https:\/\/blogg.svenskakyrkan.se\/vandravagen\/2013\/09\/19\/jesus-ar-pa-min-sida-ett-minibibelstudium\/\"]}]},{\"@type\":\"ImageObject\",\"inLanguage\":\"sv-SE\",\"@id\":\"https:\/\/blogg.svenskakyrkan.se\/vandravagen\/2013\/09\/19\/jesus-ar-pa-min-sida-ett-minibibelstudium\/#primaryimage\",\"url\":\"http:\/\/3.bp.blogspot.com\/-7sU2CY-j9sg\/UjqMFH7574I\/AAAAAAAAFYw\/BW3OYpw-xFA\/s640\/IMG_3986.JPG\",\"contentUrl\":\"http:\/\/3.bp.blogspot.com\/-7sU2CY-j9sg\/UjqMFH7574I\/AAAAAAAAFYw\/BW3OYpw-xFA\/s640\/IMG_3986.JPG\"},{\"@type\":\"BreadcrumbList\",\"@id\":\"https:\/\/blogg.svenskakyrkan.se\/vandravagen\/2013\/09\/19\/jesus-ar-pa-min-sida-ett-minibibelstudium\/#breadcrumb\",\"itemListElement\":[{\"@type\":\"ListItem\",\"position\":1,\"name\":\"Hem\",\"item\":\"https:\/\/blogg.svenskakyrkan.se\/vandravagen\/\"},{\"@type\":\"ListItem\",\"position\":2,\"name\":\"&quot;Jesus \u00e4r p\u00e5 min sida&quot;, ett minibibelstudium\"}]},{\"@type\":\"WebSite\",\"@id\":\"https:\/\/blogg.svenskakyrkan.se\/vandravagen\/#website\",\"url\":\"https:\/\/blogg.svenskakyrkan.se\/vandravagen\/\",\"name\":\"Vandra V\u00e4gen\",\"description\":\"-Mot en tro f\u00f6r hela livet\",\"publisher\":{\"@id\":\"https:\/\/blogg.svenskakyrkan.se\/vandravagen\/#organization\"},\"potentialAction\":[{\"@type\":\"SearchAction\",\"target\":{\"@type\":\"EntryPoint\",\"urlTemplate\":\"https:\/\/blogg.svenskakyrkan.se\/vandravagen\/?s={search_term_string}\"},\"query-input\":{\"@type\":\"PropertyValueSpecification\",\"valueRequired\":true,\"valueName\":\"search_term_string\"}}],\"inLanguage\":\"sv-SE\"},{\"@type\":\"Organization\",\"@id\":\"https:\/\/blogg.svenskakyrkan.se\/vandravagen\/#organization\",\"name\":\"ulricehamns pastorat\",\"alternateName\":\"ulricehamns pastorat\",\"url\":\"https:\/\/blogg.svenskakyrkan.se\/vandravagen\/\",\"logo\":{\"@type\":\"ImageObject\",\"inLanguage\":\"sv-SE\",\"@id\":\"https:\/\/blogg.svenskakyrkan.se\/vandravagen\/#\/schema\/logo\/image\/\",\"url\":\"https:\/\/blogg.svenskakyrkan.se\/vandravagen\/files\/2023\/05\/Ulr_logo_RGB.png\",\"contentUrl\":\"https:\/\/blogg.svenskakyrkan.se\/vandravagen\/files\/2023\/05\/Ulr_logo_RGB.png\",\"width\":205,\"height\":77,\"caption\":\"ulricehamns pastorat\"},\"image\":{\"@id\":\"https:\/\/blogg.svenskakyrkan.se\/vandravagen\/#\/schema\/logo\/image\/\"},\"sameAs\":[\"http:\/\/facebook.com\/vandravagen\",\"https:\/\/x.com\/fadertomas\",\"http:\/\/www.facebook.com\/svenskakyrkaniulricehamn\"]},{\"@type\":\"Person\",\"@id\":\"https:\/\/blogg.svenskakyrkan.se\/vandravagen\/#\/schema\/person\/25da02d4f76b137d04291711e2c9fc16\",\"name\":\"Tomas Jarvid\",\"image\":{\"@type\":\"ImageObject\",\"inLanguage\":\"sv-SE\",\"@id\":\"https:\/\/blogg.svenskakyrkan.se\/vandravagen\/#\/schema\/person\/image\/\",\"url\":\"https:\/\/secure.gravatar.com\/avatar\/7fa71899795e8f540f615a1f5ab25255dc27aa40f05ee7ddd21aac521e01bf50?s=96&d=identicon&r=g\",\"contentUrl\":\"https:\/\/secure.gravatar.com\/avatar\/7fa71899795e8f540f615a1f5ab25255dc27aa40f05ee7ddd21aac521e01bf50?s=96&d=identicon&r=g\",\"caption\":\"Tomas Jarvid\"},\"description\":\"Jag bor i Ulricehamn i V\u00e4sterg\u00f6tland och \u00e4r f\u00f6rsamlingspr\u00e4st i Svenska Kyrkan f\u00f6r Dalstorps f\u00f6rsamling i Kinds pastorat. P\u00e5 den h\u00e4r bloggen skriver jag ner tankar om vandringen som kristen.\",\"sameAs\":[\"http:\/\/www.vandravagen.se\"],\"url\":\"https:\/\/blogg.svenskakyrkan.se\/vandravagen\/author\/vandravagen\/\"}]}<\/script>\n<!-- \/ Yoast SEO plugin. -->","yoast_head_json":{"title":"&quot;Jesus \u00e4r p\u00e5 min sida&quot;, ett minibibelstudium - Vandra V\u00e4gen","robots":{"index":"index","follow":"follow","max-snippet":"max-snippet:-1","max-image-preview":"max-image-preview:large","max-video-preview":"max-video-preview:-1"},"canonical":"https:\/\/blogg.svenskakyrkan.se\/vandravagen\/2013\/09\/19\/jesus-ar-pa-min-sida-ett-minibibelstudium\/","og_locale":"sv_SE","og_type":"article","og_title":"&quot;Jesus \u00e4r p\u00e5 min sida&quot;, ett minibibelstudium - Vandra V\u00e4gen","og_description":"Theodor Rosevelt ridande p\u00e5 simmande \u00e4lg. \u00c4lskar mest \u00e4ventyret? Nu, den 17e s\u00f6ndagen efter trefaldighet ing\u00e5r de h\u00e4r korta verserna fr\u00e5n lukasevangeliet i evangeliel\u00e4sningen: Luk 12:13 N\u00e5gon i hopen sade till honom: &#8221;M\u00e4stare, s\u00e4g \u00e5t min bror att dela arvet med mig.&#8221; 14Han svarade: &#8221;Vem har satt mig till att d\u00f6ma eller skifta mellan er?&#8221; [&hellip;]","og_url":"https:\/\/blogg.svenskakyrkan.se\/vandravagen\/2013\/09\/19\/jesus-ar-pa-min-sida-ett-minibibelstudium\/","og_site_name":"Vandra V\u00e4gen","article_publisher":"http:\/\/facebook.com\/vandravagen","article_published_time":"2013-09-19T05:32:00+00:00","og_image":[{"url":"http:\/\/3.bp.blogspot.com\/-7sU2CY-j9sg\/UjqMFH7574I\/AAAAAAAAFYw\/BW3OYpw-xFA\/s640\/IMG_3986.JPG","type":"","width":"","height":""}],"author":"Tomas Jarvid","twitter_card":"summary_large_image","twitter_creator":"@fadertomas","twitter_site":"@fadertomas","twitter_misc":{"Skriven av":"Tomas Jarvid","Ber\u00e4knad l\u00e4stid":"2 minuter"},"schema":{"@context":"https:\/\/schema.org","@graph":[{"@type":"Article","@id":"https:\/\/blogg.svenskakyrkan.se\/vandravagen\/2013\/09\/19\/jesus-ar-pa-min-sida-ett-minibibelstudium\/#article","isPartOf":{"@id":"https:\/\/blogg.svenskakyrkan.se\/vandravagen\/2013\/09\/19\/jesus-ar-pa-min-sida-ett-minibibelstudium\/"},"author":{"name":"Tomas Jarvid","@id":"https:\/\/blogg.svenskakyrkan.se\/vandravagen\/#\/schema\/person\/25da02d4f76b137d04291711e2c9fc16"},"headline":"&quot;Jesus \u00e4r p\u00e5 min sida&quot;, ett minibibelstudium","datePublished":"2013-09-19T05:32:00+00:00","mainEntityOfPage":{"@id":"https:\/\/blogg.svenskakyrkan.se\/vandravagen\/2013\/09\/19\/jesus-ar-pa-min-sida-ett-minibibelstudium\/"},"wordCount":348,"commentCount":2,"publisher":{"@id":"https:\/\/blogg.svenskakyrkan.se\/vandravagen\/#organization"},"image":{"@id":"https:\/\/blogg.svenskakyrkan.se\/vandravagen\/2013\/09\/19\/jesus-ar-pa-min-sida-ett-minibibelstudium\/#primaryimage"},"thumbnailUrl":"http:\/\/3.bp.blogspot.com\/-7sU2CY-j9sg\/UjqMFH7574I\/AAAAAAAAFYw\/BW3OYpw-xFA\/s640\/IMG_3986.JPG","articleSection":["bibel","Bibeln","Teologi"],"inLanguage":"sv-SE","potentialAction":[{"@type":"CommentAction","name":"Comment","target":["https:\/\/blogg.svenskakyrkan.se\/vandravagen\/2013\/09\/19\/jesus-ar-pa-min-sida-ett-minibibelstudium\/#respond"]}]},{"@type":"WebPage","@id":"https:\/\/blogg.svenskakyrkan.se\/vandravagen\/2013\/09\/19\/jesus-ar-pa-min-sida-ett-minibibelstudium\/","url":"https:\/\/blogg.svenskakyrkan.se\/vandravagen\/2013\/09\/19\/jesus-ar-pa-min-sida-ett-minibibelstudium\/","name":"&quot;Jesus \u00e4r p\u00e5 min sida&quot;, ett minibibelstudium - Vandra V\u00e4gen","isPartOf":{"@id":"https:\/\/blogg.svenskakyrkan.se\/vandravagen\/#website"},"primaryImageOfPage":{"@id":"https:\/\/blogg.svenskakyrkan.se\/vandravagen\/2013\/09\/19\/jesus-ar-pa-min-sida-ett-minibibelstudium\/#primaryimage"},"image":{"@id":"https:\/\/blogg.svenskakyrkan.se\/vandravagen\/2013\/09\/19\/jesus-ar-pa-min-sida-ett-minibibelstudium\/#primaryimage"},"thumbnailUrl":"http:\/\/3.bp.blogspot.com\/-7sU2CY-j9sg\/UjqMFH7574I\/AAAAAAAAFYw\/BW3OYpw-xFA\/s640\/IMG_3986.JPG","datePublished":"2013-09-19T05:32:00+00:00","breadcrumb":{"@id":"https:\/\/blogg.svenskakyrkan.se\/vandravagen\/2013\/09\/19\/jesus-ar-pa-min-sida-ett-minibibelstudium\/#breadcrumb"},"inLanguage":"sv-SE","potentialAction":[{"@type":"ReadAction","target":["https:\/\/blogg.svenskakyrkan.se\/vandravagen\/2013\/09\/19\/jesus-ar-pa-min-sida-ett-minibibelstudium\/"]}]},{"@type":"ImageObject","inLanguage":"sv-SE","@id":"https:\/\/blogg.svenskakyrkan.se\/vandravagen\/2013\/09\/19\/jesus-ar-pa-min-sida-ett-minibibelstudium\/#primaryimage","url":"http:\/\/3.bp.blogspot.com\/-7sU2CY-j9sg\/UjqMFH7574I\/AAAAAAAAFYw\/BW3OYpw-xFA\/s640\/IMG_3986.JPG","contentUrl":"http:\/\/3.bp.blogspot.com\/-7sU2CY-j9sg\/UjqMFH7574I\/AAAAAAAAFYw\/BW3OYpw-xFA\/s640\/IMG_3986.JPG"},{"@type":"BreadcrumbList","@id":"https:\/\/blogg.svenskakyrkan.se\/vandravagen\/2013\/09\/19\/jesus-ar-pa-min-sida-ett-minibibelstudium\/#breadcrumb","itemListElement":[{"@type":"ListItem","position":1,"name":"Hem","item":"https:\/\/blogg.svenskakyrkan.se\/vandravagen\/"},{"@type":"ListItem","position":2,"name":"&quot;Jesus \u00e4r p\u00e5 min sida&quot;, ett minibibelstudium"}]},{"@type":"WebSite","@id":"https:\/\/blogg.svenskakyrkan.se\/vandravagen\/#website","url":"https:\/\/blogg.svenskakyrkan.se\/vandravagen\/","name":"Vandra V\u00e4gen","description":"-Mot en tro f\u00f6r hela livet","publisher":{"@id":"https:\/\/blogg.svenskakyrkan.se\/vandravagen\/#organization"},"potentialAction":[{"@type":"SearchAction","target":{"@type":"EntryPoint","urlTemplate":"https:\/\/blogg.svenskakyrkan.se\/vandravagen\/?s={search_term_string}"},"query-input":{"@type":"PropertyValueSpecification","valueRequired":true,"valueName":"search_term_string"}}],"inLanguage":"sv-SE"},{"@type":"Organization","@id":"https:\/\/blogg.svenskakyrkan.se\/vandravagen\/#organization","name":"ulricehamns pastorat","alternateName":"ulricehamns pastorat","url":"https:\/\/blogg.svenskakyrkan.se\/vandravagen\/","logo":{"@type":"ImageObject","inLanguage":"sv-SE","@id":"https:\/\/blogg.svenskakyrkan.se\/vandravagen\/#\/schema\/logo\/image\/","url":"https:\/\/blogg.svenskakyrkan.se\/vandravagen\/files\/2023\/05\/Ulr_logo_RGB.png","contentUrl":"https:\/\/blogg.svenskakyrkan.se\/vandravagen\/files\/2023\/05\/Ulr_logo_RGB.png","width":205,"height":77,"caption":"ulricehamns pastorat"},"image":{"@id":"https:\/\/blogg.svenskakyrkan.se\/vandravagen\/#\/schema\/logo\/image\/"},"sameAs":["http:\/\/facebook.com\/vandravagen","https:\/\/x.com\/fadertomas","http:\/\/www.facebook.com\/svenskakyrkaniulricehamn"]},{"@type":"Person","@id":"https:\/\/blogg.svenskakyrkan.se\/vandravagen\/#\/schema\/person\/25da02d4f76b137d04291711e2c9fc16","name":"Tomas Jarvid","image":{"@type":"ImageObject","inLanguage":"sv-SE","@id":"https:\/\/blogg.svenskakyrkan.se\/vandravagen\/#\/schema\/person\/image\/","url":"https:\/\/secure.gravatar.com\/avatar\/7fa71899795e8f540f615a1f5ab25255dc27aa40f05ee7ddd21aac521e01bf50?s=96&d=identicon&r=g","contentUrl":"https:\/\/secure.gravatar.com\/avatar\/7fa71899795e8f540f615a1f5ab25255dc27aa40f05ee7ddd21aac521e01bf50?s=96&d=identicon&r=g","caption":"Tomas Jarvid"},"description":"Jag bor i Ulricehamn i V\u00e4sterg\u00f6tland och \u00e4r f\u00f6rsamlingspr\u00e4st i Svenska Kyrkan f\u00f6r Dalstorps f\u00f6rsamling i Kinds pastorat. P\u00e5 den h\u00e4r bloggen skriver jag ner tankar om vandringen som kristen.","sameAs":["http:\/\/www.vandravagen.se"],"url":"https:\/\/blogg.svenskakyrkan.se\/vandravagen\/author\/vandravagen\/"}]}},"author_meta":{"ID":"392","user_nicename":"vandravagen","user_url":"http:\/\/www.vandravagen.se","user_registered":"2014-05-19 05:44:52","display_name":"Tomas Jarvid","first_name":"Tomas","last_name":"Jarvid","avatar":"https:\/\/secure.gravatar.com\/avatar\/7fa71899795e8f540f615a1f5ab25255dc27aa40f05ee7ddd21aac521e01bf50?s=96&d=identicon&r=g"},"featured_image":false,"bloginfo":{"name":"Vandra V\u00e4gen","url":"https:\/\/blogg.svenskakyrkan.se\/vandravagen"},"_links":{"self":[{"href":"https:\/\/blogg.svenskakyrkan.se\/vandravagen\/wp-json\/wp\/v2\/posts\/349","targetHints":{"allow":["GET"]}}],"collection":[{"href":"https:\/\/blogg.svenskakyrkan.se\/vandravagen\/wp-json\/wp\/v2\/posts"}],"about":[{"href":"https:\/\/blogg.svenskakyrkan.se\/vandravagen\/wp-json\/wp\/v2\/types\/post"}],"author":[{"embeddable":true,"href":"https:\/\/blogg.svenskakyrkan.se\/vandravagen\/wp-json\/wp\/v2\/users\/392"}],"replies":[{"embeddable":true,"href":"https:\/\/blogg.svenskakyrkan.se\/vandravagen\/wp-json\/wp\/v2\/comments?post=349"}],"version-history":[{"count":0,"href":"https:\/\/blogg.svenskakyrkan.se\/vandravagen\/wp-json\/wp\/v2\/posts\/349\/revisions"}],"wp:attachment":[{"href":"https:\/\/blogg.svenskakyrkan.se\/vandravagen\/wp-json\/wp\/v2\/media?parent=349"}],"wp:term":[{"taxonomy":"category","embeddable":true,"href":"https:\/\/blogg.svenskakyrkan.se\/vandravagen\/wp-json\/wp\/v2\/categories?post=349"},{"taxonomy":"post_tag","embeddable":true,"href":"https:\/\/blogg.svenskakyrkan.se\/vandravagen\/wp-json\/wp\/v2\/tags?post=349"}],"curies":[{"name":"wp","href":"https:\/\/api.w.org\/{rel}","templated":true}]}}