{"id":3492,"date":"2015-08-20T07:00:18","date_gmt":"2015-08-20T05:00:18","guid":{"rendered":"http:\/\/blogg.svenskakyrkan.se\/vandravagen\/?p=3492"},"modified":"2015-08-20T08:28:14","modified_gmt":"2015-08-20T06:28:14","slug":"en-bil-som-predikar-om-vila","status":"publish","type":"post","link":"https:\/\/blogg.svenskakyrkan.se\/vandravagen\/2015\/08\/20\/en-bil-som-predikar-om-vila\/","title":{"rendered":"En bil som predikar om vila"},"content":{"rendered":"<div id=\"attachment_3493\" style=\"width: 734px\" class=\"wp-caption aligncenter\"><a href=\"http:\/\/blogg.svenskakyrkan.se\/vandravagen\/files\/2015\/08\/t0xeVM7Mfz52WfuGXSQ5EhWBsvNkYbD_qHDeOl03z3Q.jpg\"><img loading=\"lazy\" decoding=\"async\" aria-describedby=\"caption-attachment-3493\" class=\"size-full wp-image-3493\" src=\"http:\/\/blogg.svenskakyrkan.se\/vandravagen\/files\/2015\/08\/t0xeVM7Mfz52WfuGXSQ5EhWBsvNkYbD_qHDeOl03z3Q.jpg\" alt=\"G\u00e5 till myran du late! Fel sammanhang f\u00f6r denna bibeltext va?\" width=\"724\" height=\"690\" srcset=\"https:\/\/blogg.svenskakyrkan.se\/vandravagen\/files\/2015\/08\/t0xeVM7Mfz52WfuGXSQ5EhWBsvNkYbD_qHDeOl03z3Q.jpg 724w, https:\/\/blogg.svenskakyrkan.se\/vandravagen\/files\/2015\/08\/t0xeVM7Mfz52WfuGXSQ5EhWBsvNkYbD_qHDeOl03z3Q-300x286.jpg 300w, https:\/\/blogg.svenskakyrkan.se\/vandravagen\/files\/2015\/08\/t0xeVM7Mfz52WfuGXSQ5EhWBsvNkYbD_qHDeOl03z3Q-315x300.jpg 315w\" sizes=\"auto, (max-width: 724px) 100vw, 724px\" \/><\/a><p id=\"caption-attachment-3493\" class=\"wp-caption-text\">G\u00e5 till myran du late! Fel sammanhang f\u00f6r denna bibeltext va?<\/p><\/div>\n<p>Ibland kan man f\u00e5 se en bil med nummerskylt som bildar en h\u00e4nvisning till ett bibelord. Det gjorde jag h\u00e4romdagen. N\u00e4ra v\u00e5rt hus finns det n\u00e5gon som har en bil med registreringsskylten <strong>&#8221;ORD 610&#8221;<\/strong>.<\/p>\n<p>Jag v\u00e5gade inte stanna och ta kort p\u00e5 den f\u00f6r det var folk ute och allt men givetvis kollade jag upp vad det kunde peka p\u00e5 f\u00f6r st\u00e4lle. Ordspr\u00e5ksboken 6:10 allts\u00e5. H\u00e4r \u00e4r bibelordet med sammanhanget runtom:<\/p>\n<div class=\"line\"><span id=\"v_5_5\" class=\"v\">&#8221;<\/span>G\u00e5 till myran, du late,<\/div>\n<div class=\"line\">se hur hon g\u00f6r och bli vis.<\/div>\n<div class=\"line\">Hon har ingen h\u00e4rskare \u00f6ver sig,<\/div>\n<div class=\"line\">ingen fogde eller furste,<\/div>\n<div class=\"line\">\u00e4nd\u00e5 skaffar hon f\u00f6da om sommaren,<\/div>\n<div class=\"line\">samlar sin mat vid sk\u00f6rdetiden.<\/div>\n<div class=\"line\">Hur l\u00e4nge skall du ligga, du late,<\/div>\n<div class=\"line\">n\u00e4r skall du vakna och stiga upp?<\/div>\n<div class=\"line\"><strong><span class=\"selection\">Sov lite till, slumra lite till,<\/span><\/strong><\/div>\n<div class=\"line\"><strong><span class=\"selection\">vila lite till med armarna i kors &#8211;<\/span><\/strong><\/div>\n<div class=\"line\">och fattigdomen \u00e4r \u00f6ver dig som en r\u00e5nare,<\/div>\n<div class=\"line\">armodet som en bev\u00e4pnad man.&#8221;<\/div>\n<div class=\"line\"><\/div>\n<div class=\"line\"><\/div>\n<div class=\"line\">D\u00e4r ser man <strong>hur annorlunda n\u00e5got kan bli n\u00e4r man tar det ur sitt sammanhang<\/strong>. Jag l\u00e4ste f\u00f6rst bara versen som \u00e4r fetmarkerad, sj\u00e4lva vers 10 och d\u00e5 ser det ju ut som att det \u00e4r en uppmaning att vila lite till. Tittar man p\u00e5 sammanhanget blir det tydligt att det \u00e4r ironiskt s\u00e5 att det osar om det -man borde vara som myran som jobbar ist\u00e4llet f\u00f6r att lata sig. <strong>Arbetslinjen allts\u00e5?<\/strong><\/div>\n<div class=\"line\"><\/div>\n<div class=\"line\"><\/div>\n<div class=\"line\">Samtidigt verkar det ocks\u00e5 vara s\u00e5 att myran f\u00e5r ber\u00f6m f\u00f6r att den jobbar och tar initiativ utan att den blir p\u00e5driven av n\u00e5gon chef. Den handlar p\u00e5 eget initiativ f\u00f6r det som gynnar den (nej, s\u00e5 funkar det nog inte med myror egentligen? Jag t\u00e4nker mig att n\u00e5got mer hierarkiskt \u00e4n myrsamh\u00e4llet nog \u00e4r sv\u00e5rt att hitta?).<\/div>\n<div class=\"line\"><\/div>\n<div class=\"line\">Undrar hur vi ska hantera det h\u00e4r bibelst\u00e4llet (det d\u00e4r med myran minns jag f\u00f6rresten fr\u00e5n l\u00e5gstadiet) nuf\u00f6rtiden? M\u00e5nga av oss tar nog b\u00e4ttre ansvar f\u00f6r oss sj\u00e4lva och handlar mer sj\u00e4lvst\u00e4ndigt och klokt genom att vila lite mer och inte mindre? Eller ska vi ta det som en p\u00e5minnelse om livets h\u00e5rda villkor f\u00f6r de flesta m\u00e4nniskor p\u00e5 jorden s\u00e5v\u00e4l genom tiderna som idag?<\/div>\n<div class=\"line\"><\/div>\n<div class=\"line\"><\/div>\n<div class=\"line\">Vad t\u00e4nker du? Vad l\u00e4r vi oss b\u00e4st av myran egentligen? Skriv en kommentar!<\/div>\n","protected":false},"excerpt":{"rendered":"<p>Ibland kan man f\u00e5 se en bil med nummerskylt som bildar en h\u00e4nvisning till ett bibelord. Det gjorde jag h\u00e4romdagen. N\u00e4ra v\u00e5rt hus finns det n\u00e5gon som har en bil med registreringsskylten &#8221;ORD 610&#8221;. Jag v\u00e5gade inte stanna och ta kort p\u00e5 den f\u00f6r det var folk ute och allt men givetvis kollade jag upp [&hellip;]<\/p>\n","protected":false},"author":392,"featured_media":0,"comment_status":"open","ping_status":"open","sticky":false,"template":"","format":"standard","meta":{"_acf_changed":false,"footnotes":""},"categories":[8298,76189],"tags":[],"class_list":["post-3492","post","type-post","status-publish","format-standard","hentry","category-bibeln","category-dagens-kyrka"],"acf":[],"yoast_head":"<!-- This site is optimized with the Yoast SEO plugin v27.1.1 - https:\/\/yoast.com\/product\/yoast-seo-wordpress\/ -->\n<title>En bil som predikar om vila - Vandra V\u00e4gen<\/title>\n<meta name=\"robots\" content=\"index, follow, max-snippet:-1, max-image-preview:large, max-video-preview:-1\" \/>\n<link rel=\"canonical\" href=\"https:\/\/blogg.svenskakyrkan.se\/vandravagen\/2015\/08\/20\/en-bil-som-predikar-om-vila\/\" \/>\n<meta property=\"og:locale\" content=\"sv_SE\" \/>\n<meta property=\"og:type\" content=\"article\" \/>\n<meta property=\"og:title\" content=\"En bil som predikar om vila - Vandra V\u00e4gen\" \/>\n<meta property=\"og:description\" content=\"Ibland kan man f\u00e5 se en bil med nummerskylt som bildar en h\u00e4nvisning till ett bibelord. Det gjorde jag h\u00e4romdagen. N\u00e4ra v\u00e5rt hus finns det n\u00e5gon som har en bil med registreringsskylten &#8221;ORD 610&#8221;. Jag v\u00e5gade inte stanna och ta kort p\u00e5 den f\u00f6r det var folk ute och allt men givetvis kollade jag upp [&hellip;]\" \/>\n<meta property=\"og:url\" content=\"https:\/\/blogg.svenskakyrkan.se\/vandravagen\/2015\/08\/20\/en-bil-som-predikar-om-vila\/\" \/>\n<meta property=\"og:site_name\" content=\"Vandra V\u00e4gen\" \/>\n<meta property=\"article:publisher\" content=\"http:\/\/facebook.com\/vandravagen\" \/>\n<meta property=\"article:published_time\" content=\"2015-08-20T05:00:18+00:00\" \/>\n<meta property=\"article:modified_time\" content=\"2015-08-20T06:28:14+00:00\" \/>\n<meta property=\"og:image\" content=\"http:\/\/blogg.svenskakyrkan.se\/vandravagen\/files\/2015\/08\/t0xeVM7Mfz52WfuGXSQ5EhWBsvNkYbD_qHDeOl03z3Q.jpg\" \/>\n<meta name=\"author\" content=\"Tomas Jarvid\" \/>\n<meta name=\"twitter:card\" content=\"summary_large_image\" \/>\n<meta name=\"twitter:creator\" content=\"@fadertomas\" \/>\n<meta name=\"twitter:site\" content=\"@fadertomas\" \/>\n<meta name=\"twitter:label1\" content=\"Skriven av\" \/>\n\t<meta name=\"twitter:data1\" content=\"Tomas Jarvid\" \/>\n\t<meta name=\"twitter:label2\" content=\"Ber\u00e4knad l\u00e4stid\" \/>\n\t<meta name=\"twitter:data2\" content=\"2 minuter\" \/>\n<script type=\"application\/ld+json\" class=\"yoast-schema-graph\">{\"@context\":\"https:\/\/schema.org\",\"@graph\":[{\"@type\":\"Article\",\"@id\":\"https:\/\/blogg.svenskakyrkan.se\/vandravagen\/2015\/08\/20\/en-bil-som-predikar-om-vila\/#article\",\"isPartOf\":{\"@id\":\"https:\/\/blogg.svenskakyrkan.se\/vandravagen\/2015\/08\/20\/en-bil-som-predikar-om-vila\/\"},\"author\":{\"name\":\"Tomas Jarvid\",\"@id\":\"https:\/\/blogg.svenskakyrkan.se\/vandravagen\/#\/schema\/person\/25da02d4f76b137d04291711e2c9fc16\"},\"headline\":\"En bil som predikar om vila\",\"datePublished\":\"2015-08-20T05:00:18+00:00\",\"dateModified\":\"2015-08-20T06:28:14+00:00\",\"mainEntityOfPage\":{\"@id\":\"https:\/\/blogg.svenskakyrkan.se\/vandravagen\/2015\/08\/20\/en-bil-som-predikar-om-vila\/\"},\"wordCount\":436,\"commentCount\":3,\"publisher\":{\"@id\":\"https:\/\/blogg.svenskakyrkan.se\/vandravagen\/#organization\"},\"image\":{\"@id\":\"https:\/\/blogg.svenskakyrkan.se\/vandravagen\/2015\/08\/20\/en-bil-som-predikar-om-vila\/#primaryimage\"},\"thumbnailUrl\":\"http:\/\/blogg.svenskakyrkan.se\/vandravagen\/files\/2015\/08\/t0xeVM7Mfz52WfuGXSQ5EhWBsvNkYbD_qHDeOl03z3Q.jpg\",\"articleSection\":[\"Bibeln\",\"Dagens Kyrka\"],\"inLanguage\":\"sv-SE\",\"potentialAction\":[{\"@type\":\"CommentAction\",\"name\":\"Comment\",\"target\":[\"https:\/\/blogg.svenskakyrkan.se\/vandravagen\/2015\/08\/20\/en-bil-som-predikar-om-vila\/#respond\"]}]},{\"@type\":\"WebPage\",\"@id\":\"https:\/\/blogg.svenskakyrkan.se\/vandravagen\/2015\/08\/20\/en-bil-som-predikar-om-vila\/\",\"url\":\"https:\/\/blogg.svenskakyrkan.se\/vandravagen\/2015\/08\/20\/en-bil-som-predikar-om-vila\/\",\"name\":\"En bil som predikar om vila - Vandra V\u00e4gen\",\"isPartOf\":{\"@id\":\"https:\/\/blogg.svenskakyrkan.se\/vandravagen\/#website\"},\"primaryImageOfPage\":{\"@id\":\"https:\/\/blogg.svenskakyrkan.se\/vandravagen\/2015\/08\/20\/en-bil-som-predikar-om-vila\/#primaryimage\"},\"image\":{\"@id\":\"https:\/\/blogg.svenskakyrkan.se\/vandravagen\/2015\/08\/20\/en-bil-som-predikar-om-vila\/#primaryimage\"},\"thumbnailUrl\":\"http:\/\/blogg.svenskakyrkan.se\/vandravagen\/files\/2015\/08\/t0xeVM7Mfz52WfuGXSQ5EhWBsvNkYbD_qHDeOl03z3Q.jpg\",\"datePublished\":\"2015-08-20T05:00:18+00:00\",\"dateModified\":\"2015-08-20T06:28:14+00:00\",\"breadcrumb\":{\"@id\":\"https:\/\/blogg.svenskakyrkan.se\/vandravagen\/2015\/08\/20\/en-bil-som-predikar-om-vila\/#breadcrumb\"},\"inLanguage\":\"sv-SE\",\"potentialAction\":[{\"@type\":\"ReadAction\",\"target\":[\"https:\/\/blogg.svenskakyrkan.se\/vandravagen\/2015\/08\/20\/en-bil-som-predikar-om-vila\/\"]}]},{\"@type\":\"ImageObject\",\"inLanguage\":\"sv-SE\",\"@id\":\"https:\/\/blogg.svenskakyrkan.se\/vandravagen\/2015\/08\/20\/en-bil-som-predikar-om-vila\/#primaryimage\",\"url\":\"http:\/\/blogg.svenskakyrkan.se\/vandravagen\/files\/2015\/08\/t0xeVM7Mfz52WfuGXSQ5EhWBsvNkYbD_qHDeOl03z3Q.jpg\",\"contentUrl\":\"http:\/\/blogg.svenskakyrkan.se\/vandravagen\/files\/2015\/08\/t0xeVM7Mfz52WfuGXSQ5EhWBsvNkYbD_qHDeOl03z3Q.jpg\"},{\"@type\":\"BreadcrumbList\",\"@id\":\"https:\/\/blogg.svenskakyrkan.se\/vandravagen\/2015\/08\/20\/en-bil-som-predikar-om-vila\/#breadcrumb\",\"itemListElement\":[{\"@type\":\"ListItem\",\"position\":1,\"name\":\"Hem\",\"item\":\"https:\/\/blogg.svenskakyrkan.se\/vandravagen\/\"},{\"@type\":\"ListItem\",\"position\":2,\"name\":\"En bil som predikar om vila\"}]},{\"@type\":\"WebSite\",\"@id\":\"https:\/\/blogg.svenskakyrkan.se\/vandravagen\/#website\",\"url\":\"https:\/\/blogg.svenskakyrkan.se\/vandravagen\/\",\"name\":\"Vandra V\u00e4gen\",\"description\":\"-Mot en tro f\u00f6r hela livet\",\"publisher\":{\"@id\":\"https:\/\/blogg.svenskakyrkan.se\/vandravagen\/#organization\"},\"potentialAction\":[{\"@type\":\"SearchAction\",\"target\":{\"@type\":\"EntryPoint\",\"urlTemplate\":\"https:\/\/blogg.svenskakyrkan.se\/vandravagen\/?s={search_term_string}\"},\"query-input\":{\"@type\":\"PropertyValueSpecification\",\"valueRequired\":true,\"valueName\":\"search_term_string\"}}],\"inLanguage\":\"sv-SE\"},{\"@type\":\"Organization\",\"@id\":\"https:\/\/blogg.svenskakyrkan.se\/vandravagen\/#organization\",\"name\":\"ulricehamns pastorat\",\"alternateName\":\"ulricehamns pastorat\",\"url\":\"https:\/\/blogg.svenskakyrkan.se\/vandravagen\/\",\"logo\":{\"@type\":\"ImageObject\",\"inLanguage\":\"sv-SE\",\"@id\":\"https:\/\/blogg.svenskakyrkan.se\/vandravagen\/#\/schema\/logo\/image\/\",\"url\":\"https:\/\/blogg.svenskakyrkan.se\/vandravagen\/files\/2023\/05\/Ulr_logo_RGB.png\",\"contentUrl\":\"https:\/\/blogg.svenskakyrkan.se\/vandravagen\/files\/2023\/05\/Ulr_logo_RGB.png\",\"width\":205,\"height\":77,\"caption\":\"ulricehamns pastorat\"},\"image\":{\"@id\":\"https:\/\/blogg.svenskakyrkan.se\/vandravagen\/#\/schema\/logo\/image\/\"},\"sameAs\":[\"http:\/\/facebook.com\/vandravagen\",\"https:\/\/x.com\/fadertomas\",\"http:\/\/www.facebook.com\/svenskakyrkaniulricehamn\"]},{\"@type\":\"Person\",\"@id\":\"https:\/\/blogg.svenskakyrkan.se\/vandravagen\/#\/schema\/person\/25da02d4f76b137d04291711e2c9fc16\",\"name\":\"Tomas Jarvid\",\"image\":{\"@type\":\"ImageObject\",\"inLanguage\":\"sv-SE\",\"@id\":\"https:\/\/blogg.svenskakyrkan.se\/vandravagen\/#\/schema\/person\/image\/\",\"url\":\"https:\/\/secure.gravatar.com\/avatar\/7fa71899795e8f540f615a1f5ab25255dc27aa40f05ee7ddd21aac521e01bf50?s=96&d=identicon&r=g\",\"contentUrl\":\"https:\/\/secure.gravatar.com\/avatar\/7fa71899795e8f540f615a1f5ab25255dc27aa40f05ee7ddd21aac521e01bf50?s=96&d=identicon&r=g\",\"caption\":\"Tomas Jarvid\"},\"description\":\"Jag bor i Ulricehamn i V\u00e4sterg\u00f6tland och \u00e4r f\u00f6rsamlingspr\u00e4st i Svenska Kyrkan f\u00f6r Dalstorps f\u00f6rsamling i Kinds pastorat. P\u00e5 den h\u00e4r bloggen skriver jag ner tankar om vandringen som kristen.\",\"sameAs\":[\"http:\/\/www.vandravagen.se\"],\"url\":\"https:\/\/blogg.svenskakyrkan.se\/vandravagen\/author\/vandravagen\/\"}]}<\/script>\n<!-- \/ Yoast SEO plugin. -->","yoast_head_json":{"title":"En bil som predikar om vila - Vandra V\u00e4gen","robots":{"index":"index","follow":"follow","max-snippet":"max-snippet:-1","max-image-preview":"max-image-preview:large","max-video-preview":"max-video-preview:-1"},"canonical":"https:\/\/blogg.svenskakyrkan.se\/vandravagen\/2015\/08\/20\/en-bil-som-predikar-om-vila\/","og_locale":"sv_SE","og_type":"article","og_title":"En bil som predikar om vila - Vandra V\u00e4gen","og_description":"Ibland kan man f\u00e5 se en bil med nummerskylt som bildar en h\u00e4nvisning till ett bibelord. Det gjorde jag h\u00e4romdagen. N\u00e4ra v\u00e5rt hus finns det n\u00e5gon som har en bil med registreringsskylten &#8221;ORD 610&#8221;. Jag v\u00e5gade inte stanna och ta kort p\u00e5 den f\u00f6r det var folk ute och allt men givetvis kollade jag upp [&hellip;]","og_url":"https:\/\/blogg.svenskakyrkan.se\/vandravagen\/2015\/08\/20\/en-bil-som-predikar-om-vila\/","og_site_name":"Vandra V\u00e4gen","article_publisher":"http:\/\/facebook.com\/vandravagen","article_published_time":"2015-08-20T05:00:18+00:00","article_modified_time":"2015-08-20T06:28:14+00:00","og_image":[{"url":"http:\/\/blogg.svenskakyrkan.se\/vandravagen\/files\/2015\/08\/t0xeVM7Mfz52WfuGXSQ5EhWBsvNkYbD_qHDeOl03z3Q.jpg","type":"","width":"","height":""}],"author":"Tomas Jarvid","twitter_card":"summary_large_image","twitter_creator":"@fadertomas","twitter_site":"@fadertomas","twitter_misc":{"Skriven av":"Tomas Jarvid","Ber\u00e4knad l\u00e4stid":"2 minuter"},"schema":{"@context":"https:\/\/schema.org","@graph":[{"@type":"Article","@id":"https:\/\/blogg.svenskakyrkan.se\/vandravagen\/2015\/08\/20\/en-bil-som-predikar-om-vila\/#article","isPartOf":{"@id":"https:\/\/blogg.svenskakyrkan.se\/vandravagen\/2015\/08\/20\/en-bil-som-predikar-om-vila\/"},"author":{"name":"Tomas Jarvid","@id":"https:\/\/blogg.svenskakyrkan.se\/vandravagen\/#\/schema\/person\/25da02d4f76b137d04291711e2c9fc16"},"headline":"En bil som predikar om vila","datePublished":"2015-08-20T05:00:18+00:00","dateModified":"2015-08-20T06:28:14+00:00","mainEntityOfPage":{"@id":"https:\/\/blogg.svenskakyrkan.se\/vandravagen\/2015\/08\/20\/en-bil-som-predikar-om-vila\/"},"wordCount":436,"commentCount":3,"publisher":{"@id":"https:\/\/blogg.svenskakyrkan.se\/vandravagen\/#organization"},"image":{"@id":"https:\/\/blogg.svenskakyrkan.se\/vandravagen\/2015\/08\/20\/en-bil-som-predikar-om-vila\/#primaryimage"},"thumbnailUrl":"http:\/\/blogg.svenskakyrkan.se\/vandravagen\/files\/2015\/08\/t0xeVM7Mfz52WfuGXSQ5EhWBsvNkYbD_qHDeOl03z3Q.jpg","articleSection":["Bibeln","Dagens Kyrka"],"inLanguage":"sv-SE","potentialAction":[{"@type":"CommentAction","name":"Comment","target":["https:\/\/blogg.svenskakyrkan.se\/vandravagen\/2015\/08\/20\/en-bil-som-predikar-om-vila\/#respond"]}]},{"@type":"WebPage","@id":"https:\/\/blogg.svenskakyrkan.se\/vandravagen\/2015\/08\/20\/en-bil-som-predikar-om-vila\/","url":"https:\/\/blogg.svenskakyrkan.se\/vandravagen\/2015\/08\/20\/en-bil-som-predikar-om-vila\/","name":"En bil som predikar om vila - Vandra V\u00e4gen","isPartOf":{"@id":"https:\/\/blogg.svenskakyrkan.se\/vandravagen\/#website"},"primaryImageOfPage":{"@id":"https:\/\/blogg.svenskakyrkan.se\/vandravagen\/2015\/08\/20\/en-bil-som-predikar-om-vila\/#primaryimage"},"image":{"@id":"https:\/\/blogg.svenskakyrkan.se\/vandravagen\/2015\/08\/20\/en-bil-som-predikar-om-vila\/#primaryimage"},"thumbnailUrl":"http:\/\/blogg.svenskakyrkan.se\/vandravagen\/files\/2015\/08\/t0xeVM7Mfz52WfuGXSQ5EhWBsvNkYbD_qHDeOl03z3Q.jpg","datePublished":"2015-08-20T05:00:18+00:00","dateModified":"2015-08-20T06:28:14+00:00","breadcrumb":{"@id":"https:\/\/blogg.svenskakyrkan.se\/vandravagen\/2015\/08\/20\/en-bil-som-predikar-om-vila\/#breadcrumb"},"inLanguage":"sv-SE","potentialAction":[{"@type":"ReadAction","target":["https:\/\/blogg.svenskakyrkan.se\/vandravagen\/2015\/08\/20\/en-bil-som-predikar-om-vila\/"]}]},{"@type":"ImageObject","inLanguage":"sv-SE","@id":"https:\/\/blogg.svenskakyrkan.se\/vandravagen\/2015\/08\/20\/en-bil-som-predikar-om-vila\/#primaryimage","url":"http:\/\/blogg.svenskakyrkan.se\/vandravagen\/files\/2015\/08\/t0xeVM7Mfz52WfuGXSQ5EhWBsvNkYbD_qHDeOl03z3Q.jpg","contentUrl":"http:\/\/blogg.svenskakyrkan.se\/vandravagen\/files\/2015\/08\/t0xeVM7Mfz52WfuGXSQ5EhWBsvNkYbD_qHDeOl03z3Q.jpg"},{"@type":"BreadcrumbList","@id":"https:\/\/blogg.svenskakyrkan.se\/vandravagen\/2015\/08\/20\/en-bil-som-predikar-om-vila\/#breadcrumb","itemListElement":[{"@type":"ListItem","position":1,"name":"Hem","item":"https:\/\/blogg.svenskakyrkan.se\/vandravagen\/"},{"@type":"ListItem","position":2,"name":"En bil som predikar om vila"}]},{"@type":"WebSite","@id":"https:\/\/blogg.svenskakyrkan.se\/vandravagen\/#website","url":"https:\/\/blogg.svenskakyrkan.se\/vandravagen\/","name":"Vandra V\u00e4gen","description":"-Mot en tro f\u00f6r hela livet","publisher":{"@id":"https:\/\/blogg.svenskakyrkan.se\/vandravagen\/#organization"},"potentialAction":[{"@type":"SearchAction","target":{"@type":"EntryPoint","urlTemplate":"https:\/\/blogg.svenskakyrkan.se\/vandravagen\/?s={search_term_string}"},"query-input":{"@type":"PropertyValueSpecification","valueRequired":true,"valueName":"search_term_string"}}],"inLanguage":"sv-SE"},{"@type":"Organization","@id":"https:\/\/blogg.svenskakyrkan.se\/vandravagen\/#organization","name":"ulricehamns pastorat","alternateName":"ulricehamns pastorat","url":"https:\/\/blogg.svenskakyrkan.se\/vandravagen\/","logo":{"@type":"ImageObject","inLanguage":"sv-SE","@id":"https:\/\/blogg.svenskakyrkan.se\/vandravagen\/#\/schema\/logo\/image\/","url":"https:\/\/blogg.svenskakyrkan.se\/vandravagen\/files\/2023\/05\/Ulr_logo_RGB.png","contentUrl":"https:\/\/blogg.svenskakyrkan.se\/vandravagen\/files\/2023\/05\/Ulr_logo_RGB.png","width":205,"height":77,"caption":"ulricehamns pastorat"},"image":{"@id":"https:\/\/blogg.svenskakyrkan.se\/vandravagen\/#\/schema\/logo\/image\/"},"sameAs":["http:\/\/facebook.com\/vandravagen","https:\/\/x.com\/fadertomas","http:\/\/www.facebook.com\/svenskakyrkaniulricehamn"]},{"@type":"Person","@id":"https:\/\/blogg.svenskakyrkan.se\/vandravagen\/#\/schema\/person\/25da02d4f76b137d04291711e2c9fc16","name":"Tomas Jarvid","image":{"@type":"ImageObject","inLanguage":"sv-SE","@id":"https:\/\/blogg.svenskakyrkan.se\/vandravagen\/#\/schema\/person\/image\/","url":"https:\/\/secure.gravatar.com\/avatar\/7fa71899795e8f540f615a1f5ab25255dc27aa40f05ee7ddd21aac521e01bf50?s=96&d=identicon&r=g","contentUrl":"https:\/\/secure.gravatar.com\/avatar\/7fa71899795e8f540f615a1f5ab25255dc27aa40f05ee7ddd21aac521e01bf50?s=96&d=identicon&r=g","caption":"Tomas Jarvid"},"description":"Jag bor i Ulricehamn i V\u00e4sterg\u00f6tland och \u00e4r f\u00f6rsamlingspr\u00e4st i Svenska Kyrkan f\u00f6r Dalstorps f\u00f6rsamling i Kinds pastorat. P\u00e5 den h\u00e4r bloggen skriver jag ner tankar om vandringen som kristen.","sameAs":["http:\/\/www.vandravagen.se"],"url":"https:\/\/blogg.svenskakyrkan.se\/vandravagen\/author\/vandravagen\/"}]}},"author_meta":{"ID":"392","user_nicename":"vandravagen","user_url":"http:\/\/www.vandravagen.se","user_registered":"2014-05-19 05:44:52","display_name":"Tomas Jarvid","first_name":"Tomas","last_name":"Jarvid","avatar":"https:\/\/secure.gravatar.com\/avatar\/7fa71899795e8f540f615a1f5ab25255dc27aa40f05ee7ddd21aac521e01bf50?s=96&d=identicon&r=g"},"featured_image":false,"bloginfo":{"name":"Vandra V\u00e4gen","url":"https:\/\/blogg.svenskakyrkan.se\/vandravagen"},"_links":{"self":[{"href":"https:\/\/blogg.svenskakyrkan.se\/vandravagen\/wp-json\/wp\/v2\/posts\/3492","targetHints":{"allow":["GET"]}}],"collection":[{"href":"https:\/\/blogg.svenskakyrkan.se\/vandravagen\/wp-json\/wp\/v2\/posts"}],"about":[{"href":"https:\/\/blogg.svenskakyrkan.se\/vandravagen\/wp-json\/wp\/v2\/types\/post"}],"author":[{"embeddable":true,"href":"https:\/\/blogg.svenskakyrkan.se\/vandravagen\/wp-json\/wp\/v2\/users\/392"}],"replies":[{"embeddable":true,"href":"https:\/\/blogg.svenskakyrkan.se\/vandravagen\/wp-json\/wp\/v2\/comments?post=3492"}],"version-history":[{"count":2,"href":"https:\/\/blogg.svenskakyrkan.se\/vandravagen\/wp-json\/wp\/v2\/posts\/3492\/revisions"}],"predecessor-version":[{"id":3495,"href":"https:\/\/blogg.svenskakyrkan.se\/vandravagen\/wp-json\/wp\/v2\/posts\/3492\/revisions\/3495"}],"wp:attachment":[{"href":"https:\/\/blogg.svenskakyrkan.se\/vandravagen\/wp-json\/wp\/v2\/media?parent=3492"}],"wp:term":[{"taxonomy":"category","embeddable":true,"href":"https:\/\/blogg.svenskakyrkan.se\/vandravagen\/wp-json\/wp\/v2\/categories?post=3492"},{"taxonomy":"post_tag","embeddable":true,"href":"https:\/\/blogg.svenskakyrkan.se\/vandravagen\/wp-json\/wp\/v2\/tags?post=3492"}],"curies":[{"name":"wp","href":"https:\/\/api.w.org\/{rel}","templated":true}]}}