{"id":3499,"date":"2015-08-22T07:00:49","date_gmt":"2015-08-22T05:00:49","guid":{"rendered":"http:\/\/blogg.svenskakyrkan.se\/vandravagen\/?p=3499"},"modified":"2015-08-21T11:54:05","modified_gmt":"2015-08-21T09:54:05","slug":"oga-for-oga-och-hur-man-tillampat-det","status":"publish","type":"post","link":"https:\/\/blogg.svenskakyrkan.se\/vandravagen\/2015\/08\/22\/oga-for-oga-och-hur-man-tillampat-det\/","title":{"rendered":"\u00d6ga f\u00f6r \u00f6ga &#8211; och hur man till\u00e4mpat det"},"content":{"rendered":"<div id=\"attachment_3501\" style=\"width: 594px\" class=\"wp-caption aligncenter\"><a href=\"http:\/\/blogg.svenskakyrkan.se\/vandravagen\/files\/2015\/08\/0Yj52C2Cy8ZFsAHEbt86a14oJgAre5SuVcavqPj_DAE.jpg\"><img loading=\"lazy\" decoding=\"async\" aria-describedby=\"caption-attachment-3501\" class=\"size-large wp-image-3501\" src=\"http:\/\/blogg.svenskakyrkan.se\/vandravagen\/files\/2015\/08\/0Yj52C2Cy8ZFsAHEbt86a14oJgAre5SuVcavqPj_DAE-1024x849.jpg\" alt=\"Korst\u00e5g. Kyrkan har inte alltid varit s\u00e5 bra p\u00e5 att v\u00e4nda andra kinden till.\" width=\"584\" height=\"484\" srcset=\"https:\/\/blogg.svenskakyrkan.se\/vandravagen\/files\/2015\/08\/0Yj52C2Cy8ZFsAHEbt86a14oJgAre5SuVcavqPj_DAE.jpg 1024w, https:\/\/blogg.svenskakyrkan.se\/vandravagen\/files\/2015\/08\/0Yj52C2Cy8ZFsAHEbt86a14oJgAre5SuVcavqPj_DAE-300x249.jpg 300w, https:\/\/blogg.svenskakyrkan.se\/vandravagen\/files\/2015\/08\/0Yj52C2Cy8ZFsAHEbt86a14oJgAre5SuVcavqPj_DAE-362x300.jpg 362w\" sizes=\"auto, (max-width: 584px) 100vw, 584px\" \/><\/a><p id=\"caption-attachment-3501\" class=\"wp-caption-text\">Korst\u00e5g. Kyrkan har inte alltid varit s\u00e5 bra p\u00e5 att v\u00e4nda andra kinden till.<\/p><\/div>\n<p>\u00c5ter igen skriver jag n\u00e5gra rader utifr\u00e5n vad \u00f6verrabbin emeritus Morton Narrowe ber\u00e4ttade p\u00e5 pr\u00e4stkurs i v\u00e5ras. Det handlar om den v\u00e4lk\u00e4nda utsagan<strong> &#8221;\u00f6ga f\u00f6r \u00f6ga och tand f\u00f6r tand&#8221;.<\/strong><\/p>\n<p>Det h\u00e4r \u00e4r \u00e4nnu ett exempel p\u00e5 hur kristna g\u00e4rna svartm\u00e5lat den judiska tron f\u00f6r att framst\u00e5 \u00e4n b\u00e4ttre i kontrast mot den. Jesus s\u00e4ger:<\/p>\n<blockquote>\n<p>&#8221;Ni har h\u00f6rt att det blev sagt: <strong>\u00d6ga f\u00f6r \u00f6ga och tand f\u00f6r tand<\/strong>. Men\u00a0<i>jag<\/i>\u00a0s\u00e4ger er: v\u00e4rj er inte mot det onda. Nej, om n\u00e5gon sl\u00e5r dig p\u00e5 h\u00f6gra kinden, s\u00e5 v\u00e4nd ocks\u00e5 den andra mot honom.&#8221; (Matt 5:38ff)<\/p>\n<\/blockquote>\n<p>Det ligger n\u00e4ra till hands att s\u00e4ga att Jesus st\u00e5r f\u00f6r en k\u00e4rleksfull v\u00e4g och judarnas torah f\u00f6r en v\u00e4ldigt fyrkantig r\u00e4ttstill\u00e4mpning. Det h\u00e4nvisar till\u00a0flera parallella st\u00e4llen i moseb\u00f6ckerna d\u00e4r just orden om \u00f6ga f\u00f6r \u00f6ga och tand f\u00f6r tand \u00e5terkommer (2 Mos 21:24; 3 Mos 24:20 och 5 Mos 19:21).<\/p>\n<p>Det Narrowe ber\u00e4ttade var emellertid att dessa bud i praktiken, efter att man v\u00e4gt samman dem med alla andra bud i f\u00f6rbundet, aldrig kommit att till\u00e4mpas p\u00e5 detta s\u00e4tt. Det har inte setts som bud om straff utan om ers\u00e4ttning. Att<strong> den som \u00e4r skyldig till st\u00f6ld eller skada ska ers\u00e4tta v\u00e4rdet eller funktionen av det f\u00f6rlorade.<\/strong> Inte att kr\u00e4va att den andre ska skadas p\u00e5 samma s\u00e4tt! Man har inte anv\u00e4nt budet f\u00f6r att f\u00f6rsvara h\u00e4mnd.<\/p>\n<p>Det g\u00f6r genast att de judiska lagutl\u00e4ggarna framst\u00e5r i mycket mer sympatiskt ljus. Det sprider dessutom ljus \u00f6ver vad det \u00e4r Jesus faktiskt vill \u00e5t i citatet ovan.<\/p>\n<p>Att v\u00e4nda andra kinden till, ge bort sin mantel eller g\u00e5 en extra mil f\u00f6r den som tvingat en att g\u00e5 en handlar ju just om att inte kr\u00e4va ut sin r\u00e4ttm\u00e4tiga ers\u00e4ttning fr\u00e5n den som gjort en ont. Ist\u00e4llet, s\u00e4ger Jesus, ska man ge \u00e4n mer. F\u00f6rl\u00e5ta den som gjort fel och p\u00e5 s\u00e5 s\u00e4tt vinna den andres hj\u00e4rta. Lita p\u00e5 att Gud s\u00f6rjer f\u00f6r ens egna behov.<\/p>\n<p>Det f\u00f6rminskar verkligen inte sv\u00e5righeterna i att f\u00f6lja Jesu undervisning som ovan men bakgrunden blir lite annorlunda och d\u00e5 f\u00f6r\u00e4ndras ocks\u00e5 helhetsf\u00f6rst\u00e5elsen f\u00f6r bibeltexten. Som det v\u00e4ldigt ofta \u00e4r.<\/p>\n<p>Vad t\u00e4nker du om &#8221;\u00f6ga f\u00f6r \u00f6ga&#8221; eller om Jesu ord om att inte v\u00e4rja sig f\u00f6r det onda? Skriv hemskt g\u00e4rna en kommentar! Det h\u00e4r \u00e4r sv\u00e5ra saker som vi m\u00e5ste prata mycket om.<\/p>\n","protected":false},"excerpt":{"rendered":"<p>\u00c5ter igen skriver jag n\u00e5gra rader utifr\u00e5n vad \u00f6verrabbin emeritus Morton Narrowe ber\u00e4ttade p\u00e5 pr\u00e4stkurs i v\u00e5ras. Det handlar om den v\u00e4lk\u00e4nda utsagan &#8221;\u00f6ga f\u00f6r \u00f6ga och tand f\u00f6r tand&#8221;. Det h\u00e4r \u00e4r \u00e4nnu ett exempel p\u00e5 hur kristna g\u00e4rna svartm\u00e5lat den judiska tron f\u00f6r att framst\u00e5 \u00e4n b\u00e4ttre i kontrast mot den. Jesus s\u00e4ger: [&hellip;]<\/p>\n","protected":false},"author":392,"featured_media":0,"comment_status":"open","ping_status":"open","sticky":false,"template":"","format":"standard","meta":{"_acf_changed":false,"footnotes":""},"categories":[8298,76189,78265],"tags":[],"class_list":["post-3499","post","type-post","status-publish","format-standard","hentry","category-bibeln","category-dagens-kyrka","category-motkultur"],"acf":[],"yoast_head":"<!-- This site is optimized with the Yoast SEO plugin v27.1.1 - https:\/\/yoast.com\/product\/yoast-seo-wordpress\/ -->\n<title>\u00d6ga f\u00f6r \u00f6ga - och hur man till\u00e4mpat det - Vandra V\u00e4gen<\/title>\n<meta name=\"robots\" content=\"index, follow, max-snippet:-1, max-image-preview:large, max-video-preview:-1\" \/>\n<link rel=\"canonical\" href=\"https:\/\/blogg.svenskakyrkan.se\/vandravagen\/2015\/08\/22\/oga-for-oga-och-hur-man-tillampat-det\/\" \/>\n<meta property=\"og:locale\" content=\"sv_SE\" \/>\n<meta property=\"og:type\" content=\"article\" \/>\n<meta property=\"og:title\" content=\"\u00d6ga f\u00f6r \u00f6ga - och hur man till\u00e4mpat det - Vandra V\u00e4gen\" \/>\n<meta property=\"og:description\" content=\"\u00c5ter igen skriver jag n\u00e5gra rader utifr\u00e5n vad \u00f6verrabbin emeritus Morton Narrowe ber\u00e4ttade p\u00e5 pr\u00e4stkurs i v\u00e5ras. Det handlar om den v\u00e4lk\u00e4nda utsagan &#8221;\u00f6ga f\u00f6r \u00f6ga och tand f\u00f6r tand&#8221;. Det h\u00e4r \u00e4r \u00e4nnu ett exempel p\u00e5 hur kristna g\u00e4rna svartm\u00e5lat den judiska tron f\u00f6r att framst\u00e5 \u00e4n b\u00e4ttre i kontrast mot den. Jesus s\u00e4ger: [&hellip;]\" \/>\n<meta property=\"og:url\" content=\"https:\/\/blogg.svenskakyrkan.se\/vandravagen\/2015\/08\/22\/oga-for-oga-och-hur-man-tillampat-det\/\" \/>\n<meta property=\"og:site_name\" content=\"Vandra V\u00e4gen\" \/>\n<meta property=\"article:publisher\" content=\"http:\/\/facebook.com\/vandravagen\" \/>\n<meta property=\"article:published_time\" content=\"2015-08-22T05:00:49+00:00\" \/>\n<meta property=\"og:image\" content=\"http:\/\/blogg.svenskakyrkan.se\/vandravagen\/files\/2015\/08\/0Yj52C2Cy8ZFsAHEbt86a14oJgAre5SuVcavqPj_DAE-1024x849.jpg\" \/>\n<meta name=\"author\" content=\"Tomas Jarvid\" \/>\n<meta name=\"twitter:card\" content=\"summary_large_image\" \/>\n<meta name=\"twitter:creator\" content=\"@fadertomas\" \/>\n<meta name=\"twitter:site\" content=\"@fadertomas\" \/>\n<meta name=\"twitter:label1\" content=\"Skriven av\" \/>\n\t<meta name=\"twitter:data1\" content=\"Tomas Jarvid\" \/>\n\t<meta name=\"twitter:label2\" content=\"Ber\u00e4knad l\u00e4stid\" \/>\n\t<meta name=\"twitter:data2\" content=\"2 minuter\" \/>\n<script type=\"application\/ld+json\" class=\"yoast-schema-graph\">{\"@context\":\"https:\/\/schema.org\",\"@graph\":[{\"@type\":\"Article\",\"@id\":\"https:\/\/blogg.svenskakyrkan.se\/vandravagen\/2015\/08\/22\/oga-for-oga-och-hur-man-tillampat-det\/#article\",\"isPartOf\":{\"@id\":\"https:\/\/blogg.svenskakyrkan.se\/vandravagen\/2015\/08\/22\/oga-for-oga-och-hur-man-tillampat-det\/\"},\"author\":{\"name\":\"Tomas Jarvid\",\"@id\":\"https:\/\/blogg.svenskakyrkan.se\/vandravagen\/#\/schema\/person\/25da02d4f76b137d04291711e2c9fc16\"},\"headline\":\"\u00d6ga f\u00f6r \u00f6ga &#8211; och hur man till\u00e4mpat det\",\"datePublished\":\"2015-08-22T05:00:49+00:00\",\"mainEntityOfPage\":{\"@id\":\"https:\/\/blogg.svenskakyrkan.se\/vandravagen\/2015\/08\/22\/oga-for-oga-och-hur-man-tillampat-det\/\"},\"wordCount\":505,\"commentCount\":12,\"publisher\":{\"@id\":\"https:\/\/blogg.svenskakyrkan.se\/vandravagen\/#organization\"},\"image\":{\"@id\":\"https:\/\/blogg.svenskakyrkan.se\/vandravagen\/2015\/08\/22\/oga-for-oga-och-hur-man-tillampat-det\/#primaryimage\"},\"thumbnailUrl\":\"http:\/\/blogg.svenskakyrkan.se\/vandravagen\/files\/2015\/08\/0Yj52C2Cy8ZFsAHEbt86a14oJgAre5SuVcavqPj_DAE-1024x849.jpg\",\"articleSection\":[\"Bibeln\",\"Dagens Kyrka\",\"motkultur\"],\"inLanguage\":\"sv-SE\",\"potentialAction\":[{\"@type\":\"CommentAction\",\"name\":\"Comment\",\"target\":[\"https:\/\/blogg.svenskakyrkan.se\/vandravagen\/2015\/08\/22\/oga-for-oga-och-hur-man-tillampat-det\/#respond\"]}]},{\"@type\":\"WebPage\",\"@id\":\"https:\/\/blogg.svenskakyrkan.se\/vandravagen\/2015\/08\/22\/oga-for-oga-och-hur-man-tillampat-det\/\",\"url\":\"https:\/\/blogg.svenskakyrkan.se\/vandravagen\/2015\/08\/22\/oga-for-oga-och-hur-man-tillampat-det\/\",\"name\":\"\u00d6ga f\u00f6r \u00f6ga - och hur man till\u00e4mpat det - Vandra V\u00e4gen\",\"isPartOf\":{\"@id\":\"https:\/\/blogg.svenskakyrkan.se\/vandravagen\/#website\"},\"primaryImageOfPage\":{\"@id\":\"https:\/\/blogg.svenskakyrkan.se\/vandravagen\/2015\/08\/22\/oga-for-oga-och-hur-man-tillampat-det\/#primaryimage\"},\"image\":{\"@id\":\"https:\/\/blogg.svenskakyrkan.se\/vandravagen\/2015\/08\/22\/oga-for-oga-och-hur-man-tillampat-det\/#primaryimage\"},\"thumbnailUrl\":\"http:\/\/blogg.svenskakyrkan.se\/vandravagen\/files\/2015\/08\/0Yj52C2Cy8ZFsAHEbt86a14oJgAre5SuVcavqPj_DAE-1024x849.jpg\",\"datePublished\":\"2015-08-22T05:00:49+00:00\",\"breadcrumb\":{\"@id\":\"https:\/\/blogg.svenskakyrkan.se\/vandravagen\/2015\/08\/22\/oga-for-oga-och-hur-man-tillampat-det\/#breadcrumb\"},\"inLanguage\":\"sv-SE\",\"potentialAction\":[{\"@type\":\"ReadAction\",\"target\":[\"https:\/\/blogg.svenskakyrkan.se\/vandravagen\/2015\/08\/22\/oga-for-oga-och-hur-man-tillampat-det\/\"]}]},{\"@type\":\"ImageObject\",\"inLanguage\":\"sv-SE\",\"@id\":\"https:\/\/blogg.svenskakyrkan.se\/vandravagen\/2015\/08\/22\/oga-for-oga-och-hur-man-tillampat-det\/#primaryimage\",\"url\":\"http:\/\/blogg.svenskakyrkan.se\/vandravagen\/files\/2015\/08\/0Yj52C2Cy8ZFsAHEbt86a14oJgAre5SuVcavqPj_DAE-1024x849.jpg\",\"contentUrl\":\"http:\/\/blogg.svenskakyrkan.se\/vandravagen\/files\/2015\/08\/0Yj52C2Cy8ZFsAHEbt86a14oJgAre5SuVcavqPj_DAE-1024x849.jpg\"},{\"@type\":\"BreadcrumbList\",\"@id\":\"https:\/\/blogg.svenskakyrkan.se\/vandravagen\/2015\/08\/22\/oga-for-oga-och-hur-man-tillampat-det\/#breadcrumb\",\"itemListElement\":[{\"@type\":\"ListItem\",\"position\":1,\"name\":\"Hem\",\"item\":\"https:\/\/blogg.svenskakyrkan.se\/vandravagen\/\"},{\"@type\":\"ListItem\",\"position\":2,\"name\":\"\u00d6ga f\u00f6r \u00f6ga &#8211; och hur man till\u00e4mpat det\"}]},{\"@type\":\"WebSite\",\"@id\":\"https:\/\/blogg.svenskakyrkan.se\/vandravagen\/#website\",\"url\":\"https:\/\/blogg.svenskakyrkan.se\/vandravagen\/\",\"name\":\"Vandra V\u00e4gen\",\"description\":\"-Mot en tro f\u00f6r hela livet\",\"publisher\":{\"@id\":\"https:\/\/blogg.svenskakyrkan.se\/vandravagen\/#organization\"},\"potentialAction\":[{\"@type\":\"SearchAction\",\"target\":{\"@type\":\"EntryPoint\",\"urlTemplate\":\"https:\/\/blogg.svenskakyrkan.se\/vandravagen\/?s={search_term_string}\"},\"query-input\":{\"@type\":\"PropertyValueSpecification\",\"valueRequired\":true,\"valueName\":\"search_term_string\"}}],\"inLanguage\":\"sv-SE\"},{\"@type\":\"Organization\",\"@id\":\"https:\/\/blogg.svenskakyrkan.se\/vandravagen\/#organization\",\"name\":\"ulricehamns pastorat\",\"alternateName\":\"ulricehamns pastorat\",\"url\":\"https:\/\/blogg.svenskakyrkan.se\/vandravagen\/\",\"logo\":{\"@type\":\"ImageObject\",\"inLanguage\":\"sv-SE\",\"@id\":\"https:\/\/blogg.svenskakyrkan.se\/vandravagen\/#\/schema\/logo\/image\/\",\"url\":\"https:\/\/blogg.svenskakyrkan.se\/vandravagen\/files\/2023\/05\/Ulr_logo_RGB.png\",\"contentUrl\":\"https:\/\/blogg.svenskakyrkan.se\/vandravagen\/files\/2023\/05\/Ulr_logo_RGB.png\",\"width\":205,\"height\":77,\"caption\":\"ulricehamns pastorat\"},\"image\":{\"@id\":\"https:\/\/blogg.svenskakyrkan.se\/vandravagen\/#\/schema\/logo\/image\/\"},\"sameAs\":[\"http:\/\/facebook.com\/vandravagen\",\"https:\/\/x.com\/fadertomas\",\"http:\/\/www.facebook.com\/svenskakyrkaniulricehamn\"]},{\"@type\":\"Person\",\"@id\":\"https:\/\/blogg.svenskakyrkan.se\/vandravagen\/#\/schema\/person\/25da02d4f76b137d04291711e2c9fc16\",\"name\":\"Tomas Jarvid\",\"image\":{\"@type\":\"ImageObject\",\"inLanguage\":\"sv-SE\",\"@id\":\"https:\/\/blogg.svenskakyrkan.se\/vandravagen\/#\/schema\/person\/image\/\",\"url\":\"https:\/\/secure.gravatar.com\/avatar\/7fa71899795e8f540f615a1f5ab25255dc27aa40f05ee7ddd21aac521e01bf50?s=96&d=identicon&r=g\",\"contentUrl\":\"https:\/\/secure.gravatar.com\/avatar\/7fa71899795e8f540f615a1f5ab25255dc27aa40f05ee7ddd21aac521e01bf50?s=96&d=identicon&r=g\",\"caption\":\"Tomas Jarvid\"},\"description\":\"Jag bor i Ulricehamn i V\u00e4sterg\u00f6tland och \u00e4r f\u00f6rsamlingspr\u00e4st i Svenska Kyrkan f\u00f6r Dalstorps f\u00f6rsamling i Kinds pastorat. P\u00e5 den h\u00e4r bloggen skriver jag ner tankar om vandringen som kristen.\",\"sameAs\":[\"http:\/\/www.vandravagen.se\"],\"url\":\"https:\/\/blogg.svenskakyrkan.se\/vandravagen\/author\/vandravagen\/\"}]}<\/script>\n<!-- \/ Yoast SEO plugin. -->","yoast_head_json":{"title":"\u00d6ga f\u00f6r \u00f6ga - och hur man till\u00e4mpat det - Vandra V\u00e4gen","robots":{"index":"index","follow":"follow","max-snippet":"max-snippet:-1","max-image-preview":"max-image-preview:large","max-video-preview":"max-video-preview:-1"},"canonical":"https:\/\/blogg.svenskakyrkan.se\/vandravagen\/2015\/08\/22\/oga-for-oga-och-hur-man-tillampat-det\/","og_locale":"sv_SE","og_type":"article","og_title":"\u00d6ga f\u00f6r \u00f6ga - och hur man till\u00e4mpat det - Vandra V\u00e4gen","og_description":"\u00c5ter igen skriver jag n\u00e5gra rader utifr\u00e5n vad \u00f6verrabbin emeritus Morton Narrowe ber\u00e4ttade p\u00e5 pr\u00e4stkurs i v\u00e5ras. Det handlar om den v\u00e4lk\u00e4nda utsagan &#8221;\u00f6ga f\u00f6r \u00f6ga och tand f\u00f6r tand&#8221;. Det h\u00e4r \u00e4r \u00e4nnu ett exempel p\u00e5 hur kristna g\u00e4rna svartm\u00e5lat den judiska tron f\u00f6r att framst\u00e5 \u00e4n b\u00e4ttre i kontrast mot den. Jesus s\u00e4ger: [&hellip;]","og_url":"https:\/\/blogg.svenskakyrkan.se\/vandravagen\/2015\/08\/22\/oga-for-oga-och-hur-man-tillampat-det\/","og_site_name":"Vandra V\u00e4gen","article_publisher":"http:\/\/facebook.com\/vandravagen","article_published_time":"2015-08-22T05:00:49+00:00","og_image":[{"url":"http:\/\/blogg.svenskakyrkan.se\/vandravagen\/files\/2015\/08\/0Yj52C2Cy8ZFsAHEbt86a14oJgAre5SuVcavqPj_DAE-1024x849.jpg","type":"","width":"","height":""}],"author":"Tomas Jarvid","twitter_card":"summary_large_image","twitter_creator":"@fadertomas","twitter_site":"@fadertomas","twitter_misc":{"Skriven av":"Tomas Jarvid","Ber\u00e4knad l\u00e4stid":"2 minuter"},"schema":{"@context":"https:\/\/schema.org","@graph":[{"@type":"Article","@id":"https:\/\/blogg.svenskakyrkan.se\/vandravagen\/2015\/08\/22\/oga-for-oga-och-hur-man-tillampat-det\/#article","isPartOf":{"@id":"https:\/\/blogg.svenskakyrkan.se\/vandravagen\/2015\/08\/22\/oga-for-oga-och-hur-man-tillampat-det\/"},"author":{"name":"Tomas Jarvid","@id":"https:\/\/blogg.svenskakyrkan.se\/vandravagen\/#\/schema\/person\/25da02d4f76b137d04291711e2c9fc16"},"headline":"\u00d6ga f\u00f6r \u00f6ga &#8211; och hur man till\u00e4mpat det","datePublished":"2015-08-22T05:00:49+00:00","mainEntityOfPage":{"@id":"https:\/\/blogg.svenskakyrkan.se\/vandravagen\/2015\/08\/22\/oga-for-oga-och-hur-man-tillampat-det\/"},"wordCount":505,"commentCount":12,"publisher":{"@id":"https:\/\/blogg.svenskakyrkan.se\/vandravagen\/#organization"},"image":{"@id":"https:\/\/blogg.svenskakyrkan.se\/vandravagen\/2015\/08\/22\/oga-for-oga-och-hur-man-tillampat-det\/#primaryimage"},"thumbnailUrl":"http:\/\/blogg.svenskakyrkan.se\/vandravagen\/files\/2015\/08\/0Yj52C2Cy8ZFsAHEbt86a14oJgAre5SuVcavqPj_DAE-1024x849.jpg","articleSection":["Bibeln","Dagens Kyrka","motkultur"],"inLanguage":"sv-SE","potentialAction":[{"@type":"CommentAction","name":"Comment","target":["https:\/\/blogg.svenskakyrkan.se\/vandravagen\/2015\/08\/22\/oga-for-oga-och-hur-man-tillampat-det\/#respond"]}]},{"@type":"WebPage","@id":"https:\/\/blogg.svenskakyrkan.se\/vandravagen\/2015\/08\/22\/oga-for-oga-och-hur-man-tillampat-det\/","url":"https:\/\/blogg.svenskakyrkan.se\/vandravagen\/2015\/08\/22\/oga-for-oga-och-hur-man-tillampat-det\/","name":"\u00d6ga f\u00f6r \u00f6ga - och hur man till\u00e4mpat det - Vandra V\u00e4gen","isPartOf":{"@id":"https:\/\/blogg.svenskakyrkan.se\/vandravagen\/#website"},"primaryImageOfPage":{"@id":"https:\/\/blogg.svenskakyrkan.se\/vandravagen\/2015\/08\/22\/oga-for-oga-och-hur-man-tillampat-det\/#primaryimage"},"image":{"@id":"https:\/\/blogg.svenskakyrkan.se\/vandravagen\/2015\/08\/22\/oga-for-oga-och-hur-man-tillampat-det\/#primaryimage"},"thumbnailUrl":"http:\/\/blogg.svenskakyrkan.se\/vandravagen\/files\/2015\/08\/0Yj52C2Cy8ZFsAHEbt86a14oJgAre5SuVcavqPj_DAE-1024x849.jpg","datePublished":"2015-08-22T05:00:49+00:00","breadcrumb":{"@id":"https:\/\/blogg.svenskakyrkan.se\/vandravagen\/2015\/08\/22\/oga-for-oga-och-hur-man-tillampat-det\/#breadcrumb"},"inLanguage":"sv-SE","potentialAction":[{"@type":"ReadAction","target":["https:\/\/blogg.svenskakyrkan.se\/vandravagen\/2015\/08\/22\/oga-for-oga-och-hur-man-tillampat-det\/"]}]},{"@type":"ImageObject","inLanguage":"sv-SE","@id":"https:\/\/blogg.svenskakyrkan.se\/vandravagen\/2015\/08\/22\/oga-for-oga-och-hur-man-tillampat-det\/#primaryimage","url":"http:\/\/blogg.svenskakyrkan.se\/vandravagen\/files\/2015\/08\/0Yj52C2Cy8ZFsAHEbt86a14oJgAre5SuVcavqPj_DAE-1024x849.jpg","contentUrl":"http:\/\/blogg.svenskakyrkan.se\/vandravagen\/files\/2015\/08\/0Yj52C2Cy8ZFsAHEbt86a14oJgAre5SuVcavqPj_DAE-1024x849.jpg"},{"@type":"BreadcrumbList","@id":"https:\/\/blogg.svenskakyrkan.se\/vandravagen\/2015\/08\/22\/oga-for-oga-och-hur-man-tillampat-det\/#breadcrumb","itemListElement":[{"@type":"ListItem","position":1,"name":"Hem","item":"https:\/\/blogg.svenskakyrkan.se\/vandravagen\/"},{"@type":"ListItem","position":2,"name":"\u00d6ga f\u00f6r \u00f6ga &#8211; och hur man till\u00e4mpat det"}]},{"@type":"WebSite","@id":"https:\/\/blogg.svenskakyrkan.se\/vandravagen\/#website","url":"https:\/\/blogg.svenskakyrkan.se\/vandravagen\/","name":"Vandra V\u00e4gen","description":"-Mot en tro f\u00f6r hela livet","publisher":{"@id":"https:\/\/blogg.svenskakyrkan.se\/vandravagen\/#organization"},"potentialAction":[{"@type":"SearchAction","target":{"@type":"EntryPoint","urlTemplate":"https:\/\/blogg.svenskakyrkan.se\/vandravagen\/?s={search_term_string}"},"query-input":{"@type":"PropertyValueSpecification","valueRequired":true,"valueName":"search_term_string"}}],"inLanguage":"sv-SE"},{"@type":"Organization","@id":"https:\/\/blogg.svenskakyrkan.se\/vandravagen\/#organization","name":"ulricehamns pastorat","alternateName":"ulricehamns pastorat","url":"https:\/\/blogg.svenskakyrkan.se\/vandravagen\/","logo":{"@type":"ImageObject","inLanguage":"sv-SE","@id":"https:\/\/blogg.svenskakyrkan.se\/vandravagen\/#\/schema\/logo\/image\/","url":"https:\/\/blogg.svenskakyrkan.se\/vandravagen\/files\/2023\/05\/Ulr_logo_RGB.png","contentUrl":"https:\/\/blogg.svenskakyrkan.se\/vandravagen\/files\/2023\/05\/Ulr_logo_RGB.png","width":205,"height":77,"caption":"ulricehamns pastorat"},"image":{"@id":"https:\/\/blogg.svenskakyrkan.se\/vandravagen\/#\/schema\/logo\/image\/"},"sameAs":["http:\/\/facebook.com\/vandravagen","https:\/\/x.com\/fadertomas","http:\/\/www.facebook.com\/svenskakyrkaniulricehamn"]},{"@type":"Person","@id":"https:\/\/blogg.svenskakyrkan.se\/vandravagen\/#\/schema\/person\/25da02d4f76b137d04291711e2c9fc16","name":"Tomas Jarvid","image":{"@type":"ImageObject","inLanguage":"sv-SE","@id":"https:\/\/blogg.svenskakyrkan.se\/vandravagen\/#\/schema\/person\/image\/","url":"https:\/\/secure.gravatar.com\/avatar\/7fa71899795e8f540f615a1f5ab25255dc27aa40f05ee7ddd21aac521e01bf50?s=96&d=identicon&r=g","contentUrl":"https:\/\/secure.gravatar.com\/avatar\/7fa71899795e8f540f615a1f5ab25255dc27aa40f05ee7ddd21aac521e01bf50?s=96&d=identicon&r=g","caption":"Tomas Jarvid"},"description":"Jag bor i Ulricehamn i V\u00e4sterg\u00f6tland och \u00e4r f\u00f6rsamlingspr\u00e4st i Svenska Kyrkan f\u00f6r Dalstorps f\u00f6rsamling i Kinds pastorat. P\u00e5 den h\u00e4r bloggen skriver jag ner tankar om vandringen som kristen.","sameAs":["http:\/\/www.vandravagen.se"],"url":"https:\/\/blogg.svenskakyrkan.se\/vandravagen\/author\/vandravagen\/"}]}},"author_meta":{"ID":"392","user_nicename":"vandravagen","user_url":"http:\/\/www.vandravagen.se","user_registered":"2014-05-19 05:44:52","display_name":"Tomas Jarvid","first_name":"Tomas","last_name":"Jarvid","avatar":"https:\/\/secure.gravatar.com\/avatar\/7fa71899795e8f540f615a1f5ab25255dc27aa40f05ee7ddd21aac521e01bf50?s=96&d=identicon&r=g"},"featured_image":false,"bloginfo":{"name":"Vandra V\u00e4gen","url":"https:\/\/blogg.svenskakyrkan.se\/vandravagen"},"_links":{"self":[{"href":"https:\/\/blogg.svenskakyrkan.se\/vandravagen\/wp-json\/wp\/v2\/posts\/3499","targetHints":{"allow":["GET"]}}],"collection":[{"href":"https:\/\/blogg.svenskakyrkan.se\/vandravagen\/wp-json\/wp\/v2\/posts"}],"about":[{"href":"https:\/\/blogg.svenskakyrkan.se\/vandravagen\/wp-json\/wp\/v2\/types\/post"}],"author":[{"embeddable":true,"href":"https:\/\/blogg.svenskakyrkan.se\/vandravagen\/wp-json\/wp\/v2\/users\/392"}],"replies":[{"embeddable":true,"href":"https:\/\/blogg.svenskakyrkan.se\/vandravagen\/wp-json\/wp\/v2\/comments?post=3499"}],"version-history":[{"count":2,"href":"https:\/\/blogg.svenskakyrkan.se\/vandravagen\/wp-json\/wp\/v2\/posts\/3499\/revisions"}],"predecessor-version":[{"id":3502,"href":"https:\/\/blogg.svenskakyrkan.se\/vandravagen\/wp-json\/wp\/v2\/posts\/3499\/revisions\/3502"}],"wp:attachment":[{"href":"https:\/\/blogg.svenskakyrkan.se\/vandravagen\/wp-json\/wp\/v2\/media?parent=3499"}],"wp:term":[{"taxonomy":"category","embeddable":true,"href":"https:\/\/blogg.svenskakyrkan.se\/vandravagen\/wp-json\/wp\/v2\/categories?post=3499"},{"taxonomy":"post_tag","embeddable":true,"href":"https:\/\/blogg.svenskakyrkan.se\/vandravagen\/wp-json\/wp\/v2\/tags?post=3499"}],"curies":[{"name":"wp","href":"https:\/\/api.w.org\/{rel}","templated":true}]}}