{"id":3507,"date":"2015-08-24T07:00:40","date_gmt":"2015-08-24T05:00:40","guid":{"rendered":"http:\/\/blogg.svenskakyrkan.se\/vandravagen\/?p=3507"},"modified":"2015-08-23T19:08:01","modified_gmt":"2015-08-23T17:08:01","slug":"att-vara-god-for-att-man-ar-radd","status":"publish","type":"post","link":"https:\/\/blogg.svenskakyrkan.se\/vandravagen\/2015\/08\/24\/att-vara-god-for-att-man-ar-radd\/","title":{"rendered":"Att vara god f\u00f6r att man \u00e4r r\u00e4dd"},"content":{"rendered":"<div id=\"attachment_3508\" style=\"width: 810px\" class=\"wp-caption aligncenter\"><a href=\"http:\/\/blogg.svenskakyrkan.se\/vandravagen\/files\/2015\/08\/bild-56.jpg\"><img loading=\"lazy\" decoding=\"async\" aria-describedby=\"caption-attachment-3508\" class=\"size-full wp-image-3508\" src=\"http:\/\/blogg.svenskakyrkan.se\/vandravagen\/files\/2015\/08\/bild-56.jpg\" alt=\"M\u00e5nga kanske l\u00e5ter bli att s\u00e4ga det de t\u00e4nker i r\u00e4dsla f\u00f6r att bli avsl\u00f6jade?\" width=\"800\" height=\"619\" srcset=\"https:\/\/blogg.svenskakyrkan.se\/vandravagen\/files\/2015\/08\/bild-56.jpg 800w, https:\/\/blogg.svenskakyrkan.se\/vandravagen\/files\/2015\/08\/bild-56-300x232.jpg 300w, https:\/\/blogg.svenskakyrkan.se\/vandravagen\/files\/2015\/08\/bild-56-388x300.jpg 388w\" sizes=\"auto, (max-width: 800px) 100vw, 800px\" \/><\/a><p id=\"caption-attachment-3508\" class=\"wp-caption-text\">M\u00e5nga kanske l\u00e5ter bli att s\u00e4ga det de t\u00e4nker i r\u00e4dsla f\u00f6r att bli avsl\u00f6jade?<\/p><\/div>\n<p>Jag h\u00f6rde om n\u00e5gon klassisk teolog som hade funderat mycket p\u00e5 dygder, att \u00f6va sig i att handla gott mot andra.<\/p>\n<p>Han (vem det nu var, hojta till om du vet) menade att det finns <strong>vardagsdygder<\/strong> och <strong>\u00e4kta dygder.\u00a0<\/strong>Vardagsdygderna st\u00e5r f\u00f6r den \u00f6verv\u00e4ldigande m\u00e4ngden av goda g\u00e4rningar s\u00e5 vi ska vara tacksamma att de finns. Problemet med dem \u00e4r att de rymmer sin motsats i sig.<\/p>\n<p>Tanken \u00e4r att de flesta g\u00e5nger vi handlar gott g\u00f6r vi det<strong> antingen utifr\u00e5n r\u00e4dsla eller utifr\u00e5n h\u00f6gmod<\/strong>. Vi kan till exempel vara r\u00e4dda f\u00f6r konsekvenserna en handling skulle f\u00e5 rent juridiskt eller i hur andra skulle se p\u00e5 oss om vi begick den. Du kan s\u00e4kert hitta gott om exempel fr\u00e5n ditt eget liv p\u00e5 goda handlingar som motiveras p\u00e5 detta s\u00e4tt. Ibland s\u00e4gs det att sann karakt\u00e4r syns p\u00e5 hur vi handlar n\u00e4r vi inte riskerar att \u00e5ka fast. D\u00e5 \u00e4r vi inne p\u00e5 det h\u00e4r.<\/p>\n<p>Handla gott utifr\u00e5n h\u00f6gmod g\u00f6r vi om den fr\u00e4msta <strong>drivkraften \u00e4r att vi ska f\u00e5 k\u00e4nna oss b\u00e4ttre \u00e4n andra m\u00e4nniskor<\/strong>. &#8221;S\u00e5 d\u00e4r skulle jag aldrig g\u00f6ra&#8221; kan vi t\u00e4nka och k\u00e4nna oss n\u00f6jda med oss sj\u00e4lva. (Och Jesus s\u00e4ger d\u00e5 att vi redan tagit ut v\u00e5r l\u00f6n.)<\/p>\n<p>Problemet med dygder som drivs av r\u00e4dsla och h\u00f6gmod \u00e4r f\u00f6rst\u00e5s att ju mer vi \u00e4r styrda av r\u00e4dsla och h\u00f6gmod (och om man handlar utifr\u00e5n dem s\u00e5 matar man f\u00f6rst\u00e5s dessa drivkrafter ytterligare) desto mer d\u00e5liga g\u00e4rningar blir det ocks\u00e5. Man kan inte g\u00e5 via r\u00e4dsla och h\u00f6gmod f\u00f6r att l\u00e4ra sig \u00e4lska sin n\u00e4sta.<\/p>\n<p>\u00c4kta dygd \u00e4r n\u00e4r vi g\u00f6r gott f\u00f6r att det \u00e4r gott. F\u00f6r att v\u00e5r medm\u00e4nniska beh\u00f6ver det. Det \u00e4r betydligt ovanligare. I praktiken \u00e4r det nog ocks\u00e5 s\u00e5 att den \u00e4kta dygden inte visar sig i ren form utan att de g\u00e5r i varandra. Hur vi \u00f6var oss i den \u00e4r v\u00e4rt att fundera mer p\u00e5 en annan g\u00e5ng. Skriv g\u00e4rna en kommentar om du har tankar om detta! Idag f\u00e5r det r\u00e4cka att konstatera att vi inte genast ska tro vi \u00e4r s\u00e5 goda m\u00e4nniskor f\u00f6r att vi r\u00e5kar handla gott.<\/p>\n","protected":false},"excerpt":{"rendered":"<p>Jag h\u00f6rde om n\u00e5gon klassisk teolog som hade funderat mycket p\u00e5 dygder, att \u00f6va sig i att handla gott mot andra. Han (vem det nu var, hojta till om du vet) menade att det finns vardagsdygder och \u00e4kta dygder.\u00a0Vardagsdygderna st\u00e5r f\u00f6r den \u00f6verv\u00e4ldigande m\u00e4ngden av goda g\u00e4rningar s\u00e5 vi ska vara tacksamma att de finns. [&hellip;]<\/p>\n","protected":false},"author":392,"featured_media":0,"comment_status":"open","ping_status":"open","sticky":false,"template":"","format":"standard","meta":{"_acf_changed":false,"footnotes":""},"categories":[76189,117,77554],"tags":[],"class_list":["post-3507","post","type-post","status-publish","format-standard","hentry","category-dagens-kyrka","category-teologi","category-vara-manniska"],"acf":[],"yoast_head":"<!-- This site is optimized with the Yoast SEO plugin v27.1.1 - https:\/\/yoast.com\/product\/yoast-seo-wordpress\/ -->\n<title>Att vara god f\u00f6r att man \u00e4r r\u00e4dd - Vandra V\u00e4gen<\/title>\n<meta name=\"robots\" content=\"index, follow, max-snippet:-1, max-image-preview:large, max-video-preview:-1\" \/>\n<link rel=\"canonical\" href=\"https:\/\/blogg.svenskakyrkan.se\/vandravagen\/2015\/08\/24\/att-vara-god-for-att-man-ar-radd\/\" \/>\n<meta property=\"og:locale\" content=\"sv_SE\" \/>\n<meta property=\"og:type\" content=\"article\" \/>\n<meta property=\"og:title\" content=\"Att vara god f\u00f6r att man \u00e4r r\u00e4dd - Vandra V\u00e4gen\" \/>\n<meta property=\"og:description\" content=\"Jag h\u00f6rde om n\u00e5gon klassisk teolog som hade funderat mycket p\u00e5 dygder, att \u00f6va sig i att handla gott mot andra. Han (vem det nu var, hojta till om du vet) menade att det finns vardagsdygder och \u00e4kta dygder.\u00a0Vardagsdygderna st\u00e5r f\u00f6r den \u00f6verv\u00e4ldigande m\u00e4ngden av goda g\u00e4rningar s\u00e5 vi ska vara tacksamma att de finns. [&hellip;]\" \/>\n<meta property=\"og:url\" content=\"https:\/\/blogg.svenskakyrkan.se\/vandravagen\/2015\/08\/24\/att-vara-god-for-att-man-ar-radd\/\" \/>\n<meta property=\"og:site_name\" content=\"Vandra V\u00e4gen\" \/>\n<meta property=\"article:publisher\" content=\"http:\/\/facebook.com\/vandravagen\" \/>\n<meta property=\"article:published_time\" content=\"2015-08-24T05:00:40+00:00\" \/>\n<meta property=\"og:image\" content=\"http:\/\/blogg.svenskakyrkan.se\/vandravagen\/files\/2015\/08\/bild-56.jpg\" \/>\n<meta name=\"author\" content=\"Tomas Jarvid\" \/>\n<meta name=\"twitter:card\" content=\"summary_large_image\" \/>\n<meta name=\"twitter:creator\" content=\"@fadertomas\" \/>\n<meta name=\"twitter:site\" content=\"@fadertomas\" \/>\n<meta name=\"twitter:label1\" content=\"Skriven av\" \/>\n\t<meta name=\"twitter:data1\" content=\"Tomas Jarvid\" \/>\n\t<meta name=\"twitter:label2\" content=\"Ber\u00e4knad l\u00e4stid\" \/>\n\t<meta name=\"twitter:data2\" content=\"2 minuter\" \/>\n<script type=\"application\/ld+json\" class=\"yoast-schema-graph\">{\"@context\":\"https:\/\/schema.org\",\"@graph\":[{\"@type\":\"Article\",\"@id\":\"https:\/\/blogg.svenskakyrkan.se\/vandravagen\/2015\/08\/24\/att-vara-god-for-att-man-ar-radd\/#article\",\"isPartOf\":{\"@id\":\"https:\/\/blogg.svenskakyrkan.se\/vandravagen\/2015\/08\/24\/att-vara-god-for-att-man-ar-radd\/\"},\"author\":{\"name\":\"Tomas Jarvid\",\"@id\":\"https:\/\/blogg.svenskakyrkan.se\/vandravagen\/#\/schema\/person\/25da02d4f76b137d04291711e2c9fc16\"},\"headline\":\"Att vara god f\u00f6r att man \u00e4r r\u00e4dd\",\"datePublished\":\"2015-08-24T05:00:40+00:00\",\"mainEntityOfPage\":{\"@id\":\"https:\/\/blogg.svenskakyrkan.se\/vandravagen\/2015\/08\/24\/att-vara-god-for-att-man-ar-radd\/\"},\"wordCount\":461,\"commentCount\":4,\"publisher\":{\"@id\":\"https:\/\/blogg.svenskakyrkan.se\/vandravagen\/#organization\"},\"image\":{\"@id\":\"https:\/\/blogg.svenskakyrkan.se\/vandravagen\/2015\/08\/24\/att-vara-god-for-att-man-ar-radd\/#primaryimage\"},\"thumbnailUrl\":\"http:\/\/blogg.svenskakyrkan.se\/vandravagen\/files\/2015\/08\/bild-56.jpg\",\"articleSection\":[\"Dagens Kyrka\",\"Teologi\",\"vara m\u00e4nniska\"],\"inLanguage\":\"sv-SE\",\"potentialAction\":[{\"@type\":\"CommentAction\",\"name\":\"Comment\",\"target\":[\"https:\/\/blogg.svenskakyrkan.se\/vandravagen\/2015\/08\/24\/att-vara-god-for-att-man-ar-radd\/#respond\"]}]},{\"@type\":\"WebPage\",\"@id\":\"https:\/\/blogg.svenskakyrkan.se\/vandravagen\/2015\/08\/24\/att-vara-god-for-att-man-ar-radd\/\",\"url\":\"https:\/\/blogg.svenskakyrkan.se\/vandravagen\/2015\/08\/24\/att-vara-god-for-att-man-ar-radd\/\",\"name\":\"Att vara god f\u00f6r att man \u00e4r r\u00e4dd - Vandra V\u00e4gen\",\"isPartOf\":{\"@id\":\"https:\/\/blogg.svenskakyrkan.se\/vandravagen\/#website\"},\"primaryImageOfPage\":{\"@id\":\"https:\/\/blogg.svenskakyrkan.se\/vandravagen\/2015\/08\/24\/att-vara-god-for-att-man-ar-radd\/#primaryimage\"},\"image\":{\"@id\":\"https:\/\/blogg.svenskakyrkan.se\/vandravagen\/2015\/08\/24\/att-vara-god-for-att-man-ar-radd\/#primaryimage\"},\"thumbnailUrl\":\"http:\/\/blogg.svenskakyrkan.se\/vandravagen\/files\/2015\/08\/bild-56.jpg\",\"datePublished\":\"2015-08-24T05:00:40+00:00\",\"breadcrumb\":{\"@id\":\"https:\/\/blogg.svenskakyrkan.se\/vandravagen\/2015\/08\/24\/att-vara-god-for-att-man-ar-radd\/#breadcrumb\"},\"inLanguage\":\"sv-SE\",\"potentialAction\":[{\"@type\":\"ReadAction\",\"target\":[\"https:\/\/blogg.svenskakyrkan.se\/vandravagen\/2015\/08\/24\/att-vara-god-for-att-man-ar-radd\/\"]}]},{\"@type\":\"ImageObject\",\"inLanguage\":\"sv-SE\",\"@id\":\"https:\/\/blogg.svenskakyrkan.se\/vandravagen\/2015\/08\/24\/att-vara-god-for-att-man-ar-radd\/#primaryimage\",\"url\":\"http:\/\/blogg.svenskakyrkan.se\/vandravagen\/files\/2015\/08\/bild-56.jpg\",\"contentUrl\":\"http:\/\/blogg.svenskakyrkan.se\/vandravagen\/files\/2015\/08\/bild-56.jpg\"},{\"@type\":\"BreadcrumbList\",\"@id\":\"https:\/\/blogg.svenskakyrkan.se\/vandravagen\/2015\/08\/24\/att-vara-god-for-att-man-ar-radd\/#breadcrumb\",\"itemListElement\":[{\"@type\":\"ListItem\",\"position\":1,\"name\":\"Hem\",\"item\":\"https:\/\/blogg.svenskakyrkan.se\/vandravagen\/\"},{\"@type\":\"ListItem\",\"position\":2,\"name\":\"Att vara god f\u00f6r att man \u00e4r r\u00e4dd\"}]},{\"@type\":\"WebSite\",\"@id\":\"https:\/\/blogg.svenskakyrkan.se\/vandravagen\/#website\",\"url\":\"https:\/\/blogg.svenskakyrkan.se\/vandravagen\/\",\"name\":\"Vandra V\u00e4gen\",\"description\":\"-Mot en tro f\u00f6r hela livet\",\"publisher\":{\"@id\":\"https:\/\/blogg.svenskakyrkan.se\/vandravagen\/#organization\"},\"potentialAction\":[{\"@type\":\"SearchAction\",\"target\":{\"@type\":\"EntryPoint\",\"urlTemplate\":\"https:\/\/blogg.svenskakyrkan.se\/vandravagen\/?s={search_term_string}\"},\"query-input\":{\"@type\":\"PropertyValueSpecification\",\"valueRequired\":true,\"valueName\":\"search_term_string\"}}],\"inLanguage\":\"sv-SE\"},{\"@type\":\"Organization\",\"@id\":\"https:\/\/blogg.svenskakyrkan.se\/vandravagen\/#organization\",\"name\":\"ulricehamns pastorat\",\"alternateName\":\"ulricehamns pastorat\",\"url\":\"https:\/\/blogg.svenskakyrkan.se\/vandravagen\/\",\"logo\":{\"@type\":\"ImageObject\",\"inLanguage\":\"sv-SE\",\"@id\":\"https:\/\/blogg.svenskakyrkan.se\/vandravagen\/#\/schema\/logo\/image\/\",\"url\":\"https:\/\/blogg.svenskakyrkan.se\/vandravagen\/files\/2023\/05\/Ulr_logo_RGB.png\",\"contentUrl\":\"https:\/\/blogg.svenskakyrkan.se\/vandravagen\/files\/2023\/05\/Ulr_logo_RGB.png\",\"width\":205,\"height\":77,\"caption\":\"ulricehamns pastorat\"},\"image\":{\"@id\":\"https:\/\/blogg.svenskakyrkan.se\/vandravagen\/#\/schema\/logo\/image\/\"},\"sameAs\":[\"http:\/\/facebook.com\/vandravagen\",\"https:\/\/x.com\/fadertomas\",\"http:\/\/www.facebook.com\/svenskakyrkaniulricehamn\"]},{\"@type\":\"Person\",\"@id\":\"https:\/\/blogg.svenskakyrkan.se\/vandravagen\/#\/schema\/person\/25da02d4f76b137d04291711e2c9fc16\",\"name\":\"Tomas Jarvid\",\"image\":{\"@type\":\"ImageObject\",\"inLanguage\":\"sv-SE\",\"@id\":\"https:\/\/blogg.svenskakyrkan.se\/vandravagen\/#\/schema\/person\/image\/\",\"url\":\"https:\/\/secure.gravatar.com\/avatar\/7fa71899795e8f540f615a1f5ab25255dc27aa40f05ee7ddd21aac521e01bf50?s=96&d=identicon&r=g\",\"contentUrl\":\"https:\/\/secure.gravatar.com\/avatar\/7fa71899795e8f540f615a1f5ab25255dc27aa40f05ee7ddd21aac521e01bf50?s=96&d=identicon&r=g\",\"caption\":\"Tomas Jarvid\"},\"description\":\"Jag bor i Ulricehamn i V\u00e4sterg\u00f6tland och \u00e4r f\u00f6rsamlingspr\u00e4st i Svenska Kyrkan f\u00f6r Dalstorps f\u00f6rsamling i Kinds pastorat. P\u00e5 den h\u00e4r bloggen skriver jag ner tankar om vandringen som kristen.\",\"sameAs\":[\"http:\/\/www.vandravagen.se\"],\"url\":\"https:\/\/blogg.svenskakyrkan.se\/vandravagen\/author\/vandravagen\/\"}]}<\/script>\n<!-- \/ Yoast SEO plugin. -->","yoast_head_json":{"title":"Att vara god f\u00f6r att man \u00e4r r\u00e4dd - Vandra V\u00e4gen","robots":{"index":"index","follow":"follow","max-snippet":"max-snippet:-1","max-image-preview":"max-image-preview:large","max-video-preview":"max-video-preview:-1"},"canonical":"https:\/\/blogg.svenskakyrkan.se\/vandravagen\/2015\/08\/24\/att-vara-god-for-att-man-ar-radd\/","og_locale":"sv_SE","og_type":"article","og_title":"Att vara god f\u00f6r att man \u00e4r r\u00e4dd - Vandra V\u00e4gen","og_description":"Jag h\u00f6rde om n\u00e5gon klassisk teolog som hade funderat mycket p\u00e5 dygder, att \u00f6va sig i att handla gott mot andra. Han (vem det nu var, hojta till om du vet) menade att det finns vardagsdygder och \u00e4kta dygder.\u00a0Vardagsdygderna st\u00e5r f\u00f6r den \u00f6verv\u00e4ldigande m\u00e4ngden av goda g\u00e4rningar s\u00e5 vi ska vara tacksamma att de finns. [&hellip;]","og_url":"https:\/\/blogg.svenskakyrkan.se\/vandravagen\/2015\/08\/24\/att-vara-god-for-att-man-ar-radd\/","og_site_name":"Vandra V\u00e4gen","article_publisher":"http:\/\/facebook.com\/vandravagen","article_published_time":"2015-08-24T05:00:40+00:00","og_image":[{"url":"http:\/\/blogg.svenskakyrkan.se\/vandravagen\/files\/2015\/08\/bild-56.jpg","type":"","width":"","height":""}],"author":"Tomas Jarvid","twitter_card":"summary_large_image","twitter_creator":"@fadertomas","twitter_site":"@fadertomas","twitter_misc":{"Skriven av":"Tomas Jarvid","Ber\u00e4knad l\u00e4stid":"2 minuter"},"schema":{"@context":"https:\/\/schema.org","@graph":[{"@type":"Article","@id":"https:\/\/blogg.svenskakyrkan.se\/vandravagen\/2015\/08\/24\/att-vara-god-for-att-man-ar-radd\/#article","isPartOf":{"@id":"https:\/\/blogg.svenskakyrkan.se\/vandravagen\/2015\/08\/24\/att-vara-god-for-att-man-ar-radd\/"},"author":{"name":"Tomas Jarvid","@id":"https:\/\/blogg.svenskakyrkan.se\/vandravagen\/#\/schema\/person\/25da02d4f76b137d04291711e2c9fc16"},"headline":"Att vara god f\u00f6r att man \u00e4r r\u00e4dd","datePublished":"2015-08-24T05:00:40+00:00","mainEntityOfPage":{"@id":"https:\/\/blogg.svenskakyrkan.se\/vandravagen\/2015\/08\/24\/att-vara-god-for-att-man-ar-radd\/"},"wordCount":461,"commentCount":4,"publisher":{"@id":"https:\/\/blogg.svenskakyrkan.se\/vandravagen\/#organization"},"image":{"@id":"https:\/\/blogg.svenskakyrkan.se\/vandravagen\/2015\/08\/24\/att-vara-god-for-att-man-ar-radd\/#primaryimage"},"thumbnailUrl":"http:\/\/blogg.svenskakyrkan.se\/vandravagen\/files\/2015\/08\/bild-56.jpg","articleSection":["Dagens Kyrka","Teologi","vara m\u00e4nniska"],"inLanguage":"sv-SE","potentialAction":[{"@type":"CommentAction","name":"Comment","target":["https:\/\/blogg.svenskakyrkan.se\/vandravagen\/2015\/08\/24\/att-vara-god-for-att-man-ar-radd\/#respond"]}]},{"@type":"WebPage","@id":"https:\/\/blogg.svenskakyrkan.se\/vandravagen\/2015\/08\/24\/att-vara-god-for-att-man-ar-radd\/","url":"https:\/\/blogg.svenskakyrkan.se\/vandravagen\/2015\/08\/24\/att-vara-god-for-att-man-ar-radd\/","name":"Att vara god f\u00f6r att man \u00e4r r\u00e4dd - Vandra V\u00e4gen","isPartOf":{"@id":"https:\/\/blogg.svenskakyrkan.se\/vandravagen\/#website"},"primaryImageOfPage":{"@id":"https:\/\/blogg.svenskakyrkan.se\/vandravagen\/2015\/08\/24\/att-vara-god-for-att-man-ar-radd\/#primaryimage"},"image":{"@id":"https:\/\/blogg.svenskakyrkan.se\/vandravagen\/2015\/08\/24\/att-vara-god-for-att-man-ar-radd\/#primaryimage"},"thumbnailUrl":"http:\/\/blogg.svenskakyrkan.se\/vandravagen\/files\/2015\/08\/bild-56.jpg","datePublished":"2015-08-24T05:00:40+00:00","breadcrumb":{"@id":"https:\/\/blogg.svenskakyrkan.se\/vandravagen\/2015\/08\/24\/att-vara-god-for-att-man-ar-radd\/#breadcrumb"},"inLanguage":"sv-SE","potentialAction":[{"@type":"ReadAction","target":["https:\/\/blogg.svenskakyrkan.se\/vandravagen\/2015\/08\/24\/att-vara-god-for-att-man-ar-radd\/"]}]},{"@type":"ImageObject","inLanguage":"sv-SE","@id":"https:\/\/blogg.svenskakyrkan.se\/vandravagen\/2015\/08\/24\/att-vara-god-for-att-man-ar-radd\/#primaryimage","url":"http:\/\/blogg.svenskakyrkan.se\/vandravagen\/files\/2015\/08\/bild-56.jpg","contentUrl":"http:\/\/blogg.svenskakyrkan.se\/vandravagen\/files\/2015\/08\/bild-56.jpg"},{"@type":"BreadcrumbList","@id":"https:\/\/blogg.svenskakyrkan.se\/vandravagen\/2015\/08\/24\/att-vara-god-for-att-man-ar-radd\/#breadcrumb","itemListElement":[{"@type":"ListItem","position":1,"name":"Hem","item":"https:\/\/blogg.svenskakyrkan.se\/vandravagen\/"},{"@type":"ListItem","position":2,"name":"Att vara god f\u00f6r att man \u00e4r r\u00e4dd"}]},{"@type":"WebSite","@id":"https:\/\/blogg.svenskakyrkan.se\/vandravagen\/#website","url":"https:\/\/blogg.svenskakyrkan.se\/vandravagen\/","name":"Vandra V\u00e4gen","description":"-Mot en tro f\u00f6r hela livet","publisher":{"@id":"https:\/\/blogg.svenskakyrkan.se\/vandravagen\/#organization"},"potentialAction":[{"@type":"SearchAction","target":{"@type":"EntryPoint","urlTemplate":"https:\/\/blogg.svenskakyrkan.se\/vandravagen\/?s={search_term_string}"},"query-input":{"@type":"PropertyValueSpecification","valueRequired":true,"valueName":"search_term_string"}}],"inLanguage":"sv-SE"},{"@type":"Organization","@id":"https:\/\/blogg.svenskakyrkan.se\/vandravagen\/#organization","name":"ulricehamns pastorat","alternateName":"ulricehamns pastorat","url":"https:\/\/blogg.svenskakyrkan.se\/vandravagen\/","logo":{"@type":"ImageObject","inLanguage":"sv-SE","@id":"https:\/\/blogg.svenskakyrkan.se\/vandravagen\/#\/schema\/logo\/image\/","url":"https:\/\/blogg.svenskakyrkan.se\/vandravagen\/files\/2023\/05\/Ulr_logo_RGB.png","contentUrl":"https:\/\/blogg.svenskakyrkan.se\/vandravagen\/files\/2023\/05\/Ulr_logo_RGB.png","width":205,"height":77,"caption":"ulricehamns pastorat"},"image":{"@id":"https:\/\/blogg.svenskakyrkan.se\/vandravagen\/#\/schema\/logo\/image\/"},"sameAs":["http:\/\/facebook.com\/vandravagen","https:\/\/x.com\/fadertomas","http:\/\/www.facebook.com\/svenskakyrkaniulricehamn"]},{"@type":"Person","@id":"https:\/\/blogg.svenskakyrkan.se\/vandravagen\/#\/schema\/person\/25da02d4f76b137d04291711e2c9fc16","name":"Tomas Jarvid","image":{"@type":"ImageObject","inLanguage":"sv-SE","@id":"https:\/\/blogg.svenskakyrkan.se\/vandravagen\/#\/schema\/person\/image\/","url":"https:\/\/secure.gravatar.com\/avatar\/7fa71899795e8f540f615a1f5ab25255dc27aa40f05ee7ddd21aac521e01bf50?s=96&d=identicon&r=g","contentUrl":"https:\/\/secure.gravatar.com\/avatar\/7fa71899795e8f540f615a1f5ab25255dc27aa40f05ee7ddd21aac521e01bf50?s=96&d=identicon&r=g","caption":"Tomas Jarvid"},"description":"Jag bor i Ulricehamn i V\u00e4sterg\u00f6tland och \u00e4r f\u00f6rsamlingspr\u00e4st i Svenska Kyrkan f\u00f6r Dalstorps f\u00f6rsamling i Kinds pastorat. P\u00e5 den h\u00e4r bloggen skriver jag ner tankar om vandringen som kristen.","sameAs":["http:\/\/www.vandravagen.se"],"url":"https:\/\/blogg.svenskakyrkan.se\/vandravagen\/author\/vandravagen\/"}]}},"author_meta":{"ID":"392","user_nicename":"vandravagen","user_url":"http:\/\/www.vandravagen.se","user_registered":"2014-05-19 05:44:52","display_name":"Tomas Jarvid","first_name":"Tomas","last_name":"Jarvid","avatar":"https:\/\/secure.gravatar.com\/avatar\/7fa71899795e8f540f615a1f5ab25255dc27aa40f05ee7ddd21aac521e01bf50?s=96&d=identicon&r=g"},"featured_image":false,"bloginfo":{"name":"Vandra V\u00e4gen","url":"https:\/\/blogg.svenskakyrkan.se\/vandravagen"},"_links":{"self":[{"href":"https:\/\/blogg.svenskakyrkan.se\/vandravagen\/wp-json\/wp\/v2\/posts\/3507","targetHints":{"allow":["GET"]}}],"collection":[{"href":"https:\/\/blogg.svenskakyrkan.se\/vandravagen\/wp-json\/wp\/v2\/posts"}],"about":[{"href":"https:\/\/blogg.svenskakyrkan.se\/vandravagen\/wp-json\/wp\/v2\/types\/post"}],"author":[{"embeddable":true,"href":"https:\/\/blogg.svenskakyrkan.se\/vandravagen\/wp-json\/wp\/v2\/users\/392"}],"replies":[{"embeddable":true,"href":"https:\/\/blogg.svenskakyrkan.se\/vandravagen\/wp-json\/wp\/v2\/comments?post=3507"}],"version-history":[{"count":1,"href":"https:\/\/blogg.svenskakyrkan.se\/vandravagen\/wp-json\/wp\/v2\/posts\/3507\/revisions"}],"predecessor-version":[{"id":3509,"href":"https:\/\/blogg.svenskakyrkan.se\/vandravagen\/wp-json\/wp\/v2\/posts\/3507\/revisions\/3509"}],"wp:attachment":[{"href":"https:\/\/blogg.svenskakyrkan.se\/vandravagen\/wp-json\/wp\/v2\/media?parent=3507"}],"wp:term":[{"taxonomy":"category","embeddable":true,"href":"https:\/\/blogg.svenskakyrkan.se\/vandravagen\/wp-json\/wp\/v2\/categories?post=3507"},{"taxonomy":"post_tag","embeddable":true,"href":"https:\/\/blogg.svenskakyrkan.se\/vandravagen\/wp-json\/wp\/v2\/tags?post=3507"}],"curies":[{"name":"wp","href":"https:\/\/api.w.org\/{rel}","templated":true}]}}