{"id":351,"date":"2013-09-18T07:00:00","date_gmt":"2013-09-18T05:00:00","guid":{"rendered":"http:\/\/blogg.svenskakyrkan.se\/vandravagen\/2013\/09\/18\/doden-och-livet-i-skalvum\/"},"modified":"2013-09-18T07:00:00","modified_gmt":"2013-09-18T05:00:00","slug":"doden-och-livet-i-skalvum","status":"publish","type":"post","link":"https:\/\/blogg.svenskakyrkan.se\/vandravagen\/2013\/09\/18\/doden-och-livet-i-skalvum\/","title":{"rendered":"D\u00f6den och livet i Sk\u00e4lvum"},"content":{"rendered":"<p>Tjoho! Jag tror faktiskt n\u00e5gra har lyssnat p\u00e5 mig p\u00e5 soundcloud efter <a href=\"http:\/\/www.vandravagen.se\/2013\/09\/bara-ett-till-ar-nodvandigt.html\">f\u00f6rra veckans predikan<\/a>. Det verkar som att man f\u00e5r v\u00e4nta n\u00e5gra sekunder efter att ha tryckt p\u00e5 knappen men sedan l\u00e5ter det. Jag unders\u00f6ker andra m\u00f6jligheter att l\u00e4gga upp s\u00e5 h\u00e4r men kommentera g\u00e4rna om vad du tycker om stramade\/nedladdningsbara predikningar s\u00e5h\u00e4r.<\/p>\n<\/p>\n<table align=\"center\" cellpadding=\"0\" cellspacing=\"0\">\n<tbody>\n<tr>\n<td><a href=\"http:\/\/2.bp.blogspot.com\/-lXGwZarL10Q\/UjfXjkh_2VI\/AAAAAAAAFXo\/qKpReQ23gLI\/s1600\/IMG_3865.JPG\"><img loading=\"lazy\" decoding=\"async\" border=\"0\" height=\"400\" src=\"http:\/\/2.bp.blogspot.com\/-lXGwZarL10Q\/UjfXjkh_2VI\/AAAAAAAAFXo\/qKpReQ23gLI\/s400\/IMG_3865.JPG\" width=\"321\"><\/a><\/td>\n<\/tr>\n<tr>\n<td>Stor och stark soldat tar sig an liten kattunge, d\u00f6den och livet.<\/td>\n<\/tr>\n<\/tbody>\n<\/table>\n<div><\/div>\n<p>H\u00e4r \u00e4r den fr\u00e5n i s\u00f6ndags, &#8221;D\u00f6den och livet&#8221;, om tre s\u00f6ner, tre \u00e4nkor, en l\u00f6gn och en ofattbar sanning om Gud!<\/p>\n<p>H\u00e4r kommer allt i textform ocks\u00e5. F\u00f6rst texterna, sedan predikan.<\/p>\n<blockquote>\n<p>1 kung 17:17\u00a0<\/p>\n<\/blockquote>\n<blockquote>\n<p>En tid d\u00e4refter h\u00e4nde det att sonen till kvinnan som \u00e4gde huset blev sjuk. Sjukdomen blev allt v\u00e4rre, och till slut upph\u00f6rde han att andas. 18D\u00e5 sade hon till Elia: \u201dVad har du h\u00e4r att g\u00f6ra, gudsman? Du har bara kommit hit f\u00f6r att l\u00e5ta min synd komma i dagen och f\u00f6r att d\u00f6da min son.\u201d 19Han svarade henne: \u201dGe mig din son!\u201d S\u00e5 tog han pojken ur hennes famn och bar upp honom till rummet p\u00e5 taket, d\u00e4r han bodde, och lade honom p\u00e5 sin s\u00e4ng. 20Han ropade till Herren: \u201dHerre, min Gud, hur kan du handla s\u00e5 grymt mot denna \u00e4nka, som jag f\u00e5r bo hos, att du d\u00f6dar hennes son?\u201d 21Och han str\u00e4ckte ut sig ovanp\u00e5 pojken tre g\u00e5nger och ropade till Herren: \u201dHerre, min Gud, l\u00e5t pojken f\u00e5 liv igen.\u201d 22Herren h\u00f6rde Elias b\u00f6n, och pojken b\u00f6rjade andas och fick liv igen. 23Elia tog pojken och bar honom fr\u00e5n takrummet ner i huset och l\u00e4mnade honom till hans mor: \u201dSe\u201d, sade han, \u201ddin son lever!\u201d 24D\u00e5 sade kvinnan till Elia: \u201dNu vet jag att du \u00e4r en gudsman och att det verkligen \u00e4r Herren som talar genom dig.\u201d<\/p>\n<\/blockquote>\n<blockquote>\n<p>Luk 7: 11<br \/>D\u00e4refter begav sig Jesus till en stad som heter Nain, och hans l\u00e4rjungar och mycket folk f\u00f6ljde med honom. 12Just som han n\u00e4rmade sig stadsporten bars det ut en d\u00f6d. Han var ende sonen, och hans mor var \u00e4nka. En stor skara m\u00e4nniskor fr\u00e5n staden gick med henne. 13N\u00e4r Herren s\u00e5g henne fylldes han av medlidande med henne och sade: &#8221;Gr\u00e5t inte.&#8221; 14Sedan gick han fram och r\u00f6rde vid b\u00e5ren. B\u00e4rarna stannade, och han sade: &#8221;Unge man, jag s\u00e4ger dig: Stig upp!&#8221; 15D\u00e5 satte sig den d\u00f6de upp och b\u00f6rjade tala, och Jesus \u00f6verl\u00e4mnade honom \u00e5t hans mor. 16De fylldes alla av fruktan och prisade Gud och sade: &#8221;En stor profet har uppst\u00e5tt bland oss&#8221; och: &#8221;Gud har bes\u00f6kt sitt folk.&#8221; 17Detta tal om honom spred sig i hela Judeen och landet d\u00e4r omkring.<\/p>\n<\/blockquote>\n<p><b>D\u00f6den och livet<\/b><\/p>\n<p>N\u00e4r jag l\u00e4ste till pr\u00e4st bodde jag med en annan student som nu \u00e4r pr\u00e4st i Lidk\u00f6ping och heter Simon. Det h\u00e4nde att han brukade v\u00e4cka mig med orden ur den h\u00e4r evangelietexten: Unge man, jag s\u00e4ger dig, stig upp! <\/p>\n<p>Det \u00e4r inte fel att sk\u00e4mta men det kanske ligger extra n\u00e4ra till hands n\u00e4r \u00e4mnet vi pl\u00f6tsligt f\u00e5tt framf\u00f6r oss \u00e4r d\u00f6den. Den t\u00e4nker vi kanske helst inte p\u00e5, och det \u00e4r v\u00e4l d\u00f6den mer \u00e4n n\u00e5got annat som sprider allvar \u00f6ver v\u00e5ra liv. Det \u00e4r inte l\u00e4tt att tala om de h\u00e4r texterna p\u00e5 ett s\u00e4tt som g\u00f6r dem r\u00e4ttvisa, det kan alltf\u00f6r l\u00e4tt l\u00e5ta f\u00f6r l\u00e4tt och ytligt och s\u00e5nt man pratar om i kyrkan men som inte h\u00e4nger ihop med resten av livet. Visst, jag har h\u00f6rt om att Jesus uppv\u00e4ckte en d\u00f6d, men kan jag verkligen, verkligen lita p\u00e5 det n\u00e4r det kommer till kritan? I bibeln \u00e4r d\u00f6den alltid en fiende, n\u00e5got onaturligt. Gud \u00e4r ju livets f\u00f6rsvarare. S\u00e5 tror jag ocks\u00e5 m\u00e5nga av oss spontant uppfattar det, d\u00f6den drabbar grymt och or\u00e4ttvist och vi kan inte f\u00f6rlika oss med det. <\/p>\n<p>Idag vill jag hur som helst tala till er om tre s\u00f6ner som finns i dagens texter. <\/p>\n<p>3 s\u00f6ner, en missuppfattning om Gud  <\/p>\n<p>Och en ofattbar sanning om Gud <\/p>\n<p>Den f\u00f6rsta sonen m\u00f6ter vi i ber\u00e4ttelsen om Elia. Han har g\u00f6mt sig fr\u00e5n sina fiender och bor hos \u00e4nka i Sarefat. Hon \u00e4r fattig och p\u00e5 sv\u00e4ltens gr\u00e4ns och har en enda son. Nu blir sonen sjuk och d\u00f6r.  <\/p>\n<p>Hennes liv sl\u00e5s i spillror och den som st\u00e5r n\u00e4rmast \u00e4r Elia s\u00e5 hon sk\u00e4ller ut honom efter noter. Elia \u00e4r ju dessutom profet och en slags representant f\u00f6r Gud s\u00e5 vem kunde vara b\u00e4ttre att sk\u00e4lla p\u00e5 n\u00e4r man \u00e4r arg p\u00e5 Gud f\u00f6r ondska som drabbar? Elia \u00e4r helt med p\u00e5 noterna, han \u00e4r lika f\u00f6rkrossad och ledsen och arg sj\u00e4lv och hj\u00e4lper till att sk\u00e4lla p\u00e5 Gud! Det h\u00e4r tror jag man kan l\u00e4ra sig flera viktiga saker fr\u00e5n. F\u00f6rst och fr\u00e4mst \u00e4r \u00e4nkan och Elia f\u00f6rebilder i b\u00f6n, de struntar i om det \u00e4r r\u00e4tt grovhuggna anklagelser som kommer ur dem, de \u00f6ppnar sitt hj\u00e4rta och \u00f6ser ur sig om el\u00e4ndet som drabbat! Det f\u00e5r vi ocks\u00e5 g\u00f6ra, vi kan alltid be oavsett hur bra eller \u201dfint\u201d det blir, Gud ser \u00e4nd\u00e5 till hj\u00e4rtat och k\u00e4nner oss. Det andra man kan t\u00e4nka p\u00e5 \u00e4r att Elia inte g\u00e5r i n\u00e5got slags f\u00f6rsvar och agerar advokat \u00e5t Gud, det tror man ju ofta n\u00e4r man f\u00e5r fr\u00e5gor om kristen tro eller s\u00e5 men kanske \u00e4r det b\u00e4ttre att vi lyssnar och lever oss in i problemen andra har \u00e4n kommer med f\u00f6rnumstiga svar? <\/p>\n<p>H\u00e4r kommer redan missuppfattningen. Det \u00e4nkan s\u00e4ger \u00e4r \u201dVad har du h\u00e4r att g\u00f6ra, gudsman? Du har bara kommit hit f\u00f6r att l\u00e5ta min synd komma i dagen och f\u00f6r att d\u00f6da min son!\u201d. Kanske kommer det fram extra tydligt n\u00e4r hon talar direkt fr\u00e5n hj\u00e4rtat (ofta s\u00e4ger vi ju saker som l\u00e5ter fint) men hon uttrycker egentligen det som de flesta av oss innerst inne t\u00e4nker om Gud (Elia \u00e4r ju hans representant): Det \u00e4r b\u00e4st att h\u00e5lla Gud p\u00e5 avst\u00e5nd, han kan om\u00f6jligt vilja mig v\u00e4l. Han vill bara s\u00e4tta dit mig, peka p\u00e5 mina brister och synder och sedan straffa mig f\u00f6r dem och g\u00f6ra livet sv\u00e5rt f\u00f6r mig.  <\/p>\n<p>Elia ber entr\u00e4get och pojken f\u00e5r livet tillbaka! Gud kunde g\u00f6ra det. D\u00f6den och ondskan fick inte sista ordet och gl\u00e4djen blev stor. \u00c4nkan brister ut: -nu vet jag att du verkligen \u00e4r en gudsman och att Gud talar genom dig! L\u00e4gg m\u00e4rke till vilken mots\u00e4gelse hon g\u00f6r, nyss svartm\u00e5lade hon Gud men nu k\u00e4nner hon igen Guds verkliga signatur i det som sker, s\u00e5 \u00e4r det ofta med oss ocks\u00e5 kanske? Ja visst ja, det \u00e4r ju s\u00e5dan Gud \u00e4r, jag har blivit lurad att tro att Gud vill mig illa men det \u00e4r ju s\u00e5 h\u00e4r det \u00e4r! <\/p>\n<p>Den andra sonen \u00e4r \u00e4nkans son i Nain. Ocks\u00e5 h\u00e4r \u00e4r k\u00e4nslorna mycket starkare \u00e4n vi ofta v\u00e5gar uttrycka, ett stort sorget\u00e5g med h\u00f6gljudd gr\u00e5t och klagan \u00f6ver det onda som h\u00e4nt, att \u00e4nkans ende son d\u00f6tt!  <\/p>\n<p>Hon har ingen kvar som kan ta hand om henne n\u00e4r hon blir alltmer gammal, utsliten och svag. Och jag t\u00e4nker att om vi ska identifiera oss med n\u00e5gon i texterna s\u00e5 \u00e4r det kanske \u00e4nkorna. De som har sv\u00e5rt att lita p\u00e5 Gud mitt i v\u00e4rldens el\u00e4nde. Man borde r\u00e4kna alla \u00e4nkor i bibeln n\u00e5gon g\u00e5ng. De \u00e4r ett av de vanligaste exemplen p\u00e5 m\u00e4nniskor som har en v\u00e4ldigt sv\u00e5r situation. De och invandrarna ska jag s\u00e4ga, n\u00e5got som man inte kan s\u00e4ga nog ofta nu n\u00e4r det bl\u00e5ser kalla och fr\u00e4mlingsfientliga vindar genom v\u00e5rt land ocks\u00e5. Gud mullrar om och om igen i gamla testamentet, ta hand om de fadersl\u00f6sa, \u00e4nkorna och invandrarna, jag st\u00e5r p\u00e5 deras sida, p\u00e5 de svagas sida!  <\/p>\n<p>Och h\u00e4r kommer Jesus. Han grips av medlidande som alltid n\u00e4r m\u00e4nniskor lider. Och han griper in. Pojken f\u00e5r livet tillbaka! Och m\u00e4nniskorna prisar Gud. De k\u00e4nner igen Jesus som en profet eller de s\u00e4ger till och med att Gud har bes\u00f6kt sitt folk, Gud har gripit in mot d\u00f6dens och kaosets makter och v\u00e4rnat livet, det \u00e4r ju Guds signum.  <\/p>\n<p>Den tredje sonen. Vem \u00e4r det? Och vad har det h\u00e4r att g\u00f6ra med mitt liv?  <\/p>\n<p>Den tredje sonen \u00e4r Jesus f\u00f6rst\u00e5s. M\u00e4nniskosonen. Hans mor var ocks\u00e5 en s\u00f6rjande \u00e4nka vid korsets fot. Hon bad s\u00e4kert ocks\u00e5 med klagorop och sm\u00e4rta. Hon anklagade s\u00e4kert ocks\u00e5 Gud f\u00f6r att vara s\u00e5dan som vi innerst inne fruktar att Gud \u00e4r. Att Gud har \u00f6vergett oss och inte bryr sig om oss. <\/p>\n<p>Jesus botade inte alla sjuka n\u00e4r han vandrade runt, han uppv\u00e4ckte inte heller alla d\u00f6da. Och de han uppv\u00e4ckte fr\u00e5n de d\u00f6da levde inte f\u00f6r evigt h\u00e4r p\u00e5 jorden. De blev sjuka igen och med tiden dog de. \u00c4r det d\u00e5 n\u00e5gon mening med alltihop? Vad spelar det f\u00f6r roll i slut\u00e4ndan? <\/p>\n<p>Det spelade stor roll f\u00f6r de som fick hj\u00e4lp d\u00e5. Jesus bryr sig inte bara om andliga fr\u00e5gor eller bara om tillr\u00e4ckligt stora fr\u00e5gor, han bryr sig om oss med allt vi brottas med! P\u00e5 s\u00e5 s\u00e4tt l\u00e4r vi oss ocks\u00e5 vem Jesus \u00e4r genom hur han handlar, och genom att se p\u00e5 Jesus s\u00e5 ser vi hurdan Gud \u00e4r. Gud \u00e4r inte distanserad och oengagerad, Gud \u00e4r som Jesus. Han reagerar p\u00e5 v\u00e5rt lidande.  <\/p>\n<p>Gud \u00e4r mer god, mer barmh\u00e4rtig, mer n\u00e4ra \u00e4n vi v\u00e5gar tro. Gud \u00e4r engagerad men p\u00e5 ett annat s\u00e4tt. Han kom inte till jorden f\u00f6r att uppv\u00e4cka alla d\u00f6da utan f\u00f6r att besegra d\u00f6den och \u00f6ppna v\u00e4gen till det eviga livet. Den v\u00e4gen g\u00e5r genom lidandet f\u00f6r oss och det gjorde den f\u00f6r Jesus. Den gick via lidandet p\u00e5 korset, via d\u00f6den p\u00e5 korset. Till den tomma graven och livet som inte har n\u00e5gon \u00f6verman.  <\/p>\n<p>Den stora l\u00f6gnen om Gud \u00e4r att Gud inte bryr sig om oss. Den stora sanningen \u00e4r att vi kan titta p\u00e5 korset h\u00e4r i Sk\u00e4lvums kyrka och se att \u201ds\u00e5 mycket bryr Gud sig om oss\u201d, han d\u00f6r hellre \u00e4n \u00e4r utan dig och mig.  <\/p>\n<p>Ju mer vi \u00e4gnar oss \u00e5t att fundera, be och ta till oss vem Jesus \u00e4r och vad Jesus gjort och g\u00f6r, desto mindre tror vi att han vill oss illa. Desto mer v\u00e5gar vi lita p\u00e5 att Jesus \u00e4r Guds eget sista Ord om vem han \u00e4r och vad han vill med oss och denna v\u00e4rld!<\/p>\n","protected":false},"excerpt":{"rendered":"<p>Tjoho! Jag tror faktiskt n\u00e5gra har lyssnat p\u00e5 mig p\u00e5 soundcloud efter f\u00f6rra veckans predikan. Det verkar som att man f\u00e5r v\u00e4nta n\u00e5gra sekunder efter att ha tryckt p\u00e5 knappen men sedan l\u00e5ter det. Jag unders\u00f6ker andra m\u00f6jligheter att l\u00e4gga upp s\u00e5 h\u00e4r men kommentera g\u00e4rna om vad du tycker om stramade\/nedladdningsbara predikningar s\u00e5h\u00e4r. Stor [&hellip;]<\/p>\n","protected":false},"author":392,"featured_media":0,"comment_status":"open","ping_status":"open","sticky":false,"template":"","format":"standard","meta":{"_acf_changed":false,"footnotes":""},"categories":[114,117],"tags":[],"class_list":["post-351","post","type-post","status-publish","format-standard","hentry","category-predikan","category-teologi"],"acf":[],"yoast_head":"<!-- This site is optimized with the Yoast SEO plugin v27.1.1 - https:\/\/yoast.com\/product\/yoast-seo-wordpress\/ -->\n<title>D\u00f6den och livet i Sk\u00e4lvum - Vandra V\u00e4gen<\/title>\n<meta name=\"robots\" content=\"index, follow, max-snippet:-1, max-image-preview:large, max-video-preview:-1\" \/>\n<link rel=\"canonical\" href=\"https:\/\/blogg.svenskakyrkan.se\/vandravagen\/2013\/09\/18\/doden-och-livet-i-skalvum\/\" \/>\n<meta property=\"og:locale\" content=\"sv_SE\" \/>\n<meta property=\"og:type\" content=\"article\" \/>\n<meta property=\"og:title\" content=\"D\u00f6den och livet i Sk\u00e4lvum - Vandra V\u00e4gen\" \/>\n<meta property=\"og:description\" content=\"Tjoho! Jag tror faktiskt n\u00e5gra har lyssnat p\u00e5 mig p\u00e5 soundcloud efter f\u00f6rra veckans predikan. Det verkar som att man f\u00e5r v\u00e4nta n\u00e5gra sekunder efter att ha tryckt p\u00e5 knappen men sedan l\u00e5ter det. Jag unders\u00f6ker andra m\u00f6jligheter att l\u00e4gga upp s\u00e5 h\u00e4r men kommentera g\u00e4rna om vad du tycker om stramade\/nedladdningsbara predikningar s\u00e5h\u00e4r. Stor [&hellip;]\" \/>\n<meta property=\"og:url\" content=\"https:\/\/blogg.svenskakyrkan.se\/vandravagen\/2013\/09\/18\/doden-och-livet-i-skalvum\/\" \/>\n<meta property=\"og:site_name\" content=\"Vandra V\u00e4gen\" \/>\n<meta property=\"article:publisher\" content=\"http:\/\/facebook.com\/vandravagen\" \/>\n<meta property=\"article:published_time\" content=\"2013-09-18T05:00:00+00:00\" \/>\n<meta property=\"og:image\" content=\"http:\/\/2.bp.blogspot.com\/-lXGwZarL10Q\/UjfXjkh_2VI\/AAAAAAAAFXo\/qKpReQ23gLI\/s400\/IMG_3865.JPG\" \/>\n<meta name=\"author\" content=\"Tomas Jarvid\" \/>\n<meta name=\"twitter:card\" content=\"summary_large_image\" \/>\n<meta name=\"twitter:creator\" content=\"@fadertomas\" \/>\n<meta name=\"twitter:site\" content=\"@fadertomas\" \/>\n<meta name=\"twitter:label1\" content=\"Skriven av\" \/>\n\t<meta name=\"twitter:data1\" content=\"Tomas Jarvid\" \/>\n\t<meta name=\"twitter:label2\" content=\"Ber\u00e4knad l\u00e4stid\" \/>\n\t<meta name=\"twitter:data2\" content=\"10 minuter\" \/>\n<script type=\"application\/ld+json\" class=\"yoast-schema-graph\">{\"@context\":\"https:\/\/schema.org\",\"@graph\":[{\"@type\":\"Article\",\"@id\":\"https:\/\/blogg.svenskakyrkan.se\/vandravagen\/2013\/09\/18\/doden-och-livet-i-skalvum\/#article\",\"isPartOf\":{\"@id\":\"https:\/\/blogg.svenskakyrkan.se\/vandravagen\/2013\/09\/18\/doden-och-livet-i-skalvum\/\"},\"author\":{\"name\":\"Tomas Jarvid\",\"@id\":\"https:\/\/blogg.svenskakyrkan.se\/vandravagen\/#\/schema\/person\/25da02d4f76b137d04291711e2c9fc16\"},\"headline\":\"D\u00f6den och livet i Sk\u00e4lvum\",\"datePublished\":\"2013-09-18T05:00:00+00:00\",\"mainEntityOfPage\":{\"@id\":\"https:\/\/blogg.svenskakyrkan.se\/vandravagen\/2013\/09\/18\/doden-och-livet-i-skalvum\/\"},\"wordCount\":1981,\"commentCount\":3,\"publisher\":{\"@id\":\"https:\/\/blogg.svenskakyrkan.se\/vandravagen\/#organization\"},\"image\":{\"@id\":\"https:\/\/blogg.svenskakyrkan.se\/vandravagen\/2013\/09\/18\/doden-och-livet-i-skalvum\/#primaryimage\"},\"thumbnailUrl\":\"http:\/\/2.bp.blogspot.com\/-lXGwZarL10Q\/UjfXjkh_2VI\/AAAAAAAAFXo\/qKpReQ23gLI\/s400\/IMG_3865.JPG\",\"articleSection\":[\"predikan\",\"Teologi\"],\"inLanguage\":\"sv-SE\",\"potentialAction\":[{\"@type\":\"CommentAction\",\"name\":\"Comment\",\"target\":[\"https:\/\/blogg.svenskakyrkan.se\/vandravagen\/2013\/09\/18\/doden-och-livet-i-skalvum\/#respond\"]}]},{\"@type\":\"WebPage\",\"@id\":\"https:\/\/blogg.svenskakyrkan.se\/vandravagen\/2013\/09\/18\/doden-och-livet-i-skalvum\/\",\"url\":\"https:\/\/blogg.svenskakyrkan.se\/vandravagen\/2013\/09\/18\/doden-och-livet-i-skalvum\/\",\"name\":\"D\u00f6den och livet i Sk\u00e4lvum - Vandra V\u00e4gen\",\"isPartOf\":{\"@id\":\"https:\/\/blogg.svenskakyrkan.se\/vandravagen\/#website\"},\"primaryImageOfPage\":{\"@id\":\"https:\/\/blogg.svenskakyrkan.se\/vandravagen\/2013\/09\/18\/doden-och-livet-i-skalvum\/#primaryimage\"},\"image\":{\"@id\":\"https:\/\/blogg.svenskakyrkan.se\/vandravagen\/2013\/09\/18\/doden-och-livet-i-skalvum\/#primaryimage\"},\"thumbnailUrl\":\"http:\/\/2.bp.blogspot.com\/-lXGwZarL10Q\/UjfXjkh_2VI\/AAAAAAAAFXo\/qKpReQ23gLI\/s400\/IMG_3865.JPG\",\"datePublished\":\"2013-09-18T05:00:00+00:00\",\"breadcrumb\":{\"@id\":\"https:\/\/blogg.svenskakyrkan.se\/vandravagen\/2013\/09\/18\/doden-och-livet-i-skalvum\/#breadcrumb\"},\"inLanguage\":\"sv-SE\",\"potentialAction\":[{\"@type\":\"ReadAction\",\"target\":[\"https:\/\/blogg.svenskakyrkan.se\/vandravagen\/2013\/09\/18\/doden-och-livet-i-skalvum\/\"]}]},{\"@type\":\"ImageObject\",\"inLanguage\":\"sv-SE\",\"@id\":\"https:\/\/blogg.svenskakyrkan.se\/vandravagen\/2013\/09\/18\/doden-och-livet-i-skalvum\/#primaryimage\",\"url\":\"http:\/\/2.bp.blogspot.com\/-lXGwZarL10Q\/UjfXjkh_2VI\/AAAAAAAAFXo\/qKpReQ23gLI\/s400\/IMG_3865.JPG\",\"contentUrl\":\"http:\/\/2.bp.blogspot.com\/-lXGwZarL10Q\/UjfXjkh_2VI\/AAAAAAAAFXo\/qKpReQ23gLI\/s400\/IMG_3865.JPG\"},{\"@type\":\"BreadcrumbList\",\"@id\":\"https:\/\/blogg.svenskakyrkan.se\/vandravagen\/2013\/09\/18\/doden-och-livet-i-skalvum\/#breadcrumb\",\"itemListElement\":[{\"@type\":\"ListItem\",\"position\":1,\"name\":\"Hem\",\"item\":\"https:\/\/blogg.svenskakyrkan.se\/vandravagen\/\"},{\"@type\":\"ListItem\",\"position\":2,\"name\":\"D\u00f6den och livet i Sk\u00e4lvum\"}]},{\"@type\":\"WebSite\",\"@id\":\"https:\/\/blogg.svenskakyrkan.se\/vandravagen\/#website\",\"url\":\"https:\/\/blogg.svenskakyrkan.se\/vandravagen\/\",\"name\":\"Vandra V\u00e4gen\",\"description\":\"-Mot en tro f\u00f6r hela livet\",\"publisher\":{\"@id\":\"https:\/\/blogg.svenskakyrkan.se\/vandravagen\/#organization\"},\"potentialAction\":[{\"@type\":\"SearchAction\",\"target\":{\"@type\":\"EntryPoint\",\"urlTemplate\":\"https:\/\/blogg.svenskakyrkan.se\/vandravagen\/?s={search_term_string}\"},\"query-input\":{\"@type\":\"PropertyValueSpecification\",\"valueRequired\":true,\"valueName\":\"search_term_string\"}}],\"inLanguage\":\"sv-SE\"},{\"@type\":\"Organization\",\"@id\":\"https:\/\/blogg.svenskakyrkan.se\/vandravagen\/#organization\",\"name\":\"ulricehamns pastorat\",\"alternateName\":\"ulricehamns pastorat\",\"url\":\"https:\/\/blogg.svenskakyrkan.se\/vandravagen\/\",\"logo\":{\"@type\":\"ImageObject\",\"inLanguage\":\"sv-SE\",\"@id\":\"https:\/\/blogg.svenskakyrkan.se\/vandravagen\/#\/schema\/logo\/image\/\",\"url\":\"https:\/\/blogg.svenskakyrkan.se\/vandravagen\/files\/2023\/05\/Ulr_logo_RGB.png\",\"contentUrl\":\"https:\/\/blogg.svenskakyrkan.se\/vandravagen\/files\/2023\/05\/Ulr_logo_RGB.png\",\"width\":205,\"height\":77,\"caption\":\"ulricehamns pastorat\"},\"image\":{\"@id\":\"https:\/\/blogg.svenskakyrkan.se\/vandravagen\/#\/schema\/logo\/image\/\"},\"sameAs\":[\"http:\/\/facebook.com\/vandravagen\",\"https:\/\/x.com\/fadertomas\",\"http:\/\/www.facebook.com\/svenskakyrkaniulricehamn\"]},{\"@type\":\"Person\",\"@id\":\"https:\/\/blogg.svenskakyrkan.se\/vandravagen\/#\/schema\/person\/25da02d4f76b137d04291711e2c9fc16\",\"name\":\"Tomas Jarvid\",\"image\":{\"@type\":\"ImageObject\",\"inLanguage\":\"sv-SE\",\"@id\":\"https:\/\/blogg.svenskakyrkan.se\/vandravagen\/#\/schema\/person\/image\/\",\"url\":\"https:\/\/secure.gravatar.com\/avatar\/7fa71899795e8f540f615a1f5ab25255dc27aa40f05ee7ddd21aac521e01bf50?s=96&d=identicon&r=g\",\"contentUrl\":\"https:\/\/secure.gravatar.com\/avatar\/7fa71899795e8f540f615a1f5ab25255dc27aa40f05ee7ddd21aac521e01bf50?s=96&d=identicon&r=g\",\"caption\":\"Tomas Jarvid\"},\"description\":\"Jag bor i Ulricehamn i V\u00e4sterg\u00f6tland och \u00e4r f\u00f6rsamlingspr\u00e4st i Svenska Kyrkan f\u00f6r Dalstorps f\u00f6rsamling i Kinds pastorat. P\u00e5 den h\u00e4r bloggen skriver jag ner tankar om vandringen som kristen.\",\"sameAs\":[\"http:\/\/www.vandravagen.se\"],\"url\":\"https:\/\/blogg.svenskakyrkan.se\/vandravagen\/author\/vandravagen\/\"}]}<\/script>\n<!-- \/ Yoast SEO plugin. -->","yoast_head_json":{"title":"D\u00f6den och livet i Sk\u00e4lvum - Vandra V\u00e4gen","robots":{"index":"index","follow":"follow","max-snippet":"max-snippet:-1","max-image-preview":"max-image-preview:large","max-video-preview":"max-video-preview:-1"},"canonical":"https:\/\/blogg.svenskakyrkan.se\/vandravagen\/2013\/09\/18\/doden-och-livet-i-skalvum\/","og_locale":"sv_SE","og_type":"article","og_title":"D\u00f6den och livet i Sk\u00e4lvum - Vandra V\u00e4gen","og_description":"Tjoho! Jag tror faktiskt n\u00e5gra har lyssnat p\u00e5 mig p\u00e5 soundcloud efter f\u00f6rra veckans predikan. Det verkar som att man f\u00e5r v\u00e4nta n\u00e5gra sekunder efter att ha tryckt p\u00e5 knappen men sedan l\u00e5ter det. Jag unders\u00f6ker andra m\u00f6jligheter att l\u00e4gga upp s\u00e5 h\u00e4r men kommentera g\u00e4rna om vad du tycker om stramade\/nedladdningsbara predikningar s\u00e5h\u00e4r. Stor [&hellip;]","og_url":"https:\/\/blogg.svenskakyrkan.se\/vandravagen\/2013\/09\/18\/doden-och-livet-i-skalvum\/","og_site_name":"Vandra V\u00e4gen","article_publisher":"http:\/\/facebook.com\/vandravagen","article_published_time":"2013-09-18T05:00:00+00:00","og_image":[{"url":"http:\/\/2.bp.blogspot.com\/-lXGwZarL10Q\/UjfXjkh_2VI\/AAAAAAAAFXo\/qKpReQ23gLI\/s400\/IMG_3865.JPG","type":"","width":"","height":""}],"author":"Tomas Jarvid","twitter_card":"summary_large_image","twitter_creator":"@fadertomas","twitter_site":"@fadertomas","twitter_misc":{"Skriven av":"Tomas Jarvid","Ber\u00e4knad l\u00e4stid":"10 minuter"},"schema":{"@context":"https:\/\/schema.org","@graph":[{"@type":"Article","@id":"https:\/\/blogg.svenskakyrkan.se\/vandravagen\/2013\/09\/18\/doden-och-livet-i-skalvum\/#article","isPartOf":{"@id":"https:\/\/blogg.svenskakyrkan.se\/vandravagen\/2013\/09\/18\/doden-och-livet-i-skalvum\/"},"author":{"name":"Tomas Jarvid","@id":"https:\/\/blogg.svenskakyrkan.se\/vandravagen\/#\/schema\/person\/25da02d4f76b137d04291711e2c9fc16"},"headline":"D\u00f6den och livet i Sk\u00e4lvum","datePublished":"2013-09-18T05:00:00+00:00","mainEntityOfPage":{"@id":"https:\/\/blogg.svenskakyrkan.se\/vandravagen\/2013\/09\/18\/doden-och-livet-i-skalvum\/"},"wordCount":1981,"commentCount":3,"publisher":{"@id":"https:\/\/blogg.svenskakyrkan.se\/vandravagen\/#organization"},"image":{"@id":"https:\/\/blogg.svenskakyrkan.se\/vandravagen\/2013\/09\/18\/doden-och-livet-i-skalvum\/#primaryimage"},"thumbnailUrl":"http:\/\/2.bp.blogspot.com\/-lXGwZarL10Q\/UjfXjkh_2VI\/AAAAAAAAFXo\/qKpReQ23gLI\/s400\/IMG_3865.JPG","articleSection":["predikan","Teologi"],"inLanguage":"sv-SE","potentialAction":[{"@type":"CommentAction","name":"Comment","target":["https:\/\/blogg.svenskakyrkan.se\/vandravagen\/2013\/09\/18\/doden-och-livet-i-skalvum\/#respond"]}]},{"@type":"WebPage","@id":"https:\/\/blogg.svenskakyrkan.se\/vandravagen\/2013\/09\/18\/doden-och-livet-i-skalvum\/","url":"https:\/\/blogg.svenskakyrkan.se\/vandravagen\/2013\/09\/18\/doden-och-livet-i-skalvum\/","name":"D\u00f6den och livet i Sk\u00e4lvum - Vandra V\u00e4gen","isPartOf":{"@id":"https:\/\/blogg.svenskakyrkan.se\/vandravagen\/#website"},"primaryImageOfPage":{"@id":"https:\/\/blogg.svenskakyrkan.se\/vandravagen\/2013\/09\/18\/doden-och-livet-i-skalvum\/#primaryimage"},"image":{"@id":"https:\/\/blogg.svenskakyrkan.se\/vandravagen\/2013\/09\/18\/doden-och-livet-i-skalvum\/#primaryimage"},"thumbnailUrl":"http:\/\/2.bp.blogspot.com\/-lXGwZarL10Q\/UjfXjkh_2VI\/AAAAAAAAFXo\/qKpReQ23gLI\/s400\/IMG_3865.JPG","datePublished":"2013-09-18T05:00:00+00:00","breadcrumb":{"@id":"https:\/\/blogg.svenskakyrkan.se\/vandravagen\/2013\/09\/18\/doden-och-livet-i-skalvum\/#breadcrumb"},"inLanguage":"sv-SE","potentialAction":[{"@type":"ReadAction","target":["https:\/\/blogg.svenskakyrkan.se\/vandravagen\/2013\/09\/18\/doden-och-livet-i-skalvum\/"]}]},{"@type":"ImageObject","inLanguage":"sv-SE","@id":"https:\/\/blogg.svenskakyrkan.se\/vandravagen\/2013\/09\/18\/doden-och-livet-i-skalvum\/#primaryimage","url":"http:\/\/2.bp.blogspot.com\/-lXGwZarL10Q\/UjfXjkh_2VI\/AAAAAAAAFXo\/qKpReQ23gLI\/s400\/IMG_3865.JPG","contentUrl":"http:\/\/2.bp.blogspot.com\/-lXGwZarL10Q\/UjfXjkh_2VI\/AAAAAAAAFXo\/qKpReQ23gLI\/s400\/IMG_3865.JPG"},{"@type":"BreadcrumbList","@id":"https:\/\/blogg.svenskakyrkan.se\/vandravagen\/2013\/09\/18\/doden-och-livet-i-skalvum\/#breadcrumb","itemListElement":[{"@type":"ListItem","position":1,"name":"Hem","item":"https:\/\/blogg.svenskakyrkan.se\/vandravagen\/"},{"@type":"ListItem","position":2,"name":"D\u00f6den och livet i Sk\u00e4lvum"}]},{"@type":"WebSite","@id":"https:\/\/blogg.svenskakyrkan.se\/vandravagen\/#website","url":"https:\/\/blogg.svenskakyrkan.se\/vandravagen\/","name":"Vandra V\u00e4gen","description":"-Mot en tro f\u00f6r hela livet","publisher":{"@id":"https:\/\/blogg.svenskakyrkan.se\/vandravagen\/#organization"},"potentialAction":[{"@type":"SearchAction","target":{"@type":"EntryPoint","urlTemplate":"https:\/\/blogg.svenskakyrkan.se\/vandravagen\/?s={search_term_string}"},"query-input":{"@type":"PropertyValueSpecification","valueRequired":true,"valueName":"search_term_string"}}],"inLanguage":"sv-SE"},{"@type":"Organization","@id":"https:\/\/blogg.svenskakyrkan.se\/vandravagen\/#organization","name":"ulricehamns pastorat","alternateName":"ulricehamns pastorat","url":"https:\/\/blogg.svenskakyrkan.se\/vandravagen\/","logo":{"@type":"ImageObject","inLanguage":"sv-SE","@id":"https:\/\/blogg.svenskakyrkan.se\/vandravagen\/#\/schema\/logo\/image\/","url":"https:\/\/blogg.svenskakyrkan.se\/vandravagen\/files\/2023\/05\/Ulr_logo_RGB.png","contentUrl":"https:\/\/blogg.svenskakyrkan.se\/vandravagen\/files\/2023\/05\/Ulr_logo_RGB.png","width":205,"height":77,"caption":"ulricehamns pastorat"},"image":{"@id":"https:\/\/blogg.svenskakyrkan.se\/vandravagen\/#\/schema\/logo\/image\/"},"sameAs":["http:\/\/facebook.com\/vandravagen","https:\/\/x.com\/fadertomas","http:\/\/www.facebook.com\/svenskakyrkaniulricehamn"]},{"@type":"Person","@id":"https:\/\/blogg.svenskakyrkan.se\/vandravagen\/#\/schema\/person\/25da02d4f76b137d04291711e2c9fc16","name":"Tomas Jarvid","image":{"@type":"ImageObject","inLanguage":"sv-SE","@id":"https:\/\/blogg.svenskakyrkan.se\/vandravagen\/#\/schema\/person\/image\/","url":"https:\/\/secure.gravatar.com\/avatar\/7fa71899795e8f540f615a1f5ab25255dc27aa40f05ee7ddd21aac521e01bf50?s=96&d=identicon&r=g","contentUrl":"https:\/\/secure.gravatar.com\/avatar\/7fa71899795e8f540f615a1f5ab25255dc27aa40f05ee7ddd21aac521e01bf50?s=96&d=identicon&r=g","caption":"Tomas Jarvid"},"description":"Jag bor i Ulricehamn i V\u00e4sterg\u00f6tland och \u00e4r f\u00f6rsamlingspr\u00e4st i Svenska Kyrkan f\u00f6r Dalstorps f\u00f6rsamling i Kinds pastorat. P\u00e5 den h\u00e4r bloggen skriver jag ner tankar om vandringen som kristen.","sameAs":["http:\/\/www.vandravagen.se"],"url":"https:\/\/blogg.svenskakyrkan.se\/vandravagen\/author\/vandravagen\/"}]}},"author_meta":{"ID":"392","user_nicename":"vandravagen","user_url":"http:\/\/www.vandravagen.se","user_registered":"2014-05-19 05:44:52","display_name":"Tomas Jarvid","first_name":"Tomas","last_name":"Jarvid","avatar":"https:\/\/secure.gravatar.com\/avatar\/7fa71899795e8f540f615a1f5ab25255dc27aa40f05ee7ddd21aac521e01bf50?s=96&d=identicon&r=g"},"featured_image":false,"bloginfo":{"name":"Vandra V\u00e4gen","url":"https:\/\/blogg.svenskakyrkan.se\/vandravagen"},"_links":{"self":[{"href":"https:\/\/blogg.svenskakyrkan.se\/vandravagen\/wp-json\/wp\/v2\/posts\/351","targetHints":{"allow":["GET"]}}],"collection":[{"href":"https:\/\/blogg.svenskakyrkan.se\/vandravagen\/wp-json\/wp\/v2\/posts"}],"about":[{"href":"https:\/\/blogg.svenskakyrkan.se\/vandravagen\/wp-json\/wp\/v2\/types\/post"}],"author":[{"embeddable":true,"href":"https:\/\/blogg.svenskakyrkan.se\/vandravagen\/wp-json\/wp\/v2\/users\/392"}],"replies":[{"embeddable":true,"href":"https:\/\/blogg.svenskakyrkan.se\/vandravagen\/wp-json\/wp\/v2\/comments?post=351"}],"version-history":[{"count":0,"href":"https:\/\/blogg.svenskakyrkan.se\/vandravagen\/wp-json\/wp\/v2\/posts\/351\/revisions"}],"wp:attachment":[{"href":"https:\/\/blogg.svenskakyrkan.se\/vandravagen\/wp-json\/wp\/v2\/media?parent=351"}],"wp:term":[{"taxonomy":"category","embeddable":true,"href":"https:\/\/blogg.svenskakyrkan.se\/vandravagen\/wp-json\/wp\/v2\/categories?post=351"},{"taxonomy":"post_tag","embeddable":true,"href":"https:\/\/blogg.svenskakyrkan.se\/vandravagen\/wp-json\/wp\/v2\/tags?post=351"}],"curies":[{"name":"wp","href":"https:\/\/api.w.org\/{rel}","templated":true}]}}