{"id":3514,"date":"2015-08-26T07:00:05","date_gmt":"2015-08-26T05:00:05","guid":{"rendered":"http:\/\/blogg.svenskakyrkan.se\/vandravagen\/?p=3514"},"modified":"2015-08-25T22:17:25","modified_gmt":"2015-08-25T20:17:25","slug":"nar-en-kvinna-blir-en-son","status":"publish","type":"post","link":"https:\/\/blogg.svenskakyrkan.se\/vandravagen\/2015\/08\/26\/nar-en-kvinna-blir-en-son\/","title":{"rendered":"N\u00e4r en kvinna blir en son"},"content":{"rendered":"<div id=\"attachment_3515\" style=\"width: 552px\" class=\"wp-caption aligncenter\"><a href=\"http:\/\/blogg.svenskakyrkan.se\/vandravagen\/files\/2015\/08\/jtfSOq69pIEpvMScZptMc8hiGyws_EfQXb6wnxQ2oLs.jpg\"><img loading=\"lazy\" decoding=\"async\" aria-describedby=\"caption-attachment-3515\" class=\"size-full wp-image-3515\" src=\"http:\/\/blogg.svenskakyrkan.se\/vandravagen\/files\/2015\/08\/jtfSOq69pIEpvMScZptMc8hiGyws_EfQXb6wnxQ2oLs.jpg\" alt=\"I en kvinnas hj\u00e4rna som det sades. Inf\u00f6r Gud skiljer hur som helst inget v\u00e4sentligt.\" width=\"542\" height=\"768\" srcset=\"https:\/\/blogg.svenskakyrkan.se\/vandravagen\/files\/2015\/08\/jtfSOq69pIEpvMScZptMc8hiGyws_EfQXb6wnxQ2oLs.jpg 542w, https:\/\/blogg.svenskakyrkan.se\/vandravagen\/files\/2015\/08\/jtfSOq69pIEpvMScZptMc8hiGyws_EfQXb6wnxQ2oLs-300x425.jpg 300w, https:\/\/blogg.svenskakyrkan.se\/vandravagen\/files\/2015\/08\/jtfSOq69pIEpvMScZptMc8hiGyws_EfQXb6wnxQ2oLs-212x300.jpg 212w\" sizes=\"auto, (max-width: 542px) 100vw, 542px\" \/><\/a><p id=\"caption-attachment-3515\" class=\"wp-caption-text\">I en kvinnas hj\u00e4rna som det sades. Inf\u00f6r Gud skiljer hur som helst inget v\u00e4sentligt.<\/p><\/div>\n<p>Jag snappade upp n\u00e5got v\u00e4ldigt fascinerande h\u00e4romdagen. I nya testamentet anv\u00e4nder man ibland bilden av en adoption f\u00f6r att f\u00f6rklara v\u00e5r status som Guds barn. F\u00f6r att vara exakt st\u00e5r det att vi blir &#8221;s\u00f6ner&#8221;, f\u00e5r &#8221;s\u00f6ners r\u00e4tt&#8221; eller liknande. Det d\u00e4r kan man tycka \u00e4r lite gammalt och m\u00f6gigt och patriarkalt men d\u00e5 ska man ocks\u00e5 t\u00e4nka p\u00e5 f\u00f6ljande.<\/p>\n<p>Adoption var delvis n\u00e5got annat i antiken \u00e4n i v\u00e5ra dagar. Det Paulus syftar p\u00e5 i sina brev \u00e4r seden att den som var gammal och barnl\u00f6s ofta adopterade en vuxen man, f\u00f6rslagsvis en betrodd trotj\u00e4nare, s\u00e5 att denne sedan r\u00e4knades som hans son. I ett slag f\u00f6r\u00e4ndrades deras relation fr\u00e5n att vara formell till att vara en privat familjerelation med allt det inneb\u00e4r. Den adopterade fick \u00e4ven f\u00f6rst\u00e5s del i hela sin nya pappas rikedom och n\u00e4tverk.<\/p>\n<div>S\u00e5 l\u00e5ngt intressant och s\u00e5 men h\u00e4r kommer det b\u00e4sta.<\/div>\n<div><\/div>\n<div>Tim Keller (som jag f\u00e5tt det h\u00e4r ifr\u00e5n) ber\u00e4ttar att han m\u00f6tt en kvinna fr\u00e5n en traditionell kultur (som mer liknade den Paulus levde i) som s\u00e5g n\u00e5got i detta som han inte s\u00e5g. Kvinnan var van fr\u00e5n f\u00f6dseln att hennes br\u00f6der r\u00e4knades mer \u00e4n hon sj\u00e4lv, att de skulle f\u00e5 mer mat, plats i skolan i f\u00f6rsta hand och s\u00e5 vidare. Hennes uppgift som flicka var mycket att se efter de manliga familjemedlemmarna.<\/div>\n<div><\/div>\n<div>Men s\u00e5 blev hon kristen och l\u00e4ste Paulus och s\u00e5g att i Guds familj s\u00e5 r\u00e4knades hon som en son, det vill s\u00e4ga: <strong>hon r\u00e4knades lika h\u00f6gt som alla andr<\/strong>a. Gud adopterar in b\u00e5de m\u00e4n och kvinnor och g\u00f6r den till arvingar och ger dem s\u00f6ners r\u00e4tt!<\/div>\n<div><\/div>\n<div>Visst \u00e4r det fint? Skriv g\u00e4rna en kommentar!<\/div>\n","protected":false},"excerpt":{"rendered":"<p>Jag snappade upp n\u00e5got v\u00e4ldigt fascinerande h\u00e4romdagen. I nya testamentet anv\u00e4nder man ibland bilden av en adoption f\u00f6r att f\u00f6rklara v\u00e5r status som Guds barn. F\u00f6r att vara exakt st\u00e5r det att vi blir &#8221;s\u00f6ner&#8221;, f\u00e5r &#8221;s\u00f6ners r\u00e4tt&#8221; eller liknande. Det d\u00e4r kan man tycka \u00e4r lite gammalt och m\u00f6gigt och patriarkalt men d\u00e5 ska [&hellip;]<\/p>\n","protected":false},"author":392,"featured_media":0,"comment_status":"open","ping_status":"open","sticky":false,"template":"","format":"standard","meta":{"_acf_changed":false,"footnotes":""},"categories":[8298,76189,77164,8345],"tags":[],"class_list":["post-3514","post","type-post","status-publish","format-standard","hentry","category-bibeln","category-dagens-kyrka","category-man-och-kvinna","category-relationer"],"acf":[],"yoast_head":"<!-- This site is optimized with the Yoast SEO plugin v27.1.1 - https:\/\/yoast.com\/product\/yoast-seo-wordpress\/ -->\n<title>N\u00e4r en kvinna blir en son - Vandra V\u00e4gen<\/title>\n<meta name=\"robots\" content=\"index, follow, max-snippet:-1, max-image-preview:large, max-video-preview:-1\" \/>\n<link rel=\"canonical\" href=\"https:\/\/blogg.svenskakyrkan.se\/vandravagen\/2015\/08\/26\/nar-en-kvinna-blir-en-son\/\" \/>\n<meta property=\"og:locale\" content=\"sv_SE\" \/>\n<meta property=\"og:type\" content=\"article\" \/>\n<meta property=\"og:title\" content=\"N\u00e4r en kvinna blir en son - Vandra V\u00e4gen\" \/>\n<meta property=\"og:description\" content=\"Jag snappade upp n\u00e5got v\u00e4ldigt fascinerande h\u00e4romdagen. I nya testamentet anv\u00e4nder man ibland bilden av en adoption f\u00f6r att f\u00f6rklara v\u00e5r status som Guds barn. F\u00f6r att vara exakt st\u00e5r det att vi blir &#8221;s\u00f6ner&#8221;, f\u00e5r &#8221;s\u00f6ners r\u00e4tt&#8221; eller liknande. Det d\u00e4r kan man tycka \u00e4r lite gammalt och m\u00f6gigt och patriarkalt men d\u00e5 ska [&hellip;]\" \/>\n<meta property=\"og:url\" content=\"https:\/\/blogg.svenskakyrkan.se\/vandravagen\/2015\/08\/26\/nar-en-kvinna-blir-en-son\/\" \/>\n<meta property=\"og:site_name\" content=\"Vandra V\u00e4gen\" \/>\n<meta property=\"article:publisher\" content=\"http:\/\/facebook.com\/vandravagen\" \/>\n<meta property=\"article:published_time\" content=\"2015-08-26T05:00:05+00:00\" \/>\n<meta property=\"og:image\" content=\"http:\/\/blogg.svenskakyrkan.se\/vandravagen\/files\/2015\/08\/jtfSOq69pIEpvMScZptMc8hiGyws_EfQXb6wnxQ2oLs.jpg\" \/>\n<meta name=\"author\" content=\"Tomas Jarvid\" \/>\n<meta name=\"twitter:card\" content=\"summary_large_image\" \/>\n<meta name=\"twitter:creator\" content=\"@fadertomas\" \/>\n<meta name=\"twitter:site\" content=\"@fadertomas\" \/>\n<meta name=\"twitter:label1\" content=\"Skriven av\" \/>\n\t<meta name=\"twitter:data1\" content=\"Tomas Jarvid\" \/>\n\t<meta name=\"twitter:label2\" content=\"Ber\u00e4knad l\u00e4stid\" \/>\n\t<meta name=\"twitter:data2\" content=\"2 minuter\" \/>\n<script type=\"application\/ld+json\" class=\"yoast-schema-graph\">{\"@context\":\"https:\/\/schema.org\",\"@graph\":[{\"@type\":\"Article\",\"@id\":\"https:\/\/blogg.svenskakyrkan.se\/vandravagen\/2015\/08\/26\/nar-en-kvinna-blir-en-son\/#article\",\"isPartOf\":{\"@id\":\"https:\/\/blogg.svenskakyrkan.se\/vandravagen\/2015\/08\/26\/nar-en-kvinna-blir-en-son\/\"},\"author\":{\"name\":\"Tomas Jarvid\",\"@id\":\"https:\/\/blogg.svenskakyrkan.se\/vandravagen\/#\/schema\/person\/25da02d4f76b137d04291711e2c9fc16\"},\"headline\":\"N\u00e4r en kvinna blir en son\",\"datePublished\":\"2015-08-26T05:00:05+00:00\",\"mainEntityOfPage\":{\"@id\":\"https:\/\/blogg.svenskakyrkan.se\/vandravagen\/2015\/08\/26\/nar-en-kvinna-blir-en-son\/\"},\"wordCount\":369,\"commentCount\":5,\"publisher\":{\"@id\":\"https:\/\/blogg.svenskakyrkan.se\/vandravagen\/#organization\"},\"image\":{\"@id\":\"https:\/\/blogg.svenskakyrkan.se\/vandravagen\/2015\/08\/26\/nar-en-kvinna-blir-en-son\/#primaryimage\"},\"thumbnailUrl\":\"http:\/\/blogg.svenskakyrkan.se\/vandravagen\/files\/2015\/08\/jtfSOq69pIEpvMScZptMc8hiGyws_EfQXb6wnxQ2oLs.jpg\",\"articleSection\":[\"Bibeln\",\"Dagens Kyrka\",\"man och kvinna\",\"relationer\"],\"inLanguage\":\"sv-SE\",\"potentialAction\":[{\"@type\":\"CommentAction\",\"name\":\"Comment\",\"target\":[\"https:\/\/blogg.svenskakyrkan.se\/vandravagen\/2015\/08\/26\/nar-en-kvinna-blir-en-son\/#respond\"]}]},{\"@type\":\"WebPage\",\"@id\":\"https:\/\/blogg.svenskakyrkan.se\/vandravagen\/2015\/08\/26\/nar-en-kvinna-blir-en-son\/\",\"url\":\"https:\/\/blogg.svenskakyrkan.se\/vandravagen\/2015\/08\/26\/nar-en-kvinna-blir-en-son\/\",\"name\":\"N\u00e4r en kvinna blir en son - Vandra V\u00e4gen\",\"isPartOf\":{\"@id\":\"https:\/\/blogg.svenskakyrkan.se\/vandravagen\/#website\"},\"primaryImageOfPage\":{\"@id\":\"https:\/\/blogg.svenskakyrkan.se\/vandravagen\/2015\/08\/26\/nar-en-kvinna-blir-en-son\/#primaryimage\"},\"image\":{\"@id\":\"https:\/\/blogg.svenskakyrkan.se\/vandravagen\/2015\/08\/26\/nar-en-kvinna-blir-en-son\/#primaryimage\"},\"thumbnailUrl\":\"http:\/\/blogg.svenskakyrkan.se\/vandravagen\/files\/2015\/08\/jtfSOq69pIEpvMScZptMc8hiGyws_EfQXb6wnxQ2oLs.jpg\",\"datePublished\":\"2015-08-26T05:00:05+00:00\",\"breadcrumb\":{\"@id\":\"https:\/\/blogg.svenskakyrkan.se\/vandravagen\/2015\/08\/26\/nar-en-kvinna-blir-en-son\/#breadcrumb\"},\"inLanguage\":\"sv-SE\",\"potentialAction\":[{\"@type\":\"ReadAction\",\"target\":[\"https:\/\/blogg.svenskakyrkan.se\/vandravagen\/2015\/08\/26\/nar-en-kvinna-blir-en-son\/\"]}]},{\"@type\":\"ImageObject\",\"inLanguage\":\"sv-SE\",\"@id\":\"https:\/\/blogg.svenskakyrkan.se\/vandravagen\/2015\/08\/26\/nar-en-kvinna-blir-en-son\/#primaryimage\",\"url\":\"http:\/\/blogg.svenskakyrkan.se\/vandravagen\/files\/2015\/08\/jtfSOq69pIEpvMScZptMc8hiGyws_EfQXb6wnxQ2oLs.jpg\",\"contentUrl\":\"http:\/\/blogg.svenskakyrkan.se\/vandravagen\/files\/2015\/08\/jtfSOq69pIEpvMScZptMc8hiGyws_EfQXb6wnxQ2oLs.jpg\"},{\"@type\":\"BreadcrumbList\",\"@id\":\"https:\/\/blogg.svenskakyrkan.se\/vandravagen\/2015\/08\/26\/nar-en-kvinna-blir-en-son\/#breadcrumb\",\"itemListElement\":[{\"@type\":\"ListItem\",\"position\":1,\"name\":\"Hem\",\"item\":\"https:\/\/blogg.svenskakyrkan.se\/vandravagen\/\"},{\"@type\":\"ListItem\",\"position\":2,\"name\":\"N\u00e4r en kvinna blir en son\"}]},{\"@type\":\"WebSite\",\"@id\":\"https:\/\/blogg.svenskakyrkan.se\/vandravagen\/#website\",\"url\":\"https:\/\/blogg.svenskakyrkan.se\/vandravagen\/\",\"name\":\"Vandra V\u00e4gen\",\"description\":\"-Mot en tro f\u00f6r hela livet\",\"publisher\":{\"@id\":\"https:\/\/blogg.svenskakyrkan.se\/vandravagen\/#organization\"},\"potentialAction\":[{\"@type\":\"SearchAction\",\"target\":{\"@type\":\"EntryPoint\",\"urlTemplate\":\"https:\/\/blogg.svenskakyrkan.se\/vandravagen\/?s={search_term_string}\"},\"query-input\":{\"@type\":\"PropertyValueSpecification\",\"valueRequired\":true,\"valueName\":\"search_term_string\"}}],\"inLanguage\":\"sv-SE\"},{\"@type\":\"Organization\",\"@id\":\"https:\/\/blogg.svenskakyrkan.se\/vandravagen\/#organization\",\"name\":\"ulricehamns pastorat\",\"alternateName\":\"ulricehamns pastorat\",\"url\":\"https:\/\/blogg.svenskakyrkan.se\/vandravagen\/\",\"logo\":{\"@type\":\"ImageObject\",\"inLanguage\":\"sv-SE\",\"@id\":\"https:\/\/blogg.svenskakyrkan.se\/vandravagen\/#\/schema\/logo\/image\/\",\"url\":\"https:\/\/blogg.svenskakyrkan.se\/vandravagen\/files\/2023\/05\/Ulr_logo_RGB.png\",\"contentUrl\":\"https:\/\/blogg.svenskakyrkan.se\/vandravagen\/files\/2023\/05\/Ulr_logo_RGB.png\",\"width\":205,\"height\":77,\"caption\":\"ulricehamns pastorat\"},\"image\":{\"@id\":\"https:\/\/blogg.svenskakyrkan.se\/vandravagen\/#\/schema\/logo\/image\/\"},\"sameAs\":[\"http:\/\/facebook.com\/vandravagen\",\"https:\/\/x.com\/fadertomas\",\"http:\/\/www.facebook.com\/svenskakyrkaniulricehamn\"]},{\"@type\":\"Person\",\"@id\":\"https:\/\/blogg.svenskakyrkan.se\/vandravagen\/#\/schema\/person\/25da02d4f76b137d04291711e2c9fc16\",\"name\":\"Tomas Jarvid\",\"image\":{\"@type\":\"ImageObject\",\"inLanguage\":\"sv-SE\",\"@id\":\"https:\/\/blogg.svenskakyrkan.se\/vandravagen\/#\/schema\/person\/image\/\",\"url\":\"https:\/\/secure.gravatar.com\/avatar\/7fa71899795e8f540f615a1f5ab25255dc27aa40f05ee7ddd21aac521e01bf50?s=96&d=identicon&r=g\",\"contentUrl\":\"https:\/\/secure.gravatar.com\/avatar\/7fa71899795e8f540f615a1f5ab25255dc27aa40f05ee7ddd21aac521e01bf50?s=96&d=identicon&r=g\",\"caption\":\"Tomas Jarvid\"},\"description\":\"Jag bor i Ulricehamn i V\u00e4sterg\u00f6tland och \u00e4r f\u00f6rsamlingspr\u00e4st i Svenska Kyrkan f\u00f6r Dalstorps f\u00f6rsamling i Kinds pastorat. P\u00e5 den h\u00e4r bloggen skriver jag ner tankar om vandringen som kristen.\",\"sameAs\":[\"http:\/\/www.vandravagen.se\"],\"url\":\"https:\/\/blogg.svenskakyrkan.se\/vandravagen\/author\/vandravagen\/\"}]}<\/script>\n<!-- \/ Yoast SEO plugin. -->","yoast_head_json":{"title":"N\u00e4r en kvinna blir en son - Vandra V\u00e4gen","robots":{"index":"index","follow":"follow","max-snippet":"max-snippet:-1","max-image-preview":"max-image-preview:large","max-video-preview":"max-video-preview:-1"},"canonical":"https:\/\/blogg.svenskakyrkan.se\/vandravagen\/2015\/08\/26\/nar-en-kvinna-blir-en-son\/","og_locale":"sv_SE","og_type":"article","og_title":"N\u00e4r en kvinna blir en son - Vandra V\u00e4gen","og_description":"Jag snappade upp n\u00e5got v\u00e4ldigt fascinerande h\u00e4romdagen. I nya testamentet anv\u00e4nder man ibland bilden av en adoption f\u00f6r att f\u00f6rklara v\u00e5r status som Guds barn. F\u00f6r att vara exakt st\u00e5r det att vi blir &#8221;s\u00f6ner&#8221;, f\u00e5r &#8221;s\u00f6ners r\u00e4tt&#8221; eller liknande. Det d\u00e4r kan man tycka \u00e4r lite gammalt och m\u00f6gigt och patriarkalt men d\u00e5 ska [&hellip;]","og_url":"https:\/\/blogg.svenskakyrkan.se\/vandravagen\/2015\/08\/26\/nar-en-kvinna-blir-en-son\/","og_site_name":"Vandra V\u00e4gen","article_publisher":"http:\/\/facebook.com\/vandravagen","article_published_time":"2015-08-26T05:00:05+00:00","og_image":[{"url":"http:\/\/blogg.svenskakyrkan.se\/vandravagen\/files\/2015\/08\/jtfSOq69pIEpvMScZptMc8hiGyws_EfQXb6wnxQ2oLs.jpg","type":"","width":"","height":""}],"author":"Tomas Jarvid","twitter_card":"summary_large_image","twitter_creator":"@fadertomas","twitter_site":"@fadertomas","twitter_misc":{"Skriven av":"Tomas Jarvid","Ber\u00e4knad l\u00e4stid":"2 minuter"},"schema":{"@context":"https:\/\/schema.org","@graph":[{"@type":"Article","@id":"https:\/\/blogg.svenskakyrkan.se\/vandravagen\/2015\/08\/26\/nar-en-kvinna-blir-en-son\/#article","isPartOf":{"@id":"https:\/\/blogg.svenskakyrkan.se\/vandravagen\/2015\/08\/26\/nar-en-kvinna-blir-en-son\/"},"author":{"name":"Tomas Jarvid","@id":"https:\/\/blogg.svenskakyrkan.se\/vandravagen\/#\/schema\/person\/25da02d4f76b137d04291711e2c9fc16"},"headline":"N\u00e4r en kvinna blir en son","datePublished":"2015-08-26T05:00:05+00:00","mainEntityOfPage":{"@id":"https:\/\/blogg.svenskakyrkan.se\/vandravagen\/2015\/08\/26\/nar-en-kvinna-blir-en-son\/"},"wordCount":369,"commentCount":5,"publisher":{"@id":"https:\/\/blogg.svenskakyrkan.se\/vandravagen\/#organization"},"image":{"@id":"https:\/\/blogg.svenskakyrkan.se\/vandravagen\/2015\/08\/26\/nar-en-kvinna-blir-en-son\/#primaryimage"},"thumbnailUrl":"http:\/\/blogg.svenskakyrkan.se\/vandravagen\/files\/2015\/08\/jtfSOq69pIEpvMScZptMc8hiGyws_EfQXb6wnxQ2oLs.jpg","articleSection":["Bibeln","Dagens Kyrka","man och kvinna","relationer"],"inLanguage":"sv-SE","potentialAction":[{"@type":"CommentAction","name":"Comment","target":["https:\/\/blogg.svenskakyrkan.se\/vandravagen\/2015\/08\/26\/nar-en-kvinna-blir-en-son\/#respond"]}]},{"@type":"WebPage","@id":"https:\/\/blogg.svenskakyrkan.se\/vandravagen\/2015\/08\/26\/nar-en-kvinna-blir-en-son\/","url":"https:\/\/blogg.svenskakyrkan.se\/vandravagen\/2015\/08\/26\/nar-en-kvinna-blir-en-son\/","name":"N\u00e4r en kvinna blir en son - Vandra V\u00e4gen","isPartOf":{"@id":"https:\/\/blogg.svenskakyrkan.se\/vandravagen\/#website"},"primaryImageOfPage":{"@id":"https:\/\/blogg.svenskakyrkan.se\/vandravagen\/2015\/08\/26\/nar-en-kvinna-blir-en-son\/#primaryimage"},"image":{"@id":"https:\/\/blogg.svenskakyrkan.se\/vandravagen\/2015\/08\/26\/nar-en-kvinna-blir-en-son\/#primaryimage"},"thumbnailUrl":"http:\/\/blogg.svenskakyrkan.se\/vandravagen\/files\/2015\/08\/jtfSOq69pIEpvMScZptMc8hiGyws_EfQXb6wnxQ2oLs.jpg","datePublished":"2015-08-26T05:00:05+00:00","breadcrumb":{"@id":"https:\/\/blogg.svenskakyrkan.se\/vandravagen\/2015\/08\/26\/nar-en-kvinna-blir-en-son\/#breadcrumb"},"inLanguage":"sv-SE","potentialAction":[{"@type":"ReadAction","target":["https:\/\/blogg.svenskakyrkan.se\/vandravagen\/2015\/08\/26\/nar-en-kvinna-blir-en-son\/"]}]},{"@type":"ImageObject","inLanguage":"sv-SE","@id":"https:\/\/blogg.svenskakyrkan.se\/vandravagen\/2015\/08\/26\/nar-en-kvinna-blir-en-son\/#primaryimage","url":"http:\/\/blogg.svenskakyrkan.se\/vandravagen\/files\/2015\/08\/jtfSOq69pIEpvMScZptMc8hiGyws_EfQXb6wnxQ2oLs.jpg","contentUrl":"http:\/\/blogg.svenskakyrkan.se\/vandravagen\/files\/2015\/08\/jtfSOq69pIEpvMScZptMc8hiGyws_EfQXb6wnxQ2oLs.jpg"},{"@type":"BreadcrumbList","@id":"https:\/\/blogg.svenskakyrkan.se\/vandravagen\/2015\/08\/26\/nar-en-kvinna-blir-en-son\/#breadcrumb","itemListElement":[{"@type":"ListItem","position":1,"name":"Hem","item":"https:\/\/blogg.svenskakyrkan.se\/vandravagen\/"},{"@type":"ListItem","position":2,"name":"N\u00e4r en kvinna blir en son"}]},{"@type":"WebSite","@id":"https:\/\/blogg.svenskakyrkan.se\/vandravagen\/#website","url":"https:\/\/blogg.svenskakyrkan.se\/vandravagen\/","name":"Vandra V\u00e4gen","description":"-Mot en tro f\u00f6r hela livet","publisher":{"@id":"https:\/\/blogg.svenskakyrkan.se\/vandravagen\/#organization"},"potentialAction":[{"@type":"SearchAction","target":{"@type":"EntryPoint","urlTemplate":"https:\/\/blogg.svenskakyrkan.se\/vandravagen\/?s={search_term_string}"},"query-input":{"@type":"PropertyValueSpecification","valueRequired":true,"valueName":"search_term_string"}}],"inLanguage":"sv-SE"},{"@type":"Organization","@id":"https:\/\/blogg.svenskakyrkan.se\/vandravagen\/#organization","name":"ulricehamns pastorat","alternateName":"ulricehamns pastorat","url":"https:\/\/blogg.svenskakyrkan.se\/vandravagen\/","logo":{"@type":"ImageObject","inLanguage":"sv-SE","@id":"https:\/\/blogg.svenskakyrkan.se\/vandravagen\/#\/schema\/logo\/image\/","url":"https:\/\/blogg.svenskakyrkan.se\/vandravagen\/files\/2023\/05\/Ulr_logo_RGB.png","contentUrl":"https:\/\/blogg.svenskakyrkan.se\/vandravagen\/files\/2023\/05\/Ulr_logo_RGB.png","width":205,"height":77,"caption":"ulricehamns pastorat"},"image":{"@id":"https:\/\/blogg.svenskakyrkan.se\/vandravagen\/#\/schema\/logo\/image\/"},"sameAs":["http:\/\/facebook.com\/vandravagen","https:\/\/x.com\/fadertomas","http:\/\/www.facebook.com\/svenskakyrkaniulricehamn"]},{"@type":"Person","@id":"https:\/\/blogg.svenskakyrkan.se\/vandravagen\/#\/schema\/person\/25da02d4f76b137d04291711e2c9fc16","name":"Tomas Jarvid","image":{"@type":"ImageObject","inLanguage":"sv-SE","@id":"https:\/\/blogg.svenskakyrkan.se\/vandravagen\/#\/schema\/person\/image\/","url":"https:\/\/secure.gravatar.com\/avatar\/7fa71899795e8f540f615a1f5ab25255dc27aa40f05ee7ddd21aac521e01bf50?s=96&d=identicon&r=g","contentUrl":"https:\/\/secure.gravatar.com\/avatar\/7fa71899795e8f540f615a1f5ab25255dc27aa40f05ee7ddd21aac521e01bf50?s=96&d=identicon&r=g","caption":"Tomas Jarvid"},"description":"Jag bor i Ulricehamn i V\u00e4sterg\u00f6tland och \u00e4r f\u00f6rsamlingspr\u00e4st i Svenska Kyrkan f\u00f6r Dalstorps f\u00f6rsamling i Kinds pastorat. P\u00e5 den h\u00e4r bloggen skriver jag ner tankar om vandringen som kristen.","sameAs":["http:\/\/www.vandravagen.se"],"url":"https:\/\/blogg.svenskakyrkan.se\/vandravagen\/author\/vandravagen\/"}]}},"author_meta":{"ID":"392","user_nicename":"vandravagen","user_url":"http:\/\/www.vandravagen.se","user_registered":"2014-05-19 05:44:52","display_name":"Tomas Jarvid","first_name":"Tomas","last_name":"Jarvid","avatar":"https:\/\/secure.gravatar.com\/avatar\/7fa71899795e8f540f615a1f5ab25255dc27aa40f05ee7ddd21aac521e01bf50?s=96&d=identicon&r=g"},"featured_image":false,"bloginfo":{"name":"Vandra V\u00e4gen","url":"https:\/\/blogg.svenskakyrkan.se\/vandravagen"},"_links":{"self":[{"href":"https:\/\/blogg.svenskakyrkan.se\/vandravagen\/wp-json\/wp\/v2\/posts\/3514","targetHints":{"allow":["GET"]}}],"collection":[{"href":"https:\/\/blogg.svenskakyrkan.se\/vandravagen\/wp-json\/wp\/v2\/posts"}],"about":[{"href":"https:\/\/blogg.svenskakyrkan.se\/vandravagen\/wp-json\/wp\/v2\/types\/post"}],"author":[{"embeddable":true,"href":"https:\/\/blogg.svenskakyrkan.se\/vandravagen\/wp-json\/wp\/v2\/users\/392"}],"replies":[{"embeddable":true,"href":"https:\/\/blogg.svenskakyrkan.se\/vandravagen\/wp-json\/wp\/v2\/comments?post=3514"}],"version-history":[{"count":1,"href":"https:\/\/blogg.svenskakyrkan.se\/vandravagen\/wp-json\/wp\/v2\/posts\/3514\/revisions"}],"predecessor-version":[{"id":3516,"href":"https:\/\/blogg.svenskakyrkan.se\/vandravagen\/wp-json\/wp\/v2\/posts\/3514\/revisions\/3516"}],"wp:attachment":[{"href":"https:\/\/blogg.svenskakyrkan.se\/vandravagen\/wp-json\/wp\/v2\/media?parent=3514"}],"wp:term":[{"taxonomy":"category","embeddable":true,"href":"https:\/\/blogg.svenskakyrkan.se\/vandravagen\/wp-json\/wp\/v2\/categories?post=3514"},{"taxonomy":"post_tag","embeddable":true,"href":"https:\/\/blogg.svenskakyrkan.se\/vandravagen\/wp-json\/wp\/v2\/tags?post=3514"}],"curies":[{"name":"wp","href":"https:\/\/api.w.org\/{rel}","templated":true}]}}