{"id":3523,"date":"2015-08-29T07:00:17","date_gmt":"2015-08-29T05:00:17","guid":{"rendered":"http:\/\/blogg.svenskakyrkan.se\/vandravagen\/?p=3523"},"modified":"2015-08-27T15:51:05","modified_gmt":"2015-08-27T13:51:05","slug":"nasaret-nar-jesus-bodde-dar","status":"publish","type":"post","link":"https:\/\/blogg.svenskakyrkan.se\/vandravagen\/2015\/08\/29\/nasaret-nar-jesus-bodde-dar\/","title":{"rendered":"Nasaret n\u00e4r Jesus bodde d\u00e4r"},"content":{"rendered":"<div>\n<p>&nbsp;<\/p>\n<div id=\"attachment_3528\" style=\"width: 594px\" class=\"wp-caption aligncenter\"><a href=\"http:\/\/blogg.svenskakyrkan.se\/vandravagen\/files\/2015\/08\/MarktJaffaGustavBauernfeind1887.jpg\"><img loading=\"lazy\" decoding=\"async\" aria-describedby=\"caption-attachment-3528\" class=\"size-large wp-image-3528\" src=\"http:\/\/blogg.svenskakyrkan.se\/vandravagen\/files\/2015\/08\/MarktJaffaGustavBauernfeind1887-1024x770.jpg\" alt=\"Palestina n\u00e4r det begav sig s\u00e5g kanske ut ungef\u00e4r s\u00e5h\u00e4r?\" width=\"584\" height=\"439\" srcset=\"https:\/\/blogg.svenskakyrkan.se\/vandravagen\/files\/2015\/08\/MarktJaffaGustavBauernfeind1887-1024x770.jpg 1024w, https:\/\/blogg.svenskakyrkan.se\/vandravagen\/files\/2015\/08\/MarktJaffaGustavBauernfeind1887-300x226.jpg 300w, https:\/\/blogg.svenskakyrkan.se\/vandravagen\/files\/2015\/08\/MarktJaffaGustavBauernfeind1887-399x300.jpg 399w, https:\/\/blogg.svenskakyrkan.se\/vandravagen\/files\/2015\/08\/MarktJaffaGustavBauernfeind1887.jpg 1387w\" sizes=\"auto, (max-width: 584px) 100vw, 584px\" \/><\/a><p id=\"caption-attachment-3528\" class=\"wp-caption-text\">Palestina n\u00e4r det begav sig s\u00e5g kanske ut ungef\u00e4r s\u00e5h\u00e4r?<\/p><\/div>\n<p>Jag b\u00f6rjar s\u00e5 sakta ha kramat ur det mesta ur Morton Narrowes fascinerande f\u00f6rel\u00e4sningar men lite har jag allt kvar. Idag vill jag skriva om hur han s\u00e5g p\u00e5 livet som jude i Nasaret p\u00e5 Jesu tid.<\/p>\n<p>Att Jesus v\u00e4xte upp i Nasaret \u00e4r ett faktum som \u00e4ven historiker med skepsis mot Bibelns trov\u00e4rdighet brukar h\u00e5lla med om. Religionshistorikern Reza Aslan har utm\u00e5lat Nasaret som en h\u00e5la med outbildade inv\u00e5nare och utan synagoga men Morton gav i mycket en annan bild.<\/p>\n<p>Visserligen var Nasaret en ganska liten by men \u00e5 andra sidan l\u00e5g den mycket n\u00e4ra staden Sippori som vid den tiden var ett viktigt centrum b\u00e5de f\u00f6r judar och &#8221;greker&#8221; (ickejudar av olika slag som var mer delaktiga i den hellenistiska kulturen). Att det inte fanns n\u00e5gon synagoga i Nasaret (vilket det ju g\u00f6r i evangelierna) \u00e4r en definitionsfr\u00e5ga. P\u00e5 ett s\u00e4tt fanns det \u00f6ver huvud taget inga synagogor vid den tiden p\u00e5 det s\u00e4tt som de sedan tog form men synagoga betyder \u00e5 andra sidan &#8221;gemenskap&#8221; (typ &#8221;f\u00f6rsamling&#8221;), en skara som samlas kring b\u00f6n och skriftl\u00e4sning och DET \u00e4r det mycket troligt att det fanns i Nasaret p\u00e5 Jesu tid. Hur sedan formerna s\u00e5g ut kan man inte s\u00e5 noga veta.<\/p>\n<p>Eftersom Jesus talade arameiska och var v\u00e4ldigt v\u00e4lbevandrad i skrifterna (det vi har som gamla testamentet) som \u00e4r skrivna p\u00e5 hebreiska och d\u00e4rtill hade v\u00e4xt upp i en trakt d\u00e4r det grekiska och det judiska m\u00f6ttes \u00e4r det inte alls om\u00f6jligt att han kan ha varit trespr\u00e5kig.<\/p>\n<p>Judendomen kring \u00e5r 0 spretade \u00e5t olika h\u00e5ll i olika r\u00f6relser. Vi k\u00e4nner \u00e5tminstone till <a href=\"http:\/\/blogg.svenskakyrkan.se\/vandravagen\/2015\/06\/24\/ve-er-ni-kristna-om-jesus-och-fariseerna\/\">faris\u00e9ernas inriktning<\/a>, saducc\u00e9erna som sk\u00f6tte templet (\u00f6verstepr\u00e4sten och company) och ess\u00e9erna som drog sig undan de andra ut i \u00f6knen i v\u00e4ntan p\u00e5 domedagen. Det som \u00e4nd\u00e5 var gemensamt f\u00f6r alla judar var att man levde enligt buden i Toran och den kalender som ges i moseb\u00f6ckerna och h\u00f6ll sabbaten helig. Alla var \u00f6verens om skrifternas helighet. Efter templets f\u00f6rst\u00f6relse \u00e5r 70 kom det att bli s\u00e5 att faris\u00e9ernas grupp dominerade och utvecklades till den rabbinska judendomen. I f\u00f6rl\u00e4ngningen \u00e4r det s\u00e5 \u00e4n idag.<\/p>\n<p>Jesus kallas &#8221;rabbi&#8221; i evangelierna och gick runt med sin skara l\u00e4rjungar men \u00e4ven h\u00e4r \u00e4r det allts\u00e5 fr\u00e5ga om en f\u00f6reteelse som inte riktigt hunnit f\u00e5 fasta konturer och insitutionaliseras.<\/p>\n<p>Romarna styrde \u00f6ver omr\u00e5det men l\u00e4t judarna sk\u00f6ta sitt s\u00e5 l\u00e4nge de betalade skatt. St\u00e5th\u00e5llarna, som Pontius Pilatus, h\u00f6lls helst i den hellenistiska staden Caesarea Filippi d\u00e4r de tyckte det var mer civiliserat men kring p\u00e5sk var de \u00e4nd\u00e5 tvungna att finnas p\u00e5 plats i Jerusalem (och det \u00e4r ju d\u00e4r Jesus m\u00f6ter Pilatus). Vid p\u00e5sken mindes judarna befrielsen ur Egypten och d\u00e5 kunde det l\u00e4tt bli upplopp eftersom frihetsl\u00e4ngtan blev s\u00e5 stark.<\/p>\n<\/div>\n<div>\n<p>Judarna var \u00f6ver huvud taget lite knepiga f\u00f6r romarna att ha att g\u00f6ra med eftersom de var str\u00e4nga monoteister. Pilatus gjorde en g\u00e5ng misstaget att ha med de &#8221;romerska \u00f6rnarna&#8221; (\u00f6rnbilder p\u00e5 l\u00e5nga stavar som symboliserade rom, l\u00e4s Asterix och kolla) in i Jerusalem. Det tolkades som avgudabilder och s\u00e5 blev det blodiga upplopp.<\/p>\n<\/div>\n<div>\n<p>L\u00e4get under Pilatus var ganska stabilt. 20 \u00e5r senare blev det dock problem d\u00e5 de romerska prokuratorerna kr\u00e4vde f\u00f6r mycket skatt vilket ledde till upplopp (seloterna och s\u00e5nt) som eskalerade i det stora judisktromerska kriget \u00e5r 70 d\u00e5 templet (som d\u00e5 precis blivit helt f\u00e4rdigt) revs. Till skillnad fr\u00e5n andra som velat s\u00e4tta Jesus i f\u00f6rh\u00e5llande till dessa senare v\u00e5ldsammare tider menade Narrowe att det nog var s\u00e5 att Jesus kunde f\u00e5 h\u00e5llas s\u00e5 mycket som han gjorde just f\u00f6r att han dels levde i en stabil tid och dels sj\u00e4lv inte stod f\u00e5r n\u00e5gon v\u00e5ldsam frihetskamp.<\/p>\n<p>Det blev en r\u00e4tt l\u00e5ng bloggpost men jag hoppas det var en rolig bakgrund till Jesus s\u00e5 som han framtr\u00e4der i evangelierna.<\/p>\n<\/div>\n","protected":false},"excerpt":{"rendered":"<p>&nbsp; Jag b\u00f6rjar s\u00e5 sakta ha kramat ur det mesta ur Morton Narrowes fascinerande f\u00f6rel\u00e4sningar men lite har jag allt kvar. Idag vill jag skriva om hur han s\u00e5g p\u00e5 livet som jude i Nasaret p\u00e5 Jesu tid. Att Jesus v\u00e4xte upp i Nasaret \u00e4r ett faktum som \u00e4ven historiker med skepsis mot Bibelns trov\u00e4rdighet [&hellip;]<\/p>\n","protected":false},"author":392,"featured_media":0,"comment_status":"open","ping_status":"open","sticky":false,"template":"","format":"standard","meta":{"_acf_changed":false,"footnotes":""},"categories":[8298,76189,8337],"tags":[],"class_list":["post-3523","post","type-post","status-publish","format-standard","hentry","category-bibeln","category-dagens-kyrka","category-historia"],"acf":[],"yoast_head":"<!-- This site is optimized with the Yoast SEO plugin v27.1.1 - https:\/\/yoast.com\/product\/yoast-seo-wordpress\/ -->\n<title>Nasaret n\u00e4r Jesus bodde d\u00e4r - Vandra V\u00e4gen<\/title>\n<meta name=\"robots\" content=\"index, follow, max-snippet:-1, max-image-preview:large, max-video-preview:-1\" \/>\n<link rel=\"canonical\" href=\"https:\/\/blogg.svenskakyrkan.se\/vandravagen\/2015\/08\/29\/nasaret-nar-jesus-bodde-dar\/\" \/>\n<meta property=\"og:locale\" content=\"sv_SE\" \/>\n<meta property=\"og:type\" content=\"article\" \/>\n<meta property=\"og:title\" content=\"Nasaret n\u00e4r Jesus bodde d\u00e4r - Vandra V\u00e4gen\" \/>\n<meta property=\"og:description\" content=\"&nbsp; Jag b\u00f6rjar s\u00e5 sakta ha kramat ur det mesta ur Morton Narrowes fascinerande f\u00f6rel\u00e4sningar men lite har jag allt kvar. Idag vill jag skriva om hur han s\u00e5g p\u00e5 livet som jude i Nasaret p\u00e5 Jesu tid. Att Jesus v\u00e4xte upp i Nasaret \u00e4r ett faktum som \u00e4ven historiker med skepsis mot Bibelns trov\u00e4rdighet [&hellip;]\" \/>\n<meta property=\"og:url\" content=\"https:\/\/blogg.svenskakyrkan.se\/vandravagen\/2015\/08\/29\/nasaret-nar-jesus-bodde-dar\/\" \/>\n<meta property=\"og:site_name\" content=\"Vandra V\u00e4gen\" \/>\n<meta property=\"article:publisher\" content=\"http:\/\/facebook.com\/vandravagen\" \/>\n<meta property=\"article:published_time\" content=\"2015-08-29T05:00:17+00:00\" \/>\n<meta property=\"og:image\" content=\"http:\/\/blogg.svenskakyrkan.se\/vandravagen\/files\/2015\/08\/MarktJaffaGustavBauernfeind1887-1024x770.jpg\" \/>\n<meta name=\"author\" content=\"Tomas Jarvid\" \/>\n<meta name=\"twitter:card\" content=\"summary_large_image\" \/>\n<meta name=\"twitter:creator\" content=\"@fadertomas\" \/>\n<meta name=\"twitter:site\" content=\"@fadertomas\" \/>\n<meta name=\"twitter:label1\" content=\"Skriven av\" \/>\n\t<meta name=\"twitter:data1\" content=\"Tomas Jarvid\" \/>\n\t<meta name=\"twitter:label2\" content=\"Ber\u00e4knad l\u00e4stid\" \/>\n\t<meta name=\"twitter:data2\" content=\"4 minuter\" \/>\n<script type=\"application\/ld+json\" class=\"yoast-schema-graph\">{\"@context\":\"https:\/\/schema.org\",\"@graph\":[{\"@type\":\"Article\",\"@id\":\"https:\/\/blogg.svenskakyrkan.se\/vandravagen\/2015\/08\/29\/nasaret-nar-jesus-bodde-dar\/#article\",\"isPartOf\":{\"@id\":\"https:\/\/blogg.svenskakyrkan.se\/vandravagen\/2015\/08\/29\/nasaret-nar-jesus-bodde-dar\/\"},\"author\":{\"name\":\"Tomas Jarvid\",\"@id\":\"https:\/\/blogg.svenskakyrkan.se\/vandravagen\/#\/schema\/person\/25da02d4f76b137d04291711e2c9fc16\"},\"headline\":\"Nasaret n\u00e4r Jesus bodde d\u00e4r\",\"datePublished\":\"2015-08-29T05:00:17+00:00\",\"mainEntityOfPage\":{\"@id\":\"https:\/\/blogg.svenskakyrkan.se\/vandravagen\/2015\/08\/29\/nasaret-nar-jesus-bodde-dar\/\"},\"wordCount\":741,\"commentCount\":2,\"publisher\":{\"@id\":\"https:\/\/blogg.svenskakyrkan.se\/vandravagen\/#organization\"},\"image\":{\"@id\":\"https:\/\/blogg.svenskakyrkan.se\/vandravagen\/2015\/08\/29\/nasaret-nar-jesus-bodde-dar\/#primaryimage\"},\"thumbnailUrl\":\"http:\/\/blogg.svenskakyrkan.se\/vandravagen\/files\/2015\/08\/MarktJaffaGustavBauernfeind1887-1024x770.jpg\",\"articleSection\":[\"Bibeln\",\"Dagens Kyrka\",\"historia\"],\"inLanguage\":\"sv-SE\",\"potentialAction\":[{\"@type\":\"CommentAction\",\"name\":\"Comment\",\"target\":[\"https:\/\/blogg.svenskakyrkan.se\/vandravagen\/2015\/08\/29\/nasaret-nar-jesus-bodde-dar\/#respond\"]}]},{\"@type\":\"WebPage\",\"@id\":\"https:\/\/blogg.svenskakyrkan.se\/vandravagen\/2015\/08\/29\/nasaret-nar-jesus-bodde-dar\/\",\"url\":\"https:\/\/blogg.svenskakyrkan.se\/vandravagen\/2015\/08\/29\/nasaret-nar-jesus-bodde-dar\/\",\"name\":\"Nasaret n\u00e4r Jesus bodde d\u00e4r - Vandra V\u00e4gen\",\"isPartOf\":{\"@id\":\"https:\/\/blogg.svenskakyrkan.se\/vandravagen\/#website\"},\"primaryImageOfPage\":{\"@id\":\"https:\/\/blogg.svenskakyrkan.se\/vandravagen\/2015\/08\/29\/nasaret-nar-jesus-bodde-dar\/#primaryimage\"},\"image\":{\"@id\":\"https:\/\/blogg.svenskakyrkan.se\/vandravagen\/2015\/08\/29\/nasaret-nar-jesus-bodde-dar\/#primaryimage\"},\"thumbnailUrl\":\"http:\/\/blogg.svenskakyrkan.se\/vandravagen\/files\/2015\/08\/MarktJaffaGustavBauernfeind1887-1024x770.jpg\",\"datePublished\":\"2015-08-29T05:00:17+00:00\",\"breadcrumb\":{\"@id\":\"https:\/\/blogg.svenskakyrkan.se\/vandravagen\/2015\/08\/29\/nasaret-nar-jesus-bodde-dar\/#breadcrumb\"},\"inLanguage\":\"sv-SE\",\"potentialAction\":[{\"@type\":\"ReadAction\",\"target\":[\"https:\/\/blogg.svenskakyrkan.se\/vandravagen\/2015\/08\/29\/nasaret-nar-jesus-bodde-dar\/\"]}]},{\"@type\":\"ImageObject\",\"inLanguage\":\"sv-SE\",\"@id\":\"https:\/\/blogg.svenskakyrkan.se\/vandravagen\/2015\/08\/29\/nasaret-nar-jesus-bodde-dar\/#primaryimage\",\"url\":\"http:\/\/blogg.svenskakyrkan.se\/vandravagen\/files\/2015\/08\/MarktJaffaGustavBauernfeind1887-1024x770.jpg\",\"contentUrl\":\"http:\/\/blogg.svenskakyrkan.se\/vandravagen\/files\/2015\/08\/MarktJaffaGustavBauernfeind1887-1024x770.jpg\"},{\"@type\":\"BreadcrumbList\",\"@id\":\"https:\/\/blogg.svenskakyrkan.se\/vandravagen\/2015\/08\/29\/nasaret-nar-jesus-bodde-dar\/#breadcrumb\",\"itemListElement\":[{\"@type\":\"ListItem\",\"position\":1,\"name\":\"Hem\",\"item\":\"https:\/\/blogg.svenskakyrkan.se\/vandravagen\/\"},{\"@type\":\"ListItem\",\"position\":2,\"name\":\"Nasaret n\u00e4r Jesus bodde d\u00e4r\"}]},{\"@type\":\"WebSite\",\"@id\":\"https:\/\/blogg.svenskakyrkan.se\/vandravagen\/#website\",\"url\":\"https:\/\/blogg.svenskakyrkan.se\/vandravagen\/\",\"name\":\"Vandra V\u00e4gen\",\"description\":\"-Mot en tro f\u00f6r hela livet\",\"publisher\":{\"@id\":\"https:\/\/blogg.svenskakyrkan.se\/vandravagen\/#organization\"},\"potentialAction\":[{\"@type\":\"SearchAction\",\"target\":{\"@type\":\"EntryPoint\",\"urlTemplate\":\"https:\/\/blogg.svenskakyrkan.se\/vandravagen\/?s={search_term_string}\"},\"query-input\":{\"@type\":\"PropertyValueSpecification\",\"valueRequired\":true,\"valueName\":\"search_term_string\"}}],\"inLanguage\":\"sv-SE\"},{\"@type\":\"Organization\",\"@id\":\"https:\/\/blogg.svenskakyrkan.se\/vandravagen\/#organization\",\"name\":\"ulricehamns pastorat\",\"alternateName\":\"ulricehamns pastorat\",\"url\":\"https:\/\/blogg.svenskakyrkan.se\/vandravagen\/\",\"logo\":{\"@type\":\"ImageObject\",\"inLanguage\":\"sv-SE\",\"@id\":\"https:\/\/blogg.svenskakyrkan.se\/vandravagen\/#\/schema\/logo\/image\/\",\"url\":\"https:\/\/blogg.svenskakyrkan.se\/vandravagen\/files\/2023\/05\/Ulr_logo_RGB.png\",\"contentUrl\":\"https:\/\/blogg.svenskakyrkan.se\/vandravagen\/files\/2023\/05\/Ulr_logo_RGB.png\",\"width\":205,\"height\":77,\"caption\":\"ulricehamns pastorat\"},\"image\":{\"@id\":\"https:\/\/blogg.svenskakyrkan.se\/vandravagen\/#\/schema\/logo\/image\/\"},\"sameAs\":[\"http:\/\/facebook.com\/vandravagen\",\"https:\/\/x.com\/fadertomas\",\"http:\/\/www.facebook.com\/svenskakyrkaniulricehamn\"]},{\"@type\":\"Person\",\"@id\":\"https:\/\/blogg.svenskakyrkan.se\/vandravagen\/#\/schema\/person\/25da02d4f76b137d04291711e2c9fc16\",\"name\":\"Tomas Jarvid\",\"image\":{\"@type\":\"ImageObject\",\"inLanguage\":\"sv-SE\",\"@id\":\"https:\/\/blogg.svenskakyrkan.se\/vandravagen\/#\/schema\/person\/image\/\",\"url\":\"https:\/\/secure.gravatar.com\/avatar\/7fa71899795e8f540f615a1f5ab25255dc27aa40f05ee7ddd21aac521e01bf50?s=96&d=identicon&r=g\",\"contentUrl\":\"https:\/\/secure.gravatar.com\/avatar\/7fa71899795e8f540f615a1f5ab25255dc27aa40f05ee7ddd21aac521e01bf50?s=96&d=identicon&r=g\",\"caption\":\"Tomas Jarvid\"},\"description\":\"Jag bor i Ulricehamn i V\u00e4sterg\u00f6tland och \u00e4r f\u00f6rsamlingspr\u00e4st i Svenska Kyrkan f\u00f6r Dalstorps f\u00f6rsamling i Kinds pastorat. P\u00e5 den h\u00e4r bloggen skriver jag ner tankar om vandringen som kristen.\",\"sameAs\":[\"http:\/\/www.vandravagen.se\"],\"url\":\"https:\/\/blogg.svenskakyrkan.se\/vandravagen\/author\/vandravagen\/\"}]}<\/script>\n<!-- \/ Yoast SEO plugin. -->","yoast_head_json":{"title":"Nasaret n\u00e4r Jesus bodde d\u00e4r - Vandra V\u00e4gen","robots":{"index":"index","follow":"follow","max-snippet":"max-snippet:-1","max-image-preview":"max-image-preview:large","max-video-preview":"max-video-preview:-1"},"canonical":"https:\/\/blogg.svenskakyrkan.se\/vandravagen\/2015\/08\/29\/nasaret-nar-jesus-bodde-dar\/","og_locale":"sv_SE","og_type":"article","og_title":"Nasaret n\u00e4r Jesus bodde d\u00e4r - Vandra V\u00e4gen","og_description":"&nbsp; Jag b\u00f6rjar s\u00e5 sakta ha kramat ur det mesta ur Morton Narrowes fascinerande f\u00f6rel\u00e4sningar men lite har jag allt kvar. Idag vill jag skriva om hur han s\u00e5g p\u00e5 livet som jude i Nasaret p\u00e5 Jesu tid. Att Jesus v\u00e4xte upp i Nasaret \u00e4r ett faktum som \u00e4ven historiker med skepsis mot Bibelns trov\u00e4rdighet [&hellip;]","og_url":"https:\/\/blogg.svenskakyrkan.se\/vandravagen\/2015\/08\/29\/nasaret-nar-jesus-bodde-dar\/","og_site_name":"Vandra V\u00e4gen","article_publisher":"http:\/\/facebook.com\/vandravagen","article_published_time":"2015-08-29T05:00:17+00:00","og_image":[{"url":"http:\/\/blogg.svenskakyrkan.se\/vandravagen\/files\/2015\/08\/MarktJaffaGustavBauernfeind1887-1024x770.jpg","type":"","width":"","height":""}],"author":"Tomas Jarvid","twitter_card":"summary_large_image","twitter_creator":"@fadertomas","twitter_site":"@fadertomas","twitter_misc":{"Skriven av":"Tomas Jarvid","Ber\u00e4knad l\u00e4stid":"4 minuter"},"schema":{"@context":"https:\/\/schema.org","@graph":[{"@type":"Article","@id":"https:\/\/blogg.svenskakyrkan.se\/vandravagen\/2015\/08\/29\/nasaret-nar-jesus-bodde-dar\/#article","isPartOf":{"@id":"https:\/\/blogg.svenskakyrkan.se\/vandravagen\/2015\/08\/29\/nasaret-nar-jesus-bodde-dar\/"},"author":{"name":"Tomas Jarvid","@id":"https:\/\/blogg.svenskakyrkan.se\/vandravagen\/#\/schema\/person\/25da02d4f76b137d04291711e2c9fc16"},"headline":"Nasaret n\u00e4r Jesus bodde d\u00e4r","datePublished":"2015-08-29T05:00:17+00:00","mainEntityOfPage":{"@id":"https:\/\/blogg.svenskakyrkan.se\/vandravagen\/2015\/08\/29\/nasaret-nar-jesus-bodde-dar\/"},"wordCount":741,"commentCount":2,"publisher":{"@id":"https:\/\/blogg.svenskakyrkan.se\/vandravagen\/#organization"},"image":{"@id":"https:\/\/blogg.svenskakyrkan.se\/vandravagen\/2015\/08\/29\/nasaret-nar-jesus-bodde-dar\/#primaryimage"},"thumbnailUrl":"http:\/\/blogg.svenskakyrkan.se\/vandravagen\/files\/2015\/08\/MarktJaffaGustavBauernfeind1887-1024x770.jpg","articleSection":["Bibeln","Dagens Kyrka","historia"],"inLanguage":"sv-SE","potentialAction":[{"@type":"CommentAction","name":"Comment","target":["https:\/\/blogg.svenskakyrkan.se\/vandravagen\/2015\/08\/29\/nasaret-nar-jesus-bodde-dar\/#respond"]}]},{"@type":"WebPage","@id":"https:\/\/blogg.svenskakyrkan.se\/vandravagen\/2015\/08\/29\/nasaret-nar-jesus-bodde-dar\/","url":"https:\/\/blogg.svenskakyrkan.se\/vandravagen\/2015\/08\/29\/nasaret-nar-jesus-bodde-dar\/","name":"Nasaret n\u00e4r Jesus bodde d\u00e4r - Vandra V\u00e4gen","isPartOf":{"@id":"https:\/\/blogg.svenskakyrkan.se\/vandravagen\/#website"},"primaryImageOfPage":{"@id":"https:\/\/blogg.svenskakyrkan.se\/vandravagen\/2015\/08\/29\/nasaret-nar-jesus-bodde-dar\/#primaryimage"},"image":{"@id":"https:\/\/blogg.svenskakyrkan.se\/vandravagen\/2015\/08\/29\/nasaret-nar-jesus-bodde-dar\/#primaryimage"},"thumbnailUrl":"http:\/\/blogg.svenskakyrkan.se\/vandravagen\/files\/2015\/08\/MarktJaffaGustavBauernfeind1887-1024x770.jpg","datePublished":"2015-08-29T05:00:17+00:00","breadcrumb":{"@id":"https:\/\/blogg.svenskakyrkan.se\/vandravagen\/2015\/08\/29\/nasaret-nar-jesus-bodde-dar\/#breadcrumb"},"inLanguage":"sv-SE","potentialAction":[{"@type":"ReadAction","target":["https:\/\/blogg.svenskakyrkan.se\/vandravagen\/2015\/08\/29\/nasaret-nar-jesus-bodde-dar\/"]}]},{"@type":"ImageObject","inLanguage":"sv-SE","@id":"https:\/\/blogg.svenskakyrkan.se\/vandravagen\/2015\/08\/29\/nasaret-nar-jesus-bodde-dar\/#primaryimage","url":"http:\/\/blogg.svenskakyrkan.se\/vandravagen\/files\/2015\/08\/MarktJaffaGustavBauernfeind1887-1024x770.jpg","contentUrl":"http:\/\/blogg.svenskakyrkan.se\/vandravagen\/files\/2015\/08\/MarktJaffaGustavBauernfeind1887-1024x770.jpg"},{"@type":"BreadcrumbList","@id":"https:\/\/blogg.svenskakyrkan.se\/vandravagen\/2015\/08\/29\/nasaret-nar-jesus-bodde-dar\/#breadcrumb","itemListElement":[{"@type":"ListItem","position":1,"name":"Hem","item":"https:\/\/blogg.svenskakyrkan.se\/vandravagen\/"},{"@type":"ListItem","position":2,"name":"Nasaret n\u00e4r Jesus bodde d\u00e4r"}]},{"@type":"WebSite","@id":"https:\/\/blogg.svenskakyrkan.se\/vandravagen\/#website","url":"https:\/\/blogg.svenskakyrkan.se\/vandravagen\/","name":"Vandra V\u00e4gen","description":"-Mot en tro f\u00f6r hela livet","publisher":{"@id":"https:\/\/blogg.svenskakyrkan.se\/vandravagen\/#organization"},"potentialAction":[{"@type":"SearchAction","target":{"@type":"EntryPoint","urlTemplate":"https:\/\/blogg.svenskakyrkan.se\/vandravagen\/?s={search_term_string}"},"query-input":{"@type":"PropertyValueSpecification","valueRequired":true,"valueName":"search_term_string"}}],"inLanguage":"sv-SE"},{"@type":"Organization","@id":"https:\/\/blogg.svenskakyrkan.se\/vandravagen\/#organization","name":"ulricehamns pastorat","alternateName":"ulricehamns pastorat","url":"https:\/\/blogg.svenskakyrkan.se\/vandravagen\/","logo":{"@type":"ImageObject","inLanguage":"sv-SE","@id":"https:\/\/blogg.svenskakyrkan.se\/vandravagen\/#\/schema\/logo\/image\/","url":"https:\/\/blogg.svenskakyrkan.se\/vandravagen\/files\/2023\/05\/Ulr_logo_RGB.png","contentUrl":"https:\/\/blogg.svenskakyrkan.se\/vandravagen\/files\/2023\/05\/Ulr_logo_RGB.png","width":205,"height":77,"caption":"ulricehamns pastorat"},"image":{"@id":"https:\/\/blogg.svenskakyrkan.se\/vandravagen\/#\/schema\/logo\/image\/"},"sameAs":["http:\/\/facebook.com\/vandravagen","https:\/\/x.com\/fadertomas","http:\/\/www.facebook.com\/svenskakyrkaniulricehamn"]},{"@type":"Person","@id":"https:\/\/blogg.svenskakyrkan.se\/vandravagen\/#\/schema\/person\/25da02d4f76b137d04291711e2c9fc16","name":"Tomas Jarvid","image":{"@type":"ImageObject","inLanguage":"sv-SE","@id":"https:\/\/blogg.svenskakyrkan.se\/vandravagen\/#\/schema\/person\/image\/","url":"https:\/\/secure.gravatar.com\/avatar\/7fa71899795e8f540f615a1f5ab25255dc27aa40f05ee7ddd21aac521e01bf50?s=96&d=identicon&r=g","contentUrl":"https:\/\/secure.gravatar.com\/avatar\/7fa71899795e8f540f615a1f5ab25255dc27aa40f05ee7ddd21aac521e01bf50?s=96&d=identicon&r=g","caption":"Tomas Jarvid"},"description":"Jag bor i Ulricehamn i V\u00e4sterg\u00f6tland och \u00e4r f\u00f6rsamlingspr\u00e4st i Svenska Kyrkan f\u00f6r Dalstorps f\u00f6rsamling i Kinds pastorat. P\u00e5 den h\u00e4r bloggen skriver jag ner tankar om vandringen som kristen.","sameAs":["http:\/\/www.vandravagen.se"],"url":"https:\/\/blogg.svenskakyrkan.se\/vandravagen\/author\/vandravagen\/"}]}},"author_meta":{"ID":"392","user_nicename":"vandravagen","user_url":"http:\/\/www.vandravagen.se","user_registered":"2014-05-19 05:44:52","display_name":"Tomas Jarvid","first_name":"Tomas","last_name":"Jarvid","avatar":"https:\/\/secure.gravatar.com\/avatar\/7fa71899795e8f540f615a1f5ab25255dc27aa40f05ee7ddd21aac521e01bf50?s=96&d=identicon&r=g"},"featured_image":false,"bloginfo":{"name":"Vandra V\u00e4gen","url":"https:\/\/blogg.svenskakyrkan.se\/vandravagen"},"_links":{"self":[{"href":"https:\/\/blogg.svenskakyrkan.se\/vandravagen\/wp-json\/wp\/v2\/posts\/3523","targetHints":{"allow":["GET"]}}],"collection":[{"href":"https:\/\/blogg.svenskakyrkan.se\/vandravagen\/wp-json\/wp\/v2\/posts"}],"about":[{"href":"https:\/\/blogg.svenskakyrkan.se\/vandravagen\/wp-json\/wp\/v2\/types\/post"}],"author":[{"embeddable":true,"href":"https:\/\/blogg.svenskakyrkan.se\/vandravagen\/wp-json\/wp\/v2\/users\/392"}],"replies":[{"embeddable":true,"href":"https:\/\/blogg.svenskakyrkan.se\/vandravagen\/wp-json\/wp\/v2\/comments?post=3523"}],"version-history":[{"count":2,"href":"https:\/\/blogg.svenskakyrkan.se\/vandravagen\/wp-json\/wp\/v2\/posts\/3523\/revisions"}],"predecessor-version":[{"id":3529,"href":"https:\/\/blogg.svenskakyrkan.se\/vandravagen\/wp-json\/wp\/v2\/posts\/3523\/revisions\/3529"}],"wp:attachment":[{"href":"https:\/\/blogg.svenskakyrkan.se\/vandravagen\/wp-json\/wp\/v2\/media?parent=3523"}],"wp:term":[{"taxonomy":"category","embeddable":true,"href":"https:\/\/blogg.svenskakyrkan.se\/vandravagen\/wp-json\/wp\/v2\/categories?post=3523"},{"taxonomy":"post_tag","embeddable":true,"href":"https:\/\/blogg.svenskakyrkan.se\/vandravagen\/wp-json\/wp\/v2\/tags?post=3523"}],"curies":[{"name":"wp","href":"https:\/\/api.w.org\/{rel}","templated":true}]}}