{"id":353,"date":"2013-09-16T07:17:00","date_gmt":"2013-09-16T05:17:00","guid":{"rendered":"http:\/\/blogg.svenskakyrkan.se\/vandravagen\/2013\/09\/16\/dick-harrison-och-vastergotlands-storsta-kandis\/"},"modified":"2013-09-16T07:17:00","modified_gmt":"2013-09-16T05:17:00","slug":"dick-harrison-och-vastergotlands-storsta-kandis","status":"publish","type":"post","link":"https:\/\/blogg.svenskakyrkan.se\/vandravagen\/2013\/09\/16\/dick-harrison-och-vastergotlands-storsta-kandis\/","title":{"rendered":"Dick Harrison och v\u00e4sterg\u00f6tlands st\u00f6rsta k\u00e4ndis"},"content":{"rendered":"<table align=\"center\" cellpadding=\"0\" cellspacing=\"0\">\n<tbody>\n<tr>\n<td><a href=\"http:\/\/3.bp.blogspot.com\/-EhRf62WFkFQ\/UjFFc7EhU5I\/AAAAAAAAFP8\/JaE89v97PRY\/s1600\/Dick+Harrison.jpg\"><img loading=\"lazy\" decoding=\"async\" border=\"0\" height=\"426\" src=\"http:\/\/3.bp.blogspot.com\/-EhRf62WFkFQ\/UjFFc7EhU5I\/AAAAAAAAFP8\/JaE89v97PRY\/s640\/Dick+Harrison.jpg\" width=\"640\"><\/a><\/td>\n<\/tr>\n<tr>\n<td>Dick Harrison i G\u00f6tene f\u00f6rsamlingshem<\/td>\n<\/tr>\n<\/tbody>\n<\/table>\n<p>I regel \u00e4r jag inte bra p\u00e5 att skriva om s\u00e5nt som h\u00e4nt nyligen. Vandra V\u00e4gen \u00e4r en l\u00e5ngsam nyhetsbyr\u00e5 eftersom s\u00e5 mycket h\u00e4nger p\u00e5 n\u00e4r jag har en stund \u00f6ver att skriva p\u00e5. Sen vill man ju ocks\u00e5 g\u00f6ra r\u00e4ttvisa \u00e5t det man skriver om s\u00e5 d\u00e5 stiger l\u00e4tt ambitionsniv\u00e5n.<\/p>\n<p>N\u00e5ja. Dick Harrison har varit i G\u00f6tene f\u00f6rsamlingshem (och fyllt det med folk, fr\u00e5n b\u00f6rjan var tanken att det skulle vara i G\u00f6tene kyrka men den hade inte ens r\u00e4ckt till h\u00e4lften tror jag) och talat om Sankta Helena\/Elin. V\u00e5rt lokala helgon och finansi\u00e4r av G\u00f6tene kyrka.<\/p>\n<p>Dick \u00e5terkom till att v\u00e5ra historiekunskaper begr\u00e4nsas av hur vi helst ser p\u00e5 v\u00e5r v\u00e4rld. Sankta Helena var allt fr\u00e5n 1100-talet till 1500-talet v\u00e4stsveriges mest k\u00e4nda person. Det \u00e4r 400-500 \u00e5r! Sedan lyckades \u00e4rkebiskop Angermannus p\u00e5 under 1500-talets reformationsstrider utpl\u00e5na kulten och s\u00e5 sm\u00e5ningom minnet av Helena s\u00e5 att nu mycket f\u00e5 k\u00e4nner till henne. Angermannus letade upp reliker, fyllde igen k\u00e4llor och samlade ihop helgonbilder och gr\u00e4vde ner p\u00e5 ok\u00e4nd plats. Nu var det nya vindar och protestantismens gryning.<\/p>\n<p>Sedan talade Dick Harrison om sj\u00e4lva ber\u00e4ttelsen. Sj\u00e4lv trodde han att Helena var skyldig till att anstifta det mord som hon var anklagad f\u00f6r men att det \u00e5 andra sidan kanske inte var s\u00e5 klanderv\u00e4rt. Som han f\u00f6rstod det var Helena en slags sm\u00e5drottning \u00f6ver bygden och d\u00e4rf\u00f6r tvungen att agera som polismakt s\u00e5 att alla kunde k\u00e4nna sig trygga \u00e4ven i d\u00e5tidens samh\u00e4lle pr\u00e4glat av maktens r\u00e4tt. Att hon sedan blev helgonf\u00f6rklarad f\u00f6rklarade han med att hon varit en mecenat f\u00f6r kyrkan som led martyrd\u00f6den efter att syndfri ha \u00e5terv\u00e4nt fr\u00e5n sin pilgrimsf\u00e4rd till Jerusalem. Klart att hennes sl\u00e4kt utnyttjade det f\u00f6r att bygga sig ett socialt kapital!<\/p>\n<p>Hur det nu \u00e4n var med Helena s\u00e5 menar han ocks\u00e5 att ber\u00e4ttelsen om henne \u00f6ppnar ett sp\u00e4nnande f\u00f6nster till en annorlunda historieskrivning \u00e4n vi \u00e4r vana vid. Helena var en stark kvinna och en ledare i samh\u00e4llet under en mycket dynamisk tid i v\u00e5r lands\u00e4nda. P\u00e5 20-30 \u00e5r byggdes pl\u00f6tsligt m\u00e4ngder av dyra och v\u00e4lbyggda romanska stenkyrkor och den kristna tron konsoliderade sig i bygden.<\/p>\n<p>Enligt g\u00e4ngse uppfattning FANNS det inga starka och sj\u00e4lvst\u00e4ndiga kvinnor vid denna tid. Men uppenbarligen \u00e4r det en felaktig uppfattning som senare m\u00e4nniskor antagit utan sk\u00e4l. Dick hade m\u00e5nga andra exempel p\u00e5 liknande starka medeltida ledande kvinnor!<\/p>\n<p>F\u00f6r 900 \u00e5r sedan var gamla skaraborg ett maktcentrum i landet, nu \u00e4r det ett bakvatten. Hade det legat en stor stad eller ett universitet intill hade den medeltida historien h\u00e4r unders\u00f6kts arkeologiskt p\u00e5 ett helt annat s\u00e4tt, menade Dick Harrison. S\u00e5 \u00e4r det s\u00e4kert, hoppas att det kan bli \u00e4ndring p\u00e5 det! Nyckeln \u00e4r tydligen att skapa mer uppm\u00e4rksamhet kring Helena och g\u00f6ra henne k\u00e4nd igen i v\u00e5rt land. Denna bloggpost f\u00e5r vara \u00e4nnu ett \u00f6dmjukt bidrag till det arbetet.<\/p>\n","protected":false},"excerpt":{"rendered":"<p>Dick Harrison i G\u00f6tene f\u00f6rsamlingshem I regel \u00e4r jag inte bra p\u00e5 att skriva om s\u00e5nt som h\u00e4nt nyligen. Vandra V\u00e4gen \u00e4r en l\u00e5ngsam nyhetsbyr\u00e5 eftersom s\u00e5 mycket h\u00e4nger p\u00e5 n\u00e4r jag har en stund \u00f6ver att skriva p\u00e5. Sen vill man ju ocks\u00e5 g\u00f6ra r\u00e4ttvisa \u00e5t det man skriver om s\u00e5 d\u00e5 stiger l\u00e4tt [&hellip;]<\/p>\n","protected":false},"author":392,"featured_media":0,"comment_status":"open","ping_status":"open","sticky":false,"template":"","format":"standard","meta":{"_acf_changed":false,"footnotes":""},"categories":[19356,8337,35481],"tags":[],"class_list":["post-353","post","type-post","status-publish","format-standard","hentry","category-helgon","category-historia","category-sta-helena"],"acf":[],"yoast_head":"<!-- This site is optimized with the Yoast SEO plugin v27.1.1 - https:\/\/yoast.com\/product\/yoast-seo-wordpress\/ -->\n<title>Dick Harrison och v\u00e4sterg\u00f6tlands st\u00f6rsta k\u00e4ndis - Vandra V\u00e4gen<\/title>\n<meta name=\"robots\" content=\"index, follow, max-snippet:-1, max-image-preview:large, max-video-preview:-1\" \/>\n<link rel=\"canonical\" href=\"https:\/\/blogg.svenskakyrkan.se\/vandravagen\/2013\/09\/16\/dick-harrison-och-vastergotlands-storsta-kandis\/\" \/>\n<meta property=\"og:locale\" content=\"sv_SE\" \/>\n<meta property=\"og:type\" content=\"article\" \/>\n<meta property=\"og:title\" content=\"Dick Harrison och v\u00e4sterg\u00f6tlands st\u00f6rsta k\u00e4ndis - Vandra V\u00e4gen\" \/>\n<meta property=\"og:description\" content=\"Dick Harrison i G\u00f6tene f\u00f6rsamlingshem I regel \u00e4r jag inte bra p\u00e5 att skriva om s\u00e5nt som h\u00e4nt nyligen. Vandra V\u00e4gen \u00e4r en l\u00e5ngsam nyhetsbyr\u00e5 eftersom s\u00e5 mycket h\u00e4nger p\u00e5 n\u00e4r jag har en stund \u00f6ver att skriva p\u00e5. Sen vill man ju ocks\u00e5 g\u00f6ra r\u00e4ttvisa \u00e5t det man skriver om s\u00e5 d\u00e5 stiger l\u00e4tt [&hellip;]\" \/>\n<meta property=\"og:url\" content=\"https:\/\/blogg.svenskakyrkan.se\/vandravagen\/2013\/09\/16\/dick-harrison-och-vastergotlands-storsta-kandis\/\" \/>\n<meta property=\"og:site_name\" content=\"Vandra V\u00e4gen\" \/>\n<meta property=\"article:publisher\" content=\"http:\/\/facebook.com\/vandravagen\" \/>\n<meta property=\"article:published_time\" content=\"2013-09-16T05:17:00+00:00\" \/>\n<meta property=\"og:image\" content=\"http:\/\/3.bp.blogspot.com\/-EhRf62WFkFQ\/UjFFc7EhU5I\/AAAAAAAAFP8\/JaE89v97PRY\/s640\/Dick+Harrison.jpg\" \/>\n<meta name=\"author\" content=\"Tomas Jarvid\" \/>\n<meta name=\"twitter:card\" content=\"summary_large_image\" \/>\n<meta name=\"twitter:creator\" content=\"@fadertomas\" \/>\n<meta name=\"twitter:site\" content=\"@fadertomas\" \/>\n<meta name=\"twitter:label1\" content=\"Skriven av\" \/>\n\t<meta name=\"twitter:data1\" content=\"Tomas Jarvid\" \/>\n\t<meta name=\"twitter:label2\" content=\"Ber\u00e4knad l\u00e4stid\" \/>\n\t<meta name=\"twitter:data2\" content=\"3 minuter\" \/>\n<script type=\"application\/ld+json\" class=\"yoast-schema-graph\">{\"@context\":\"https:\/\/schema.org\",\"@graph\":[{\"@type\":\"Article\",\"@id\":\"https:\/\/blogg.svenskakyrkan.se\/vandravagen\/2013\/09\/16\/dick-harrison-och-vastergotlands-storsta-kandis\/#article\",\"isPartOf\":{\"@id\":\"https:\/\/blogg.svenskakyrkan.se\/vandravagen\/2013\/09\/16\/dick-harrison-och-vastergotlands-storsta-kandis\/\"},\"author\":{\"name\":\"Tomas Jarvid\",\"@id\":\"https:\/\/blogg.svenskakyrkan.se\/vandravagen\/#\/schema\/person\/25da02d4f76b137d04291711e2c9fc16\"},\"headline\":\"Dick Harrison och v\u00e4sterg\u00f6tlands st\u00f6rsta k\u00e4ndis\",\"datePublished\":\"2013-09-16T05:17:00+00:00\",\"mainEntityOfPage\":{\"@id\":\"https:\/\/blogg.svenskakyrkan.se\/vandravagen\/2013\/09\/16\/dick-harrison-och-vastergotlands-storsta-kandis\/\"},\"wordCount\":569,\"commentCount\":0,\"publisher\":{\"@id\":\"https:\/\/blogg.svenskakyrkan.se\/vandravagen\/#organization\"},\"image\":{\"@id\":\"https:\/\/blogg.svenskakyrkan.se\/vandravagen\/2013\/09\/16\/dick-harrison-och-vastergotlands-storsta-kandis\/#primaryimage\"},\"thumbnailUrl\":\"http:\/\/3.bp.blogspot.com\/-EhRf62WFkFQ\/UjFFc7EhU5I\/AAAAAAAAFP8\/JaE89v97PRY\/s640\/Dick+Harrison.jpg\",\"articleSection\":[\"helgon\",\"historia\",\"sta Helena\"],\"inLanguage\":\"sv-SE\",\"potentialAction\":[{\"@type\":\"CommentAction\",\"name\":\"Comment\",\"target\":[\"https:\/\/blogg.svenskakyrkan.se\/vandravagen\/2013\/09\/16\/dick-harrison-och-vastergotlands-storsta-kandis\/#respond\"]}]},{\"@type\":\"WebPage\",\"@id\":\"https:\/\/blogg.svenskakyrkan.se\/vandravagen\/2013\/09\/16\/dick-harrison-och-vastergotlands-storsta-kandis\/\",\"url\":\"https:\/\/blogg.svenskakyrkan.se\/vandravagen\/2013\/09\/16\/dick-harrison-och-vastergotlands-storsta-kandis\/\",\"name\":\"Dick Harrison och v\u00e4sterg\u00f6tlands st\u00f6rsta k\u00e4ndis - Vandra V\u00e4gen\",\"isPartOf\":{\"@id\":\"https:\/\/blogg.svenskakyrkan.se\/vandravagen\/#website\"},\"primaryImageOfPage\":{\"@id\":\"https:\/\/blogg.svenskakyrkan.se\/vandravagen\/2013\/09\/16\/dick-harrison-och-vastergotlands-storsta-kandis\/#primaryimage\"},\"image\":{\"@id\":\"https:\/\/blogg.svenskakyrkan.se\/vandravagen\/2013\/09\/16\/dick-harrison-och-vastergotlands-storsta-kandis\/#primaryimage\"},\"thumbnailUrl\":\"http:\/\/3.bp.blogspot.com\/-EhRf62WFkFQ\/UjFFc7EhU5I\/AAAAAAAAFP8\/JaE89v97PRY\/s640\/Dick+Harrison.jpg\",\"datePublished\":\"2013-09-16T05:17:00+00:00\",\"breadcrumb\":{\"@id\":\"https:\/\/blogg.svenskakyrkan.se\/vandravagen\/2013\/09\/16\/dick-harrison-och-vastergotlands-storsta-kandis\/#breadcrumb\"},\"inLanguage\":\"sv-SE\",\"potentialAction\":[{\"@type\":\"ReadAction\",\"target\":[\"https:\/\/blogg.svenskakyrkan.se\/vandravagen\/2013\/09\/16\/dick-harrison-och-vastergotlands-storsta-kandis\/\"]}]},{\"@type\":\"ImageObject\",\"inLanguage\":\"sv-SE\",\"@id\":\"https:\/\/blogg.svenskakyrkan.se\/vandravagen\/2013\/09\/16\/dick-harrison-och-vastergotlands-storsta-kandis\/#primaryimage\",\"url\":\"http:\/\/3.bp.blogspot.com\/-EhRf62WFkFQ\/UjFFc7EhU5I\/AAAAAAAAFP8\/JaE89v97PRY\/s640\/Dick+Harrison.jpg\",\"contentUrl\":\"http:\/\/3.bp.blogspot.com\/-EhRf62WFkFQ\/UjFFc7EhU5I\/AAAAAAAAFP8\/JaE89v97PRY\/s640\/Dick+Harrison.jpg\"},{\"@type\":\"BreadcrumbList\",\"@id\":\"https:\/\/blogg.svenskakyrkan.se\/vandravagen\/2013\/09\/16\/dick-harrison-och-vastergotlands-storsta-kandis\/#breadcrumb\",\"itemListElement\":[{\"@type\":\"ListItem\",\"position\":1,\"name\":\"Hem\",\"item\":\"https:\/\/blogg.svenskakyrkan.se\/vandravagen\/\"},{\"@type\":\"ListItem\",\"position\":2,\"name\":\"Dick Harrison och v\u00e4sterg\u00f6tlands st\u00f6rsta k\u00e4ndis\"}]},{\"@type\":\"WebSite\",\"@id\":\"https:\/\/blogg.svenskakyrkan.se\/vandravagen\/#website\",\"url\":\"https:\/\/blogg.svenskakyrkan.se\/vandravagen\/\",\"name\":\"Vandra V\u00e4gen\",\"description\":\"-Mot en tro f\u00f6r hela livet\",\"publisher\":{\"@id\":\"https:\/\/blogg.svenskakyrkan.se\/vandravagen\/#organization\"},\"potentialAction\":[{\"@type\":\"SearchAction\",\"target\":{\"@type\":\"EntryPoint\",\"urlTemplate\":\"https:\/\/blogg.svenskakyrkan.se\/vandravagen\/?s={search_term_string}\"},\"query-input\":{\"@type\":\"PropertyValueSpecification\",\"valueRequired\":true,\"valueName\":\"search_term_string\"}}],\"inLanguage\":\"sv-SE\"},{\"@type\":\"Organization\",\"@id\":\"https:\/\/blogg.svenskakyrkan.se\/vandravagen\/#organization\",\"name\":\"ulricehamns pastorat\",\"alternateName\":\"ulricehamns pastorat\",\"url\":\"https:\/\/blogg.svenskakyrkan.se\/vandravagen\/\",\"logo\":{\"@type\":\"ImageObject\",\"inLanguage\":\"sv-SE\",\"@id\":\"https:\/\/blogg.svenskakyrkan.se\/vandravagen\/#\/schema\/logo\/image\/\",\"url\":\"https:\/\/blogg.svenskakyrkan.se\/vandravagen\/files\/2023\/05\/Ulr_logo_RGB.png\",\"contentUrl\":\"https:\/\/blogg.svenskakyrkan.se\/vandravagen\/files\/2023\/05\/Ulr_logo_RGB.png\",\"width\":205,\"height\":77,\"caption\":\"ulricehamns pastorat\"},\"image\":{\"@id\":\"https:\/\/blogg.svenskakyrkan.se\/vandravagen\/#\/schema\/logo\/image\/\"},\"sameAs\":[\"http:\/\/facebook.com\/vandravagen\",\"https:\/\/x.com\/fadertomas\",\"http:\/\/www.facebook.com\/svenskakyrkaniulricehamn\"]},{\"@type\":\"Person\",\"@id\":\"https:\/\/blogg.svenskakyrkan.se\/vandravagen\/#\/schema\/person\/25da02d4f76b137d04291711e2c9fc16\",\"name\":\"Tomas Jarvid\",\"image\":{\"@type\":\"ImageObject\",\"inLanguage\":\"sv-SE\",\"@id\":\"https:\/\/blogg.svenskakyrkan.se\/vandravagen\/#\/schema\/person\/image\/\",\"url\":\"https:\/\/secure.gravatar.com\/avatar\/7fa71899795e8f540f615a1f5ab25255dc27aa40f05ee7ddd21aac521e01bf50?s=96&d=identicon&r=g\",\"contentUrl\":\"https:\/\/secure.gravatar.com\/avatar\/7fa71899795e8f540f615a1f5ab25255dc27aa40f05ee7ddd21aac521e01bf50?s=96&d=identicon&r=g\",\"caption\":\"Tomas Jarvid\"},\"description\":\"Jag bor i Ulricehamn i V\u00e4sterg\u00f6tland och \u00e4r f\u00f6rsamlingspr\u00e4st i Svenska Kyrkan f\u00f6r Dalstorps f\u00f6rsamling i Kinds pastorat. P\u00e5 den h\u00e4r bloggen skriver jag ner tankar om vandringen som kristen.\",\"sameAs\":[\"http:\/\/www.vandravagen.se\"],\"url\":\"https:\/\/blogg.svenskakyrkan.se\/vandravagen\/author\/vandravagen\/\"}]}<\/script>\n<!-- \/ Yoast SEO plugin. -->","yoast_head_json":{"title":"Dick Harrison och v\u00e4sterg\u00f6tlands st\u00f6rsta k\u00e4ndis - Vandra V\u00e4gen","robots":{"index":"index","follow":"follow","max-snippet":"max-snippet:-1","max-image-preview":"max-image-preview:large","max-video-preview":"max-video-preview:-1"},"canonical":"https:\/\/blogg.svenskakyrkan.se\/vandravagen\/2013\/09\/16\/dick-harrison-och-vastergotlands-storsta-kandis\/","og_locale":"sv_SE","og_type":"article","og_title":"Dick Harrison och v\u00e4sterg\u00f6tlands st\u00f6rsta k\u00e4ndis - Vandra V\u00e4gen","og_description":"Dick Harrison i G\u00f6tene f\u00f6rsamlingshem I regel \u00e4r jag inte bra p\u00e5 att skriva om s\u00e5nt som h\u00e4nt nyligen. Vandra V\u00e4gen \u00e4r en l\u00e5ngsam nyhetsbyr\u00e5 eftersom s\u00e5 mycket h\u00e4nger p\u00e5 n\u00e4r jag har en stund \u00f6ver att skriva p\u00e5. Sen vill man ju ocks\u00e5 g\u00f6ra r\u00e4ttvisa \u00e5t det man skriver om s\u00e5 d\u00e5 stiger l\u00e4tt [&hellip;]","og_url":"https:\/\/blogg.svenskakyrkan.se\/vandravagen\/2013\/09\/16\/dick-harrison-och-vastergotlands-storsta-kandis\/","og_site_name":"Vandra V\u00e4gen","article_publisher":"http:\/\/facebook.com\/vandravagen","article_published_time":"2013-09-16T05:17:00+00:00","og_image":[{"url":"http:\/\/3.bp.blogspot.com\/-EhRf62WFkFQ\/UjFFc7EhU5I\/AAAAAAAAFP8\/JaE89v97PRY\/s640\/Dick+Harrison.jpg","type":"","width":"","height":""}],"author":"Tomas Jarvid","twitter_card":"summary_large_image","twitter_creator":"@fadertomas","twitter_site":"@fadertomas","twitter_misc":{"Skriven av":"Tomas Jarvid","Ber\u00e4knad l\u00e4stid":"3 minuter"},"schema":{"@context":"https:\/\/schema.org","@graph":[{"@type":"Article","@id":"https:\/\/blogg.svenskakyrkan.se\/vandravagen\/2013\/09\/16\/dick-harrison-och-vastergotlands-storsta-kandis\/#article","isPartOf":{"@id":"https:\/\/blogg.svenskakyrkan.se\/vandravagen\/2013\/09\/16\/dick-harrison-och-vastergotlands-storsta-kandis\/"},"author":{"name":"Tomas Jarvid","@id":"https:\/\/blogg.svenskakyrkan.se\/vandravagen\/#\/schema\/person\/25da02d4f76b137d04291711e2c9fc16"},"headline":"Dick Harrison och v\u00e4sterg\u00f6tlands st\u00f6rsta k\u00e4ndis","datePublished":"2013-09-16T05:17:00+00:00","mainEntityOfPage":{"@id":"https:\/\/blogg.svenskakyrkan.se\/vandravagen\/2013\/09\/16\/dick-harrison-och-vastergotlands-storsta-kandis\/"},"wordCount":569,"commentCount":0,"publisher":{"@id":"https:\/\/blogg.svenskakyrkan.se\/vandravagen\/#organization"},"image":{"@id":"https:\/\/blogg.svenskakyrkan.se\/vandravagen\/2013\/09\/16\/dick-harrison-och-vastergotlands-storsta-kandis\/#primaryimage"},"thumbnailUrl":"http:\/\/3.bp.blogspot.com\/-EhRf62WFkFQ\/UjFFc7EhU5I\/AAAAAAAAFP8\/JaE89v97PRY\/s640\/Dick+Harrison.jpg","articleSection":["helgon","historia","sta Helena"],"inLanguage":"sv-SE","potentialAction":[{"@type":"CommentAction","name":"Comment","target":["https:\/\/blogg.svenskakyrkan.se\/vandravagen\/2013\/09\/16\/dick-harrison-och-vastergotlands-storsta-kandis\/#respond"]}]},{"@type":"WebPage","@id":"https:\/\/blogg.svenskakyrkan.se\/vandravagen\/2013\/09\/16\/dick-harrison-och-vastergotlands-storsta-kandis\/","url":"https:\/\/blogg.svenskakyrkan.se\/vandravagen\/2013\/09\/16\/dick-harrison-och-vastergotlands-storsta-kandis\/","name":"Dick Harrison och v\u00e4sterg\u00f6tlands st\u00f6rsta k\u00e4ndis - Vandra V\u00e4gen","isPartOf":{"@id":"https:\/\/blogg.svenskakyrkan.se\/vandravagen\/#website"},"primaryImageOfPage":{"@id":"https:\/\/blogg.svenskakyrkan.se\/vandravagen\/2013\/09\/16\/dick-harrison-och-vastergotlands-storsta-kandis\/#primaryimage"},"image":{"@id":"https:\/\/blogg.svenskakyrkan.se\/vandravagen\/2013\/09\/16\/dick-harrison-och-vastergotlands-storsta-kandis\/#primaryimage"},"thumbnailUrl":"http:\/\/3.bp.blogspot.com\/-EhRf62WFkFQ\/UjFFc7EhU5I\/AAAAAAAAFP8\/JaE89v97PRY\/s640\/Dick+Harrison.jpg","datePublished":"2013-09-16T05:17:00+00:00","breadcrumb":{"@id":"https:\/\/blogg.svenskakyrkan.se\/vandravagen\/2013\/09\/16\/dick-harrison-och-vastergotlands-storsta-kandis\/#breadcrumb"},"inLanguage":"sv-SE","potentialAction":[{"@type":"ReadAction","target":["https:\/\/blogg.svenskakyrkan.se\/vandravagen\/2013\/09\/16\/dick-harrison-och-vastergotlands-storsta-kandis\/"]}]},{"@type":"ImageObject","inLanguage":"sv-SE","@id":"https:\/\/blogg.svenskakyrkan.se\/vandravagen\/2013\/09\/16\/dick-harrison-och-vastergotlands-storsta-kandis\/#primaryimage","url":"http:\/\/3.bp.blogspot.com\/-EhRf62WFkFQ\/UjFFc7EhU5I\/AAAAAAAAFP8\/JaE89v97PRY\/s640\/Dick+Harrison.jpg","contentUrl":"http:\/\/3.bp.blogspot.com\/-EhRf62WFkFQ\/UjFFc7EhU5I\/AAAAAAAAFP8\/JaE89v97PRY\/s640\/Dick+Harrison.jpg"},{"@type":"BreadcrumbList","@id":"https:\/\/blogg.svenskakyrkan.se\/vandravagen\/2013\/09\/16\/dick-harrison-och-vastergotlands-storsta-kandis\/#breadcrumb","itemListElement":[{"@type":"ListItem","position":1,"name":"Hem","item":"https:\/\/blogg.svenskakyrkan.se\/vandravagen\/"},{"@type":"ListItem","position":2,"name":"Dick Harrison och v\u00e4sterg\u00f6tlands st\u00f6rsta k\u00e4ndis"}]},{"@type":"WebSite","@id":"https:\/\/blogg.svenskakyrkan.se\/vandravagen\/#website","url":"https:\/\/blogg.svenskakyrkan.se\/vandravagen\/","name":"Vandra V\u00e4gen","description":"-Mot en tro f\u00f6r hela livet","publisher":{"@id":"https:\/\/blogg.svenskakyrkan.se\/vandravagen\/#organization"},"potentialAction":[{"@type":"SearchAction","target":{"@type":"EntryPoint","urlTemplate":"https:\/\/blogg.svenskakyrkan.se\/vandravagen\/?s={search_term_string}"},"query-input":{"@type":"PropertyValueSpecification","valueRequired":true,"valueName":"search_term_string"}}],"inLanguage":"sv-SE"},{"@type":"Organization","@id":"https:\/\/blogg.svenskakyrkan.se\/vandravagen\/#organization","name":"ulricehamns pastorat","alternateName":"ulricehamns pastorat","url":"https:\/\/blogg.svenskakyrkan.se\/vandravagen\/","logo":{"@type":"ImageObject","inLanguage":"sv-SE","@id":"https:\/\/blogg.svenskakyrkan.se\/vandravagen\/#\/schema\/logo\/image\/","url":"https:\/\/blogg.svenskakyrkan.se\/vandravagen\/files\/2023\/05\/Ulr_logo_RGB.png","contentUrl":"https:\/\/blogg.svenskakyrkan.se\/vandravagen\/files\/2023\/05\/Ulr_logo_RGB.png","width":205,"height":77,"caption":"ulricehamns pastorat"},"image":{"@id":"https:\/\/blogg.svenskakyrkan.se\/vandravagen\/#\/schema\/logo\/image\/"},"sameAs":["http:\/\/facebook.com\/vandravagen","https:\/\/x.com\/fadertomas","http:\/\/www.facebook.com\/svenskakyrkaniulricehamn"]},{"@type":"Person","@id":"https:\/\/blogg.svenskakyrkan.se\/vandravagen\/#\/schema\/person\/25da02d4f76b137d04291711e2c9fc16","name":"Tomas Jarvid","image":{"@type":"ImageObject","inLanguage":"sv-SE","@id":"https:\/\/blogg.svenskakyrkan.se\/vandravagen\/#\/schema\/person\/image\/","url":"https:\/\/secure.gravatar.com\/avatar\/7fa71899795e8f540f615a1f5ab25255dc27aa40f05ee7ddd21aac521e01bf50?s=96&d=identicon&r=g","contentUrl":"https:\/\/secure.gravatar.com\/avatar\/7fa71899795e8f540f615a1f5ab25255dc27aa40f05ee7ddd21aac521e01bf50?s=96&d=identicon&r=g","caption":"Tomas Jarvid"},"description":"Jag bor i Ulricehamn i V\u00e4sterg\u00f6tland och \u00e4r f\u00f6rsamlingspr\u00e4st i Svenska Kyrkan f\u00f6r Dalstorps f\u00f6rsamling i Kinds pastorat. P\u00e5 den h\u00e4r bloggen skriver jag ner tankar om vandringen som kristen.","sameAs":["http:\/\/www.vandravagen.se"],"url":"https:\/\/blogg.svenskakyrkan.se\/vandravagen\/author\/vandravagen\/"}]}},"author_meta":{"ID":"392","user_nicename":"vandravagen","user_url":"http:\/\/www.vandravagen.se","user_registered":"2014-05-19 05:44:52","display_name":"Tomas Jarvid","first_name":"Tomas","last_name":"Jarvid","avatar":"https:\/\/secure.gravatar.com\/avatar\/7fa71899795e8f540f615a1f5ab25255dc27aa40f05ee7ddd21aac521e01bf50?s=96&d=identicon&r=g"},"featured_image":false,"bloginfo":{"name":"Vandra V\u00e4gen","url":"https:\/\/blogg.svenskakyrkan.se\/vandravagen"},"_links":{"self":[{"href":"https:\/\/blogg.svenskakyrkan.se\/vandravagen\/wp-json\/wp\/v2\/posts\/353","targetHints":{"allow":["GET"]}}],"collection":[{"href":"https:\/\/blogg.svenskakyrkan.se\/vandravagen\/wp-json\/wp\/v2\/posts"}],"about":[{"href":"https:\/\/blogg.svenskakyrkan.se\/vandravagen\/wp-json\/wp\/v2\/types\/post"}],"author":[{"embeddable":true,"href":"https:\/\/blogg.svenskakyrkan.se\/vandravagen\/wp-json\/wp\/v2\/users\/392"}],"replies":[{"embeddable":true,"href":"https:\/\/blogg.svenskakyrkan.se\/vandravagen\/wp-json\/wp\/v2\/comments?post=353"}],"version-history":[{"count":0,"href":"https:\/\/blogg.svenskakyrkan.se\/vandravagen\/wp-json\/wp\/v2\/posts\/353\/revisions"}],"wp:attachment":[{"href":"https:\/\/blogg.svenskakyrkan.se\/vandravagen\/wp-json\/wp\/v2\/media?parent=353"}],"wp:term":[{"taxonomy":"category","embeddable":true,"href":"https:\/\/blogg.svenskakyrkan.se\/vandravagen\/wp-json\/wp\/v2\/categories?post=353"},{"taxonomy":"post_tag","embeddable":true,"href":"https:\/\/blogg.svenskakyrkan.se\/vandravagen\/wp-json\/wp\/v2\/tags?post=353"}],"curies":[{"name":"wp","href":"https:\/\/api.w.org\/{rel}","templated":true}]}}