{"id":3530,"date":"2015-08-31T07:00:21","date_gmt":"2015-08-31T05:00:21","guid":{"rendered":"http:\/\/blogg.svenskakyrkan.se\/vandravagen\/?p=3530"},"modified":"2015-08-30T22:26:57","modified_gmt":"2015-08-30T20:26:57","slug":"pilgrimens-sju-norska-nyckelord","status":"publish","type":"post","link":"https:\/\/blogg.svenskakyrkan.se\/vandravagen\/2015\/08\/31\/pilgrimens-sju-norska-nyckelord\/","title":{"rendered":"Pilgrimens sju norska nyckelord"},"content":{"rendered":"<p>&nbsp;<\/p>\n<div id=\"attachment_3533\" style=\"width: 594px\" class=\"wp-caption aligncenter\"><a href=\"http:\/\/blogg.svenskakyrkan.se\/vandravagen\/files\/2015\/08\/Stiklestad.jpeg\"><img loading=\"lazy\" decoding=\"async\" aria-describedby=\"caption-attachment-3533\" class=\"size-large wp-image-3533\" src=\"http:\/\/blogg.svenskakyrkan.se\/vandravagen\/files\/2015\/08\/Stiklestad-1024x677.jpeg\" alt=\"Olof den heliges d\u00f6d vid Stiklestad. Pilgrimsord inspirerade av honom blir nog r\u00e4tt... d\u00e5dkraftiga.\" width=\"584\" height=\"386\" srcset=\"https:\/\/blogg.svenskakyrkan.se\/vandravagen\/files\/2015\/08\/Stiklestad-1024x677.jpeg 1024w, https:\/\/blogg.svenskakyrkan.se\/vandravagen\/files\/2015\/08\/Stiklestad-300x198.jpeg 300w, https:\/\/blogg.svenskakyrkan.se\/vandravagen\/files\/2015\/08\/Stiklestad-454x300.jpeg 454w, https:\/\/blogg.svenskakyrkan.se\/vandravagen\/files\/2015\/08\/Stiklestad.jpeg 1677w\" sizes=\"auto, (max-width: 584px) 100vw, 584px\" \/><\/a><p id=\"caption-attachment-3533\" class=\"wp-caption-text\">Olof den heliges d\u00f6d vid Stiklestad. Pilgrimsord inspirerade av honom blir nog r\u00e4tt&#8230; d\u00e5dkraftiga.<\/p><\/div>\n<p>Vandra V\u00e4gen <a href=\"http:\/\/blogg.svenskakyrkan.se\/vandravagen\/2015\/02\/05\/en-riktig-pilgrimsblogg\/\">\u00e4r ju en pilgrimsblogg<\/a>\u00a0\u00e4ven om det kanske inte alltid \u00e4r helt uppenbart. Den som pilgrimsvandrat i Sverige har f\u00f6rmodligen kommit i kontakt med &#8221;pilgrimens sju nyckelord&#8221;. Det \u00e4r nu inte dem jag t\u00e4nkte skriva om. I tv\u00e5 bloggposter t\u00e4nkte jag skriva om <strong>helt andra ord<\/strong> som passar f\u00f6r pilgrimen. Nyckelorden \u00e4r ju, hur v\u00e4l valda de \u00e4n \u00e4r, en enda mans verk -pilgrimsnestorn Hans-Erik Lindstr\u00f6m &#8211; och pilgrimsperspektiven \u00e4r m\u00e5nga. I denna f\u00f6rsta bloggpost vill jag skriva om sju andra nyckelord f\u00f6r pilgrimen som formulerats i Trondheim och mer utg\u00e5r fr\u00e5n Norges kungahelgon st Olav: Jag kommenterar dem h\u00e4r lite fritt ur hj\u00e4rtat. L\u00e4ge att anv\u00e4nda de h\u00e4r p\u00e5 n\u00e4sta pilgrimsf\u00e4rd?<\/p>\n<p><strong>De sju \u00e4r:<\/strong><\/p>\n<p><strong>Kraftfullhet<\/strong> -I kyrkans sammanhang talar vi ofta om det som \u00e4r sv\u00e5rt eller v\u00e5ra brister. Nu <a href=\"http:\/\/blogg.svenskakyrkan.se\/vandravagen\/2014\/08\/27\/mod-att-vara-sarbar\/\">\u00e4r ju inte s\u00e5rbarhet detsamma som svaghet <\/a>men det \u00e4r \u00e4nd\u00e5 intressant att t\u00e4nka att vi kanske skulle prata mer om v\u00e5ra styrkor. Det vi kan, det vi klarar. Vad h\u00e4nder med oss d\u00e5?<\/p>\n<p><strong>Beslutsamhet<\/strong> -Beslutsamhet har mycket med vilja att g\u00f6ra. Att best\u00e4mma vad man vill och h\u00e5lla fast vid det.<\/p>\n<p><strong>Livsmod<\/strong> &#8211; Jag har <a href=\"http:\/\/blogg.svenskakyrkan.se\/vandravagen\/2014\/03\/01\/om-livsmod\/\">skrivit om livsmod h\u00e4r tidigare<\/a>. Det ligger egentligen tron v\u00e4ldigt n\u00e4ra \u00e4ven om det inte har s\u00e5 direkta kopplingar till trons inneh\u00e5ll. Hur st\u00e4rker vi v\u00e5rt livsmod? Vad f\u00e5r oss att misstr\u00f6sta?<\/p>\n<p><strong>Tj\u00e4nst<\/strong> -Hur kan jag tj\u00e4na andra s\u00e5 att det blir n\u00e5got jag sj\u00e4lv valt? Vad tycker jag \u00e4r roligt? Viktigt? Vad finns det som m\u00e5ste g\u00f6ras? Vad f\u00f6r slags uppgifter t\u00e4nker jag h\u00f6r ihop med det kristna livet? Varf\u00f6r just dem?<\/p>\n<p><strong>Lyh\u00f6rdhet<\/strong> -Lyh\u00f6rdhet kan vi ha b\u00e5de f\u00f6r oss sj\u00e4lva och andra. I vilka sammanhang vill vi h\u00f6ra och n\u00e4r vill vi helst st\u00e4nga \u00f6ronen? Ser vi det som en mots\u00e4ttning att lyssna till egna och andras <a href=\"http:\/\/blogg.svenskakyrkan.se\/vandravagen\/2015\/07\/18\/behov-och-begar\/\">behov<\/a>?<\/p>\n<p><strong>F\u00f6rsoning<\/strong> -Borde vara det vi \u00e4r b\u00e4st p\u00e5 som kristna. H\u00e4r kan man fundera mycket p\u00e5 <a href=\"http:\/\/blogg.svenskakyrkan.se\/vandravagen\/2014\/07\/24\/karlekens-initiativ\/\">k\u00e4rlekens initiativ<\/a>, att ge plats f\u00f6r n\u00e5d och f\u00f6rl\u00e5telse utan att sopa sanningen och det som skett under mattan.<\/p>\n<p><strong>Heligg\u00f6relse<\/strong>\u00a0-Ett verkligt klassiskt begrepp f\u00f6r v\u00e5r v\u00e4g fram\u00e5t som m\u00e4nniskor \u00e4r att vi ska v\u00e4xa i helighet. P\u00e5 psykologspr\u00e5k kunde man s\u00e4ga att vi beh\u00f6ver integrera v\u00e5r personlighet s\u00e5 att den blir alltmer sammanh\u00e4ngande, man skulle ocks\u00e5 kunna t\u00e4nka p\u00e5 de omr\u00e5den i v\u00e5ra liv som beh\u00f6ver helande (<a href=\"http:\/\/blogg.svenskakyrkan.se\/vandravagen\/2012\/09\/28\/larsake-w-persson-hur-hel-kan-man-bli\/\">eller helna som Lars-\u00c5ke W Persson s\u00e4ger<\/a>). Det kan handla om <a href=\"http:\/\/blogg.svenskakyrkan.se\/vandravagen\/2014\/12\/22\/skapelseteologi-i-mordor\/\">hela skapelsens uppr\u00e4ttelse<\/a> eller som man kanske oftast menar i kyrkan &#8211;<a href=\"http:\/\/blogg.svenskakyrkan.se\/vandravagen\/2015\/01\/02\/bon-som-hemspraksundervisning\/\">det d\u00e4r att vi b\u00e5de f\u00f6rblir syndare hela livet och v\u00e4xer i v\u00e5r tro<\/a>. Ett gigantiskt omr\u00e5de detta.<\/p>\n<p>(Tack till<a href=\"http:\/\/pilgrimslivet.libris.se\/\"> bloggen pilgrimslivet<\/a> d\u00e4r jag hittat sammanst\u00e4llningen)<\/p>\n<p>Vad s\u00e4ger du om dessa norska nyckelord? Tilltalar de dig? Skriv en kommentar! Jag \u00e5terkommer med ytterligare sju &#8221;ledord&#8221; inom kort.<\/p>\n","protected":false},"excerpt":{"rendered":"<p>&nbsp; Vandra V\u00e4gen \u00e4r ju en pilgrimsblogg\u00a0\u00e4ven om det kanske inte alltid \u00e4r helt uppenbart. Den som pilgrimsvandrat i Sverige har f\u00f6rmodligen kommit i kontakt med &#8221;pilgrimens sju nyckelord&#8221;. Det \u00e4r nu inte dem jag t\u00e4nkte skriva om. I tv\u00e5 bloggposter t\u00e4nkte jag skriva om helt andra ord som passar f\u00f6r pilgrimen. Nyckelorden \u00e4r ju, [&hellip;]<\/p>\n","protected":false},"author":392,"featured_media":0,"comment_status":"open","ping_status":"open","sticky":false,"template":"","format":"standard","meta":{"_acf_changed":false,"footnotes":""},"categories":[76189,8331,117],"tags":[],"class_list":["post-3530","post","type-post","status-publish","format-standard","hentry","category-dagens-kyrka","category-pilgrim","category-teologi"],"acf":[],"yoast_head":"<!-- This site is optimized with the Yoast SEO plugin v27.1.1 - https:\/\/yoast.com\/product\/yoast-seo-wordpress\/ -->\n<title>Pilgrimens sju norska nyckelord - Vandra V\u00e4gen<\/title>\n<meta name=\"robots\" content=\"index, follow, max-snippet:-1, max-image-preview:large, max-video-preview:-1\" \/>\n<link rel=\"canonical\" href=\"https:\/\/blogg.svenskakyrkan.se\/vandravagen\/2015\/08\/31\/pilgrimens-sju-norska-nyckelord\/\" \/>\n<meta property=\"og:locale\" content=\"sv_SE\" \/>\n<meta property=\"og:type\" content=\"article\" \/>\n<meta property=\"og:title\" content=\"Pilgrimens sju norska nyckelord - Vandra V\u00e4gen\" \/>\n<meta property=\"og:description\" content=\"&nbsp; Vandra V\u00e4gen \u00e4r ju en pilgrimsblogg\u00a0\u00e4ven om det kanske inte alltid \u00e4r helt uppenbart. Den som pilgrimsvandrat i Sverige har f\u00f6rmodligen kommit i kontakt med &#8221;pilgrimens sju nyckelord&#8221;. Det \u00e4r nu inte dem jag t\u00e4nkte skriva om. I tv\u00e5 bloggposter t\u00e4nkte jag skriva om helt andra ord som passar f\u00f6r pilgrimen. Nyckelorden \u00e4r ju, [&hellip;]\" \/>\n<meta property=\"og:url\" content=\"https:\/\/blogg.svenskakyrkan.se\/vandravagen\/2015\/08\/31\/pilgrimens-sju-norska-nyckelord\/\" \/>\n<meta property=\"og:site_name\" content=\"Vandra V\u00e4gen\" \/>\n<meta property=\"article:publisher\" content=\"http:\/\/facebook.com\/vandravagen\" \/>\n<meta property=\"article:published_time\" content=\"2015-08-31T05:00:21+00:00\" \/>\n<meta property=\"og:image\" content=\"http:\/\/blogg.svenskakyrkan.se\/vandravagen\/files\/2015\/08\/Stiklestad-1024x677.jpeg\" \/>\n<meta name=\"author\" content=\"Tomas Jarvid\" \/>\n<meta name=\"twitter:card\" content=\"summary_large_image\" \/>\n<meta name=\"twitter:creator\" content=\"@fadertomas\" \/>\n<meta name=\"twitter:site\" content=\"@fadertomas\" \/>\n<meta name=\"twitter:label1\" content=\"Skriven av\" \/>\n\t<meta name=\"twitter:data1\" content=\"Tomas Jarvid\" \/>\n\t<meta name=\"twitter:label2\" content=\"Ber\u00e4knad l\u00e4stid\" \/>\n\t<meta name=\"twitter:data2\" content=\"3 minuter\" \/>\n<script type=\"application\/ld+json\" class=\"yoast-schema-graph\">{\"@context\":\"https:\/\/schema.org\",\"@graph\":[{\"@type\":\"Article\",\"@id\":\"https:\/\/blogg.svenskakyrkan.se\/vandravagen\/2015\/08\/31\/pilgrimens-sju-norska-nyckelord\/#article\",\"isPartOf\":{\"@id\":\"https:\/\/blogg.svenskakyrkan.se\/vandravagen\/2015\/08\/31\/pilgrimens-sju-norska-nyckelord\/\"},\"author\":{\"name\":\"Tomas Jarvid\",\"@id\":\"https:\/\/blogg.svenskakyrkan.se\/vandravagen\/#\/schema\/person\/25da02d4f76b137d04291711e2c9fc16\"},\"headline\":\"Pilgrimens sju norska nyckelord\",\"datePublished\":\"2015-08-31T05:00:21+00:00\",\"mainEntityOfPage\":{\"@id\":\"https:\/\/blogg.svenskakyrkan.se\/vandravagen\/2015\/08\/31\/pilgrimens-sju-norska-nyckelord\/\"},\"wordCount\":572,\"commentCount\":4,\"publisher\":{\"@id\":\"https:\/\/blogg.svenskakyrkan.se\/vandravagen\/#organization\"},\"image\":{\"@id\":\"https:\/\/blogg.svenskakyrkan.se\/vandravagen\/2015\/08\/31\/pilgrimens-sju-norska-nyckelord\/#primaryimage\"},\"thumbnailUrl\":\"http:\/\/blogg.svenskakyrkan.se\/vandravagen\/files\/2015\/08\/Stiklestad-1024x677.jpeg\",\"articleSection\":[\"Dagens Kyrka\",\"pilgrim\",\"Teologi\"],\"inLanguage\":\"sv-SE\",\"potentialAction\":[{\"@type\":\"CommentAction\",\"name\":\"Comment\",\"target\":[\"https:\/\/blogg.svenskakyrkan.se\/vandravagen\/2015\/08\/31\/pilgrimens-sju-norska-nyckelord\/#respond\"]}]},{\"@type\":\"WebPage\",\"@id\":\"https:\/\/blogg.svenskakyrkan.se\/vandravagen\/2015\/08\/31\/pilgrimens-sju-norska-nyckelord\/\",\"url\":\"https:\/\/blogg.svenskakyrkan.se\/vandravagen\/2015\/08\/31\/pilgrimens-sju-norska-nyckelord\/\",\"name\":\"Pilgrimens sju norska nyckelord - Vandra V\u00e4gen\",\"isPartOf\":{\"@id\":\"https:\/\/blogg.svenskakyrkan.se\/vandravagen\/#website\"},\"primaryImageOfPage\":{\"@id\":\"https:\/\/blogg.svenskakyrkan.se\/vandravagen\/2015\/08\/31\/pilgrimens-sju-norska-nyckelord\/#primaryimage\"},\"image\":{\"@id\":\"https:\/\/blogg.svenskakyrkan.se\/vandravagen\/2015\/08\/31\/pilgrimens-sju-norska-nyckelord\/#primaryimage\"},\"thumbnailUrl\":\"http:\/\/blogg.svenskakyrkan.se\/vandravagen\/files\/2015\/08\/Stiklestad-1024x677.jpeg\",\"datePublished\":\"2015-08-31T05:00:21+00:00\",\"breadcrumb\":{\"@id\":\"https:\/\/blogg.svenskakyrkan.se\/vandravagen\/2015\/08\/31\/pilgrimens-sju-norska-nyckelord\/#breadcrumb\"},\"inLanguage\":\"sv-SE\",\"potentialAction\":[{\"@type\":\"ReadAction\",\"target\":[\"https:\/\/blogg.svenskakyrkan.se\/vandravagen\/2015\/08\/31\/pilgrimens-sju-norska-nyckelord\/\"]}]},{\"@type\":\"ImageObject\",\"inLanguage\":\"sv-SE\",\"@id\":\"https:\/\/blogg.svenskakyrkan.se\/vandravagen\/2015\/08\/31\/pilgrimens-sju-norska-nyckelord\/#primaryimage\",\"url\":\"http:\/\/blogg.svenskakyrkan.se\/vandravagen\/files\/2015\/08\/Stiklestad-1024x677.jpeg\",\"contentUrl\":\"http:\/\/blogg.svenskakyrkan.se\/vandravagen\/files\/2015\/08\/Stiklestad-1024x677.jpeg\"},{\"@type\":\"BreadcrumbList\",\"@id\":\"https:\/\/blogg.svenskakyrkan.se\/vandravagen\/2015\/08\/31\/pilgrimens-sju-norska-nyckelord\/#breadcrumb\",\"itemListElement\":[{\"@type\":\"ListItem\",\"position\":1,\"name\":\"Hem\",\"item\":\"https:\/\/blogg.svenskakyrkan.se\/vandravagen\/\"},{\"@type\":\"ListItem\",\"position\":2,\"name\":\"Pilgrimens sju norska nyckelord\"}]},{\"@type\":\"WebSite\",\"@id\":\"https:\/\/blogg.svenskakyrkan.se\/vandravagen\/#website\",\"url\":\"https:\/\/blogg.svenskakyrkan.se\/vandravagen\/\",\"name\":\"Vandra V\u00e4gen\",\"description\":\"-Mot en tro f\u00f6r hela livet\",\"publisher\":{\"@id\":\"https:\/\/blogg.svenskakyrkan.se\/vandravagen\/#organization\"},\"potentialAction\":[{\"@type\":\"SearchAction\",\"target\":{\"@type\":\"EntryPoint\",\"urlTemplate\":\"https:\/\/blogg.svenskakyrkan.se\/vandravagen\/?s={search_term_string}\"},\"query-input\":{\"@type\":\"PropertyValueSpecification\",\"valueRequired\":true,\"valueName\":\"search_term_string\"}}],\"inLanguage\":\"sv-SE\"},{\"@type\":\"Organization\",\"@id\":\"https:\/\/blogg.svenskakyrkan.se\/vandravagen\/#organization\",\"name\":\"ulricehamns pastorat\",\"alternateName\":\"ulricehamns pastorat\",\"url\":\"https:\/\/blogg.svenskakyrkan.se\/vandravagen\/\",\"logo\":{\"@type\":\"ImageObject\",\"inLanguage\":\"sv-SE\",\"@id\":\"https:\/\/blogg.svenskakyrkan.se\/vandravagen\/#\/schema\/logo\/image\/\",\"url\":\"https:\/\/blogg.svenskakyrkan.se\/vandravagen\/files\/2023\/05\/Ulr_logo_RGB.png\",\"contentUrl\":\"https:\/\/blogg.svenskakyrkan.se\/vandravagen\/files\/2023\/05\/Ulr_logo_RGB.png\",\"width\":205,\"height\":77,\"caption\":\"ulricehamns pastorat\"},\"image\":{\"@id\":\"https:\/\/blogg.svenskakyrkan.se\/vandravagen\/#\/schema\/logo\/image\/\"},\"sameAs\":[\"http:\/\/facebook.com\/vandravagen\",\"https:\/\/x.com\/fadertomas\",\"http:\/\/www.facebook.com\/svenskakyrkaniulricehamn\"]},{\"@type\":\"Person\",\"@id\":\"https:\/\/blogg.svenskakyrkan.se\/vandravagen\/#\/schema\/person\/25da02d4f76b137d04291711e2c9fc16\",\"name\":\"Tomas Jarvid\",\"image\":{\"@type\":\"ImageObject\",\"inLanguage\":\"sv-SE\",\"@id\":\"https:\/\/blogg.svenskakyrkan.se\/vandravagen\/#\/schema\/person\/image\/\",\"url\":\"https:\/\/secure.gravatar.com\/avatar\/7fa71899795e8f540f615a1f5ab25255dc27aa40f05ee7ddd21aac521e01bf50?s=96&d=identicon&r=g\",\"contentUrl\":\"https:\/\/secure.gravatar.com\/avatar\/7fa71899795e8f540f615a1f5ab25255dc27aa40f05ee7ddd21aac521e01bf50?s=96&d=identicon&r=g\",\"caption\":\"Tomas Jarvid\"},\"description\":\"Jag bor i Ulricehamn i V\u00e4sterg\u00f6tland och \u00e4r f\u00f6rsamlingspr\u00e4st i Svenska Kyrkan f\u00f6r Dalstorps f\u00f6rsamling i Kinds pastorat. P\u00e5 den h\u00e4r bloggen skriver jag ner tankar om vandringen som kristen.\",\"sameAs\":[\"http:\/\/www.vandravagen.se\"],\"url\":\"https:\/\/blogg.svenskakyrkan.se\/vandravagen\/author\/vandravagen\/\"}]}<\/script>\n<!-- \/ Yoast SEO plugin. -->","yoast_head_json":{"title":"Pilgrimens sju norska nyckelord - Vandra V\u00e4gen","robots":{"index":"index","follow":"follow","max-snippet":"max-snippet:-1","max-image-preview":"max-image-preview:large","max-video-preview":"max-video-preview:-1"},"canonical":"https:\/\/blogg.svenskakyrkan.se\/vandravagen\/2015\/08\/31\/pilgrimens-sju-norska-nyckelord\/","og_locale":"sv_SE","og_type":"article","og_title":"Pilgrimens sju norska nyckelord - Vandra V\u00e4gen","og_description":"&nbsp; Vandra V\u00e4gen \u00e4r ju en pilgrimsblogg\u00a0\u00e4ven om det kanske inte alltid \u00e4r helt uppenbart. Den som pilgrimsvandrat i Sverige har f\u00f6rmodligen kommit i kontakt med &#8221;pilgrimens sju nyckelord&#8221;. Det \u00e4r nu inte dem jag t\u00e4nkte skriva om. I tv\u00e5 bloggposter t\u00e4nkte jag skriva om helt andra ord som passar f\u00f6r pilgrimen. Nyckelorden \u00e4r ju, [&hellip;]","og_url":"https:\/\/blogg.svenskakyrkan.se\/vandravagen\/2015\/08\/31\/pilgrimens-sju-norska-nyckelord\/","og_site_name":"Vandra V\u00e4gen","article_publisher":"http:\/\/facebook.com\/vandravagen","article_published_time":"2015-08-31T05:00:21+00:00","og_image":[{"url":"http:\/\/blogg.svenskakyrkan.se\/vandravagen\/files\/2015\/08\/Stiklestad-1024x677.jpeg","type":"","width":"","height":""}],"author":"Tomas Jarvid","twitter_card":"summary_large_image","twitter_creator":"@fadertomas","twitter_site":"@fadertomas","twitter_misc":{"Skriven av":"Tomas Jarvid","Ber\u00e4knad l\u00e4stid":"3 minuter"},"schema":{"@context":"https:\/\/schema.org","@graph":[{"@type":"Article","@id":"https:\/\/blogg.svenskakyrkan.se\/vandravagen\/2015\/08\/31\/pilgrimens-sju-norska-nyckelord\/#article","isPartOf":{"@id":"https:\/\/blogg.svenskakyrkan.se\/vandravagen\/2015\/08\/31\/pilgrimens-sju-norska-nyckelord\/"},"author":{"name":"Tomas Jarvid","@id":"https:\/\/blogg.svenskakyrkan.se\/vandravagen\/#\/schema\/person\/25da02d4f76b137d04291711e2c9fc16"},"headline":"Pilgrimens sju norska nyckelord","datePublished":"2015-08-31T05:00:21+00:00","mainEntityOfPage":{"@id":"https:\/\/blogg.svenskakyrkan.se\/vandravagen\/2015\/08\/31\/pilgrimens-sju-norska-nyckelord\/"},"wordCount":572,"commentCount":4,"publisher":{"@id":"https:\/\/blogg.svenskakyrkan.se\/vandravagen\/#organization"},"image":{"@id":"https:\/\/blogg.svenskakyrkan.se\/vandravagen\/2015\/08\/31\/pilgrimens-sju-norska-nyckelord\/#primaryimage"},"thumbnailUrl":"http:\/\/blogg.svenskakyrkan.se\/vandravagen\/files\/2015\/08\/Stiklestad-1024x677.jpeg","articleSection":["Dagens Kyrka","pilgrim","Teologi"],"inLanguage":"sv-SE","potentialAction":[{"@type":"CommentAction","name":"Comment","target":["https:\/\/blogg.svenskakyrkan.se\/vandravagen\/2015\/08\/31\/pilgrimens-sju-norska-nyckelord\/#respond"]}]},{"@type":"WebPage","@id":"https:\/\/blogg.svenskakyrkan.se\/vandravagen\/2015\/08\/31\/pilgrimens-sju-norska-nyckelord\/","url":"https:\/\/blogg.svenskakyrkan.se\/vandravagen\/2015\/08\/31\/pilgrimens-sju-norska-nyckelord\/","name":"Pilgrimens sju norska nyckelord - Vandra V\u00e4gen","isPartOf":{"@id":"https:\/\/blogg.svenskakyrkan.se\/vandravagen\/#website"},"primaryImageOfPage":{"@id":"https:\/\/blogg.svenskakyrkan.se\/vandravagen\/2015\/08\/31\/pilgrimens-sju-norska-nyckelord\/#primaryimage"},"image":{"@id":"https:\/\/blogg.svenskakyrkan.se\/vandravagen\/2015\/08\/31\/pilgrimens-sju-norska-nyckelord\/#primaryimage"},"thumbnailUrl":"http:\/\/blogg.svenskakyrkan.se\/vandravagen\/files\/2015\/08\/Stiklestad-1024x677.jpeg","datePublished":"2015-08-31T05:00:21+00:00","breadcrumb":{"@id":"https:\/\/blogg.svenskakyrkan.se\/vandravagen\/2015\/08\/31\/pilgrimens-sju-norska-nyckelord\/#breadcrumb"},"inLanguage":"sv-SE","potentialAction":[{"@type":"ReadAction","target":["https:\/\/blogg.svenskakyrkan.se\/vandravagen\/2015\/08\/31\/pilgrimens-sju-norska-nyckelord\/"]}]},{"@type":"ImageObject","inLanguage":"sv-SE","@id":"https:\/\/blogg.svenskakyrkan.se\/vandravagen\/2015\/08\/31\/pilgrimens-sju-norska-nyckelord\/#primaryimage","url":"http:\/\/blogg.svenskakyrkan.se\/vandravagen\/files\/2015\/08\/Stiklestad-1024x677.jpeg","contentUrl":"http:\/\/blogg.svenskakyrkan.se\/vandravagen\/files\/2015\/08\/Stiklestad-1024x677.jpeg"},{"@type":"BreadcrumbList","@id":"https:\/\/blogg.svenskakyrkan.se\/vandravagen\/2015\/08\/31\/pilgrimens-sju-norska-nyckelord\/#breadcrumb","itemListElement":[{"@type":"ListItem","position":1,"name":"Hem","item":"https:\/\/blogg.svenskakyrkan.se\/vandravagen\/"},{"@type":"ListItem","position":2,"name":"Pilgrimens sju norska nyckelord"}]},{"@type":"WebSite","@id":"https:\/\/blogg.svenskakyrkan.se\/vandravagen\/#website","url":"https:\/\/blogg.svenskakyrkan.se\/vandravagen\/","name":"Vandra V\u00e4gen","description":"-Mot en tro f\u00f6r hela livet","publisher":{"@id":"https:\/\/blogg.svenskakyrkan.se\/vandravagen\/#organization"},"potentialAction":[{"@type":"SearchAction","target":{"@type":"EntryPoint","urlTemplate":"https:\/\/blogg.svenskakyrkan.se\/vandravagen\/?s={search_term_string}"},"query-input":{"@type":"PropertyValueSpecification","valueRequired":true,"valueName":"search_term_string"}}],"inLanguage":"sv-SE"},{"@type":"Organization","@id":"https:\/\/blogg.svenskakyrkan.se\/vandravagen\/#organization","name":"ulricehamns pastorat","alternateName":"ulricehamns pastorat","url":"https:\/\/blogg.svenskakyrkan.se\/vandravagen\/","logo":{"@type":"ImageObject","inLanguage":"sv-SE","@id":"https:\/\/blogg.svenskakyrkan.se\/vandravagen\/#\/schema\/logo\/image\/","url":"https:\/\/blogg.svenskakyrkan.se\/vandravagen\/files\/2023\/05\/Ulr_logo_RGB.png","contentUrl":"https:\/\/blogg.svenskakyrkan.se\/vandravagen\/files\/2023\/05\/Ulr_logo_RGB.png","width":205,"height":77,"caption":"ulricehamns pastorat"},"image":{"@id":"https:\/\/blogg.svenskakyrkan.se\/vandravagen\/#\/schema\/logo\/image\/"},"sameAs":["http:\/\/facebook.com\/vandravagen","https:\/\/x.com\/fadertomas","http:\/\/www.facebook.com\/svenskakyrkaniulricehamn"]},{"@type":"Person","@id":"https:\/\/blogg.svenskakyrkan.se\/vandravagen\/#\/schema\/person\/25da02d4f76b137d04291711e2c9fc16","name":"Tomas Jarvid","image":{"@type":"ImageObject","inLanguage":"sv-SE","@id":"https:\/\/blogg.svenskakyrkan.se\/vandravagen\/#\/schema\/person\/image\/","url":"https:\/\/secure.gravatar.com\/avatar\/7fa71899795e8f540f615a1f5ab25255dc27aa40f05ee7ddd21aac521e01bf50?s=96&d=identicon&r=g","contentUrl":"https:\/\/secure.gravatar.com\/avatar\/7fa71899795e8f540f615a1f5ab25255dc27aa40f05ee7ddd21aac521e01bf50?s=96&d=identicon&r=g","caption":"Tomas Jarvid"},"description":"Jag bor i Ulricehamn i V\u00e4sterg\u00f6tland och \u00e4r f\u00f6rsamlingspr\u00e4st i Svenska Kyrkan f\u00f6r Dalstorps f\u00f6rsamling i Kinds pastorat. P\u00e5 den h\u00e4r bloggen skriver jag ner tankar om vandringen som kristen.","sameAs":["http:\/\/www.vandravagen.se"],"url":"https:\/\/blogg.svenskakyrkan.se\/vandravagen\/author\/vandravagen\/"}]}},"author_meta":{"ID":"392","user_nicename":"vandravagen","user_url":"http:\/\/www.vandravagen.se","user_registered":"2014-05-19 05:44:52","display_name":"Tomas Jarvid","first_name":"Tomas","last_name":"Jarvid","avatar":"https:\/\/secure.gravatar.com\/avatar\/7fa71899795e8f540f615a1f5ab25255dc27aa40f05ee7ddd21aac521e01bf50?s=96&d=identicon&r=g"},"featured_image":false,"bloginfo":{"name":"Vandra V\u00e4gen","url":"https:\/\/blogg.svenskakyrkan.se\/vandravagen"},"_links":{"self":[{"href":"https:\/\/blogg.svenskakyrkan.se\/vandravagen\/wp-json\/wp\/v2\/posts\/3530","targetHints":{"allow":["GET"]}}],"collection":[{"href":"https:\/\/blogg.svenskakyrkan.se\/vandravagen\/wp-json\/wp\/v2\/posts"}],"about":[{"href":"https:\/\/blogg.svenskakyrkan.se\/vandravagen\/wp-json\/wp\/v2\/types\/post"}],"author":[{"embeddable":true,"href":"https:\/\/blogg.svenskakyrkan.se\/vandravagen\/wp-json\/wp\/v2\/users\/392"}],"replies":[{"embeddable":true,"href":"https:\/\/blogg.svenskakyrkan.se\/vandravagen\/wp-json\/wp\/v2\/comments?post=3530"}],"version-history":[{"count":2,"href":"https:\/\/blogg.svenskakyrkan.se\/vandravagen\/wp-json\/wp\/v2\/posts\/3530\/revisions"}],"predecessor-version":[{"id":3534,"href":"https:\/\/blogg.svenskakyrkan.se\/vandravagen\/wp-json\/wp\/v2\/posts\/3530\/revisions\/3534"}],"wp:attachment":[{"href":"https:\/\/blogg.svenskakyrkan.se\/vandravagen\/wp-json\/wp\/v2\/media?parent=3530"}],"wp:term":[{"taxonomy":"category","embeddable":true,"href":"https:\/\/blogg.svenskakyrkan.se\/vandravagen\/wp-json\/wp\/v2\/categories?post=3530"},{"taxonomy":"post_tag","embeddable":true,"href":"https:\/\/blogg.svenskakyrkan.se\/vandravagen\/wp-json\/wp\/v2\/tags?post=3530"}],"curies":[{"name":"wp","href":"https:\/\/api.w.org\/{rel}","templated":true}]}}