{"id":3546,"date":"2015-09-02T07:00:17","date_gmt":"2015-09-02T05:00:17","guid":{"rendered":"http:\/\/blogg.svenskakyrkan.se\/vandravagen\/?p=3546"},"modified":"2015-09-01T20:24:16","modified_gmt":"2015-09-01T18:24:16","slug":"skapelseteolog-och-klimatforskare","status":"publish","type":"post","link":"https:\/\/blogg.svenskakyrkan.se\/vandravagen\/2015\/09\/02\/skapelseteolog-och-klimatforskare\/","title":{"rendered":"Skapelseteolog och klimatforskare"},"content":{"rendered":"<p>&nbsp;<\/p>\n<div id=\"attachment_3549\" style=\"width: 550px\" class=\"wp-caption aligncenter\"><a href=\"http:\/\/blogg.svenskakyrkan.se\/vandravagen\/files\/2015\/09\/bild-1.png\"><img loading=\"lazy\" decoding=\"async\" aria-describedby=\"caption-attachment-3549\" class=\"size-full wp-image-3549\" src=\"http:\/\/blogg.svenskakyrkan.se\/vandravagen\/files\/2015\/09\/bild-1.png\" alt=\"I harmoni med naturen. M\u00e5ste vi l\u00e4ra oss leva.\" width=\"540\" height=\"540\" srcset=\"https:\/\/blogg.svenskakyrkan.se\/vandravagen\/files\/2015\/09\/bild-1.png 540w, https:\/\/blogg.svenskakyrkan.se\/vandravagen\/files\/2015\/09\/bild-1-150x150.png 150w, https:\/\/blogg.svenskakyrkan.se\/vandravagen\/files\/2015\/09\/bild-1-300x300.png 300w\" sizes=\"auto, (max-width: 540px) 100vw, 540px\" \/><\/a><p id=\"caption-attachment-3549\" class=\"wp-caption-text\">I harmoni med naturen. M\u00e5ste vi l\u00e4ra oss leva.<\/p><\/div>\n<p>Ig\u00e5r h\u00f6rde jag p\u00e5 <a href=\"http:\/\/sverigesradio.se\/sida\/avsnitt\/571827?programid=2071\">sommar i p1 med Johan Rockstr\u00f6m<\/a>, ledande klimatforskare. Det tycker jag att du ocks\u00e5 ska g\u00f6ra. Jag tycker att det var ett\u00a0djupt inspirerande program. Han b\u00f6rjade visserligen med att beklaga att han skulle komma dragande med den obehagliga sanningen om hur illa l\u00e4get \u00e4r med v\u00e4rlden, hur n\u00e4ra kollapsen vi \u00e4r. Programmet slutar \u00e4nd\u00e5 hoppfullt. Med att engagerade minoriteter faktiskt f\u00f6r\u00e4ndrat historiens g\u00e5ng f\u00f6rr och med en rad hoppfulla tecken.<\/p>\n<p>Jag har ju skrivit en del skapelseteologi och saker kopplade till klimatfr\u00e5gan h\u00e4r p\u00e5 Vandra V\u00e4gen (kolla etiketten &#8221;skapelseteologi&#8221; i marginalen) men Rockstr\u00f6m \u00e4r ju en expert p\u00e5 klimatomr\u00e5det med specialkunskaper vi nog alla beh\u00f6ver f\u00e5 koll p\u00e5.<\/p>\n<p>Jag fick en lustig k\u00e4nsla av att Johan Rockstr\u00f6m talade precis i s\u00e5na termer som kristna teologer ofta anv\u00e4nder, som att se oss m\u00e4nniskor som <a href=\"http:\/\/blogg.svenskakyrkan.se\/vandravagen\/2015\/01\/17\/ar-vi-faddrar-till-skapelsen\/\">f\u00f6rvaltare (eller kanske faddrar) till skapelsen<\/a>. P\u00e5 ett s\u00e4tt talar han v\u00e4ldigt starkt om m\u00e4nniskans unika plats i v\u00e4rlden \u00e4ven om den nu lett oss till katastrofens rand. Vi befinner oss i &#8221;antropocen&#8221;, m\u00e4nniskans tid i jordens utveckling. Den m\u00e4ktigaste kraften i f\u00f6r\u00e4ndringen av v\u00e4rlden \u00e4r inte v\u00e4der och vind utan vi. Han talar ocks\u00e5 v\u00e4ldigt vackert om moder jord som t\u00e5ligt tagit s\u00e5 mycket stryk och varit s\u00e5 god mot oss men som nu kr\u00e4ver v\u00e5r omv\u00e5rdnad.<\/p>\n<p>Allra roligast var kanske att han anv\u00e4nde precis samma bild som jag anv\u00e4nt h\u00e4r p\u00e5 bloggen, Valet vi st\u00e5r inf\u00f6r nu \u00e4r vilken v\u00e4rld vi vill leva i.<a href=\"http:\/\/blogg.svenskakyrkan.se\/vandravagen\/2014\/12\/22\/skapelseteologi-i-mordor\/\"> Mordor eller alvernas vattnadal<\/a>. MIlj\u00f6v\u00e4nner (och h\u00e4r \u00e4r likheterna stora med kristna t\u00e4nker jag mig) f\u00e5r ofta representera ett sj\u00e4lvpl\u00e5gande liv i majoritetens \u00f6gon men i sj\u00e4lva verket \u00e4r det tv\u00e4rtom. Det \u00e4r de (vi) som pekar och letar efter v\u00e4gen till en annan v\u00e4rld, ett annat s\u00e4tt att leva. Ett b\u00e4ttre, rikare s\u00e4tt p\u00e5 alla s\u00e4tt. Den r\u00e5dande v\u00e4rldsordningen har visat sig bankrutt p\u00e5 s\u00e5 m\u00e5nga niv\u00e5er. Den har helt uppenbart inte kunnat ge oss det vi beh\u00f6ver f\u00f6r ett gott liv f\u00f6r alla.<\/p>\n<p>Rockstr\u00f6m talar ocks\u00e5 om visionernas roll. Att styras av dr\u00f6mmen om vad det \u00e4r f\u00f6r v\u00e4rld vi vill ha. D\u00e4r \u00e4r han ocks\u00e5 n\u00e4stan teolog. Hoppets drivkraft \u00e4r alltid framtiden. Som kristen f\u00e5r vi lita p\u00e5 att vi \u00e4r i goda h\u00e4nder n\u00e4r vi arbetar f\u00f6r ett annat s\u00e4tt att leva h\u00e4r och nu.<\/p>\n<p>Vi m\u00e5ste hj\u00e4lpas \u00e5t att h\u00e5lla klimatfr\u00e5gan vid liv. Det k\u00e4nns som att det ljusnar p\u00e5 m\u00e5nga fronter nu och att det h\u00e4nder mycket. N\u00e4r det v\u00e4l lossnar kanske utvecklingen g\u00e5r mycket fort. Alla har allt att vinna p\u00e5 det.<\/p>\n","protected":false},"excerpt":{"rendered":"<p>&nbsp; Ig\u00e5r h\u00f6rde jag p\u00e5 sommar i p1 med Johan Rockstr\u00f6m, ledande klimatforskare. Det tycker jag att du ocks\u00e5 ska g\u00f6ra. Jag tycker att det var ett\u00a0djupt inspirerande program. Han b\u00f6rjade visserligen med att beklaga att han skulle komma dragande med den obehagliga sanningen om hur illa l\u00e4get \u00e4r med v\u00e4rlden, hur n\u00e4ra kollapsen vi [&hellip;]<\/p>\n","protected":false},"author":392,"featured_media":0,"comment_status":"open","ping_status":"open","sticky":false,"template":"","format":"standard","meta":{"_acf_changed":false,"footnotes":""},"categories":[76189,81117],"tags":[],"class_list":["post-3546","post","type-post","status-publish","format-standard","hentry","category-dagens-kyrka","category-skapelseteologi"],"acf":[],"yoast_head":"<!-- This site is optimized with the Yoast SEO plugin v27.1.1 - https:\/\/yoast.com\/product\/yoast-seo-wordpress\/ -->\n<title>Skapelseteolog och klimatforskare - Vandra V\u00e4gen<\/title>\n<meta name=\"robots\" content=\"index, follow, max-snippet:-1, max-image-preview:large, max-video-preview:-1\" \/>\n<link rel=\"canonical\" href=\"https:\/\/blogg.svenskakyrkan.se\/vandravagen\/2015\/09\/02\/skapelseteolog-och-klimatforskare\/\" \/>\n<meta property=\"og:locale\" content=\"sv_SE\" \/>\n<meta property=\"og:type\" content=\"article\" \/>\n<meta property=\"og:title\" content=\"Skapelseteolog och klimatforskare - Vandra V\u00e4gen\" \/>\n<meta property=\"og:description\" content=\"&nbsp; Ig\u00e5r h\u00f6rde jag p\u00e5 sommar i p1 med Johan Rockstr\u00f6m, ledande klimatforskare. Det tycker jag att du ocks\u00e5 ska g\u00f6ra. Jag tycker att det var ett\u00a0djupt inspirerande program. Han b\u00f6rjade visserligen med att beklaga att han skulle komma dragande med den obehagliga sanningen om hur illa l\u00e4get \u00e4r med v\u00e4rlden, hur n\u00e4ra kollapsen vi [&hellip;]\" \/>\n<meta property=\"og:url\" content=\"https:\/\/blogg.svenskakyrkan.se\/vandravagen\/2015\/09\/02\/skapelseteolog-och-klimatforskare\/\" \/>\n<meta property=\"og:site_name\" content=\"Vandra V\u00e4gen\" \/>\n<meta property=\"article:publisher\" content=\"http:\/\/facebook.com\/vandravagen\" \/>\n<meta property=\"article:published_time\" content=\"2015-09-02T05:00:17+00:00\" \/>\n<meta property=\"og:image\" content=\"http:\/\/blogg.svenskakyrkan.se\/vandravagen\/files\/2015\/09\/bild-1.png\" \/>\n<meta name=\"author\" content=\"Tomas Jarvid\" \/>\n<meta name=\"twitter:card\" content=\"summary_large_image\" \/>\n<meta name=\"twitter:creator\" content=\"@fadertomas\" \/>\n<meta name=\"twitter:site\" content=\"@fadertomas\" \/>\n<meta name=\"twitter:label1\" content=\"Skriven av\" \/>\n\t<meta name=\"twitter:data1\" content=\"Tomas Jarvid\" \/>\n\t<meta name=\"twitter:label2\" content=\"Ber\u00e4knad l\u00e4stid\" \/>\n\t<meta name=\"twitter:data2\" content=\"3 minuter\" \/>\n<script type=\"application\/ld+json\" class=\"yoast-schema-graph\">{\"@context\":\"https:\/\/schema.org\",\"@graph\":[{\"@type\":\"Article\",\"@id\":\"https:\/\/blogg.svenskakyrkan.se\/vandravagen\/2015\/09\/02\/skapelseteolog-och-klimatforskare\/#article\",\"isPartOf\":{\"@id\":\"https:\/\/blogg.svenskakyrkan.se\/vandravagen\/2015\/09\/02\/skapelseteolog-och-klimatforskare\/\"},\"author\":{\"name\":\"Tomas Jarvid\",\"@id\":\"https:\/\/blogg.svenskakyrkan.se\/vandravagen\/#\/schema\/person\/25da02d4f76b137d04291711e2c9fc16\"},\"headline\":\"Skapelseteolog och klimatforskare\",\"datePublished\":\"2015-09-02T05:00:17+00:00\",\"mainEntityOfPage\":{\"@id\":\"https:\/\/blogg.svenskakyrkan.se\/vandravagen\/2015\/09\/02\/skapelseteolog-och-klimatforskare\/\"},\"wordCount\":534,\"commentCount\":3,\"publisher\":{\"@id\":\"https:\/\/blogg.svenskakyrkan.se\/vandravagen\/#organization\"},\"image\":{\"@id\":\"https:\/\/blogg.svenskakyrkan.se\/vandravagen\/2015\/09\/02\/skapelseteolog-och-klimatforskare\/#primaryimage\"},\"thumbnailUrl\":\"http:\/\/blogg.svenskakyrkan.se\/vandravagen\/files\/2015\/09\/bild-1.png\",\"articleSection\":[\"Dagens Kyrka\",\"skapelseteologi\"],\"inLanguage\":\"sv-SE\",\"potentialAction\":[{\"@type\":\"CommentAction\",\"name\":\"Comment\",\"target\":[\"https:\/\/blogg.svenskakyrkan.se\/vandravagen\/2015\/09\/02\/skapelseteolog-och-klimatforskare\/#respond\"]}]},{\"@type\":\"WebPage\",\"@id\":\"https:\/\/blogg.svenskakyrkan.se\/vandravagen\/2015\/09\/02\/skapelseteolog-och-klimatforskare\/\",\"url\":\"https:\/\/blogg.svenskakyrkan.se\/vandravagen\/2015\/09\/02\/skapelseteolog-och-klimatforskare\/\",\"name\":\"Skapelseteolog och klimatforskare - Vandra V\u00e4gen\",\"isPartOf\":{\"@id\":\"https:\/\/blogg.svenskakyrkan.se\/vandravagen\/#website\"},\"primaryImageOfPage\":{\"@id\":\"https:\/\/blogg.svenskakyrkan.se\/vandravagen\/2015\/09\/02\/skapelseteolog-och-klimatforskare\/#primaryimage\"},\"image\":{\"@id\":\"https:\/\/blogg.svenskakyrkan.se\/vandravagen\/2015\/09\/02\/skapelseteolog-och-klimatforskare\/#primaryimage\"},\"thumbnailUrl\":\"http:\/\/blogg.svenskakyrkan.se\/vandravagen\/files\/2015\/09\/bild-1.png\",\"datePublished\":\"2015-09-02T05:00:17+00:00\",\"breadcrumb\":{\"@id\":\"https:\/\/blogg.svenskakyrkan.se\/vandravagen\/2015\/09\/02\/skapelseteolog-och-klimatforskare\/#breadcrumb\"},\"inLanguage\":\"sv-SE\",\"potentialAction\":[{\"@type\":\"ReadAction\",\"target\":[\"https:\/\/blogg.svenskakyrkan.se\/vandravagen\/2015\/09\/02\/skapelseteolog-och-klimatforskare\/\"]}]},{\"@type\":\"ImageObject\",\"inLanguage\":\"sv-SE\",\"@id\":\"https:\/\/blogg.svenskakyrkan.se\/vandravagen\/2015\/09\/02\/skapelseteolog-och-klimatforskare\/#primaryimage\",\"url\":\"http:\/\/blogg.svenskakyrkan.se\/vandravagen\/files\/2015\/09\/bild-1.png\",\"contentUrl\":\"http:\/\/blogg.svenskakyrkan.se\/vandravagen\/files\/2015\/09\/bild-1.png\"},{\"@type\":\"BreadcrumbList\",\"@id\":\"https:\/\/blogg.svenskakyrkan.se\/vandravagen\/2015\/09\/02\/skapelseteolog-och-klimatforskare\/#breadcrumb\",\"itemListElement\":[{\"@type\":\"ListItem\",\"position\":1,\"name\":\"Hem\",\"item\":\"https:\/\/blogg.svenskakyrkan.se\/vandravagen\/\"},{\"@type\":\"ListItem\",\"position\":2,\"name\":\"Skapelseteolog och klimatforskare\"}]},{\"@type\":\"WebSite\",\"@id\":\"https:\/\/blogg.svenskakyrkan.se\/vandravagen\/#website\",\"url\":\"https:\/\/blogg.svenskakyrkan.se\/vandravagen\/\",\"name\":\"Vandra V\u00e4gen\",\"description\":\"-Mot en tro f\u00f6r hela livet\",\"publisher\":{\"@id\":\"https:\/\/blogg.svenskakyrkan.se\/vandravagen\/#organization\"},\"potentialAction\":[{\"@type\":\"SearchAction\",\"target\":{\"@type\":\"EntryPoint\",\"urlTemplate\":\"https:\/\/blogg.svenskakyrkan.se\/vandravagen\/?s={search_term_string}\"},\"query-input\":{\"@type\":\"PropertyValueSpecification\",\"valueRequired\":true,\"valueName\":\"search_term_string\"}}],\"inLanguage\":\"sv-SE\"},{\"@type\":\"Organization\",\"@id\":\"https:\/\/blogg.svenskakyrkan.se\/vandravagen\/#organization\",\"name\":\"ulricehamns pastorat\",\"alternateName\":\"ulricehamns pastorat\",\"url\":\"https:\/\/blogg.svenskakyrkan.se\/vandravagen\/\",\"logo\":{\"@type\":\"ImageObject\",\"inLanguage\":\"sv-SE\",\"@id\":\"https:\/\/blogg.svenskakyrkan.se\/vandravagen\/#\/schema\/logo\/image\/\",\"url\":\"https:\/\/blogg.svenskakyrkan.se\/vandravagen\/files\/2023\/05\/Ulr_logo_RGB.png\",\"contentUrl\":\"https:\/\/blogg.svenskakyrkan.se\/vandravagen\/files\/2023\/05\/Ulr_logo_RGB.png\",\"width\":205,\"height\":77,\"caption\":\"ulricehamns pastorat\"},\"image\":{\"@id\":\"https:\/\/blogg.svenskakyrkan.se\/vandravagen\/#\/schema\/logo\/image\/\"},\"sameAs\":[\"http:\/\/facebook.com\/vandravagen\",\"https:\/\/x.com\/fadertomas\",\"http:\/\/www.facebook.com\/svenskakyrkaniulricehamn\"]},{\"@type\":\"Person\",\"@id\":\"https:\/\/blogg.svenskakyrkan.se\/vandravagen\/#\/schema\/person\/25da02d4f76b137d04291711e2c9fc16\",\"name\":\"Tomas Jarvid\",\"image\":{\"@type\":\"ImageObject\",\"inLanguage\":\"sv-SE\",\"@id\":\"https:\/\/blogg.svenskakyrkan.se\/vandravagen\/#\/schema\/person\/image\/\",\"url\":\"https:\/\/secure.gravatar.com\/avatar\/7fa71899795e8f540f615a1f5ab25255dc27aa40f05ee7ddd21aac521e01bf50?s=96&d=identicon&r=g\",\"contentUrl\":\"https:\/\/secure.gravatar.com\/avatar\/7fa71899795e8f540f615a1f5ab25255dc27aa40f05ee7ddd21aac521e01bf50?s=96&d=identicon&r=g\",\"caption\":\"Tomas Jarvid\"},\"description\":\"Jag bor i Ulricehamn i V\u00e4sterg\u00f6tland och \u00e4r f\u00f6rsamlingspr\u00e4st i Svenska Kyrkan f\u00f6r Dalstorps f\u00f6rsamling i Kinds pastorat. P\u00e5 den h\u00e4r bloggen skriver jag ner tankar om vandringen som kristen.\",\"sameAs\":[\"http:\/\/www.vandravagen.se\"],\"url\":\"https:\/\/blogg.svenskakyrkan.se\/vandravagen\/author\/vandravagen\/\"}]}<\/script>\n<!-- \/ Yoast SEO plugin. -->","yoast_head_json":{"title":"Skapelseteolog och klimatforskare - Vandra V\u00e4gen","robots":{"index":"index","follow":"follow","max-snippet":"max-snippet:-1","max-image-preview":"max-image-preview:large","max-video-preview":"max-video-preview:-1"},"canonical":"https:\/\/blogg.svenskakyrkan.se\/vandravagen\/2015\/09\/02\/skapelseteolog-och-klimatforskare\/","og_locale":"sv_SE","og_type":"article","og_title":"Skapelseteolog och klimatforskare - Vandra V\u00e4gen","og_description":"&nbsp; Ig\u00e5r h\u00f6rde jag p\u00e5 sommar i p1 med Johan Rockstr\u00f6m, ledande klimatforskare. Det tycker jag att du ocks\u00e5 ska g\u00f6ra. Jag tycker att det var ett\u00a0djupt inspirerande program. Han b\u00f6rjade visserligen med att beklaga att han skulle komma dragande med den obehagliga sanningen om hur illa l\u00e4get \u00e4r med v\u00e4rlden, hur n\u00e4ra kollapsen vi [&hellip;]","og_url":"https:\/\/blogg.svenskakyrkan.se\/vandravagen\/2015\/09\/02\/skapelseteolog-och-klimatforskare\/","og_site_name":"Vandra V\u00e4gen","article_publisher":"http:\/\/facebook.com\/vandravagen","article_published_time":"2015-09-02T05:00:17+00:00","og_image":[{"url":"http:\/\/blogg.svenskakyrkan.se\/vandravagen\/files\/2015\/09\/bild-1.png","type":"","width":"","height":""}],"author":"Tomas Jarvid","twitter_card":"summary_large_image","twitter_creator":"@fadertomas","twitter_site":"@fadertomas","twitter_misc":{"Skriven av":"Tomas Jarvid","Ber\u00e4knad l\u00e4stid":"3 minuter"},"schema":{"@context":"https:\/\/schema.org","@graph":[{"@type":"Article","@id":"https:\/\/blogg.svenskakyrkan.se\/vandravagen\/2015\/09\/02\/skapelseteolog-och-klimatforskare\/#article","isPartOf":{"@id":"https:\/\/blogg.svenskakyrkan.se\/vandravagen\/2015\/09\/02\/skapelseteolog-och-klimatforskare\/"},"author":{"name":"Tomas Jarvid","@id":"https:\/\/blogg.svenskakyrkan.se\/vandravagen\/#\/schema\/person\/25da02d4f76b137d04291711e2c9fc16"},"headline":"Skapelseteolog och klimatforskare","datePublished":"2015-09-02T05:00:17+00:00","mainEntityOfPage":{"@id":"https:\/\/blogg.svenskakyrkan.se\/vandravagen\/2015\/09\/02\/skapelseteolog-och-klimatforskare\/"},"wordCount":534,"commentCount":3,"publisher":{"@id":"https:\/\/blogg.svenskakyrkan.se\/vandravagen\/#organization"},"image":{"@id":"https:\/\/blogg.svenskakyrkan.se\/vandravagen\/2015\/09\/02\/skapelseteolog-och-klimatforskare\/#primaryimage"},"thumbnailUrl":"http:\/\/blogg.svenskakyrkan.se\/vandravagen\/files\/2015\/09\/bild-1.png","articleSection":["Dagens Kyrka","skapelseteologi"],"inLanguage":"sv-SE","potentialAction":[{"@type":"CommentAction","name":"Comment","target":["https:\/\/blogg.svenskakyrkan.se\/vandravagen\/2015\/09\/02\/skapelseteolog-och-klimatforskare\/#respond"]}]},{"@type":"WebPage","@id":"https:\/\/blogg.svenskakyrkan.se\/vandravagen\/2015\/09\/02\/skapelseteolog-och-klimatforskare\/","url":"https:\/\/blogg.svenskakyrkan.se\/vandravagen\/2015\/09\/02\/skapelseteolog-och-klimatforskare\/","name":"Skapelseteolog och klimatforskare - Vandra V\u00e4gen","isPartOf":{"@id":"https:\/\/blogg.svenskakyrkan.se\/vandravagen\/#website"},"primaryImageOfPage":{"@id":"https:\/\/blogg.svenskakyrkan.se\/vandravagen\/2015\/09\/02\/skapelseteolog-och-klimatforskare\/#primaryimage"},"image":{"@id":"https:\/\/blogg.svenskakyrkan.se\/vandravagen\/2015\/09\/02\/skapelseteolog-och-klimatforskare\/#primaryimage"},"thumbnailUrl":"http:\/\/blogg.svenskakyrkan.se\/vandravagen\/files\/2015\/09\/bild-1.png","datePublished":"2015-09-02T05:00:17+00:00","breadcrumb":{"@id":"https:\/\/blogg.svenskakyrkan.se\/vandravagen\/2015\/09\/02\/skapelseteolog-och-klimatforskare\/#breadcrumb"},"inLanguage":"sv-SE","potentialAction":[{"@type":"ReadAction","target":["https:\/\/blogg.svenskakyrkan.se\/vandravagen\/2015\/09\/02\/skapelseteolog-och-klimatforskare\/"]}]},{"@type":"ImageObject","inLanguage":"sv-SE","@id":"https:\/\/blogg.svenskakyrkan.se\/vandravagen\/2015\/09\/02\/skapelseteolog-och-klimatforskare\/#primaryimage","url":"http:\/\/blogg.svenskakyrkan.se\/vandravagen\/files\/2015\/09\/bild-1.png","contentUrl":"http:\/\/blogg.svenskakyrkan.se\/vandravagen\/files\/2015\/09\/bild-1.png"},{"@type":"BreadcrumbList","@id":"https:\/\/blogg.svenskakyrkan.se\/vandravagen\/2015\/09\/02\/skapelseteolog-och-klimatforskare\/#breadcrumb","itemListElement":[{"@type":"ListItem","position":1,"name":"Hem","item":"https:\/\/blogg.svenskakyrkan.se\/vandravagen\/"},{"@type":"ListItem","position":2,"name":"Skapelseteolog och klimatforskare"}]},{"@type":"WebSite","@id":"https:\/\/blogg.svenskakyrkan.se\/vandravagen\/#website","url":"https:\/\/blogg.svenskakyrkan.se\/vandravagen\/","name":"Vandra V\u00e4gen","description":"-Mot en tro f\u00f6r hela livet","publisher":{"@id":"https:\/\/blogg.svenskakyrkan.se\/vandravagen\/#organization"},"potentialAction":[{"@type":"SearchAction","target":{"@type":"EntryPoint","urlTemplate":"https:\/\/blogg.svenskakyrkan.se\/vandravagen\/?s={search_term_string}"},"query-input":{"@type":"PropertyValueSpecification","valueRequired":true,"valueName":"search_term_string"}}],"inLanguage":"sv-SE"},{"@type":"Organization","@id":"https:\/\/blogg.svenskakyrkan.se\/vandravagen\/#organization","name":"ulricehamns pastorat","alternateName":"ulricehamns pastorat","url":"https:\/\/blogg.svenskakyrkan.se\/vandravagen\/","logo":{"@type":"ImageObject","inLanguage":"sv-SE","@id":"https:\/\/blogg.svenskakyrkan.se\/vandravagen\/#\/schema\/logo\/image\/","url":"https:\/\/blogg.svenskakyrkan.se\/vandravagen\/files\/2023\/05\/Ulr_logo_RGB.png","contentUrl":"https:\/\/blogg.svenskakyrkan.se\/vandravagen\/files\/2023\/05\/Ulr_logo_RGB.png","width":205,"height":77,"caption":"ulricehamns pastorat"},"image":{"@id":"https:\/\/blogg.svenskakyrkan.se\/vandravagen\/#\/schema\/logo\/image\/"},"sameAs":["http:\/\/facebook.com\/vandravagen","https:\/\/x.com\/fadertomas","http:\/\/www.facebook.com\/svenskakyrkaniulricehamn"]},{"@type":"Person","@id":"https:\/\/blogg.svenskakyrkan.se\/vandravagen\/#\/schema\/person\/25da02d4f76b137d04291711e2c9fc16","name":"Tomas Jarvid","image":{"@type":"ImageObject","inLanguage":"sv-SE","@id":"https:\/\/blogg.svenskakyrkan.se\/vandravagen\/#\/schema\/person\/image\/","url":"https:\/\/secure.gravatar.com\/avatar\/7fa71899795e8f540f615a1f5ab25255dc27aa40f05ee7ddd21aac521e01bf50?s=96&d=identicon&r=g","contentUrl":"https:\/\/secure.gravatar.com\/avatar\/7fa71899795e8f540f615a1f5ab25255dc27aa40f05ee7ddd21aac521e01bf50?s=96&d=identicon&r=g","caption":"Tomas Jarvid"},"description":"Jag bor i Ulricehamn i V\u00e4sterg\u00f6tland och \u00e4r f\u00f6rsamlingspr\u00e4st i Svenska Kyrkan f\u00f6r Dalstorps f\u00f6rsamling i Kinds pastorat. P\u00e5 den h\u00e4r bloggen skriver jag ner tankar om vandringen som kristen.","sameAs":["http:\/\/www.vandravagen.se"],"url":"https:\/\/blogg.svenskakyrkan.se\/vandravagen\/author\/vandravagen\/"}]}},"author_meta":{"ID":"392","user_nicename":"vandravagen","user_url":"http:\/\/www.vandravagen.se","user_registered":"2014-05-19 05:44:52","display_name":"Tomas Jarvid","first_name":"Tomas","last_name":"Jarvid","avatar":"https:\/\/secure.gravatar.com\/avatar\/7fa71899795e8f540f615a1f5ab25255dc27aa40f05ee7ddd21aac521e01bf50?s=96&d=identicon&r=g"},"featured_image":false,"bloginfo":{"name":"Vandra V\u00e4gen","url":"https:\/\/blogg.svenskakyrkan.se\/vandravagen"},"_links":{"self":[{"href":"https:\/\/blogg.svenskakyrkan.se\/vandravagen\/wp-json\/wp\/v2\/posts\/3546","targetHints":{"allow":["GET"]}}],"collection":[{"href":"https:\/\/blogg.svenskakyrkan.se\/vandravagen\/wp-json\/wp\/v2\/posts"}],"about":[{"href":"https:\/\/blogg.svenskakyrkan.se\/vandravagen\/wp-json\/wp\/v2\/types\/post"}],"author":[{"embeddable":true,"href":"https:\/\/blogg.svenskakyrkan.se\/vandravagen\/wp-json\/wp\/v2\/users\/392"}],"replies":[{"embeddable":true,"href":"https:\/\/blogg.svenskakyrkan.se\/vandravagen\/wp-json\/wp\/v2\/comments?post=3546"}],"version-history":[{"count":3,"href":"https:\/\/blogg.svenskakyrkan.se\/vandravagen\/wp-json\/wp\/v2\/posts\/3546\/revisions"}],"predecessor-version":[{"id":3550,"href":"https:\/\/blogg.svenskakyrkan.se\/vandravagen\/wp-json\/wp\/v2\/posts\/3546\/revisions\/3550"}],"wp:attachment":[{"href":"https:\/\/blogg.svenskakyrkan.se\/vandravagen\/wp-json\/wp\/v2\/media?parent=3546"}],"wp:term":[{"taxonomy":"category","embeddable":true,"href":"https:\/\/blogg.svenskakyrkan.se\/vandravagen\/wp-json\/wp\/v2\/categories?post=3546"},{"taxonomy":"post_tag","embeddable":true,"href":"https:\/\/blogg.svenskakyrkan.se\/vandravagen\/wp-json\/wp\/v2\/tags?post=3546"}],"curies":[{"name":"wp","href":"https:\/\/api.w.org\/{rel}","templated":true}]}}