{"id":356,"date":"2013-09-14T05:59:00","date_gmt":"2013-09-14T03:59:00","guid":{"rendered":"http:\/\/blogg.svenskakyrkan.se\/vandravagen\/2013\/09\/14\/en-disig-morgon-vid-skalvum-och-husaby-kyrka-fotoblogg\/"},"modified":"2013-09-14T05:59:00","modified_gmt":"2013-09-14T03:59:00","slug":"en-disig-morgon-vid-skalvum-och-husaby-kyrka-fotoblogg","status":"publish","type":"post","link":"https:\/\/blogg.svenskakyrkan.se\/vandravagen\/2013\/09\/14\/en-disig-morgon-vid-skalvum-och-husaby-kyrka-fotoblogg\/","title":{"rendered":"En disig morgon vid Sk\u00e4lvum och Husaby kyrka, fotoblogg"},"content":{"rendered":"<div><\/div>\n<table align=\"center\" cellpadding=\"0\" cellspacing=\"0\">\n<tbody>\n<tr>\n<td><a href=\"http:\/\/3.bp.blogspot.com\/-WKsKbP-ItN8\/UjNcyTmnB6I\/AAAAAAAAFQk\/N3hLPDmYUag\/s1600\/DSC_0874.jpg\"><img loading=\"lazy\" decoding=\"async\" border=\"0\" height=\"266\" src=\"http:\/\/3.bp.blogspot.com\/-WKsKbP-ItN8\/UjNcyTmnB6I\/AAAAAAAAFQk\/N3hLPDmYUag\/s400\/DSC_0874.jpg\" width=\"400\"><\/a><\/td>\n<\/tr>\n<tr>\n<td>Grinden till Sk\u00e4lvums kyrka<\/td>\n<\/tr>\n<\/tbody>\n<\/table>\n<div>Ny pr\u00e4st i Husaby som jag \u00e4r finns det pl\u00f6tsligt en massa nya vackra platser att fotografera. P\u00e5 v\u00e4g till Husaby passerar jag en annan av Husaby pastorats fantastiska kyrkor, Sk\u00e4lvums kyrka som h\u00e5llit formen mycket bra \u00e4nd\u00e5 sedan medeltiden. V\u00e4l v\u00e4rt ett bes\u00f6k d\u00e4r den st\u00e5r l\u00e4ngs v\u00e4gen G\u00f6tene-Lidk\u00f6ping. Jag \u00e5terkommer med inv\u00e4ndiga kort en annan dag.<\/div>\n<div><\/div>\n<div><\/div>\n<div><a href=\"http:\/\/2.bp.blogspot.com\/-aCMLg9Jhy3Y\/UjNcz-FVMBI\/AAAAAAAAFRI\/ZEkIDUibZOw\/s1600\/DSC_0884.jpg\"><img loading=\"lazy\" decoding=\"async\" border=\"0\" height=\"426\" src=\"http:\/\/2.bp.blogspot.com\/-aCMLg9Jhy3Y\/UjNcz-FVMBI\/AAAAAAAAFRI\/ZEkIDUibZOw\/s640\/DSC_0884.jpg\" width=\"640\"><\/a><\/div>\n<div><\/div>\n<div><\/div>\n<p>Ett robust torn med en karakteristiskt kolonett mellan f\u00f6nstergluggarna d\u00e4r uppe.<\/p>\n<div><a href=\"http:\/\/2.bp.blogspot.com\/-EdSsYs7gszQ\/UjNcyUOZOWI\/AAAAAAAAFQo\/FvjNMq_Ob_E\/s1600\/DSC_0879.jpg\"><img loading=\"lazy\" decoding=\"async\" border=\"0\" height=\"426\" src=\"http:\/\/2.bp.blogspot.com\/-EdSsYs7gszQ\/UjNcyUOZOWI\/AAAAAAAAFQo\/FvjNMq_Ob_E\/s640\/DSC_0879.jpg\" width=\"640\"><\/a><\/div>\n<div><\/div>\n<div>Och p\u00e5 \u00e5krarna utanf\u00f6r muren st\u00e5r dimman t\u00e4t. Suggestivt och st\u00e4mningsfullt (och r\u00e4tt bl\u00f6tt i gr\u00e4set).<\/div>\n<div><\/div>\n<div><\/div>\n<\/p>\n<div><a href=\"http:\/\/4.bp.blogspot.com\/-c9n6a_oHGQI\/UjNcyVIodfI\/AAAAAAAAFRY\/11uA632mrbg\/s1600\/DSC_0880.jpg\"><img loading=\"lazy\" decoding=\"async\" border=\"0\" height=\"640\" src=\"http:\/\/4.bp.blogspot.com\/-c9n6a_oHGQI\/UjNcyVIodfI\/AAAAAAAAFRY\/11uA632mrbg\/s640\/DSC_0880.jpg\" width=\"425\"><\/a><\/div>\n<div><\/div>\n<div><\/div>\n<div>Koret avslutas i en vacker rundel, en absid (s\u00e5 heter det p\u00e5 tunnelt\u00e4lt ocks\u00e5 s\u00e5 det kan man l\u00e4tt l\u00e4ra sig&#8230;).<\/div>\n<\/p>\n<div><a href=\"http:\/\/1.bp.blogspot.com\/-D5mudABWyOg\/UjNczLtTiCI\/AAAAAAAAFQ0\/pVVtJmClcN0\/s1600\/DSC_0882.jpg\"><img loading=\"lazy\" decoding=\"async\" border=\"0\" height=\"426\" src=\"http:\/\/1.bp.blogspot.com\/-D5mudABWyOg\/UjNczLtTiCI\/AAAAAAAAFQ0\/pVVtJmClcN0\/s640\/DSC_0882.jpg\" width=\"640\"><\/a><\/div>\n<div><\/div>\n<div>Kykog\u00e5rdsmuren.<\/div>\n<\/p>\n<div><a href=\"http:\/\/2.bp.blogspot.com\/-9thR3I8xtBc\/UjNczeBXtQI\/AAAAAAAAFQ4\/qLAJ7L0wSfc\/s1600\/DSC_0883.jpg\"><img loading=\"lazy\" decoding=\"async\" border=\"0\" height=\"400\" src=\"http:\/\/2.bp.blogspot.com\/-9thR3I8xtBc\/UjNczeBXtQI\/AAAAAAAAFQ4\/qLAJ7L0wSfc\/s400\/DSC_0883.jpg\" width=\"266\"><\/a><\/div>\n<div><\/div>\n<div>Vackert ljus som silade ner genom diset \u00f6ver kyrkans alla delar och tak.<\/div>\n<\/p>\n<div><\/div>\n<\/p>\n<div><a href=\"http:\/\/4.bp.blogspot.com\/-XcKCRd_HSsQ\/UjNc0PIfUhI\/AAAAAAAAFRE\/0BNnenalb1M\/s1600\/DSC_0885.jpg\"><img loading=\"lazy\" decoding=\"async\" border=\"0\" height=\"266\" src=\"http:\/\/4.bp.blogspot.com\/-XcKCRd_HSsQ\/UjNc0PIfUhI\/AAAAAAAAFRE\/0BNnenalb1M\/s400\/DSC_0885.jpg\" width=\"400\"><\/a><\/div>\n<div><\/div>\n<div>Och \u00e4nnu en vy ut i dimman.<\/div>\n<\/p>\n<div><a href=\"http:\/\/4.bp.blogspot.com\/-Bt5aMkZ6VEY\/UjNc040L9OI\/AAAAAAAAFSI\/izzfFhDai54\/s1600\/DSC_0886.jpg\"><img loading=\"lazy\" decoding=\"async\" border=\"0\" height=\"640\" src=\"http:\/\/4.bp.blogspot.com\/-Bt5aMkZ6VEY\/UjNc040L9OI\/AAAAAAAAFSI\/izzfFhDai54\/s640\/DSC_0886.jpg\" width=\"426\"><\/a><\/div>\n<div><\/div>\n<div>H\u00f6sten har kommit p\u00e5 allvar nu.<\/div>\n<div><\/div>\n<\/p>\n<div><a href=\"http:\/\/3.bp.blogspot.com\/-J1XTDe0Zzo8\/UjNc1UUZCGI\/AAAAAAAAFRU\/T-IVC2IcPgk\/s1600\/DSC_0887.jpg\"><img loading=\"lazy\" decoding=\"async\" border=\"0\" height=\"426\" src=\"http:\/\/3.bp.blogspot.com\/-J1XTDe0Zzo8\/UjNc1UUZCGI\/AAAAAAAAFRU\/T-IVC2IcPgk\/s640\/DSC_0887.jpg\" width=\"640\"><\/a><\/div>\n<div><\/div>\n<div>Det h\u00e4r kortet har m\u00e5nga skikt p\u00e5 olika avst\u00e5nd i dimman, jag tycker det blir v\u00e4ldigt effektfullt!<\/div>\n<\/p>\n<div><a href=\"http:\/\/2.bp.blogspot.com\/-LGiquDajg64\/UjNc2XsESkI\/AAAAAAAAFRk\/xpKbLOSevFg\/s1600\/DSC_0889.jpg\"><img loading=\"lazy\" decoding=\"async\" border=\"0\" height=\"266\" src=\"http:\/\/2.bp.blogspot.com\/-LGiquDajg64\/UjNc2XsESkI\/AAAAAAAAFRk\/xpKbLOSevFg\/s400\/DSC_0889.jpg\" width=\"400\"><\/a><\/div>\n<\/p>\n<div><a href=\"http:\/\/4.bp.blogspot.com\/-0hkMqkbsOAc\/UjNc2KJH7EI\/AAAAAAAAFRo\/oNaVegAN45Q\/s1600\/DSC_0888.jpg\"><img loading=\"lazy\" decoding=\"async\" border=\"0\" height=\"426\" src=\"http:\/\/4.bp.blogspot.com\/-0hkMqkbsOAc\/UjNc2KJH7EI\/AAAAAAAAFRo\/oNaVegAN45Q\/s640\/DSC_0888.jpg\" width=\"640\"><\/a><\/div>\n<div><\/div>\n<div><\/div>\n<div>Men s\u00e5 for jag vidare fr\u00e5n Sk\u00e4lvum upp till expeditionen i Husaby och d\u00e4r uppe var det lika dimmigt. H\u00e4r en vy ut \u00f6ver nejderna fr\u00e5n kyrkog\u00e5rden:<\/div>\n<div><\/div>\n<div><\/div>\n<div><a href=\"http:\/\/1.bp.blogspot.com\/-1meja8yWx6U\/UjNc3sbcF8I\/AAAAAAAAFR4\/2_upED9I-Uc\/s1600\/DSC_0892.jpg\"><img loading=\"lazy\" decoding=\"async\" border=\"0\" height=\"426\" src=\"http:\/\/1.bp.blogspot.com\/-1meja8yWx6U\/UjNc3sbcF8I\/AAAAAAAAFR4\/2_upED9I-Uc\/s640\/DSC_0892.jpg\" width=\"640\"><\/a><\/div>\n<div><\/div>\n<div><\/div>\n<div>Och s\u00e5 det d\u00e4r vackra ljuset igen, \u00f6ver\u00a0<span>Husaby kyrka!<\/span><\/div>\n<div><\/div>\n<div><a href=\"http:\/\/2.bp.blogspot.com\/--2ZtVAnlHbs\/UjNc3C36RFI\/AAAAAAAAFR0\/ub1Ulu_GBWU\/s1600\/DSC_0891.jpg\"><img loading=\"lazy\" decoding=\"async\" border=\"0\" height=\"426\" src=\"http:\/\/2.bp.blogspot.com\/--2ZtVAnlHbs\/UjNc3C36RFI\/AAAAAAAAFR0\/ub1Ulu_GBWU\/s640\/DSC_0891.jpg\" width=\"640\"><\/a><\/div>\n<\/p>\n<div>Och s\u00e5 till slut \u00e4nnu en vy ut \u00f6ver nejden, fint inramat av tr\u00e4det.<\/div>\n<\/p>\n<div><a href=\"http:\/\/4.bp.blogspot.com\/-Razr4h57vC8\/UjNc4Hu3jbI\/AAAAAAAAFSE\/9a4ZrqxVlHE\/s1600\/DSC_0894.jpg\"><img loading=\"lazy\" decoding=\"async\" border=\"0\" height=\"426\" src=\"http:\/\/4.bp.blogspot.com\/-Razr4h57vC8\/UjNc4Hu3jbI\/AAAAAAAAFSE\/9a4ZrqxVlHE\/s640\/DSC_0894.jpg\" width=\"640\"><\/a><\/div><\/p>\n","protected":false},"excerpt":{"rendered":"<p>Grinden till Sk\u00e4lvums kyrka Ny pr\u00e4st i Husaby som jag \u00e4r finns det pl\u00f6tsligt en massa nya vackra platser att fotografera. P\u00e5 v\u00e4g till Husaby passerar jag en annan av Husaby pastorats fantastiska kyrkor, Sk\u00e4lvums kyrka som h\u00e5llit formen mycket bra \u00e4nd\u00e5 sedan medeltiden. V\u00e4l v\u00e4rt ett bes\u00f6k d\u00e4r den st\u00e5r l\u00e4ngs v\u00e4gen G\u00f6tene-Lidk\u00f6ping. Jag [&hellip;]<\/p>\n","protected":false},"author":392,"featured_media":0,"comment_status":"open","ping_status":"open","sticky":false,"template":"","format":"standard","meta":{"_acf_changed":false,"footnotes":""},"categories":[56],"tags":[],"class_list":["post-356","post","type-post","status-publish","format-standard","hentry","category-bilder"],"acf":[],"yoast_head":"<!-- This site is optimized with the Yoast SEO plugin v27.1.1 - https:\/\/yoast.com\/product\/yoast-seo-wordpress\/ -->\n<title>En disig morgon vid Sk\u00e4lvum och Husaby kyrka, fotoblogg - Vandra V\u00e4gen<\/title>\n<meta name=\"robots\" content=\"index, follow, max-snippet:-1, max-image-preview:large, max-video-preview:-1\" \/>\n<link rel=\"canonical\" href=\"https:\/\/blogg.svenskakyrkan.se\/vandravagen\/2013\/09\/14\/en-disig-morgon-vid-skalvum-och-husaby-kyrka-fotoblogg\/\" \/>\n<meta property=\"og:locale\" content=\"sv_SE\" \/>\n<meta property=\"og:type\" content=\"article\" \/>\n<meta property=\"og:title\" content=\"En disig morgon vid Sk\u00e4lvum och Husaby kyrka, fotoblogg - Vandra V\u00e4gen\" \/>\n<meta property=\"og:description\" content=\"Grinden till Sk\u00e4lvums kyrka Ny pr\u00e4st i Husaby som jag \u00e4r finns det pl\u00f6tsligt en massa nya vackra platser att fotografera. P\u00e5 v\u00e4g till Husaby passerar jag en annan av Husaby pastorats fantastiska kyrkor, Sk\u00e4lvums kyrka som h\u00e5llit formen mycket bra \u00e4nd\u00e5 sedan medeltiden. V\u00e4l v\u00e4rt ett bes\u00f6k d\u00e4r den st\u00e5r l\u00e4ngs v\u00e4gen G\u00f6tene-Lidk\u00f6ping. Jag [&hellip;]\" \/>\n<meta property=\"og:url\" content=\"https:\/\/blogg.svenskakyrkan.se\/vandravagen\/2013\/09\/14\/en-disig-morgon-vid-skalvum-och-husaby-kyrka-fotoblogg\/\" \/>\n<meta property=\"og:site_name\" content=\"Vandra V\u00e4gen\" \/>\n<meta property=\"article:publisher\" content=\"http:\/\/facebook.com\/vandravagen\" \/>\n<meta property=\"article:published_time\" content=\"2013-09-14T03:59:00+00:00\" \/>\n<meta property=\"og:image\" content=\"http:\/\/3.bp.blogspot.com\/-WKsKbP-ItN8\/UjNcyTmnB6I\/AAAAAAAAFQk\/N3hLPDmYUag\/s400\/DSC_0874.jpg\" \/>\n<meta name=\"author\" content=\"Tomas Jarvid\" \/>\n<meta name=\"twitter:card\" content=\"summary_large_image\" \/>\n<meta name=\"twitter:creator\" content=\"@fadertomas\" \/>\n<meta name=\"twitter:site\" content=\"@fadertomas\" \/>\n<meta name=\"twitter:label1\" content=\"Skriven av\" \/>\n\t<meta name=\"twitter:data1\" content=\"Tomas Jarvid\" \/>\n\t<meta name=\"twitter:label2\" content=\"Ber\u00e4knad l\u00e4stid\" \/>\n\t<meta name=\"twitter:data2\" content=\"1 minut\" \/>\n<script type=\"application\/ld+json\" class=\"yoast-schema-graph\">{\"@context\":\"https:\/\/schema.org\",\"@graph\":[{\"@type\":\"Article\",\"@id\":\"https:\/\/blogg.svenskakyrkan.se\/vandravagen\/2013\/09\/14\/en-disig-morgon-vid-skalvum-och-husaby-kyrka-fotoblogg\/#article\",\"isPartOf\":{\"@id\":\"https:\/\/blogg.svenskakyrkan.se\/vandravagen\/2013\/09\/14\/en-disig-morgon-vid-skalvum-och-husaby-kyrka-fotoblogg\/\"},\"author\":{\"name\":\"Tomas Jarvid\",\"@id\":\"https:\/\/blogg.svenskakyrkan.se\/vandravagen\/#\/schema\/person\/25da02d4f76b137d04291711e2c9fc16\"},\"headline\":\"En disig morgon vid Sk\u00e4lvum och Husaby kyrka, fotoblogg\",\"datePublished\":\"2013-09-14T03:59:00+00:00\",\"mainEntityOfPage\":{\"@id\":\"https:\/\/blogg.svenskakyrkan.se\/vandravagen\/2013\/09\/14\/en-disig-morgon-vid-skalvum-och-husaby-kyrka-fotoblogg\/\"},\"wordCount\":257,\"commentCount\":8,\"publisher\":{\"@id\":\"https:\/\/blogg.svenskakyrkan.se\/vandravagen\/#organization\"},\"image\":{\"@id\":\"https:\/\/blogg.svenskakyrkan.se\/vandravagen\/2013\/09\/14\/en-disig-morgon-vid-skalvum-och-husaby-kyrka-fotoblogg\/#primaryimage\"},\"thumbnailUrl\":\"http:\/\/3.bp.blogspot.com\/-WKsKbP-ItN8\/UjNcyTmnB6I\/AAAAAAAAFQk\/N3hLPDmYUag\/s400\/DSC_0874.jpg\",\"articleSection\":[\"bilder\"],\"inLanguage\":\"sv-SE\",\"potentialAction\":[{\"@type\":\"CommentAction\",\"name\":\"Comment\",\"target\":[\"https:\/\/blogg.svenskakyrkan.se\/vandravagen\/2013\/09\/14\/en-disig-morgon-vid-skalvum-och-husaby-kyrka-fotoblogg\/#respond\"]}]},{\"@type\":\"WebPage\",\"@id\":\"https:\/\/blogg.svenskakyrkan.se\/vandravagen\/2013\/09\/14\/en-disig-morgon-vid-skalvum-och-husaby-kyrka-fotoblogg\/\",\"url\":\"https:\/\/blogg.svenskakyrkan.se\/vandravagen\/2013\/09\/14\/en-disig-morgon-vid-skalvum-och-husaby-kyrka-fotoblogg\/\",\"name\":\"En disig morgon vid Sk\u00e4lvum och Husaby kyrka, fotoblogg - Vandra V\u00e4gen\",\"isPartOf\":{\"@id\":\"https:\/\/blogg.svenskakyrkan.se\/vandravagen\/#website\"},\"primaryImageOfPage\":{\"@id\":\"https:\/\/blogg.svenskakyrkan.se\/vandravagen\/2013\/09\/14\/en-disig-morgon-vid-skalvum-och-husaby-kyrka-fotoblogg\/#primaryimage\"},\"image\":{\"@id\":\"https:\/\/blogg.svenskakyrkan.se\/vandravagen\/2013\/09\/14\/en-disig-morgon-vid-skalvum-och-husaby-kyrka-fotoblogg\/#primaryimage\"},\"thumbnailUrl\":\"http:\/\/3.bp.blogspot.com\/-WKsKbP-ItN8\/UjNcyTmnB6I\/AAAAAAAAFQk\/N3hLPDmYUag\/s400\/DSC_0874.jpg\",\"datePublished\":\"2013-09-14T03:59:00+00:00\",\"breadcrumb\":{\"@id\":\"https:\/\/blogg.svenskakyrkan.se\/vandravagen\/2013\/09\/14\/en-disig-morgon-vid-skalvum-och-husaby-kyrka-fotoblogg\/#breadcrumb\"},\"inLanguage\":\"sv-SE\",\"potentialAction\":[{\"@type\":\"ReadAction\",\"target\":[\"https:\/\/blogg.svenskakyrkan.se\/vandravagen\/2013\/09\/14\/en-disig-morgon-vid-skalvum-och-husaby-kyrka-fotoblogg\/\"]}]},{\"@type\":\"ImageObject\",\"inLanguage\":\"sv-SE\",\"@id\":\"https:\/\/blogg.svenskakyrkan.se\/vandravagen\/2013\/09\/14\/en-disig-morgon-vid-skalvum-och-husaby-kyrka-fotoblogg\/#primaryimage\",\"url\":\"http:\/\/3.bp.blogspot.com\/-WKsKbP-ItN8\/UjNcyTmnB6I\/AAAAAAAAFQk\/N3hLPDmYUag\/s400\/DSC_0874.jpg\",\"contentUrl\":\"http:\/\/3.bp.blogspot.com\/-WKsKbP-ItN8\/UjNcyTmnB6I\/AAAAAAAAFQk\/N3hLPDmYUag\/s400\/DSC_0874.jpg\"},{\"@type\":\"BreadcrumbList\",\"@id\":\"https:\/\/blogg.svenskakyrkan.se\/vandravagen\/2013\/09\/14\/en-disig-morgon-vid-skalvum-och-husaby-kyrka-fotoblogg\/#breadcrumb\",\"itemListElement\":[{\"@type\":\"ListItem\",\"position\":1,\"name\":\"Hem\",\"item\":\"https:\/\/blogg.svenskakyrkan.se\/vandravagen\/\"},{\"@type\":\"ListItem\",\"position\":2,\"name\":\"En disig morgon vid Sk\u00e4lvum och Husaby kyrka, fotoblogg\"}]},{\"@type\":\"WebSite\",\"@id\":\"https:\/\/blogg.svenskakyrkan.se\/vandravagen\/#website\",\"url\":\"https:\/\/blogg.svenskakyrkan.se\/vandravagen\/\",\"name\":\"Vandra V\u00e4gen\",\"description\":\"-Mot en tro f\u00f6r hela livet\",\"publisher\":{\"@id\":\"https:\/\/blogg.svenskakyrkan.se\/vandravagen\/#organization\"},\"potentialAction\":[{\"@type\":\"SearchAction\",\"target\":{\"@type\":\"EntryPoint\",\"urlTemplate\":\"https:\/\/blogg.svenskakyrkan.se\/vandravagen\/?s={search_term_string}\"},\"query-input\":{\"@type\":\"PropertyValueSpecification\",\"valueRequired\":true,\"valueName\":\"search_term_string\"}}],\"inLanguage\":\"sv-SE\"},{\"@type\":\"Organization\",\"@id\":\"https:\/\/blogg.svenskakyrkan.se\/vandravagen\/#organization\",\"name\":\"ulricehamns pastorat\",\"alternateName\":\"ulricehamns pastorat\",\"url\":\"https:\/\/blogg.svenskakyrkan.se\/vandravagen\/\",\"logo\":{\"@type\":\"ImageObject\",\"inLanguage\":\"sv-SE\",\"@id\":\"https:\/\/blogg.svenskakyrkan.se\/vandravagen\/#\/schema\/logo\/image\/\",\"url\":\"https:\/\/blogg.svenskakyrkan.se\/vandravagen\/files\/2023\/05\/Ulr_logo_RGB.png\",\"contentUrl\":\"https:\/\/blogg.svenskakyrkan.se\/vandravagen\/files\/2023\/05\/Ulr_logo_RGB.png\",\"width\":205,\"height\":77,\"caption\":\"ulricehamns pastorat\"},\"image\":{\"@id\":\"https:\/\/blogg.svenskakyrkan.se\/vandravagen\/#\/schema\/logo\/image\/\"},\"sameAs\":[\"http:\/\/facebook.com\/vandravagen\",\"https:\/\/x.com\/fadertomas\",\"http:\/\/www.facebook.com\/svenskakyrkaniulricehamn\"]},{\"@type\":\"Person\",\"@id\":\"https:\/\/blogg.svenskakyrkan.se\/vandravagen\/#\/schema\/person\/25da02d4f76b137d04291711e2c9fc16\",\"name\":\"Tomas Jarvid\",\"image\":{\"@type\":\"ImageObject\",\"inLanguage\":\"sv-SE\",\"@id\":\"https:\/\/blogg.svenskakyrkan.se\/vandravagen\/#\/schema\/person\/image\/\",\"url\":\"https:\/\/secure.gravatar.com\/avatar\/7fa71899795e8f540f615a1f5ab25255dc27aa40f05ee7ddd21aac521e01bf50?s=96&d=identicon&r=g\",\"contentUrl\":\"https:\/\/secure.gravatar.com\/avatar\/7fa71899795e8f540f615a1f5ab25255dc27aa40f05ee7ddd21aac521e01bf50?s=96&d=identicon&r=g\",\"caption\":\"Tomas Jarvid\"},\"description\":\"Jag bor i Ulricehamn i V\u00e4sterg\u00f6tland och \u00e4r f\u00f6rsamlingspr\u00e4st i Svenska Kyrkan f\u00f6r Dalstorps f\u00f6rsamling i Kinds pastorat. P\u00e5 den h\u00e4r bloggen skriver jag ner tankar om vandringen som kristen.\",\"sameAs\":[\"http:\/\/www.vandravagen.se\"],\"url\":\"https:\/\/blogg.svenskakyrkan.se\/vandravagen\/author\/vandravagen\/\"}]}<\/script>\n<!-- \/ Yoast SEO plugin. -->","yoast_head_json":{"title":"En disig morgon vid Sk\u00e4lvum och Husaby kyrka, fotoblogg - Vandra V\u00e4gen","robots":{"index":"index","follow":"follow","max-snippet":"max-snippet:-1","max-image-preview":"max-image-preview:large","max-video-preview":"max-video-preview:-1"},"canonical":"https:\/\/blogg.svenskakyrkan.se\/vandravagen\/2013\/09\/14\/en-disig-morgon-vid-skalvum-och-husaby-kyrka-fotoblogg\/","og_locale":"sv_SE","og_type":"article","og_title":"En disig morgon vid Sk\u00e4lvum och Husaby kyrka, fotoblogg - Vandra V\u00e4gen","og_description":"Grinden till Sk\u00e4lvums kyrka Ny pr\u00e4st i Husaby som jag \u00e4r finns det pl\u00f6tsligt en massa nya vackra platser att fotografera. P\u00e5 v\u00e4g till Husaby passerar jag en annan av Husaby pastorats fantastiska kyrkor, Sk\u00e4lvums kyrka som h\u00e5llit formen mycket bra \u00e4nd\u00e5 sedan medeltiden. V\u00e4l v\u00e4rt ett bes\u00f6k d\u00e4r den st\u00e5r l\u00e4ngs v\u00e4gen G\u00f6tene-Lidk\u00f6ping. Jag [&hellip;]","og_url":"https:\/\/blogg.svenskakyrkan.se\/vandravagen\/2013\/09\/14\/en-disig-morgon-vid-skalvum-och-husaby-kyrka-fotoblogg\/","og_site_name":"Vandra V\u00e4gen","article_publisher":"http:\/\/facebook.com\/vandravagen","article_published_time":"2013-09-14T03:59:00+00:00","og_image":[{"url":"http:\/\/3.bp.blogspot.com\/-WKsKbP-ItN8\/UjNcyTmnB6I\/AAAAAAAAFQk\/N3hLPDmYUag\/s400\/DSC_0874.jpg","type":"","width":"","height":""}],"author":"Tomas Jarvid","twitter_card":"summary_large_image","twitter_creator":"@fadertomas","twitter_site":"@fadertomas","twitter_misc":{"Skriven av":"Tomas Jarvid","Ber\u00e4knad l\u00e4stid":"1 minut"},"schema":{"@context":"https:\/\/schema.org","@graph":[{"@type":"Article","@id":"https:\/\/blogg.svenskakyrkan.se\/vandravagen\/2013\/09\/14\/en-disig-morgon-vid-skalvum-och-husaby-kyrka-fotoblogg\/#article","isPartOf":{"@id":"https:\/\/blogg.svenskakyrkan.se\/vandravagen\/2013\/09\/14\/en-disig-morgon-vid-skalvum-och-husaby-kyrka-fotoblogg\/"},"author":{"name":"Tomas Jarvid","@id":"https:\/\/blogg.svenskakyrkan.se\/vandravagen\/#\/schema\/person\/25da02d4f76b137d04291711e2c9fc16"},"headline":"En disig morgon vid Sk\u00e4lvum och Husaby kyrka, fotoblogg","datePublished":"2013-09-14T03:59:00+00:00","mainEntityOfPage":{"@id":"https:\/\/blogg.svenskakyrkan.se\/vandravagen\/2013\/09\/14\/en-disig-morgon-vid-skalvum-och-husaby-kyrka-fotoblogg\/"},"wordCount":257,"commentCount":8,"publisher":{"@id":"https:\/\/blogg.svenskakyrkan.se\/vandravagen\/#organization"},"image":{"@id":"https:\/\/blogg.svenskakyrkan.se\/vandravagen\/2013\/09\/14\/en-disig-morgon-vid-skalvum-och-husaby-kyrka-fotoblogg\/#primaryimage"},"thumbnailUrl":"http:\/\/3.bp.blogspot.com\/-WKsKbP-ItN8\/UjNcyTmnB6I\/AAAAAAAAFQk\/N3hLPDmYUag\/s400\/DSC_0874.jpg","articleSection":["bilder"],"inLanguage":"sv-SE","potentialAction":[{"@type":"CommentAction","name":"Comment","target":["https:\/\/blogg.svenskakyrkan.se\/vandravagen\/2013\/09\/14\/en-disig-morgon-vid-skalvum-och-husaby-kyrka-fotoblogg\/#respond"]}]},{"@type":"WebPage","@id":"https:\/\/blogg.svenskakyrkan.se\/vandravagen\/2013\/09\/14\/en-disig-morgon-vid-skalvum-och-husaby-kyrka-fotoblogg\/","url":"https:\/\/blogg.svenskakyrkan.se\/vandravagen\/2013\/09\/14\/en-disig-morgon-vid-skalvum-och-husaby-kyrka-fotoblogg\/","name":"En disig morgon vid Sk\u00e4lvum och Husaby kyrka, fotoblogg - Vandra V\u00e4gen","isPartOf":{"@id":"https:\/\/blogg.svenskakyrkan.se\/vandravagen\/#website"},"primaryImageOfPage":{"@id":"https:\/\/blogg.svenskakyrkan.se\/vandravagen\/2013\/09\/14\/en-disig-morgon-vid-skalvum-och-husaby-kyrka-fotoblogg\/#primaryimage"},"image":{"@id":"https:\/\/blogg.svenskakyrkan.se\/vandravagen\/2013\/09\/14\/en-disig-morgon-vid-skalvum-och-husaby-kyrka-fotoblogg\/#primaryimage"},"thumbnailUrl":"http:\/\/3.bp.blogspot.com\/-WKsKbP-ItN8\/UjNcyTmnB6I\/AAAAAAAAFQk\/N3hLPDmYUag\/s400\/DSC_0874.jpg","datePublished":"2013-09-14T03:59:00+00:00","breadcrumb":{"@id":"https:\/\/blogg.svenskakyrkan.se\/vandravagen\/2013\/09\/14\/en-disig-morgon-vid-skalvum-och-husaby-kyrka-fotoblogg\/#breadcrumb"},"inLanguage":"sv-SE","potentialAction":[{"@type":"ReadAction","target":["https:\/\/blogg.svenskakyrkan.se\/vandravagen\/2013\/09\/14\/en-disig-morgon-vid-skalvum-och-husaby-kyrka-fotoblogg\/"]}]},{"@type":"ImageObject","inLanguage":"sv-SE","@id":"https:\/\/blogg.svenskakyrkan.se\/vandravagen\/2013\/09\/14\/en-disig-morgon-vid-skalvum-och-husaby-kyrka-fotoblogg\/#primaryimage","url":"http:\/\/3.bp.blogspot.com\/-WKsKbP-ItN8\/UjNcyTmnB6I\/AAAAAAAAFQk\/N3hLPDmYUag\/s400\/DSC_0874.jpg","contentUrl":"http:\/\/3.bp.blogspot.com\/-WKsKbP-ItN8\/UjNcyTmnB6I\/AAAAAAAAFQk\/N3hLPDmYUag\/s400\/DSC_0874.jpg"},{"@type":"BreadcrumbList","@id":"https:\/\/blogg.svenskakyrkan.se\/vandravagen\/2013\/09\/14\/en-disig-morgon-vid-skalvum-och-husaby-kyrka-fotoblogg\/#breadcrumb","itemListElement":[{"@type":"ListItem","position":1,"name":"Hem","item":"https:\/\/blogg.svenskakyrkan.se\/vandravagen\/"},{"@type":"ListItem","position":2,"name":"En disig morgon vid Sk\u00e4lvum och Husaby kyrka, fotoblogg"}]},{"@type":"WebSite","@id":"https:\/\/blogg.svenskakyrkan.se\/vandravagen\/#website","url":"https:\/\/blogg.svenskakyrkan.se\/vandravagen\/","name":"Vandra V\u00e4gen","description":"-Mot en tro f\u00f6r hela livet","publisher":{"@id":"https:\/\/blogg.svenskakyrkan.se\/vandravagen\/#organization"},"potentialAction":[{"@type":"SearchAction","target":{"@type":"EntryPoint","urlTemplate":"https:\/\/blogg.svenskakyrkan.se\/vandravagen\/?s={search_term_string}"},"query-input":{"@type":"PropertyValueSpecification","valueRequired":true,"valueName":"search_term_string"}}],"inLanguage":"sv-SE"},{"@type":"Organization","@id":"https:\/\/blogg.svenskakyrkan.se\/vandravagen\/#organization","name":"ulricehamns pastorat","alternateName":"ulricehamns pastorat","url":"https:\/\/blogg.svenskakyrkan.se\/vandravagen\/","logo":{"@type":"ImageObject","inLanguage":"sv-SE","@id":"https:\/\/blogg.svenskakyrkan.se\/vandravagen\/#\/schema\/logo\/image\/","url":"https:\/\/blogg.svenskakyrkan.se\/vandravagen\/files\/2023\/05\/Ulr_logo_RGB.png","contentUrl":"https:\/\/blogg.svenskakyrkan.se\/vandravagen\/files\/2023\/05\/Ulr_logo_RGB.png","width":205,"height":77,"caption":"ulricehamns pastorat"},"image":{"@id":"https:\/\/blogg.svenskakyrkan.se\/vandravagen\/#\/schema\/logo\/image\/"},"sameAs":["http:\/\/facebook.com\/vandravagen","https:\/\/x.com\/fadertomas","http:\/\/www.facebook.com\/svenskakyrkaniulricehamn"]},{"@type":"Person","@id":"https:\/\/blogg.svenskakyrkan.se\/vandravagen\/#\/schema\/person\/25da02d4f76b137d04291711e2c9fc16","name":"Tomas Jarvid","image":{"@type":"ImageObject","inLanguage":"sv-SE","@id":"https:\/\/blogg.svenskakyrkan.se\/vandravagen\/#\/schema\/person\/image\/","url":"https:\/\/secure.gravatar.com\/avatar\/7fa71899795e8f540f615a1f5ab25255dc27aa40f05ee7ddd21aac521e01bf50?s=96&d=identicon&r=g","contentUrl":"https:\/\/secure.gravatar.com\/avatar\/7fa71899795e8f540f615a1f5ab25255dc27aa40f05ee7ddd21aac521e01bf50?s=96&d=identicon&r=g","caption":"Tomas Jarvid"},"description":"Jag bor i Ulricehamn i V\u00e4sterg\u00f6tland och \u00e4r f\u00f6rsamlingspr\u00e4st i Svenska Kyrkan f\u00f6r Dalstorps f\u00f6rsamling i Kinds pastorat. P\u00e5 den h\u00e4r bloggen skriver jag ner tankar om vandringen som kristen.","sameAs":["http:\/\/www.vandravagen.se"],"url":"https:\/\/blogg.svenskakyrkan.se\/vandravagen\/author\/vandravagen\/"}]}},"author_meta":{"ID":"392","user_nicename":"vandravagen","user_url":"http:\/\/www.vandravagen.se","user_registered":"2014-05-19 05:44:52","display_name":"Tomas Jarvid","first_name":"Tomas","last_name":"Jarvid","avatar":"https:\/\/secure.gravatar.com\/avatar\/7fa71899795e8f540f615a1f5ab25255dc27aa40f05ee7ddd21aac521e01bf50?s=96&d=identicon&r=g"},"featured_image":false,"bloginfo":{"name":"Vandra V\u00e4gen","url":"https:\/\/blogg.svenskakyrkan.se\/vandravagen"},"_links":{"self":[{"href":"https:\/\/blogg.svenskakyrkan.se\/vandravagen\/wp-json\/wp\/v2\/posts\/356","targetHints":{"allow":["GET"]}}],"collection":[{"href":"https:\/\/blogg.svenskakyrkan.se\/vandravagen\/wp-json\/wp\/v2\/posts"}],"about":[{"href":"https:\/\/blogg.svenskakyrkan.se\/vandravagen\/wp-json\/wp\/v2\/types\/post"}],"author":[{"embeddable":true,"href":"https:\/\/blogg.svenskakyrkan.se\/vandravagen\/wp-json\/wp\/v2\/users\/392"}],"replies":[{"embeddable":true,"href":"https:\/\/blogg.svenskakyrkan.se\/vandravagen\/wp-json\/wp\/v2\/comments?post=356"}],"version-history":[{"count":0,"href":"https:\/\/blogg.svenskakyrkan.se\/vandravagen\/wp-json\/wp\/v2\/posts\/356\/revisions"}],"wp:attachment":[{"href":"https:\/\/blogg.svenskakyrkan.se\/vandravagen\/wp-json\/wp\/v2\/media?parent=356"}],"wp:term":[{"taxonomy":"category","embeddable":true,"href":"https:\/\/blogg.svenskakyrkan.se\/vandravagen\/wp-json\/wp\/v2\/categories?post=356"},{"taxonomy":"post_tag","embeddable":true,"href":"https:\/\/blogg.svenskakyrkan.se\/vandravagen\/wp-json\/wp\/v2\/tags?post=356"}],"curies":[{"name":"wp","href":"https:\/\/api.w.org\/{rel}","templated":true}]}}