{"id":357,"date":"2013-09-13T18:28:00","date_gmt":"2013-09-13T16:28:00","guid":{"rendered":"http:\/\/blogg.svenskakyrkan.se\/vandravagen\/2013\/09\/13\/vad-forestaller-bilden-del-xxv\/"},"modified":"2013-09-13T18:28:00","modified_gmt":"2013-09-13T16:28:00","slug":"vad-forestaller-bilden-del-xxv","status":"publish","type":"post","link":"https:\/\/blogg.svenskakyrkan.se\/vandravagen\/2013\/09\/13\/vad-forestaller-bilden-del-xxv\/","title":{"rendered":"Vad f\u00f6rest\u00e4ller bilden del XXV"},"content":{"rendered":"<div><a href=\"http:\/\/2.bp.blogspot.com\/-93sAZf7UND4\/UjIF_X6nDuI\/AAAAAAAAFQQ\/wQLTgrsd85Y\/s1600\/IMG_3553.jpg\"><img loading=\"lazy\" decoding=\"async\" border=\"0\" height=\"400\" src=\"http:\/\/2.bp.blogspot.com\/-93sAZf7UND4\/UjIF_X6nDuI\/AAAAAAAAFQQ\/wQLTgrsd85Y\/s400\/IMG_3553.jpg\" width=\"302\"><\/a><\/div>\n<div><\/div>\n<div>S\u00e5 h\u00e4r s\u00e5g f\u00f6rra bildg\u00e5tan ut. Inte m\u00e5nga svarade men kanske var det \u00e4nd\u00e5 m\u00e5nga som kunde svaret?<\/div>\n<div><\/div>\n<div>Det \u00e4r kung David, k\u00e4nd som en av de stora kungarna i gamla testamentet (och d\u00e4rf\u00f6r ocks\u00e5 som en slags f\u00f6reg\u00e5ngare till Jesus, den sanne kungen). Han ska ha spelat p\u00e5 harpa och lugnat sin pl\u00e5gade f\u00f6retr\u00e4dare kung Saul p\u00e5 det s\u00e4ttet. Dessutom \u00e4r m\u00e5nga av psalmerna i psaltaren tillskrivna honom.<\/div>\n<div><\/div>\n<div><\/div>\n<div><\/div>\n<div>H\u00e4r \u00e4r en ny g\u00e5ta att bita i! Vad f\u00f6rest\u00e4ller den h\u00e4r bilden?<\/div>\n<div><\/div>\n<\/p>\n<div><a href=\"http:\/\/4.bp.blogspot.com\/-PBVSf7c2vbI\/UjIF_fYQ34I\/AAAAAAAAFQM\/fONeUhtJoX8\/s1600\/ut+ur+paradiset.jpg\"><img loading=\"lazy\" decoding=\"async\" border=\"0\" height=\"530\" src=\"http:\/\/4.bp.blogspot.com\/-PBVSf7c2vbI\/UjIF_fYQ34I\/AAAAAAAAFQM\/fONeUhtJoX8\/s640\/ut+ur+paradiset.jpg\" width=\"640\"><\/a><\/div><\/p>\n","protected":false},"excerpt":{"rendered":"<p>S\u00e5 h\u00e4r s\u00e5g f\u00f6rra bildg\u00e5tan ut. Inte m\u00e5nga svarade men kanske var det \u00e4nd\u00e5 m\u00e5nga som kunde svaret? Det \u00e4r kung David, k\u00e4nd som en av de stora kungarna i gamla testamentet (och d\u00e4rf\u00f6r ocks\u00e5 som en slags f\u00f6reg\u00e5ngare till Jesus, den sanne kungen). Han ska ha spelat p\u00e5 harpa och lugnat sin pl\u00e5gade f\u00f6retr\u00e4dare [&hellip;]<\/p>\n","protected":false},"author":392,"featured_media":0,"comment_status":"open","ping_status":"open","sticky":false,"template":"","format":"standard","meta":{"_acf_changed":false,"footnotes":""},"categories":[79126],"tags":[],"class_list":["post-357","post","type-post","status-publish","format-standard","hentry","category-bildgatan"],"acf":[],"yoast_head":"<!-- This site is optimized with the Yoast SEO plugin v27.1.1 - https:\/\/yoast.com\/product\/yoast-seo-wordpress\/ -->\n<title>Vad f\u00f6rest\u00e4ller bilden del XXV - Vandra V\u00e4gen<\/title>\n<meta name=\"robots\" content=\"index, follow, max-snippet:-1, max-image-preview:large, max-video-preview:-1\" \/>\n<link rel=\"canonical\" href=\"https:\/\/blogg.svenskakyrkan.se\/vandravagen\/2013\/09\/13\/vad-forestaller-bilden-del-xxv\/\" \/>\n<meta property=\"og:locale\" content=\"sv_SE\" \/>\n<meta property=\"og:type\" content=\"article\" \/>\n<meta property=\"og:title\" content=\"Vad f\u00f6rest\u00e4ller bilden del XXV - Vandra V\u00e4gen\" \/>\n<meta property=\"og:description\" content=\"S\u00e5 h\u00e4r s\u00e5g f\u00f6rra bildg\u00e5tan ut. Inte m\u00e5nga svarade men kanske var det \u00e4nd\u00e5 m\u00e5nga som kunde svaret? Det \u00e4r kung David, k\u00e4nd som en av de stora kungarna i gamla testamentet (och d\u00e4rf\u00f6r ocks\u00e5 som en slags f\u00f6reg\u00e5ngare till Jesus, den sanne kungen). Han ska ha spelat p\u00e5 harpa och lugnat sin pl\u00e5gade f\u00f6retr\u00e4dare [&hellip;]\" \/>\n<meta property=\"og:url\" content=\"https:\/\/blogg.svenskakyrkan.se\/vandravagen\/2013\/09\/13\/vad-forestaller-bilden-del-xxv\/\" \/>\n<meta property=\"og:site_name\" content=\"Vandra V\u00e4gen\" \/>\n<meta property=\"article:publisher\" content=\"http:\/\/facebook.com\/vandravagen\" \/>\n<meta property=\"article:published_time\" content=\"2013-09-13T16:28:00+00:00\" \/>\n<meta property=\"og:image\" content=\"http:\/\/2.bp.blogspot.com\/-93sAZf7UND4\/UjIF_X6nDuI\/AAAAAAAAFQQ\/wQLTgrsd85Y\/s400\/IMG_3553.jpg\" \/>\n<meta name=\"author\" content=\"Tomas Jarvid\" \/>\n<meta name=\"twitter:card\" content=\"summary_large_image\" \/>\n<meta name=\"twitter:creator\" content=\"@fadertomas\" \/>\n<meta name=\"twitter:site\" content=\"@fadertomas\" \/>\n<meta name=\"twitter:label1\" content=\"Skriven av\" \/>\n\t<meta name=\"twitter:data1\" content=\"Tomas Jarvid\" \/>\n\t<meta name=\"twitter:label2\" content=\"Ber\u00e4knad l\u00e4stid\" \/>\n\t<meta name=\"twitter:data2\" content=\"1 minut\" \/>\n<script type=\"application\/ld+json\" class=\"yoast-schema-graph\">{\"@context\":\"https:\/\/schema.org\",\"@graph\":[{\"@type\":\"Article\",\"@id\":\"https:\/\/blogg.svenskakyrkan.se\/vandravagen\/2013\/09\/13\/vad-forestaller-bilden-del-xxv\/#article\",\"isPartOf\":{\"@id\":\"https:\/\/blogg.svenskakyrkan.se\/vandravagen\/2013\/09\/13\/vad-forestaller-bilden-del-xxv\/\"},\"author\":{\"name\":\"Tomas Jarvid\",\"@id\":\"https:\/\/blogg.svenskakyrkan.se\/vandravagen\/#\/schema\/person\/25da02d4f76b137d04291711e2c9fc16\"},\"headline\":\"Vad f\u00f6rest\u00e4ller bilden del XXV\",\"datePublished\":\"2013-09-13T16:28:00+00:00\",\"mainEntityOfPage\":{\"@id\":\"https:\/\/blogg.svenskakyrkan.se\/vandravagen\/2013\/09\/13\/vad-forestaller-bilden-del-xxv\/\"},\"wordCount\":110,\"commentCount\":0,\"publisher\":{\"@id\":\"https:\/\/blogg.svenskakyrkan.se\/vandravagen\/#organization\"},\"image\":{\"@id\":\"https:\/\/blogg.svenskakyrkan.se\/vandravagen\/2013\/09\/13\/vad-forestaller-bilden-del-xxv\/#primaryimage\"},\"thumbnailUrl\":\"http:\/\/2.bp.blogspot.com\/-93sAZf7UND4\/UjIF_X6nDuI\/AAAAAAAAFQQ\/wQLTgrsd85Y\/s400\/IMG_3553.jpg\",\"articleSection\":[\"bildg\u00e5tan\"],\"inLanguage\":\"sv-SE\",\"potentialAction\":[{\"@type\":\"CommentAction\",\"name\":\"Comment\",\"target\":[\"https:\/\/blogg.svenskakyrkan.se\/vandravagen\/2013\/09\/13\/vad-forestaller-bilden-del-xxv\/#respond\"]}]},{\"@type\":\"WebPage\",\"@id\":\"https:\/\/blogg.svenskakyrkan.se\/vandravagen\/2013\/09\/13\/vad-forestaller-bilden-del-xxv\/\",\"url\":\"https:\/\/blogg.svenskakyrkan.se\/vandravagen\/2013\/09\/13\/vad-forestaller-bilden-del-xxv\/\",\"name\":\"Vad f\u00f6rest\u00e4ller bilden del XXV - Vandra V\u00e4gen\",\"isPartOf\":{\"@id\":\"https:\/\/blogg.svenskakyrkan.se\/vandravagen\/#website\"},\"primaryImageOfPage\":{\"@id\":\"https:\/\/blogg.svenskakyrkan.se\/vandravagen\/2013\/09\/13\/vad-forestaller-bilden-del-xxv\/#primaryimage\"},\"image\":{\"@id\":\"https:\/\/blogg.svenskakyrkan.se\/vandravagen\/2013\/09\/13\/vad-forestaller-bilden-del-xxv\/#primaryimage\"},\"thumbnailUrl\":\"http:\/\/2.bp.blogspot.com\/-93sAZf7UND4\/UjIF_X6nDuI\/AAAAAAAAFQQ\/wQLTgrsd85Y\/s400\/IMG_3553.jpg\",\"datePublished\":\"2013-09-13T16:28:00+00:00\",\"breadcrumb\":{\"@id\":\"https:\/\/blogg.svenskakyrkan.se\/vandravagen\/2013\/09\/13\/vad-forestaller-bilden-del-xxv\/#breadcrumb\"},\"inLanguage\":\"sv-SE\",\"potentialAction\":[{\"@type\":\"ReadAction\",\"target\":[\"https:\/\/blogg.svenskakyrkan.se\/vandravagen\/2013\/09\/13\/vad-forestaller-bilden-del-xxv\/\"]}]},{\"@type\":\"ImageObject\",\"inLanguage\":\"sv-SE\",\"@id\":\"https:\/\/blogg.svenskakyrkan.se\/vandravagen\/2013\/09\/13\/vad-forestaller-bilden-del-xxv\/#primaryimage\",\"url\":\"http:\/\/2.bp.blogspot.com\/-93sAZf7UND4\/UjIF_X6nDuI\/AAAAAAAAFQQ\/wQLTgrsd85Y\/s400\/IMG_3553.jpg\",\"contentUrl\":\"http:\/\/2.bp.blogspot.com\/-93sAZf7UND4\/UjIF_X6nDuI\/AAAAAAAAFQQ\/wQLTgrsd85Y\/s400\/IMG_3553.jpg\"},{\"@type\":\"BreadcrumbList\",\"@id\":\"https:\/\/blogg.svenskakyrkan.se\/vandravagen\/2013\/09\/13\/vad-forestaller-bilden-del-xxv\/#breadcrumb\",\"itemListElement\":[{\"@type\":\"ListItem\",\"position\":1,\"name\":\"Hem\",\"item\":\"https:\/\/blogg.svenskakyrkan.se\/vandravagen\/\"},{\"@type\":\"ListItem\",\"position\":2,\"name\":\"Vad f\u00f6rest\u00e4ller bilden del XXV\"}]},{\"@type\":\"WebSite\",\"@id\":\"https:\/\/blogg.svenskakyrkan.se\/vandravagen\/#website\",\"url\":\"https:\/\/blogg.svenskakyrkan.se\/vandravagen\/\",\"name\":\"Vandra V\u00e4gen\",\"description\":\"-Mot en tro f\u00f6r hela livet\",\"publisher\":{\"@id\":\"https:\/\/blogg.svenskakyrkan.se\/vandravagen\/#organization\"},\"potentialAction\":[{\"@type\":\"SearchAction\",\"target\":{\"@type\":\"EntryPoint\",\"urlTemplate\":\"https:\/\/blogg.svenskakyrkan.se\/vandravagen\/?s={search_term_string}\"},\"query-input\":{\"@type\":\"PropertyValueSpecification\",\"valueRequired\":true,\"valueName\":\"search_term_string\"}}],\"inLanguage\":\"sv-SE\"},{\"@type\":\"Organization\",\"@id\":\"https:\/\/blogg.svenskakyrkan.se\/vandravagen\/#organization\",\"name\":\"ulricehamns pastorat\",\"alternateName\":\"ulricehamns pastorat\",\"url\":\"https:\/\/blogg.svenskakyrkan.se\/vandravagen\/\",\"logo\":{\"@type\":\"ImageObject\",\"inLanguage\":\"sv-SE\",\"@id\":\"https:\/\/blogg.svenskakyrkan.se\/vandravagen\/#\/schema\/logo\/image\/\",\"url\":\"https:\/\/blogg.svenskakyrkan.se\/vandravagen\/files\/2023\/05\/Ulr_logo_RGB.png\",\"contentUrl\":\"https:\/\/blogg.svenskakyrkan.se\/vandravagen\/files\/2023\/05\/Ulr_logo_RGB.png\",\"width\":205,\"height\":77,\"caption\":\"ulricehamns pastorat\"},\"image\":{\"@id\":\"https:\/\/blogg.svenskakyrkan.se\/vandravagen\/#\/schema\/logo\/image\/\"},\"sameAs\":[\"http:\/\/facebook.com\/vandravagen\",\"https:\/\/x.com\/fadertomas\",\"http:\/\/www.facebook.com\/svenskakyrkaniulricehamn\"]},{\"@type\":\"Person\",\"@id\":\"https:\/\/blogg.svenskakyrkan.se\/vandravagen\/#\/schema\/person\/25da02d4f76b137d04291711e2c9fc16\",\"name\":\"Tomas Jarvid\",\"image\":{\"@type\":\"ImageObject\",\"inLanguage\":\"sv-SE\",\"@id\":\"https:\/\/blogg.svenskakyrkan.se\/vandravagen\/#\/schema\/person\/image\/\",\"url\":\"https:\/\/secure.gravatar.com\/avatar\/7fa71899795e8f540f615a1f5ab25255dc27aa40f05ee7ddd21aac521e01bf50?s=96&d=identicon&r=g\",\"contentUrl\":\"https:\/\/secure.gravatar.com\/avatar\/7fa71899795e8f540f615a1f5ab25255dc27aa40f05ee7ddd21aac521e01bf50?s=96&d=identicon&r=g\",\"caption\":\"Tomas Jarvid\"},\"description\":\"Jag bor i Ulricehamn i V\u00e4sterg\u00f6tland och \u00e4r f\u00f6rsamlingspr\u00e4st i Svenska Kyrkan f\u00f6r Dalstorps f\u00f6rsamling i Kinds pastorat. P\u00e5 den h\u00e4r bloggen skriver jag ner tankar om vandringen som kristen.\",\"sameAs\":[\"http:\/\/www.vandravagen.se\"],\"url\":\"https:\/\/blogg.svenskakyrkan.se\/vandravagen\/author\/vandravagen\/\"}]}<\/script>\n<!-- \/ Yoast SEO plugin. -->","yoast_head_json":{"title":"Vad f\u00f6rest\u00e4ller bilden del XXV - Vandra V\u00e4gen","robots":{"index":"index","follow":"follow","max-snippet":"max-snippet:-1","max-image-preview":"max-image-preview:large","max-video-preview":"max-video-preview:-1"},"canonical":"https:\/\/blogg.svenskakyrkan.se\/vandravagen\/2013\/09\/13\/vad-forestaller-bilden-del-xxv\/","og_locale":"sv_SE","og_type":"article","og_title":"Vad f\u00f6rest\u00e4ller bilden del XXV - Vandra V\u00e4gen","og_description":"S\u00e5 h\u00e4r s\u00e5g f\u00f6rra bildg\u00e5tan ut. Inte m\u00e5nga svarade men kanske var det \u00e4nd\u00e5 m\u00e5nga som kunde svaret? Det \u00e4r kung David, k\u00e4nd som en av de stora kungarna i gamla testamentet (och d\u00e4rf\u00f6r ocks\u00e5 som en slags f\u00f6reg\u00e5ngare till Jesus, den sanne kungen). Han ska ha spelat p\u00e5 harpa och lugnat sin pl\u00e5gade f\u00f6retr\u00e4dare [&hellip;]","og_url":"https:\/\/blogg.svenskakyrkan.se\/vandravagen\/2013\/09\/13\/vad-forestaller-bilden-del-xxv\/","og_site_name":"Vandra V\u00e4gen","article_publisher":"http:\/\/facebook.com\/vandravagen","article_published_time":"2013-09-13T16:28:00+00:00","og_image":[{"url":"http:\/\/2.bp.blogspot.com\/-93sAZf7UND4\/UjIF_X6nDuI\/AAAAAAAAFQQ\/wQLTgrsd85Y\/s400\/IMG_3553.jpg","type":"","width":"","height":""}],"author":"Tomas Jarvid","twitter_card":"summary_large_image","twitter_creator":"@fadertomas","twitter_site":"@fadertomas","twitter_misc":{"Skriven av":"Tomas Jarvid","Ber\u00e4knad l\u00e4stid":"1 minut"},"schema":{"@context":"https:\/\/schema.org","@graph":[{"@type":"Article","@id":"https:\/\/blogg.svenskakyrkan.se\/vandravagen\/2013\/09\/13\/vad-forestaller-bilden-del-xxv\/#article","isPartOf":{"@id":"https:\/\/blogg.svenskakyrkan.se\/vandravagen\/2013\/09\/13\/vad-forestaller-bilden-del-xxv\/"},"author":{"name":"Tomas Jarvid","@id":"https:\/\/blogg.svenskakyrkan.se\/vandravagen\/#\/schema\/person\/25da02d4f76b137d04291711e2c9fc16"},"headline":"Vad f\u00f6rest\u00e4ller bilden del XXV","datePublished":"2013-09-13T16:28:00+00:00","mainEntityOfPage":{"@id":"https:\/\/blogg.svenskakyrkan.se\/vandravagen\/2013\/09\/13\/vad-forestaller-bilden-del-xxv\/"},"wordCount":110,"commentCount":0,"publisher":{"@id":"https:\/\/blogg.svenskakyrkan.se\/vandravagen\/#organization"},"image":{"@id":"https:\/\/blogg.svenskakyrkan.se\/vandravagen\/2013\/09\/13\/vad-forestaller-bilden-del-xxv\/#primaryimage"},"thumbnailUrl":"http:\/\/2.bp.blogspot.com\/-93sAZf7UND4\/UjIF_X6nDuI\/AAAAAAAAFQQ\/wQLTgrsd85Y\/s400\/IMG_3553.jpg","articleSection":["bildg\u00e5tan"],"inLanguage":"sv-SE","potentialAction":[{"@type":"CommentAction","name":"Comment","target":["https:\/\/blogg.svenskakyrkan.se\/vandravagen\/2013\/09\/13\/vad-forestaller-bilden-del-xxv\/#respond"]}]},{"@type":"WebPage","@id":"https:\/\/blogg.svenskakyrkan.se\/vandravagen\/2013\/09\/13\/vad-forestaller-bilden-del-xxv\/","url":"https:\/\/blogg.svenskakyrkan.se\/vandravagen\/2013\/09\/13\/vad-forestaller-bilden-del-xxv\/","name":"Vad f\u00f6rest\u00e4ller bilden del XXV - Vandra V\u00e4gen","isPartOf":{"@id":"https:\/\/blogg.svenskakyrkan.se\/vandravagen\/#website"},"primaryImageOfPage":{"@id":"https:\/\/blogg.svenskakyrkan.se\/vandravagen\/2013\/09\/13\/vad-forestaller-bilden-del-xxv\/#primaryimage"},"image":{"@id":"https:\/\/blogg.svenskakyrkan.se\/vandravagen\/2013\/09\/13\/vad-forestaller-bilden-del-xxv\/#primaryimage"},"thumbnailUrl":"http:\/\/2.bp.blogspot.com\/-93sAZf7UND4\/UjIF_X6nDuI\/AAAAAAAAFQQ\/wQLTgrsd85Y\/s400\/IMG_3553.jpg","datePublished":"2013-09-13T16:28:00+00:00","breadcrumb":{"@id":"https:\/\/blogg.svenskakyrkan.se\/vandravagen\/2013\/09\/13\/vad-forestaller-bilden-del-xxv\/#breadcrumb"},"inLanguage":"sv-SE","potentialAction":[{"@type":"ReadAction","target":["https:\/\/blogg.svenskakyrkan.se\/vandravagen\/2013\/09\/13\/vad-forestaller-bilden-del-xxv\/"]}]},{"@type":"ImageObject","inLanguage":"sv-SE","@id":"https:\/\/blogg.svenskakyrkan.se\/vandravagen\/2013\/09\/13\/vad-forestaller-bilden-del-xxv\/#primaryimage","url":"http:\/\/2.bp.blogspot.com\/-93sAZf7UND4\/UjIF_X6nDuI\/AAAAAAAAFQQ\/wQLTgrsd85Y\/s400\/IMG_3553.jpg","contentUrl":"http:\/\/2.bp.blogspot.com\/-93sAZf7UND4\/UjIF_X6nDuI\/AAAAAAAAFQQ\/wQLTgrsd85Y\/s400\/IMG_3553.jpg"},{"@type":"BreadcrumbList","@id":"https:\/\/blogg.svenskakyrkan.se\/vandravagen\/2013\/09\/13\/vad-forestaller-bilden-del-xxv\/#breadcrumb","itemListElement":[{"@type":"ListItem","position":1,"name":"Hem","item":"https:\/\/blogg.svenskakyrkan.se\/vandravagen\/"},{"@type":"ListItem","position":2,"name":"Vad f\u00f6rest\u00e4ller bilden del XXV"}]},{"@type":"WebSite","@id":"https:\/\/blogg.svenskakyrkan.se\/vandravagen\/#website","url":"https:\/\/blogg.svenskakyrkan.se\/vandravagen\/","name":"Vandra V\u00e4gen","description":"-Mot en tro f\u00f6r hela livet","publisher":{"@id":"https:\/\/blogg.svenskakyrkan.se\/vandravagen\/#organization"},"potentialAction":[{"@type":"SearchAction","target":{"@type":"EntryPoint","urlTemplate":"https:\/\/blogg.svenskakyrkan.se\/vandravagen\/?s={search_term_string}"},"query-input":{"@type":"PropertyValueSpecification","valueRequired":true,"valueName":"search_term_string"}}],"inLanguage":"sv-SE"},{"@type":"Organization","@id":"https:\/\/blogg.svenskakyrkan.se\/vandravagen\/#organization","name":"ulricehamns pastorat","alternateName":"ulricehamns pastorat","url":"https:\/\/blogg.svenskakyrkan.se\/vandravagen\/","logo":{"@type":"ImageObject","inLanguage":"sv-SE","@id":"https:\/\/blogg.svenskakyrkan.se\/vandravagen\/#\/schema\/logo\/image\/","url":"https:\/\/blogg.svenskakyrkan.se\/vandravagen\/files\/2023\/05\/Ulr_logo_RGB.png","contentUrl":"https:\/\/blogg.svenskakyrkan.se\/vandravagen\/files\/2023\/05\/Ulr_logo_RGB.png","width":205,"height":77,"caption":"ulricehamns pastorat"},"image":{"@id":"https:\/\/blogg.svenskakyrkan.se\/vandravagen\/#\/schema\/logo\/image\/"},"sameAs":["http:\/\/facebook.com\/vandravagen","https:\/\/x.com\/fadertomas","http:\/\/www.facebook.com\/svenskakyrkaniulricehamn"]},{"@type":"Person","@id":"https:\/\/blogg.svenskakyrkan.se\/vandravagen\/#\/schema\/person\/25da02d4f76b137d04291711e2c9fc16","name":"Tomas Jarvid","image":{"@type":"ImageObject","inLanguage":"sv-SE","@id":"https:\/\/blogg.svenskakyrkan.se\/vandravagen\/#\/schema\/person\/image\/","url":"https:\/\/secure.gravatar.com\/avatar\/7fa71899795e8f540f615a1f5ab25255dc27aa40f05ee7ddd21aac521e01bf50?s=96&d=identicon&r=g","contentUrl":"https:\/\/secure.gravatar.com\/avatar\/7fa71899795e8f540f615a1f5ab25255dc27aa40f05ee7ddd21aac521e01bf50?s=96&d=identicon&r=g","caption":"Tomas Jarvid"},"description":"Jag bor i Ulricehamn i V\u00e4sterg\u00f6tland och \u00e4r f\u00f6rsamlingspr\u00e4st i Svenska Kyrkan f\u00f6r Dalstorps f\u00f6rsamling i Kinds pastorat. P\u00e5 den h\u00e4r bloggen skriver jag ner tankar om vandringen som kristen.","sameAs":["http:\/\/www.vandravagen.se"],"url":"https:\/\/blogg.svenskakyrkan.se\/vandravagen\/author\/vandravagen\/"}]}},"author_meta":{"ID":"392","user_nicename":"vandravagen","user_url":"http:\/\/www.vandravagen.se","user_registered":"2014-05-19 05:44:52","display_name":"Tomas Jarvid","first_name":"Tomas","last_name":"Jarvid","avatar":"https:\/\/secure.gravatar.com\/avatar\/7fa71899795e8f540f615a1f5ab25255dc27aa40f05ee7ddd21aac521e01bf50?s=96&d=identicon&r=g"},"featured_image":false,"bloginfo":{"name":"Vandra V\u00e4gen","url":"https:\/\/blogg.svenskakyrkan.se\/vandravagen"},"_links":{"self":[{"href":"https:\/\/blogg.svenskakyrkan.se\/vandravagen\/wp-json\/wp\/v2\/posts\/357","targetHints":{"allow":["GET"]}}],"collection":[{"href":"https:\/\/blogg.svenskakyrkan.se\/vandravagen\/wp-json\/wp\/v2\/posts"}],"about":[{"href":"https:\/\/blogg.svenskakyrkan.se\/vandravagen\/wp-json\/wp\/v2\/types\/post"}],"author":[{"embeddable":true,"href":"https:\/\/blogg.svenskakyrkan.se\/vandravagen\/wp-json\/wp\/v2\/users\/392"}],"replies":[{"embeddable":true,"href":"https:\/\/blogg.svenskakyrkan.se\/vandravagen\/wp-json\/wp\/v2\/comments?post=357"}],"version-history":[{"count":0,"href":"https:\/\/blogg.svenskakyrkan.se\/vandravagen\/wp-json\/wp\/v2\/posts\/357\/revisions"}],"wp:attachment":[{"href":"https:\/\/blogg.svenskakyrkan.se\/vandravagen\/wp-json\/wp\/v2\/media?parent=357"}],"wp:term":[{"taxonomy":"category","embeddable":true,"href":"https:\/\/blogg.svenskakyrkan.se\/vandravagen\/wp-json\/wp\/v2\/categories?post=357"},{"taxonomy":"post_tag","embeddable":true,"href":"https:\/\/blogg.svenskakyrkan.se\/vandravagen\/wp-json\/wp\/v2\/tags?post=357"}],"curies":[{"name":"wp","href":"https:\/\/api.w.org\/{rel}","templated":true}]}}