{"id":3581,"date":"2015-09-11T07:00:06","date_gmt":"2015-09-11T05:00:06","guid":{"rendered":"http:\/\/blogg.svenskakyrkan.se\/vandravagen\/?p=3581"},"modified":"2015-09-10T22:01:05","modified_gmt":"2015-09-10T20:01:05","slug":"bon-for-manniskor-pa-flykt","status":"publish","type":"post","link":"https:\/\/blogg.svenskakyrkan.se\/vandravagen\/2015\/09\/11\/bon-for-manniskor-pa-flykt\/","title":{"rendered":"B\u00f6n f\u00f6r m\u00e4nniskor p\u00e5 flykt"},"content":{"rendered":"<div id=\"attachment_3586\" style=\"width: 510px\" class=\"wp-caption aligncenter\"><a href=\"http:\/\/blogg.svenskakyrkan.se\/vandravagen\/files\/2015\/09\/bild-67.jpg\"><img loading=\"lazy\" decoding=\"async\" aria-describedby=\"caption-attachment-3586\" class=\"size-full wp-image-3586\" src=\"http:\/\/blogg.svenskakyrkan.se\/vandravagen\/files\/2015\/09\/bild-67.jpg\" alt=\"Krig. El\u00e4nde.\" width=\"500\" height=\"319\" srcset=\"https:\/\/blogg.svenskakyrkan.se\/vandravagen\/files\/2015\/09\/bild-67.jpg 500w, https:\/\/blogg.svenskakyrkan.se\/vandravagen\/files\/2015\/09\/bild-67-300x191.jpg 300w, https:\/\/blogg.svenskakyrkan.se\/vandravagen\/files\/2015\/09\/bild-67-470x300.jpg 470w\" sizes=\"auto, (max-width: 500px) 100vw, 500px\" \/><\/a><p id=\"caption-attachment-3586\" class=\"wp-caption-text\">Krig. El\u00e4nde.<\/p><\/div>\n<p>Dagens fredagsb\u00f6n \u00e4r rimligtvis en b\u00f6n f\u00f6r m\u00e4nniskor som flyr fr\u00e5n krig och v\u00e5ld. Den \u00e4r fr\u00e5n b\u00f6nboken &#8221;tradition och liv&#8221; (nummer 707). Jag tycker orden passar r\u00e4tt bra. Framf\u00f6rallt kan det vara sk\u00f6nt att l\u00e5na n\u00e5gon annans ord n\u00e4r man inte riktigt lyckas hitta orden. Stora krafter har satts ig\u00e5ng sedan det \u00e4ntligen gick fram att det lika g\u00e4rna kunde vara vi som flydde, vi \u00e4r alla m\u00e4nniskor (&#8221;<a href=\"http:\/\/blogg.svenskakyrkan.se\/vandravagen\/2014\/05\/27\/dar-ar-ju-en-manniska\/\">d\u00e4r \u00e4r ju en m\u00e4nniska&#8221;<\/a>). L\u00e5t oss be.<\/p>\n<blockquote>\n<p>Gud, vi ber f\u00f6r alla som f\u00f6rdrivits fr\u00e5n sina hem,<\/p>\n<p>alla som tvingas leva i flyktingl\u00e4ger och p\u00e5 v\u00e4garna,<\/p>\n<p>i fr\u00e4mmande land tyngda av oro och \u00e4ngslan.<\/p>\n<p>Vi ber om besinning bland dem som ansvarar f\u00f6r allt v\u00e5ld. L\u00e5t inte v\u00e5ldet forts\u00e4tta bara p\u00e5 grund av prestige eller bristande politisk fantasi.<\/p>\n<p>Hj\u00e4lp m\u00e4nniskor till en framtid tillsammans,<\/p>\n<p>inte i \u00e4ngslig isolering utan i trygg samverkan.<\/p>\n<p>G\u00f6r oss alla offervilliga, s\u00e5 att inte brist p\u00e5 pengar<\/p>\n<p>orsakar drabbade m\u00e4nniskors f\u00f6rdjupade lidande.<\/p>\n<p>G\u00f6r oss ocks\u00e5 villiga att i v\u00e5rt land ta emot<\/p>\n<p>dem som beh\u00f6ver det.<\/p>\n<p>Amen<\/p>\n<\/blockquote>\n","protected":false},"excerpt":{"rendered":"<p>Dagens fredagsb\u00f6n \u00e4r rimligtvis en b\u00f6n f\u00f6r m\u00e4nniskor som flyr fr\u00e5n krig och v\u00e5ld. Den \u00e4r fr\u00e5n b\u00f6nboken &#8221;tradition och liv&#8221; (nummer 707). Jag tycker orden passar r\u00e4tt bra. Framf\u00f6rallt kan det vara sk\u00f6nt att l\u00e5na n\u00e5gon annans ord n\u00e4r man inte riktigt lyckas hitta orden. Stora krafter har satts ig\u00e5ng sedan det \u00e4ntligen gick [&hellip;]<\/p>\n","protected":false},"author":392,"featured_media":0,"comment_status":"open","ping_status":"open","sticky":false,"template":"","format":"standard","meta":{"_acf_changed":false,"footnotes":""},"categories":[35,76189],"tags":[],"class_list":["post-3581","post","type-post","status-publish","format-standard","hentry","category-bon","category-dagens-kyrka"],"acf":[],"yoast_head":"<!-- This site is optimized with the Yoast SEO plugin v27.1.1 - https:\/\/yoast.com\/product\/yoast-seo-wordpress\/ -->\n<title>B\u00f6n f\u00f6r m\u00e4nniskor p\u00e5 flykt - Vandra V\u00e4gen<\/title>\n<meta name=\"robots\" content=\"index, follow, max-snippet:-1, max-image-preview:large, max-video-preview:-1\" \/>\n<link rel=\"canonical\" href=\"https:\/\/blogg.svenskakyrkan.se\/vandravagen\/2015\/09\/11\/bon-for-manniskor-pa-flykt\/\" \/>\n<meta property=\"og:locale\" content=\"sv_SE\" \/>\n<meta property=\"og:type\" content=\"article\" \/>\n<meta property=\"og:title\" content=\"B\u00f6n f\u00f6r m\u00e4nniskor p\u00e5 flykt - Vandra V\u00e4gen\" \/>\n<meta property=\"og:description\" content=\"Dagens fredagsb\u00f6n \u00e4r rimligtvis en b\u00f6n f\u00f6r m\u00e4nniskor som flyr fr\u00e5n krig och v\u00e5ld. Den \u00e4r fr\u00e5n b\u00f6nboken &#8221;tradition och liv&#8221; (nummer 707). Jag tycker orden passar r\u00e4tt bra. Framf\u00f6rallt kan det vara sk\u00f6nt att l\u00e5na n\u00e5gon annans ord n\u00e4r man inte riktigt lyckas hitta orden. Stora krafter har satts ig\u00e5ng sedan det \u00e4ntligen gick [&hellip;]\" \/>\n<meta property=\"og:url\" content=\"https:\/\/blogg.svenskakyrkan.se\/vandravagen\/2015\/09\/11\/bon-for-manniskor-pa-flykt\/\" \/>\n<meta property=\"og:site_name\" content=\"Vandra V\u00e4gen\" \/>\n<meta property=\"article:publisher\" content=\"http:\/\/facebook.com\/vandravagen\" \/>\n<meta property=\"article:published_time\" content=\"2015-09-11T05:00:06+00:00\" \/>\n<meta property=\"og:image\" content=\"http:\/\/blogg.svenskakyrkan.se\/vandravagen\/files\/2015\/09\/bild-67.jpg\" \/>\n<meta name=\"author\" content=\"Tomas Jarvid\" \/>\n<meta name=\"twitter:card\" content=\"summary_large_image\" \/>\n<meta name=\"twitter:creator\" content=\"@fadertomas\" \/>\n<meta name=\"twitter:site\" content=\"@fadertomas\" \/>\n<meta name=\"twitter:label1\" content=\"Skriven av\" \/>\n\t<meta name=\"twitter:data1\" content=\"Tomas Jarvid\" \/>\n\t<meta name=\"twitter:label2\" content=\"Ber\u00e4knad l\u00e4stid\" \/>\n\t<meta name=\"twitter:data2\" content=\"1 minut\" \/>\n<script type=\"application\/ld+json\" class=\"yoast-schema-graph\">{\"@context\":\"https:\/\/schema.org\",\"@graph\":[{\"@type\":\"Article\",\"@id\":\"https:\/\/blogg.svenskakyrkan.se\/vandravagen\/2015\/09\/11\/bon-for-manniskor-pa-flykt\/#article\",\"isPartOf\":{\"@id\":\"https:\/\/blogg.svenskakyrkan.se\/vandravagen\/2015\/09\/11\/bon-for-manniskor-pa-flykt\/\"},\"author\":{\"name\":\"Tomas Jarvid\",\"@id\":\"https:\/\/blogg.svenskakyrkan.se\/vandravagen\/#\/schema\/person\/25da02d4f76b137d04291711e2c9fc16\"},\"headline\":\"B\u00f6n f\u00f6r m\u00e4nniskor p\u00e5 flykt\",\"datePublished\":\"2015-09-11T05:00:06+00:00\",\"mainEntityOfPage\":{\"@id\":\"https:\/\/blogg.svenskakyrkan.se\/vandravagen\/2015\/09\/11\/bon-for-manniskor-pa-flykt\/\"},\"wordCount\":228,\"commentCount\":2,\"publisher\":{\"@id\":\"https:\/\/blogg.svenskakyrkan.se\/vandravagen\/#organization\"},\"image\":{\"@id\":\"https:\/\/blogg.svenskakyrkan.se\/vandravagen\/2015\/09\/11\/bon-for-manniskor-pa-flykt\/#primaryimage\"},\"thumbnailUrl\":\"http:\/\/blogg.svenskakyrkan.se\/vandravagen\/files\/2015\/09\/bild-67.jpg\",\"articleSection\":[\"b\u00f6n\",\"Dagens Kyrka\"],\"inLanguage\":\"sv-SE\",\"potentialAction\":[{\"@type\":\"CommentAction\",\"name\":\"Comment\",\"target\":[\"https:\/\/blogg.svenskakyrkan.se\/vandravagen\/2015\/09\/11\/bon-for-manniskor-pa-flykt\/#respond\"]}]},{\"@type\":\"WebPage\",\"@id\":\"https:\/\/blogg.svenskakyrkan.se\/vandravagen\/2015\/09\/11\/bon-for-manniskor-pa-flykt\/\",\"url\":\"https:\/\/blogg.svenskakyrkan.se\/vandravagen\/2015\/09\/11\/bon-for-manniskor-pa-flykt\/\",\"name\":\"B\u00f6n f\u00f6r m\u00e4nniskor p\u00e5 flykt - Vandra V\u00e4gen\",\"isPartOf\":{\"@id\":\"https:\/\/blogg.svenskakyrkan.se\/vandravagen\/#website\"},\"primaryImageOfPage\":{\"@id\":\"https:\/\/blogg.svenskakyrkan.se\/vandravagen\/2015\/09\/11\/bon-for-manniskor-pa-flykt\/#primaryimage\"},\"image\":{\"@id\":\"https:\/\/blogg.svenskakyrkan.se\/vandravagen\/2015\/09\/11\/bon-for-manniskor-pa-flykt\/#primaryimage\"},\"thumbnailUrl\":\"http:\/\/blogg.svenskakyrkan.se\/vandravagen\/files\/2015\/09\/bild-67.jpg\",\"datePublished\":\"2015-09-11T05:00:06+00:00\",\"breadcrumb\":{\"@id\":\"https:\/\/blogg.svenskakyrkan.se\/vandravagen\/2015\/09\/11\/bon-for-manniskor-pa-flykt\/#breadcrumb\"},\"inLanguage\":\"sv-SE\",\"potentialAction\":[{\"@type\":\"ReadAction\",\"target\":[\"https:\/\/blogg.svenskakyrkan.se\/vandravagen\/2015\/09\/11\/bon-for-manniskor-pa-flykt\/\"]}]},{\"@type\":\"ImageObject\",\"inLanguage\":\"sv-SE\",\"@id\":\"https:\/\/blogg.svenskakyrkan.se\/vandravagen\/2015\/09\/11\/bon-for-manniskor-pa-flykt\/#primaryimage\",\"url\":\"http:\/\/blogg.svenskakyrkan.se\/vandravagen\/files\/2015\/09\/bild-67.jpg\",\"contentUrl\":\"http:\/\/blogg.svenskakyrkan.se\/vandravagen\/files\/2015\/09\/bild-67.jpg\"},{\"@type\":\"BreadcrumbList\",\"@id\":\"https:\/\/blogg.svenskakyrkan.se\/vandravagen\/2015\/09\/11\/bon-for-manniskor-pa-flykt\/#breadcrumb\",\"itemListElement\":[{\"@type\":\"ListItem\",\"position\":1,\"name\":\"Hem\",\"item\":\"https:\/\/blogg.svenskakyrkan.se\/vandravagen\/\"},{\"@type\":\"ListItem\",\"position\":2,\"name\":\"B\u00f6n f\u00f6r m\u00e4nniskor p\u00e5 flykt\"}]},{\"@type\":\"WebSite\",\"@id\":\"https:\/\/blogg.svenskakyrkan.se\/vandravagen\/#website\",\"url\":\"https:\/\/blogg.svenskakyrkan.se\/vandravagen\/\",\"name\":\"Vandra V\u00e4gen\",\"description\":\"-Mot en tro f\u00f6r hela livet\",\"publisher\":{\"@id\":\"https:\/\/blogg.svenskakyrkan.se\/vandravagen\/#organization\"},\"potentialAction\":[{\"@type\":\"SearchAction\",\"target\":{\"@type\":\"EntryPoint\",\"urlTemplate\":\"https:\/\/blogg.svenskakyrkan.se\/vandravagen\/?s={search_term_string}\"},\"query-input\":{\"@type\":\"PropertyValueSpecification\",\"valueRequired\":true,\"valueName\":\"search_term_string\"}}],\"inLanguage\":\"sv-SE\"},{\"@type\":\"Organization\",\"@id\":\"https:\/\/blogg.svenskakyrkan.se\/vandravagen\/#organization\",\"name\":\"ulricehamns pastorat\",\"alternateName\":\"ulricehamns pastorat\",\"url\":\"https:\/\/blogg.svenskakyrkan.se\/vandravagen\/\",\"logo\":{\"@type\":\"ImageObject\",\"inLanguage\":\"sv-SE\",\"@id\":\"https:\/\/blogg.svenskakyrkan.se\/vandravagen\/#\/schema\/logo\/image\/\",\"url\":\"https:\/\/blogg.svenskakyrkan.se\/vandravagen\/files\/2023\/05\/Ulr_logo_RGB.png\",\"contentUrl\":\"https:\/\/blogg.svenskakyrkan.se\/vandravagen\/files\/2023\/05\/Ulr_logo_RGB.png\",\"width\":205,\"height\":77,\"caption\":\"ulricehamns pastorat\"},\"image\":{\"@id\":\"https:\/\/blogg.svenskakyrkan.se\/vandravagen\/#\/schema\/logo\/image\/\"},\"sameAs\":[\"http:\/\/facebook.com\/vandravagen\",\"https:\/\/x.com\/fadertomas\",\"http:\/\/www.facebook.com\/svenskakyrkaniulricehamn\"]},{\"@type\":\"Person\",\"@id\":\"https:\/\/blogg.svenskakyrkan.se\/vandravagen\/#\/schema\/person\/25da02d4f76b137d04291711e2c9fc16\",\"name\":\"Tomas Jarvid\",\"image\":{\"@type\":\"ImageObject\",\"inLanguage\":\"sv-SE\",\"@id\":\"https:\/\/blogg.svenskakyrkan.se\/vandravagen\/#\/schema\/person\/image\/\",\"url\":\"https:\/\/secure.gravatar.com\/avatar\/7fa71899795e8f540f615a1f5ab25255dc27aa40f05ee7ddd21aac521e01bf50?s=96&d=identicon&r=g\",\"contentUrl\":\"https:\/\/secure.gravatar.com\/avatar\/7fa71899795e8f540f615a1f5ab25255dc27aa40f05ee7ddd21aac521e01bf50?s=96&d=identicon&r=g\",\"caption\":\"Tomas Jarvid\"},\"description\":\"Jag bor i Ulricehamn i V\u00e4sterg\u00f6tland och \u00e4r f\u00f6rsamlingspr\u00e4st i Svenska Kyrkan f\u00f6r Dalstorps f\u00f6rsamling i Kinds pastorat. P\u00e5 den h\u00e4r bloggen skriver jag ner tankar om vandringen som kristen.\",\"sameAs\":[\"http:\/\/www.vandravagen.se\"],\"url\":\"https:\/\/blogg.svenskakyrkan.se\/vandravagen\/author\/vandravagen\/\"}]}<\/script>\n<!-- \/ Yoast SEO plugin. -->","yoast_head_json":{"title":"B\u00f6n f\u00f6r m\u00e4nniskor p\u00e5 flykt - Vandra V\u00e4gen","robots":{"index":"index","follow":"follow","max-snippet":"max-snippet:-1","max-image-preview":"max-image-preview:large","max-video-preview":"max-video-preview:-1"},"canonical":"https:\/\/blogg.svenskakyrkan.se\/vandravagen\/2015\/09\/11\/bon-for-manniskor-pa-flykt\/","og_locale":"sv_SE","og_type":"article","og_title":"B\u00f6n f\u00f6r m\u00e4nniskor p\u00e5 flykt - Vandra V\u00e4gen","og_description":"Dagens fredagsb\u00f6n \u00e4r rimligtvis en b\u00f6n f\u00f6r m\u00e4nniskor som flyr fr\u00e5n krig och v\u00e5ld. Den \u00e4r fr\u00e5n b\u00f6nboken &#8221;tradition och liv&#8221; (nummer 707). Jag tycker orden passar r\u00e4tt bra. Framf\u00f6rallt kan det vara sk\u00f6nt att l\u00e5na n\u00e5gon annans ord n\u00e4r man inte riktigt lyckas hitta orden. Stora krafter har satts ig\u00e5ng sedan det \u00e4ntligen gick [&hellip;]","og_url":"https:\/\/blogg.svenskakyrkan.se\/vandravagen\/2015\/09\/11\/bon-for-manniskor-pa-flykt\/","og_site_name":"Vandra V\u00e4gen","article_publisher":"http:\/\/facebook.com\/vandravagen","article_published_time":"2015-09-11T05:00:06+00:00","og_image":[{"url":"http:\/\/blogg.svenskakyrkan.se\/vandravagen\/files\/2015\/09\/bild-67.jpg","type":"","width":"","height":""}],"author":"Tomas Jarvid","twitter_card":"summary_large_image","twitter_creator":"@fadertomas","twitter_site":"@fadertomas","twitter_misc":{"Skriven av":"Tomas Jarvid","Ber\u00e4knad l\u00e4stid":"1 minut"},"schema":{"@context":"https:\/\/schema.org","@graph":[{"@type":"Article","@id":"https:\/\/blogg.svenskakyrkan.se\/vandravagen\/2015\/09\/11\/bon-for-manniskor-pa-flykt\/#article","isPartOf":{"@id":"https:\/\/blogg.svenskakyrkan.se\/vandravagen\/2015\/09\/11\/bon-for-manniskor-pa-flykt\/"},"author":{"name":"Tomas Jarvid","@id":"https:\/\/blogg.svenskakyrkan.se\/vandravagen\/#\/schema\/person\/25da02d4f76b137d04291711e2c9fc16"},"headline":"B\u00f6n f\u00f6r m\u00e4nniskor p\u00e5 flykt","datePublished":"2015-09-11T05:00:06+00:00","mainEntityOfPage":{"@id":"https:\/\/blogg.svenskakyrkan.se\/vandravagen\/2015\/09\/11\/bon-for-manniskor-pa-flykt\/"},"wordCount":228,"commentCount":2,"publisher":{"@id":"https:\/\/blogg.svenskakyrkan.se\/vandravagen\/#organization"},"image":{"@id":"https:\/\/blogg.svenskakyrkan.se\/vandravagen\/2015\/09\/11\/bon-for-manniskor-pa-flykt\/#primaryimage"},"thumbnailUrl":"http:\/\/blogg.svenskakyrkan.se\/vandravagen\/files\/2015\/09\/bild-67.jpg","articleSection":["b\u00f6n","Dagens Kyrka"],"inLanguage":"sv-SE","potentialAction":[{"@type":"CommentAction","name":"Comment","target":["https:\/\/blogg.svenskakyrkan.se\/vandravagen\/2015\/09\/11\/bon-for-manniskor-pa-flykt\/#respond"]}]},{"@type":"WebPage","@id":"https:\/\/blogg.svenskakyrkan.se\/vandravagen\/2015\/09\/11\/bon-for-manniskor-pa-flykt\/","url":"https:\/\/blogg.svenskakyrkan.se\/vandravagen\/2015\/09\/11\/bon-for-manniskor-pa-flykt\/","name":"B\u00f6n f\u00f6r m\u00e4nniskor p\u00e5 flykt - Vandra V\u00e4gen","isPartOf":{"@id":"https:\/\/blogg.svenskakyrkan.se\/vandravagen\/#website"},"primaryImageOfPage":{"@id":"https:\/\/blogg.svenskakyrkan.se\/vandravagen\/2015\/09\/11\/bon-for-manniskor-pa-flykt\/#primaryimage"},"image":{"@id":"https:\/\/blogg.svenskakyrkan.se\/vandravagen\/2015\/09\/11\/bon-for-manniskor-pa-flykt\/#primaryimage"},"thumbnailUrl":"http:\/\/blogg.svenskakyrkan.se\/vandravagen\/files\/2015\/09\/bild-67.jpg","datePublished":"2015-09-11T05:00:06+00:00","breadcrumb":{"@id":"https:\/\/blogg.svenskakyrkan.se\/vandravagen\/2015\/09\/11\/bon-for-manniskor-pa-flykt\/#breadcrumb"},"inLanguage":"sv-SE","potentialAction":[{"@type":"ReadAction","target":["https:\/\/blogg.svenskakyrkan.se\/vandravagen\/2015\/09\/11\/bon-for-manniskor-pa-flykt\/"]}]},{"@type":"ImageObject","inLanguage":"sv-SE","@id":"https:\/\/blogg.svenskakyrkan.se\/vandravagen\/2015\/09\/11\/bon-for-manniskor-pa-flykt\/#primaryimage","url":"http:\/\/blogg.svenskakyrkan.se\/vandravagen\/files\/2015\/09\/bild-67.jpg","contentUrl":"http:\/\/blogg.svenskakyrkan.se\/vandravagen\/files\/2015\/09\/bild-67.jpg"},{"@type":"BreadcrumbList","@id":"https:\/\/blogg.svenskakyrkan.se\/vandravagen\/2015\/09\/11\/bon-for-manniskor-pa-flykt\/#breadcrumb","itemListElement":[{"@type":"ListItem","position":1,"name":"Hem","item":"https:\/\/blogg.svenskakyrkan.se\/vandravagen\/"},{"@type":"ListItem","position":2,"name":"B\u00f6n f\u00f6r m\u00e4nniskor p\u00e5 flykt"}]},{"@type":"WebSite","@id":"https:\/\/blogg.svenskakyrkan.se\/vandravagen\/#website","url":"https:\/\/blogg.svenskakyrkan.se\/vandravagen\/","name":"Vandra V\u00e4gen","description":"-Mot en tro f\u00f6r hela livet","publisher":{"@id":"https:\/\/blogg.svenskakyrkan.se\/vandravagen\/#organization"},"potentialAction":[{"@type":"SearchAction","target":{"@type":"EntryPoint","urlTemplate":"https:\/\/blogg.svenskakyrkan.se\/vandravagen\/?s={search_term_string}"},"query-input":{"@type":"PropertyValueSpecification","valueRequired":true,"valueName":"search_term_string"}}],"inLanguage":"sv-SE"},{"@type":"Organization","@id":"https:\/\/blogg.svenskakyrkan.se\/vandravagen\/#organization","name":"ulricehamns pastorat","alternateName":"ulricehamns pastorat","url":"https:\/\/blogg.svenskakyrkan.se\/vandravagen\/","logo":{"@type":"ImageObject","inLanguage":"sv-SE","@id":"https:\/\/blogg.svenskakyrkan.se\/vandravagen\/#\/schema\/logo\/image\/","url":"https:\/\/blogg.svenskakyrkan.se\/vandravagen\/files\/2023\/05\/Ulr_logo_RGB.png","contentUrl":"https:\/\/blogg.svenskakyrkan.se\/vandravagen\/files\/2023\/05\/Ulr_logo_RGB.png","width":205,"height":77,"caption":"ulricehamns pastorat"},"image":{"@id":"https:\/\/blogg.svenskakyrkan.se\/vandravagen\/#\/schema\/logo\/image\/"},"sameAs":["http:\/\/facebook.com\/vandravagen","https:\/\/x.com\/fadertomas","http:\/\/www.facebook.com\/svenskakyrkaniulricehamn"]},{"@type":"Person","@id":"https:\/\/blogg.svenskakyrkan.se\/vandravagen\/#\/schema\/person\/25da02d4f76b137d04291711e2c9fc16","name":"Tomas Jarvid","image":{"@type":"ImageObject","inLanguage":"sv-SE","@id":"https:\/\/blogg.svenskakyrkan.se\/vandravagen\/#\/schema\/person\/image\/","url":"https:\/\/secure.gravatar.com\/avatar\/7fa71899795e8f540f615a1f5ab25255dc27aa40f05ee7ddd21aac521e01bf50?s=96&d=identicon&r=g","contentUrl":"https:\/\/secure.gravatar.com\/avatar\/7fa71899795e8f540f615a1f5ab25255dc27aa40f05ee7ddd21aac521e01bf50?s=96&d=identicon&r=g","caption":"Tomas Jarvid"},"description":"Jag bor i Ulricehamn i V\u00e4sterg\u00f6tland och \u00e4r f\u00f6rsamlingspr\u00e4st i Svenska Kyrkan f\u00f6r Dalstorps f\u00f6rsamling i Kinds pastorat. P\u00e5 den h\u00e4r bloggen skriver jag ner tankar om vandringen som kristen.","sameAs":["http:\/\/www.vandravagen.se"],"url":"https:\/\/blogg.svenskakyrkan.se\/vandravagen\/author\/vandravagen\/"}]}},"author_meta":{"ID":"392","user_nicename":"vandravagen","user_url":"http:\/\/www.vandravagen.se","user_registered":"2014-05-19 05:44:52","display_name":"Tomas Jarvid","first_name":"Tomas","last_name":"Jarvid","avatar":"https:\/\/secure.gravatar.com\/avatar\/7fa71899795e8f540f615a1f5ab25255dc27aa40f05ee7ddd21aac521e01bf50?s=96&d=identicon&r=g"},"featured_image":false,"bloginfo":{"name":"Vandra V\u00e4gen","url":"https:\/\/blogg.svenskakyrkan.se\/vandravagen"},"_links":{"self":[{"href":"https:\/\/blogg.svenskakyrkan.se\/vandravagen\/wp-json\/wp\/v2\/posts\/3581","targetHints":{"allow":["GET"]}}],"collection":[{"href":"https:\/\/blogg.svenskakyrkan.se\/vandravagen\/wp-json\/wp\/v2\/posts"}],"about":[{"href":"https:\/\/blogg.svenskakyrkan.se\/vandravagen\/wp-json\/wp\/v2\/types\/post"}],"author":[{"embeddable":true,"href":"https:\/\/blogg.svenskakyrkan.se\/vandravagen\/wp-json\/wp\/v2\/users\/392"}],"replies":[{"embeddable":true,"href":"https:\/\/blogg.svenskakyrkan.se\/vandravagen\/wp-json\/wp\/v2\/comments?post=3581"}],"version-history":[{"count":2,"href":"https:\/\/blogg.svenskakyrkan.se\/vandravagen\/wp-json\/wp\/v2\/posts\/3581\/revisions"}],"predecessor-version":[{"id":3587,"href":"https:\/\/blogg.svenskakyrkan.se\/vandravagen\/wp-json\/wp\/v2\/posts\/3581\/revisions\/3587"}],"wp:attachment":[{"href":"https:\/\/blogg.svenskakyrkan.se\/vandravagen\/wp-json\/wp\/v2\/media?parent=3581"}],"wp:term":[{"taxonomy":"category","embeddable":true,"href":"https:\/\/blogg.svenskakyrkan.se\/vandravagen\/wp-json\/wp\/v2\/categories?post=3581"},{"taxonomy":"post_tag","embeddable":true,"href":"https:\/\/blogg.svenskakyrkan.se\/vandravagen\/wp-json\/wp\/v2\/tags?post=3581"}],"curies":[{"name":"wp","href":"https:\/\/api.w.org\/{rel}","templated":true}]}}