{"id":3629,"date":"2015-09-21T07:00:57","date_gmt":"2015-09-21T05:00:57","guid":{"rendered":"http:\/\/blogg.svenskakyrkan.se\/vandravagen\/?p=3629"},"modified":"2015-09-20T17:01:20","modified_gmt":"2015-09-20T15:01:20","slug":"9-blandade-tankar-pa-mandagen","status":"publish","type":"post","link":"https:\/\/blogg.svenskakyrkan.se\/vandravagen\/2015\/09\/21\/9-blandade-tankar-pa-mandagen\/","title":{"rendered":"9 blandade tankar p\u00e5 m\u00e5ndagen"},"content":{"rendered":"<div id=\"attachment_3630\" style=\"width: 650px\" class=\"wp-caption aligncenter\"><a href=\"http:\/\/blogg.svenskakyrkan.se\/vandravagen\/files\/2015\/09\/bild-21.jpg\"><img loading=\"lazy\" decoding=\"async\" aria-describedby=\"caption-attachment-3630\" class=\"size-full wp-image-3630\" src=\"http:\/\/blogg.svenskakyrkan.se\/vandravagen\/files\/2015\/09\/bild-21.jpg\" alt=\"Tysk hiss. Notera att det inte \u00e4r r\u00f6kf\u00f6rbud p\u00e5 alla v\u00e5ningarna...\" width=\"640\" height=\"480\" srcset=\"https:\/\/blogg.svenskakyrkan.se\/vandravagen\/files\/2015\/09\/bild-21.jpg 640w, https:\/\/blogg.svenskakyrkan.se\/vandravagen\/files\/2015\/09\/bild-21-300x225.jpg 300w, https:\/\/blogg.svenskakyrkan.se\/vandravagen\/files\/2015\/09\/bild-21-400x300.jpg 400w\" sizes=\"auto, (max-width: 640px) 100vw, 640px\" \/><\/a><p id=\"caption-attachment-3630\" class=\"wp-caption-text\">Tysk hiss. Notera att det inte \u00e4r r\u00f6kf\u00f6rbud p\u00e5 alla v\u00e5ningarna&#8230;<\/p><\/div>\n<p>Om n\u00e5gon g\u00e5r och oroar sig \u00f6ver min h\u00e4lsa och undrar om det h\u00e4nt mig n\u00e5got n\u00e4r det nu pl\u00f6tsligt inte blev n\u00e5gon bloggpost p\u00e5 Vandra V\u00e4gen ig\u00e5r (\u00e4sch, inte m\u00e5ste ni oroa er s\u00e5 f\u00f6r lilla mig&#8230;) s\u00e5 kan jag lugna er med att jag bara varit utanf\u00f6r internet.<\/p>\n<p>R\u00e4ttare sagt utanf\u00f6r Sverige s\u00e5 att jag inte kommit \u00e5t internet. Jag har i dagarna tre varit p\u00e5 resa med f\u00f6rtroendevalda och anst\u00e4llda i f\u00f6rsamlingen till Hamburg och tillbaka.<\/p>\n<p>Det ska bli mig en gl\u00e4dje att publicera en lite svulstigare fotobloggpost \u00e4n vanligt n\u00e5gon dag snart. Jag hade \u00e4ven med mig lille playmobilluther men det blev faktiskt inte av att ta fram honom f\u00f6r fotografering i hans hemland.<\/p>\n<p>Det har varit ett v\u00e4ldigt bra tillf\u00e4lle att spendera sammanh\u00e4ngande tid med ganska m\u00e5nga av mina nya f\u00f6rsamlingsbor och \u00e4ven avtacka min f\u00f6retr\u00e4dare J\u00f6sta (igen).<\/p>\n<p>Det har ocks\u00e5 varit v\u00e4ldigt m\u00e4rkligt att vara s\u00e5pass l\u00e5ngt borta fr\u00e5n familjen s\u00e5pass l\u00e4nge. Det \u00e4r v\u00e4ldigt sk\u00f6nt att vara hemma igen.<\/p>\n<p>Jag har f\u00f6rresten hittat en v\u00e4ldigt givande pod. &#8221;Aten och Jerusalem&#8221; \u00e4r en teologisk pod med mestadels frikyrkliga teologer i vilket \u00e4r roligt som omv\u00e4xling. Lyssna g\u00e4rna p\u00e5 den.<\/p>\n<p>Det \u00e4r oundvikligt att vara p\u00e5 bussresa med kyrkan utan att ber\u00e4ttelsen om pr\u00e4sten och busschauff\u00f6ren kommer upp: Pr\u00e4sten och busschauff\u00f6ren kom till himlen men d\u00e4r var det bara chauff\u00f6ren som fick komma in. Pr\u00e4sten undrade varf\u00f6r och fick svaret att<strong> &#8221;N\u00e4r du predikade satt alla och sov men n\u00e4r han k\u00f6rde buss, d\u00e5 bad de!&#8221;<\/strong><\/p>\n<p>Det d\u00e4r \u00e4r ju inte mycket till teologi f\u00f6rst\u00e5s s\u00e5 jag tycker inte s\u00e5 mycket om den ber\u00e4ttelsen. Om det inte vore f\u00f6r att jag h\u00f6rt den ber\u00e4ttas av en pr\u00e4st p\u00e5 Filippinerna som hade fattat galoppen och b\u00f6rjat kombinera sitt pr\u00e4starbete med att k\u00f6ra buss. D\u00e5 blev det med ens v\u00e4ldigt roligt.<\/p>\n<p>I tisdags hade v\u00e5rt Caf\u00e9 bes\u00f6k av en \u00f6verlevare fr\u00e5n koncentrationsl\u00e4gren. Det \u00e4r nog f\u00f6rsta och sista g\u00e5ngen jag f\u00e5tt boka in en s\u00e5dan f\u00f6r nu \u00e4r de sista v\u00e4ldigt gamla. Det var gripande att h\u00f6ra hans ber\u00e4ttelse och minst lika gripande n\u00e4r han ber\u00e4ttade hur han s\u00e5g p\u00e5 Sverige; som ett unikt land i v\u00e4rlden med att verkligen ta sig an m\u00e4nniskor p\u00e5 flykt. M\u00e5 detta vara sant b\u00e5de om d\u00e5tid och nutid och framtid.<\/p>\n<p>Vad g\u00f6r du denna m\u00e5ndag? Skriv en kommentar!<\/p>\n","protected":false},"excerpt":{"rendered":"<p>Om n\u00e5gon g\u00e5r och oroar sig \u00f6ver min h\u00e4lsa och undrar om det h\u00e4nt mig n\u00e5got n\u00e4r det nu pl\u00f6tsligt inte blev n\u00e5gon bloggpost p\u00e5 Vandra V\u00e4gen ig\u00e5r (\u00e4sch, inte m\u00e5ste ni oroa er s\u00e5 f\u00f6r lilla mig&#8230;) s\u00e5 kan jag lugna er med att jag bara varit utanf\u00f6r internet. R\u00e4ttare sagt utanf\u00f6r Sverige s\u00e5 [&hellip;]<\/p>\n","protected":false},"author":392,"featured_media":0,"comment_status":"open","ping_status":"open","sticky":false,"template":"","format":"standard","meta":{"_acf_changed":false,"footnotes":""},"categories":[76766,76189],"tags":[],"class_list":["post-3629","post","type-post","status-publish","format-standard","hentry","category-blandat","category-dagens-kyrka"],"acf":[],"yoast_head":"<!-- This site is optimized with the Yoast SEO plugin v27.1.1 - https:\/\/yoast.com\/product\/yoast-seo-wordpress\/ -->\n<title>9 blandade tankar p\u00e5 m\u00e5ndagen - Vandra V\u00e4gen<\/title>\n<meta name=\"robots\" content=\"index, follow, max-snippet:-1, max-image-preview:large, max-video-preview:-1\" \/>\n<link rel=\"canonical\" href=\"https:\/\/blogg.svenskakyrkan.se\/vandravagen\/2015\/09\/21\/9-blandade-tankar-pa-mandagen\/\" \/>\n<meta property=\"og:locale\" content=\"sv_SE\" \/>\n<meta property=\"og:type\" content=\"article\" \/>\n<meta property=\"og:title\" content=\"9 blandade tankar p\u00e5 m\u00e5ndagen - Vandra V\u00e4gen\" \/>\n<meta property=\"og:description\" content=\"Om n\u00e5gon g\u00e5r och oroar sig \u00f6ver min h\u00e4lsa och undrar om det h\u00e4nt mig n\u00e5got n\u00e4r det nu pl\u00f6tsligt inte blev n\u00e5gon bloggpost p\u00e5 Vandra V\u00e4gen ig\u00e5r (\u00e4sch, inte m\u00e5ste ni oroa er s\u00e5 f\u00f6r lilla mig&#8230;) s\u00e5 kan jag lugna er med att jag bara varit utanf\u00f6r internet. R\u00e4ttare sagt utanf\u00f6r Sverige s\u00e5 [&hellip;]\" \/>\n<meta property=\"og:url\" content=\"https:\/\/blogg.svenskakyrkan.se\/vandravagen\/2015\/09\/21\/9-blandade-tankar-pa-mandagen\/\" \/>\n<meta property=\"og:site_name\" content=\"Vandra V\u00e4gen\" \/>\n<meta property=\"article:publisher\" content=\"http:\/\/facebook.com\/vandravagen\" \/>\n<meta property=\"article:published_time\" content=\"2015-09-21T05:00:57+00:00\" \/>\n<meta property=\"og:image\" content=\"http:\/\/blogg.svenskakyrkan.se\/vandravagen\/files\/2015\/09\/bild-21.jpg\" \/>\n<meta name=\"author\" content=\"Tomas Jarvid\" \/>\n<meta name=\"twitter:card\" content=\"summary_large_image\" \/>\n<meta name=\"twitter:creator\" content=\"@fadertomas\" \/>\n<meta name=\"twitter:site\" content=\"@fadertomas\" \/>\n<meta name=\"twitter:label1\" content=\"Skriven av\" \/>\n\t<meta name=\"twitter:data1\" content=\"Tomas Jarvid\" \/>\n\t<meta name=\"twitter:label2\" content=\"Ber\u00e4knad l\u00e4stid\" \/>\n\t<meta name=\"twitter:data2\" content=\"2 minuter\" \/>\n<script type=\"application\/ld+json\" class=\"yoast-schema-graph\">{\"@context\":\"https:\/\/schema.org\",\"@graph\":[{\"@type\":\"Article\",\"@id\":\"https:\/\/blogg.svenskakyrkan.se\/vandravagen\/2015\/09\/21\/9-blandade-tankar-pa-mandagen\/#article\",\"isPartOf\":{\"@id\":\"https:\/\/blogg.svenskakyrkan.se\/vandravagen\/2015\/09\/21\/9-blandade-tankar-pa-mandagen\/\"},\"author\":{\"name\":\"Tomas Jarvid\",\"@id\":\"https:\/\/blogg.svenskakyrkan.se\/vandravagen\/#\/schema\/person\/25da02d4f76b137d04291711e2c9fc16\"},\"headline\":\"9 blandade tankar p\u00e5 m\u00e5ndagen\",\"datePublished\":\"2015-09-21T05:00:57+00:00\",\"mainEntityOfPage\":{\"@id\":\"https:\/\/blogg.svenskakyrkan.se\/vandravagen\/2015\/09\/21\/9-blandade-tankar-pa-mandagen\/\"},\"wordCount\":501,\"commentCount\":0,\"publisher\":{\"@id\":\"https:\/\/blogg.svenskakyrkan.se\/vandravagen\/#organization\"},\"image\":{\"@id\":\"https:\/\/blogg.svenskakyrkan.se\/vandravagen\/2015\/09\/21\/9-blandade-tankar-pa-mandagen\/#primaryimage\"},\"thumbnailUrl\":\"http:\/\/blogg.svenskakyrkan.se\/vandravagen\/files\/2015\/09\/bild-21.jpg\",\"articleSection\":[\"blandat\",\"Dagens Kyrka\"],\"inLanguage\":\"sv-SE\",\"potentialAction\":[{\"@type\":\"CommentAction\",\"name\":\"Comment\",\"target\":[\"https:\/\/blogg.svenskakyrkan.se\/vandravagen\/2015\/09\/21\/9-blandade-tankar-pa-mandagen\/#respond\"]}]},{\"@type\":\"WebPage\",\"@id\":\"https:\/\/blogg.svenskakyrkan.se\/vandravagen\/2015\/09\/21\/9-blandade-tankar-pa-mandagen\/\",\"url\":\"https:\/\/blogg.svenskakyrkan.se\/vandravagen\/2015\/09\/21\/9-blandade-tankar-pa-mandagen\/\",\"name\":\"9 blandade tankar p\u00e5 m\u00e5ndagen - Vandra V\u00e4gen\",\"isPartOf\":{\"@id\":\"https:\/\/blogg.svenskakyrkan.se\/vandravagen\/#website\"},\"primaryImageOfPage\":{\"@id\":\"https:\/\/blogg.svenskakyrkan.se\/vandravagen\/2015\/09\/21\/9-blandade-tankar-pa-mandagen\/#primaryimage\"},\"image\":{\"@id\":\"https:\/\/blogg.svenskakyrkan.se\/vandravagen\/2015\/09\/21\/9-blandade-tankar-pa-mandagen\/#primaryimage\"},\"thumbnailUrl\":\"http:\/\/blogg.svenskakyrkan.se\/vandravagen\/files\/2015\/09\/bild-21.jpg\",\"datePublished\":\"2015-09-21T05:00:57+00:00\",\"breadcrumb\":{\"@id\":\"https:\/\/blogg.svenskakyrkan.se\/vandravagen\/2015\/09\/21\/9-blandade-tankar-pa-mandagen\/#breadcrumb\"},\"inLanguage\":\"sv-SE\",\"potentialAction\":[{\"@type\":\"ReadAction\",\"target\":[\"https:\/\/blogg.svenskakyrkan.se\/vandravagen\/2015\/09\/21\/9-blandade-tankar-pa-mandagen\/\"]}]},{\"@type\":\"ImageObject\",\"inLanguage\":\"sv-SE\",\"@id\":\"https:\/\/blogg.svenskakyrkan.se\/vandravagen\/2015\/09\/21\/9-blandade-tankar-pa-mandagen\/#primaryimage\",\"url\":\"http:\/\/blogg.svenskakyrkan.se\/vandravagen\/files\/2015\/09\/bild-21.jpg\",\"contentUrl\":\"http:\/\/blogg.svenskakyrkan.se\/vandravagen\/files\/2015\/09\/bild-21.jpg\"},{\"@type\":\"BreadcrumbList\",\"@id\":\"https:\/\/blogg.svenskakyrkan.se\/vandravagen\/2015\/09\/21\/9-blandade-tankar-pa-mandagen\/#breadcrumb\",\"itemListElement\":[{\"@type\":\"ListItem\",\"position\":1,\"name\":\"Hem\",\"item\":\"https:\/\/blogg.svenskakyrkan.se\/vandravagen\/\"},{\"@type\":\"ListItem\",\"position\":2,\"name\":\"9 blandade tankar p\u00e5 m\u00e5ndagen\"}]},{\"@type\":\"WebSite\",\"@id\":\"https:\/\/blogg.svenskakyrkan.se\/vandravagen\/#website\",\"url\":\"https:\/\/blogg.svenskakyrkan.se\/vandravagen\/\",\"name\":\"Vandra V\u00e4gen\",\"description\":\"-Mot en tro f\u00f6r hela livet\",\"publisher\":{\"@id\":\"https:\/\/blogg.svenskakyrkan.se\/vandravagen\/#organization\"},\"potentialAction\":[{\"@type\":\"SearchAction\",\"target\":{\"@type\":\"EntryPoint\",\"urlTemplate\":\"https:\/\/blogg.svenskakyrkan.se\/vandravagen\/?s={search_term_string}\"},\"query-input\":{\"@type\":\"PropertyValueSpecification\",\"valueRequired\":true,\"valueName\":\"search_term_string\"}}],\"inLanguage\":\"sv-SE\"},{\"@type\":\"Organization\",\"@id\":\"https:\/\/blogg.svenskakyrkan.se\/vandravagen\/#organization\",\"name\":\"ulricehamns pastorat\",\"alternateName\":\"ulricehamns pastorat\",\"url\":\"https:\/\/blogg.svenskakyrkan.se\/vandravagen\/\",\"logo\":{\"@type\":\"ImageObject\",\"inLanguage\":\"sv-SE\",\"@id\":\"https:\/\/blogg.svenskakyrkan.se\/vandravagen\/#\/schema\/logo\/image\/\",\"url\":\"https:\/\/blogg.svenskakyrkan.se\/vandravagen\/files\/2023\/05\/Ulr_logo_RGB.png\",\"contentUrl\":\"https:\/\/blogg.svenskakyrkan.se\/vandravagen\/files\/2023\/05\/Ulr_logo_RGB.png\",\"width\":205,\"height\":77,\"caption\":\"ulricehamns pastorat\"},\"image\":{\"@id\":\"https:\/\/blogg.svenskakyrkan.se\/vandravagen\/#\/schema\/logo\/image\/\"},\"sameAs\":[\"http:\/\/facebook.com\/vandravagen\",\"https:\/\/x.com\/fadertomas\",\"http:\/\/www.facebook.com\/svenskakyrkaniulricehamn\"]},{\"@type\":\"Person\",\"@id\":\"https:\/\/blogg.svenskakyrkan.se\/vandravagen\/#\/schema\/person\/25da02d4f76b137d04291711e2c9fc16\",\"name\":\"Tomas Jarvid\",\"image\":{\"@type\":\"ImageObject\",\"inLanguage\":\"sv-SE\",\"@id\":\"https:\/\/blogg.svenskakyrkan.se\/vandravagen\/#\/schema\/person\/image\/\",\"url\":\"https:\/\/secure.gravatar.com\/avatar\/7fa71899795e8f540f615a1f5ab25255dc27aa40f05ee7ddd21aac521e01bf50?s=96&d=identicon&r=g\",\"contentUrl\":\"https:\/\/secure.gravatar.com\/avatar\/7fa71899795e8f540f615a1f5ab25255dc27aa40f05ee7ddd21aac521e01bf50?s=96&d=identicon&r=g\",\"caption\":\"Tomas Jarvid\"},\"description\":\"Jag bor i Ulricehamn i V\u00e4sterg\u00f6tland och \u00e4r f\u00f6rsamlingspr\u00e4st i Svenska Kyrkan f\u00f6r Dalstorps f\u00f6rsamling i Kinds pastorat. P\u00e5 den h\u00e4r bloggen skriver jag ner tankar om vandringen som kristen.\",\"sameAs\":[\"http:\/\/www.vandravagen.se\"],\"url\":\"https:\/\/blogg.svenskakyrkan.se\/vandravagen\/author\/vandravagen\/\"}]}<\/script>\n<!-- \/ Yoast SEO plugin. -->","yoast_head_json":{"title":"9 blandade tankar p\u00e5 m\u00e5ndagen - Vandra V\u00e4gen","robots":{"index":"index","follow":"follow","max-snippet":"max-snippet:-1","max-image-preview":"max-image-preview:large","max-video-preview":"max-video-preview:-1"},"canonical":"https:\/\/blogg.svenskakyrkan.se\/vandravagen\/2015\/09\/21\/9-blandade-tankar-pa-mandagen\/","og_locale":"sv_SE","og_type":"article","og_title":"9 blandade tankar p\u00e5 m\u00e5ndagen - Vandra V\u00e4gen","og_description":"Om n\u00e5gon g\u00e5r och oroar sig \u00f6ver min h\u00e4lsa och undrar om det h\u00e4nt mig n\u00e5got n\u00e4r det nu pl\u00f6tsligt inte blev n\u00e5gon bloggpost p\u00e5 Vandra V\u00e4gen ig\u00e5r (\u00e4sch, inte m\u00e5ste ni oroa er s\u00e5 f\u00f6r lilla mig&#8230;) s\u00e5 kan jag lugna er med att jag bara varit utanf\u00f6r internet. R\u00e4ttare sagt utanf\u00f6r Sverige s\u00e5 [&hellip;]","og_url":"https:\/\/blogg.svenskakyrkan.se\/vandravagen\/2015\/09\/21\/9-blandade-tankar-pa-mandagen\/","og_site_name":"Vandra V\u00e4gen","article_publisher":"http:\/\/facebook.com\/vandravagen","article_published_time":"2015-09-21T05:00:57+00:00","og_image":[{"url":"http:\/\/blogg.svenskakyrkan.se\/vandravagen\/files\/2015\/09\/bild-21.jpg","type":"","width":"","height":""}],"author":"Tomas Jarvid","twitter_card":"summary_large_image","twitter_creator":"@fadertomas","twitter_site":"@fadertomas","twitter_misc":{"Skriven av":"Tomas Jarvid","Ber\u00e4knad l\u00e4stid":"2 minuter"},"schema":{"@context":"https:\/\/schema.org","@graph":[{"@type":"Article","@id":"https:\/\/blogg.svenskakyrkan.se\/vandravagen\/2015\/09\/21\/9-blandade-tankar-pa-mandagen\/#article","isPartOf":{"@id":"https:\/\/blogg.svenskakyrkan.se\/vandravagen\/2015\/09\/21\/9-blandade-tankar-pa-mandagen\/"},"author":{"name":"Tomas Jarvid","@id":"https:\/\/blogg.svenskakyrkan.se\/vandravagen\/#\/schema\/person\/25da02d4f76b137d04291711e2c9fc16"},"headline":"9 blandade tankar p\u00e5 m\u00e5ndagen","datePublished":"2015-09-21T05:00:57+00:00","mainEntityOfPage":{"@id":"https:\/\/blogg.svenskakyrkan.se\/vandravagen\/2015\/09\/21\/9-blandade-tankar-pa-mandagen\/"},"wordCount":501,"commentCount":0,"publisher":{"@id":"https:\/\/blogg.svenskakyrkan.se\/vandravagen\/#organization"},"image":{"@id":"https:\/\/blogg.svenskakyrkan.se\/vandravagen\/2015\/09\/21\/9-blandade-tankar-pa-mandagen\/#primaryimage"},"thumbnailUrl":"http:\/\/blogg.svenskakyrkan.se\/vandravagen\/files\/2015\/09\/bild-21.jpg","articleSection":["blandat","Dagens Kyrka"],"inLanguage":"sv-SE","potentialAction":[{"@type":"CommentAction","name":"Comment","target":["https:\/\/blogg.svenskakyrkan.se\/vandravagen\/2015\/09\/21\/9-blandade-tankar-pa-mandagen\/#respond"]}]},{"@type":"WebPage","@id":"https:\/\/blogg.svenskakyrkan.se\/vandravagen\/2015\/09\/21\/9-blandade-tankar-pa-mandagen\/","url":"https:\/\/blogg.svenskakyrkan.se\/vandravagen\/2015\/09\/21\/9-blandade-tankar-pa-mandagen\/","name":"9 blandade tankar p\u00e5 m\u00e5ndagen - Vandra V\u00e4gen","isPartOf":{"@id":"https:\/\/blogg.svenskakyrkan.se\/vandravagen\/#website"},"primaryImageOfPage":{"@id":"https:\/\/blogg.svenskakyrkan.se\/vandravagen\/2015\/09\/21\/9-blandade-tankar-pa-mandagen\/#primaryimage"},"image":{"@id":"https:\/\/blogg.svenskakyrkan.se\/vandravagen\/2015\/09\/21\/9-blandade-tankar-pa-mandagen\/#primaryimage"},"thumbnailUrl":"http:\/\/blogg.svenskakyrkan.se\/vandravagen\/files\/2015\/09\/bild-21.jpg","datePublished":"2015-09-21T05:00:57+00:00","breadcrumb":{"@id":"https:\/\/blogg.svenskakyrkan.se\/vandravagen\/2015\/09\/21\/9-blandade-tankar-pa-mandagen\/#breadcrumb"},"inLanguage":"sv-SE","potentialAction":[{"@type":"ReadAction","target":["https:\/\/blogg.svenskakyrkan.se\/vandravagen\/2015\/09\/21\/9-blandade-tankar-pa-mandagen\/"]}]},{"@type":"ImageObject","inLanguage":"sv-SE","@id":"https:\/\/blogg.svenskakyrkan.se\/vandravagen\/2015\/09\/21\/9-blandade-tankar-pa-mandagen\/#primaryimage","url":"http:\/\/blogg.svenskakyrkan.se\/vandravagen\/files\/2015\/09\/bild-21.jpg","contentUrl":"http:\/\/blogg.svenskakyrkan.se\/vandravagen\/files\/2015\/09\/bild-21.jpg"},{"@type":"BreadcrumbList","@id":"https:\/\/blogg.svenskakyrkan.se\/vandravagen\/2015\/09\/21\/9-blandade-tankar-pa-mandagen\/#breadcrumb","itemListElement":[{"@type":"ListItem","position":1,"name":"Hem","item":"https:\/\/blogg.svenskakyrkan.se\/vandravagen\/"},{"@type":"ListItem","position":2,"name":"9 blandade tankar p\u00e5 m\u00e5ndagen"}]},{"@type":"WebSite","@id":"https:\/\/blogg.svenskakyrkan.se\/vandravagen\/#website","url":"https:\/\/blogg.svenskakyrkan.se\/vandravagen\/","name":"Vandra V\u00e4gen","description":"-Mot en tro f\u00f6r hela livet","publisher":{"@id":"https:\/\/blogg.svenskakyrkan.se\/vandravagen\/#organization"},"potentialAction":[{"@type":"SearchAction","target":{"@type":"EntryPoint","urlTemplate":"https:\/\/blogg.svenskakyrkan.se\/vandravagen\/?s={search_term_string}"},"query-input":{"@type":"PropertyValueSpecification","valueRequired":true,"valueName":"search_term_string"}}],"inLanguage":"sv-SE"},{"@type":"Organization","@id":"https:\/\/blogg.svenskakyrkan.se\/vandravagen\/#organization","name":"ulricehamns pastorat","alternateName":"ulricehamns pastorat","url":"https:\/\/blogg.svenskakyrkan.se\/vandravagen\/","logo":{"@type":"ImageObject","inLanguage":"sv-SE","@id":"https:\/\/blogg.svenskakyrkan.se\/vandravagen\/#\/schema\/logo\/image\/","url":"https:\/\/blogg.svenskakyrkan.se\/vandravagen\/files\/2023\/05\/Ulr_logo_RGB.png","contentUrl":"https:\/\/blogg.svenskakyrkan.se\/vandravagen\/files\/2023\/05\/Ulr_logo_RGB.png","width":205,"height":77,"caption":"ulricehamns pastorat"},"image":{"@id":"https:\/\/blogg.svenskakyrkan.se\/vandravagen\/#\/schema\/logo\/image\/"},"sameAs":["http:\/\/facebook.com\/vandravagen","https:\/\/x.com\/fadertomas","http:\/\/www.facebook.com\/svenskakyrkaniulricehamn"]},{"@type":"Person","@id":"https:\/\/blogg.svenskakyrkan.se\/vandravagen\/#\/schema\/person\/25da02d4f76b137d04291711e2c9fc16","name":"Tomas Jarvid","image":{"@type":"ImageObject","inLanguage":"sv-SE","@id":"https:\/\/blogg.svenskakyrkan.se\/vandravagen\/#\/schema\/person\/image\/","url":"https:\/\/secure.gravatar.com\/avatar\/7fa71899795e8f540f615a1f5ab25255dc27aa40f05ee7ddd21aac521e01bf50?s=96&d=identicon&r=g","contentUrl":"https:\/\/secure.gravatar.com\/avatar\/7fa71899795e8f540f615a1f5ab25255dc27aa40f05ee7ddd21aac521e01bf50?s=96&d=identicon&r=g","caption":"Tomas Jarvid"},"description":"Jag bor i Ulricehamn i V\u00e4sterg\u00f6tland och \u00e4r f\u00f6rsamlingspr\u00e4st i Svenska Kyrkan f\u00f6r Dalstorps f\u00f6rsamling i Kinds pastorat. P\u00e5 den h\u00e4r bloggen skriver jag ner tankar om vandringen som kristen.","sameAs":["http:\/\/www.vandravagen.se"],"url":"https:\/\/blogg.svenskakyrkan.se\/vandravagen\/author\/vandravagen\/"}]}},"author_meta":{"ID":"392","user_nicename":"vandravagen","user_url":"http:\/\/www.vandravagen.se","user_registered":"2014-05-19 05:44:52","display_name":"Tomas Jarvid","first_name":"Tomas","last_name":"Jarvid","avatar":"https:\/\/secure.gravatar.com\/avatar\/7fa71899795e8f540f615a1f5ab25255dc27aa40f05ee7ddd21aac521e01bf50?s=96&d=identicon&r=g"},"featured_image":false,"bloginfo":{"name":"Vandra V\u00e4gen","url":"https:\/\/blogg.svenskakyrkan.se\/vandravagen"},"_links":{"self":[{"href":"https:\/\/blogg.svenskakyrkan.se\/vandravagen\/wp-json\/wp\/v2\/posts\/3629","targetHints":{"allow":["GET"]}}],"collection":[{"href":"https:\/\/blogg.svenskakyrkan.se\/vandravagen\/wp-json\/wp\/v2\/posts"}],"about":[{"href":"https:\/\/blogg.svenskakyrkan.se\/vandravagen\/wp-json\/wp\/v2\/types\/post"}],"author":[{"embeddable":true,"href":"https:\/\/blogg.svenskakyrkan.se\/vandravagen\/wp-json\/wp\/v2\/users\/392"}],"replies":[{"embeddable":true,"href":"https:\/\/blogg.svenskakyrkan.se\/vandravagen\/wp-json\/wp\/v2\/comments?post=3629"}],"version-history":[{"count":1,"href":"https:\/\/blogg.svenskakyrkan.se\/vandravagen\/wp-json\/wp\/v2\/posts\/3629\/revisions"}],"predecessor-version":[{"id":3631,"href":"https:\/\/blogg.svenskakyrkan.se\/vandravagen\/wp-json\/wp\/v2\/posts\/3629\/revisions\/3631"}],"wp:attachment":[{"href":"https:\/\/blogg.svenskakyrkan.se\/vandravagen\/wp-json\/wp\/v2\/media?parent=3629"}],"wp:term":[{"taxonomy":"category","embeddable":true,"href":"https:\/\/blogg.svenskakyrkan.se\/vandravagen\/wp-json\/wp\/v2\/categories?post=3629"},{"taxonomy":"post_tag","embeddable":true,"href":"https:\/\/blogg.svenskakyrkan.se\/vandravagen\/wp-json\/wp\/v2\/tags?post=3629"}],"curies":[{"name":"wp","href":"https:\/\/api.w.org\/{rel}","templated":true}]}}