{"id":367,"date":"2013-09-07T10:01:00","date_gmt":"2013-09-07T08:01:00","guid":{"rendered":"http:\/\/blogg.svenskakyrkan.se\/vandravagen\/2013\/09\/07\/vad-betyder-prastens-krage\/"},"modified":"2013-09-07T10:01:00","modified_gmt":"2013-09-07T08:01:00","slug":"vad-betyder-prastens-krage","status":"publish","type":"post","link":"https:\/\/blogg.svenskakyrkan.se\/vandravagen\/2013\/09\/07\/vad-betyder-prastens-krage\/","title":{"rendered":"Vad betyder pr\u00e4stens krage?"},"content":{"rendered":"<div><a href=\"http:\/\/4.bp.blogspot.com\/-GiSJ4Yfjous\/Uiqz0bw7DBI\/AAAAAAAAFJw\/S_MH0xIeUXw\/s1600\/pra%CC%88stkrage.jpg\"><img loading=\"lazy\" decoding=\"async\" border=\"0\" height=\"426\" src=\"http:\/\/4.bp.blogspot.com\/-GiSJ4Yfjous\/Uiqz0bw7DBI\/AAAAAAAAFJw\/S_MH0xIeUXw\/s640\/pra%CC%88stkrage.jpg\" width=\"640\"><\/a><\/div>\n<div><\/div>\n<div><\/div>\n<p>Vad betyder egentligen pr\u00e4stens krage? Nu menar jag inte vad den har f\u00f6r ursprung och symbolik \u00e4ven om det vore intressant att f\u00f6rdjupa sig i. Idag handlar det om vad det betyder f\u00f6r dig och mig n\u00e4r vi m\u00f6ter en pr\u00e4st eller diakon i krage. Tankarna \u00e4r fr\u00e5n Sam Wells f\u00f6redrag p\u00e5 pr\u00e4st och diakonm\u00f6tet i Bor\u00e5s men jag har faktiskt skrivit n\u00e5got liknande (fast om mitt n\u00e4talias FaderTomas (ja, t\u00f6ntigt, jag vet) i bloggposten <a href=\"http:\/\/www.vandravagen.se\/2012\/09\/batman-och-fader-tomas.html\">Fader Tomas och Batman<\/a>\u00a0(fast numera har jag bara ett facebookkonto).<\/p>\n<p>N\u00e5v\u00e4l.<\/p>\n<p>Kragen \u00e4r ett erbjudande.<\/p>\n<p>M\u00e4nniskor relaterar v\u00e4ldigt olika till pr\u00e4stkragar. En del tycker det \u00e4r fint, f\u00f6r andra blir det som att det \u00e4r ens d\u00e5liga samvetet som kommer p\u00e5 bes\u00f6k. Sam Wells menar i alla fall att kragen i alla l\u00e4gen betyder att h\u00e4r finns n\u00e5gon som man kan tala med p\u00e5 djupet. Du best\u00e4mmer hur djupt du g\u00e5r men jag som pr\u00e4st \u00e4r beredd att g\u00e5 s\u00e5 djupt som du vill.<\/p>\n<table align=\"center\" cellpadding=\"0\" cellspacing=\"0\">\n<tbody>\n<tr>\n<td><a href=\"http:\/\/4.bp.blogspot.com\/-wuojq0nRBq4\/Uiq0E2wKHsI\/AAAAAAAAFJ4\/_5-WCIZBJDs\/s1600\/IMG_4024.JPG\"><img loading=\"lazy\" decoding=\"async\" border=\"0\" height=\"298\" src=\"http:\/\/4.bp.blogspot.com\/-wuojq0nRBq4\/Uiq0E2wKHsI\/AAAAAAAAFJ4\/_5-WCIZBJDs\/s400\/IMG_4024.JPG\" width=\"400\"><\/a><\/td>\n<\/tr>\n<tr>\n<td>Sam Wells talar p\u00e5 pr\u00e4st och diakonm\u00f6tet<\/td>\n<\/tr>\n<\/tbody>\n<\/table>\n<p>Kragen \u00e4r signalen att om du vill s\u00e5 kan du prata med mig.\u00a0Om du vill kan det vara dags f\u00f6r ett av ditt livs viktiga stunder.\u00a0Det kanske inte \u00e4r r\u00e4tt tillf\u00e4lle f\u00f6r dig nu och d\u00e5 \u00e4r det ok men f\u00f6r mig \u00e4r det alltid r\u00e4tt tillf\u00e4lle. Jag kommer inte att byta \u00e4mne eller ber\u00e4tta om n\u00e5got annat mycket mer intressant som jag sj\u00e4lv varit med om eller bli besv\u00e4rad. Skjortan betyder att jag finns d\u00e4r f\u00f6r dig.<\/p>\n<p>Kragen \u00e4r ett erbjudande. Det var v\u00e4ldigt bra uttryckt.\u00a0M\u00e5 jag alltid lyckas leva upp till det erbjudandet.<\/p><\/p>\n","protected":false},"excerpt":{"rendered":"<p>Vad betyder egentligen pr\u00e4stens krage? Nu menar jag inte vad den har f\u00f6r ursprung och symbolik \u00e4ven om det vore intressant att f\u00f6rdjupa sig i. Idag handlar det om vad det betyder f\u00f6r dig och mig n\u00e4r vi m\u00f6ter en pr\u00e4st eller diakon i krage. Tankarna \u00e4r fr\u00e5n Sam Wells f\u00f6redrag p\u00e5 pr\u00e4st och diakonm\u00f6tet [&hellip;]<\/p>\n","protected":false},"author":392,"featured_media":0,"comment_status":"open","ping_status":"open","sticky":false,"template":"","format":"standard","meta":{"_acf_changed":false,"footnotes":""},"categories":[117],"tags":[],"class_list":["post-367","post","type-post","status-publish","format-standard","hentry","category-teologi"],"acf":[],"yoast_head":"<!-- This site is optimized with the Yoast SEO plugin v27.1.1 - https:\/\/yoast.com\/product\/yoast-seo-wordpress\/ -->\n<title>Vad betyder pr\u00e4stens krage? - Vandra V\u00e4gen<\/title>\n<meta name=\"robots\" content=\"index, follow, max-snippet:-1, max-image-preview:large, max-video-preview:-1\" \/>\n<link rel=\"canonical\" href=\"https:\/\/blogg.svenskakyrkan.se\/vandravagen\/2013\/09\/07\/vad-betyder-prastens-krage\/\" \/>\n<meta property=\"og:locale\" content=\"sv_SE\" \/>\n<meta property=\"og:type\" content=\"article\" \/>\n<meta property=\"og:title\" content=\"Vad betyder pr\u00e4stens krage? - Vandra V\u00e4gen\" \/>\n<meta property=\"og:description\" content=\"Vad betyder egentligen pr\u00e4stens krage? Nu menar jag inte vad den har f\u00f6r ursprung och symbolik \u00e4ven om det vore intressant att f\u00f6rdjupa sig i. Idag handlar det om vad det betyder f\u00f6r dig och mig n\u00e4r vi m\u00f6ter en pr\u00e4st eller diakon i krage. Tankarna \u00e4r fr\u00e5n Sam Wells f\u00f6redrag p\u00e5 pr\u00e4st och diakonm\u00f6tet [&hellip;]\" \/>\n<meta property=\"og:url\" content=\"https:\/\/blogg.svenskakyrkan.se\/vandravagen\/2013\/09\/07\/vad-betyder-prastens-krage\/\" \/>\n<meta property=\"og:site_name\" content=\"Vandra V\u00e4gen\" \/>\n<meta property=\"article:publisher\" content=\"http:\/\/facebook.com\/vandravagen\" \/>\n<meta property=\"article:published_time\" content=\"2013-09-07T08:01:00+00:00\" \/>\n<meta property=\"og:image\" content=\"http:\/\/4.bp.blogspot.com\/-GiSJ4Yfjous\/Uiqz0bw7DBI\/AAAAAAAAFJw\/S_MH0xIeUXw\/s640\/pra%CC%88stkrage.jpg\" \/>\n<meta name=\"author\" content=\"Tomas Jarvid\" \/>\n<meta name=\"twitter:card\" content=\"summary_large_image\" \/>\n<meta name=\"twitter:creator\" content=\"@fadertomas\" \/>\n<meta name=\"twitter:site\" content=\"@fadertomas\" \/>\n<meta name=\"twitter:label1\" content=\"Skriven av\" \/>\n\t<meta name=\"twitter:data1\" content=\"Tomas Jarvid\" \/>\n\t<meta name=\"twitter:label2\" content=\"Ber\u00e4knad l\u00e4stid\" \/>\n\t<meta name=\"twitter:data2\" content=\"2 minuter\" \/>\n<script type=\"application\/ld+json\" class=\"yoast-schema-graph\">{\"@context\":\"https:\/\/schema.org\",\"@graph\":[{\"@type\":\"Article\",\"@id\":\"https:\/\/blogg.svenskakyrkan.se\/vandravagen\/2013\/09\/07\/vad-betyder-prastens-krage\/#article\",\"isPartOf\":{\"@id\":\"https:\/\/blogg.svenskakyrkan.se\/vandravagen\/2013\/09\/07\/vad-betyder-prastens-krage\/\"},\"author\":{\"name\":\"Tomas Jarvid\",\"@id\":\"https:\/\/blogg.svenskakyrkan.se\/vandravagen\/#\/schema\/person\/25da02d4f76b137d04291711e2c9fc16\"},\"headline\":\"Vad betyder pr\u00e4stens krage?\",\"datePublished\":\"2013-09-07T08:01:00+00:00\",\"mainEntityOfPage\":{\"@id\":\"https:\/\/blogg.svenskakyrkan.se\/vandravagen\/2013\/09\/07\/vad-betyder-prastens-krage\/\"},\"wordCount\":315,\"commentCount\":1,\"publisher\":{\"@id\":\"https:\/\/blogg.svenskakyrkan.se\/vandravagen\/#organization\"},\"image\":{\"@id\":\"https:\/\/blogg.svenskakyrkan.se\/vandravagen\/2013\/09\/07\/vad-betyder-prastens-krage\/#primaryimage\"},\"thumbnailUrl\":\"http:\/\/4.bp.blogspot.com\/-GiSJ4Yfjous\/Uiqz0bw7DBI\/AAAAAAAAFJw\/S_MH0xIeUXw\/s640\/pra%CC%88stkrage.jpg\",\"articleSection\":[\"Teologi\"],\"inLanguage\":\"sv-SE\",\"potentialAction\":[{\"@type\":\"CommentAction\",\"name\":\"Comment\",\"target\":[\"https:\/\/blogg.svenskakyrkan.se\/vandravagen\/2013\/09\/07\/vad-betyder-prastens-krage\/#respond\"]}]},{\"@type\":\"WebPage\",\"@id\":\"https:\/\/blogg.svenskakyrkan.se\/vandravagen\/2013\/09\/07\/vad-betyder-prastens-krage\/\",\"url\":\"https:\/\/blogg.svenskakyrkan.se\/vandravagen\/2013\/09\/07\/vad-betyder-prastens-krage\/\",\"name\":\"Vad betyder pr\u00e4stens krage? - Vandra V\u00e4gen\",\"isPartOf\":{\"@id\":\"https:\/\/blogg.svenskakyrkan.se\/vandravagen\/#website\"},\"primaryImageOfPage\":{\"@id\":\"https:\/\/blogg.svenskakyrkan.se\/vandravagen\/2013\/09\/07\/vad-betyder-prastens-krage\/#primaryimage\"},\"image\":{\"@id\":\"https:\/\/blogg.svenskakyrkan.se\/vandravagen\/2013\/09\/07\/vad-betyder-prastens-krage\/#primaryimage\"},\"thumbnailUrl\":\"http:\/\/4.bp.blogspot.com\/-GiSJ4Yfjous\/Uiqz0bw7DBI\/AAAAAAAAFJw\/S_MH0xIeUXw\/s640\/pra%CC%88stkrage.jpg\",\"datePublished\":\"2013-09-07T08:01:00+00:00\",\"breadcrumb\":{\"@id\":\"https:\/\/blogg.svenskakyrkan.se\/vandravagen\/2013\/09\/07\/vad-betyder-prastens-krage\/#breadcrumb\"},\"inLanguage\":\"sv-SE\",\"potentialAction\":[{\"@type\":\"ReadAction\",\"target\":[\"https:\/\/blogg.svenskakyrkan.se\/vandravagen\/2013\/09\/07\/vad-betyder-prastens-krage\/\"]}]},{\"@type\":\"ImageObject\",\"inLanguage\":\"sv-SE\",\"@id\":\"https:\/\/blogg.svenskakyrkan.se\/vandravagen\/2013\/09\/07\/vad-betyder-prastens-krage\/#primaryimage\",\"url\":\"http:\/\/4.bp.blogspot.com\/-GiSJ4Yfjous\/Uiqz0bw7DBI\/AAAAAAAAFJw\/S_MH0xIeUXw\/s640\/pra%CC%88stkrage.jpg\",\"contentUrl\":\"http:\/\/4.bp.blogspot.com\/-GiSJ4Yfjous\/Uiqz0bw7DBI\/AAAAAAAAFJw\/S_MH0xIeUXw\/s640\/pra%CC%88stkrage.jpg\"},{\"@type\":\"BreadcrumbList\",\"@id\":\"https:\/\/blogg.svenskakyrkan.se\/vandravagen\/2013\/09\/07\/vad-betyder-prastens-krage\/#breadcrumb\",\"itemListElement\":[{\"@type\":\"ListItem\",\"position\":1,\"name\":\"Hem\",\"item\":\"https:\/\/blogg.svenskakyrkan.se\/vandravagen\/\"},{\"@type\":\"ListItem\",\"position\":2,\"name\":\"Vad betyder pr\u00e4stens krage?\"}]},{\"@type\":\"WebSite\",\"@id\":\"https:\/\/blogg.svenskakyrkan.se\/vandravagen\/#website\",\"url\":\"https:\/\/blogg.svenskakyrkan.se\/vandravagen\/\",\"name\":\"Vandra V\u00e4gen\",\"description\":\"-Mot en tro f\u00f6r hela livet\",\"publisher\":{\"@id\":\"https:\/\/blogg.svenskakyrkan.se\/vandravagen\/#organization\"},\"potentialAction\":[{\"@type\":\"SearchAction\",\"target\":{\"@type\":\"EntryPoint\",\"urlTemplate\":\"https:\/\/blogg.svenskakyrkan.se\/vandravagen\/?s={search_term_string}\"},\"query-input\":{\"@type\":\"PropertyValueSpecification\",\"valueRequired\":true,\"valueName\":\"search_term_string\"}}],\"inLanguage\":\"sv-SE\"},{\"@type\":\"Organization\",\"@id\":\"https:\/\/blogg.svenskakyrkan.se\/vandravagen\/#organization\",\"name\":\"ulricehamns pastorat\",\"alternateName\":\"ulricehamns pastorat\",\"url\":\"https:\/\/blogg.svenskakyrkan.se\/vandravagen\/\",\"logo\":{\"@type\":\"ImageObject\",\"inLanguage\":\"sv-SE\",\"@id\":\"https:\/\/blogg.svenskakyrkan.se\/vandravagen\/#\/schema\/logo\/image\/\",\"url\":\"https:\/\/blogg.svenskakyrkan.se\/vandravagen\/files\/2023\/05\/Ulr_logo_RGB.png\",\"contentUrl\":\"https:\/\/blogg.svenskakyrkan.se\/vandravagen\/files\/2023\/05\/Ulr_logo_RGB.png\",\"width\":205,\"height\":77,\"caption\":\"ulricehamns pastorat\"},\"image\":{\"@id\":\"https:\/\/blogg.svenskakyrkan.se\/vandravagen\/#\/schema\/logo\/image\/\"},\"sameAs\":[\"http:\/\/facebook.com\/vandravagen\",\"https:\/\/x.com\/fadertomas\",\"http:\/\/www.facebook.com\/svenskakyrkaniulricehamn\"]},{\"@type\":\"Person\",\"@id\":\"https:\/\/blogg.svenskakyrkan.se\/vandravagen\/#\/schema\/person\/25da02d4f76b137d04291711e2c9fc16\",\"name\":\"Tomas Jarvid\",\"image\":{\"@type\":\"ImageObject\",\"inLanguage\":\"sv-SE\",\"@id\":\"https:\/\/blogg.svenskakyrkan.se\/vandravagen\/#\/schema\/person\/image\/\",\"url\":\"https:\/\/secure.gravatar.com\/avatar\/7fa71899795e8f540f615a1f5ab25255dc27aa40f05ee7ddd21aac521e01bf50?s=96&d=identicon&r=g\",\"contentUrl\":\"https:\/\/secure.gravatar.com\/avatar\/7fa71899795e8f540f615a1f5ab25255dc27aa40f05ee7ddd21aac521e01bf50?s=96&d=identicon&r=g\",\"caption\":\"Tomas Jarvid\"},\"description\":\"Jag bor i Ulricehamn i V\u00e4sterg\u00f6tland och \u00e4r f\u00f6rsamlingspr\u00e4st i Svenska Kyrkan f\u00f6r Dalstorps f\u00f6rsamling i Kinds pastorat. P\u00e5 den h\u00e4r bloggen skriver jag ner tankar om vandringen som kristen.\",\"sameAs\":[\"http:\/\/www.vandravagen.se\"],\"url\":\"https:\/\/blogg.svenskakyrkan.se\/vandravagen\/author\/vandravagen\/\"}]}<\/script>\n<!-- \/ Yoast SEO plugin. -->","yoast_head_json":{"title":"Vad betyder pr\u00e4stens krage? - Vandra V\u00e4gen","robots":{"index":"index","follow":"follow","max-snippet":"max-snippet:-1","max-image-preview":"max-image-preview:large","max-video-preview":"max-video-preview:-1"},"canonical":"https:\/\/blogg.svenskakyrkan.se\/vandravagen\/2013\/09\/07\/vad-betyder-prastens-krage\/","og_locale":"sv_SE","og_type":"article","og_title":"Vad betyder pr\u00e4stens krage? - Vandra V\u00e4gen","og_description":"Vad betyder egentligen pr\u00e4stens krage? Nu menar jag inte vad den har f\u00f6r ursprung och symbolik \u00e4ven om det vore intressant att f\u00f6rdjupa sig i. Idag handlar det om vad det betyder f\u00f6r dig och mig n\u00e4r vi m\u00f6ter en pr\u00e4st eller diakon i krage. Tankarna \u00e4r fr\u00e5n Sam Wells f\u00f6redrag p\u00e5 pr\u00e4st och diakonm\u00f6tet [&hellip;]","og_url":"https:\/\/blogg.svenskakyrkan.se\/vandravagen\/2013\/09\/07\/vad-betyder-prastens-krage\/","og_site_name":"Vandra V\u00e4gen","article_publisher":"http:\/\/facebook.com\/vandravagen","article_published_time":"2013-09-07T08:01:00+00:00","og_image":[{"url":"http:\/\/4.bp.blogspot.com\/-GiSJ4Yfjous\/Uiqz0bw7DBI\/AAAAAAAAFJw\/S_MH0xIeUXw\/s640\/pra%CC%88stkrage.jpg","type":"","width":"","height":""}],"author":"Tomas Jarvid","twitter_card":"summary_large_image","twitter_creator":"@fadertomas","twitter_site":"@fadertomas","twitter_misc":{"Skriven av":"Tomas Jarvid","Ber\u00e4knad l\u00e4stid":"2 minuter"},"schema":{"@context":"https:\/\/schema.org","@graph":[{"@type":"Article","@id":"https:\/\/blogg.svenskakyrkan.se\/vandravagen\/2013\/09\/07\/vad-betyder-prastens-krage\/#article","isPartOf":{"@id":"https:\/\/blogg.svenskakyrkan.se\/vandravagen\/2013\/09\/07\/vad-betyder-prastens-krage\/"},"author":{"name":"Tomas Jarvid","@id":"https:\/\/blogg.svenskakyrkan.se\/vandravagen\/#\/schema\/person\/25da02d4f76b137d04291711e2c9fc16"},"headline":"Vad betyder pr\u00e4stens krage?","datePublished":"2013-09-07T08:01:00+00:00","mainEntityOfPage":{"@id":"https:\/\/blogg.svenskakyrkan.se\/vandravagen\/2013\/09\/07\/vad-betyder-prastens-krage\/"},"wordCount":315,"commentCount":1,"publisher":{"@id":"https:\/\/blogg.svenskakyrkan.se\/vandravagen\/#organization"},"image":{"@id":"https:\/\/blogg.svenskakyrkan.se\/vandravagen\/2013\/09\/07\/vad-betyder-prastens-krage\/#primaryimage"},"thumbnailUrl":"http:\/\/4.bp.blogspot.com\/-GiSJ4Yfjous\/Uiqz0bw7DBI\/AAAAAAAAFJw\/S_MH0xIeUXw\/s640\/pra%CC%88stkrage.jpg","articleSection":["Teologi"],"inLanguage":"sv-SE","potentialAction":[{"@type":"CommentAction","name":"Comment","target":["https:\/\/blogg.svenskakyrkan.se\/vandravagen\/2013\/09\/07\/vad-betyder-prastens-krage\/#respond"]}]},{"@type":"WebPage","@id":"https:\/\/blogg.svenskakyrkan.se\/vandravagen\/2013\/09\/07\/vad-betyder-prastens-krage\/","url":"https:\/\/blogg.svenskakyrkan.se\/vandravagen\/2013\/09\/07\/vad-betyder-prastens-krage\/","name":"Vad betyder pr\u00e4stens krage? - Vandra V\u00e4gen","isPartOf":{"@id":"https:\/\/blogg.svenskakyrkan.se\/vandravagen\/#website"},"primaryImageOfPage":{"@id":"https:\/\/blogg.svenskakyrkan.se\/vandravagen\/2013\/09\/07\/vad-betyder-prastens-krage\/#primaryimage"},"image":{"@id":"https:\/\/blogg.svenskakyrkan.se\/vandravagen\/2013\/09\/07\/vad-betyder-prastens-krage\/#primaryimage"},"thumbnailUrl":"http:\/\/4.bp.blogspot.com\/-GiSJ4Yfjous\/Uiqz0bw7DBI\/AAAAAAAAFJw\/S_MH0xIeUXw\/s640\/pra%CC%88stkrage.jpg","datePublished":"2013-09-07T08:01:00+00:00","breadcrumb":{"@id":"https:\/\/blogg.svenskakyrkan.se\/vandravagen\/2013\/09\/07\/vad-betyder-prastens-krage\/#breadcrumb"},"inLanguage":"sv-SE","potentialAction":[{"@type":"ReadAction","target":["https:\/\/blogg.svenskakyrkan.se\/vandravagen\/2013\/09\/07\/vad-betyder-prastens-krage\/"]}]},{"@type":"ImageObject","inLanguage":"sv-SE","@id":"https:\/\/blogg.svenskakyrkan.se\/vandravagen\/2013\/09\/07\/vad-betyder-prastens-krage\/#primaryimage","url":"http:\/\/4.bp.blogspot.com\/-GiSJ4Yfjous\/Uiqz0bw7DBI\/AAAAAAAAFJw\/S_MH0xIeUXw\/s640\/pra%CC%88stkrage.jpg","contentUrl":"http:\/\/4.bp.blogspot.com\/-GiSJ4Yfjous\/Uiqz0bw7DBI\/AAAAAAAAFJw\/S_MH0xIeUXw\/s640\/pra%CC%88stkrage.jpg"},{"@type":"BreadcrumbList","@id":"https:\/\/blogg.svenskakyrkan.se\/vandravagen\/2013\/09\/07\/vad-betyder-prastens-krage\/#breadcrumb","itemListElement":[{"@type":"ListItem","position":1,"name":"Hem","item":"https:\/\/blogg.svenskakyrkan.se\/vandravagen\/"},{"@type":"ListItem","position":2,"name":"Vad betyder pr\u00e4stens krage?"}]},{"@type":"WebSite","@id":"https:\/\/blogg.svenskakyrkan.se\/vandravagen\/#website","url":"https:\/\/blogg.svenskakyrkan.se\/vandravagen\/","name":"Vandra V\u00e4gen","description":"-Mot en tro f\u00f6r hela livet","publisher":{"@id":"https:\/\/blogg.svenskakyrkan.se\/vandravagen\/#organization"},"potentialAction":[{"@type":"SearchAction","target":{"@type":"EntryPoint","urlTemplate":"https:\/\/blogg.svenskakyrkan.se\/vandravagen\/?s={search_term_string}"},"query-input":{"@type":"PropertyValueSpecification","valueRequired":true,"valueName":"search_term_string"}}],"inLanguage":"sv-SE"},{"@type":"Organization","@id":"https:\/\/blogg.svenskakyrkan.se\/vandravagen\/#organization","name":"ulricehamns pastorat","alternateName":"ulricehamns pastorat","url":"https:\/\/blogg.svenskakyrkan.se\/vandravagen\/","logo":{"@type":"ImageObject","inLanguage":"sv-SE","@id":"https:\/\/blogg.svenskakyrkan.se\/vandravagen\/#\/schema\/logo\/image\/","url":"https:\/\/blogg.svenskakyrkan.se\/vandravagen\/files\/2023\/05\/Ulr_logo_RGB.png","contentUrl":"https:\/\/blogg.svenskakyrkan.se\/vandravagen\/files\/2023\/05\/Ulr_logo_RGB.png","width":205,"height":77,"caption":"ulricehamns pastorat"},"image":{"@id":"https:\/\/blogg.svenskakyrkan.se\/vandravagen\/#\/schema\/logo\/image\/"},"sameAs":["http:\/\/facebook.com\/vandravagen","https:\/\/x.com\/fadertomas","http:\/\/www.facebook.com\/svenskakyrkaniulricehamn"]},{"@type":"Person","@id":"https:\/\/blogg.svenskakyrkan.se\/vandravagen\/#\/schema\/person\/25da02d4f76b137d04291711e2c9fc16","name":"Tomas Jarvid","image":{"@type":"ImageObject","inLanguage":"sv-SE","@id":"https:\/\/blogg.svenskakyrkan.se\/vandravagen\/#\/schema\/person\/image\/","url":"https:\/\/secure.gravatar.com\/avatar\/7fa71899795e8f540f615a1f5ab25255dc27aa40f05ee7ddd21aac521e01bf50?s=96&d=identicon&r=g","contentUrl":"https:\/\/secure.gravatar.com\/avatar\/7fa71899795e8f540f615a1f5ab25255dc27aa40f05ee7ddd21aac521e01bf50?s=96&d=identicon&r=g","caption":"Tomas Jarvid"},"description":"Jag bor i Ulricehamn i V\u00e4sterg\u00f6tland och \u00e4r f\u00f6rsamlingspr\u00e4st i Svenska Kyrkan f\u00f6r Dalstorps f\u00f6rsamling i Kinds pastorat. P\u00e5 den h\u00e4r bloggen skriver jag ner tankar om vandringen som kristen.","sameAs":["http:\/\/www.vandravagen.se"],"url":"https:\/\/blogg.svenskakyrkan.se\/vandravagen\/author\/vandravagen\/"}]}},"author_meta":{"ID":"392","user_nicename":"vandravagen","user_url":"http:\/\/www.vandravagen.se","user_registered":"2014-05-19 05:44:52","display_name":"Tomas Jarvid","first_name":"Tomas","last_name":"Jarvid","avatar":"https:\/\/secure.gravatar.com\/avatar\/7fa71899795e8f540f615a1f5ab25255dc27aa40f05ee7ddd21aac521e01bf50?s=96&d=identicon&r=g"},"featured_image":false,"bloginfo":{"name":"Vandra V\u00e4gen","url":"https:\/\/blogg.svenskakyrkan.se\/vandravagen"},"_links":{"self":[{"href":"https:\/\/blogg.svenskakyrkan.se\/vandravagen\/wp-json\/wp\/v2\/posts\/367","targetHints":{"allow":["GET"]}}],"collection":[{"href":"https:\/\/blogg.svenskakyrkan.se\/vandravagen\/wp-json\/wp\/v2\/posts"}],"about":[{"href":"https:\/\/blogg.svenskakyrkan.se\/vandravagen\/wp-json\/wp\/v2\/types\/post"}],"author":[{"embeddable":true,"href":"https:\/\/blogg.svenskakyrkan.se\/vandravagen\/wp-json\/wp\/v2\/users\/392"}],"replies":[{"embeddable":true,"href":"https:\/\/blogg.svenskakyrkan.se\/vandravagen\/wp-json\/wp\/v2\/comments?post=367"}],"version-history":[{"count":0,"href":"https:\/\/blogg.svenskakyrkan.se\/vandravagen\/wp-json\/wp\/v2\/posts\/367\/revisions"}],"wp:attachment":[{"href":"https:\/\/blogg.svenskakyrkan.se\/vandravagen\/wp-json\/wp\/v2\/media?parent=367"}],"wp:term":[{"taxonomy":"category","embeddable":true,"href":"https:\/\/blogg.svenskakyrkan.se\/vandravagen\/wp-json\/wp\/v2\/categories?post=367"},{"taxonomy":"post_tag","embeddable":true,"href":"https:\/\/blogg.svenskakyrkan.se\/vandravagen\/wp-json\/wp\/v2\/tags?post=367"}],"curies":[{"name":"wp","href":"https:\/\/api.w.org\/{rel}","templated":true}]}}