{"id":3672,"date":"2015-09-27T07:00:02","date_gmt":"2015-09-27T05:00:02","guid":{"rendered":"http:\/\/blogg.svenskakyrkan.se\/vandravagen\/?p=3672"},"modified":"2015-09-26T20:30:15","modified_gmt":"2015-09-26T18:30:15","slug":"7-blandade-tankar-pa-sondagen-7","status":"publish","type":"post","link":"https:\/\/blogg.svenskakyrkan.se\/vandravagen\/2015\/09\/27\/7-blandade-tankar-pa-sondagen-7\/","title":{"rendered":"7 blandade tankar p\u00e5 s\u00f6ndagen"},"content":{"rendered":"<div id=\"attachment_3673\" style=\"width: 650px\" class=\"wp-caption aligncenter\"><a href=\"http:\/\/blogg.svenskakyrkan.se\/vandravagen\/files\/2015\/09\/IMG_2716.jpg\"><img loading=\"lazy\" decoding=\"async\" aria-describedby=\"caption-attachment-3673\" class=\"size-full wp-image-3673\" src=\"http:\/\/blogg.svenskakyrkan.se\/vandravagen\/files\/2015\/09\/IMG_2716.jpg\" alt=\"Rikedom?\" width=\"640\" height=\"460\" srcset=\"https:\/\/blogg.svenskakyrkan.se\/vandravagen\/files\/2015\/09\/IMG_2716.jpg 640w, https:\/\/blogg.svenskakyrkan.se\/vandravagen\/files\/2015\/09\/IMG_2716-300x216.jpg 300w, https:\/\/blogg.svenskakyrkan.se\/vandravagen\/files\/2015\/09\/IMG_2716-417x300.jpg 417w\" sizes=\"auto, (max-width: 640px) 100vw, 640px\" \/><\/a><p id=\"caption-attachment-3673\" class=\"wp-caption-text\">Rikedom?<\/p><\/div>\n<p>Jag tycker p\u00e5 n\u00e5got s\u00e4tt att den h\u00e4r bilden kan representera rikedom. Kanske inte f\u00f6r att det \u00e4r s\u00e5 efterstr\u00e4vansv\u00e4rt att ha en stor m\u00e4ngd papegojor och en stor grammofon men mannens ansikte utstr\u00e5lar finurlighet och gl\u00e4dje.<\/p>\n<p>Rikedom \u00e4r denna s\u00f6ndags tema. R\u00e4ttare sagt &#8221;rik inf\u00f6r Gud&#8221;. Det \u00e4r n\u00e5got annat det \u00e4n vad vi oftast jagar efter.<\/p>\n<p>Samla inte era skatter p\u00e5 jorden utan i himlen. S\u00e5 s\u00e4ger Jesus i dagens evangelietext. Och s\u00e5 dessutom det fantastiska insiktsfulla citatet om att &#8221;ingen kan tj\u00e4na tv\u00e5 Herrar&#8221;, Gud och Mammon. Riktigt m\u00e4rgfullt och utmanande.<\/p>\n<p>Och s\u00e5 den gammaltestamentliga texten om hur Aron kom att g\u00f6ra en guldkalv \u00e5t folket. D\u00e4r finns mycket att fundera vidare p\u00e5. Jaja. Jag tar itu med det om tre \u00e5r om jag predikar d\u00e5. Idag blev det inga djupdykningar i texterna h\u00e4r. Idag \u00e4r n\u00e4mligen en *ledig* s\u00f6ndag!<\/p>\n<p>Andra saker som h\u00e4nt i veckan: Jag har farit hit och dit i v\u00e5rt j\u00e4ttestora pastorat, sjungit f\u00f6r PRO och tagit nya roliga (?) kort p\u00e5 playmobilluther.<\/p>\n<p>B\u00e4st p\u00e5 Vandra V\u00e4gen den h\u00e4r veckan \u00e4r f\u00f6r \u00f6vrigt bloggposten om mangahj\u00e4lten Naruto. Den har jag funderat p\u00e5 v\u00e4ldigt l\u00e4nge. En annan jag funderat l\u00e4nge p\u00e5 men \u00e4nnu inte publicerat \u00e4r den om alla l\u00e4rdomar jag f\u00e5tt fr\u00e5n bloggen.<\/p>\n<p>Jag forts\u00e4tter f\u00f6r \u00f6vrigt min bana som den motvillige bloggaren. Jag k\u00e4nner att jag borde driva fr\u00e5gan om att anv\u00e4nda sociala medier mer i min f\u00f6rsamling men har skjutit p\u00e5 det hittills f\u00f6r att jag tycker det \u00e4r lite t\u00f6ntigt att vara engagerad i s\u00e5nt. Coola pr\u00e4ster g\u00f6r andra saker. Tror jag. Undrar vad de g\u00f6r egentligen? Skriv en kommentar om du vet!<\/p>\n<p>Hur har du det idag? Skriv en kommentar!<\/p>\n","protected":false},"excerpt":{"rendered":"<p>Jag tycker p\u00e5 n\u00e5got s\u00e4tt att den h\u00e4r bilden kan representera rikedom. Kanske inte f\u00f6r att det \u00e4r s\u00e5 efterstr\u00e4vansv\u00e4rt att ha en stor m\u00e4ngd papegojor och en stor grammofon men mannens ansikte utstr\u00e5lar finurlighet och gl\u00e4dje. Rikedom \u00e4r denna s\u00f6ndags tema. R\u00e4ttare sagt &#8221;rik inf\u00f6r Gud&#8221;. Det \u00e4r n\u00e5got annat det \u00e4n vad vi [&hellip;]<\/p>\n","protected":false},"author":392,"featured_media":0,"comment_status":"open","ping_status":"open","sticky":false,"template":"","format":"standard","meta":{"_acf_changed":false,"footnotes":""},"categories":[76766,76189],"tags":[],"class_list":["post-3672","post","type-post","status-publish","format-standard","hentry","category-blandat","category-dagens-kyrka"],"acf":[],"yoast_head":"<!-- This site is optimized with the Yoast SEO plugin v27.1.1 - https:\/\/yoast.com\/product\/yoast-seo-wordpress\/ -->\n<title>7 blandade tankar p\u00e5 s\u00f6ndagen - Vandra V\u00e4gen<\/title>\n<meta name=\"robots\" content=\"index, follow, max-snippet:-1, max-image-preview:large, max-video-preview:-1\" \/>\n<link rel=\"canonical\" href=\"https:\/\/blogg.svenskakyrkan.se\/vandravagen\/2015\/09\/27\/7-blandade-tankar-pa-sondagen-7\/\" \/>\n<meta property=\"og:locale\" content=\"sv_SE\" \/>\n<meta property=\"og:type\" content=\"article\" \/>\n<meta property=\"og:title\" content=\"7 blandade tankar p\u00e5 s\u00f6ndagen - Vandra V\u00e4gen\" \/>\n<meta property=\"og:description\" content=\"Jag tycker p\u00e5 n\u00e5got s\u00e4tt att den h\u00e4r bilden kan representera rikedom. Kanske inte f\u00f6r att det \u00e4r s\u00e5 efterstr\u00e4vansv\u00e4rt att ha en stor m\u00e4ngd papegojor och en stor grammofon men mannens ansikte utstr\u00e5lar finurlighet och gl\u00e4dje. Rikedom \u00e4r denna s\u00f6ndags tema. R\u00e4ttare sagt &#8221;rik inf\u00f6r Gud&#8221;. Det \u00e4r n\u00e5got annat det \u00e4n vad vi [&hellip;]\" \/>\n<meta property=\"og:url\" content=\"https:\/\/blogg.svenskakyrkan.se\/vandravagen\/2015\/09\/27\/7-blandade-tankar-pa-sondagen-7\/\" \/>\n<meta property=\"og:site_name\" content=\"Vandra V\u00e4gen\" \/>\n<meta property=\"article:publisher\" content=\"http:\/\/facebook.com\/vandravagen\" \/>\n<meta property=\"article:published_time\" content=\"2015-09-27T05:00:02+00:00\" \/>\n<meta property=\"og:image\" content=\"http:\/\/blogg.svenskakyrkan.se\/vandravagen\/files\/2015\/09\/IMG_2716.jpg\" \/>\n<meta name=\"author\" content=\"Tomas Jarvid\" \/>\n<meta name=\"twitter:card\" content=\"summary_large_image\" \/>\n<meta name=\"twitter:creator\" content=\"@fadertomas\" \/>\n<meta name=\"twitter:site\" content=\"@fadertomas\" \/>\n<meta name=\"twitter:label1\" content=\"Skriven av\" \/>\n\t<meta name=\"twitter:data1\" content=\"Tomas Jarvid\" \/>\n\t<meta name=\"twitter:label2\" content=\"Ber\u00e4knad l\u00e4stid\" \/>\n\t<meta name=\"twitter:data2\" content=\"2 minuter\" \/>\n<script type=\"application\/ld+json\" class=\"yoast-schema-graph\">{\"@context\":\"https:\/\/schema.org\",\"@graph\":[{\"@type\":\"Article\",\"@id\":\"https:\/\/blogg.svenskakyrkan.se\/vandravagen\/2015\/09\/27\/7-blandade-tankar-pa-sondagen-7\/#article\",\"isPartOf\":{\"@id\":\"https:\/\/blogg.svenskakyrkan.se\/vandravagen\/2015\/09\/27\/7-blandade-tankar-pa-sondagen-7\/\"},\"author\":{\"name\":\"Tomas Jarvid\",\"@id\":\"https:\/\/blogg.svenskakyrkan.se\/vandravagen\/#\/schema\/person\/25da02d4f76b137d04291711e2c9fc16\"},\"headline\":\"7 blandade tankar p\u00e5 s\u00f6ndagen\",\"datePublished\":\"2015-09-27T05:00:02+00:00\",\"mainEntityOfPage\":{\"@id\":\"https:\/\/blogg.svenskakyrkan.se\/vandravagen\/2015\/09\/27\/7-blandade-tankar-pa-sondagen-7\/\"},\"wordCount\":341,\"commentCount\":4,\"publisher\":{\"@id\":\"https:\/\/blogg.svenskakyrkan.se\/vandravagen\/#organization\"},\"image\":{\"@id\":\"https:\/\/blogg.svenskakyrkan.se\/vandravagen\/2015\/09\/27\/7-blandade-tankar-pa-sondagen-7\/#primaryimage\"},\"thumbnailUrl\":\"http:\/\/blogg.svenskakyrkan.se\/vandravagen\/files\/2015\/09\/IMG_2716.jpg\",\"articleSection\":[\"blandat\",\"Dagens Kyrka\"],\"inLanguage\":\"sv-SE\",\"potentialAction\":[{\"@type\":\"CommentAction\",\"name\":\"Comment\",\"target\":[\"https:\/\/blogg.svenskakyrkan.se\/vandravagen\/2015\/09\/27\/7-blandade-tankar-pa-sondagen-7\/#respond\"]}]},{\"@type\":\"WebPage\",\"@id\":\"https:\/\/blogg.svenskakyrkan.se\/vandravagen\/2015\/09\/27\/7-blandade-tankar-pa-sondagen-7\/\",\"url\":\"https:\/\/blogg.svenskakyrkan.se\/vandravagen\/2015\/09\/27\/7-blandade-tankar-pa-sondagen-7\/\",\"name\":\"7 blandade tankar p\u00e5 s\u00f6ndagen - Vandra V\u00e4gen\",\"isPartOf\":{\"@id\":\"https:\/\/blogg.svenskakyrkan.se\/vandravagen\/#website\"},\"primaryImageOfPage\":{\"@id\":\"https:\/\/blogg.svenskakyrkan.se\/vandravagen\/2015\/09\/27\/7-blandade-tankar-pa-sondagen-7\/#primaryimage\"},\"image\":{\"@id\":\"https:\/\/blogg.svenskakyrkan.se\/vandravagen\/2015\/09\/27\/7-blandade-tankar-pa-sondagen-7\/#primaryimage\"},\"thumbnailUrl\":\"http:\/\/blogg.svenskakyrkan.se\/vandravagen\/files\/2015\/09\/IMG_2716.jpg\",\"datePublished\":\"2015-09-27T05:00:02+00:00\",\"breadcrumb\":{\"@id\":\"https:\/\/blogg.svenskakyrkan.se\/vandravagen\/2015\/09\/27\/7-blandade-tankar-pa-sondagen-7\/#breadcrumb\"},\"inLanguage\":\"sv-SE\",\"potentialAction\":[{\"@type\":\"ReadAction\",\"target\":[\"https:\/\/blogg.svenskakyrkan.se\/vandravagen\/2015\/09\/27\/7-blandade-tankar-pa-sondagen-7\/\"]}]},{\"@type\":\"ImageObject\",\"inLanguage\":\"sv-SE\",\"@id\":\"https:\/\/blogg.svenskakyrkan.se\/vandravagen\/2015\/09\/27\/7-blandade-tankar-pa-sondagen-7\/#primaryimage\",\"url\":\"http:\/\/blogg.svenskakyrkan.se\/vandravagen\/files\/2015\/09\/IMG_2716.jpg\",\"contentUrl\":\"http:\/\/blogg.svenskakyrkan.se\/vandravagen\/files\/2015\/09\/IMG_2716.jpg\"},{\"@type\":\"BreadcrumbList\",\"@id\":\"https:\/\/blogg.svenskakyrkan.se\/vandravagen\/2015\/09\/27\/7-blandade-tankar-pa-sondagen-7\/#breadcrumb\",\"itemListElement\":[{\"@type\":\"ListItem\",\"position\":1,\"name\":\"Hem\",\"item\":\"https:\/\/blogg.svenskakyrkan.se\/vandravagen\/\"},{\"@type\":\"ListItem\",\"position\":2,\"name\":\"7 blandade tankar p\u00e5 s\u00f6ndagen\"}]},{\"@type\":\"WebSite\",\"@id\":\"https:\/\/blogg.svenskakyrkan.se\/vandravagen\/#website\",\"url\":\"https:\/\/blogg.svenskakyrkan.se\/vandravagen\/\",\"name\":\"Vandra V\u00e4gen\",\"description\":\"-Mot en tro f\u00f6r hela livet\",\"publisher\":{\"@id\":\"https:\/\/blogg.svenskakyrkan.se\/vandravagen\/#organization\"},\"potentialAction\":[{\"@type\":\"SearchAction\",\"target\":{\"@type\":\"EntryPoint\",\"urlTemplate\":\"https:\/\/blogg.svenskakyrkan.se\/vandravagen\/?s={search_term_string}\"},\"query-input\":{\"@type\":\"PropertyValueSpecification\",\"valueRequired\":true,\"valueName\":\"search_term_string\"}}],\"inLanguage\":\"sv-SE\"},{\"@type\":\"Organization\",\"@id\":\"https:\/\/blogg.svenskakyrkan.se\/vandravagen\/#organization\",\"name\":\"ulricehamns pastorat\",\"alternateName\":\"ulricehamns pastorat\",\"url\":\"https:\/\/blogg.svenskakyrkan.se\/vandravagen\/\",\"logo\":{\"@type\":\"ImageObject\",\"inLanguage\":\"sv-SE\",\"@id\":\"https:\/\/blogg.svenskakyrkan.se\/vandravagen\/#\/schema\/logo\/image\/\",\"url\":\"https:\/\/blogg.svenskakyrkan.se\/vandravagen\/files\/2023\/05\/Ulr_logo_RGB.png\",\"contentUrl\":\"https:\/\/blogg.svenskakyrkan.se\/vandravagen\/files\/2023\/05\/Ulr_logo_RGB.png\",\"width\":205,\"height\":77,\"caption\":\"ulricehamns pastorat\"},\"image\":{\"@id\":\"https:\/\/blogg.svenskakyrkan.se\/vandravagen\/#\/schema\/logo\/image\/\"},\"sameAs\":[\"http:\/\/facebook.com\/vandravagen\",\"https:\/\/x.com\/fadertomas\",\"http:\/\/www.facebook.com\/svenskakyrkaniulricehamn\"]},{\"@type\":\"Person\",\"@id\":\"https:\/\/blogg.svenskakyrkan.se\/vandravagen\/#\/schema\/person\/25da02d4f76b137d04291711e2c9fc16\",\"name\":\"Tomas Jarvid\",\"image\":{\"@type\":\"ImageObject\",\"inLanguage\":\"sv-SE\",\"@id\":\"https:\/\/blogg.svenskakyrkan.se\/vandravagen\/#\/schema\/person\/image\/\",\"url\":\"https:\/\/secure.gravatar.com\/avatar\/7fa71899795e8f540f615a1f5ab25255dc27aa40f05ee7ddd21aac521e01bf50?s=96&d=identicon&r=g\",\"contentUrl\":\"https:\/\/secure.gravatar.com\/avatar\/7fa71899795e8f540f615a1f5ab25255dc27aa40f05ee7ddd21aac521e01bf50?s=96&d=identicon&r=g\",\"caption\":\"Tomas Jarvid\"},\"description\":\"Jag bor i Ulricehamn i V\u00e4sterg\u00f6tland och \u00e4r f\u00f6rsamlingspr\u00e4st i Svenska Kyrkan f\u00f6r Dalstorps f\u00f6rsamling i Kinds pastorat. P\u00e5 den h\u00e4r bloggen skriver jag ner tankar om vandringen som kristen.\",\"sameAs\":[\"http:\/\/www.vandravagen.se\"],\"url\":\"https:\/\/blogg.svenskakyrkan.se\/vandravagen\/author\/vandravagen\/\"}]}<\/script>\n<!-- \/ Yoast SEO plugin. -->","yoast_head_json":{"title":"7 blandade tankar p\u00e5 s\u00f6ndagen - Vandra V\u00e4gen","robots":{"index":"index","follow":"follow","max-snippet":"max-snippet:-1","max-image-preview":"max-image-preview:large","max-video-preview":"max-video-preview:-1"},"canonical":"https:\/\/blogg.svenskakyrkan.se\/vandravagen\/2015\/09\/27\/7-blandade-tankar-pa-sondagen-7\/","og_locale":"sv_SE","og_type":"article","og_title":"7 blandade tankar p\u00e5 s\u00f6ndagen - Vandra V\u00e4gen","og_description":"Jag tycker p\u00e5 n\u00e5got s\u00e4tt att den h\u00e4r bilden kan representera rikedom. Kanske inte f\u00f6r att det \u00e4r s\u00e5 efterstr\u00e4vansv\u00e4rt att ha en stor m\u00e4ngd papegojor och en stor grammofon men mannens ansikte utstr\u00e5lar finurlighet och gl\u00e4dje. Rikedom \u00e4r denna s\u00f6ndags tema. R\u00e4ttare sagt &#8221;rik inf\u00f6r Gud&#8221;. Det \u00e4r n\u00e5got annat det \u00e4n vad vi [&hellip;]","og_url":"https:\/\/blogg.svenskakyrkan.se\/vandravagen\/2015\/09\/27\/7-blandade-tankar-pa-sondagen-7\/","og_site_name":"Vandra V\u00e4gen","article_publisher":"http:\/\/facebook.com\/vandravagen","article_published_time":"2015-09-27T05:00:02+00:00","og_image":[{"url":"http:\/\/blogg.svenskakyrkan.se\/vandravagen\/files\/2015\/09\/IMG_2716.jpg","type":"","width":"","height":""}],"author":"Tomas Jarvid","twitter_card":"summary_large_image","twitter_creator":"@fadertomas","twitter_site":"@fadertomas","twitter_misc":{"Skriven av":"Tomas Jarvid","Ber\u00e4knad l\u00e4stid":"2 minuter"},"schema":{"@context":"https:\/\/schema.org","@graph":[{"@type":"Article","@id":"https:\/\/blogg.svenskakyrkan.se\/vandravagen\/2015\/09\/27\/7-blandade-tankar-pa-sondagen-7\/#article","isPartOf":{"@id":"https:\/\/blogg.svenskakyrkan.se\/vandravagen\/2015\/09\/27\/7-blandade-tankar-pa-sondagen-7\/"},"author":{"name":"Tomas Jarvid","@id":"https:\/\/blogg.svenskakyrkan.se\/vandravagen\/#\/schema\/person\/25da02d4f76b137d04291711e2c9fc16"},"headline":"7 blandade tankar p\u00e5 s\u00f6ndagen","datePublished":"2015-09-27T05:00:02+00:00","mainEntityOfPage":{"@id":"https:\/\/blogg.svenskakyrkan.se\/vandravagen\/2015\/09\/27\/7-blandade-tankar-pa-sondagen-7\/"},"wordCount":341,"commentCount":4,"publisher":{"@id":"https:\/\/blogg.svenskakyrkan.se\/vandravagen\/#organization"},"image":{"@id":"https:\/\/blogg.svenskakyrkan.se\/vandravagen\/2015\/09\/27\/7-blandade-tankar-pa-sondagen-7\/#primaryimage"},"thumbnailUrl":"http:\/\/blogg.svenskakyrkan.se\/vandravagen\/files\/2015\/09\/IMG_2716.jpg","articleSection":["blandat","Dagens Kyrka"],"inLanguage":"sv-SE","potentialAction":[{"@type":"CommentAction","name":"Comment","target":["https:\/\/blogg.svenskakyrkan.se\/vandravagen\/2015\/09\/27\/7-blandade-tankar-pa-sondagen-7\/#respond"]}]},{"@type":"WebPage","@id":"https:\/\/blogg.svenskakyrkan.se\/vandravagen\/2015\/09\/27\/7-blandade-tankar-pa-sondagen-7\/","url":"https:\/\/blogg.svenskakyrkan.se\/vandravagen\/2015\/09\/27\/7-blandade-tankar-pa-sondagen-7\/","name":"7 blandade tankar p\u00e5 s\u00f6ndagen - Vandra V\u00e4gen","isPartOf":{"@id":"https:\/\/blogg.svenskakyrkan.se\/vandravagen\/#website"},"primaryImageOfPage":{"@id":"https:\/\/blogg.svenskakyrkan.se\/vandravagen\/2015\/09\/27\/7-blandade-tankar-pa-sondagen-7\/#primaryimage"},"image":{"@id":"https:\/\/blogg.svenskakyrkan.se\/vandravagen\/2015\/09\/27\/7-blandade-tankar-pa-sondagen-7\/#primaryimage"},"thumbnailUrl":"http:\/\/blogg.svenskakyrkan.se\/vandravagen\/files\/2015\/09\/IMG_2716.jpg","datePublished":"2015-09-27T05:00:02+00:00","breadcrumb":{"@id":"https:\/\/blogg.svenskakyrkan.se\/vandravagen\/2015\/09\/27\/7-blandade-tankar-pa-sondagen-7\/#breadcrumb"},"inLanguage":"sv-SE","potentialAction":[{"@type":"ReadAction","target":["https:\/\/blogg.svenskakyrkan.se\/vandravagen\/2015\/09\/27\/7-blandade-tankar-pa-sondagen-7\/"]}]},{"@type":"ImageObject","inLanguage":"sv-SE","@id":"https:\/\/blogg.svenskakyrkan.se\/vandravagen\/2015\/09\/27\/7-blandade-tankar-pa-sondagen-7\/#primaryimage","url":"http:\/\/blogg.svenskakyrkan.se\/vandravagen\/files\/2015\/09\/IMG_2716.jpg","contentUrl":"http:\/\/blogg.svenskakyrkan.se\/vandravagen\/files\/2015\/09\/IMG_2716.jpg"},{"@type":"BreadcrumbList","@id":"https:\/\/blogg.svenskakyrkan.se\/vandravagen\/2015\/09\/27\/7-blandade-tankar-pa-sondagen-7\/#breadcrumb","itemListElement":[{"@type":"ListItem","position":1,"name":"Hem","item":"https:\/\/blogg.svenskakyrkan.se\/vandravagen\/"},{"@type":"ListItem","position":2,"name":"7 blandade tankar p\u00e5 s\u00f6ndagen"}]},{"@type":"WebSite","@id":"https:\/\/blogg.svenskakyrkan.se\/vandravagen\/#website","url":"https:\/\/blogg.svenskakyrkan.se\/vandravagen\/","name":"Vandra V\u00e4gen","description":"-Mot en tro f\u00f6r hela livet","publisher":{"@id":"https:\/\/blogg.svenskakyrkan.se\/vandravagen\/#organization"},"potentialAction":[{"@type":"SearchAction","target":{"@type":"EntryPoint","urlTemplate":"https:\/\/blogg.svenskakyrkan.se\/vandravagen\/?s={search_term_string}"},"query-input":{"@type":"PropertyValueSpecification","valueRequired":true,"valueName":"search_term_string"}}],"inLanguage":"sv-SE"},{"@type":"Organization","@id":"https:\/\/blogg.svenskakyrkan.se\/vandravagen\/#organization","name":"ulricehamns pastorat","alternateName":"ulricehamns pastorat","url":"https:\/\/blogg.svenskakyrkan.se\/vandravagen\/","logo":{"@type":"ImageObject","inLanguage":"sv-SE","@id":"https:\/\/blogg.svenskakyrkan.se\/vandravagen\/#\/schema\/logo\/image\/","url":"https:\/\/blogg.svenskakyrkan.se\/vandravagen\/files\/2023\/05\/Ulr_logo_RGB.png","contentUrl":"https:\/\/blogg.svenskakyrkan.se\/vandravagen\/files\/2023\/05\/Ulr_logo_RGB.png","width":205,"height":77,"caption":"ulricehamns pastorat"},"image":{"@id":"https:\/\/blogg.svenskakyrkan.se\/vandravagen\/#\/schema\/logo\/image\/"},"sameAs":["http:\/\/facebook.com\/vandravagen","https:\/\/x.com\/fadertomas","http:\/\/www.facebook.com\/svenskakyrkaniulricehamn"]},{"@type":"Person","@id":"https:\/\/blogg.svenskakyrkan.se\/vandravagen\/#\/schema\/person\/25da02d4f76b137d04291711e2c9fc16","name":"Tomas Jarvid","image":{"@type":"ImageObject","inLanguage":"sv-SE","@id":"https:\/\/blogg.svenskakyrkan.se\/vandravagen\/#\/schema\/person\/image\/","url":"https:\/\/secure.gravatar.com\/avatar\/7fa71899795e8f540f615a1f5ab25255dc27aa40f05ee7ddd21aac521e01bf50?s=96&d=identicon&r=g","contentUrl":"https:\/\/secure.gravatar.com\/avatar\/7fa71899795e8f540f615a1f5ab25255dc27aa40f05ee7ddd21aac521e01bf50?s=96&d=identicon&r=g","caption":"Tomas Jarvid"},"description":"Jag bor i Ulricehamn i V\u00e4sterg\u00f6tland och \u00e4r f\u00f6rsamlingspr\u00e4st i Svenska Kyrkan f\u00f6r Dalstorps f\u00f6rsamling i Kinds pastorat. P\u00e5 den h\u00e4r bloggen skriver jag ner tankar om vandringen som kristen.","sameAs":["http:\/\/www.vandravagen.se"],"url":"https:\/\/blogg.svenskakyrkan.se\/vandravagen\/author\/vandravagen\/"}]}},"author_meta":{"ID":"392","user_nicename":"vandravagen","user_url":"http:\/\/www.vandravagen.se","user_registered":"2014-05-19 05:44:52","display_name":"Tomas Jarvid","first_name":"Tomas","last_name":"Jarvid","avatar":"https:\/\/secure.gravatar.com\/avatar\/7fa71899795e8f540f615a1f5ab25255dc27aa40f05ee7ddd21aac521e01bf50?s=96&d=identicon&r=g"},"featured_image":false,"bloginfo":{"name":"Vandra V\u00e4gen","url":"https:\/\/blogg.svenskakyrkan.se\/vandravagen"},"_links":{"self":[{"href":"https:\/\/blogg.svenskakyrkan.se\/vandravagen\/wp-json\/wp\/v2\/posts\/3672","targetHints":{"allow":["GET"]}}],"collection":[{"href":"https:\/\/blogg.svenskakyrkan.se\/vandravagen\/wp-json\/wp\/v2\/posts"}],"about":[{"href":"https:\/\/blogg.svenskakyrkan.se\/vandravagen\/wp-json\/wp\/v2\/types\/post"}],"author":[{"embeddable":true,"href":"https:\/\/blogg.svenskakyrkan.se\/vandravagen\/wp-json\/wp\/v2\/users\/392"}],"replies":[{"embeddable":true,"href":"https:\/\/blogg.svenskakyrkan.se\/vandravagen\/wp-json\/wp\/v2\/comments?post=3672"}],"version-history":[{"count":1,"href":"https:\/\/blogg.svenskakyrkan.se\/vandravagen\/wp-json\/wp\/v2\/posts\/3672\/revisions"}],"predecessor-version":[{"id":3674,"href":"https:\/\/blogg.svenskakyrkan.se\/vandravagen\/wp-json\/wp\/v2\/posts\/3672\/revisions\/3674"}],"wp:attachment":[{"href":"https:\/\/blogg.svenskakyrkan.se\/vandravagen\/wp-json\/wp\/v2\/media?parent=3672"}],"wp:term":[{"taxonomy":"category","embeddable":true,"href":"https:\/\/blogg.svenskakyrkan.se\/vandravagen\/wp-json\/wp\/v2\/categories?post=3672"},{"taxonomy":"post_tag","embeddable":true,"href":"https:\/\/blogg.svenskakyrkan.se\/vandravagen\/wp-json\/wp\/v2\/tags?post=3672"}],"curies":[{"name":"wp","href":"https:\/\/api.w.org\/{rel}","templated":true}]}}