{"id":368,"date":"2013-09-06T07:48:00","date_gmt":"2013-09-06T05:48:00","guid":{"rendered":"http:\/\/blogg.svenskakyrkan.se\/vandravagen\/2013\/09\/06\/kyrka-mot-egoism\/"},"modified":"2013-09-06T07:48:00","modified_gmt":"2013-09-06T05:48:00","slug":"kyrka-mot-egoism","status":"publish","type":"post","link":"https:\/\/blogg.svenskakyrkan.se\/vandravagen\/2013\/09\/06\/kyrka-mot-egoism\/","title":{"rendered":"Kyrka mot egoism"},"content":{"rendered":"<table align=\"center\" cellpadding=\"0\" cellspacing=\"0\">\n<tbody>\n<tr>\n<td><a href=\"http:\/\/1.bp.blogspot.com\/-IsXFYf6o8E0\/Uii2D4KlAnI\/AAAAAAAAFJQ\/I5PA4gErAxE\/s1600\/IMG_4023.JPG\"><img loading=\"lazy\" decoding=\"async\" border=\"0\" height=\"298\" src=\"http:\/\/1.bp.blogspot.com\/-IsXFYf6o8E0\/Uii2D4KlAnI\/AAAAAAAAFJQ\/I5PA4gErAxE\/s400\/IMG_4023.JPG\" width=\"400\"><\/a><\/td>\n<\/tr>\n<tr>\n<td>Elisabeth Christiansson och \u00c5ke Bonnier<\/td>\n<\/tr>\n<\/tbody>\n<\/table>\n<p>Elisabeth Christiansson \u00e4r teologie doktor och prefekt p\u00e5 Ersta Sk\u00f6ndals diakoniinstitut. Hon talade p\u00e5 pr\u00e4st och diakonm\u00f6tet i Bor\u00e5s om diakoniarbetets f\u00f6ruts\u00e4ttningar utifr\u00e5n teologi och omgivande samh\u00e4lle.<\/p>\n<p>Jag kokar ner det kraftigt till det jag tycker br\u00e4nde till. Efter mycket klokt om de historiska f\u00f6ruts\u00e4ttningar som v\u00e5ra diakoniinstitutioner vuxit fr\u00e5n under stack hon mot slutet ut hakan och utmanade.<\/p>\n<p>Hon p\u00e5pekade att tidsandan idag \u00e4r n\u00e5got helt annat \u00e4n n\u00e4r hon var ung. Egennyttan och egoismen ifr\u00e5gas\u00e4tts knappt idag, man hj\u00e4lper andra genom att hj\u00e4lpa sig sj\u00e4lv. Ser om sitt eget hus f\u00f6rst. Om detta sade hon att om Jesus och hans sj\u00e4lvutgivande k\u00e4rlek \u00e4r f\u00f6rebilden f\u00f6r Kyrkan s\u00e5 kan vi inte g\u00e5 med p\u00e5 detta. Vi m\u00e5ste g\u00e5 emot och ifr\u00e5gas\u00e4tta. Det g\u00e5r inte att vara kristen och f\u00f6respr\u00e5ka det goda i egoismen.<\/p>\n<p>Kyrkans diakoni (praktiska tj\u00e4nande f\u00f6r v\u00e4rlden) m\u00e5ste v\u00e4rna sin roll som sj\u00e4lvst\u00e4ndig och ifr\u00e5gas\u00e4ttande. Det \u00e4r alltf\u00f6r l\u00e4tt att missa eller inte tro det man h\u00f6r n\u00e4r samh\u00e4llsutvecklingen g\u00e5r mot f\u00f6rs\u00e4mringar f\u00f6r de svagaste, det \u00e4r viktigt att vi h\u00e5ller \u00f6gon och \u00f6ron \u00f6ppna och v\u00e5gar ifr\u00e5gas\u00e4tta \u00e4ven om vi verkar vara ensamma om det.<\/p>\n<p>En annan fr\u00e5ga \u00e4r hur man b\u00e4st anv\u00e4nder de resurser man har. N\u00e4r hj\u00e4lper vi p\u00e5 fel s\u00e4tt s\u00e5 att vi tar ifr\u00e5n m\u00e4nniskor ansvar och initiativf\u00f6rm\u00e5ga?<\/p>\n<p>En intressant sak som kom upp p\u00e5 fr\u00e5gestunden \u00e4r vad vi egentligen menar med &#8221;diakonin&#8221;. Det kan betyda alltifr\u00e5n vad diakonen g\u00f6r till internationella utvecklingsprojekt.<\/p>\n<p>Du och jag \u00e4r ocks\u00e5 diakoner p\u00e5 ett s\u00e4tt. Det \u00e4r alla kristna. Vi \u00e4r l\u00e4rjungar till Jesus, den store diakonen, han som tj\u00e4nat m\u00e4nskligheten fullkomligt. Diakoni \u00e4r v\u00e5rt gemensamma uppdrag att ta oss an och hj\u00e4lpa v\u00e5r n\u00e4sta efter b\u00e4sta f\u00f6rm\u00e5ga. Visst \u00e4r det bekv\u00e4mt att l\u00e4gga det ansvaret p\u00e5 en specialiserad diakon men d\u00e5 r\u00e4cker inte resurserna till. Hur kan vi g\u00f6ra det vi kan d\u00e4r vi \u00e4r?<\/p>\n","protected":false},"excerpt":{"rendered":"<p>Elisabeth Christiansson och \u00c5ke Bonnier Elisabeth Christiansson \u00e4r teologie doktor och prefekt p\u00e5 Ersta Sk\u00f6ndals diakoniinstitut. Hon talade p\u00e5 pr\u00e4st och diakonm\u00f6tet i Bor\u00e5s om diakoniarbetets f\u00f6ruts\u00e4ttningar utifr\u00e5n teologi och omgivande samh\u00e4lle. Jag kokar ner det kraftigt till det jag tycker br\u00e4nde till. Efter mycket klokt om de historiska f\u00f6ruts\u00e4ttningar som v\u00e5ra diakoniinstitutioner vuxit fr\u00e5n [&hellip;]<\/p>\n","protected":false},"author":392,"featured_media":0,"comment_status":"open","ping_status":"open","sticky":false,"template":"","format":"standard","meta":{"_acf_changed":false,"footnotes":""},"categories":[117],"tags":[],"class_list":["post-368","post","type-post","status-publish","format-standard","hentry","category-teologi"],"acf":[],"yoast_head":"<!-- This site is optimized with the Yoast SEO plugin v27.1.1 - https:\/\/yoast.com\/product\/yoast-seo-wordpress\/ -->\n<title>Kyrka mot egoism - Vandra V\u00e4gen<\/title>\n<meta name=\"robots\" content=\"index, follow, max-snippet:-1, max-image-preview:large, max-video-preview:-1\" \/>\n<link rel=\"canonical\" href=\"https:\/\/blogg.svenskakyrkan.se\/vandravagen\/2013\/09\/06\/kyrka-mot-egoism\/\" \/>\n<meta property=\"og:locale\" content=\"sv_SE\" \/>\n<meta property=\"og:type\" content=\"article\" \/>\n<meta property=\"og:title\" content=\"Kyrka mot egoism - Vandra V\u00e4gen\" \/>\n<meta property=\"og:description\" content=\"Elisabeth Christiansson och \u00c5ke Bonnier Elisabeth Christiansson \u00e4r teologie doktor och prefekt p\u00e5 Ersta Sk\u00f6ndals diakoniinstitut. Hon talade p\u00e5 pr\u00e4st och diakonm\u00f6tet i Bor\u00e5s om diakoniarbetets f\u00f6ruts\u00e4ttningar utifr\u00e5n teologi och omgivande samh\u00e4lle. Jag kokar ner det kraftigt till det jag tycker br\u00e4nde till. Efter mycket klokt om de historiska f\u00f6ruts\u00e4ttningar som v\u00e5ra diakoniinstitutioner vuxit fr\u00e5n [&hellip;]\" \/>\n<meta property=\"og:url\" content=\"https:\/\/blogg.svenskakyrkan.se\/vandravagen\/2013\/09\/06\/kyrka-mot-egoism\/\" \/>\n<meta property=\"og:site_name\" content=\"Vandra V\u00e4gen\" \/>\n<meta property=\"article:publisher\" content=\"http:\/\/facebook.com\/vandravagen\" \/>\n<meta property=\"article:published_time\" content=\"2013-09-06T05:48:00+00:00\" \/>\n<meta property=\"og:image\" content=\"http:\/\/1.bp.blogspot.com\/-IsXFYf6o8E0\/Uii2D4KlAnI\/AAAAAAAAFJQ\/I5PA4gErAxE\/s400\/IMG_4023.JPG\" \/>\n<meta name=\"author\" content=\"Tomas Jarvid\" \/>\n<meta name=\"twitter:card\" content=\"summary_large_image\" \/>\n<meta name=\"twitter:creator\" content=\"@fadertomas\" \/>\n<meta name=\"twitter:site\" content=\"@fadertomas\" \/>\n<meta name=\"twitter:label1\" content=\"Skriven av\" \/>\n\t<meta name=\"twitter:data1\" content=\"Tomas Jarvid\" \/>\n\t<meta name=\"twitter:label2\" content=\"Ber\u00e4knad l\u00e4stid\" \/>\n\t<meta name=\"twitter:data2\" content=\"2 minuter\" \/>\n<script type=\"application\/ld+json\" class=\"yoast-schema-graph\">{\"@context\":\"https:\/\/schema.org\",\"@graph\":[{\"@type\":\"Article\",\"@id\":\"https:\/\/blogg.svenskakyrkan.se\/vandravagen\/2013\/09\/06\/kyrka-mot-egoism\/#article\",\"isPartOf\":{\"@id\":\"https:\/\/blogg.svenskakyrkan.se\/vandravagen\/2013\/09\/06\/kyrka-mot-egoism\/\"},\"author\":{\"name\":\"Tomas Jarvid\",\"@id\":\"https:\/\/blogg.svenskakyrkan.se\/vandravagen\/#\/schema\/person\/25da02d4f76b137d04291711e2c9fc16\"},\"headline\":\"Kyrka mot egoism\",\"datePublished\":\"2013-09-06T05:48:00+00:00\",\"mainEntityOfPage\":{\"@id\":\"https:\/\/blogg.svenskakyrkan.se\/vandravagen\/2013\/09\/06\/kyrka-mot-egoism\/\"},\"wordCount\":402,\"commentCount\":2,\"publisher\":{\"@id\":\"https:\/\/blogg.svenskakyrkan.se\/vandravagen\/#organization\"},\"image\":{\"@id\":\"https:\/\/blogg.svenskakyrkan.se\/vandravagen\/2013\/09\/06\/kyrka-mot-egoism\/#primaryimage\"},\"thumbnailUrl\":\"http:\/\/1.bp.blogspot.com\/-IsXFYf6o8E0\/Uii2D4KlAnI\/AAAAAAAAFJQ\/I5PA4gErAxE\/s400\/IMG_4023.JPG\",\"articleSection\":[\"Teologi\"],\"inLanguage\":\"sv-SE\",\"potentialAction\":[{\"@type\":\"CommentAction\",\"name\":\"Comment\",\"target\":[\"https:\/\/blogg.svenskakyrkan.se\/vandravagen\/2013\/09\/06\/kyrka-mot-egoism\/#respond\"]}]},{\"@type\":\"WebPage\",\"@id\":\"https:\/\/blogg.svenskakyrkan.se\/vandravagen\/2013\/09\/06\/kyrka-mot-egoism\/\",\"url\":\"https:\/\/blogg.svenskakyrkan.se\/vandravagen\/2013\/09\/06\/kyrka-mot-egoism\/\",\"name\":\"Kyrka mot egoism - Vandra V\u00e4gen\",\"isPartOf\":{\"@id\":\"https:\/\/blogg.svenskakyrkan.se\/vandravagen\/#website\"},\"primaryImageOfPage\":{\"@id\":\"https:\/\/blogg.svenskakyrkan.se\/vandravagen\/2013\/09\/06\/kyrka-mot-egoism\/#primaryimage\"},\"image\":{\"@id\":\"https:\/\/blogg.svenskakyrkan.se\/vandravagen\/2013\/09\/06\/kyrka-mot-egoism\/#primaryimage\"},\"thumbnailUrl\":\"http:\/\/1.bp.blogspot.com\/-IsXFYf6o8E0\/Uii2D4KlAnI\/AAAAAAAAFJQ\/I5PA4gErAxE\/s400\/IMG_4023.JPG\",\"datePublished\":\"2013-09-06T05:48:00+00:00\",\"breadcrumb\":{\"@id\":\"https:\/\/blogg.svenskakyrkan.se\/vandravagen\/2013\/09\/06\/kyrka-mot-egoism\/#breadcrumb\"},\"inLanguage\":\"sv-SE\",\"potentialAction\":[{\"@type\":\"ReadAction\",\"target\":[\"https:\/\/blogg.svenskakyrkan.se\/vandravagen\/2013\/09\/06\/kyrka-mot-egoism\/\"]}]},{\"@type\":\"ImageObject\",\"inLanguage\":\"sv-SE\",\"@id\":\"https:\/\/blogg.svenskakyrkan.se\/vandravagen\/2013\/09\/06\/kyrka-mot-egoism\/#primaryimage\",\"url\":\"http:\/\/1.bp.blogspot.com\/-IsXFYf6o8E0\/Uii2D4KlAnI\/AAAAAAAAFJQ\/I5PA4gErAxE\/s400\/IMG_4023.JPG\",\"contentUrl\":\"http:\/\/1.bp.blogspot.com\/-IsXFYf6o8E0\/Uii2D4KlAnI\/AAAAAAAAFJQ\/I5PA4gErAxE\/s400\/IMG_4023.JPG\"},{\"@type\":\"BreadcrumbList\",\"@id\":\"https:\/\/blogg.svenskakyrkan.se\/vandravagen\/2013\/09\/06\/kyrka-mot-egoism\/#breadcrumb\",\"itemListElement\":[{\"@type\":\"ListItem\",\"position\":1,\"name\":\"Hem\",\"item\":\"https:\/\/blogg.svenskakyrkan.se\/vandravagen\/\"},{\"@type\":\"ListItem\",\"position\":2,\"name\":\"Kyrka mot egoism\"}]},{\"@type\":\"WebSite\",\"@id\":\"https:\/\/blogg.svenskakyrkan.se\/vandravagen\/#website\",\"url\":\"https:\/\/blogg.svenskakyrkan.se\/vandravagen\/\",\"name\":\"Vandra V\u00e4gen\",\"description\":\"-Mot en tro f\u00f6r hela livet\",\"publisher\":{\"@id\":\"https:\/\/blogg.svenskakyrkan.se\/vandravagen\/#organization\"},\"potentialAction\":[{\"@type\":\"SearchAction\",\"target\":{\"@type\":\"EntryPoint\",\"urlTemplate\":\"https:\/\/blogg.svenskakyrkan.se\/vandravagen\/?s={search_term_string}\"},\"query-input\":{\"@type\":\"PropertyValueSpecification\",\"valueRequired\":true,\"valueName\":\"search_term_string\"}}],\"inLanguage\":\"sv-SE\"},{\"@type\":\"Organization\",\"@id\":\"https:\/\/blogg.svenskakyrkan.se\/vandravagen\/#organization\",\"name\":\"ulricehamns pastorat\",\"alternateName\":\"ulricehamns pastorat\",\"url\":\"https:\/\/blogg.svenskakyrkan.se\/vandravagen\/\",\"logo\":{\"@type\":\"ImageObject\",\"inLanguage\":\"sv-SE\",\"@id\":\"https:\/\/blogg.svenskakyrkan.se\/vandravagen\/#\/schema\/logo\/image\/\",\"url\":\"https:\/\/blogg.svenskakyrkan.se\/vandravagen\/files\/2023\/05\/Ulr_logo_RGB.png\",\"contentUrl\":\"https:\/\/blogg.svenskakyrkan.se\/vandravagen\/files\/2023\/05\/Ulr_logo_RGB.png\",\"width\":205,\"height\":77,\"caption\":\"ulricehamns pastorat\"},\"image\":{\"@id\":\"https:\/\/blogg.svenskakyrkan.se\/vandravagen\/#\/schema\/logo\/image\/\"},\"sameAs\":[\"http:\/\/facebook.com\/vandravagen\",\"https:\/\/x.com\/fadertomas\",\"http:\/\/www.facebook.com\/svenskakyrkaniulricehamn\"]},{\"@type\":\"Person\",\"@id\":\"https:\/\/blogg.svenskakyrkan.se\/vandravagen\/#\/schema\/person\/25da02d4f76b137d04291711e2c9fc16\",\"name\":\"Tomas Jarvid\",\"image\":{\"@type\":\"ImageObject\",\"inLanguage\":\"sv-SE\",\"@id\":\"https:\/\/blogg.svenskakyrkan.se\/vandravagen\/#\/schema\/person\/image\/\",\"url\":\"https:\/\/secure.gravatar.com\/avatar\/7fa71899795e8f540f615a1f5ab25255dc27aa40f05ee7ddd21aac521e01bf50?s=96&d=identicon&r=g\",\"contentUrl\":\"https:\/\/secure.gravatar.com\/avatar\/7fa71899795e8f540f615a1f5ab25255dc27aa40f05ee7ddd21aac521e01bf50?s=96&d=identicon&r=g\",\"caption\":\"Tomas Jarvid\"},\"description\":\"Jag bor i Ulricehamn i V\u00e4sterg\u00f6tland och \u00e4r f\u00f6rsamlingspr\u00e4st i Svenska Kyrkan f\u00f6r Dalstorps f\u00f6rsamling i Kinds pastorat. P\u00e5 den h\u00e4r bloggen skriver jag ner tankar om vandringen som kristen.\",\"sameAs\":[\"http:\/\/www.vandravagen.se\"],\"url\":\"https:\/\/blogg.svenskakyrkan.se\/vandravagen\/author\/vandravagen\/\"}]}<\/script>\n<!-- \/ Yoast SEO plugin. -->","yoast_head_json":{"title":"Kyrka mot egoism - Vandra V\u00e4gen","robots":{"index":"index","follow":"follow","max-snippet":"max-snippet:-1","max-image-preview":"max-image-preview:large","max-video-preview":"max-video-preview:-1"},"canonical":"https:\/\/blogg.svenskakyrkan.se\/vandravagen\/2013\/09\/06\/kyrka-mot-egoism\/","og_locale":"sv_SE","og_type":"article","og_title":"Kyrka mot egoism - Vandra V\u00e4gen","og_description":"Elisabeth Christiansson och \u00c5ke Bonnier Elisabeth Christiansson \u00e4r teologie doktor och prefekt p\u00e5 Ersta Sk\u00f6ndals diakoniinstitut. Hon talade p\u00e5 pr\u00e4st och diakonm\u00f6tet i Bor\u00e5s om diakoniarbetets f\u00f6ruts\u00e4ttningar utifr\u00e5n teologi och omgivande samh\u00e4lle. Jag kokar ner det kraftigt till det jag tycker br\u00e4nde till. Efter mycket klokt om de historiska f\u00f6ruts\u00e4ttningar som v\u00e5ra diakoniinstitutioner vuxit fr\u00e5n [&hellip;]","og_url":"https:\/\/blogg.svenskakyrkan.se\/vandravagen\/2013\/09\/06\/kyrka-mot-egoism\/","og_site_name":"Vandra V\u00e4gen","article_publisher":"http:\/\/facebook.com\/vandravagen","article_published_time":"2013-09-06T05:48:00+00:00","og_image":[{"url":"http:\/\/1.bp.blogspot.com\/-IsXFYf6o8E0\/Uii2D4KlAnI\/AAAAAAAAFJQ\/I5PA4gErAxE\/s400\/IMG_4023.JPG","type":"","width":"","height":""}],"author":"Tomas Jarvid","twitter_card":"summary_large_image","twitter_creator":"@fadertomas","twitter_site":"@fadertomas","twitter_misc":{"Skriven av":"Tomas Jarvid","Ber\u00e4knad l\u00e4stid":"2 minuter"},"schema":{"@context":"https:\/\/schema.org","@graph":[{"@type":"Article","@id":"https:\/\/blogg.svenskakyrkan.se\/vandravagen\/2013\/09\/06\/kyrka-mot-egoism\/#article","isPartOf":{"@id":"https:\/\/blogg.svenskakyrkan.se\/vandravagen\/2013\/09\/06\/kyrka-mot-egoism\/"},"author":{"name":"Tomas Jarvid","@id":"https:\/\/blogg.svenskakyrkan.se\/vandravagen\/#\/schema\/person\/25da02d4f76b137d04291711e2c9fc16"},"headline":"Kyrka mot egoism","datePublished":"2013-09-06T05:48:00+00:00","mainEntityOfPage":{"@id":"https:\/\/blogg.svenskakyrkan.se\/vandravagen\/2013\/09\/06\/kyrka-mot-egoism\/"},"wordCount":402,"commentCount":2,"publisher":{"@id":"https:\/\/blogg.svenskakyrkan.se\/vandravagen\/#organization"},"image":{"@id":"https:\/\/blogg.svenskakyrkan.se\/vandravagen\/2013\/09\/06\/kyrka-mot-egoism\/#primaryimage"},"thumbnailUrl":"http:\/\/1.bp.blogspot.com\/-IsXFYf6o8E0\/Uii2D4KlAnI\/AAAAAAAAFJQ\/I5PA4gErAxE\/s400\/IMG_4023.JPG","articleSection":["Teologi"],"inLanguage":"sv-SE","potentialAction":[{"@type":"CommentAction","name":"Comment","target":["https:\/\/blogg.svenskakyrkan.se\/vandravagen\/2013\/09\/06\/kyrka-mot-egoism\/#respond"]}]},{"@type":"WebPage","@id":"https:\/\/blogg.svenskakyrkan.se\/vandravagen\/2013\/09\/06\/kyrka-mot-egoism\/","url":"https:\/\/blogg.svenskakyrkan.se\/vandravagen\/2013\/09\/06\/kyrka-mot-egoism\/","name":"Kyrka mot egoism - Vandra V\u00e4gen","isPartOf":{"@id":"https:\/\/blogg.svenskakyrkan.se\/vandravagen\/#website"},"primaryImageOfPage":{"@id":"https:\/\/blogg.svenskakyrkan.se\/vandravagen\/2013\/09\/06\/kyrka-mot-egoism\/#primaryimage"},"image":{"@id":"https:\/\/blogg.svenskakyrkan.se\/vandravagen\/2013\/09\/06\/kyrka-mot-egoism\/#primaryimage"},"thumbnailUrl":"http:\/\/1.bp.blogspot.com\/-IsXFYf6o8E0\/Uii2D4KlAnI\/AAAAAAAAFJQ\/I5PA4gErAxE\/s400\/IMG_4023.JPG","datePublished":"2013-09-06T05:48:00+00:00","breadcrumb":{"@id":"https:\/\/blogg.svenskakyrkan.se\/vandravagen\/2013\/09\/06\/kyrka-mot-egoism\/#breadcrumb"},"inLanguage":"sv-SE","potentialAction":[{"@type":"ReadAction","target":["https:\/\/blogg.svenskakyrkan.se\/vandravagen\/2013\/09\/06\/kyrka-mot-egoism\/"]}]},{"@type":"ImageObject","inLanguage":"sv-SE","@id":"https:\/\/blogg.svenskakyrkan.se\/vandravagen\/2013\/09\/06\/kyrka-mot-egoism\/#primaryimage","url":"http:\/\/1.bp.blogspot.com\/-IsXFYf6o8E0\/Uii2D4KlAnI\/AAAAAAAAFJQ\/I5PA4gErAxE\/s400\/IMG_4023.JPG","contentUrl":"http:\/\/1.bp.blogspot.com\/-IsXFYf6o8E0\/Uii2D4KlAnI\/AAAAAAAAFJQ\/I5PA4gErAxE\/s400\/IMG_4023.JPG"},{"@type":"BreadcrumbList","@id":"https:\/\/blogg.svenskakyrkan.se\/vandravagen\/2013\/09\/06\/kyrka-mot-egoism\/#breadcrumb","itemListElement":[{"@type":"ListItem","position":1,"name":"Hem","item":"https:\/\/blogg.svenskakyrkan.se\/vandravagen\/"},{"@type":"ListItem","position":2,"name":"Kyrka mot egoism"}]},{"@type":"WebSite","@id":"https:\/\/blogg.svenskakyrkan.se\/vandravagen\/#website","url":"https:\/\/blogg.svenskakyrkan.se\/vandravagen\/","name":"Vandra V\u00e4gen","description":"-Mot en tro f\u00f6r hela livet","publisher":{"@id":"https:\/\/blogg.svenskakyrkan.se\/vandravagen\/#organization"},"potentialAction":[{"@type":"SearchAction","target":{"@type":"EntryPoint","urlTemplate":"https:\/\/blogg.svenskakyrkan.se\/vandravagen\/?s={search_term_string}"},"query-input":{"@type":"PropertyValueSpecification","valueRequired":true,"valueName":"search_term_string"}}],"inLanguage":"sv-SE"},{"@type":"Organization","@id":"https:\/\/blogg.svenskakyrkan.se\/vandravagen\/#organization","name":"ulricehamns pastorat","alternateName":"ulricehamns pastorat","url":"https:\/\/blogg.svenskakyrkan.se\/vandravagen\/","logo":{"@type":"ImageObject","inLanguage":"sv-SE","@id":"https:\/\/blogg.svenskakyrkan.se\/vandravagen\/#\/schema\/logo\/image\/","url":"https:\/\/blogg.svenskakyrkan.se\/vandravagen\/files\/2023\/05\/Ulr_logo_RGB.png","contentUrl":"https:\/\/blogg.svenskakyrkan.se\/vandravagen\/files\/2023\/05\/Ulr_logo_RGB.png","width":205,"height":77,"caption":"ulricehamns pastorat"},"image":{"@id":"https:\/\/blogg.svenskakyrkan.se\/vandravagen\/#\/schema\/logo\/image\/"},"sameAs":["http:\/\/facebook.com\/vandravagen","https:\/\/x.com\/fadertomas","http:\/\/www.facebook.com\/svenskakyrkaniulricehamn"]},{"@type":"Person","@id":"https:\/\/blogg.svenskakyrkan.se\/vandravagen\/#\/schema\/person\/25da02d4f76b137d04291711e2c9fc16","name":"Tomas Jarvid","image":{"@type":"ImageObject","inLanguage":"sv-SE","@id":"https:\/\/blogg.svenskakyrkan.se\/vandravagen\/#\/schema\/person\/image\/","url":"https:\/\/secure.gravatar.com\/avatar\/7fa71899795e8f540f615a1f5ab25255dc27aa40f05ee7ddd21aac521e01bf50?s=96&d=identicon&r=g","contentUrl":"https:\/\/secure.gravatar.com\/avatar\/7fa71899795e8f540f615a1f5ab25255dc27aa40f05ee7ddd21aac521e01bf50?s=96&d=identicon&r=g","caption":"Tomas Jarvid"},"description":"Jag bor i Ulricehamn i V\u00e4sterg\u00f6tland och \u00e4r f\u00f6rsamlingspr\u00e4st i Svenska Kyrkan f\u00f6r Dalstorps f\u00f6rsamling i Kinds pastorat. P\u00e5 den h\u00e4r bloggen skriver jag ner tankar om vandringen som kristen.","sameAs":["http:\/\/www.vandravagen.se"],"url":"https:\/\/blogg.svenskakyrkan.se\/vandravagen\/author\/vandravagen\/"}]}},"author_meta":{"ID":"392","user_nicename":"vandravagen","user_url":"http:\/\/www.vandravagen.se","user_registered":"2014-05-19 05:44:52","display_name":"Tomas Jarvid","first_name":"Tomas","last_name":"Jarvid","avatar":"https:\/\/secure.gravatar.com\/avatar\/7fa71899795e8f540f615a1f5ab25255dc27aa40f05ee7ddd21aac521e01bf50?s=96&d=identicon&r=g"},"featured_image":false,"bloginfo":{"name":"Vandra V\u00e4gen","url":"https:\/\/blogg.svenskakyrkan.se\/vandravagen"},"_links":{"self":[{"href":"https:\/\/blogg.svenskakyrkan.se\/vandravagen\/wp-json\/wp\/v2\/posts\/368","targetHints":{"allow":["GET"]}}],"collection":[{"href":"https:\/\/blogg.svenskakyrkan.se\/vandravagen\/wp-json\/wp\/v2\/posts"}],"about":[{"href":"https:\/\/blogg.svenskakyrkan.se\/vandravagen\/wp-json\/wp\/v2\/types\/post"}],"author":[{"embeddable":true,"href":"https:\/\/blogg.svenskakyrkan.se\/vandravagen\/wp-json\/wp\/v2\/users\/392"}],"replies":[{"embeddable":true,"href":"https:\/\/blogg.svenskakyrkan.se\/vandravagen\/wp-json\/wp\/v2\/comments?post=368"}],"version-history":[{"count":0,"href":"https:\/\/blogg.svenskakyrkan.se\/vandravagen\/wp-json\/wp\/v2\/posts\/368\/revisions"}],"wp:attachment":[{"href":"https:\/\/blogg.svenskakyrkan.se\/vandravagen\/wp-json\/wp\/v2\/media?parent=368"}],"wp:term":[{"taxonomy":"category","embeddable":true,"href":"https:\/\/blogg.svenskakyrkan.se\/vandravagen\/wp-json\/wp\/v2\/categories?post=368"},{"taxonomy":"post_tag","embeddable":true,"href":"https:\/\/blogg.svenskakyrkan.se\/vandravagen\/wp-json\/wp\/v2\/tags?post=368"}],"curies":[{"name":"wp","href":"https:\/\/api.w.org\/{rel}","templated":true}]}}