{"id":3734,"date":"2015-10-11T07:00:15","date_gmt":"2015-10-11T05:00:15","guid":{"rendered":"http:\/\/blogg.svenskakyrkan.se\/vandravagen\/?p=3734"},"modified":"2015-10-10T23:48:39","modified_gmt":"2015-10-10T21:48:39","slug":"8-blandade-tankar-pa-sondagen-10","status":"publish","type":"post","link":"https:\/\/blogg.svenskakyrkan.se\/vandravagen\/2015\/10\/11\/8-blandade-tankar-pa-sondagen-10\/","title":{"rendered":"8 blandade tankar p\u00e5 s\u00f6ndagen"},"content":{"rendered":"<div id=\"attachment_3735\" style=\"width: 810px\" class=\"wp-caption aligncenter\"><a href=\"http:\/\/blogg.svenskakyrkan.se\/vandravagen\/files\/2015\/10\/14-GIOTTO-THE-SERMON-ON-THE-MOUNT.jpg\"><img loading=\"lazy\" decoding=\"async\" aria-describedby=\"caption-attachment-3735\" class=\"size-full wp-image-3735\" src=\"http:\/\/blogg.svenskakyrkan.se\/vandravagen\/files\/2015\/10\/14-GIOTTO-THE-SERMON-ON-THE-MOUNT.jpg\" alt=\"&quot;Saliga de tacksamma!&quot; (?)\" width=\"800\" height=\"809\" srcset=\"https:\/\/blogg.svenskakyrkan.se\/vandravagen\/files\/2015\/10\/14-GIOTTO-THE-SERMON-ON-THE-MOUNT.jpg 800w, https:\/\/blogg.svenskakyrkan.se\/vandravagen\/files\/2015\/10\/14-GIOTTO-THE-SERMON-ON-THE-MOUNT-300x303.jpg 300w, https:\/\/blogg.svenskakyrkan.se\/vandravagen\/files\/2015\/10\/14-GIOTTO-THE-SERMON-ON-THE-MOUNT-297x300.jpg 297w\" sizes=\"auto, (max-width: 800px) 100vw, 800px\" \/><\/a><p id=\"caption-attachment-3735\" class=\"wp-caption-text\">&#8221;Saliga de tacksamma!&#8221; (?)<\/p><\/div>\n<p>Idag \u00e4r det sista dagen p\u00e5 konfirmandl\u00e4ger med mina nya konfirmander. I dagarna tre har vi vistats p\u00e5 Talln\u00e4s stiftsg\u00e5rd som \u00e4r ett ganska nytt st\u00e4lle f\u00f6r mig. Och ett bra st\u00e4lle verkar det vara.<\/p>\n<p>Det roligaste \u00e4r att det visst \u00e4r f\u00f6rsamlingspedagogen fr\u00e5n min barndom som \u00e4r f\u00f6rest\u00e5ndare h\u00e4r. V\u00e4ldigt roligt \u00e5terseende. Henne har jag att tacka f\u00f6r mycket.<\/p>\n<p>Vi har l\u00e4rt oss om bibeln och vi har trummat in Jesusber\u00e4ttelsen p\u00e5 olika s\u00e4tt. Jag h\u00e5ller fast vid att det verkar vara ett v\u00e4ldigt bra g\u00e4ng jag f\u00e5tt, sen blir det \u00e4nd\u00e5 ganska mastigt n\u00e4r det \u00e4r m\u00e5nga ungdomar p\u00e5 en g\u00e5ng och s\u00e5 s\u00e5 man blir ju ganska tr\u00f6tt.<\/p>\n<p>Idag \u00e4r det tacks\u00e4gelsedagen. I forna tider (och givetvis \u00e4n idag f\u00f6r m\u00e4nniskor som lever n\u00e4ra vad jorden ger) tackade man fr\u00e4mst f\u00f6r sk\u00f6rden. Genom alla tider g\u00e4ller att detta att tacka Gud f\u00f6r allt gott \u00e4r bland det b\u00e4sta vi kan g\u00f6ra f\u00f6r att f\u00e5 ett bra f\u00f6rh\u00e5llande till Gud, varandra och v\u00e5r v\u00e4rld. Det h\u00e4r har jag skrivit mycket om p\u00e5 bloggen. S\u00f6k p\u00e5 tack eller n\u00e5t s\u00e5 f\u00e5r du s\u00e4kert upp massor.<\/p>\n<p>Det \u00e4r v\u00e4ldigt, v\u00e4ldigt vackert om h\u00f6sten.<\/p>\n<p>I g\u00e5r kv\u00e4ll s\u00e5g jag the Matrix f\u00f6r f\u00f6rsta g\u00e5ngen p\u00e5 r\u00e4tt m\u00e5nga \u00e5r. J\u00f6sses \u00e4nd\u00e5 vilken bra film. Och vilken Jesushistoria det \u00e4r. Det \u00e4r s\u00e5 man skulle velat temapredika om den n\u00e5gon s\u00f6ndag men det \u00e4r ju knepigt med filmreferenser. Himmel \u00f6ver Berlin hade ju bara jag sj\u00e4lv sett n\u00e4r jag predikade \u00f6ver den h\u00e4rom veckan.<\/p>\n<p>Det \u00e4r lustigt att min farfars gamla konfirmandbibel brukar f\u00e5 f\u00f6lja med som \u00e5sk\u00e5dningsmaterial med konfirmanderna. Den ser verkligen knappt ut att ha blivit \u00f6ppnad alls men nu f\u00e5r den i alla fall g\u00f6ra en insats.<\/p>\n<p>Mitt bidrag till svensk lekutveckling hittills \u00e4r att kombinera ihop \u201dhela havet stormar\u201d med ber\u00e4ttelsen om Noas ark.( Tips till dig Simon om du l\u00e4ser detta).<\/p>\n<p>Nej nu vet jag inget mer. Vad g\u00f6r du idag? Skriv en kommentar!<\/p>\n","protected":false},"excerpt":{"rendered":"<p>Idag \u00e4r det sista dagen p\u00e5 konfirmandl\u00e4ger med mina nya konfirmander. I dagarna tre har vi vistats p\u00e5 Talln\u00e4s stiftsg\u00e5rd som \u00e4r ett ganska nytt st\u00e4lle f\u00f6r mig. Och ett bra st\u00e4lle verkar det vara. Det roligaste \u00e4r att det visst \u00e4r f\u00f6rsamlingspedagogen fr\u00e5n min barndom som \u00e4r f\u00f6rest\u00e5ndare h\u00e4r. V\u00e4ldigt roligt \u00e5terseende. Henne har [&hellip;]<\/p>\n","protected":false},"author":392,"featured_media":0,"comment_status":"open","ping_status":"open","sticky":false,"template":"","format":"standard","meta":{"_acf_changed":false,"footnotes":""},"categories":[9],"tags":[],"class_list":["post-3734","post","type-post","status-publish","format-standard","hentry","category-okategoriserade"],"acf":[],"yoast_head":"<!-- This site is optimized with the Yoast SEO plugin v27.1.1 - https:\/\/yoast.com\/product\/yoast-seo-wordpress\/ -->\n<title>8 blandade tankar p\u00e5 s\u00f6ndagen - Vandra V\u00e4gen<\/title>\n<meta name=\"robots\" content=\"index, follow, max-snippet:-1, max-image-preview:large, max-video-preview:-1\" \/>\n<link rel=\"canonical\" href=\"https:\/\/blogg.svenskakyrkan.se\/vandravagen\/2015\/10\/11\/8-blandade-tankar-pa-sondagen-10\/\" \/>\n<meta property=\"og:locale\" content=\"sv_SE\" \/>\n<meta property=\"og:type\" content=\"article\" \/>\n<meta property=\"og:title\" content=\"8 blandade tankar p\u00e5 s\u00f6ndagen - Vandra V\u00e4gen\" \/>\n<meta property=\"og:description\" content=\"Idag \u00e4r det sista dagen p\u00e5 konfirmandl\u00e4ger med mina nya konfirmander. I dagarna tre har vi vistats p\u00e5 Talln\u00e4s stiftsg\u00e5rd som \u00e4r ett ganska nytt st\u00e4lle f\u00f6r mig. Och ett bra st\u00e4lle verkar det vara. Det roligaste \u00e4r att det visst \u00e4r f\u00f6rsamlingspedagogen fr\u00e5n min barndom som \u00e4r f\u00f6rest\u00e5ndare h\u00e4r. V\u00e4ldigt roligt \u00e5terseende. Henne har [&hellip;]\" \/>\n<meta property=\"og:url\" content=\"https:\/\/blogg.svenskakyrkan.se\/vandravagen\/2015\/10\/11\/8-blandade-tankar-pa-sondagen-10\/\" \/>\n<meta property=\"og:site_name\" content=\"Vandra V\u00e4gen\" \/>\n<meta property=\"article:publisher\" content=\"http:\/\/facebook.com\/vandravagen\" \/>\n<meta property=\"article:published_time\" content=\"2015-10-11T05:00:15+00:00\" \/>\n<meta property=\"og:image\" content=\"http:\/\/blogg.svenskakyrkan.se\/vandravagen\/files\/2015\/10\/14-GIOTTO-THE-SERMON-ON-THE-MOUNT.jpg\" \/>\n<meta name=\"author\" content=\"Tomas Jarvid\" \/>\n<meta name=\"twitter:card\" content=\"summary_large_image\" \/>\n<meta name=\"twitter:creator\" content=\"@fadertomas\" \/>\n<meta name=\"twitter:site\" content=\"@fadertomas\" \/>\n<meta name=\"twitter:label1\" content=\"Skriven av\" \/>\n\t<meta name=\"twitter:data1\" content=\"Tomas Jarvid\" \/>\n\t<meta name=\"twitter:label2\" content=\"Ber\u00e4knad l\u00e4stid\" \/>\n\t<meta name=\"twitter:data2\" content=\"2 minuter\" \/>\n<script type=\"application\/ld+json\" class=\"yoast-schema-graph\">{\"@context\":\"https:\/\/schema.org\",\"@graph\":[{\"@type\":\"Article\",\"@id\":\"https:\/\/blogg.svenskakyrkan.se\/vandravagen\/2015\/10\/11\/8-blandade-tankar-pa-sondagen-10\/#article\",\"isPartOf\":{\"@id\":\"https:\/\/blogg.svenskakyrkan.se\/vandravagen\/2015\/10\/11\/8-blandade-tankar-pa-sondagen-10\/\"},\"author\":{\"name\":\"Tomas Jarvid\",\"@id\":\"https:\/\/blogg.svenskakyrkan.se\/vandravagen\/#\/schema\/person\/25da02d4f76b137d04291711e2c9fc16\"},\"headline\":\"8 blandade tankar p\u00e5 s\u00f6ndagen\",\"datePublished\":\"2015-10-11T05:00:15+00:00\",\"mainEntityOfPage\":{\"@id\":\"https:\/\/blogg.svenskakyrkan.se\/vandravagen\/2015\/10\/11\/8-blandade-tankar-pa-sondagen-10\/\"},\"wordCount\":410,\"commentCount\":0,\"publisher\":{\"@id\":\"https:\/\/blogg.svenskakyrkan.se\/vandravagen\/#organization\"},\"image\":{\"@id\":\"https:\/\/blogg.svenskakyrkan.se\/vandravagen\/2015\/10\/11\/8-blandade-tankar-pa-sondagen-10\/#primaryimage\"},\"thumbnailUrl\":\"http:\/\/blogg.svenskakyrkan.se\/vandravagen\/files\/2015\/10\/14-GIOTTO-THE-SERMON-ON-THE-MOUNT.jpg\",\"inLanguage\":\"sv-SE\",\"potentialAction\":[{\"@type\":\"CommentAction\",\"name\":\"Comment\",\"target\":[\"https:\/\/blogg.svenskakyrkan.se\/vandravagen\/2015\/10\/11\/8-blandade-tankar-pa-sondagen-10\/#respond\"]}]},{\"@type\":\"WebPage\",\"@id\":\"https:\/\/blogg.svenskakyrkan.se\/vandravagen\/2015\/10\/11\/8-blandade-tankar-pa-sondagen-10\/\",\"url\":\"https:\/\/blogg.svenskakyrkan.se\/vandravagen\/2015\/10\/11\/8-blandade-tankar-pa-sondagen-10\/\",\"name\":\"8 blandade tankar p\u00e5 s\u00f6ndagen - Vandra V\u00e4gen\",\"isPartOf\":{\"@id\":\"https:\/\/blogg.svenskakyrkan.se\/vandravagen\/#website\"},\"primaryImageOfPage\":{\"@id\":\"https:\/\/blogg.svenskakyrkan.se\/vandravagen\/2015\/10\/11\/8-blandade-tankar-pa-sondagen-10\/#primaryimage\"},\"image\":{\"@id\":\"https:\/\/blogg.svenskakyrkan.se\/vandravagen\/2015\/10\/11\/8-blandade-tankar-pa-sondagen-10\/#primaryimage\"},\"thumbnailUrl\":\"http:\/\/blogg.svenskakyrkan.se\/vandravagen\/files\/2015\/10\/14-GIOTTO-THE-SERMON-ON-THE-MOUNT.jpg\",\"datePublished\":\"2015-10-11T05:00:15+00:00\",\"breadcrumb\":{\"@id\":\"https:\/\/blogg.svenskakyrkan.se\/vandravagen\/2015\/10\/11\/8-blandade-tankar-pa-sondagen-10\/#breadcrumb\"},\"inLanguage\":\"sv-SE\",\"potentialAction\":[{\"@type\":\"ReadAction\",\"target\":[\"https:\/\/blogg.svenskakyrkan.se\/vandravagen\/2015\/10\/11\/8-blandade-tankar-pa-sondagen-10\/\"]}]},{\"@type\":\"ImageObject\",\"inLanguage\":\"sv-SE\",\"@id\":\"https:\/\/blogg.svenskakyrkan.se\/vandravagen\/2015\/10\/11\/8-blandade-tankar-pa-sondagen-10\/#primaryimage\",\"url\":\"http:\/\/blogg.svenskakyrkan.se\/vandravagen\/files\/2015\/10\/14-GIOTTO-THE-SERMON-ON-THE-MOUNT.jpg\",\"contentUrl\":\"http:\/\/blogg.svenskakyrkan.se\/vandravagen\/files\/2015\/10\/14-GIOTTO-THE-SERMON-ON-THE-MOUNT.jpg\"},{\"@type\":\"BreadcrumbList\",\"@id\":\"https:\/\/blogg.svenskakyrkan.se\/vandravagen\/2015\/10\/11\/8-blandade-tankar-pa-sondagen-10\/#breadcrumb\",\"itemListElement\":[{\"@type\":\"ListItem\",\"position\":1,\"name\":\"Hem\",\"item\":\"https:\/\/blogg.svenskakyrkan.se\/vandravagen\/\"},{\"@type\":\"ListItem\",\"position\":2,\"name\":\"8 blandade tankar p\u00e5 s\u00f6ndagen\"}]},{\"@type\":\"WebSite\",\"@id\":\"https:\/\/blogg.svenskakyrkan.se\/vandravagen\/#website\",\"url\":\"https:\/\/blogg.svenskakyrkan.se\/vandravagen\/\",\"name\":\"Vandra V\u00e4gen\",\"description\":\"-Mot en tro f\u00f6r hela livet\",\"publisher\":{\"@id\":\"https:\/\/blogg.svenskakyrkan.se\/vandravagen\/#organization\"},\"potentialAction\":[{\"@type\":\"SearchAction\",\"target\":{\"@type\":\"EntryPoint\",\"urlTemplate\":\"https:\/\/blogg.svenskakyrkan.se\/vandravagen\/?s={search_term_string}\"},\"query-input\":{\"@type\":\"PropertyValueSpecification\",\"valueRequired\":true,\"valueName\":\"search_term_string\"}}],\"inLanguage\":\"sv-SE\"},{\"@type\":\"Organization\",\"@id\":\"https:\/\/blogg.svenskakyrkan.se\/vandravagen\/#organization\",\"name\":\"ulricehamns pastorat\",\"alternateName\":\"ulricehamns pastorat\",\"url\":\"https:\/\/blogg.svenskakyrkan.se\/vandravagen\/\",\"logo\":{\"@type\":\"ImageObject\",\"inLanguage\":\"sv-SE\",\"@id\":\"https:\/\/blogg.svenskakyrkan.se\/vandravagen\/#\/schema\/logo\/image\/\",\"url\":\"https:\/\/blogg.svenskakyrkan.se\/vandravagen\/files\/2023\/05\/Ulr_logo_RGB.png\",\"contentUrl\":\"https:\/\/blogg.svenskakyrkan.se\/vandravagen\/files\/2023\/05\/Ulr_logo_RGB.png\",\"width\":205,\"height\":77,\"caption\":\"ulricehamns pastorat\"},\"image\":{\"@id\":\"https:\/\/blogg.svenskakyrkan.se\/vandravagen\/#\/schema\/logo\/image\/\"},\"sameAs\":[\"http:\/\/facebook.com\/vandravagen\",\"https:\/\/x.com\/fadertomas\",\"http:\/\/www.facebook.com\/svenskakyrkaniulricehamn\"]},{\"@type\":\"Person\",\"@id\":\"https:\/\/blogg.svenskakyrkan.se\/vandravagen\/#\/schema\/person\/25da02d4f76b137d04291711e2c9fc16\",\"name\":\"Tomas Jarvid\",\"image\":{\"@type\":\"ImageObject\",\"inLanguage\":\"sv-SE\",\"@id\":\"https:\/\/blogg.svenskakyrkan.se\/vandravagen\/#\/schema\/person\/image\/\",\"url\":\"https:\/\/secure.gravatar.com\/avatar\/7fa71899795e8f540f615a1f5ab25255dc27aa40f05ee7ddd21aac521e01bf50?s=96&d=identicon&r=g\",\"contentUrl\":\"https:\/\/secure.gravatar.com\/avatar\/7fa71899795e8f540f615a1f5ab25255dc27aa40f05ee7ddd21aac521e01bf50?s=96&d=identicon&r=g\",\"caption\":\"Tomas Jarvid\"},\"description\":\"Jag bor i Ulricehamn i V\u00e4sterg\u00f6tland och \u00e4r f\u00f6rsamlingspr\u00e4st i Svenska Kyrkan f\u00f6r Dalstorps f\u00f6rsamling i Kinds pastorat. P\u00e5 den h\u00e4r bloggen skriver jag ner tankar om vandringen som kristen.\",\"sameAs\":[\"http:\/\/www.vandravagen.se\"],\"url\":\"https:\/\/blogg.svenskakyrkan.se\/vandravagen\/author\/vandravagen\/\"}]}<\/script>\n<!-- \/ Yoast SEO plugin. -->","yoast_head_json":{"title":"8 blandade tankar p\u00e5 s\u00f6ndagen - Vandra V\u00e4gen","robots":{"index":"index","follow":"follow","max-snippet":"max-snippet:-1","max-image-preview":"max-image-preview:large","max-video-preview":"max-video-preview:-1"},"canonical":"https:\/\/blogg.svenskakyrkan.se\/vandravagen\/2015\/10\/11\/8-blandade-tankar-pa-sondagen-10\/","og_locale":"sv_SE","og_type":"article","og_title":"8 blandade tankar p\u00e5 s\u00f6ndagen - Vandra V\u00e4gen","og_description":"Idag \u00e4r det sista dagen p\u00e5 konfirmandl\u00e4ger med mina nya konfirmander. I dagarna tre har vi vistats p\u00e5 Talln\u00e4s stiftsg\u00e5rd som \u00e4r ett ganska nytt st\u00e4lle f\u00f6r mig. Och ett bra st\u00e4lle verkar det vara. Det roligaste \u00e4r att det visst \u00e4r f\u00f6rsamlingspedagogen fr\u00e5n min barndom som \u00e4r f\u00f6rest\u00e5ndare h\u00e4r. V\u00e4ldigt roligt \u00e5terseende. Henne har [&hellip;]","og_url":"https:\/\/blogg.svenskakyrkan.se\/vandravagen\/2015\/10\/11\/8-blandade-tankar-pa-sondagen-10\/","og_site_name":"Vandra V\u00e4gen","article_publisher":"http:\/\/facebook.com\/vandravagen","article_published_time":"2015-10-11T05:00:15+00:00","og_image":[{"url":"http:\/\/blogg.svenskakyrkan.se\/vandravagen\/files\/2015\/10\/14-GIOTTO-THE-SERMON-ON-THE-MOUNT.jpg","type":"","width":"","height":""}],"author":"Tomas Jarvid","twitter_card":"summary_large_image","twitter_creator":"@fadertomas","twitter_site":"@fadertomas","twitter_misc":{"Skriven av":"Tomas Jarvid","Ber\u00e4knad l\u00e4stid":"2 minuter"},"schema":{"@context":"https:\/\/schema.org","@graph":[{"@type":"Article","@id":"https:\/\/blogg.svenskakyrkan.se\/vandravagen\/2015\/10\/11\/8-blandade-tankar-pa-sondagen-10\/#article","isPartOf":{"@id":"https:\/\/blogg.svenskakyrkan.se\/vandravagen\/2015\/10\/11\/8-blandade-tankar-pa-sondagen-10\/"},"author":{"name":"Tomas Jarvid","@id":"https:\/\/blogg.svenskakyrkan.se\/vandravagen\/#\/schema\/person\/25da02d4f76b137d04291711e2c9fc16"},"headline":"8 blandade tankar p\u00e5 s\u00f6ndagen","datePublished":"2015-10-11T05:00:15+00:00","mainEntityOfPage":{"@id":"https:\/\/blogg.svenskakyrkan.se\/vandravagen\/2015\/10\/11\/8-blandade-tankar-pa-sondagen-10\/"},"wordCount":410,"commentCount":0,"publisher":{"@id":"https:\/\/blogg.svenskakyrkan.se\/vandravagen\/#organization"},"image":{"@id":"https:\/\/blogg.svenskakyrkan.se\/vandravagen\/2015\/10\/11\/8-blandade-tankar-pa-sondagen-10\/#primaryimage"},"thumbnailUrl":"http:\/\/blogg.svenskakyrkan.se\/vandravagen\/files\/2015\/10\/14-GIOTTO-THE-SERMON-ON-THE-MOUNT.jpg","inLanguage":"sv-SE","potentialAction":[{"@type":"CommentAction","name":"Comment","target":["https:\/\/blogg.svenskakyrkan.se\/vandravagen\/2015\/10\/11\/8-blandade-tankar-pa-sondagen-10\/#respond"]}]},{"@type":"WebPage","@id":"https:\/\/blogg.svenskakyrkan.se\/vandravagen\/2015\/10\/11\/8-blandade-tankar-pa-sondagen-10\/","url":"https:\/\/blogg.svenskakyrkan.se\/vandravagen\/2015\/10\/11\/8-blandade-tankar-pa-sondagen-10\/","name":"8 blandade tankar p\u00e5 s\u00f6ndagen - Vandra V\u00e4gen","isPartOf":{"@id":"https:\/\/blogg.svenskakyrkan.se\/vandravagen\/#website"},"primaryImageOfPage":{"@id":"https:\/\/blogg.svenskakyrkan.se\/vandravagen\/2015\/10\/11\/8-blandade-tankar-pa-sondagen-10\/#primaryimage"},"image":{"@id":"https:\/\/blogg.svenskakyrkan.se\/vandravagen\/2015\/10\/11\/8-blandade-tankar-pa-sondagen-10\/#primaryimage"},"thumbnailUrl":"http:\/\/blogg.svenskakyrkan.se\/vandravagen\/files\/2015\/10\/14-GIOTTO-THE-SERMON-ON-THE-MOUNT.jpg","datePublished":"2015-10-11T05:00:15+00:00","breadcrumb":{"@id":"https:\/\/blogg.svenskakyrkan.se\/vandravagen\/2015\/10\/11\/8-blandade-tankar-pa-sondagen-10\/#breadcrumb"},"inLanguage":"sv-SE","potentialAction":[{"@type":"ReadAction","target":["https:\/\/blogg.svenskakyrkan.se\/vandravagen\/2015\/10\/11\/8-blandade-tankar-pa-sondagen-10\/"]}]},{"@type":"ImageObject","inLanguage":"sv-SE","@id":"https:\/\/blogg.svenskakyrkan.se\/vandravagen\/2015\/10\/11\/8-blandade-tankar-pa-sondagen-10\/#primaryimage","url":"http:\/\/blogg.svenskakyrkan.se\/vandravagen\/files\/2015\/10\/14-GIOTTO-THE-SERMON-ON-THE-MOUNT.jpg","contentUrl":"http:\/\/blogg.svenskakyrkan.se\/vandravagen\/files\/2015\/10\/14-GIOTTO-THE-SERMON-ON-THE-MOUNT.jpg"},{"@type":"BreadcrumbList","@id":"https:\/\/blogg.svenskakyrkan.se\/vandravagen\/2015\/10\/11\/8-blandade-tankar-pa-sondagen-10\/#breadcrumb","itemListElement":[{"@type":"ListItem","position":1,"name":"Hem","item":"https:\/\/blogg.svenskakyrkan.se\/vandravagen\/"},{"@type":"ListItem","position":2,"name":"8 blandade tankar p\u00e5 s\u00f6ndagen"}]},{"@type":"WebSite","@id":"https:\/\/blogg.svenskakyrkan.se\/vandravagen\/#website","url":"https:\/\/blogg.svenskakyrkan.se\/vandravagen\/","name":"Vandra V\u00e4gen","description":"-Mot en tro f\u00f6r hela livet","publisher":{"@id":"https:\/\/blogg.svenskakyrkan.se\/vandravagen\/#organization"},"potentialAction":[{"@type":"SearchAction","target":{"@type":"EntryPoint","urlTemplate":"https:\/\/blogg.svenskakyrkan.se\/vandravagen\/?s={search_term_string}"},"query-input":{"@type":"PropertyValueSpecification","valueRequired":true,"valueName":"search_term_string"}}],"inLanguage":"sv-SE"},{"@type":"Organization","@id":"https:\/\/blogg.svenskakyrkan.se\/vandravagen\/#organization","name":"ulricehamns pastorat","alternateName":"ulricehamns pastorat","url":"https:\/\/blogg.svenskakyrkan.se\/vandravagen\/","logo":{"@type":"ImageObject","inLanguage":"sv-SE","@id":"https:\/\/blogg.svenskakyrkan.se\/vandravagen\/#\/schema\/logo\/image\/","url":"https:\/\/blogg.svenskakyrkan.se\/vandravagen\/files\/2023\/05\/Ulr_logo_RGB.png","contentUrl":"https:\/\/blogg.svenskakyrkan.se\/vandravagen\/files\/2023\/05\/Ulr_logo_RGB.png","width":205,"height":77,"caption":"ulricehamns pastorat"},"image":{"@id":"https:\/\/blogg.svenskakyrkan.se\/vandravagen\/#\/schema\/logo\/image\/"},"sameAs":["http:\/\/facebook.com\/vandravagen","https:\/\/x.com\/fadertomas","http:\/\/www.facebook.com\/svenskakyrkaniulricehamn"]},{"@type":"Person","@id":"https:\/\/blogg.svenskakyrkan.se\/vandravagen\/#\/schema\/person\/25da02d4f76b137d04291711e2c9fc16","name":"Tomas Jarvid","image":{"@type":"ImageObject","inLanguage":"sv-SE","@id":"https:\/\/blogg.svenskakyrkan.se\/vandravagen\/#\/schema\/person\/image\/","url":"https:\/\/secure.gravatar.com\/avatar\/7fa71899795e8f540f615a1f5ab25255dc27aa40f05ee7ddd21aac521e01bf50?s=96&d=identicon&r=g","contentUrl":"https:\/\/secure.gravatar.com\/avatar\/7fa71899795e8f540f615a1f5ab25255dc27aa40f05ee7ddd21aac521e01bf50?s=96&d=identicon&r=g","caption":"Tomas Jarvid"},"description":"Jag bor i Ulricehamn i V\u00e4sterg\u00f6tland och \u00e4r f\u00f6rsamlingspr\u00e4st i Svenska Kyrkan f\u00f6r Dalstorps f\u00f6rsamling i Kinds pastorat. P\u00e5 den h\u00e4r bloggen skriver jag ner tankar om vandringen som kristen.","sameAs":["http:\/\/www.vandravagen.se"],"url":"https:\/\/blogg.svenskakyrkan.se\/vandravagen\/author\/vandravagen\/"}]}},"author_meta":{"ID":"392","user_nicename":"vandravagen","user_url":"http:\/\/www.vandravagen.se","user_registered":"2014-05-19 05:44:52","display_name":"Tomas Jarvid","first_name":"Tomas","last_name":"Jarvid","avatar":"https:\/\/secure.gravatar.com\/avatar\/7fa71899795e8f540f615a1f5ab25255dc27aa40f05ee7ddd21aac521e01bf50?s=96&d=identicon&r=g"},"featured_image":false,"bloginfo":{"name":"Vandra V\u00e4gen","url":"https:\/\/blogg.svenskakyrkan.se\/vandravagen"},"_links":{"self":[{"href":"https:\/\/blogg.svenskakyrkan.se\/vandravagen\/wp-json\/wp\/v2\/posts\/3734","targetHints":{"allow":["GET"]}}],"collection":[{"href":"https:\/\/blogg.svenskakyrkan.se\/vandravagen\/wp-json\/wp\/v2\/posts"}],"about":[{"href":"https:\/\/blogg.svenskakyrkan.se\/vandravagen\/wp-json\/wp\/v2\/types\/post"}],"author":[{"embeddable":true,"href":"https:\/\/blogg.svenskakyrkan.se\/vandravagen\/wp-json\/wp\/v2\/users\/392"}],"replies":[{"embeddable":true,"href":"https:\/\/blogg.svenskakyrkan.se\/vandravagen\/wp-json\/wp\/v2\/comments?post=3734"}],"version-history":[{"count":1,"href":"https:\/\/blogg.svenskakyrkan.se\/vandravagen\/wp-json\/wp\/v2\/posts\/3734\/revisions"}],"predecessor-version":[{"id":3736,"href":"https:\/\/blogg.svenskakyrkan.se\/vandravagen\/wp-json\/wp\/v2\/posts\/3734\/revisions\/3736"}],"wp:attachment":[{"href":"https:\/\/blogg.svenskakyrkan.se\/vandravagen\/wp-json\/wp\/v2\/media?parent=3734"}],"wp:term":[{"taxonomy":"category","embeddable":true,"href":"https:\/\/blogg.svenskakyrkan.se\/vandravagen\/wp-json\/wp\/v2\/categories?post=3734"},{"taxonomy":"post_tag","embeddable":true,"href":"https:\/\/blogg.svenskakyrkan.se\/vandravagen\/wp-json\/wp\/v2\/tags?post=3734"}],"curies":[{"name":"wp","href":"https:\/\/api.w.org\/{rel}","templated":true}]}}