{"id":3744,"date":"2015-10-14T07:00:23","date_gmt":"2015-10-14T05:00:23","guid":{"rendered":"http:\/\/blogg.svenskakyrkan.se\/vandravagen\/?p=3744"},"modified":"2015-10-13T23:38:13","modified_gmt":"2015-10-13T21:38:13","slug":"pinsam-som-en-kristen","status":"publish","type":"post","link":"https:\/\/blogg.svenskakyrkan.se\/vandravagen\/2015\/10\/14\/pinsam-som-en-kristen\/","title":{"rendered":"Pinsam som en kristen"},"content":{"rendered":"<div id=\"attachment_3745\" style=\"width: 594px\" class=\"wp-caption aligncenter\"><a href=\"http:\/\/blogg.svenskakyrkan.se\/vandravagen\/files\/2015\/10\/IMG_6902.jpg\"><img loading=\"lazy\" decoding=\"async\" aria-describedby=\"caption-attachment-3745\" class=\"size-large wp-image-3745\" src=\"http:\/\/blogg.svenskakyrkan.se\/vandravagen\/files\/2015\/10\/IMG_6902-1024x752.jpg\" alt=\"Diogenes, r\u00e4tt extrem filosof som bodde i sin tunna. Man kan s\u00e4ga mycket om det men kanske inte pinsamt?\" width=\"584\" height=\"429\" srcset=\"https:\/\/blogg.svenskakyrkan.se\/vandravagen\/files\/2015\/10\/IMG_6902.jpg 1024w, https:\/\/blogg.svenskakyrkan.se\/vandravagen\/files\/2015\/10\/IMG_6902-300x220.jpg 300w, https:\/\/blogg.svenskakyrkan.se\/vandravagen\/files\/2015\/10\/IMG_6902-409x300.jpg 409w\" sizes=\"auto, (max-width: 584px) 100vw, 584px\" \/><\/a><p id=\"caption-attachment-3745\" class=\"wp-caption-text\">Diogenes, r\u00e4tt extrem filosof som bodde i sin tunna. Man kan s\u00e4ga mycket om det men kanske inte pinsamt?<\/p><\/div>\n<p>Jag har lyssnat p\u00e5 <a href=\"https:\/\/itunes.apple.com\/se\/podcast\/del-2-det-gudlosa-folket-av\/id1037377838?i=354044294&amp;mt=2\">senaste avsnittet av &#8221;l\u00e4sarpodden<\/a>&#8221; (bloggen <a href=\"http:\/\/www.l\u00e4sarna.se\">&#8221;l\u00e4sarna.se&#8221;<\/a> \u00e4r typ som Vandra V\u00e4gen skulle varit om den varit coolare och mer l\u00e4rd) och det var v\u00e4ldigt intressant. F\u00f6rst en oneliner och sedan dagens \u00e4mne. Onelinern:<\/p>\n<blockquote>\n<p>&#8221;Det kanske egentligen bara \u00e4r s\u00e5 att Kyrkan h\u00e5ller p\u00e5 att nyktra till efter att ha f\u00f6rlorat sin maktposition&#8221; (v\u00e4ldigt ungef\u00e4rligt citat men typ.<\/p>\n<\/blockquote>\n<p>En intressant sak Joel Halldorf och Patrik Hagman talade mycket om var detta med <strong>att kristen tro \u00e4r pinsam i Sverige<\/strong>. Det kan jag k\u00e4nna igen mig i. Nu \u00e4r jag ju pr\u00e4st numera och d\u00e5 \u00e4r det pl\u00f6tsligt inte lika pinsamt. D\u00e5 har man liksom g\u00e5tt &#8221;all in&#8221; och blivit n\u00e5gon slags fundamentalist. Det kan folk tycka \u00e4r l\u00e4skigt men kanske inte pinsamt. Pinsamt blir det n\u00e4r man i grund och botten \u00e4r som alla andra men avviker lite, lite grann fr\u00e5n normen.<\/p>\n<p>Vidare funderade de p\u00e5 hur mycket vi i kyrkan drivs av detta att f\u00f6rs\u00f6ka framst\u00e5 som mindre pinsamma. Kanske genom att bli accepterade via n\u00e5got r\u00e4ttviseengagemang\/milj\u00f6arbete\/n\u00e5got motsvarande. Eller genom att ta i mer och bli riktigt karismatiska (mindre vanligt i mina sammanhang).<\/p>\n<p>Det b\u00e4sta s\u00e4ttet att komma ur pinsamheten \u00e4r f\u00f6rst\u00e5s att vi var och en accepterar den. Jag kanske \u00e4r en pinsam typ men det g\u00f6r v\u00e4l inte s\u00e5 mycket? Det \u00e4r ju s\u00e5dan h\u00e4r jag \u00e4r?<\/p>\n<p>Nu f\u00e5r vi diskutera i bikupor. H\u00e5ller du med om detta att kristen tro \u00e4r pinsam i mer utomst\u00e5endes \u00f6gon? Vad sk\u00e4ms vi i s\u00e5 fall f\u00f6r? Finns det situationer som \u00e4r extra pinsamma? Skriv en kommentar!<\/p>\n","protected":false},"excerpt":{"rendered":"<p>Jag har lyssnat p\u00e5 senaste avsnittet av &#8221;l\u00e4sarpodden&#8221; (bloggen &#8221;l\u00e4sarna.se&#8221; \u00e4r typ som Vandra V\u00e4gen skulle varit om den varit coolare och mer l\u00e4rd) och det var v\u00e4ldigt intressant. F\u00f6rst en oneliner och sedan dagens \u00e4mne. Onelinern: &#8221;Det kanske egentligen bara \u00e4r s\u00e5 att Kyrkan h\u00e5ller p\u00e5 att nyktra till efter att ha f\u00f6rlorat sin [&hellip;]<\/p>\n","protected":false},"author":392,"featured_media":0,"comment_status":"open","ping_status":"open","sticky":false,"template":"","format":"standard","meta":{"_acf_changed":false,"footnotes":""},"categories":[76766,76189,33574],"tags":[],"class_list":["post-3744","post","type-post","status-publish","format-standard","hentry","category-blandat","category-dagens-kyrka","category-kyrkan"],"acf":[],"yoast_head":"<!-- This site is optimized with the Yoast SEO plugin v27.1.1 - https:\/\/yoast.com\/product\/yoast-seo-wordpress\/ -->\n<title>Pinsam som en kristen - Vandra V\u00e4gen<\/title>\n<meta name=\"robots\" content=\"index, follow, max-snippet:-1, max-image-preview:large, max-video-preview:-1\" \/>\n<link rel=\"canonical\" href=\"https:\/\/blogg.svenskakyrkan.se\/vandravagen\/2015\/10\/14\/pinsam-som-en-kristen\/\" \/>\n<meta property=\"og:locale\" content=\"sv_SE\" \/>\n<meta property=\"og:type\" content=\"article\" \/>\n<meta property=\"og:title\" content=\"Pinsam som en kristen - Vandra V\u00e4gen\" \/>\n<meta property=\"og:description\" content=\"Jag har lyssnat p\u00e5 senaste avsnittet av &#8221;l\u00e4sarpodden&#8221; (bloggen &#8221;l\u00e4sarna.se&#8221; \u00e4r typ som Vandra V\u00e4gen skulle varit om den varit coolare och mer l\u00e4rd) och det var v\u00e4ldigt intressant. F\u00f6rst en oneliner och sedan dagens \u00e4mne. Onelinern: &#8221;Det kanske egentligen bara \u00e4r s\u00e5 att Kyrkan h\u00e5ller p\u00e5 att nyktra till efter att ha f\u00f6rlorat sin [&hellip;]\" \/>\n<meta property=\"og:url\" content=\"https:\/\/blogg.svenskakyrkan.se\/vandravagen\/2015\/10\/14\/pinsam-som-en-kristen\/\" \/>\n<meta property=\"og:site_name\" content=\"Vandra V\u00e4gen\" \/>\n<meta property=\"article:publisher\" content=\"http:\/\/facebook.com\/vandravagen\" \/>\n<meta property=\"article:published_time\" content=\"2015-10-14T05:00:23+00:00\" \/>\n<meta property=\"og:image\" content=\"http:\/\/blogg.svenskakyrkan.se\/vandravagen\/files\/2015\/10\/IMG_6902-1024x752.jpg\" \/>\n<meta name=\"author\" content=\"Tomas Jarvid\" \/>\n<meta name=\"twitter:card\" content=\"summary_large_image\" \/>\n<meta name=\"twitter:creator\" content=\"@fadertomas\" \/>\n<meta name=\"twitter:site\" content=\"@fadertomas\" \/>\n<meta name=\"twitter:label1\" content=\"Skriven av\" \/>\n\t<meta name=\"twitter:data1\" content=\"Tomas Jarvid\" \/>\n\t<meta name=\"twitter:label2\" content=\"Ber\u00e4knad l\u00e4stid\" \/>\n\t<meta name=\"twitter:data2\" content=\"2 minuter\" \/>\n<script type=\"application\/ld+json\" class=\"yoast-schema-graph\">{\"@context\":\"https:\/\/schema.org\",\"@graph\":[{\"@type\":\"Article\",\"@id\":\"https:\/\/blogg.svenskakyrkan.se\/vandravagen\/2015\/10\/14\/pinsam-som-en-kristen\/#article\",\"isPartOf\":{\"@id\":\"https:\/\/blogg.svenskakyrkan.se\/vandravagen\/2015\/10\/14\/pinsam-som-en-kristen\/\"},\"author\":{\"name\":\"Tomas Jarvid\",\"@id\":\"https:\/\/blogg.svenskakyrkan.se\/vandravagen\/#\/schema\/person\/25da02d4f76b137d04291711e2c9fc16\"},\"headline\":\"Pinsam som en kristen\",\"datePublished\":\"2015-10-14T05:00:23+00:00\",\"mainEntityOfPage\":{\"@id\":\"https:\/\/blogg.svenskakyrkan.se\/vandravagen\/2015\/10\/14\/pinsam-som-en-kristen\/\"},\"wordCount\":332,\"commentCount\":5,\"publisher\":{\"@id\":\"https:\/\/blogg.svenskakyrkan.se\/vandravagen\/#organization\"},\"image\":{\"@id\":\"https:\/\/blogg.svenskakyrkan.se\/vandravagen\/2015\/10\/14\/pinsam-som-en-kristen\/#primaryimage\"},\"thumbnailUrl\":\"http:\/\/blogg.svenskakyrkan.se\/vandravagen\/files\/2015\/10\/IMG_6902-1024x752.jpg\",\"articleSection\":[\"blandat\",\"Dagens Kyrka\",\"kyrkan\"],\"inLanguage\":\"sv-SE\",\"potentialAction\":[{\"@type\":\"CommentAction\",\"name\":\"Comment\",\"target\":[\"https:\/\/blogg.svenskakyrkan.se\/vandravagen\/2015\/10\/14\/pinsam-som-en-kristen\/#respond\"]}]},{\"@type\":\"WebPage\",\"@id\":\"https:\/\/blogg.svenskakyrkan.se\/vandravagen\/2015\/10\/14\/pinsam-som-en-kristen\/\",\"url\":\"https:\/\/blogg.svenskakyrkan.se\/vandravagen\/2015\/10\/14\/pinsam-som-en-kristen\/\",\"name\":\"Pinsam som en kristen - Vandra V\u00e4gen\",\"isPartOf\":{\"@id\":\"https:\/\/blogg.svenskakyrkan.se\/vandravagen\/#website\"},\"primaryImageOfPage\":{\"@id\":\"https:\/\/blogg.svenskakyrkan.se\/vandravagen\/2015\/10\/14\/pinsam-som-en-kristen\/#primaryimage\"},\"image\":{\"@id\":\"https:\/\/blogg.svenskakyrkan.se\/vandravagen\/2015\/10\/14\/pinsam-som-en-kristen\/#primaryimage\"},\"thumbnailUrl\":\"http:\/\/blogg.svenskakyrkan.se\/vandravagen\/files\/2015\/10\/IMG_6902-1024x752.jpg\",\"datePublished\":\"2015-10-14T05:00:23+00:00\",\"breadcrumb\":{\"@id\":\"https:\/\/blogg.svenskakyrkan.se\/vandravagen\/2015\/10\/14\/pinsam-som-en-kristen\/#breadcrumb\"},\"inLanguage\":\"sv-SE\",\"potentialAction\":[{\"@type\":\"ReadAction\",\"target\":[\"https:\/\/blogg.svenskakyrkan.se\/vandravagen\/2015\/10\/14\/pinsam-som-en-kristen\/\"]}]},{\"@type\":\"ImageObject\",\"inLanguage\":\"sv-SE\",\"@id\":\"https:\/\/blogg.svenskakyrkan.se\/vandravagen\/2015\/10\/14\/pinsam-som-en-kristen\/#primaryimage\",\"url\":\"http:\/\/blogg.svenskakyrkan.se\/vandravagen\/files\/2015\/10\/IMG_6902-1024x752.jpg\",\"contentUrl\":\"http:\/\/blogg.svenskakyrkan.se\/vandravagen\/files\/2015\/10\/IMG_6902-1024x752.jpg\"},{\"@type\":\"BreadcrumbList\",\"@id\":\"https:\/\/blogg.svenskakyrkan.se\/vandravagen\/2015\/10\/14\/pinsam-som-en-kristen\/#breadcrumb\",\"itemListElement\":[{\"@type\":\"ListItem\",\"position\":1,\"name\":\"Hem\",\"item\":\"https:\/\/blogg.svenskakyrkan.se\/vandravagen\/\"},{\"@type\":\"ListItem\",\"position\":2,\"name\":\"Pinsam som en kristen\"}]},{\"@type\":\"WebSite\",\"@id\":\"https:\/\/blogg.svenskakyrkan.se\/vandravagen\/#website\",\"url\":\"https:\/\/blogg.svenskakyrkan.se\/vandravagen\/\",\"name\":\"Vandra V\u00e4gen\",\"description\":\"-Mot en tro f\u00f6r hela livet\",\"publisher\":{\"@id\":\"https:\/\/blogg.svenskakyrkan.se\/vandravagen\/#organization\"},\"potentialAction\":[{\"@type\":\"SearchAction\",\"target\":{\"@type\":\"EntryPoint\",\"urlTemplate\":\"https:\/\/blogg.svenskakyrkan.se\/vandravagen\/?s={search_term_string}\"},\"query-input\":{\"@type\":\"PropertyValueSpecification\",\"valueRequired\":true,\"valueName\":\"search_term_string\"}}],\"inLanguage\":\"sv-SE\"},{\"@type\":\"Organization\",\"@id\":\"https:\/\/blogg.svenskakyrkan.se\/vandravagen\/#organization\",\"name\":\"ulricehamns pastorat\",\"alternateName\":\"ulricehamns pastorat\",\"url\":\"https:\/\/blogg.svenskakyrkan.se\/vandravagen\/\",\"logo\":{\"@type\":\"ImageObject\",\"inLanguage\":\"sv-SE\",\"@id\":\"https:\/\/blogg.svenskakyrkan.se\/vandravagen\/#\/schema\/logo\/image\/\",\"url\":\"https:\/\/blogg.svenskakyrkan.se\/vandravagen\/files\/2023\/05\/Ulr_logo_RGB.png\",\"contentUrl\":\"https:\/\/blogg.svenskakyrkan.se\/vandravagen\/files\/2023\/05\/Ulr_logo_RGB.png\",\"width\":205,\"height\":77,\"caption\":\"ulricehamns pastorat\"},\"image\":{\"@id\":\"https:\/\/blogg.svenskakyrkan.se\/vandravagen\/#\/schema\/logo\/image\/\"},\"sameAs\":[\"http:\/\/facebook.com\/vandravagen\",\"https:\/\/x.com\/fadertomas\",\"http:\/\/www.facebook.com\/svenskakyrkaniulricehamn\"]},{\"@type\":\"Person\",\"@id\":\"https:\/\/blogg.svenskakyrkan.se\/vandravagen\/#\/schema\/person\/25da02d4f76b137d04291711e2c9fc16\",\"name\":\"Tomas Jarvid\",\"image\":{\"@type\":\"ImageObject\",\"inLanguage\":\"sv-SE\",\"@id\":\"https:\/\/blogg.svenskakyrkan.se\/vandravagen\/#\/schema\/person\/image\/\",\"url\":\"https:\/\/secure.gravatar.com\/avatar\/7fa71899795e8f540f615a1f5ab25255dc27aa40f05ee7ddd21aac521e01bf50?s=96&d=identicon&r=g\",\"contentUrl\":\"https:\/\/secure.gravatar.com\/avatar\/7fa71899795e8f540f615a1f5ab25255dc27aa40f05ee7ddd21aac521e01bf50?s=96&d=identicon&r=g\",\"caption\":\"Tomas Jarvid\"},\"description\":\"Jag bor i Ulricehamn i V\u00e4sterg\u00f6tland och \u00e4r f\u00f6rsamlingspr\u00e4st i Svenska Kyrkan f\u00f6r Dalstorps f\u00f6rsamling i Kinds pastorat. P\u00e5 den h\u00e4r bloggen skriver jag ner tankar om vandringen som kristen.\",\"sameAs\":[\"http:\/\/www.vandravagen.se\"],\"url\":\"https:\/\/blogg.svenskakyrkan.se\/vandravagen\/author\/vandravagen\/\"}]}<\/script>\n<!-- \/ Yoast SEO plugin. -->","yoast_head_json":{"title":"Pinsam som en kristen - Vandra V\u00e4gen","robots":{"index":"index","follow":"follow","max-snippet":"max-snippet:-1","max-image-preview":"max-image-preview:large","max-video-preview":"max-video-preview:-1"},"canonical":"https:\/\/blogg.svenskakyrkan.se\/vandravagen\/2015\/10\/14\/pinsam-som-en-kristen\/","og_locale":"sv_SE","og_type":"article","og_title":"Pinsam som en kristen - Vandra V\u00e4gen","og_description":"Jag har lyssnat p\u00e5 senaste avsnittet av &#8221;l\u00e4sarpodden&#8221; (bloggen &#8221;l\u00e4sarna.se&#8221; \u00e4r typ som Vandra V\u00e4gen skulle varit om den varit coolare och mer l\u00e4rd) och det var v\u00e4ldigt intressant. F\u00f6rst en oneliner och sedan dagens \u00e4mne. Onelinern: &#8221;Det kanske egentligen bara \u00e4r s\u00e5 att Kyrkan h\u00e5ller p\u00e5 att nyktra till efter att ha f\u00f6rlorat sin [&hellip;]","og_url":"https:\/\/blogg.svenskakyrkan.se\/vandravagen\/2015\/10\/14\/pinsam-som-en-kristen\/","og_site_name":"Vandra V\u00e4gen","article_publisher":"http:\/\/facebook.com\/vandravagen","article_published_time":"2015-10-14T05:00:23+00:00","og_image":[{"url":"http:\/\/blogg.svenskakyrkan.se\/vandravagen\/files\/2015\/10\/IMG_6902-1024x752.jpg","type":"","width":"","height":""}],"author":"Tomas Jarvid","twitter_card":"summary_large_image","twitter_creator":"@fadertomas","twitter_site":"@fadertomas","twitter_misc":{"Skriven av":"Tomas Jarvid","Ber\u00e4knad l\u00e4stid":"2 minuter"},"schema":{"@context":"https:\/\/schema.org","@graph":[{"@type":"Article","@id":"https:\/\/blogg.svenskakyrkan.se\/vandravagen\/2015\/10\/14\/pinsam-som-en-kristen\/#article","isPartOf":{"@id":"https:\/\/blogg.svenskakyrkan.se\/vandravagen\/2015\/10\/14\/pinsam-som-en-kristen\/"},"author":{"name":"Tomas Jarvid","@id":"https:\/\/blogg.svenskakyrkan.se\/vandravagen\/#\/schema\/person\/25da02d4f76b137d04291711e2c9fc16"},"headline":"Pinsam som en kristen","datePublished":"2015-10-14T05:00:23+00:00","mainEntityOfPage":{"@id":"https:\/\/blogg.svenskakyrkan.se\/vandravagen\/2015\/10\/14\/pinsam-som-en-kristen\/"},"wordCount":332,"commentCount":5,"publisher":{"@id":"https:\/\/blogg.svenskakyrkan.se\/vandravagen\/#organization"},"image":{"@id":"https:\/\/blogg.svenskakyrkan.se\/vandravagen\/2015\/10\/14\/pinsam-som-en-kristen\/#primaryimage"},"thumbnailUrl":"http:\/\/blogg.svenskakyrkan.se\/vandravagen\/files\/2015\/10\/IMG_6902-1024x752.jpg","articleSection":["blandat","Dagens Kyrka","kyrkan"],"inLanguage":"sv-SE","potentialAction":[{"@type":"CommentAction","name":"Comment","target":["https:\/\/blogg.svenskakyrkan.se\/vandravagen\/2015\/10\/14\/pinsam-som-en-kristen\/#respond"]}]},{"@type":"WebPage","@id":"https:\/\/blogg.svenskakyrkan.se\/vandravagen\/2015\/10\/14\/pinsam-som-en-kristen\/","url":"https:\/\/blogg.svenskakyrkan.se\/vandravagen\/2015\/10\/14\/pinsam-som-en-kristen\/","name":"Pinsam som en kristen - Vandra V\u00e4gen","isPartOf":{"@id":"https:\/\/blogg.svenskakyrkan.se\/vandravagen\/#website"},"primaryImageOfPage":{"@id":"https:\/\/blogg.svenskakyrkan.se\/vandravagen\/2015\/10\/14\/pinsam-som-en-kristen\/#primaryimage"},"image":{"@id":"https:\/\/blogg.svenskakyrkan.se\/vandravagen\/2015\/10\/14\/pinsam-som-en-kristen\/#primaryimage"},"thumbnailUrl":"http:\/\/blogg.svenskakyrkan.se\/vandravagen\/files\/2015\/10\/IMG_6902-1024x752.jpg","datePublished":"2015-10-14T05:00:23+00:00","breadcrumb":{"@id":"https:\/\/blogg.svenskakyrkan.se\/vandravagen\/2015\/10\/14\/pinsam-som-en-kristen\/#breadcrumb"},"inLanguage":"sv-SE","potentialAction":[{"@type":"ReadAction","target":["https:\/\/blogg.svenskakyrkan.se\/vandravagen\/2015\/10\/14\/pinsam-som-en-kristen\/"]}]},{"@type":"ImageObject","inLanguage":"sv-SE","@id":"https:\/\/blogg.svenskakyrkan.se\/vandravagen\/2015\/10\/14\/pinsam-som-en-kristen\/#primaryimage","url":"http:\/\/blogg.svenskakyrkan.se\/vandravagen\/files\/2015\/10\/IMG_6902-1024x752.jpg","contentUrl":"http:\/\/blogg.svenskakyrkan.se\/vandravagen\/files\/2015\/10\/IMG_6902-1024x752.jpg"},{"@type":"BreadcrumbList","@id":"https:\/\/blogg.svenskakyrkan.se\/vandravagen\/2015\/10\/14\/pinsam-som-en-kristen\/#breadcrumb","itemListElement":[{"@type":"ListItem","position":1,"name":"Hem","item":"https:\/\/blogg.svenskakyrkan.se\/vandravagen\/"},{"@type":"ListItem","position":2,"name":"Pinsam som en kristen"}]},{"@type":"WebSite","@id":"https:\/\/blogg.svenskakyrkan.se\/vandravagen\/#website","url":"https:\/\/blogg.svenskakyrkan.se\/vandravagen\/","name":"Vandra V\u00e4gen","description":"-Mot en tro f\u00f6r hela livet","publisher":{"@id":"https:\/\/blogg.svenskakyrkan.se\/vandravagen\/#organization"},"potentialAction":[{"@type":"SearchAction","target":{"@type":"EntryPoint","urlTemplate":"https:\/\/blogg.svenskakyrkan.se\/vandravagen\/?s={search_term_string}"},"query-input":{"@type":"PropertyValueSpecification","valueRequired":true,"valueName":"search_term_string"}}],"inLanguage":"sv-SE"},{"@type":"Organization","@id":"https:\/\/blogg.svenskakyrkan.se\/vandravagen\/#organization","name":"ulricehamns pastorat","alternateName":"ulricehamns pastorat","url":"https:\/\/blogg.svenskakyrkan.se\/vandravagen\/","logo":{"@type":"ImageObject","inLanguage":"sv-SE","@id":"https:\/\/blogg.svenskakyrkan.se\/vandravagen\/#\/schema\/logo\/image\/","url":"https:\/\/blogg.svenskakyrkan.se\/vandravagen\/files\/2023\/05\/Ulr_logo_RGB.png","contentUrl":"https:\/\/blogg.svenskakyrkan.se\/vandravagen\/files\/2023\/05\/Ulr_logo_RGB.png","width":205,"height":77,"caption":"ulricehamns pastorat"},"image":{"@id":"https:\/\/blogg.svenskakyrkan.se\/vandravagen\/#\/schema\/logo\/image\/"},"sameAs":["http:\/\/facebook.com\/vandravagen","https:\/\/x.com\/fadertomas","http:\/\/www.facebook.com\/svenskakyrkaniulricehamn"]},{"@type":"Person","@id":"https:\/\/blogg.svenskakyrkan.se\/vandravagen\/#\/schema\/person\/25da02d4f76b137d04291711e2c9fc16","name":"Tomas Jarvid","image":{"@type":"ImageObject","inLanguage":"sv-SE","@id":"https:\/\/blogg.svenskakyrkan.se\/vandravagen\/#\/schema\/person\/image\/","url":"https:\/\/secure.gravatar.com\/avatar\/7fa71899795e8f540f615a1f5ab25255dc27aa40f05ee7ddd21aac521e01bf50?s=96&d=identicon&r=g","contentUrl":"https:\/\/secure.gravatar.com\/avatar\/7fa71899795e8f540f615a1f5ab25255dc27aa40f05ee7ddd21aac521e01bf50?s=96&d=identicon&r=g","caption":"Tomas Jarvid"},"description":"Jag bor i Ulricehamn i V\u00e4sterg\u00f6tland och \u00e4r f\u00f6rsamlingspr\u00e4st i Svenska Kyrkan f\u00f6r Dalstorps f\u00f6rsamling i Kinds pastorat. P\u00e5 den h\u00e4r bloggen skriver jag ner tankar om vandringen som kristen.","sameAs":["http:\/\/www.vandravagen.se"],"url":"https:\/\/blogg.svenskakyrkan.se\/vandravagen\/author\/vandravagen\/"}]}},"author_meta":{"ID":"392","user_nicename":"vandravagen","user_url":"http:\/\/www.vandravagen.se","user_registered":"2014-05-19 05:44:52","display_name":"Tomas Jarvid","first_name":"Tomas","last_name":"Jarvid","avatar":"https:\/\/secure.gravatar.com\/avatar\/7fa71899795e8f540f615a1f5ab25255dc27aa40f05ee7ddd21aac521e01bf50?s=96&d=identicon&r=g"},"featured_image":false,"bloginfo":{"name":"Vandra V\u00e4gen","url":"https:\/\/blogg.svenskakyrkan.se\/vandravagen"},"_links":{"self":[{"href":"https:\/\/blogg.svenskakyrkan.se\/vandravagen\/wp-json\/wp\/v2\/posts\/3744","targetHints":{"allow":["GET"]}}],"collection":[{"href":"https:\/\/blogg.svenskakyrkan.se\/vandravagen\/wp-json\/wp\/v2\/posts"}],"about":[{"href":"https:\/\/blogg.svenskakyrkan.se\/vandravagen\/wp-json\/wp\/v2\/types\/post"}],"author":[{"embeddable":true,"href":"https:\/\/blogg.svenskakyrkan.se\/vandravagen\/wp-json\/wp\/v2\/users\/392"}],"replies":[{"embeddable":true,"href":"https:\/\/blogg.svenskakyrkan.se\/vandravagen\/wp-json\/wp\/v2\/comments?post=3744"}],"version-history":[{"count":1,"href":"https:\/\/blogg.svenskakyrkan.se\/vandravagen\/wp-json\/wp\/v2\/posts\/3744\/revisions"}],"predecessor-version":[{"id":3746,"href":"https:\/\/blogg.svenskakyrkan.se\/vandravagen\/wp-json\/wp\/v2\/posts\/3744\/revisions\/3746"}],"wp:attachment":[{"href":"https:\/\/blogg.svenskakyrkan.se\/vandravagen\/wp-json\/wp\/v2\/media?parent=3744"}],"wp:term":[{"taxonomy":"category","embeddable":true,"href":"https:\/\/blogg.svenskakyrkan.se\/vandravagen\/wp-json\/wp\/v2\/categories?post=3744"},{"taxonomy":"post_tag","embeddable":true,"href":"https:\/\/blogg.svenskakyrkan.se\/vandravagen\/wp-json\/wp\/v2\/tags?post=3744"}],"curies":[{"name":"wp","href":"https:\/\/api.w.org\/{rel}","templated":true}]}}