{"id":3747,"date":"2015-10-15T07:00:15","date_gmt":"2015-10-15T05:00:15","guid":{"rendered":"http:\/\/blogg.svenskakyrkan.se\/vandravagen\/?p=3747"},"modified":"2015-10-14T21:27:40","modified_gmt":"2015-10-14T19:27:40","slug":"olsremma-kyrka-i-bild","status":"publish","type":"post","link":"https:\/\/blogg.svenskakyrkan.se\/vandravagen\/2015\/10\/15\/olsremma-kyrka-i-bild\/","title":{"rendered":"\u00d6lsremma kyrka i bild"},"content":{"rendered":"<p><a href=\"http:\/\/blogg.svenskakyrkan.se\/vandravagen\/files\/2015\/10\/DSC_1017.jpg\"><img loading=\"lazy\" decoding=\"async\" class=\"aligncenter size-full wp-image-3748\" src=\"http:\/\/blogg.svenskakyrkan.se\/vandravagen\/files\/2015\/10\/DSC_1017.jpg\" alt=\"DSC_1017\" width=\"640\" height=\"426\" srcset=\"https:\/\/blogg.svenskakyrkan.se\/vandravagen\/files\/2015\/10\/DSC_1017.jpg 640w, https:\/\/blogg.svenskakyrkan.se\/vandravagen\/files\/2015\/10\/DSC_1017-300x200.jpg 300w, https:\/\/blogg.svenskakyrkan.se\/vandravagen\/files\/2015\/10\/DSC_1017-451x300.jpg 451w\" sizes=\"auto, (max-width: 640px) 100vw, 640px\" \/><\/a><\/p>\n<p>F\u00f6r f\u00f6rsta g\u00e5ngen \u00e4r det dags att \u00e4gna en fotobloggpost \u00e5t en av kyrkorna i min nya f\u00f6rsamling. N\u00e4mligen den vackra tr\u00e4kyrkan i \u00d6lsremma. F\u00f6rst en st\u00e4mningsbild ovan.<\/p>\n<p><a href=\"http:\/\/blogg.svenskakyrkan.se\/vandravagen\/files\/2015\/10\/DSC_1001.jpg\"><img loading=\"lazy\" decoding=\"async\" class=\"aligncenter size-full wp-image-3750\" src=\"http:\/\/blogg.svenskakyrkan.se\/vandravagen\/files\/2015\/10\/DSC_1001.jpg\" alt=\"DSC_1001\" width=\"640\" height=\"488\" srcset=\"https:\/\/blogg.svenskakyrkan.se\/vandravagen\/files\/2015\/10\/DSC_1001.jpg 640w, https:\/\/blogg.svenskakyrkan.se\/vandravagen\/files\/2015\/10\/DSC_1001-300x229.jpg 300w, https:\/\/blogg.svenskakyrkan.se\/vandravagen\/files\/2015\/10\/DSC_1001-393x300.jpg 393w\" sizes=\"auto, (max-width: 640px) 100vw, 640px\" \/><\/a><\/p>\n<p>P\u00e5 tak\u00e5sen mot \u00f6ster sitter en stilig tupp. Den verkar sitta lite snett men formen \u00e4r det inget fel p\u00e5. Den ser ut att vara i full f\u00e4rd med att v\u00e4cka syndare.<\/p>\n<p>&nbsp;<\/p>\n<p><a href=\"http:\/\/blogg.svenskakyrkan.se\/vandravagen\/files\/2015\/10\/DSC_1010.jpg\"><img loading=\"lazy\" decoding=\"async\" class=\"aligncenter size-full wp-image-3749\" src=\"http:\/\/blogg.svenskakyrkan.se\/vandravagen\/files\/2015\/10\/DSC_1010.jpg\" alt=\"DSC_1010\" width=\"484\" height=\"640\" srcset=\"https:\/\/blogg.svenskakyrkan.se\/vandravagen\/files\/2015\/10\/DSC_1010.jpg 484w, https:\/\/blogg.svenskakyrkan.se\/vandravagen\/files\/2015\/10\/DSC_1010-300x397.jpg 300w, https:\/\/blogg.svenskakyrkan.se\/vandravagen\/files\/2015\/10\/DSC_1010-227x300.jpg 227w\" sizes=\"auto, (max-width: 484px) 100vw, 484px\" \/><\/a><\/p>\n<p>&nbsp;<\/p>\n<p>H\u00e4r ser ni vaktm\u00e4staren Helena i klockstapeln. I en av de andra luckorna satt det ett stort getingbo.<\/p>\n<p>&nbsp;<\/p>\n<p>&nbsp;<\/p>\n<p><a href=\"http:\/\/blogg.svenskakyrkan.se\/vandravagen\/files\/2015\/10\/DSC_0987.jpg\"><img loading=\"lazy\" decoding=\"async\" class=\"aligncenter size-full wp-image-3751\" src=\"http:\/\/blogg.svenskakyrkan.se\/vandravagen\/files\/2015\/10\/DSC_0987.jpg\" alt=\"DSC_0987\" width=\"485\" height=\"640\" srcset=\"https:\/\/blogg.svenskakyrkan.se\/vandravagen\/files\/2015\/10\/DSC_0987.jpg 485w, https:\/\/blogg.svenskakyrkan.se\/vandravagen\/files\/2015\/10\/DSC_0987-300x396.jpg 300w, https:\/\/blogg.svenskakyrkan.se\/vandravagen\/files\/2015\/10\/DSC_0987-227x300.jpg 227w\" sizes=\"auto, (max-width: 485px) 100vw, 485px\" \/><\/a><\/p>\n<p>Altaruppsatsen \u00e4r v\u00e4ldigt fin. Denna bild \u00e4r tagen vid ett dop s\u00e5 d\u00e5 var p\u00e5skljuset framme som ni ser. Vi g\u00e5r lite n\u00e4rmare och tittar p\u00e5 bilderna d\u00e4r framme.<\/p>\n<p>&nbsp;<\/p>\n<p><a href=\"http:\/\/blogg.svenskakyrkan.se\/vandravagen\/files\/2015\/10\/DSC_0990.jpg\"><img loading=\"lazy\" decoding=\"async\" class=\"aligncenter size-full wp-image-3752\" src=\"http:\/\/blogg.svenskakyrkan.se\/vandravagen\/files\/2015\/10\/DSC_0990.jpg\" alt=\"DSC_0990\" width=\"403\" height=\"640\" srcset=\"https:\/\/blogg.svenskakyrkan.se\/vandravagen\/files\/2015\/10\/DSC_0990.jpg 403w, https:\/\/blogg.svenskakyrkan.se\/vandravagen\/files\/2015\/10\/DSC_0990-300x476.jpg 300w, https:\/\/blogg.svenskakyrkan.se\/vandravagen\/files\/2015\/10\/DSC_0990-189x300.jpg 189w\" sizes=\"auto, (max-width: 403px) 100vw, 403px\" \/><\/a><\/p>\n<p>I centrum har vi f\u00f6rst\u00e5s Jesus, i en &#8221;mandorla&#8221;, en helkroppsgloria. \u00d6ver honom ser vi treenighetssymbolen. Och runt honom&#8230;<\/p>\n<p><a href=\"http:\/\/blogg.svenskakyrkan.se\/vandravagen\/files\/2015\/10\/DSC_0991.jpg\"><img loading=\"lazy\" decoding=\"async\" class=\"aligncenter size-full wp-image-3753\" src=\"http:\/\/blogg.svenskakyrkan.se\/vandravagen\/files\/2015\/10\/DSC_0991.jpg\" alt=\"DSC_0991\" width=\"426\" height=\"640\" srcset=\"https:\/\/blogg.svenskakyrkan.se\/vandravagen\/files\/2015\/10\/DSC_0991.jpg 426w, https:\/\/blogg.svenskakyrkan.se\/vandravagen\/files\/2015\/10\/DSC_0991-300x451.jpg 300w, https:\/\/blogg.svenskakyrkan.se\/vandravagen\/files\/2015\/10\/DSC_0991-200x300.jpg 200w\" sizes=\"auto, (max-width: 426px) 100vw, 426px\" \/><\/a><\/p>\n<p>&#8230;ser vi hur evangeliet spridits. Till v\u00e4nster ser vi en munk som f\u00f6rkunnar vite Krist f\u00f6r nordborna i V\u00e4sterg\u00f6tland.<\/p>\n<p><a href=\"http:\/\/blogg.svenskakyrkan.se\/vandravagen\/files\/2015\/10\/DSC_0992.jpg\"><img loading=\"lazy\" decoding=\"async\" class=\"aligncenter size-full wp-image-3754\" src=\"http:\/\/blogg.svenskakyrkan.se\/vandravagen\/files\/2015\/10\/DSC_0992.jpg\" alt=\"DSC_0992\" width=\"640\" height=\"590\" srcset=\"https:\/\/blogg.svenskakyrkan.se\/vandravagen\/files\/2015\/10\/DSC_0992.jpg 640w, https:\/\/blogg.svenskakyrkan.se\/vandravagen\/files\/2015\/10\/DSC_0992-300x277.jpg 300w, https:\/\/blogg.svenskakyrkan.se\/vandravagen\/files\/2015\/10\/DSC_0992-325x300.jpg 325w\" sizes=\"auto, (max-width: 640px) 100vw, 640px\" \/><\/a><\/p>\n<p>Till h\u00f6ger ser vi Johannes d\u00f6paren peka p\u00e5 Jesus f\u00f6r sina samtida \u00e5h\u00f6rare.<\/p>\n<p>&nbsp;<\/p>\n<p><a href=\"http:\/\/blogg.svenskakyrkan.se\/vandravagen\/files\/2015\/10\/DSC_0994.jpg\"><img loading=\"lazy\" decoding=\"async\" class=\"aligncenter size-full wp-image-3755\" src=\"http:\/\/blogg.svenskakyrkan.se\/vandravagen\/files\/2015\/10\/DSC_0994.jpg\" alt=\"DSC_0994\" width=\"448\" height=\"640\" srcset=\"https:\/\/blogg.svenskakyrkan.se\/vandravagen\/files\/2015\/10\/DSC_0994.jpg 448w, https:\/\/blogg.svenskakyrkan.se\/vandravagen\/files\/2015\/10\/DSC_0994-300x429.jpg 300w, https:\/\/blogg.svenskakyrkan.se\/vandravagen\/files\/2015\/10\/DSC_0994-210x300.jpg 210w\" sizes=\"auto, (max-width: 448px) 100vw, 448px\" \/><\/a><\/p>\n<p>P\u00e5 v\u00e4ggen i kyrkan h\u00e4nger dessa symboler som utgjorde den gamla altaruppsatsen, i mer stram stil med n\u00e5gra f\u00e5 symboler f\u00f6r de eviga tingen. Det var helt klart inte b\u00e4ttre f\u00f6rr. S\u00e5 h\u00e4r s\u00e5g det f\u00f6r \u00f6vrigt ut f\u00f6rr i \u00d6lsremma kyrka d\u00e5 allt detta var p\u00e5 plats:<\/p>\n<p>&nbsp;<\/p>\n<p><a href=\"http:\/\/blogg.svenskakyrkan.se\/vandravagen\/files\/2015\/10\/DSC_1000.jpg\"><img loading=\"lazy\" decoding=\"async\" class=\"aligncenter size-full wp-image-3756\" src=\"http:\/\/blogg.svenskakyrkan.se\/vandravagen\/files\/2015\/10\/DSC_1000.jpg\" alt=\"DSC_1000\" width=\"640\" height=\"507\" srcset=\"https:\/\/blogg.svenskakyrkan.se\/vandravagen\/files\/2015\/10\/DSC_1000.jpg 640w, https:\/\/blogg.svenskakyrkan.se\/vandravagen\/files\/2015\/10\/DSC_1000-300x238.jpg 300w, https:\/\/blogg.svenskakyrkan.se\/vandravagen\/files\/2015\/10\/DSC_1000-379x300.jpg 379w\" sizes=\"auto, (max-width: 640px) 100vw, 640px\" \/><\/a><\/p>\n<p>Dels kan man l\u00e4gga m\u00e4rke till korset men s\u00e5 t\u00e4nker man f\u00f6rst\u00e5s ocks\u00e5 p\u00e5 vedspisen till v\u00e4nster i bild. Det var f\u00f6rst\u00e5s ett stort steg mot b\u00e4ttre komfort att det fanns n\u00e5gon uppv\u00e4rmning alls i kyrkorna. Jag tror att det kom an p\u00e5 klockaren eller s\u00e5 att se till att det var varmt i kyrkan p\u00e5 s\u00f6ndagen. N\u00e5gon fick g\u00e5 upp tidigt och elda. Notera \u00e4ven julgranen.<\/p>\n<p>&nbsp;<\/p>\n<p><a href=\"http:\/\/blogg.svenskakyrkan.se\/vandravagen\/files\/2015\/10\/DSC_0993.jpg\"><img loading=\"lazy\" decoding=\"async\" class=\"aligncenter size-full wp-image-3757\" src=\"http:\/\/blogg.svenskakyrkan.se\/vandravagen\/files\/2015\/10\/DSC_0993.jpg\" alt=\"DSC_0993\" width=\"391\" height=\"640\" srcset=\"https:\/\/blogg.svenskakyrkan.se\/vandravagen\/files\/2015\/10\/DSC_0993.jpg 391w, https:\/\/blogg.svenskakyrkan.se\/vandravagen\/files\/2015\/10\/DSC_0993-300x491.jpg 300w, https:\/\/blogg.svenskakyrkan.se\/vandravagen\/files\/2015\/10\/DSC_0993-183x300.jpg 183w\" sizes=\"auto, (max-width: 391px) 100vw, 391px\" \/><\/a><\/p>\n<p>P\u00e5 altaret ser vi Kristus, v\u00e4rldens konung. I hans korsgloria runt huvudet kan man f\u00e5 en f\u00f6rsmak av Svenska Kyrkans nuvarande grafiska profil&#8230;<\/p>\n<p>&nbsp;<\/p>\n<p><a href=\"http:\/\/blogg.svenskakyrkan.se\/vandravagen\/files\/2015\/10\/DSC_0997.jpg\"><img loading=\"lazy\" decoding=\"async\" class=\"aligncenter size-full wp-image-3758\" src=\"http:\/\/blogg.svenskakyrkan.se\/vandravagen\/files\/2015\/10\/DSC_0997.jpg\" alt=\"DSC_0997\" width=\"640\" height=\"426\" srcset=\"https:\/\/blogg.svenskakyrkan.se\/vandravagen\/files\/2015\/10\/DSC_0997.jpg 640w, https:\/\/blogg.svenskakyrkan.se\/vandravagen\/files\/2015\/10\/DSC_0997-300x200.jpg 300w, https:\/\/blogg.svenskakyrkan.se\/vandravagen\/files\/2015\/10\/DSC_0997-451x300.jpg 451w\" sizes=\"auto, (max-width: 640px) 100vw, 640px\" \/><\/a><\/p>\n<p>I sakristians tak finns det en stor och imponerande (men sv\u00e5rfotograferad) bild av hur Gud skapar Eva fr\u00e5n Adams revben.<\/p>\n<p>&nbsp;<\/p>\n<p><a href=\"http:\/\/blogg.svenskakyrkan.se\/vandravagen\/files\/2015\/10\/DSC_0998.jpg\"><img loading=\"lazy\" decoding=\"async\" class=\"aligncenter size-full wp-image-3759\" src=\"http:\/\/blogg.svenskakyrkan.se\/vandravagen\/files\/2015\/10\/DSC_0998.jpg\" alt=\"DSC_0998\" width=\"527\" height=\"640\" srcset=\"https:\/\/blogg.svenskakyrkan.se\/vandravagen\/files\/2015\/10\/DSC_0998.jpg 527w, https:\/\/blogg.svenskakyrkan.se\/vandravagen\/files\/2015\/10\/DSC_0998-300x364.jpg 300w, https:\/\/blogg.svenskakyrkan.se\/vandravagen\/files\/2015\/10\/DSC_0998-247x300.jpg 247w\" sizes=\"auto, (max-width: 527px) 100vw, 527px\" \/><\/a><\/p>\n<p>P\u00e5 v\u00e4ggen finns denna vackra &#8221;piscina&#8221;, som man kan h\u00e4lla ut dopvatten eller \u00f6verblivet nattvardsvin i s\u00e5 att det hamnar nere i kyrkgrunden. Piscina betyder typ fiskdamm och kan ocks\u00e5 syfta p\u00e5 dopfunten. En kyrkofader har sagt att &#8221;fiskar f\u00f6ds i vattnet och de m\u00e5ste stanna i vattnet f\u00f6r att andas och leva&#8221;. En bra bild om att leva kvar i sina dopl\u00f6ften hela livet. Det kan man t\u00e4nka p\u00e5 n\u00e4r man ser dessa fina fiskar.<\/p>\n<p>&nbsp;<\/p>\n<p><a href=\"http:\/\/blogg.svenskakyrkan.se\/vandravagen\/files\/2015\/10\/DSC_1002.jpg\"><img loading=\"lazy\" decoding=\"async\" class=\"aligncenter size-full wp-image-3760\" src=\"http:\/\/blogg.svenskakyrkan.se\/vandravagen\/files\/2015\/10\/DSC_1002.jpg\" alt=\"DSC_1002\" width=\"640\" height=\"433\" srcset=\"https:\/\/blogg.svenskakyrkan.se\/vandravagen\/files\/2015\/10\/DSC_1002.jpg 640w, https:\/\/blogg.svenskakyrkan.se\/vandravagen\/files\/2015\/10\/DSC_1002-300x203.jpg 300w, https:\/\/blogg.svenskakyrkan.se\/vandravagen\/files\/2015\/10\/DSC_1002-443x300.jpg 443w\" sizes=\"auto, (max-width: 640px) 100vw, 640px\" \/><\/a>Slutligen en exteri\u00f6rbild till. Hoppas vi ses vid tillf\u00e4lle p\u00e5 n\u00e5gon gudstj\u00e4nst h\u00e4r.<\/p>\n<p>&nbsp;<\/p>\n","protected":false},"excerpt":{"rendered":"<p>F\u00f6r f\u00f6rsta g\u00e5ngen \u00e4r det dags att \u00e4gna en fotobloggpost \u00e5t en av kyrkorna i min nya f\u00f6rsamling. N\u00e4mligen den vackra tr\u00e4kyrkan i \u00d6lsremma. F\u00f6rst en st\u00e4mningsbild ovan. P\u00e5 tak\u00e5sen mot \u00f6ster sitter en stilig tupp. Den verkar sitta lite snett men formen \u00e4r det inget fel p\u00e5. Den ser ut att vara i full [&hellip;]<\/p>\n","protected":false},"author":392,"featured_media":0,"comment_status":"open","ping_status":"open","sticky":false,"template":"","format":"standard","meta":{"_acf_changed":false,"footnotes":""},"categories":[56,76189,33574],"tags":[],"class_list":["post-3747","post","type-post","status-publish","format-standard","hentry","category-bilder","category-dagens-kyrka","category-kyrkan"],"acf":[],"yoast_head":"<!-- This site is optimized with the Yoast SEO plugin v27.1.1 - https:\/\/yoast.com\/product\/yoast-seo-wordpress\/ -->\n<title>\u00d6lsremma kyrka i bild - Vandra V\u00e4gen<\/title>\n<meta name=\"robots\" content=\"index, follow, max-snippet:-1, max-image-preview:large, max-video-preview:-1\" \/>\n<link rel=\"canonical\" href=\"https:\/\/blogg.svenskakyrkan.se\/vandravagen\/2015\/10\/15\/olsremma-kyrka-i-bild\/\" \/>\n<meta property=\"og:locale\" content=\"sv_SE\" \/>\n<meta property=\"og:type\" content=\"article\" \/>\n<meta property=\"og:title\" content=\"\u00d6lsremma kyrka i bild - Vandra V\u00e4gen\" \/>\n<meta property=\"og:description\" content=\"F\u00f6r f\u00f6rsta g\u00e5ngen \u00e4r det dags att \u00e4gna en fotobloggpost \u00e5t en av kyrkorna i min nya f\u00f6rsamling. N\u00e4mligen den vackra tr\u00e4kyrkan i \u00d6lsremma. F\u00f6rst en st\u00e4mningsbild ovan. P\u00e5 tak\u00e5sen mot \u00f6ster sitter en stilig tupp. Den verkar sitta lite snett men formen \u00e4r det inget fel p\u00e5. Den ser ut att vara i full [&hellip;]\" \/>\n<meta property=\"og:url\" content=\"https:\/\/blogg.svenskakyrkan.se\/vandravagen\/2015\/10\/15\/olsremma-kyrka-i-bild\/\" \/>\n<meta property=\"og:site_name\" content=\"Vandra V\u00e4gen\" \/>\n<meta property=\"article:publisher\" content=\"http:\/\/facebook.com\/vandravagen\" \/>\n<meta property=\"article:published_time\" content=\"2015-10-15T05:00:15+00:00\" \/>\n<meta property=\"og:image\" content=\"http:\/\/blogg.svenskakyrkan.se\/vandravagen\/files\/2015\/10\/DSC_1017.jpg\" \/>\n<meta name=\"author\" content=\"Tomas Jarvid\" \/>\n<meta name=\"twitter:card\" content=\"summary_large_image\" \/>\n<meta name=\"twitter:creator\" content=\"@fadertomas\" \/>\n<meta name=\"twitter:site\" content=\"@fadertomas\" \/>\n<meta name=\"twitter:label1\" content=\"Skriven av\" \/>\n\t<meta name=\"twitter:data1\" content=\"Tomas Jarvid\" \/>\n\t<meta name=\"twitter:label2\" content=\"Ber\u00e4knad l\u00e4stid\" \/>\n\t<meta name=\"twitter:data2\" content=\"2 minuter\" \/>\n<script type=\"application\/ld+json\" class=\"yoast-schema-graph\">{\"@context\":\"https:\/\/schema.org\",\"@graph\":[{\"@type\":\"Article\",\"@id\":\"https:\/\/blogg.svenskakyrkan.se\/vandravagen\/2015\/10\/15\/olsremma-kyrka-i-bild\/#article\",\"isPartOf\":{\"@id\":\"https:\/\/blogg.svenskakyrkan.se\/vandravagen\/2015\/10\/15\/olsremma-kyrka-i-bild\/\"},\"author\":{\"name\":\"Tomas Jarvid\",\"@id\":\"https:\/\/blogg.svenskakyrkan.se\/vandravagen\/#\/schema\/person\/25da02d4f76b137d04291711e2c9fc16\"},\"headline\":\"\u00d6lsremma kyrka i bild\",\"datePublished\":\"2015-10-15T05:00:15+00:00\",\"mainEntityOfPage\":{\"@id\":\"https:\/\/blogg.svenskakyrkan.se\/vandravagen\/2015\/10\/15\/olsremma-kyrka-i-bild\/\"},\"wordCount\":490,\"commentCount\":4,\"publisher\":{\"@id\":\"https:\/\/blogg.svenskakyrkan.se\/vandravagen\/#organization\"},\"image\":{\"@id\":\"https:\/\/blogg.svenskakyrkan.se\/vandravagen\/2015\/10\/15\/olsremma-kyrka-i-bild\/#primaryimage\"},\"thumbnailUrl\":\"http:\/\/blogg.svenskakyrkan.se\/vandravagen\/files\/2015\/10\/DSC_1017.jpg\",\"articleSection\":[\"bilder\",\"Dagens Kyrka\",\"kyrkan\"],\"inLanguage\":\"sv-SE\",\"potentialAction\":[{\"@type\":\"CommentAction\",\"name\":\"Comment\",\"target\":[\"https:\/\/blogg.svenskakyrkan.se\/vandravagen\/2015\/10\/15\/olsremma-kyrka-i-bild\/#respond\"]}]},{\"@type\":\"WebPage\",\"@id\":\"https:\/\/blogg.svenskakyrkan.se\/vandravagen\/2015\/10\/15\/olsremma-kyrka-i-bild\/\",\"url\":\"https:\/\/blogg.svenskakyrkan.se\/vandravagen\/2015\/10\/15\/olsremma-kyrka-i-bild\/\",\"name\":\"\u00d6lsremma kyrka i bild - Vandra V\u00e4gen\",\"isPartOf\":{\"@id\":\"https:\/\/blogg.svenskakyrkan.se\/vandravagen\/#website\"},\"primaryImageOfPage\":{\"@id\":\"https:\/\/blogg.svenskakyrkan.se\/vandravagen\/2015\/10\/15\/olsremma-kyrka-i-bild\/#primaryimage\"},\"image\":{\"@id\":\"https:\/\/blogg.svenskakyrkan.se\/vandravagen\/2015\/10\/15\/olsremma-kyrka-i-bild\/#primaryimage\"},\"thumbnailUrl\":\"http:\/\/blogg.svenskakyrkan.se\/vandravagen\/files\/2015\/10\/DSC_1017.jpg\",\"datePublished\":\"2015-10-15T05:00:15+00:00\",\"breadcrumb\":{\"@id\":\"https:\/\/blogg.svenskakyrkan.se\/vandravagen\/2015\/10\/15\/olsremma-kyrka-i-bild\/#breadcrumb\"},\"inLanguage\":\"sv-SE\",\"potentialAction\":[{\"@type\":\"ReadAction\",\"target\":[\"https:\/\/blogg.svenskakyrkan.se\/vandravagen\/2015\/10\/15\/olsremma-kyrka-i-bild\/\"]}]},{\"@type\":\"ImageObject\",\"inLanguage\":\"sv-SE\",\"@id\":\"https:\/\/blogg.svenskakyrkan.se\/vandravagen\/2015\/10\/15\/olsremma-kyrka-i-bild\/#primaryimage\",\"url\":\"http:\/\/blogg.svenskakyrkan.se\/vandravagen\/files\/2015\/10\/DSC_1017.jpg\",\"contentUrl\":\"http:\/\/blogg.svenskakyrkan.se\/vandravagen\/files\/2015\/10\/DSC_1017.jpg\"},{\"@type\":\"BreadcrumbList\",\"@id\":\"https:\/\/blogg.svenskakyrkan.se\/vandravagen\/2015\/10\/15\/olsremma-kyrka-i-bild\/#breadcrumb\",\"itemListElement\":[{\"@type\":\"ListItem\",\"position\":1,\"name\":\"Hem\",\"item\":\"https:\/\/blogg.svenskakyrkan.se\/vandravagen\/\"},{\"@type\":\"ListItem\",\"position\":2,\"name\":\"\u00d6lsremma kyrka i bild\"}]},{\"@type\":\"WebSite\",\"@id\":\"https:\/\/blogg.svenskakyrkan.se\/vandravagen\/#website\",\"url\":\"https:\/\/blogg.svenskakyrkan.se\/vandravagen\/\",\"name\":\"Vandra V\u00e4gen\",\"description\":\"-Mot en tro f\u00f6r hela livet\",\"publisher\":{\"@id\":\"https:\/\/blogg.svenskakyrkan.se\/vandravagen\/#organization\"},\"potentialAction\":[{\"@type\":\"SearchAction\",\"target\":{\"@type\":\"EntryPoint\",\"urlTemplate\":\"https:\/\/blogg.svenskakyrkan.se\/vandravagen\/?s={search_term_string}\"},\"query-input\":{\"@type\":\"PropertyValueSpecification\",\"valueRequired\":true,\"valueName\":\"search_term_string\"}}],\"inLanguage\":\"sv-SE\"},{\"@type\":\"Organization\",\"@id\":\"https:\/\/blogg.svenskakyrkan.se\/vandravagen\/#organization\",\"name\":\"ulricehamns pastorat\",\"alternateName\":\"ulricehamns pastorat\",\"url\":\"https:\/\/blogg.svenskakyrkan.se\/vandravagen\/\",\"logo\":{\"@type\":\"ImageObject\",\"inLanguage\":\"sv-SE\",\"@id\":\"https:\/\/blogg.svenskakyrkan.se\/vandravagen\/#\/schema\/logo\/image\/\",\"url\":\"https:\/\/blogg.svenskakyrkan.se\/vandravagen\/files\/2023\/05\/Ulr_logo_RGB.png\",\"contentUrl\":\"https:\/\/blogg.svenskakyrkan.se\/vandravagen\/files\/2023\/05\/Ulr_logo_RGB.png\",\"width\":205,\"height\":77,\"caption\":\"ulricehamns pastorat\"},\"image\":{\"@id\":\"https:\/\/blogg.svenskakyrkan.se\/vandravagen\/#\/schema\/logo\/image\/\"},\"sameAs\":[\"http:\/\/facebook.com\/vandravagen\",\"https:\/\/x.com\/fadertomas\",\"http:\/\/www.facebook.com\/svenskakyrkaniulricehamn\"]},{\"@type\":\"Person\",\"@id\":\"https:\/\/blogg.svenskakyrkan.se\/vandravagen\/#\/schema\/person\/25da02d4f76b137d04291711e2c9fc16\",\"name\":\"Tomas Jarvid\",\"image\":{\"@type\":\"ImageObject\",\"inLanguage\":\"sv-SE\",\"@id\":\"https:\/\/blogg.svenskakyrkan.se\/vandravagen\/#\/schema\/person\/image\/\",\"url\":\"https:\/\/secure.gravatar.com\/avatar\/7fa71899795e8f540f615a1f5ab25255dc27aa40f05ee7ddd21aac521e01bf50?s=96&d=identicon&r=g\",\"contentUrl\":\"https:\/\/secure.gravatar.com\/avatar\/7fa71899795e8f540f615a1f5ab25255dc27aa40f05ee7ddd21aac521e01bf50?s=96&d=identicon&r=g\",\"caption\":\"Tomas Jarvid\"},\"description\":\"Jag bor i Ulricehamn i V\u00e4sterg\u00f6tland och \u00e4r f\u00f6rsamlingspr\u00e4st i Svenska Kyrkan f\u00f6r Dalstorps f\u00f6rsamling i Kinds pastorat. P\u00e5 den h\u00e4r bloggen skriver jag ner tankar om vandringen som kristen.\",\"sameAs\":[\"http:\/\/www.vandravagen.se\"],\"url\":\"https:\/\/blogg.svenskakyrkan.se\/vandravagen\/author\/vandravagen\/\"}]}<\/script>\n<!-- \/ Yoast SEO plugin. -->","yoast_head_json":{"title":"\u00d6lsremma kyrka i bild - Vandra V\u00e4gen","robots":{"index":"index","follow":"follow","max-snippet":"max-snippet:-1","max-image-preview":"max-image-preview:large","max-video-preview":"max-video-preview:-1"},"canonical":"https:\/\/blogg.svenskakyrkan.se\/vandravagen\/2015\/10\/15\/olsremma-kyrka-i-bild\/","og_locale":"sv_SE","og_type":"article","og_title":"\u00d6lsremma kyrka i bild - Vandra V\u00e4gen","og_description":"F\u00f6r f\u00f6rsta g\u00e5ngen \u00e4r det dags att \u00e4gna en fotobloggpost \u00e5t en av kyrkorna i min nya f\u00f6rsamling. N\u00e4mligen den vackra tr\u00e4kyrkan i \u00d6lsremma. F\u00f6rst en st\u00e4mningsbild ovan. P\u00e5 tak\u00e5sen mot \u00f6ster sitter en stilig tupp. Den verkar sitta lite snett men formen \u00e4r det inget fel p\u00e5. Den ser ut att vara i full [&hellip;]","og_url":"https:\/\/blogg.svenskakyrkan.se\/vandravagen\/2015\/10\/15\/olsremma-kyrka-i-bild\/","og_site_name":"Vandra V\u00e4gen","article_publisher":"http:\/\/facebook.com\/vandravagen","article_published_time":"2015-10-15T05:00:15+00:00","og_image":[{"url":"http:\/\/blogg.svenskakyrkan.se\/vandravagen\/files\/2015\/10\/DSC_1017.jpg","type":"","width":"","height":""}],"author":"Tomas Jarvid","twitter_card":"summary_large_image","twitter_creator":"@fadertomas","twitter_site":"@fadertomas","twitter_misc":{"Skriven av":"Tomas Jarvid","Ber\u00e4knad l\u00e4stid":"2 minuter"},"schema":{"@context":"https:\/\/schema.org","@graph":[{"@type":"Article","@id":"https:\/\/blogg.svenskakyrkan.se\/vandravagen\/2015\/10\/15\/olsremma-kyrka-i-bild\/#article","isPartOf":{"@id":"https:\/\/blogg.svenskakyrkan.se\/vandravagen\/2015\/10\/15\/olsremma-kyrka-i-bild\/"},"author":{"name":"Tomas Jarvid","@id":"https:\/\/blogg.svenskakyrkan.se\/vandravagen\/#\/schema\/person\/25da02d4f76b137d04291711e2c9fc16"},"headline":"\u00d6lsremma kyrka i bild","datePublished":"2015-10-15T05:00:15+00:00","mainEntityOfPage":{"@id":"https:\/\/blogg.svenskakyrkan.se\/vandravagen\/2015\/10\/15\/olsremma-kyrka-i-bild\/"},"wordCount":490,"commentCount":4,"publisher":{"@id":"https:\/\/blogg.svenskakyrkan.se\/vandravagen\/#organization"},"image":{"@id":"https:\/\/blogg.svenskakyrkan.se\/vandravagen\/2015\/10\/15\/olsremma-kyrka-i-bild\/#primaryimage"},"thumbnailUrl":"http:\/\/blogg.svenskakyrkan.se\/vandravagen\/files\/2015\/10\/DSC_1017.jpg","articleSection":["bilder","Dagens Kyrka","kyrkan"],"inLanguage":"sv-SE","potentialAction":[{"@type":"CommentAction","name":"Comment","target":["https:\/\/blogg.svenskakyrkan.se\/vandravagen\/2015\/10\/15\/olsremma-kyrka-i-bild\/#respond"]}]},{"@type":"WebPage","@id":"https:\/\/blogg.svenskakyrkan.se\/vandravagen\/2015\/10\/15\/olsremma-kyrka-i-bild\/","url":"https:\/\/blogg.svenskakyrkan.se\/vandravagen\/2015\/10\/15\/olsremma-kyrka-i-bild\/","name":"\u00d6lsremma kyrka i bild - Vandra V\u00e4gen","isPartOf":{"@id":"https:\/\/blogg.svenskakyrkan.se\/vandravagen\/#website"},"primaryImageOfPage":{"@id":"https:\/\/blogg.svenskakyrkan.se\/vandravagen\/2015\/10\/15\/olsremma-kyrka-i-bild\/#primaryimage"},"image":{"@id":"https:\/\/blogg.svenskakyrkan.se\/vandravagen\/2015\/10\/15\/olsremma-kyrka-i-bild\/#primaryimage"},"thumbnailUrl":"http:\/\/blogg.svenskakyrkan.se\/vandravagen\/files\/2015\/10\/DSC_1017.jpg","datePublished":"2015-10-15T05:00:15+00:00","breadcrumb":{"@id":"https:\/\/blogg.svenskakyrkan.se\/vandravagen\/2015\/10\/15\/olsremma-kyrka-i-bild\/#breadcrumb"},"inLanguage":"sv-SE","potentialAction":[{"@type":"ReadAction","target":["https:\/\/blogg.svenskakyrkan.se\/vandravagen\/2015\/10\/15\/olsremma-kyrka-i-bild\/"]}]},{"@type":"ImageObject","inLanguage":"sv-SE","@id":"https:\/\/blogg.svenskakyrkan.se\/vandravagen\/2015\/10\/15\/olsremma-kyrka-i-bild\/#primaryimage","url":"http:\/\/blogg.svenskakyrkan.se\/vandravagen\/files\/2015\/10\/DSC_1017.jpg","contentUrl":"http:\/\/blogg.svenskakyrkan.se\/vandravagen\/files\/2015\/10\/DSC_1017.jpg"},{"@type":"BreadcrumbList","@id":"https:\/\/blogg.svenskakyrkan.se\/vandravagen\/2015\/10\/15\/olsremma-kyrka-i-bild\/#breadcrumb","itemListElement":[{"@type":"ListItem","position":1,"name":"Hem","item":"https:\/\/blogg.svenskakyrkan.se\/vandravagen\/"},{"@type":"ListItem","position":2,"name":"\u00d6lsremma kyrka i bild"}]},{"@type":"WebSite","@id":"https:\/\/blogg.svenskakyrkan.se\/vandravagen\/#website","url":"https:\/\/blogg.svenskakyrkan.se\/vandravagen\/","name":"Vandra V\u00e4gen","description":"-Mot en tro f\u00f6r hela livet","publisher":{"@id":"https:\/\/blogg.svenskakyrkan.se\/vandravagen\/#organization"},"potentialAction":[{"@type":"SearchAction","target":{"@type":"EntryPoint","urlTemplate":"https:\/\/blogg.svenskakyrkan.se\/vandravagen\/?s={search_term_string}"},"query-input":{"@type":"PropertyValueSpecification","valueRequired":true,"valueName":"search_term_string"}}],"inLanguage":"sv-SE"},{"@type":"Organization","@id":"https:\/\/blogg.svenskakyrkan.se\/vandravagen\/#organization","name":"ulricehamns pastorat","alternateName":"ulricehamns pastorat","url":"https:\/\/blogg.svenskakyrkan.se\/vandravagen\/","logo":{"@type":"ImageObject","inLanguage":"sv-SE","@id":"https:\/\/blogg.svenskakyrkan.se\/vandravagen\/#\/schema\/logo\/image\/","url":"https:\/\/blogg.svenskakyrkan.se\/vandravagen\/files\/2023\/05\/Ulr_logo_RGB.png","contentUrl":"https:\/\/blogg.svenskakyrkan.se\/vandravagen\/files\/2023\/05\/Ulr_logo_RGB.png","width":205,"height":77,"caption":"ulricehamns pastorat"},"image":{"@id":"https:\/\/blogg.svenskakyrkan.se\/vandravagen\/#\/schema\/logo\/image\/"},"sameAs":["http:\/\/facebook.com\/vandravagen","https:\/\/x.com\/fadertomas","http:\/\/www.facebook.com\/svenskakyrkaniulricehamn"]},{"@type":"Person","@id":"https:\/\/blogg.svenskakyrkan.se\/vandravagen\/#\/schema\/person\/25da02d4f76b137d04291711e2c9fc16","name":"Tomas Jarvid","image":{"@type":"ImageObject","inLanguage":"sv-SE","@id":"https:\/\/blogg.svenskakyrkan.se\/vandravagen\/#\/schema\/person\/image\/","url":"https:\/\/secure.gravatar.com\/avatar\/7fa71899795e8f540f615a1f5ab25255dc27aa40f05ee7ddd21aac521e01bf50?s=96&d=identicon&r=g","contentUrl":"https:\/\/secure.gravatar.com\/avatar\/7fa71899795e8f540f615a1f5ab25255dc27aa40f05ee7ddd21aac521e01bf50?s=96&d=identicon&r=g","caption":"Tomas Jarvid"},"description":"Jag bor i Ulricehamn i V\u00e4sterg\u00f6tland och \u00e4r f\u00f6rsamlingspr\u00e4st i Svenska Kyrkan f\u00f6r Dalstorps f\u00f6rsamling i Kinds pastorat. P\u00e5 den h\u00e4r bloggen skriver jag ner tankar om vandringen som kristen.","sameAs":["http:\/\/www.vandravagen.se"],"url":"https:\/\/blogg.svenskakyrkan.se\/vandravagen\/author\/vandravagen\/"}]}},"author_meta":{"ID":"392","user_nicename":"vandravagen","user_url":"http:\/\/www.vandravagen.se","user_registered":"2014-05-19 05:44:52","display_name":"Tomas Jarvid","first_name":"Tomas","last_name":"Jarvid","avatar":"https:\/\/secure.gravatar.com\/avatar\/7fa71899795e8f540f615a1f5ab25255dc27aa40f05ee7ddd21aac521e01bf50?s=96&d=identicon&r=g"},"featured_image":false,"bloginfo":{"name":"Vandra V\u00e4gen","url":"https:\/\/blogg.svenskakyrkan.se\/vandravagen"},"_links":{"self":[{"href":"https:\/\/blogg.svenskakyrkan.se\/vandravagen\/wp-json\/wp\/v2\/posts\/3747","targetHints":{"allow":["GET"]}}],"collection":[{"href":"https:\/\/blogg.svenskakyrkan.se\/vandravagen\/wp-json\/wp\/v2\/posts"}],"about":[{"href":"https:\/\/blogg.svenskakyrkan.se\/vandravagen\/wp-json\/wp\/v2\/types\/post"}],"author":[{"embeddable":true,"href":"https:\/\/blogg.svenskakyrkan.se\/vandravagen\/wp-json\/wp\/v2\/users\/392"}],"replies":[{"embeddable":true,"href":"https:\/\/blogg.svenskakyrkan.se\/vandravagen\/wp-json\/wp\/v2\/comments?post=3747"}],"version-history":[{"count":1,"href":"https:\/\/blogg.svenskakyrkan.se\/vandravagen\/wp-json\/wp\/v2\/posts\/3747\/revisions"}],"predecessor-version":[{"id":3761,"href":"https:\/\/blogg.svenskakyrkan.se\/vandravagen\/wp-json\/wp\/v2\/posts\/3747\/revisions\/3761"}],"wp:attachment":[{"href":"https:\/\/blogg.svenskakyrkan.se\/vandravagen\/wp-json\/wp\/v2\/media?parent=3747"}],"wp:term":[{"taxonomy":"category","embeddable":true,"href":"https:\/\/blogg.svenskakyrkan.se\/vandravagen\/wp-json\/wp\/v2\/categories?post=3747"},{"taxonomy":"post_tag","embeddable":true,"href":"https:\/\/blogg.svenskakyrkan.se\/vandravagen\/wp-json\/wp\/v2\/tags?post=3747"}],"curies":[{"name":"wp","href":"https:\/\/api.w.org\/{rel}","templated":true}]}}